{"id":1154,"date":"2014-08-29T00:00:00","date_gmt":"2014-08-28T23:00:00","guid":{"rendered":"https:\/\/www.musikzeitung.ch\/allgemein\/wie-soll-heutige-sakrale-orgelmusik-klingen\/"},"modified":"2014-08-29T00:00:00","modified_gmt":"2014-08-28T23:00:00","slug":"wie-soll-heutige-sakrale-orgelmusik-klingen","status":"publish","type":"post","link":"https:\/\/www.musikzeitung.ch\/en\/anlaesse\/2014\/08\/wie-soll-heutige-sakrale-orgelmusik-klingen","title":{"rendered":"What should sacred organ music sound like today?"},"content":{"rendered":"<figure style=\"width: 1200px\" class=\"wp-caption alignnone\"><img decoding=\"async\" class=\"size-full\" src=\"https:\/\/www.musikzeitung.ch\/wp-content\/uploads\/2023\/01\/ow-3.jpg\" alt=\"\" \/><figcaption class=\"wp-caption-text\">\"The Organ\" in the Northern Irish natural monument \"Giant's Causeway\". Photo: Bildpixel\/pixelio.de<\/figcaption><\/figure>\n<div class='text-section'>\n<p>As the V. International Congress for Church Music 2015 states in its call for entries, recital programs by organists aged 35 and under are required \"that combine creation, interpretation, mediation and research in a new, exemplary way and place contemporary and older music in a meaningful context. The concert should last approximately 50 minutes. The main organ and the wind-dynamic organs of Bern University of the Arts are available as instruments.\"<\/p>\n<p>For the first round, the detailed concert program and a DVD with a short prelude must be submitted by 31 October 2014. Four winners will be selected from the submissions to perform in Bern Minster on March 20, 2015. The winner of this round will open the V International Church Music Congress with a concert in Bern Minster on October 21, 2015.<\/p>\n<p>Further information: <br \/> <a href='http:\/\/www.kirchenmusikkongress.ch'>www.kirchenmusikkongress.ch<\/a><br \/> \u00a0<\/p>\n<\/div>","protected":false},"excerpt":{"rendered":"<p><strong>As part of the V. International Congress for Church Music Bern 2015, the question of contemporary organ concerts will be posed in an organ competition. The closing date for entries is October 31.<\/strong><\/p>","protected":false},"author":1,"featured_media":1155,"comment_status":"open","ping_status":"open","sticky":false,"template":"","format":"standard","meta":{"_acf_changed":false,"_relevanssi_hide_post":"","_relevanssi_hide_content":"","_relevanssi_pin_for_all":"","_relevanssi_pin_keywords":"","_relevanssi_unpin_keywords":"","_relevanssi_related_keywords":"","_relevanssi_related_include_ids":"","_relevanssi_related_exclude_ids":"","_relevanssi_related_no_append":"","_relevanssi_related_not_related":"","_relevanssi_related_posts":"","_relevanssi_noindex_reason":"","pgc_sgb_lightbox_settings":"","footnotes":""},"categories":[2,57],"tags":[],"class_list":["post-1154","post","type-post","status-publish","format-standard","has-post-thumbnail","hentry","category-anlaesse","category-klassik"],"acf":[],"yoast_head":"<!-- This site is optimized with the Yoast SEO plugin v27.4 - https:\/\/yoast.com\/product\/yoast-seo-wordpress\/ -->\n<title>Wie soll heutige sakrale Orgelmusik klingen? - Schweizer Musikzeitung<\/title>\n<meta name=\"robots\" content=\"index, follow, max-snippet:-1, max-image-preview:large, max-video-preview:-1\" \/>\n<link rel=\"canonical\" href=\"https:\/\/www.musikzeitung.ch\/en\/anlaesse\/2014\/08\/wie-soll-heutige-sakrale-orgelmusik-klingen\/\" \/>\n<meta property=\"og:locale\" content=\"en_US\" \/>\n<meta property=\"og:type\" content=\"article\" \/>\n<meta property=\"og:title\" content=\"Wie soll heutige sakrale Orgelmusik klingen? - Schweizer Musikzeitung\" \/>\n<meta property=\"og:description\" content=\"Im Rahmen des V. Internationalen Kongresses f\u00fcr Kirchenmusik Bern 2015 wird in einem Orgelwettbewerb die Frage nach zeitgem\u00e4ssen Orgelkonzerten gestellt. Anmeldeschluss ist am 31. Oktober.\" \/>\n<meta property=\"og:url\" content=\"https:\/\/www.musikzeitung.ch\/en\/anlaesse\/2014\/08\/wie-soll-heutige-sakrale-orgelmusik-klingen\/\" \/>\n<meta property=\"og:site_name\" content=\"Schweizer Musikzeitung\" \/>\n<meta property=\"article:publisher\" content=\"https:\/\/www.facebook.com\/SchweizerMusikzeitung\/\" \/>\n<meta property=\"article:published_time\" content=\"2014-08-28T23:00:00+00:00\" \/>\n<meta property=\"og:image\" content=\"https:\/\/www.musikzeitung.ch\/wp-content\/uploads\/2023\/01\/ow-3.jpg\" \/>\n\t<meta property=\"og:image:width\" content=\"554\" \/>\n\t<meta property=\"og:image:height\" content=\"370\" \/>\n\t<meta property=\"og:image:type\" content=\"image\/jpeg\" \/>\n<meta name=\"author\" content=\"Musikzeitung-Redaktion\" \/>\n<meta name=\"twitter:card\" content=\"summary_large_image\" \/>\n<meta name=\"twitter:creator\" content=\"@smusikzeitung\" \/>\n<meta name=\"twitter:site\" content=\"@smusikzeitung\" \/>\n<meta name=\"twitter:label1\" content=\"Written by\" \/>\n\t<meta name=\"twitter:data1\" content=\"Musikzeitung-Redaktion\" \/>\n\t<meta name=\"twitter:label2\" content=\"Est. reading time\" \/>\n\t<meta name=\"twitter:data2\" content=\"1 minute\" \/>\n<script type=\"application\/ld+json\" class=\"yoast-schema-graph\">{\"@context\":\"https:\\\/\\\/schema.org\",\"@graph\":[{\"@type\":\"Article\",\"@id\":\"https:\\\/\\\/www.musikzeitung.ch\\\/anlaesse\\\/2014\\\/08\\\/wie-soll-heutige-sakrale-orgelmusik-klingen#article\",\"isPartOf\":{\"@id\":\"https:\\\/\\\/www.musikzeitung.ch\\\/anlaesse\\\/2014\\\/08\\\/wie-soll-heutige-sakrale-orgelmusik-klingen\"},\"author\":{\"name\":\"Musikzeitung-Redaktion\",\"@id\":\"https:\\\/\\\/www.musikzeitung.ch\\\/#\\\/schema\\\/person\\\/b2fd892c800856270b9dcc6001265712\"},\"headline\":\"Wie soll heutige sakrale Orgelmusik klingen?\",\"datePublished\":\"2014-08-28T23:00:00+00:00\",\"mainEntityOfPage\":{\"@id\":\"https:\\\/\\\/www.musikzeitung.ch\\\/anlaesse\\\/2014\\\/08\\\/wie-soll-heutige-sakrale-orgelmusik-klingen\"},\"wordCount\":161,\"commentCount\":0,\"publisher\":{\"@id\":\"https:\\\/\\\/www.musikzeitung.ch\\\/#organization\"},\"image\":{\"@id\":\"https:\\\/\\\/www.musikzeitung.ch\\\/anlaesse\\\/2014\\\/08\\\/wie-soll-heutige-sakrale-orgelmusik-klingen#primaryimage\"},\"thumbnailUrl\":\"https:\\\/\\\/www.musikzeitung.ch\\\/wp-content\\\/uploads\\\/2023\\\/01\\\/ow-3.jpg\",\"articleSection\":[\"Anl\u00e4sse\",\"Klassik\"],\"inLanguage\":\"en-US\"},{\"@type\":\"WebPage\",\"@id\":\"https:\\\/\\\/www.musikzeitung.ch\\\/anlaesse\\\/2014\\\/08\\\/wie-soll-heutige-sakrale-orgelmusik-klingen\",\"url\":\"https:\\\/\\\/www.musikzeitung.ch\\\/anlaesse\\\/2014\\\/08\\\/wie-soll-heutige-sakrale-orgelmusik-klingen\",\"name\":\"Wie soll heutige sakrale Orgelmusik klingen? - Schweizer Musikzeitung\",\"isPartOf\":{\"@id\":\"https:\\\/\\\/www.musikzeitung.ch\\\/#website\"},\"primaryImageOfPage\":{\"@id\":\"https:\\\/\\\/www.musikzeitung.ch\\\/anlaesse\\\/2014\\\/08\\\/wie-soll-heutige-sakrale-orgelmusik-klingen#primaryimage\"},\"image\":{\"@id\":\"https:\\\/\\\/www.musikzeitung.ch\\\/anlaesse\\\/2014\\\/08\\\/wie-soll-heutige-sakrale-orgelmusik-klingen#primaryimage\"},\"thumbnailUrl\":\"https:\\\/\\\/www.musikzeitung.ch\\\/wp-content\\\/uploads\\\/2023\\\/01\\\/ow-3.jpg\",\"datePublished\":\"2014-08-28T23:00:00+00:00\",\"breadcrumb\":{\"@id\":\"https:\\\/\\\/www.musikzeitung.ch\\\/anlaesse\\\/2014\\\/08\\\/wie-soll-heutige-sakrale-orgelmusik-klingen#breadcrumb\"},\"inLanguage\":\"en-US\",\"potentialAction\":[{\"@type\":\"ReadAction\",\"target\":[\"https:\\\/\\\/www.musikzeitung.ch\\\/anlaesse\\\/2014\\\/08\\\/wie-soll-heutige-sakrale-orgelmusik-klingen\"]}]},{\"@type\":\"ImageObject\",\"inLanguage\":\"en-US\",\"@id\":\"https:\\\/\\\/www.musikzeitung.ch\\\/anlaesse\\\/2014\\\/08\\\/wie-soll-heutige-sakrale-orgelmusik-klingen#primaryimage\",\"url\":\"https:\\\/\\\/www.musikzeitung.ch\\\/wp-content\\\/uploads\\\/2023\\\/01\\\/ow-3.jpg\",\"contentUrl\":\"https:\\\/\\\/www.musikzeitung.ch\\\/wp-content\\\/uploads\\\/2023\\\/01\\\/ow-3.jpg\",\"width\":554,\"height\":370},{\"@type\":\"BreadcrumbList\",\"@id\":\"https:\\\/\\\/www.musikzeitung.ch\\\/anlaesse\\\/2014\\\/08\\\/wie-soll-heutige-sakrale-orgelmusik-klingen#breadcrumb\",\"itemListElement\":[{\"@type\":\"ListItem\",\"position\":1,\"name\":\"Home\",\"item\":\"https:\\\/\\\/www.musikzeitung.ch\\\/\"},{\"@type\":\"ListItem\",\"position\":2,\"name\":\"Wie soll heutige sakrale Orgelmusik klingen?\"}]},{\"@type\":\"WebSite\",\"@id\":\"https:\\\/\\\/www.musikzeitung.ch\\\/#website\",\"url\":\"https:\\\/\\\/www.musikzeitung.ch\\\/\",\"name\":\"Schweizer Musikzeitung\",\"description\":\"Die f\u00fchrende sparten\u00fcbergreifende Monatszeitung in der Schweiz f\u00fcr musikalische Fragen.\",\"publisher\":{\"@id\":\"https:\\\/\\\/www.musikzeitung.ch\\\/#organization\"},\"potentialAction\":[{\"@type\":\"SearchAction\",\"target\":{\"@type\":\"EntryPoint\",\"urlTemplate\":\"https:\\\/\\\/www.musikzeitung.ch\\\/?s={search_term_string}\"},\"query-input\":{\"@type\":\"PropertyValueSpecification\",\"valueRequired\":true,\"valueName\":\"search_term_string\"}}],\"inLanguage\":\"en-US\"},{\"@type\":\"Organization\",\"@id\":\"https:\\\/\\\/www.musikzeitung.ch\\\/#organization\",\"name\":\"Schweizer Musikzeitung\",\"url\":\"https:\\\/\\\/www.musikzeitung.ch\\\/\",\"logo\":{\"@type\":\"ImageObject\",\"inLanguage\":\"en-US\",\"@id\":\"https:\\\/\\\/www.musikzeitung.ch\\\/#\\\/schema\\\/logo\\\/image\\\/\",\"url\":\"https:\\\/\\\/www.musikzeitung.ch\\\/wp-content\\\/uploads\\\/2023\\\/01\\\/SMZ_Schriftzug_Sprache.png\",\"contentUrl\":\"https:\\\/\\\/www.musikzeitung.ch\\\/wp-content\\\/uploads\\\/2023\\\/01\\\/SMZ_Schriftzug_Sprache.png\",\"width\":1400,\"height\":279,\"caption\":\"Schweizer Musikzeitung\"},\"image\":{\"@id\":\"https:\\\/\\\/www.musikzeitung.ch\\\/#\\\/schema\\\/logo\\\/image\\\/\"},\"sameAs\":[\"https:\\\/\\\/www.facebook.com\\\/SchweizerMusikzeitung\\\/\",\"https:\\\/\\\/x.com\\\/smusikzeitung\",\"https:\\\/\\\/www.instagram.com\\\/musikzeitung.ch\\\/\"]},{\"@type\":\"Person\",\"@id\":\"https:\\\/\\\/www.musikzeitung.ch\\\/#\\\/schema\\\/person\\\/b2fd892c800856270b9dcc6001265712\",\"name\":\"Musikzeitung-Redaktion\",\"image\":{\"@type\":\"ImageObject\",\"inLanguage\":\"en-US\",\"@id\":\"https:\\\/\\\/www.musikzeitung.ch\\\/wp-content\\\/uploads\\\/2022\\\/05\\\/usericon_musikzeitung-96x96.jpg\",\"url\":\"https:\\\/\\\/www.musikzeitung.ch\\\/wp-content\\\/uploads\\\/2022\\\/05\\\/usericon_musikzeitung-96x96.jpg\",\"contentUrl\":\"https:\\\/\\\/www.musikzeitung.ch\\\/wp-content\\\/uploads\\\/2022\\\/05\\\/usericon_musikzeitung-96x96.jpg\",\"caption\":\"Musikzeitung-Redaktion\"},\"url\":\"https:\\\/\\\/www.musikzeitung.ch\\\/en\\\/author\\\/admin\"}]}<\/script>\n<!-- \/ Yoast SEO plugin. -->","yoast_head_json":{"title":"Wie soll heutige sakrale Orgelmusik klingen? - Schweizer Musikzeitung","robots":{"index":"index","follow":"follow","max-snippet":"max-snippet:-1","max-image-preview":"max-image-preview:large","max-video-preview":"max-video-preview:-1"},"canonical":"https:\/\/www.musikzeitung.ch\/en\/anlaesse\/2014\/08\/wie-soll-heutige-sakrale-orgelmusik-klingen\/","og_locale":"en_US","og_type":"article","og_title":"Wie soll heutige sakrale Orgelmusik klingen? - Schweizer Musikzeitung","og_description":"Im Rahmen des V. Internationalen Kongresses f\u00fcr Kirchenmusik Bern 2015 wird in einem Orgelwettbewerb die Frage nach zeitgem\u00e4ssen Orgelkonzerten gestellt. Anmeldeschluss ist am 31. Oktober.","og_url":"https:\/\/www.musikzeitung.ch\/en\/anlaesse\/2014\/08\/wie-soll-heutige-sakrale-orgelmusik-klingen\/","og_site_name":"Schweizer Musikzeitung","article_publisher":"https:\/\/www.facebook.com\/SchweizerMusikzeitung\/","article_published_time":"2014-08-28T23:00:00+00:00","og_image":[{"width":554,"height":370,"url":"https:\/\/www.musikzeitung.ch\/wp-content\/uploads\/2023\/01\/ow-3.jpg","type":"image\/jpeg"}],"author":"Musikzeitung-Redaktion","twitter_card":"summary_large_image","twitter_creator":"@smusikzeitung","twitter_site":"@smusikzeitung","twitter_misc":{"Written by":"Musikzeitung-Redaktion","Est. reading time":"1 minute"},"schema":{"@context":"https:\/\/schema.org","@graph":[{"@type":"Article","@id":"https:\/\/www.musikzeitung.ch\/anlaesse\/2014\/08\/wie-soll-heutige-sakrale-orgelmusik-klingen#article","isPartOf":{"@id":"https:\/\/www.musikzeitung.ch\/anlaesse\/2014\/08\/wie-soll-heutige-sakrale-orgelmusik-klingen"},"author":{"name":"Musikzeitung-Redaktion","@id":"https:\/\/www.musikzeitung.ch\/#\/schema\/person\/b2fd892c800856270b9dcc6001265712"},"headline":"Wie soll heutige sakrale Orgelmusik klingen?","datePublished":"2014-08-28T23:00:00+00:00","mainEntityOfPage":{"@id":"https:\/\/www.musikzeitung.ch\/anlaesse\/2014\/08\/wie-soll-heutige-sakrale-orgelmusik-klingen"},"wordCount":161,"commentCount":0,"publisher":{"@id":"https:\/\/www.musikzeitung.ch\/#organization"},"image":{"@id":"https:\/\/www.musikzeitung.ch\/anlaesse\/2014\/08\/wie-soll-heutige-sakrale-orgelmusik-klingen#primaryimage"},"thumbnailUrl":"https:\/\/www.musikzeitung.ch\/wp-content\/uploads\/2023\/01\/ow-3.jpg","articleSection":["Anl\u00e4sse","Klassik"],"inLanguage":"en-US"},{"@type":"WebPage","@id":"https:\/\/www.musikzeitung.ch\/anlaesse\/2014\/08\/wie-soll-heutige-sakrale-orgelmusik-klingen","url":"https:\/\/www.musikzeitung.ch\/anlaesse\/2014\/08\/wie-soll-heutige-sakrale-orgelmusik-klingen","name":"Wie soll heutige sakrale Orgelmusik klingen? - Schweizer Musikzeitung","isPartOf":{"@id":"https:\/\/www.musikzeitung.ch\/#website"},"primaryImageOfPage":{"@id":"https:\/\/www.musikzeitung.ch\/anlaesse\/2014\/08\/wie-soll-heutige-sakrale-orgelmusik-klingen#primaryimage"},"image":{"@id":"https:\/\/www.musikzeitung.ch\/anlaesse\/2014\/08\/wie-soll-heutige-sakrale-orgelmusik-klingen#primaryimage"},"thumbnailUrl":"https:\/\/www.musikzeitung.ch\/wp-content\/uploads\/2023\/01\/ow-3.jpg","datePublished":"2014-08-28T23:00:00+00:00","breadcrumb":{"@id":"https:\/\/www.musikzeitung.ch\/anlaesse\/2014\/08\/wie-soll-heutige-sakrale-orgelmusik-klingen#breadcrumb"},"inLanguage":"en-US","potentialAction":[{"@type":"ReadAction","target":["https:\/\/www.musikzeitung.ch\/anlaesse\/2014\/08\/wie-soll-heutige-sakrale-orgelmusik-klingen"]}]},{"@type":"ImageObject","inLanguage":"en-US","@id":"https:\/\/www.musikzeitung.ch\/anlaesse\/2014\/08\/wie-soll-heutige-sakrale-orgelmusik-klingen#primaryimage","url":"https:\/\/www.musikzeitung.ch\/wp-content\/uploads\/2023\/01\/ow-3.jpg","contentUrl":"https:\/\/www.musikzeitung.ch\/wp-content\/uploads\/2023\/01\/ow-3.jpg","width":554,"height":370},{"@type":"BreadcrumbList","@id":"https:\/\/www.musikzeitung.ch\/anlaesse\/2014\/08\/wie-soll-heutige-sakrale-orgelmusik-klingen#breadcrumb","itemListElement":[{"@type":"ListItem","position":1,"name":"Home","item":"https:\/\/www.musikzeitung.ch\/"},{"@type":"ListItem","position":2,"name":"Wie soll heutige sakrale Orgelmusik klingen?"}]},{"@type":"WebSite","@id":"https:\/\/www.musikzeitung.ch\/#website","url":"https:\/\/www.musikzeitung.ch\/","name":"Swiss Music Newspaper","description":"The leading interdisciplinary monthly newspaper in Switzerland for musical issues.","publisher":{"@id":"https:\/\/www.musikzeitung.ch\/#organization"},"potentialAction":[{"@type":"SearchAction","target":{"@type":"EntryPoint","urlTemplate":"https:\/\/www.musikzeitung.ch\/?s={search_term_string}"},"query-input":{"@type":"PropertyValueSpecification","valueRequired":true,"valueName":"search_term_string"}}],"inLanguage":"en-US"},{"@type":"Organization","@id":"https:\/\/www.musikzeitung.ch\/#organization","name":"Swiss Music Newspaper","url":"https:\/\/www.musikzeitung.ch\/","logo":{"@type":"ImageObject","inLanguage":"en-US","@id":"https:\/\/www.musikzeitung.ch\/#\/schema\/logo\/image\/","url":"https:\/\/www.musikzeitung.ch\/wp-content\/uploads\/2023\/01\/SMZ_Schriftzug_Sprache.png","contentUrl":"https:\/\/www.musikzeitung.ch\/wp-content\/uploads\/2023\/01\/SMZ_Schriftzug_Sprache.png","width":1400,"height":279,"caption":"Schweizer Musikzeitung"},"image":{"@id":"https:\/\/www.musikzeitung.ch\/#\/schema\/logo\/image\/"},"sameAs":["https:\/\/www.facebook.com\/SchweizerMusikzeitung\/","https:\/\/x.com\/smusikzeitung","https:\/\/www.instagram.com\/musikzeitung.ch\/"]},{"@type":"Person","@id":"https:\/\/www.musikzeitung.ch\/#\/schema\/person\/b2fd892c800856270b9dcc6001265712","name":"Music newspaper editorial office","image":{"@type":"ImageObject","inLanguage":"en-US","@id":"https:\/\/www.musikzeitung.ch\/wp-content\/uploads\/2022\/05\/usericon_musikzeitung-96x96.jpg","url":"https:\/\/www.musikzeitung.ch\/wp-content\/uploads\/2022\/05\/usericon_musikzeitung-96x96.jpg","contentUrl":"https:\/\/www.musikzeitung.ch\/wp-content\/uploads\/2022\/05\/usericon_musikzeitung-96x96.jpg","caption":"Musikzeitung-Redaktion"},"url":"https:\/\/www.musikzeitung.ch\/en\/author\/admin"}]}},"publishpress_future_workflow_manual_trigger":{"enabledWorkflows":[]},"_links":{"self":[{"href":"https:\/\/www.musikzeitung.ch\/en\/wp-json\/wp\/v2\/posts\/1154","targetHints":{"allow":["GET"]}}],"collection":[{"href":"https:\/\/www.musikzeitung.ch\/en\/wp-json\/wp\/v2\/posts"}],"about":[{"href":"https:\/\/www.musikzeitung.ch\/en\/wp-json\/wp\/v2\/types\/post"}],"author":[{"embeddable":true,"href":"https:\/\/www.musikzeitung.ch\/en\/wp-json\/wp\/v2\/users\/1"}],"replies":[{"embeddable":true,"href":"https:\/\/www.musikzeitung.ch\/en\/wp-json\/wp\/v2\/comments?post=1154"}],"version-history":[{"count":0,"href":"https:\/\/www.musikzeitung.ch\/en\/wp-json\/wp\/v2\/posts\/1154\/revisions"}],"wp:featuredmedia":[{"embeddable":true,"href":"https:\/\/www.musikzeitung.ch\/en\/wp-json\/wp\/v2\/media\/1155"}],"wp:attachment":[{"href":"https:\/\/www.musikzeitung.ch\/en\/wp-json\/wp\/v2\/media?parent=1154"}],"wp:term":[{"taxonomy":"category","embeddable":true,"href":"https:\/\/www.musikzeitung.ch\/en\/wp-json\/wp\/v2\/categories?post=1154"},{"taxonomy":"post_tag","embeddable":true,"href":"https:\/\/www.musikzeitung.ch\/en\/wp-json\/wp\/v2\/tags?post=1154"}],"curies":[{"name":"wp","href":"https:\/\/api.w.org\/{rel}","templated":true}]}}