{"id":11543,"date":"2017-10-22T00:00:00","date_gmt":"2017-10-21T23:00:00","guid":{"rendered":"https:\/\/www.musikzeitung.ch\/allgemein\/research-at-the-geneva-university-of-music\/"},"modified":"2023-01-16T14:56:40","modified_gmt":"2023-01-16T13:56:40","slug":"research-at-the-geneva-university-of-music","status":"publish","type":"post","link":"https:\/\/www.musikzeitung.ch\/en\/basis\/2017\/10\/research-at-the-geneva-university-of-music","title":{"rendered":"Research at the Geneva University of Music"},"content":{"rendered":"<img decoding=\"async\" class=\"size-full\" src=\"https:\/\/www.musikzeitung.ch\/wp-content\/uploads\/2023\/01\/Logo_KMHS-1.jpg\" alt=\"\" \/>\n<div class='text-section'>\n<p><i><font style='vertical-align: inherit;'><font style='vertical-align: inherit;'>Matthias von Orelli -<\/font><\/font><\/i><font style='vertical-align: inherit;'><font style='vertical-align: inherit;'> R\u00e9my Campos has been research coordinator at the Geneva University of Music since 2003. His research has focused on the rediscovery of ancient music, on conservatories and on questions of historiography. <\/font><font style='vertical-align: inherit;'>He is currently working on the history of musical practices in the 19th and 20th centuries.<\/font><\/font><\/p>\n<p><strong><i><font style='vertical-align: inherit;'><font style='vertical-align: inherit;'>R\u00e9my Campos, in a few words, how would you describe the history of research at the HEM?<\/font><\/font><\/i><\/strong><\/p>\n<p><font style='vertical-align: inherit;'><font style='vertical-align: inherit;'>The Geneva research unit was founded 15 years ago, and it was really modest at the time: the team was only employed part-time. <\/font><font style='vertical-align: inherit;'>Today, our budget exceeds one million Swiss francs, which is an impressive development in 15 years. <\/font><font style='vertical-align: inherit;'>With the completion of numerous projects and the conclusion of partnerships, research at the HEM has evolved to become a center of expertise.<\/font><\/font><\/p>\n<p><strong><i>According to you, what are the main missions of research in Geneva, and what are the current research topics?<\/i><\/strong><\/p>\n<p>Since its inception, Geneva has focused on applied research projects on a wide range of artistic practice areas: new creation and new technologies, historical interpretation, art and science, intercultural dialogue and musical education.<\/p>\n<p>The research projects are launched by professors who teach in Geneva and Neuch\u00e2tel, so the field is very broad. In addition, experience within the school, particularly in contemporary and ancient music, also plays an essential role.<\/p>\n<p>The intense activity in the field of research also goes far beyond the HEM. The other schools in the field of music and visual arts - the Lausanne School of Music (HEMU) and La Manufacture \u00e0 Lausanne - joined forces a few years ago to create a research institute (IRMAS).<\/p>\n<p><strong><i>Quelles sont vos responsabilit\u00e9s ?<\/i><\/strong><\/p>\n<p>I have two jobs: I am research coordinator at the Geneva School of Music and in this capacity I take care of all the requests concerning the research unit. This includes the conception and dissemination of projects as well as the realization of documentaries, the publication of books, CDs and DVDs for the general public.<\/p>\n<p>I am also responsible for IRMAS. The Institut de recherche Musique et Arts de la Sc\u00e8ne regroupe les trois \u00e9coles du domaine. Its aim is to promote the quality of research and development activities by encouraging exchanges between the researchers it hosts and increasing the visibility of research projects among specialists and the general public alike. The Institute also ensures the evaluation of research projects in the field of music and performing arts.<\/p>\n<p><strong><i>In your opinion, what is the greatest success of research at the HEM?<\/i><\/strong><\/p>\n<p>I think that we have come a long way with limited resources, as our history also shows. We are now producing high-quality professional work. Many people have contributed individually to the success of each project.<\/p>\n<p><strong><i>Quelle est l'importance de la recherche \u00e0 la HEM pour vous ?<\/i><\/strong><\/p>\n<p>I think that the introduction of research a few years ago was a minor revolution in the world of art schools. Although it was initially perceived as an exception to the usual artistic activities, it is now accepted that it brings a lot to schools in all kinds of fields.<\/p>\n<p><strong><i>Y a-t-il des diff\u00e9rences entre la musicologie classique et la recherche dans une haute \u00e9cole de musique ?<\/i><\/strong><\/p>\n<p>From the outset, we have sought to conduct musical research that complements what musicology has been doing for a long time. In addition, we are working on very specific projects that focus mainly on practical issues. However, collaboration with musicology is essential for us. The research practiced in the high schools is also different because it is not limited to written publications. CDs, DVDs and radio broadcasts do justice to projects that put practice first.<\/p>\n<p><strong><i>What is the potential for you of a close relationship between research and practice?<\/i><\/strong><\/p>\n<p>Well, we are a professional institute that is involved in various projects and everyone works within the framework of their specialty. Some of our assistants studied at the HEM and are thus integrated into a professional environment.<\/p>\n<p><strong><i>Do you think there are still things to be done in the field of research at the HEM?<\/i><\/strong><\/p>\n<p>Of course! Concerning the HEM, I can say that many teachers and students have participated in the research over the last 15 years, but many have not (yet) done so.<\/p>\n<p><strong><i>Vous multipliez les coop\u00e9rations...<\/i><\/strong><\/p>\n<p>Yes, absolutely, and on all continents. We have strong ties to Japan and China, not to mention projects with artists, some of whom are first-rate personalities, and with schools in India, Canada and the Latin America. And, of course, throughout Switzerland.<\/p>\n<p><font style='vertical-align: inherit;'><font style='vertical-align: inherit;'>We are currently conducting a major survey of our former students to determine the impact of their training on their professional environment. <\/font><font style='vertical-align: inherit;'>This work, seems to me, a good example of what research can bring to a high school: a better knowledge of the professional environment with tools different from those used by artists in their daily work.<\/font><\/font><\/p>\n<\/div>","protected":false},"excerpt":{"rendered":"<p><strong><font style='vertical-align: inherit;'><font style='vertical-align: inherit;'>This edition aims to provide regular information on the research activities of the various universities of music. <\/font><font style='vertical-align: inherit;'>It gives a vision of the different universities, but also a global vision of research in general. <\/font><font style='vertical-align: inherit;'>R\u00e9my Campos, from the HEM, presents the research in Geneva to us.<\/font><\/font><\/strong><\/p>","protected":false},"author":1,"featured_media":10445,"comment_status":"open","ping_status":"open","sticky":false,"template":"","format":"standard","meta":{"_acf_changed":false,"_relevanssi_hide_post":"","_relevanssi_hide_content":"","_relevanssi_pin_for_all":"","_relevanssi_pin_keywords":"","_relevanssi_unpin_keywords":"","_relevanssi_related_keywords":"","_relevanssi_related_include_ids":"","_relevanssi_related_exclude_ids":"","_relevanssi_related_no_append":"","_relevanssi_related_not_related":"","_relevanssi_related_posts":"","_relevanssi_noindex_reason":"","pgc_sgb_lightbox_settings":"","footnotes":""},"categories":[31,1563],"tags":[],"class_list":["post-11543","post","type-post","status-publish","format-standard","has-post-thumbnail","hentry","category-basis","category-chems"],"acf":[],"yoast_head":"<!-- This site is optimized with the Yoast SEO plugin v27.4 - https:\/\/yoast.com\/product\/yoast-seo-wordpress\/ -->\n<title>Research at the Geneva University of Music - Schweizer Musikzeitung<\/title>\n<meta name=\"robots\" content=\"index, follow, max-snippet:-1, max-image-preview:large, max-video-preview:-1\" \/>\n<link rel=\"canonical\" href=\"https:\/\/www.musikzeitung.ch\/en\/basis\/2017\/10\/research-at-the-geneva-university-of-music\/\" \/>\n<meta property=\"og:locale\" content=\"en_US\" \/>\n<meta property=\"og:type\" content=\"article\" \/>\n<meta property=\"og:title\" content=\"Research at the Geneva University of Music - Schweizer Musikzeitung\" \/>\n<meta property=\"og:description\" content=\"This edition aims to provide regular information on the research activities of the various universities of music. It gives a vision of the different universities, but also a global vision of research in general. R\u00e9my Campos, from the HEM, presents the research in Geneva to us.\" \/>\n<meta property=\"og:url\" content=\"https:\/\/www.musikzeitung.ch\/en\/basis\/2017\/10\/research-at-the-geneva-university-of-music\/\" \/>\n<meta property=\"og:site_name\" content=\"Schweizer Musikzeitung\" \/>\n<meta property=\"article:publisher\" content=\"https:\/\/www.facebook.com\/SchweizerMusikzeitung\/\" \/>\n<meta property=\"article:published_time\" content=\"2017-10-21T23:00:00+00:00\" \/>\n<meta property=\"article:modified_time\" content=\"2023-01-16T13:56:40+00:00\" \/>\n<meta property=\"og:image\" content=\"https:\/\/www.musikzeitung.ch\/wp-content\/uploads\/2023\/01\/Logo_KMHS-1.jpg\" \/>\n\t<meta property=\"og:image:width\" content=\"554\" \/>\n\t<meta property=\"og:image:height\" content=\"298\" \/>\n\t<meta property=\"og:image:type\" content=\"image\/jpeg\" \/>\n<meta name=\"author\" content=\"Musikzeitung-Redaktion\" \/>\n<meta name=\"twitter:card\" content=\"summary_large_image\" \/>\n<meta name=\"twitter:creator\" content=\"@smusikzeitung\" \/>\n<meta name=\"twitter:site\" content=\"@smusikzeitung\" \/>\n<meta name=\"twitter:label1\" content=\"Written by\" \/>\n\t<meta name=\"twitter:data1\" content=\"Musikzeitung-Redaktion\" \/>\n\t<meta name=\"twitter:label2\" content=\"Est. reading time\" \/>\n\t<meta name=\"twitter:data2\" content=\"5 minutes\" \/>\n<script type=\"application\/ld+json\" class=\"yoast-schema-graph\">{\"@context\":\"https:\\\/\\\/schema.org\",\"@graph\":[{\"@type\":\"Article\",\"@id\":\"https:\\\/\\\/www.musikzeitung.ch\\\/basis\\\/2017\\\/10\\\/research-at-the-geneva-university-of-music#article\",\"isPartOf\":{\"@id\":\"https:\\\/\\\/www.musikzeitung.ch\\\/basis\\\/2017\\\/10\\\/research-at-the-geneva-university-of-music\"},\"author\":{\"name\":\"Musikzeitung-Redaktion\",\"@id\":\"https:\\\/\\\/www.musikzeitung.ch\\\/#\\\/schema\\\/person\\\/b2fd892c800856270b9dcc6001265712\"},\"headline\":\"Research at the Geneva University of Music\",\"datePublished\":\"2017-10-21T23:00:00+00:00\",\"dateModified\":\"2023-01-16T13:56:40+00:00\",\"mainEntityOfPage\":{\"@id\":\"https:\\\/\\\/www.musikzeitung.ch\\\/basis\\\/2017\\\/10\\\/research-at-the-geneva-university-of-music\"},\"wordCount\":927,\"commentCount\":0,\"publisher\":{\"@id\":\"https:\\\/\\\/www.musikzeitung.ch\\\/#organization\"},\"image\":{\"@id\":\"https:\\\/\\\/www.musikzeitung.ch\\\/basis\\\/2017\\\/10\\\/research-at-the-geneva-university-of-music#primaryimage\"},\"thumbnailUrl\":\"https:\\\/\\\/www.musikzeitung.ch\\\/wp-content\\\/uploads\\\/2023\\\/01\\\/Logo_KMHS-1.jpg\",\"articleSection\":[\"Basis\",\"CHEMS\"],\"inLanguage\":\"en-US\"},{\"@type\":\"WebPage\",\"@id\":\"https:\\\/\\\/www.musikzeitung.ch\\\/basis\\\/2017\\\/10\\\/research-at-the-geneva-university-of-music\",\"url\":\"https:\\\/\\\/www.musikzeitung.ch\\\/basis\\\/2017\\\/10\\\/research-at-the-geneva-university-of-music\",\"name\":\"Research at the Geneva University of Music - Schweizer Musikzeitung\",\"isPartOf\":{\"@id\":\"https:\\\/\\\/www.musikzeitung.ch\\\/#website\"},\"primaryImageOfPage\":{\"@id\":\"https:\\\/\\\/www.musikzeitung.ch\\\/basis\\\/2017\\\/10\\\/research-at-the-geneva-university-of-music#primaryimage\"},\"image\":{\"@id\":\"https:\\\/\\\/www.musikzeitung.ch\\\/basis\\\/2017\\\/10\\\/research-at-the-geneva-university-of-music#primaryimage\"},\"thumbnailUrl\":\"https:\\\/\\\/www.musikzeitung.ch\\\/wp-content\\\/uploads\\\/2023\\\/01\\\/Logo_KMHS-1.jpg\",\"datePublished\":\"2017-10-21T23:00:00+00:00\",\"dateModified\":\"2023-01-16T13:56:40+00:00\",\"breadcrumb\":{\"@id\":\"https:\\\/\\\/www.musikzeitung.ch\\\/basis\\\/2017\\\/10\\\/research-at-the-geneva-university-of-music#breadcrumb\"},\"inLanguage\":\"en-US\",\"potentialAction\":[{\"@type\":\"ReadAction\",\"target\":[\"https:\\\/\\\/www.musikzeitung.ch\\\/basis\\\/2017\\\/10\\\/research-at-the-geneva-university-of-music\"]}]},{\"@type\":\"ImageObject\",\"inLanguage\":\"en-US\",\"@id\":\"https:\\\/\\\/www.musikzeitung.ch\\\/basis\\\/2017\\\/10\\\/research-at-the-geneva-university-of-music#primaryimage\",\"url\":\"https:\\\/\\\/www.musikzeitung.ch\\\/wp-content\\\/uploads\\\/2023\\\/01\\\/Logo_KMHS-1.jpg\",\"contentUrl\":\"https:\\\/\\\/www.musikzeitung.ch\\\/wp-content\\\/uploads\\\/2023\\\/01\\\/Logo_KMHS-1.jpg\",\"width\":554,\"height\":298},{\"@type\":\"BreadcrumbList\",\"@id\":\"https:\\\/\\\/www.musikzeitung.ch\\\/basis\\\/2017\\\/10\\\/research-at-the-geneva-university-of-music#breadcrumb\",\"itemListElement\":[{\"@type\":\"ListItem\",\"position\":1,\"name\":\"Home\",\"item\":\"https:\\\/\\\/www.musikzeitung.ch\\\/\"},{\"@type\":\"ListItem\",\"position\":2,\"name\":\"Research at the Geneva University of Music\"}]},{\"@type\":\"WebSite\",\"@id\":\"https:\\\/\\\/www.musikzeitung.ch\\\/#website\",\"url\":\"https:\\\/\\\/www.musikzeitung.ch\\\/\",\"name\":\"Schweizer Musikzeitung\",\"description\":\"Die f\u00fchrende sparten\u00fcbergreifende Monatszeitung in der Schweiz f\u00fcr musikalische Fragen.\",\"publisher\":{\"@id\":\"https:\\\/\\\/www.musikzeitung.ch\\\/#organization\"},\"potentialAction\":[{\"@type\":\"SearchAction\",\"target\":{\"@type\":\"EntryPoint\",\"urlTemplate\":\"https:\\\/\\\/www.musikzeitung.ch\\\/?s={search_term_string}\"},\"query-input\":{\"@type\":\"PropertyValueSpecification\",\"valueRequired\":true,\"valueName\":\"search_term_string\"}}],\"inLanguage\":\"en-US\"},{\"@type\":\"Organization\",\"@id\":\"https:\\\/\\\/www.musikzeitung.ch\\\/#organization\",\"name\":\"Schweizer Musikzeitung\",\"url\":\"https:\\\/\\\/www.musikzeitung.ch\\\/\",\"logo\":{\"@type\":\"ImageObject\",\"inLanguage\":\"en-US\",\"@id\":\"https:\\\/\\\/www.musikzeitung.ch\\\/#\\\/schema\\\/logo\\\/image\\\/\",\"url\":\"https:\\\/\\\/www.musikzeitung.ch\\\/wp-content\\\/uploads\\\/2023\\\/01\\\/SMZ_Schriftzug_Sprache.png\",\"contentUrl\":\"https:\\\/\\\/www.musikzeitung.ch\\\/wp-content\\\/uploads\\\/2023\\\/01\\\/SMZ_Schriftzug_Sprache.png\",\"width\":1400,\"height\":279,\"caption\":\"Schweizer Musikzeitung\"},\"image\":{\"@id\":\"https:\\\/\\\/www.musikzeitung.ch\\\/#\\\/schema\\\/logo\\\/image\\\/\"},\"sameAs\":[\"https:\\\/\\\/www.facebook.com\\\/SchweizerMusikzeitung\\\/\",\"https:\\\/\\\/x.com\\\/smusikzeitung\",\"https:\\\/\\\/www.instagram.com\\\/musikzeitung.ch\\\/\"]},{\"@type\":\"Person\",\"@id\":\"https:\\\/\\\/www.musikzeitung.ch\\\/#\\\/schema\\\/person\\\/b2fd892c800856270b9dcc6001265712\",\"name\":\"Musikzeitung-Redaktion\",\"image\":{\"@type\":\"ImageObject\",\"inLanguage\":\"en-US\",\"@id\":\"https:\\\/\\\/www.musikzeitung.ch\\\/wp-content\\\/uploads\\\/2022\\\/05\\\/usericon_musikzeitung-96x96.jpg\",\"url\":\"https:\\\/\\\/www.musikzeitung.ch\\\/wp-content\\\/uploads\\\/2022\\\/05\\\/usericon_musikzeitung-96x96.jpg\",\"contentUrl\":\"https:\\\/\\\/www.musikzeitung.ch\\\/wp-content\\\/uploads\\\/2022\\\/05\\\/usericon_musikzeitung-96x96.jpg\",\"caption\":\"Musikzeitung-Redaktion\"},\"url\":\"https:\\\/\\\/www.musikzeitung.ch\\\/en\\\/author\\\/admin\"}]}<\/script>\n<!-- \/ Yoast SEO plugin. -->","yoast_head_json":{"title":"Research at the Geneva University of Music - Schweizer Musikzeitung","robots":{"index":"index","follow":"follow","max-snippet":"max-snippet:-1","max-image-preview":"max-image-preview:large","max-video-preview":"max-video-preview:-1"},"canonical":"https:\/\/www.musikzeitung.ch\/en\/basis\/2017\/10\/research-at-the-geneva-university-of-music\/","og_locale":"en_US","og_type":"article","og_title":"Research at the Geneva University of Music - Schweizer Musikzeitung","og_description":"This edition aims to provide regular information on the research activities of the various universities of music. It gives a vision of the different universities, but also a global vision of research in general. R\u00e9my Campos, from the HEM, presents the research in Geneva to us.","og_url":"https:\/\/www.musikzeitung.ch\/en\/basis\/2017\/10\/research-at-the-geneva-university-of-music\/","og_site_name":"Schweizer Musikzeitung","article_publisher":"https:\/\/www.facebook.com\/SchweizerMusikzeitung\/","article_published_time":"2017-10-21T23:00:00+00:00","article_modified_time":"2023-01-16T13:56:40+00:00","og_image":[{"width":554,"height":298,"url":"https:\/\/www.musikzeitung.ch\/wp-content\/uploads\/2023\/01\/Logo_KMHS-1.jpg","type":"image\/jpeg"}],"author":"Musikzeitung-Redaktion","twitter_card":"summary_large_image","twitter_creator":"@smusikzeitung","twitter_site":"@smusikzeitung","twitter_misc":{"Written by":"Musikzeitung-Redaktion","Est. reading time":"5 minutes"},"schema":{"@context":"https:\/\/schema.org","@graph":[{"@type":"Article","@id":"https:\/\/www.musikzeitung.ch\/basis\/2017\/10\/research-at-the-geneva-university-of-music#article","isPartOf":{"@id":"https:\/\/www.musikzeitung.ch\/basis\/2017\/10\/research-at-the-geneva-university-of-music"},"author":{"name":"Musikzeitung-Redaktion","@id":"https:\/\/www.musikzeitung.ch\/#\/schema\/person\/b2fd892c800856270b9dcc6001265712"},"headline":"Research at the Geneva University of Music","datePublished":"2017-10-21T23:00:00+00:00","dateModified":"2023-01-16T13:56:40+00:00","mainEntityOfPage":{"@id":"https:\/\/www.musikzeitung.ch\/basis\/2017\/10\/research-at-the-geneva-university-of-music"},"wordCount":927,"commentCount":0,"publisher":{"@id":"https:\/\/www.musikzeitung.ch\/#organization"},"image":{"@id":"https:\/\/www.musikzeitung.ch\/basis\/2017\/10\/research-at-the-geneva-university-of-music#primaryimage"},"thumbnailUrl":"https:\/\/www.musikzeitung.ch\/wp-content\/uploads\/2023\/01\/Logo_KMHS-1.jpg","articleSection":["Basis","CHEMS"],"inLanguage":"en-US"},{"@type":"WebPage","@id":"https:\/\/www.musikzeitung.ch\/basis\/2017\/10\/research-at-the-geneva-university-of-music","url":"https:\/\/www.musikzeitung.ch\/basis\/2017\/10\/research-at-the-geneva-university-of-music","name":"Research at the Geneva University of Music - Schweizer Musikzeitung","isPartOf":{"@id":"https:\/\/www.musikzeitung.ch\/#website"},"primaryImageOfPage":{"@id":"https:\/\/www.musikzeitung.ch\/basis\/2017\/10\/research-at-the-geneva-university-of-music#primaryimage"},"image":{"@id":"https:\/\/www.musikzeitung.ch\/basis\/2017\/10\/research-at-the-geneva-university-of-music#primaryimage"},"thumbnailUrl":"https:\/\/www.musikzeitung.ch\/wp-content\/uploads\/2023\/01\/Logo_KMHS-1.jpg","datePublished":"2017-10-21T23:00:00+00:00","dateModified":"2023-01-16T13:56:40+00:00","breadcrumb":{"@id":"https:\/\/www.musikzeitung.ch\/basis\/2017\/10\/research-at-the-geneva-university-of-music#breadcrumb"},"inLanguage":"en-US","potentialAction":[{"@type":"ReadAction","target":["https:\/\/www.musikzeitung.ch\/basis\/2017\/10\/research-at-the-geneva-university-of-music"]}]},{"@type":"ImageObject","inLanguage":"en-US","@id":"https:\/\/www.musikzeitung.ch\/basis\/2017\/10\/research-at-the-geneva-university-of-music#primaryimage","url":"https:\/\/www.musikzeitung.ch\/wp-content\/uploads\/2023\/01\/Logo_KMHS-1.jpg","contentUrl":"https:\/\/www.musikzeitung.ch\/wp-content\/uploads\/2023\/01\/Logo_KMHS-1.jpg","width":554,"height":298},{"@type":"BreadcrumbList","@id":"https:\/\/www.musikzeitung.ch\/basis\/2017\/10\/research-at-the-geneva-university-of-music#breadcrumb","itemListElement":[{"@type":"ListItem","position":1,"name":"Home","item":"https:\/\/www.musikzeitung.ch\/"},{"@type":"ListItem","position":2,"name":"Research at the Geneva University of Music"}]},{"@type":"WebSite","@id":"https:\/\/www.musikzeitung.ch\/#website","url":"https:\/\/www.musikzeitung.ch\/","name":"Swiss Music Newspaper","description":"The leading interdisciplinary monthly newspaper in Switzerland for musical issues.","publisher":{"@id":"https:\/\/www.musikzeitung.ch\/#organization"},"potentialAction":[{"@type":"SearchAction","target":{"@type":"EntryPoint","urlTemplate":"https:\/\/www.musikzeitung.ch\/?s={search_term_string}"},"query-input":{"@type":"PropertyValueSpecification","valueRequired":true,"valueName":"search_term_string"}}],"inLanguage":"en-US"},{"@type":"Organization","@id":"https:\/\/www.musikzeitung.ch\/#organization","name":"Swiss Music Newspaper","url":"https:\/\/www.musikzeitung.ch\/","logo":{"@type":"ImageObject","inLanguage":"en-US","@id":"https:\/\/www.musikzeitung.ch\/#\/schema\/logo\/image\/","url":"https:\/\/www.musikzeitung.ch\/wp-content\/uploads\/2023\/01\/SMZ_Schriftzug_Sprache.png","contentUrl":"https:\/\/www.musikzeitung.ch\/wp-content\/uploads\/2023\/01\/SMZ_Schriftzug_Sprache.png","width":1400,"height":279,"caption":"Schweizer Musikzeitung"},"image":{"@id":"https:\/\/www.musikzeitung.ch\/#\/schema\/logo\/image\/"},"sameAs":["https:\/\/www.facebook.com\/SchweizerMusikzeitung\/","https:\/\/x.com\/smusikzeitung","https:\/\/www.instagram.com\/musikzeitung.ch\/"]},{"@type":"Person","@id":"https:\/\/www.musikzeitung.ch\/#\/schema\/person\/b2fd892c800856270b9dcc6001265712","name":"Music newspaper editorial office","image":{"@type":"ImageObject","inLanguage":"en-US","@id":"https:\/\/www.musikzeitung.ch\/wp-content\/uploads\/2022\/05\/usericon_musikzeitung-96x96.jpg","url":"https:\/\/www.musikzeitung.ch\/wp-content\/uploads\/2022\/05\/usericon_musikzeitung-96x96.jpg","contentUrl":"https:\/\/www.musikzeitung.ch\/wp-content\/uploads\/2022\/05\/usericon_musikzeitung-96x96.jpg","caption":"Musikzeitung-Redaktion"},"url":"https:\/\/www.musikzeitung.ch\/en\/author\/admin"}]}},"publishpress_future_workflow_manual_trigger":{"enabledWorkflows":[]},"_links":{"self":[{"href":"https:\/\/www.musikzeitung.ch\/en\/wp-json\/wp\/v2\/posts\/11543","targetHints":{"allow":["GET"]}}],"collection":[{"href":"https:\/\/www.musikzeitung.ch\/en\/wp-json\/wp\/v2\/posts"}],"about":[{"href":"https:\/\/www.musikzeitung.ch\/en\/wp-json\/wp\/v2\/types\/post"}],"author":[{"embeddable":true,"href":"https:\/\/www.musikzeitung.ch\/en\/wp-json\/wp\/v2\/users\/1"}],"replies":[{"embeddable":true,"href":"https:\/\/www.musikzeitung.ch\/en\/wp-json\/wp\/v2\/comments?post=11543"}],"version-history":[{"count":1,"href":"https:\/\/www.musikzeitung.ch\/en\/wp-json\/wp\/v2\/posts\/11543\/revisions"}],"predecessor-version":[{"id":11544,"href":"https:\/\/www.musikzeitung.ch\/en\/wp-json\/wp\/v2\/posts\/11543\/revisions\/11544"}],"wp:featuredmedia":[{"embeddable":true,"href":"https:\/\/www.musikzeitung.ch\/en\/wp-json\/wp\/v2\/media\/10445"}],"wp:attachment":[{"href":"https:\/\/www.musikzeitung.ch\/en\/wp-json\/wp\/v2\/media?parent=11543"}],"wp:term":[{"taxonomy":"category","embeddable":true,"href":"https:\/\/www.musikzeitung.ch\/en\/wp-json\/wp\/v2\/categories?post=11543"},{"taxonomy":"post_tag","embeddable":true,"href":"https:\/\/www.musikzeitung.ch\/en\/wp-json\/wp\/v2\/tags?post=11543"}],"curies":[{"name":"wp","href":"https:\/\/api.w.org\/{rel}","templated":true}]}}