{"id":1608,"date":"2014-08-12T00:00:00","date_gmt":"2014-08-11T23:00:00","guid":{"rendered":"https:\/\/www.musikzeitung.ch\/allgemein\/wettbewerb-fuer-europas-jazznachwuchs\/"},"modified":"2014-08-12T00:00:00","modified_gmt":"2014-08-11T23:00:00","slug":"wettbewerb-fuer-europas-jazznachwuchs","status":"publish","type":"post","link":"https:\/\/www.musikzeitung.ch\/en\/anlaesse\/2014\/08\/wettbewerb-fuer-europas-jazznachwuchs","title":{"rendered":"Competition for Europe's young jazz talents"},"content":{"rendered":"<figure style=\"width: 1200px\" class=\"wp-caption alignnone\"><img decoding=\"async\" class=\"size-full\" src=\"https:\/\/www.musikzeitung.ch\/wp-content\/uploads\/2023\/01\/Jazz-4.jpg\" alt=\"\" \/><figcaption class=\"wp-caption-text\">Picture: Didi01\/pixelio.de<\/figcaption><\/figure>\n<div class='text-section'>\n<p>Participation is limited to a maximum age of 30 years and all styles of jazz from combos (three musicians or more) or big bands in Europe are eligible. The prize is endowed with a total of 10,000 euros, divided into a 5000 euro cash prize and a 5000 euro promotional prize tailored to the needs of the winner.<\/p>\n<p>The jury will select five formations for the final round in a blind process. The finalists will be announced in December 2014. The final round will take place on the first day of the 46th International Jazz Week, March 17, 2015, as part of a public concert event.<\/p>\n<p>The jury consists of Joe Viera (director, artistic director of the International Jazz Week Burghausen), Roland Spiegel (music editor for jazz and classical music at Bayerischer Rundfunk), Ralf Dombrowski (music journalist) and Reinhard K\u00f6chl (music journalist).<\/p>\n<p>The application deadline is 31.10.2014. Only applications that are complete and received by the IG Jazz office by this date at the latest will be considered.<\/p>\n<p>More info: <a href='http:\/\/www.b-jazz.com'>www.b-jazz.com<\/a><\/p>\n<\/div>","protected":false},"excerpt":{"rendered":"<p><strong>IG Jazz and the town of Burghausen are organizing the 7th European Jazz Competition for Young Musicians. With 10,000 euros, it is one of the most highly endowed competitions on the continent.<\/strong><\/p>","protected":false},"author":1,"featured_media":1609,"comment_status":"open","ping_status":"open","sticky":false,"template":"","format":"standard","meta":{"_acf_changed":false,"_relevanssi_hide_post":"","_relevanssi_hide_content":"","_relevanssi_pin_for_all":"","_relevanssi_pin_keywords":"","_relevanssi_unpin_keywords":"","_relevanssi_related_keywords":"","_relevanssi_related_include_ids":"","_relevanssi_related_exclude_ids":"","_relevanssi_related_no_append":"","_relevanssi_related_not_related":"","_relevanssi_related_posts":"","_relevanssi_noindex_reason":"","pgc_sgb_lightbox_settings":"","footnotes":""},"categories":[2,68],"tags":[],"class_list":["post-1608","post","type-post","status-publish","format-standard","has-post-thumbnail","hentry","category-anlaesse","category-jazz"],"acf":[],"yoast_head":"<!-- This site is optimized with the Yoast SEO plugin v27.4 - https:\/\/yoast.com\/product\/yoast-seo-wordpress\/ -->\n<title>Wettbewerb f\u00fcr Europas Jazznachwuchs - Schweizer Musikzeitung<\/title>\n<meta name=\"robots\" content=\"index, follow, max-snippet:-1, max-image-preview:large, max-video-preview:-1\" \/>\n<link rel=\"canonical\" href=\"https:\/\/www.musikzeitung.ch\/en\/anlaesse\/2014\/08\/wettbewerb-fuer-europas-jazznachwuchs\/\" \/>\n<meta property=\"og:locale\" content=\"en_US\" \/>\n<meta property=\"og:type\" content=\"article\" \/>\n<meta property=\"og:title\" content=\"Wettbewerb f\u00fcr Europas Jazznachwuchs - Schweizer Musikzeitung\" \/>\n<meta property=\"og:description\" content=\"Die IG Jazz und die Stadt Burghausen schreiben den 7. Europ\u00e4ischen Nachwuchswettbewerb in Sachen Jazz aus. Er geh\u00f6rt mit 10&#039;000 Euro zu einem der h\u00f6chst dotierten auf dem Kontinent.\" \/>\n<meta property=\"og:url\" content=\"https:\/\/www.musikzeitung.ch\/en\/anlaesse\/2014\/08\/wettbewerb-fuer-europas-jazznachwuchs\/\" \/>\n<meta property=\"og:site_name\" content=\"Schweizer Musikzeitung\" \/>\n<meta property=\"article:publisher\" content=\"https:\/\/www.facebook.com\/SchweizerMusikzeitung\/\" \/>\n<meta property=\"article:published_time\" content=\"2014-08-11T23:00:00+00:00\" \/>\n<meta property=\"og:image\" content=\"https:\/\/www.musikzeitung.ch\/wp-content\/uploads\/2023\/01\/Jazz-4.jpg\" \/>\n\t<meta property=\"og:image:width\" content=\"554\" \/>\n\t<meta property=\"og:image:height\" content=\"424\" \/>\n\t<meta property=\"og:image:type\" content=\"image\/jpeg\" \/>\n<meta name=\"author\" content=\"Musikzeitung-Redaktion\" \/>\n<meta name=\"twitter:card\" content=\"summary_large_image\" \/>\n<meta name=\"twitter:creator\" content=\"@smusikzeitung\" \/>\n<meta name=\"twitter:site\" content=\"@smusikzeitung\" \/>\n<meta name=\"twitter:label1\" content=\"Written by\" \/>\n\t<meta name=\"twitter:data1\" content=\"Musikzeitung-Redaktion\" \/>\n\t<meta name=\"twitter:label2\" content=\"Est. reading time\" \/>\n\t<meta name=\"twitter:data2\" content=\"1 minute\" \/>\n<script type=\"application\/ld+json\" class=\"yoast-schema-graph\">{\"@context\":\"https:\\\/\\\/schema.org\",\"@graph\":[{\"@type\":\"Article\",\"@id\":\"https:\\\/\\\/www.musikzeitung.ch\\\/anlaesse\\\/2014\\\/08\\\/wettbewerb-fuer-europas-jazznachwuchs#article\",\"isPartOf\":{\"@id\":\"https:\\\/\\\/www.musikzeitung.ch\\\/anlaesse\\\/2014\\\/08\\\/wettbewerb-fuer-europas-jazznachwuchs\"},\"author\":{\"name\":\"Musikzeitung-Redaktion\",\"@id\":\"https:\\\/\\\/www.musikzeitung.ch\\\/#\\\/schema\\\/person\\\/b2fd892c800856270b9dcc6001265712\"},\"headline\":\"Wettbewerb f\u00fcr Europas Jazznachwuchs\",\"datePublished\":\"2014-08-11T23:00:00+00:00\",\"mainEntityOfPage\":{\"@id\":\"https:\\\/\\\/www.musikzeitung.ch\\\/anlaesse\\\/2014\\\/08\\\/wettbewerb-fuer-europas-jazznachwuchs\"},\"wordCount\":166,\"commentCount\":0,\"publisher\":{\"@id\":\"https:\\\/\\\/www.musikzeitung.ch\\\/#organization\"},\"image\":{\"@id\":\"https:\\\/\\\/www.musikzeitung.ch\\\/anlaesse\\\/2014\\\/08\\\/wettbewerb-fuer-europas-jazznachwuchs#primaryimage\"},\"thumbnailUrl\":\"https:\\\/\\\/www.musikzeitung.ch\\\/wp-content\\\/uploads\\\/2023\\\/01\\\/Jazz-4.jpg\",\"articleSection\":[\"Anl\u00e4sse\",\"Jazz\"],\"inLanguage\":\"en-US\"},{\"@type\":\"WebPage\",\"@id\":\"https:\\\/\\\/www.musikzeitung.ch\\\/anlaesse\\\/2014\\\/08\\\/wettbewerb-fuer-europas-jazznachwuchs\",\"url\":\"https:\\\/\\\/www.musikzeitung.ch\\\/anlaesse\\\/2014\\\/08\\\/wettbewerb-fuer-europas-jazznachwuchs\",\"name\":\"Wettbewerb f\u00fcr Europas Jazznachwuchs - Schweizer Musikzeitung\",\"isPartOf\":{\"@id\":\"https:\\\/\\\/www.musikzeitung.ch\\\/#website\"},\"primaryImageOfPage\":{\"@id\":\"https:\\\/\\\/www.musikzeitung.ch\\\/anlaesse\\\/2014\\\/08\\\/wettbewerb-fuer-europas-jazznachwuchs#primaryimage\"},\"image\":{\"@id\":\"https:\\\/\\\/www.musikzeitung.ch\\\/anlaesse\\\/2014\\\/08\\\/wettbewerb-fuer-europas-jazznachwuchs#primaryimage\"},\"thumbnailUrl\":\"https:\\\/\\\/www.musikzeitung.ch\\\/wp-content\\\/uploads\\\/2023\\\/01\\\/Jazz-4.jpg\",\"datePublished\":\"2014-08-11T23:00:00+00:00\",\"breadcrumb\":{\"@id\":\"https:\\\/\\\/www.musikzeitung.ch\\\/anlaesse\\\/2014\\\/08\\\/wettbewerb-fuer-europas-jazznachwuchs#breadcrumb\"},\"inLanguage\":\"en-US\",\"potentialAction\":[{\"@type\":\"ReadAction\",\"target\":[\"https:\\\/\\\/www.musikzeitung.ch\\\/anlaesse\\\/2014\\\/08\\\/wettbewerb-fuer-europas-jazznachwuchs\"]}]},{\"@type\":\"ImageObject\",\"inLanguage\":\"en-US\",\"@id\":\"https:\\\/\\\/www.musikzeitung.ch\\\/anlaesse\\\/2014\\\/08\\\/wettbewerb-fuer-europas-jazznachwuchs#primaryimage\",\"url\":\"https:\\\/\\\/www.musikzeitung.ch\\\/wp-content\\\/uploads\\\/2023\\\/01\\\/Jazz-4.jpg\",\"contentUrl\":\"https:\\\/\\\/www.musikzeitung.ch\\\/wp-content\\\/uploads\\\/2023\\\/01\\\/Jazz-4.jpg\",\"width\":554,\"height\":424},{\"@type\":\"BreadcrumbList\",\"@id\":\"https:\\\/\\\/www.musikzeitung.ch\\\/anlaesse\\\/2014\\\/08\\\/wettbewerb-fuer-europas-jazznachwuchs#breadcrumb\",\"itemListElement\":[{\"@type\":\"ListItem\",\"position\":1,\"name\":\"Home\",\"item\":\"https:\\\/\\\/www.musikzeitung.ch\\\/\"},{\"@type\":\"ListItem\",\"position\":2,\"name\":\"Wettbewerb f\u00fcr Europas Jazznachwuchs\"}]},{\"@type\":\"WebSite\",\"@id\":\"https:\\\/\\\/www.musikzeitung.ch\\\/#website\",\"url\":\"https:\\\/\\\/www.musikzeitung.ch\\\/\",\"name\":\"Schweizer Musikzeitung\",\"description\":\"Die f\u00fchrende sparten\u00fcbergreifende Monatszeitung in der Schweiz f\u00fcr musikalische Fragen.\",\"publisher\":{\"@id\":\"https:\\\/\\\/www.musikzeitung.ch\\\/#organization\"},\"potentialAction\":[{\"@type\":\"SearchAction\",\"target\":{\"@type\":\"EntryPoint\",\"urlTemplate\":\"https:\\\/\\\/www.musikzeitung.ch\\\/?s={search_term_string}\"},\"query-input\":{\"@type\":\"PropertyValueSpecification\",\"valueRequired\":true,\"valueName\":\"search_term_string\"}}],\"inLanguage\":\"en-US\"},{\"@type\":\"Organization\",\"@id\":\"https:\\\/\\\/www.musikzeitung.ch\\\/#organization\",\"name\":\"Schweizer Musikzeitung\",\"url\":\"https:\\\/\\\/www.musikzeitung.ch\\\/\",\"logo\":{\"@type\":\"ImageObject\",\"inLanguage\":\"en-US\",\"@id\":\"https:\\\/\\\/www.musikzeitung.ch\\\/#\\\/schema\\\/logo\\\/image\\\/\",\"url\":\"https:\\\/\\\/www.musikzeitung.ch\\\/wp-content\\\/uploads\\\/2023\\\/01\\\/SMZ_Schriftzug_Sprache.png\",\"contentUrl\":\"https:\\\/\\\/www.musikzeitung.ch\\\/wp-content\\\/uploads\\\/2023\\\/01\\\/SMZ_Schriftzug_Sprache.png\",\"width\":1400,\"height\":279,\"caption\":\"Schweizer Musikzeitung\"},\"image\":{\"@id\":\"https:\\\/\\\/www.musikzeitung.ch\\\/#\\\/schema\\\/logo\\\/image\\\/\"},\"sameAs\":[\"https:\\\/\\\/www.facebook.com\\\/SchweizerMusikzeitung\\\/\",\"https:\\\/\\\/x.com\\\/smusikzeitung\",\"https:\\\/\\\/www.instagram.com\\\/musikzeitung.ch\\\/\"]},{\"@type\":\"Person\",\"@id\":\"https:\\\/\\\/www.musikzeitung.ch\\\/#\\\/schema\\\/person\\\/b2fd892c800856270b9dcc6001265712\",\"name\":\"Musikzeitung-Redaktion\",\"image\":{\"@type\":\"ImageObject\",\"inLanguage\":\"en-US\",\"@id\":\"https:\\\/\\\/www.musikzeitung.ch\\\/wp-content\\\/uploads\\\/2022\\\/05\\\/usericon_musikzeitung-96x96.jpg\",\"url\":\"https:\\\/\\\/www.musikzeitung.ch\\\/wp-content\\\/uploads\\\/2022\\\/05\\\/usericon_musikzeitung-96x96.jpg\",\"contentUrl\":\"https:\\\/\\\/www.musikzeitung.ch\\\/wp-content\\\/uploads\\\/2022\\\/05\\\/usericon_musikzeitung-96x96.jpg\",\"caption\":\"Musikzeitung-Redaktion\"},\"url\":\"https:\\\/\\\/www.musikzeitung.ch\\\/en\\\/author\\\/admin\"}]}<\/script>\n<!-- \/ Yoast SEO plugin. -->","yoast_head_json":{"title":"Competition for Europe's young jazz talents - Schweizer Musikzeitung","robots":{"index":"index","follow":"follow","max-snippet":"max-snippet:-1","max-image-preview":"max-image-preview:large","max-video-preview":"max-video-preview:-1"},"canonical":"https:\/\/www.musikzeitung.ch\/en\/anlaesse\/2014\/08\/wettbewerb-fuer-europas-jazznachwuchs\/","og_locale":"en_US","og_type":"article","og_title":"Wettbewerb f\u00fcr Europas Jazznachwuchs - Schweizer Musikzeitung","og_description":"Die IG Jazz und die Stadt Burghausen schreiben den 7. Europ\u00e4ischen Nachwuchswettbewerb in Sachen Jazz aus. Er geh\u00f6rt mit 10'000 Euro zu einem der h\u00f6chst dotierten auf dem Kontinent.","og_url":"https:\/\/www.musikzeitung.ch\/en\/anlaesse\/2014\/08\/wettbewerb-fuer-europas-jazznachwuchs\/","og_site_name":"Schweizer Musikzeitung","article_publisher":"https:\/\/www.facebook.com\/SchweizerMusikzeitung\/","article_published_time":"2014-08-11T23:00:00+00:00","og_image":[{"width":554,"height":424,"url":"https:\/\/www.musikzeitung.ch\/wp-content\/uploads\/2023\/01\/Jazz-4.jpg","type":"image\/jpeg"}],"author":"Musikzeitung-Redaktion","twitter_card":"summary_large_image","twitter_creator":"@smusikzeitung","twitter_site":"@smusikzeitung","twitter_misc":{"Written by":"Musikzeitung-Redaktion","Est. reading time":"1 minute"},"schema":{"@context":"https:\/\/schema.org","@graph":[{"@type":"Article","@id":"https:\/\/www.musikzeitung.ch\/anlaesse\/2014\/08\/wettbewerb-fuer-europas-jazznachwuchs#article","isPartOf":{"@id":"https:\/\/www.musikzeitung.ch\/anlaesse\/2014\/08\/wettbewerb-fuer-europas-jazznachwuchs"},"author":{"name":"Musikzeitung-Redaktion","@id":"https:\/\/www.musikzeitung.ch\/#\/schema\/person\/b2fd892c800856270b9dcc6001265712"},"headline":"Wettbewerb f\u00fcr Europas Jazznachwuchs","datePublished":"2014-08-11T23:00:00+00:00","mainEntityOfPage":{"@id":"https:\/\/www.musikzeitung.ch\/anlaesse\/2014\/08\/wettbewerb-fuer-europas-jazznachwuchs"},"wordCount":166,"commentCount":0,"publisher":{"@id":"https:\/\/www.musikzeitung.ch\/#organization"},"image":{"@id":"https:\/\/www.musikzeitung.ch\/anlaesse\/2014\/08\/wettbewerb-fuer-europas-jazznachwuchs#primaryimage"},"thumbnailUrl":"https:\/\/www.musikzeitung.ch\/wp-content\/uploads\/2023\/01\/Jazz-4.jpg","articleSection":["Anl\u00e4sse","Jazz"],"inLanguage":"en-US"},{"@type":"WebPage","@id":"https:\/\/www.musikzeitung.ch\/anlaesse\/2014\/08\/wettbewerb-fuer-europas-jazznachwuchs","url":"https:\/\/www.musikzeitung.ch\/anlaesse\/2014\/08\/wettbewerb-fuer-europas-jazznachwuchs","name":"Competition for Europe's young jazz talents - Schweizer Musikzeitung","isPartOf":{"@id":"https:\/\/www.musikzeitung.ch\/#website"},"primaryImageOfPage":{"@id":"https:\/\/www.musikzeitung.ch\/anlaesse\/2014\/08\/wettbewerb-fuer-europas-jazznachwuchs#primaryimage"},"image":{"@id":"https:\/\/www.musikzeitung.ch\/anlaesse\/2014\/08\/wettbewerb-fuer-europas-jazznachwuchs#primaryimage"},"thumbnailUrl":"https:\/\/www.musikzeitung.ch\/wp-content\/uploads\/2023\/01\/Jazz-4.jpg","datePublished":"2014-08-11T23:00:00+00:00","breadcrumb":{"@id":"https:\/\/www.musikzeitung.ch\/anlaesse\/2014\/08\/wettbewerb-fuer-europas-jazznachwuchs#breadcrumb"},"inLanguage":"en-US","potentialAction":[{"@type":"ReadAction","target":["https:\/\/www.musikzeitung.ch\/anlaesse\/2014\/08\/wettbewerb-fuer-europas-jazznachwuchs"]}]},{"@type":"ImageObject","inLanguage":"en-US","@id":"https:\/\/www.musikzeitung.ch\/anlaesse\/2014\/08\/wettbewerb-fuer-europas-jazznachwuchs#primaryimage","url":"https:\/\/www.musikzeitung.ch\/wp-content\/uploads\/2023\/01\/Jazz-4.jpg","contentUrl":"https:\/\/www.musikzeitung.ch\/wp-content\/uploads\/2023\/01\/Jazz-4.jpg","width":554,"height":424},{"@type":"BreadcrumbList","@id":"https:\/\/www.musikzeitung.ch\/anlaesse\/2014\/08\/wettbewerb-fuer-europas-jazznachwuchs#breadcrumb","itemListElement":[{"@type":"ListItem","position":1,"name":"Home","item":"https:\/\/www.musikzeitung.ch\/"},{"@type":"ListItem","position":2,"name":"Wettbewerb f\u00fcr Europas Jazznachwuchs"}]},{"@type":"WebSite","@id":"https:\/\/www.musikzeitung.ch\/#website","url":"https:\/\/www.musikzeitung.ch\/","name":"Swiss Music Newspaper","description":"The leading interdisciplinary monthly newspaper in Switzerland for musical issues.","publisher":{"@id":"https:\/\/www.musikzeitung.ch\/#organization"},"potentialAction":[{"@type":"SearchAction","target":{"@type":"EntryPoint","urlTemplate":"https:\/\/www.musikzeitung.ch\/?s={search_term_string}"},"query-input":{"@type":"PropertyValueSpecification","valueRequired":true,"valueName":"search_term_string"}}],"inLanguage":"en-US"},{"@type":"Organization","@id":"https:\/\/www.musikzeitung.ch\/#organization","name":"Swiss Music Newspaper","url":"https:\/\/www.musikzeitung.ch\/","logo":{"@type":"ImageObject","inLanguage":"en-US","@id":"https:\/\/www.musikzeitung.ch\/#\/schema\/logo\/image\/","url":"https:\/\/www.musikzeitung.ch\/wp-content\/uploads\/2023\/01\/SMZ_Schriftzug_Sprache.png","contentUrl":"https:\/\/www.musikzeitung.ch\/wp-content\/uploads\/2023\/01\/SMZ_Schriftzug_Sprache.png","width":1400,"height":279,"caption":"Schweizer Musikzeitung"},"image":{"@id":"https:\/\/www.musikzeitung.ch\/#\/schema\/logo\/image\/"},"sameAs":["https:\/\/www.facebook.com\/SchweizerMusikzeitung\/","https:\/\/x.com\/smusikzeitung","https:\/\/www.instagram.com\/musikzeitung.ch\/"]},{"@type":"Person","@id":"https:\/\/www.musikzeitung.ch\/#\/schema\/person\/b2fd892c800856270b9dcc6001265712","name":"Music newspaper editorial office","image":{"@type":"ImageObject","inLanguage":"en-US","@id":"https:\/\/www.musikzeitung.ch\/wp-content\/uploads\/2022\/05\/usericon_musikzeitung-96x96.jpg","url":"https:\/\/www.musikzeitung.ch\/wp-content\/uploads\/2022\/05\/usericon_musikzeitung-96x96.jpg","contentUrl":"https:\/\/www.musikzeitung.ch\/wp-content\/uploads\/2022\/05\/usericon_musikzeitung-96x96.jpg","caption":"Musikzeitung-Redaktion"},"url":"https:\/\/www.musikzeitung.ch\/en\/author\/admin"}]}},"publishpress_future_workflow_manual_trigger":{"enabledWorkflows":[]},"_links":{"self":[{"href":"https:\/\/www.musikzeitung.ch\/en\/wp-json\/wp\/v2\/posts\/1608","targetHints":{"allow":["GET"]}}],"collection":[{"href":"https:\/\/www.musikzeitung.ch\/en\/wp-json\/wp\/v2\/posts"}],"about":[{"href":"https:\/\/www.musikzeitung.ch\/en\/wp-json\/wp\/v2\/types\/post"}],"author":[{"embeddable":true,"href":"https:\/\/www.musikzeitung.ch\/en\/wp-json\/wp\/v2\/users\/1"}],"replies":[{"embeddable":true,"href":"https:\/\/www.musikzeitung.ch\/en\/wp-json\/wp\/v2\/comments?post=1608"}],"version-history":[{"count":0,"href":"https:\/\/www.musikzeitung.ch\/en\/wp-json\/wp\/v2\/posts\/1608\/revisions"}],"wp:featuredmedia":[{"embeddable":true,"href":"https:\/\/www.musikzeitung.ch\/en\/wp-json\/wp\/v2\/media\/1609"}],"wp:attachment":[{"href":"https:\/\/www.musikzeitung.ch\/en\/wp-json\/wp\/v2\/media?parent=1608"}],"wp:term":[{"taxonomy":"category","embeddable":true,"href":"https:\/\/www.musikzeitung.ch\/en\/wp-json\/wp\/v2\/categories?post=1608"},{"taxonomy":"post_tag","embeddable":true,"href":"https:\/\/www.musikzeitung.ch\/en\/wp-json\/wp\/v2\/tags?post=1608"}],"curies":[{"name":"wp","href":"https:\/\/api.w.org\/{rel}","templated":true}]}}