{"id":17171,"date":"2013-10-07T00:00:00","date_gmt":"2013-10-06T23:00:00","guid":{"rendered":"https:\/\/www.musikzeitung.ch\/allgemein\/neues-forschungsprojekt-neuer-weiterbildungsjahrgang\/"},"modified":"2023-01-18T01:11:58","modified_gmt":"2023-01-18T00:11:58","slug":"neues-forschungsprojekt-neuer-weiterbildungsjahrgang","status":"publish","type":"post","link":"https:\/\/www.musikzeitung.ch\/en\/aus-und-weiterbildung\/2013\/10\/neues-forschungsprojekt-neuer-weiterbildungsjahrgang","title":{"rendered":"New research project, new training year"},"content":{"rendered":"<figure style=\"width: 1200px\" class=\"wp-caption alignnone\"><img decoding=\"async\" class=\"size-full\" src=\"https:\/\/www.musikzeitung.ch\/wp-content\/uploads\/2023\/01\/Fotolia_34988292_XS.jpg\" alt=\"\" \/><figcaption class=\"wp-caption-text\">Photo: K\u00f6penicker - Fotolia.com<\/figcaption><\/figure>\n<div class='text-section'>\n<p>The Swiss University Center for Music Physiology is a cooperation and interest group of the music physiology and music medicine departments of the Swiss music universities.<\/p>\n<p>On the <a href='http:\/\/www.shzm.ch'>Homepage<\/a> The abstracts of the training events held can be found on the SHZM website. In the last school year, in addition to the local events in Basel and Zurich, the supra-regional event <em>What musicians can learn from magicians. Performance techniques of magicians through the ages <\/em>takes place.<\/p>\n<p>Following the completion of the SNSF research project carried out in cooperation with the University of Lausanne <em>Respiratory responses during music performance in anxious and non-anxious music students<\/em> will start next season <em>Prolonged performance-related psychophysiological activation in high- and low-anxious music students<\/em>. This follow-up project is being funded by the Swiss National Science Foundation for three years and is again being carried out in cooperation between the University of Lausanne and the SHZM.<\/p>\n<p>The project launched five years ago to build up the physical condition of music students at Swiss music academies is continuing.<\/p>\n<p> <strong>Further training <\/strong><br \/> The continuing education course in music physiology, which is supported by the SHZM and jointly organized by lecturers from several music universities, has accepted another intake of students. Information on the CAS, DAS and Master of Advanced Studies (MAS) certificate courses can be found on the homepage.<\/p>\n<p>The majority of previous graduates of the continuing education program in music physiology at the DAS level and above have taught over 100 continuing education courses at music institutions throughout Switzerland. From the 2011\/2012 fall semester, they will also be teaching the modular basic music physiology course as part of the bachelor's degree course at the Kalaidos University of Music in Aarau.<\/p>\n<p><strong>Manual laboratory<\/strong><br \/> Through the SHZM, numerous students and lecturers from Swiss music academies were able to make contact with the <a href='http:\/\/www.zzm.ch'>Manual laboratory<\/a> at the ZHdK, which was supplemented with new equipment last season. An individual hand profile that can be created there provides assistance in the prevention and resolution of job-specific complaints, in the development of an individual posture and instrumental technique, in the selection of ergonomic aids and in practicing technique, fingering and literature selection.\u00a0<\/p>\n<p>Contact: <a href='http:\/\/www.zzm.ch'>www.shzm.ch<\/a><br \/> \u00a0<\/p>\n<\/p><\/div>","protected":false},"excerpt":{"rendered":"<p><strong>The activities of the Swiss University Center for Music Physiology in the 2012\/13 season included advanced training courses and full studies, research projects and individual assistance. <\/strong><\/p>","protected":false},"author":1,"featured_media":15422,"comment_status":"open","ping_status":"open","sticky":false,"template":"","format":"standard","meta":{"_acf_changed":false,"_relevanssi_hide_post":"","_relevanssi_hide_content":"","_relevanssi_pin_for_all":"","_relevanssi_pin_keywords":"","_relevanssi_unpin_keywords":"","_relevanssi_related_keywords":"","_relevanssi_related_include_ids":"","_relevanssi_related_exclude_ids":"","_relevanssi_related_no_append":"","_relevanssi_related_not_related":"","_relevanssi_related_posts":"","_relevanssi_noindex_reason":"","pgc_sgb_lightbox_settings":"","footnotes":""},"categories":[447,510],"tags":[],"class_list":["post-17171","post","type-post","status-publish","format-standard","has-post-thumbnail","hentry","category-aus-und-weiterbildung","category-musikhochschule"],"acf":[],"yoast_head":"<!-- This site is optimized with the Yoast SEO plugin v27.4 - https:\/\/yoast.com\/product\/yoast-seo-wordpress\/ -->\n<title>Neues Forschungsprojekt, neuer Weiterbildungsjahrgang - Schweizer Musikzeitung<\/title>\n<meta name=\"robots\" content=\"index, follow, max-snippet:-1, max-image-preview:large, max-video-preview:-1\" \/>\n<link rel=\"canonical\" href=\"https:\/\/www.musikzeitung.ch\/en\/aus-und-weiterbildung\/2013\/10\/neues-forschungsprojekt-neuer-weiterbildungsjahrgang\/\" \/>\n<meta property=\"og:locale\" content=\"en_US\" \/>\n<meta property=\"og:type\" content=\"article\" \/>\n<meta property=\"og:title\" content=\"Neues Forschungsprojekt, neuer Weiterbildungsjahrgang - Schweizer Musikzeitung\" \/>\n<meta property=\"og:description\" content=\"Die Aktivit\u00e4ten des Schweizerischen Hochschulzentrums f\u00fcr Musikphysiologie betrafen in der Saison 2012\/13 Fortbildungskurse und Vollstudien, Forschungsprojekte und individuelle Hilfeleistungen.\" \/>\n<meta property=\"og:url\" content=\"https:\/\/www.musikzeitung.ch\/en\/aus-und-weiterbildung\/2013\/10\/neues-forschungsprojekt-neuer-weiterbildungsjahrgang\/\" \/>\n<meta property=\"og:site_name\" content=\"Schweizer Musikzeitung\" \/>\n<meta property=\"article:publisher\" content=\"https:\/\/www.facebook.com\/SchweizerMusikzeitung\/\" \/>\n<meta property=\"article:published_time\" content=\"2013-10-06T23:00:00+00:00\" \/>\n<meta property=\"article:modified_time\" content=\"2023-01-18T00:11:58+00:00\" \/>\n<meta property=\"og:image\" content=\"https:\/\/www.musikzeitung.ch\/wp-content\/uploads\/2023\/01\/Fotolia_34988292_XS.jpg\" \/>\n\t<meta property=\"og:image:width\" content=\"554\" \/>\n\t<meta property=\"og:image:height\" content=\"354\" \/>\n\t<meta property=\"og:image:type\" content=\"image\/jpeg\" \/>\n<meta name=\"author\" content=\"Musikzeitung-Redaktion\" \/>\n<meta name=\"twitter:card\" content=\"summary_large_image\" \/>\n<meta name=\"twitter:creator\" content=\"@smusikzeitung\" \/>\n<meta name=\"twitter:site\" content=\"@smusikzeitung\" \/>\n<meta name=\"twitter:label1\" content=\"Written by\" \/>\n\t<meta name=\"twitter:data1\" content=\"Musikzeitung-Redaktion\" \/>\n\t<meta name=\"twitter:label2\" content=\"Est. reading time\" \/>\n\t<meta name=\"twitter:data2\" content=\"2 minutes\" \/>\n<script type=\"application\/ld+json\" class=\"yoast-schema-graph\">{\"@context\":\"https:\\\/\\\/schema.org\",\"@graph\":[{\"@type\":\"Article\",\"@id\":\"https:\\\/\\\/www.musikzeitung.ch\\\/aus-und-weiterbildung\\\/2013\\\/10\\\/neues-forschungsprojekt-neuer-weiterbildungsjahrgang#article\",\"isPartOf\":{\"@id\":\"https:\\\/\\\/www.musikzeitung.ch\\\/aus-und-weiterbildung\\\/2013\\\/10\\\/neues-forschungsprojekt-neuer-weiterbildungsjahrgang\"},\"author\":{\"name\":\"Musikzeitung-Redaktion\",\"@id\":\"https:\\\/\\\/www.musikzeitung.ch\\\/#\\\/schema\\\/person\\\/b2fd892c800856270b9dcc6001265712\"},\"headline\":\"Neues Forschungsprojekt, neuer Weiterbildungsjahrgang\",\"datePublished\":\"2013-10-06T23:00:00+00:00\",\"dateModified\":\"2023-01-18T00:11:58+00:00\",\"mainEntityOfPage\":{\"@id\":\"https:\\\/\\\/www.musikzeitung.ch\\\/aus-und-weiterbildung\\\/2013\\\/10\\\/neues-forschungsprojekt-neuer-weiterbildungsjahrgang\"},\"wordCount\":316,\"commentCount\":0,\"publisher\":{\"@id\":\"https:\\\/\\\/www.musikzeitung.ch\\\/#organization\"},\"image\":{\"@id\":\"https:\\\/\\\/www.musikzeitung.ch\\\/aus-und-weiterbildung\\\/2013\\\/10\\\/neues-forschungsprojekt-neuer-weiterbildungsjahrgang#primaryimage\"},\"thumbnailUrl\":\"https:\\\/\\\/www.musikzeitung.ch\\\/wp-content\\\/uploads\\\/2023\\\/01\\\/Fotolia_34988292_XS.jpg\",\"articleSection\":[\"Aus- und Weiterbildung\",\"Musikhochschule\"],\"inLanguage\":\"en-US\"},{\"@type\":\"WebPage\",\"@id\":\"https:\\\/\\\/www.musikzeitung.ch\\\/aus-und-weiterbildung\\\/2013\\\/10\\\/neues-forschungsprojekt-neuer-weiterbildungsjahrgang\",\"url\":\"https:\\\/\\\/www.musikzeitung.ch\\\/aus-und-weiterbildung\\\/2013\\\/10\\\/neues-forschungsprojekt-neuer-weiterbildungsjahrgang\",\"name\":\"Neues Forschungsprojekt, neuer Weiterbildungsjahrgang - Schweizer Musikzeitung\",\"isPartOf\":{\"@id\":\"https:\\\/\\\/www.musikzeitung.ch\\\/#website\"},\"primaryImageOfPage\":{\"@id\":\"https:\\\/\\\/www.musikzeitung.ch\\\/aus-und-weiterbildung\\\/2013\\\/10\\\/neues-forschungsprojekt-neuer-weiterbildungsjahrgang#primaryimage\"},\"image\":{\"@id\":\"https:\\\/\\\/www.musikzeitung.ch\\\/aus-und-weiterbildung\\\/2013\\\/10\\\/neues-forschungsprojekt-neuer-weiterbildungsjahrgang#primaryimage\"},\"thumbnailUrl\":\"https:\\\/\\\/www.musikzeitung.ch\\\/wp-content\\\/uploads\\\/2023\\\/01\\\/Fotolia_34988292_XS.jpg\",\"datePublished\":\"2013-10-06T23:00:00+00:00\",\"dateModified\":\"2023-01-18T00:11:58+00:00\",\"breadcrumb\":{\"@id\":\"https:\\\/\\\/www.musikzeitung.ch\\\/aus-und-weiterbildung\\\/2013\\\/10\\\/neues-forschungsprojekt-neuer-weiterbildungsjahrgang#breadcrumb\"},\"inLanguage\":\"en-US\",\"potentialAction\":[{\"@type\":\"ReadAction\",\"target\":[\"https:\\\/\\\/www.musikzeitung.ch\\\/aus-und-weiterbildung\\\/2013\\\/10\\\/neues-forschungsprojekt-neuer-weiterbildungsjahrgang\"]}]},{\"@type\":\"ImageObject\",\"inLanguage\":\"en-US\",\"@id\":\"https:\\\/\\\/www.musikzeitung.ch\\\/aus-und-weiterbildung\\\/2013\\\/10\\\/neues-forschungsprojekt-neuer-weiterbildungsjahrgang#primaryimage\",\"url\":\"https:\\\/\\\/www.musikzeitung.ch\\\/wp-content\\\/uploads\\\/2023\\\/01\\\/Fotolia_34988292_XS.jpg\",\"contentUrl\":\"https:\\\/\\\/www.musikzeitung.ch\\\/wp-content\\\/uploads\\\/2023\\\/01\\\/Fotolia_34988292_XS.jpg\",\"width\":554,\"height\":354},{\"@type\":\"BreadcrumbList\",\"@id\":\"https:\\\/\\\/www.musikzeitung.ch\\\/aus-und-weiterbildung\\\/2013\\\/10\\\/neues-forschungsprojekt-neuer-weiterbildungsjahrgang#breadcrumb\",\"itemListElement\":[{\"@type\":\"ListItem\",\"position\":1,\"name\":\"Home\",\"item\":\"https:\\\/\\\/www.musikzeitung.ch\\\/\"},{\"@type\":\"ListItem\",\"position\":2,\"name\":\"Neues Forschungsprojekt, neuer Weiterbildungsjahrgang\"}]},{\"@type\":\"WebSite\",\"@id\":\"https:\\\/\\\/www.musikzeitung.ch\\\/#website\",\"url\":\"https:\\\/\\\/www.musikzeitung.ch\\\/\",\"name\":\"Schweizer Musikzeitung\",\"description\":\"Die f\u00fchrende sparten\u00fcbergreifende Monatszeitung in der Schweiz f\u00fcr musikalische Fragen.\",\"publisher\":{\"@id\":\"https:\\\/\\\/www.musikzeitung.ch\\\/#organization\"},\"potentialAction\":[{\"@type\":\"SearchAction\",\"target\":{\"@type\":\"EntryPoint\",\"urlTemplate\":\"https:\\\/\\\/www.musikzeitung.ch\\\/?s={search_term_string}\"},\"query-input\":{\"@type\":\"PropertyValueSpecification\",\"valueRequired\":true,\"valueName\":\"search_term_string\"}}],\"inLanguage\":\"en-US\"},{\"@type\":\"Organization\",\"@id\":\"https:\\\/\\\/www.musikzeitung.ch\\\/#organization\",\"name\":\"Schweizer Musikzeitung\",\"url\":\"https:\\\/\\\/www.musikzeitung.ch\\\/\",\"logo\":{\"@type\":\"ImageObject\",\"inLanguage\":\"en-US\",\"@id\":\"https:\\\/\\\/www.musikzeitung.ch\\\/#\\\/schema\\\/logo\\\/image\\\/\",\"url\":\"https:\\\/\\\/www.musikzeitung.ch\\\/wp-content\\\/uploads\\\/2023\\\/01\\\/SMZ_Schriftzug_Sprache.png\",\"contentUrl\":\"https:\\\/\\\/www.musikzeitung.ch\\\/wp-content\\\/uploads\\\/2023\\\/01\\\/SMZ_Schriftzug_Sprache.png\",\"width\":1400,\"height\":279,\"caption\":\"Schweizer Musikzeitung\"},\"image\":{\"@id\":\"https:\\\/\\\/www.musikzeitung.ch\\\/#\\\/schema\\\/logo\\\/image\\\/\"},\"sameAs\":[\"https:\\\/\\\/www.facebook.com\\\/SchweizerMusikzeitung\\\/\",\"https:\\\/\\\/x.com\\\/smusikzeitung\",\"https:\\\/\\\/www.instagram.com\\\/musikzeitung.ch\\\/\"]},{\"@type\":\"Person\",\"@id\":\"https:\\\/\\\/www.musikzeitung.ch\\\/#\\\/schema\\\/person\\\/b2fd892c800856270b9dcc6001265712\",\"name\":\"Musikzeitung-Redaktion\",\"image\":{\"@type\":\"ImageObject\",\"inLanguage\":\"en-US\",\"@id\":\"https:\\\/\\\/www.musikzeitung.ch\\\/wp-content\\\/uploads\\\/2022\\\/05\\\/usericon_musikzeitung-96x96.jpg\",\"url\":\"https:\\\/\\\/www.musikzeitung.ch\\\/wp-content\\\/uploads\\\/2022\\\/05\\\/usericon_musikzeitung-96x96.jpg\",\"contentUrl\":\"https:\\\/\\\/www.musikzeitung.ch\\\/wp-content\\\/uploads\\\/2022\\\/05\\\/usericon_musikzeitung-96x96.jpg\",\"caption\":\"Musikzeitung-Redaktion\"},\"url\":\"https:\\\/\\\/www.musikzeitung.ch\\\/en\\\/author\\\/admin\"}]}<\/script>\n<!-- \/ Yoast SEO plugin. -->","yoast_head_json":{"title":"New research project, new year of further education - Schweizer Musikzeitung","robots":{"index":"index","follow":"follow","max-snippet":"max-snippet:-1","max-image-preview":"max-image-preview:large","max-video-preview":"max-video-preview:-1"},"canonical":"https:\/\/www.musikzeitung.ch\/en\/aus-und-weiterbildung\/2013\/10\/neues-forschungsprojekt-neuer-weiterbildungsjahrgang\/","og_locale":"en_US","og_type":"article","og_title":"Neues Forschungsprojekt, neuer Weiterbildungsjahrgang - Schweizer Musikzeitung","og_description":"Die Aktivit\u00e4ten des Schweizerischen Hochschulzentrums f\u00fcr Musikphysiologie betrafen in der Saison 2012\/13 Fortbildungskurse und Vollstudien, Forschungsprojekte und individuelle Hilfeleistungen.","og_url":"https:\/\/www.musikzeitung.ch\/en\/aus-und-weiterbildung\/2013\/10\/neues-forschungsprojekt-neuer-weiterbildungsjahrgang\/","og_site_name":"Schweizer Musikzeitung","article_publisher":"https:\/\/www.facebook.com\/SchweizerMusikzeitung\/","article_published_time":"2013-10-06T23:00:00+00:00","article_modified_time":"2023-01-18T00:11:58+00:00","og_image":[{"width":554,"height":354,"url":"https:\/\/www.musikzeitung.ch\/wp-content\/uploads\/2023\/01\/Fotolia_34988292_XS.jpg","type":"image\/jpeg"}],"author":"Musikzeitung-Redaktion","twitter_card":"summary_large_image","twitter_creator":"@smusikzeitung","twitter_site":"@smusikzeitung","twitter_misc":{"Written by":"Musikzeitung-Redaktion","Est. reading time":"2 minutes"},"schema":{"@context":"https:\/\/schema.org","@graph":[{"@type":"Article","@id":"https:\/\/www.musikzeitung.ch\/aus-und-weiterbildung\/2013\/10\/neues-forschungsprojekt-neuer-weiterbildungsjahrgang#article","isPartOf":{"@id":"https:\/\/www.musikzeitung.ch\/aus-und-weiterbildung\/2013\/10\/neues-forschungsprojekt-neuer-weiterbildungsjahrgang"},"author":{"name":"Musikzeitung-Redaktion","@id":"https:\/\/www.musikzeitung.ch\/#\/schema\/person\/b2fd892c800856270b9dcc6001265712"},"headline":"Neues Forschungsprojekt, neuer Weiterbildungsjahrgang","datePublished":"2013-10-06T23:00:00+00:00","dateModified":"2023-01-18T00:11:58+00:00","mainEntityOfPage":{"@id":"https:\/\/www.musikzeitung.ch\/aus-und-weiterbildung\/2013\/10\/neues-forschungsprojekt-neuer-weiterbildungsjahrgang"},"wordCount":316,"commentCount":0,"publisher":{"@id":"https:\/\/www.musikzeitung.ch\/#organization"},"image":{"@id":"https:\/\/www.musikzeitung.ch\/aus-und-weiterbildung\/2013\/10\/neues-forschungsprojekt-neuer-weiterbildungsjahrgang#primaryimage"},"thumbnailUrl":"https:\/\/www.musikzeitung.ch\/wp-content\/uploads\/2023\/01\/Fotolia_34988292_XS.jpg","articleSection":["Aus- und Weiterbildung","Musikhochschule"],"inLanguage":"en-US"},{"@type":"WebPage","@id":"https:\/\/www.musikzeitung.ch\/aus-und-weiterbildung\/2013\/10\/neues-forschungsprojekt-neuer-weiterbildungsjahrgang","url":"https:\/\/www.musikzeitung.ch\/aus-und-weiterbildung\/2013\/10\/neues-forschungsprojekt-neuer-weiterbildungsjahrgang","name":"New research project, new year of further education - Schweizer Musikzeitung","isPartOf":{"@id":"https:\/\/www.musikzeitung.ch\/#website"},"primaryImageOfPage":{"@id":"https:\/\/www.musikzeitung.ch\/aus-und-weiterbildung\/2013\/10\/neues-forschungsprojekt-neuer-weiterbildungsjahrgang#primaryimage"},"image":{"@id":"https:\/\/www.musikzeitung.ch\/aus-und-weiterbildung\/2013\/10\/neues-forschungsprojekt-neuer-weiterbildungsjahrgang#primaryimage"},"thumbnailUrl":"https:\/\/www.musikzeitung.ch\/wp-content\/uploads\/2023\/01\/Fotolia_34988292_XS.jpg","datePublished":"2013-10-06T23:00:00+00:00","dateModified":"2023-01-18T00:11:58+00:00","breadcrumb":{"@id":"https:\/\/www.musikzeitung.ch\/aus-und-weiterbildung\/2013\/10\/neues-forschungsprojekt-neuer-weiterbildungsjahrgang#breadcrumb"},"inLanguage":"en-US","potentialAction":[{"@type":"ReadAction","target":["https:\/\/www.musikzeitung.ch\/aus-und-weiterbildung\/2013\/10\/neues-forschungsprojekt-neuer-weiterbildungsjahrgang"]}]},{"@type":"ImageObject","inLanguage":"en-US","@id":"https:\/\/www.musikzeitung.ch\/aus-und-weiterbildung\/2013\/10\/neues-forschungsprojekt-neuer-weiterbildungsjahrgang#primaryimage","url":"https:\/\/www.musikzeitung.ch\/wp-content\/uploads\/2023\/01\/Fotolia_34988292_XS.jpg","contentUrl":"https:\/\/www.musikzeitung.ch\/wp-content\/uploads\/2023\/01\/Fotolia_34988292_XS.jpg","width":554,"height":354},{"@type":"BreadcrumbList","@id":"https:\/\/www.musikzeitung.ch\/aus-und-weiterbildung\/2013\/10\/neues-forschungsprojekt-neuer-weiterbildungsjahrgang#breadcrumb","itemListElement":[{"@type":"ListItem","position":1,"name":"Home","item":"https:\/\/www.musikzeitung.ch\/"},{"@type":"ListItem","position":2,"name":"Neues Forschungsprojekt, neuer Weiterbildungsjahrgang"}]},{"@type":"WebSite","@id":"https:\/\/www.musikzeitung.ch\/#website","url":"https:\/\/www.musikzeitung.ch\/","name":"Swiss Music Newspaper","description":"The leading interdisciplinary monthly newspaper in Switzerland for musical issues.","publisher":{"@id":"https:\/\/www.musikzeitung.ch\/#organization"},"potentialAction":[{"@type":"SearchAction","target":{"@type":"EntryPoint","urlTemplate":"https:\/\/www.musikzeitung.ch\/?s={search_term_string}"},"query-input":{"@type":"PropertyValueSpecification","valueRequired":true,"valueName":"search_term_string"}}],"inLanguage":"en-US"},{"@type":"Organization","@id":"https:\/\/www.musikzeitung.ch\/#organization","name":"Swiss Music Newspaper","url":"https:\/\/www.musikzeitung.ch\/","logo":{"@type":"ImageObject","inLanguage":"en-US","@id":"https:\/\/www.musikzeitung.ch\/#\/schema\/logo\/image\/","url":"https:\/\/www.musikzeitung.ch\/wp-content\/uploads\/2023\/01\/SMZ_Schriftzug_Sprache.png","contentUrl":"https:\/\/www.musikzeitung.ch\/wp-content\/uploads\/2023\/01\/SMZ_Schriftzug_Sprache.png","width":1400,"height":279,"caption":"Schweizer Musikzeitung"},"image":{"@id":"https:\/\/www.musikzeitung.ch\/#\/schema\/logo\/image\/"},"sameAs":["https:\/\/www.facebook.com\/SchweizerMusikzeitung\/","https:\/\/x.com\/smusikzeitung","https:\/\/www.instagram.com\/musikzeitung.ch\/"]},{"@type":"Person","@id":"https:\/\/www.musikzeitung.ch\/#\/schema\/person\/b2fd892c800856270b9dcc6001265712","name":"Music newspaper editorial office","image":{"@type":"ImageObject","inLanguage":"en-US","@id":"https:\/\/www.musikzeitung.ch\/wp-content\/uploads\/2022\/05\/usericon_musikzeitung-96x96.jpg","url":"https:\/\/www.musikzeitung.ch\/wp-content\/uploads\/2022\/05\/usericon_musikzeitung-96x96.jpg","contentUrl":"https:\/\/www.musikzeitung.ch\/wp-content\/uploads\/2022\/05\/usericon_musikzeitung-96x96.jpg","caption":"Musikzeitung-Redaktion"},"url":"https:\/\/www.musikzeitung.ch\/en\/author\/admin"}]}},"publishpress_future_workflow_manual_trigger":{"enabledWorkflows":[]},"_links":{"self":[{"href":"https:\/\/www.musikzeitung.ch\/en\/wp-json\/wp\/v2\/posts\/17171","targetHints":{"allow":["GET"]}}],"collection":[{"href":"https:\/\/www.musikzeitung.ch\/en\/wp-json\/wp\/v2\/posts"}],"about":[{"href":"https:\/\/www.musikzeitung.ch\/en\/wp-json\/wp\/v2\/types\/post"}],"author":[{"embeddable":true,"href":"https:\/\/www.musikzeitung.ch\/en\/wp-json\/wp\/v2\/users\/1"}],"replies":[{"embeddable":true,"href":"https:\/\/www.musikzeitung.ch\/en\/wp-json\/wp\/v2\/comments?post=17171"}],"version-history":[{"count":1,"href":"https:\/\/www.musikzeitung.ch\/en\/wp-json\/wp\/v2\/posts\/17171\/revisions"}],"predecessor-version":[{"id":17172,"href":"https:\/\/www.musikzeitung.ch\/en\/wp-json\/wp\/v2\/posts\/17171\/revisions\/17172"}],"wp:featuredmedia":[{"embeddable":true,"href":"https:\/\/www.musikzeitung.ch\/en\/wp-json\/wp\/v2\/media\/15422"}],"wp:attachment":[{"href":"https:\/\/www.musikzeitung.ch\/en\/wp-json\/wp\/v2\/media?parent=17171"}],"wp:term":[{"taxonomy":"category","embeddable":true,"href":"https:\/\/www.musikzeitung.ch\/en\/wp-json\/wp\/v2\/categories?post=17171"},{"taxonomy":"post_tag","embeddable":true,"href":"https:\/\/www.musikzeitung.ch\/en\/wp-json\/wp\/v2\/tags?post=17171"}],"curies":[{"name":"wp","href":"https:\/\/api.w.org\/{rel}","templated":true}]}}