{"id":17185,"date":"2013-11-07T00:00:00","date_gmt":"2013-11-06T23:00:00","guid":{"rendered":"https:\/\/www.musikzeitung.ch\/allgemein\/musikalisches-erleben-im-hohen-alter-2\/"},"modified":"2023-01-18T01:11:59","modified_gmt":"2023-01-18T00:11:59","slug":"musikalisches-erleben-im-hohen-alter-2","status":"publish","type":"post","link":"https:\/\/www.musikzeitung.ch\/en\/aus-und-weiterbildung\/2013\/11\/musikalisches-erleben-im-hohen-alter-2","title":{"rendered":"Musical experience in old age"},"content":{"rendered":"<figure style=\"width: 1200px\" class=\"wp-caption alignnone\"><img decoding=\"async\" class=\"size-full\" src=\"https:\/\/www.musikzeitung.ch\/wp-content\/uploads\/2023\/01\/OrffersteWahl-1.jpg\" alt=\"\" \/><figcaption class=\"wp-caption-text\">Photos: W. Minder, zvg<\/figcaption><\/figure>\n<div class='text-section'>\n<p>The focus of the first DVD - after an overview of elementary music and dance pedagogy EMTP - is dedicated to reflection in the form of a theme-centered summary of interviews with experts and discussion rounds with home residents, a caregiver and students of the Carl-Orff-Institute. The book concludes with insights into the lives of two residents who took part in the weekly musical program for many years. <\/p>\n<\/p><\/div>\n<div class='text-section'>\n<dl class='picture media photo'>\n<dt> <img class='media photo' src='https:\/\/www.musikzeitung.ch\/wp-content\/uploads\/2023\/01\/OrffHandschuhe-1.jpg' alt='Image '> <\/dt>\n<\/dl><\/div>\n<div class='text-section'>\n<p>The discussion of the questions \"Why music? What is the intrinsic value of music?\", always in relation to scientific findings and the importance of emotionality. The connection between music and long-term memory (\"well-known songs are even stored with several verses until old age\") is addressed as well as the psychosomatic effect of music, i.e. the questions: \"What significance did music have in earlier life, what effect does music have today?\". It is shown how EMPT adapts to people's life stories and draws conclusions for practice. Statements from senior citizens explain the practical relevance: \"Music is accessible to everyone. Music lifts the mood. You can feel that you are alive. Everyone is who they are.\" In this sense, music is part of biography work, part of rewriting one's own history. But it's also about learning new things and being challenged.<\/p>\n<\/p><\/div>\n<div class='text-section'>\n<dl class='picture media photo pos-2'>\n<dt> <img class='media photo pos-2' src='https:\/\/www.musikzeitung.ch\/wp-content\/uploads\/2023\/01\/Bild7-cr-1.jpg' alt='Image '> <\/dt>\n<\/dl><\/div>\n<div class='text-section'>\n<p>The strong reference to the importance of music in life lays the foundations for training and further education at the Carl Orff Institute in the field of music geragogy and clearly defines the difference to elementary music education: It is not education that is required, but education that takes biography into account without staging an infantilization of music.<\/p>\n<p>DVD 2 is dedicated to practice and, after an introduction, shows many examples, divided into three core areas with a further division into 15 subject areas. The practical examples are aesthetically profound, the selection of songs and pieces of music is varied and the materials are balanced. The lecturer Christine Sch\u00f6nherr and the participating students impress with their performative and professional musicality. This basic artistic quality, characterized by aesthetic design, respect and theoretical understanding, provides a unique basis for all participants to join in.<\/p>\n<\/p><\/div>\n<dl class='media player video large'>\n<dt>\n<div class='mediaplayer'>\n<div class='jwplayer' id='video-05' style='width: 554px; height: 312px; background-color: rgb(0, 0, 0);'>\n<div class='jwclick' id='video-05_menu' style='display: none;'>\n<div class='jwclick_item'>About JW Player 6.0.2813...<\/div>\n<\/div>\n<div style='position: absolute; width: 100%; height: 100%;'><span class='jwmain'><span class='jwvideo'><video><\/video><\/span><span class='jwcontrols'><\/p>\n<div id='video-05_caption' class='jwcaptions'>\n<div style='color: rgb(255, 255, 255); display: none; font-family: Arial, sans-serif; font-style: normal; font-weight: normal; height: auto; margin: 0px; padding: 3px 9px; position: absolute; text-align: center; text-decoration: none; overflow-wrap: break-word; width: auto; background: rgb(0, 0, 0);'><\/div>\n<\/div>\n<div id='video-05_display' class='jwdisplay'>\n<div class='jwpreview jwuniform'><\/div>\n<div class='jwdisplayIcon' id='video-05_display_button' style='opacity: 1;'>\n<div class='jwtext' style=''><\/div>\n<div class='icon' id='video-05_display_button_play'><\/div>\n<\/div>\n<\/div>\n<p><img class='jwlogo' id='video-05_logo' src='https:\/\/www.musikzeitung.ch\/wp-content\/uploads\/2023\/01\/logo-9.png' style='opacity: 1;'><\/p>\n<div class='jwdock' id='video-05_dock' style='opacity: 0; visibility: hidden;'>\n<div class='jwdockbuttons'>\n<div class='capLeft'><\/div>\n<div class='capRight'><\/div>\n<\/div>\n<\/div>\n<p><span id='video-05_controlbar' class='jwcontrolbar' style='opacity: 0;'><span class='jwbackground'>\u00a0<\/span><span class='jwcapLeft'>\u00a0<\/span><span class='jwgroup jwleft'><span class='jwplay jwbuttoncontainer'><button>\u00a0<\/button><\/span><span class='jwdivider'>\u00a0<\/span><span class='jwprev jwbuttoncontainer'><button>\u00a0<\/button><\/span><span class='jwnext jwbuttoncontainer'><button>\u00a0<\/button><\/span><span class='jwdivider nextdiv'>\u00a0<\/span><span id='video-05_controlbar_elapsed' class='jwtext jwelapsed'>00:00<\/span><\/span><span class='jwgroup jwcenter'><span class='jwslider jwtime'><span class='jwtimeSliderCapLeft'>\u00a0<\/span><span class='jwrail jwsmooth'><span class='jwrailgroup Rail'><span class='jwtimeSliderRailCapLeft'>\u00a0<\/span><span class='jwtimeSliderRail'>\u00a0<\/span><span class='jwtimeSliderRailCapRight jwcapRight'>\u00a0<\/span><\/span><span class='jwrailgroup Buffer' style='width: 0%; opacity: 0;'><span class='jwtimeSliderBufferCapLeft'>\u00a0<\/span><span class='jwtimeSliderBuffer'>\u00a0<\/span><span class='jwtimeSliderBufferCapRight jwcapRight'>\u00a0<\/span><\/span><span class='jwrailgroup Progress' style='width: 0%; opacity: 0;'><span class='jwtimeSliderProgressCapLeft'>\u00a0<\/span><span class='jwtimeSliderProgress'>\u00a0<\/span><span class='jwtimeSliderProgressCapRight jwcapRight'>\u00a0<\/span><\/span><span class='jwtimeSliderThumb jwthumb' style='left: 0%;'>\u00a0<\/span><\/p>\n<div class='jwoverlay' id='video-05_controlbar_timetooltip'>\n<div class='jwarrow'><\/div>\n<div class='jwborder jwtopleft'><\/div>\n<div class='jwborder jwbottomleft'><\/div>\n<div class='jwborder jwtopright'><\/div>\n<div class='jwborder jwbottomright'><\/div>\n<div class='jwborder jwleft'><\/div>\n<div class='jwborder jwright'><\/div>\n<div class='jwborder jwtop'><\/div>\n<div class='jwborder jwbottom'><\/div>\n<div class='jwback'><\/div>\n<div class='jwcontents'>\n<div class='jwoverlaytext'>00:00<\/div>\n<\/div>\n<\/div>\n<p><\/span><span class='jwtimeSliderCapRight'>\u00a0<\/span><\/span><\/span><span class='jwgroup jwright'><span id='video-05_controlbar_duration' class='jwtext jwduration'>00:00<\/span><span class='jwdivider'>\u00a0<\/span><span class='jwhd jwbuttoncontainer'><button>\u00a0<\/button><\/p>\n<div class='jwoverlay' id='video-05_controlbar_hd_overlay'>\n<div class='jwarrow'><\/div>\n<div class='jwborder jwtopleft'><\/div>\n<div class='jwborder jwbottomleft'><\/div>\n<div class='jwborder jwtopright'><\/div>\n<div class='jwborder jwbottomright'><\/div>\n<div class='jwborder jwleft'><\/div>\n<div class='jwborder jwright'><\/div>\n<div class='jwborder jwtop'><\/div>\n<div class='jwborder jwbottom'><\/div>\n<div class='jwback'><\/div>\n<div class='jwcontents'>\n<div class='jwmenu' id='video-05_controlbar_hd'><img src='https:\/\/www.musikzeitung.ch\/wp-content\/uploads\/2023\/01\/rTOJOuWRp7CWLQnPGLMZPCkjOsuTEtLG6-LDY4lfFruRp4ELLsTQH48xaHv1kCiGEECLStm1QvB5ykBBCiJe5AX69621Fd8YvAAAAAElFTkSuQmCC'><\/div>\n<\/div>\n<\/div>\n<p><\/span><span class='jwcc jwbuttoncontainer'><button>\u00a0<\/button><\/p>\n<div class='jwoverlay' id='video-05_controlbar_cc_overlay'>\n<div class='jwarrow'><\/div>\n<div class='jwborder jwtopleft'><\/div>\n<div class='jwborder jwbottomleft'><\/div>\n<div class='jwborder jwtopright'><\/div>\n<div class='jwborder jwbottomright'><\/div>\n<div class='jwborder jwleft'><\/div>\n<div class='jwborder jwright'><\/div>\n<div class='jwborder jwtop'><\/div>\n<div class='jwborder jwbottom'><\/div>\n<div class='jwback'><\/div>\n<div class='jwcontents'>\n<div class='jwmenu' id='video-05_controlbar_cc'><img src='https:\/\/www.musikzeitung.ch\/wp-content\/uploads\/2023\/01\/qi3KPrz9SBgMBoPBYDD8a3Rdt5v8TiwDDQaDwWD4Ef4AO4h4lB2vwSEAAAAASUVORK5CYII'><\/div>\n<\/div>\n<\/div>\n<p><\/span><span class='jwdivider'>\u00a0<\/span><span class='jwmute'><button>\u00a0<\/button><\/p>\n<div class='jwoverlay' id='video-05_controlbar_volumeoverlay'>\n<div class='jwarrow'><\/div>\n<div class='jwborder jwtopleft'><\/div>\n<div class='jwborder jwbottomleft'><\/div>\n<div class='jwborder jwtopright'><\/div>\n<div class='jwborder jwbottomright'><\/div>\n<div class='jwborder jwleft'><\/div>\n<div class='jwborder jwright'><\/div>\n<div class='jwborder jwtop'><\/div>\n<div class='jwborder jwbottom'><\/div>\n<div class='jwback'><\/div>\n<div class='jwcontents'><span class='jwslider jwvolume jwvertical'><span class='jwvolumeCapTop'>\u00a0<\/span><span class='jwrail jwsmooth'><span class='jwrailgroup Rail'><span class='jwvolumeRailCapTop'>\u00a0<\/span><span class='jwvolumeRail'>\u00a0<\/span><span class='jwvolumeRailCapBottom jwcapBottom'>\u00a0<\/span><\/span><span class='jwrailgroup Progress' style='height: 90%; bottom: 0px; opacity: 1;'><span class='jwvolumeProgressCapTop'>\u00a0<\/span><span class='jwvolumeProgress'>\u00a0<\/span><span class='jwvolumeProgressCapBottom jwcapBottom'>\u00a0<\/span><span class='jwvolumeThumb jwthumb' style='top: 0px;'>\u00a0<\/span><\/span><\/span><span class='jwvolumeCapBottom jwcapBottom'>\u00a0<\/span><\/span><\/div>\n<\/div>\n<p><\/span><span class='jwdivider'>\u00a0<\/span><span class='jwfullscreen jwbuttoncontainer'><button>\u00a0<\/button><\/p>\n<div class='jwoverlay' id='video-05_controlbar_fullscreenoverlay'>\n<div class='jwarrow'><\/div>\n<div class='jwborder jwtopleft'><\/div>\n<div class='jwborder jwbottomleft'><\/div>\n<div class='jwborder jwtopright'><\/div>\n<div class='jwborder jwbottomright'><\/div>\n<div class='jwborder jwleft'><\/div>\n<div class='jwborder jwright'><\/div>\n<div class='jwborder jwtop'><\/div>\n<div class='jwborder jwbottom'><\/div>\n<div class='jwback'><\/div>\n<div class='jwcontents'>\n<div class='jwoverlaytext'>Fullscreen<\/div>\n<\/div>\n<\/div>\n<p><\/span><\/span><span class='jwcapRight'>\u00a0<\/span><\/span><\/span><span class='jwinstream'><\/span><\/p>\n<div id='video-05_jwpsrv' style='position: absolute; top: 0px; z-index: 10;'>\n<div class='afs_ads' style='width: 1px; height: 1px; position: absolute; background: transparent;'>\u00a0<\/div>\n<\/div>\n<p><\/span><span class='jwplaylistcontainer'><\/span><\/div>\n<\/div>\n<p> <script type='text\/javascript'> jwplayer('video-05').setup({ flashplayer: '\/dms\/jwplayer\/jwplayer.flash\/jwplayer.flash.swf', file: '\/de\/campus\/musikhochschule\/2013\/11\/dvd-rezension-mozarteum\/content\/05\/videoBinary\/Gruppenimprovisation-DVD.mp4', image: '', width: '554', height: '312', }); <\/script> <\/div>\n<\/dt>\n<dd class='caption'>Group improvisation with sticks<\/dd>\n<\/dl>\n<dl class='media player video large'>\n<dt>\n<div class='mediaplayer'>\n<div class='jwplayer' id='video-06' style='width: 554px; height: 312px; background-color: rgb(0, 0, 0);'>\n<div class='jwclick' id='video-06_menu' style='display: none;'>\n<div class='jwclick_item'>About JW Player 6.0.2813...<\/div>\n<\/div>\n<div style='position: absolute; width: 100%; height: 100%;'><span class='jwmain'><span class='jwvideo'><video><\/video><\/span><span class='jwcontrols'><\/p>\n<div id='video-06_caption' class='jwcaptions'>\n<div style='color: rgb(255, 255, 255); display: none; font-family: Arial, sans-serif; font-style: normal; font-weight: normal; height: auto; margin: 0px; padding: 3px 9px; position: absolute; text-align: center; text-decoration: none; overflow-wrap: break-word; width: auto; background: rgb(0, 0, 0);'><\/div>\n<\/div>\n<div id='video-06_display' class='jwdisplay'>\n<div class='jwpreview jwuniform'><\/div>\n<div class='jwdisplayIcon' id='video-06_display_button' style='opacity: 1;'>\n<div class='jwtext' style=''><\/div>\n<div class='icon' id='video-06_display_button_play'><\/div>\n<\/div>\n<\/div>\n<p><img class='jwlogo' id='video-06_logo' src='https:\/\/www.musikzeitung.ch\/wp-content\/uploads\/2023\/01\/logo-9.png' style='opacity: 1;'><\/p>\n<div class='jwdock' id='video-06_dock' style='opacity: 0; visibility: hidden;'>\n<div class='jwdockbuttons'>\n<div class='capLeft'><\/div>\n<div class='capRight'><\/div>\n<\/div>\n<\/div>\n<p><span id='video-06_controlbar' class='jwcontrolbar' style='opacity: 0;'><span class='jwbackground'>\u00a0<\/span><span class='jwcapLeft'>\u00a0<\/span><span class='jwgroup jwleft'><span class='jwplay jwbuttoncontainer'><button>\u00a0<\/button><\/span><span class='jwdivider'>\u00a0<\/span><span class='jwprev jwbuttoncontainer'><button>\u00a0<\/button><\/span><span class='jwnext jwbuttoncontainer'><button>\u00a0<\/button><\/span><span class='jwdivider nextdiv'>\u00a0<\/span><span id='video-06_controlbar_elapsed' class='jwtext jwelapsed'>00:00<\/span><\/span><span class='jwgroup jwcenter'><span class='jwslider jwtime'><span class='jwtimeSliderCapLeft'>\u00a0<\/span><span class='jwrail jwsmooth'><span class='jwrailgroup Rail'><span class='jwtimeSliderRailCapLeft'>\u00a0<\/span><span class='jwtimeSliderRail'>\u00a0<\/span><span class='jwtimeSliderRailCapRight jwcapRight'>\u00a0<\/span><\/span><span class='jwrailgroup Buffer' style='width: 0%; opacity: 0;'><span class='jwtimeSliderBufferCapLeft'>\u00a0<\/span><span class='jwtimeSliderBuffer'>\u00a0<\/span><span class='jwtimeSliderBufferCapRight jwcapRight'>\u00a0<\/span><\/span><span class='jwrailgroup Progress' style='width: 0%; opacity: 0;'><span class='jwtimeSliderProgressCapLeft'>\u00a0<\/span><span class='jwtimeSliderProgress'>\u00a0<\/span><span class='jwtimeSliderProgressCapRight jwcapRight'>\u00a0<\/span><\/span><span class='jwtimeSliderThumb jwthumb' style='left: 0%;'>\u00a0<\/span><\/p>\n<div class='jwoverlay' id='video-06_controlbar_timetooltip'>\n<div class='jwarrow'><\/div>\n<div class='jwborder jwtopleft'><\/div>\n<div class='jwborder jwbottomleft'><\/div>\n<div class='jwborder jwtopright'><\/div>\n<div class='jwborder jwbottomright'><\/div>\n<div class='jwborder jwleft'><\/div>\n<div class='jwborder jwright'><\/div>\n<div class='jwborder jwtop'><\/div>\n<div class='jwborder jwbottom'><\/div>\n<div class='jwback'><\/div>\n<div class='jwcontents'>\n<div class='jwoverlaytext'>00:00<\/div>\n<\/div>\n<\/div>\n<p><\/span><span class='jwtimeSliderCapRight'>\u00a0<\/span><\/span><\/span><span class='jwgroup jwright'><span id='video-06_controlbar_duration' class='jwtext jwduration'>00:00<\/span><span class='jwdivider'>\u00a0<\/span><span class='jwhd jwbuttoncontainer'><button>\u00a0<\/button><\/p>\n<div class='jwoverlay' id='video-06_controlbar_hd_overlay'>\n<div class='jwarrow'><\/div>\n<div class='jwborder jwtopleft'><\/div>\n<div class='jwborder jwbottomleft'><\/div>\n<div class='jwborder jwtopright'><\/div>\n<div class='jwborder jwbottomright'><\/div>\n<div class='jwborder jwleft'><\/div>\n<div class='jwborder jwright'><\/div>\n<div class='jwborder jwtop'><\/div>\n<div class='jwborder jwbottom'><\/div>\n<div class='jwback'><\/div>\n<div class='jwcontents'>\n<div class='jwmenu' id='video-06_controlbar_hd'><img src='https:\/\/www.musikzeitung.ch\/wp-content\/uploads\/2023\/01\/rTOJOuWRp7CWLQnPGLMZPCkjOsuTEtLG6-LDY4lfFruRp4ELLsTQH48xaHv1kCiGEECLStm1QvB5ykBBCiJe5AX69621Fd8YvAAAAAElFTkSuQmCC'><\/div>\n<\/div>\n<\/div>\n<p><\/span><span class='jwcc jwbuttoncontainer'><button>\u00a0<\/button><\/p>\n<div class='jwoverlay' id='video-06_controlbar_cc_overlay'>\n<div class='jwarrow'><\/div>\n<div class='jwborder jwtopleft'><\/div>\n<div class='jwborder jwbottomleft'><\/div>\n<div class='jwborder jwtopright'><\/div>\n<div class='jwborder jwbottomright'><\/div>\n<div class='jwborder jwleft'><\/div>\n<div class='jwborder jwright'><\/div>\n<div class='jwborder jwtop'><\/div>\n<div class='jwborder jwbottom'><\/div>\n<div class='jwback'><\/div>\n<div class='jwcontents'>\n<div class='jwmenu' id='video-06_controlbar_cc'><img src='https:\/\/www.musikzeitung.ch\/wp-content\/uploads\/2023\/01\/qi3KPrz9SBgMBoPBYDD8a3Rdt5v8TiwDDQaDwWD4Ef4AO4h4lB2vwSEAAAAASUVORK5CYII'><\/div>\n<\/div>\n<\/div>\n<p><\/span><span class='jwdivider'>\u00a0<\/span><span class='jwmute'><button>\u00a0<\/button><\/p>\n<div class='jwoverlay' id='video-06_controlbar_volumeoverlay'>\n<div class='jwarrow'><\/div>\n<div class='jwborder jwtopleft'><\/div>\n<div class='jwborder jwbottomleft'><\/div>\n<div class='jwborder jwtopright'><\/div>\n<div class='jwborder jwbottomright'><\/div>\n<div class='jwborder jwleft'><\/div>\n<div class='jwborder jwright'><\/div>\n<div class='jwborder jwtop'><\/div>\n<div class='jwborder jwbottom'><\/div>\n<div class='jwback'><\/div>\n<div class='jwcontents'><span class='jwslider jwvolume jwvertical'><span class='jwvolumeCapTop'>\u00a0<\/span><span class='jwrail jwsmooth'><span class='jwrailgroup Rail'><span class='jwvolumeRailCapTop'>\u00a0<\/span><span class='jwvolumeRail'>\u00a0<\/span><span class='jwvolumeRailCapBottom jwcapBottom'>\u00a0<\/span><\/span><span class='jwrailgroup Progress' style='height: 90%; bottom: 0px; opacity: 1;'><span class='jwvolumeProgressCapTop'>\u00a0<\/span><span class='jwvolumeProgress'>\u00a0<\/span><span class='jwvolumeProgressCapBottom jwcapBottom'>\u00a0<\/span><span class='jwvolumeThumb jwthumb' style='top: 0px;'>\u00a0<\/span><\/span><\/span><span class='jwvolumeCapBottom jwcapBottom'>\u00a0<\/span><\/span><\/div>\n<\/div>\n<p><\/span><span class='jwdivider'>\u00a0<\/span><span class='jwfullscreen jwbuttoncontainer'><button>\u00a0<\/button><\/p>\n<div class='jwoverlay' id='video-06_controlbar_fullscreenoverlay'>\n<div class='jwarrow'><\/div>\n<div class='jwborder jwtopleft'><\/div>\n<div class='jwborder jwbottomleft'><\/div>\n<div class='jwborder jwtopright'><\/div>\n<div class='jwborder jwbottomright'><\/div>\n<div class='jwborder jwleft'><\/div>\n<div class='jwborder jwright'><\/div>\n<div class='jwborder jwtop'><\/div>\n<div class='jwborder jwbottom'><\/div>\n<div class='jwback'><\/div>\n<div class='jwcontents'>\n<div class='jwoverlaytext'>Fullscreen<\/div>\n<\/div>\n<\/div>\n<p><\/span><\/span><span class='jwcapRight'>\u00a0<\/span><\/span><\/span><span class='jwinstream'><\/span><\/p>\n<div id='video-06_jwpsrv' style='position: absolute; top: 0px; z-index: 10;'>\n<div class='afs_ads' style='width: 1px; height: 1px; position: absolute; background: transparent;'>\u00a0<\/div>\n<\/div>\n<p><\/span><span class='jwplaylistcontainer'><\/span><\/div>\n<\/div>\n<p> <script type='text\/javascript'> jwplayer('video-06').setup({ flashplayer: '\/dms\/jwplayer\/jwplayer.flash\/jwplayer.flash.swf', file: '\/de\/campus\/musikhochschule\/2013\/11\/dvd-rezension-mozarteum\/content\/06\/videoBinary\/Otto-paarw-DVD.mp4', image: '', width: '554', height: '312', }); <\/script> <\/div>\n<\/dt>\n<dd class='caption'>Passing on impulses<\/dd>\n<\/dl>\n<dl class='media player video large'>\n<dt>\n<div class='mediaplayer'>\n<div class='jwplayer' id='video-04' style='width: 554px; height: 312px; background-color: rgb(0, 0, 0);'>\n<div class='jwclick' id='video-04_menu' style='display: none;'>\n<div class='jwclick_item'>About JW Player 6.0.2813...<\/div>\n<\/div>\n<div style='position: absolute; width: 100%; height: 100%;'><span class='jwmain'><span class='jwvideo'><video><\/video><\/span><span class='jwcontrols'><\/p>\n<div id='video-04_caption' class='jwcaptions'>\n<div style='color: rgb(255, 255, 255); display: none; font-family: Arial, sans-serif; font-style: normal; font-weight: normal; height: auto; margin: 0px; padding: 3px 9px; position: absolute; text-align: center; text-decoration: none; overflow-wrap: break-word; width: auto; background: rgb(0, 0, 0);'><\/div>\n<\/div>\n<div id='video-04_display' class='jwdisplay'>\n<div class='jwpreview jwuniform'><\/div>\n<div class='jwdisplayIcon' id='video-04_display_button' style='opacity: 1;'>\n<div class='jwtext' style=''><\/div>\n<div class='icon' id='video-04_display_button_play'><\/div>\n<\/div>\n<\/div>\n<p><img class='jwlogo' id='video-04_logo' src='https:\/\/www.musikzeitung.ch\/wp-content\/uploads\/2023\/01\/logo-9.png' style='opacity: 1;'><\/p>\n<div class='jwdock' id='video-04_dock' style='opacity: 0; visibility: hidden;'>\n<div class='jwdockbuttons'>\n<div class='capLeft'><\/div>\n<div class='capRight'><\/div>\n<\/div>\n<\/div>\n<p><span id='video-04_controlbar' class='jwcontrolbar' style='opacity: 0;'><span class='jwbackground'>\u00a0<\/span><span class='jwcapLeft'>\u00a0<\/span><span class='jwgroup jwleft'><span class='jwplay jwbuttoncontainer'><button>\u00a0<\/button><\/span><span class='jwdivider'>\u00a0<\/span><span class='jwprev jwbuttoncontainer'><button>\u00a0<\/button><\/span><span class='jwnext jwbuttoncontainer'><button>\u00a0<\/button><\/span><span class='jwdivider nextdiv'>\u00a0<\/span><span id='video-04_controlbar_elapsed' class='jwtext jwelapsed'>00:00<\/span><\/span><span class='jwgroup jwcenter'><span class='jwslider jwtime'><span class='jwtimeSliderCapLeft'>\u00a0<\/span><span class='jwrail jwsmooth'><span class='jwrailgroup Rail'><span class='jwtimeSliderRailCapLeft'>\u00a0<\/span><span class='jwtimeSliderRail'>\u00a0<\/span><span class='jwtimeSliderRailCapRight jwcapRight'>\u00a0<\/span><\/span><span class='jwrailgroup Buffer' style='width: 0%; opacity: 0;'><span class='jwtimeSliderBufferCapLeft'>\u00a0<\/span><span class='jwtimeSliderBuffer'>\u00a0<\/span><span class='jwtimeSliderBufferCapRight jwcapRight'>\u00a0<\/span><\/span><span class='jwrailgroup Progress' style='width: 0%; opacity: 0;'><span class='jwtimeSliderProgressCapLeft'>\u00a0<\/span><span class='jwtimeSliderProgress'>\u00a0<\/span><span class='jwtimeSliderProgressCapRight jwcapRight'>\u00a0<\/span><\/span><span class='jwtimeSliderThumb jwthumb' style='left: 0%;'>\u00a0<\/span><\/p>\n<div class='jwoverlay' id='video-04_controlbar_timetooltip'>\n<div class='jwarrow'><\/div>\n<div class='jwborder jwtopleft'><\/div>\n<div class='jwborder jwbottomleft'><\/div>\n<div class='jwborder jwtopright'><\/div>\n<div class='jwborder jwbottomright'><\/div>\n<div class='jwborder jwleft'><\/div>\n<div class='jwborder jwright'><\/div>\n<div class='jwborder jwtop'><\/div>\n<div class='jwborder jwbottom'><\/div>\n<div class='jwback'><\/div>\n<div class='jwcontents'>\n<div class='jwoverlaytext'>00:00<\/div>\n<\/div>\n<\/div>\n<p><\/span><span class='jwtimeSliderCapRight'>\u00a0<\/span><\/span><\/span><span class='jwgroup jwright'><span id='video-04_controlbar_duration' class='jwtext jwduration'>00:00<\/span><span class='jwdivider'>\u00a0<\/span><span class='jwhd jwbuttoncontainer'><button>\u00a0<\/button><\/p>\n<div class='jwoverlay' id='video-04_controlbar_hd_overlay'>\n<div class='jwarrow'><\/div>\n<div class='jwborder jwtopleft'><\/div>\n<div class='jwborder jwbottomleft'><\/div>\n<div class='jwborder jwtopright'><\/div>\n<div class='jwborder jwbottomright'><\/div>\n<div class='jwborder jwleft'><\/div>\n<div class='jwborder jwright'><\/div>\n<div class='jwborder jwtop'><\/div>\n<div class='jwborder jwbottom'><\/div>\n<div class='jwback'><\/div>\n<div class='jwcontents'>\n<div class='jwmenu' id='video-04_controlbar_hd'><img src='https:\/\/www.musikzeitung.ch\/wp-content\/uploads\/2023\/01\/rTOJOuWRp7CWLQnPGLMZPCkjOsuTEtLG6-LDY4lfFruRp4ELLsTQH48xaHv1kCiGEECLStm1QvB5ykBBCiJe5AX69621Fd8YvAAAAAElFTkSuQmCC'><\/div>\n<\/div>\n<\/div>\n<p><\/span><span class='jwcc jwbuttoncontainer'><button>\u00a0<\/button><\/p>\n<div class='jwoverlay' id='video-04_controlbar_cc_overlay'>\n<div class='jwarrow'><\/div>\n<div class='jwborder jwtopleft'><\/div>\n<div class='jwborder jwbottomleft'><\/div>\n<div class='jwborder jwtopright'><\/div>\n<div class='jwborder jwbottomright'><\/div>\n<div class='jwborder jwleft'><\/div>\n<div class='jwborder jwright'><\/div>\n<div class='jwborder jwtop'><\/div>\n<div class='jwborder jwbottom'><\/div>\n<div class='jwback'><\/div>\n<div class='jwcontents'>\n<div class='jwmenu' id='video-04_controlbar_cc'><img src='https:\/\/www.musikzeitung.ch\/wp-content\/uploads\/2023\/01\/qi3KPrz9SBgMBoPBYDD8a3Rdt5v8TiwDDQaDwWD4Ef4AO4h4lB2vwSEAAAAASUVORK5CYII'><\/div>\n<\/div>\n<\/div>\n<p><\/span><span class='jwdivider'>\u00a0<\/span><span class='jwmute'><button>\u00a0<\/button><\/p>\n<div class='jwoverlay' id='video-04_controlbar_volumeoverlay'>\n<div class='jwarrow'><\/div>\n<div class='jwborder jwtopleft'><\/div>\n<div class='jwborder jwbottomleft'><\/div>\n<div class='jwborder jwtopright'><\/div>\n<div class='jwborder jwbottomright'><\/div>\n<div class='jwborder jwleft'><\/div>\n<div class='jwborder jwright'><\/div>\n<div class='jwborder jwtop'><\/div>\n<div class='jwborder jwbottom'><\/div>\n<div class='jwback'><\/div>\n<div class='jwcontents'><span class='jwslider jwvolume jwvertical'><span class='jwvolumeCapTop'>\u00a0<\/span><span class='jwrail jwsmooth'><span class='jwrailgroup Rail'><span class='jwvolumeRailCapTop'>\u00a0<\/span><span class='jwvolumeRail'>\u00a0<\/span><span class='jwvolumeRailCapBottom jwcapBottom'>\u00a0<\/span><\/span><span class='jwrailgroup Progress' style='height: 90%; bottom: 0px; opacity: 1;'><span class='jwvolumeProgressCapTop'>\u00a0<\/span><span class='jwvolumeProgress'>\u00a0<\/span><span class='jwvolumeProgressCapBottom jwcapBottom'>\u00a0<\/span><span class='jwvolumeThumb jwthumb' style='top: 0px;'>\u00a0<\/span><\/span><\/span><span class='jwvolumeCapBottom jwcapBottom'>\u00a0<\/span><\/span><\/div>\n<\/div>\n<p><\/span><span class='jwdivider'>\u00a0<\/span><span class='jwfullscreen jwbuttoncontainer'><button>\u00a0<\/button><\/p>\n<div class='jwoverlay' id='video-04_controlbar_fullscreenoverlay'>\n<div class='jwarrow'><\/div>\n<div class='jwborder jwtopleft'><\/div>\n<div class='jwborder jwbottomleft'><\/div>\n<div class='jwborder jwtopright'><\/div>\n<div class='jwborder jwbottomright'><\/div>\n<div class='jwborder jwleft'><\/div>\n<div class='jwborder jwright'><\/div>\n<div class='jwborder jwtop'><\/div>\n<div class='jwborder jwbottom'><\/div>\n<div class='jwback'><\/div>\n<div class='jwcontents'>\n<div class='jwoverlaytext'>Fullscreen<\/div>\n<\/div>\n<\/div>\n<p><\/span><\/span><span class='jwcapRight'>\u00a0<\/span><\/span><\/span><span class='jwinstream'><\/span><\/p>\n<div id='video-04_jwpsrv' style='position: absolute; top: 0px; z-index: 10;'>\n<div class='afs_ads' style='width: 1px; height: 1px; position: absolute; background: transparent;'>\u00a0<\/div>\n<\/div>\n<p><\/span><span class='jwplaylistcontainer'><\/span><\/div>\n<\/div>\n<p> <script type='text\/javascript'> jwplayer('video-04').setup({ flashplayer: '\/dms\/jwplayer\/jwplayer.flash\/jwplayer.flash.swf', file: '\/de\/campus\/musikhochschule\/2013\/11\/dvd-rezension-mozarteum\/content\/04\/videoBinary\/Fingerimprov-DVD.mp4', image: '', width: '554', height: '312', }); <\/script> <\/div>\n<\/dt>\n<dd class='caption'>Finger improvisation<\/dd>\n<\/dl>\n<dl class='media player video large'>\n<dt>\n<div class='mediaplayer'>\n<div class='jwplayer' id='video-07' style='width: 554px; height: 312px; background-color: rgb(0, 0, 0);'>\n<div class='jwclick' id='video-07_menu' style='display: none;'>\n<div class='jwclick_item'>About JW Player 6.0.2813...<\/div>\n<\/div>\n<div style='position: absolute; width: 100%; height: 100%;'><span class='jwmain'><span class='jwvideo'><video><\/video><\/span><span class='jwcontrols'><\/p>\n<div id='video-07_caption' class='jwcaptions'>\n<div style='color: rgb(255, 255, 255); display: none; font-family: Arial, sans-serif; font-style: normal; font-weight: normal; height: auto; margin: 0px; padding: 3px 9px; position: absolute; text-align: center; text-decoration: none; overflow-wrap: break-word; width: auto; background: rgb(0, 0, 0);'><\/div>\n<\/div>\n<div id='video-07_display' class='jwdisplay'>\n<div class='jwpreview jwuniform'><\/div>\n<div class='jwdisplayIcon' id='video-07_display_button' style='opacity: 1;'>\n<div class='jwtext' style=''><\/div>\n<div class='icon' id='video-07_display_button_play'><\/div>\n<\/div>\n<\/div>\n<p><img class='jwlogo' id='video-07_logo' src='https:\/\/www.musikzeitung.ch\/wp-content\/uploads\/2023\/01\/logo-9.png' style='opacity: 1;'><\/p>\n<div class='jwdock' id='video-07_dock' style='opacity: 0; visibility: hidden;'>\n<div class='jwdockbuttons'>\n<div class='capLeft'><\/div>\n<div class='capRight'><\/div>\n<\/div>\n<\/div>\n<p><span id='video-07_controlbar' class='jwcontrolbar' style='opacity: 0;'><span class='jwbackground'>\u00a0<\/span><span class='jwcapLeft'>\u00a0<\/span><span class='jwgroup jwleft'><span class='jwplay jwbuttoncontainer'><button>\u00a0<\/button><\/span><span class='jwdivider'>\u00a0<\/span><span class='jwprev jwbuttoncontainer'><button>\u00a0<\/button><\/span><span class='jwnext jwbuttoncontainer'><button>\u00a0<\/button><\/span><span class='jwdivider nextdiv'>\u00a0<\/span><span id='video-07_controlbar_elapsed' class='jwtext jwelapsed'>00:00<\/span><\/span><span class='jwgroup jwcenter'><span class='jwslider jwtime'><span class='jwtimeSliderCapLeft'>\u00a0<\/span><span class='jwrail jwsmooth'><span class='jwrailgroup Rail'><span class='jwtimeSliderRailCapLeft'>\u00a0<\/span><span class='jwtimeSliderRail'>\u00a0<\/span><span class='jwtimeSliderRailCapRight jwcapRight'>\u00a0<\/span><\/span><span class='jwrailgroup Buffer' style='width: 0%; opacity: 0;'><span class='jwtimeSliderBufferCapLeft'>\u00a0<\/span><span class='jwtimeSliderBuffer'>\u00a0<\/span><span class='jwtimeSliderBufferCapRight jwcapRigh 106,Zwei Projekte f\u00fcr Neubau der Hochschule Luzern \u2013 Musik\"PM\/Codex flores29.11.2013Campus,MusikhochschuleFoto: Rainer Sturm, pixelio.de<div class='media picture'> <img src='https:\/\/www.musikzeitung.ch\/wp-content\/uploads\/2023\/01\/Bau.jpg' alt='Zwei Projekte f\u00fcr Neubau der Hochschule Luzern \u2013 Musik'>   <\/div>\n<p><strong>Seven projects have been submitted for the new Lucerne School of Music building. Two projects have been shortlisted, but need to be improved. The final decision will not be made until spring 2014, which may delay the move into the new building. It is currently planned for summer 2018. <\/strong><\/p>\n<div class='text-section'>\n<p>The Lucerne School of Music is currently spread across several locations and is bursting at the seams. It is therefore planning a new building at the S\u00fcdpol site in Kriens\/Lucerne. The Lucerne Pension Fund as the landowner and the Lucerne University of Applied Sciences and Arts as the future user announced the competition for the new building in April of this year.<\/p>\n<p>The jury, made up of representatives of the landowner, the user and specialist judges and experts, decided to carry out an adjustment stage with the two best projects in order to sharpen the quality of the projects. The<br \/> Anonymity will not be lifted. The final decision will therefore be made in spring 2014.<\/p>\n<p>It is currently still unclear whether this slight delay will postpone the move-in date for the new conservatory building. At the moment, occupation is planned for summer 2018. The building will cost around CHF 70 million and will be financed on the basis of a private investor model.<\/p>\n<\/p><\/div>","protected":false},"excerpt":{"rendered":"<p><strong>For nine years, the Carl-Orff-Institut Salzburg has accompanied the music and dance education work with residents of a retirement home on film.<\/strong><\/p>","protected":false},"author":1,"featured_media":15444,"comment_status":"open","ping_status":"open","sticky":false,"template":"","format":"standard","meta":{"_acf_changed":false,"_relevanssi_hide_post":"","_relevanssi_hide_content":"","_relevanssi_pin_for_all":"","_relevanssi_pin_keywords":"","_relevanssi_unpin_keywords":"","_relevanssi_related_keywords":"","_relevanssi_related_include_ids":"","_relevanssi_related_exclude_ids":"","_relevanssi_related_no_append":"","_relevanssi_related_not_related":"","_relevanssi_related_posts":"","_relevanssi_noindex_reason":"","pgc_sgb_lightbox_settings":"","footnotes":""},"categories":[447,510],"tags":[],"class_list":["post-17185","post","type-post","status-publish","format-standard","has-post-thumbnail","hentry","category-aus-und-weiterbildung","category-musikhochschule"],"acf":[],"yoast_head":"<!-- This site is optimized with the Yoast SEO plugin v27.4 - https:\/\/yoast.com\/product\/yoast-seo-wordpress\/ -->\n<title>Musikalisches Erleben im hohen Alter - Schweizer Musikzeitung<\/title>\n<meta name=\"robots\" content=\"index, follow, max-snippet:-1, max-image-preview:large, max-video-preview:-1\" \/>\n<link rel=\"canonical\" href=\"https:\/\/www.musikzeitung.ch\/en\/aus-und-weiterbildung\/2013\/11\/musikalisches-erleben-im-hohen-alter-2\/\" \/>\n<meta property=\"og:locale\" content=\"en_US\" \/>\n<meta property=\"og:type\" content=\"article\" \/>\n<meta property=\"og:title\" content=\"Musikalisches Erleben im hohen Alter - Schweizer Musikzeitung\" \/>\n<meta property=\"og:description\" content=\"Das Carl-Orff-Institut Salzburg hat w\u00e4hrend neun Jahren die musikalisch-t\u00e4nzerische Bildungsarbeit mit Bewohnern eines Seniorenheimes filmisch begleitet.\" \/>\n<meta property=\"og:url\" content=\"https:\/\/www.musikzeitung.ch\/en\/aus-und-weiterbildung\/2013\/11\/musikalisches-erleben-im-hohen-alter-2\/\" \/>\n<meta property=\"og:site_name\" content=\"Schweizer Musikzeitung\" \/>\n<meta property=\"article:publisher\" content=\"https:\/\/www.facebook.com\/SchweizerMusikzeitung\/\" \/>\n<meta property=\"article:published_time\" content=\"2013-11-06T23:00:00+00:00\" \/>\n<meta property=\"article:modified_time\" content=\"2023-01-18T00:11:59+00:00\" \/>\n<meta property=\"og:image\" content=\"https:\/\/www.musikzeitung.ch\/wp-content\/uploads\/2023\/01\/OrffersteWahl-1.jpg\" \/>\n\t<meta property=\"og:image:width\" content=\"554\" \/>\n\t<meta property=\"og:image:height\" content=\"375\" \/>\n\t<meta property=\"og:image:type\" content=\"image\/jpeg\" \/>\n<meta name=\"author\" content=\"Musikzeitung-Redaktion\" \/>\n<meta name=\"twitter:card\" content=\"summary_large_image\" \/>\n<meta name=\"twitter:creator\" content=\"@smusikzeitung\" \/>\n<meta name=\"twitter:site\" content=\"@smusikzeitung\" \/>\n<meta name=\"twitter:label1\" content=\"Written by\" \/>\n\t<meta name=\"twitter:data1\" content=\"Musikzeitung-Redaktion\" \/>\n\t<meta name=\"twitter:label2\" content=\"Est. reading time\" \/>\n\t<meta name=\"twitter:data2\" content=\"2 minutes\" \/>\n<script type=\"application\/ld+json\" class=\"yoast-schema-graph\">{\"@context\":\"https:\\\/\\\/schema.org\",\"@graph\":[{\"@type\":\"Article\",\"@id\":\"https:\\\/\\\/www.musikzeitung.ch\\\/aus-und-weiterbildung\\\/2013\\\/11\\\/musikalisches-erleben-im-hohen-alter-2#article\",\"isPartOf\":{\"@id\":\"https:\\\/\\\/www.musikzeitung.ch\\\/aus-und-weiterbildung\\\/2013\\\/11\\\/musikalisches-erleben-im-hohen-alter-2\"},\"author\":{\"name\":\"Musikzeitung-Redaktion\",\"@id\":\"https:\\\/\\\/www.musikzeitung.ch\\\/#\\\/schema\\\/person\\\/b2fd892c800856270b9dcc6001265712\"},\"headline\":\"Musikalisches Erleben im hohen Alter\",\"datePublished\":\"2013-11-06T23:00:00+00:00\",\"dateModified\":\"2023-01-18T00:11:59+00:00\",\"mainEntityOfPage\":{\"@id\":\"https:\\\/\\\/www.musikzeitung.ch\\\/aus-und-weiterbildung\\\/2013\\\/11\\\/musikalisches-erleben-im-hohen-alter-2\"},\"wordCount\":397,\"commentCount\":0,\"publisher\":{\"@id\":\"https:\\\/\\\/www.musikzeitung.ch\\\/#organization\"},\"image\":{\"@id\":\"https:\\\/\\\/www.musikzeitung.ch\\\/aus-und-weiterbildung\\\/2013\\\/11\\\/musikalisches-erleben-im-hohen-alter-2#primaryimage\"},\"thumbnailUrl\":\"https:\\\/\\\/www.musikzeitung.ch\\\/wp-content\\\/uploads\\\/2023\\\/01\\\/OrffersteWahl-1.jpg\",\"articleSection\":[\"Aus- und Weiterbildung\",\"Musikhochschule\"],\"inLanguage\":\"en-US\"},{\"@type\":\"WebPage\",\"@id\":\"https:\\\/\\\/www.musikzeitung.ch\\\/aus-und-weiterbildung\\\/2013\\\/11\\\/musikalisches-erleben-im-hohen-alter-2\",\"url\":\"https:\\\/\\\/www.musikzeitung.ch\\\/aus-und-weiterbildung\\\/2013\\\/11\\\/musikalisches-erleben-im-hohen-alter-2\",\"name\":\"Musikalisches Erleben im hohen Alter - Schweizer Musikzeitung\",\"isPartOf\":{\"@id\":\"https:\\\/\\\/www.musikzeitung.ch\\\/#website\"},\"primaryImageOfPage\":{\"@id\":\"https:\\\/\\\/www.musikzeitung.ch\\\/aus-und-weiterbildung\\\/2013\\\/11\\\/musikalisches-erleben-im-hohen-alter-2#primaryimage\"},\"image\":{\"@id\":\"https:\\\/\\\/www.musikzeitung.ch\\\/aus-und-weiterbildung\\\/2013\\\/11\\\/musikalisches-erleben-im-hohen-alter-2#primaryimage\"},\"thumbnailUrl\":\"https:\\\/\\\/www.musikzeitung.ch\\\/wp-content\\\/uploads\\\/2023\\\/01\\\/OrffersteWahl-1.jpg\",\"datePublished\":\"2013-11-06T23:00:00+00:00\",\"dateModified\":\"2023-01-18T00:11:59+00:00\",\"breadcrumb\":{\"@id\":\"https:\\\/\\\/www.musikzeitung.ch\\\/aus-und-weiterbildung\\\/2013\\\/11\\\/musikalisches-erleben-im-hohen-alter-2#breadcrumb\"},\"inLanguage\":\"en-US\",\"potentialAction\":[{\"@type\":\"ReadAction\",\"target\":[\"https:\\\/\\\/www.musikzeitung.ch\\\/aus-und-weiterbildung\\\/2013\\\/11\\\/musikalisches-erleben-im-hohen-alter-2\"]}]},{\"@type\":\"ImageObject\",\"inLanguage\":\"en-US\",\"@id\":\"https:\\\/\\\/www.musikzeitung.ch\\\/aus-und-weiterbildung\\\/2013\\\/11\\\/musikalisches-erleben-im-hohen-alter-2#primaryimage\",\"url\":\"https:\\\/\\\/www.musikzeitung.ch\\\/wp-content\\\/uploads\\\/2023\\\/01\\\/OrffersteWahl-1.jpg\",\"contentUrl\":\"https:\\\/\\\/www.musikzeitung.ch\\\/wp-content\\\/uploads\\\/2023\\\/01\\\/OrffersteWahl-1.jpg\",\"width\":554,\"height\":375},{\"@type\":\"BreadcrumbList\",\"@id\":\"https:\\\/\\\/www.musikzeitung.ch\\\/aus-und-weiterbildung\\\/2013\\\/11\\\/musikalisches-erleben-im-hohen-alter-2#breadcrumb\",\"itemListElement\":[{\"@type\":\"ListItem\",\"position\":1,\"name\":\"Home\",\"item\":\"https:\\\/\\\/www.musikzeitung.ch\\\/\"},{\"@type\":\"ListItem\",\"position\":2,\"name\":\"Musikalisches Erleben im hohen Alter\"}]},{\"@type\":\"WebSite\",\"@id\":\"https:\\\/\\\/www.musikzeitung.ch\\\/#website\",\"url\":\"https:\\\/\\\/www.musikzeitung.ch\\\/\",\"name\":\"Schweizer Musikzeitung\",\"description\":\"Die f\u00fchrende sparten\u00fcbergreifende Monatszeitung in der Schweiz f\u00fcr musikalische Fragen.\",\"publisher\":{\"@id\":\"https:\\\/\\\/www.musikzeitung.ch\\\/#organization\"},\"potentialAction\":[{\"@type\":\"SearchAction\",\"target\":{\"@type\":\"EntryPoint\",\"urlTemplate\":\"https:\\\/\\\/www.musikzeitung.ch\\\/?s={search_term_string}\"},\"query-input\":{\"@type\":\"PropertyValueSpecification\",\"valueRequired\":true,\"valueName\":\"search_term_string\"}}],\"inLanguage\":\"en-US\"},{\"@type\":\"Organization\",\"@id\":\"https:\\\/\\\/www.musikzeitung.ch\\\/#organization\",\"name\":\"Schweizer Musikzeitung\",\"url\":\"https:\\\/\\\/www.musikzeitung.ch\\\/\",\"logo\":{\"@type\":\"ImageObject\",\"inLanguage\":\"en-US\",\"@id\":\"https:\\\/\\\/www.musikzeitung.ch\\\/#\\\/schema\\\/logo\\\/image\\\/\",\"url\":\"https:\\\/\\\/www.musikzeitung.ch\\\/wp-content\\\/uploads\\\/2023\\\/01\\\/SMZ_Schriftzug_Sprache.png\",\"contentUrl\":\"https:\\\/\\\/www.musikzeitung.ch\\\/wp-content\\\/uploads\\\/2023\\\/01\\\/SMZ_Schriftzug_Sprache.png\",\"width\":1400,\"height\":279,\"caption\":\"Schweizer Musikzeitung\"},\"image\":{\"@id\":\"https:\\\/\\\/www.musikzeitung.ch\\\/#\\\/schema\\\/logo\\\/image\\\/\"},\"sameAs\":[\"https:\\\/\\\/www.facebook.com\\\/SchweizerMusikzeitung\\\/\",\"https:\\\/\\\/x.com\\\/smusikzeitung\",\"https:\\\/\\\/www.instagram.com\\\/musikzeitung.ch\\\/\"]},{\"@type\":\"Person\",\"@id\":\"https:\\\/\\\/www.musikzeitung.ch\\\/#\\\/schema\\\/person\\\/b2fd892c800856270b9dcc6001265712\",\"name\":\"Musikzeitung-Redaktion\",\"image\":{\"@type\":\"ImageObject\",\"inLanguage\":\"en-US\",\"@id\":\"https:\\\/\\\/www.musikzeitung.ch\\\/wp-content\\\/uploads\\\/2022\\\/05\\\/usericon_musikzeitung-96x96.jpg\",\"url\":\"https:\\\/\\\/www.musikzeitung.ch\\\/wp-content\\\/uploads\\\/2022\\\/05\\\/usericon_musikzeitung-96x96.jpg\",\"contentUrl\":\"https:\\\/\\\/www.musikzeitung.ch\\\/wp-content\\\/uploads\\\/2022\\\/05\\\/usericon_musikzeitung-96x96.jpg\",\"caption\":\"Musikzeitung-Redaktion\"},\"url\":\"https:\\\/\\\/www.musikzeitung.ch\\\/en\\\/author\\\/admin\"}]}<\/script>\n<!-- \/ Yoast SEO plugin. -->","yoast_head_json":{"title":"Musical experience in old age - Schweizer Musikzeitung","robots":{"index":"index","follow":"follow","max-snippet":"max-snippet:-1","max-image-preview":"max-image-preview:large","max-video-preview":"max-video-preview:-1"},"canonical":"https:\/\/www.musikzeitung.ch\/en\/aus-und-weiterbildung\/2013\/11\/musikalisches-erleben-im-hohen-alter-2\/","og_locale":"en_US","og_type":"article","og_title":"Musikalisches Erleben im hohen Alter - Schweizer Musikzeitung","og_description":"Das Carl-Orff-Institut Salzburg hat w\u00e4hrend neun Jahren die musikalisch-t\u00e4nzerische Bildungsarbeit mit Bewohnern eines Seniorenheimes filmisch begleitet.","og_url":"https:\/\/www.musikzeitung.ch\/en\/aus-und-weiterbildung\/2013\/11\/musikalisches-erleben-im-hohen-alter-2\/","og_site_name":"Schweizer Musikzeitung","article_publisher":"https:\/\/www.facebook.com\/SchweizerMusikzeitung\/","article_published_time":"2013-11-06T23:00:00+00:00","article_modified_time":"2023-01-18T00:11:59+00:00","og_image":[{"width":554,"height":375,"url":"https:\/\/www.musikzeitung.ch\/wp-content\/uploads\/2023\/01\/OrffersteWahl-1.jpg","type":"image\/jpeg"}],"author":"Musikzeitung-Redaktion","twitter_card":"summary_large_image","twitter_creator":"@smusikzeitung","twitter_site":"@smusikzeitung","twitter_misc":{"Written by":"Musikzeitung-Redaktion","Est. reading time":"2 minutes"},"schema":{"@context":"https:\/\/schema.org","@graph":[{"@type":"Article","@id":"https:\/\/www.musikzeitung.ch\/aus-und-weiterbildung\/2013\/11\/musikalisches-erleben-im-hohen-alter-2#article","isPartOf":{"@id":"https:\/\/www.musikzeitung.ch\/aus-und-weiterbildung\/2013\/11\/musikalisches-erleben-im-hohen-alter-2"},"author":{"name":"Musikzeitung-Redaktion","@id":"https:\/\/www.musikzeitung.ch\/#\/schema\/person\/b2fd892c800856270b9dcc6001265712"},"headline":"Musikalisches Erleben im hohen Alter","datePublished":"2013-11-06T23:00:00+00:00","dateModified":"2023-01-18T00:11:59+00:00","mainEntityOfPage":{"@id":"https:\/\/www.musikzeitung.ch\/aus-und-weiterbildung\/2013\/11\/musikalisches-erleben-im-hohen-alter-2"},"wordCount":397,"commentCount":0,"publisher":{"@id":"https:\/\/www.musikzeitung.ch\/#organization"},"image":{"@id":"https:\/\/www.musikzeitung.ch\/aus-und-weiterbildung\/2013\/11\/musikalisches-erleben-im-hohen-alter-2#primaryimage"},"thumbnailUrl":"https:\/\/www.musikzeitung.ch\/wp-content\/uploads\/2023\/01\/OrffersteWahl-1.jpg","articleSection":["Aus- und Weiterbildung","Musikhochschule"],"inLanguage":"en-US"},{"@type":"WebPage","@id":"https:\/\/www.musikzeitung.ch\/aus-und-weiterbildung\/2013\/11\/musikalisches-erleben-im-hohen-alter-2","url":"https:\/\/www.musikzeitung.ch\/aus-und-weiterbildung\/2013\/11\/musikalisches-erleben-im-hohen-alter-2","name":"Musical experience in old age - Schweizer Musikzeitung","isPartOf":{"@id":"https:\/\/www.musikzeitung.ch\/#website"},"primaryImageOfPage":{"@id":"https:\/\/www.musikzeitung.ch\/aus-und-weiterbildung\/2013\/11\/musikalisches-erleben-im-hohen-alter-2#primaryimage"},"image":{"@id":"https:\/\/www.musikzeitung.ch\/aus-und-weiterbildung\/2013\/11\/musikalisches-erleben-im-hohen-alter-2#primaryimage"},"thumbnailUrl":"https:\/\/www.musikzeitung.ch\/wp-content\/uploads\/2023\/01\/OrffersteWahl-1.jpg","datePublished":"2013-11-06T23:00:00+00:00","dateModified":"2023-01-18T00:11:59+00:00","breadcrumb":{"@id":"https:\/\/www.musikzeitung.ch\/aus-und-weiterbildung\/2013\/11\/musikalisches-erleben-im-hohen-alter-2#breadcrumb"},"inLanguage":"en-US","potentialAction":[{"@type":"ReadAction","target":["https:\/\/www.musikzeitung.ch\/aus-und-weiterbildung\/2013\/11\/musikalisches-erleben-im-hohen-alter-2"]}]},{"@type":"ImageObject","inLanguage":"en-US","@id":"https:\/\/www.musikzeitung.ch\/aus-und-weiterbildung\/2013\/11\/musikalisches-erleben-im-hohen-alter-2#primaryimage","url":"https:\/\/www.musikzeitung.ch\/wp-content\/uploads\/2023\/01\/OrffersteWahl-1.jpg","contentUrl":"https:\/\/www.musikzeitung.ch\/wp-content\/uploads\/2023\/01\/OrffersteWahl-1.jpg","width":554,"height":375},{"@type":"BreadcrumbList","@id":"https:\/\/www.musikzeitung.ch\/aus-und-weiterbildung\/2013\/11\/musikalisches-erleben-im-hohen-alter-2#breadcrumb","itemListElement":[{"@type":"ListItem","position":1,"name":"Home","item":"https:\/\/www.musikzeitung.ch\/"},{"@type":"ListItem","position":2,"name":"Musikalisches Erleben im hohen Alter"}]},{"@type":"WebSite","@id":"https:\/\/www.musikzeitung.ch\/#website","url":"https:\/\/www.musikzeitung.ch\/","name":"Swiss Music Newspaper","description":"The leading interdisciplinary monthly newspaper in Switzerland for musical issues.","publisher":{"@id":"https:\/\/www.musikzeitung.ch\/#organization"},"potentialAction":[{"@type":"SearchAction","target":{"@type":"EntryPoint","urlTemplate":"https:\/\/www.musikzeitung.ch\/?s={search_term_string}"},"query-input":{"@type":"PropertyValueSpecification","valueRequired":true,"valueName":"search_term_string"}}],"inLanguage":"en-US"},{"@type":"Organization","@id":"https:\/\/www.musikzeitung.ch\/#organization","name":"Swiss Music Newspaper","url":"https:\/\/www.musikzeitung.ch\/","logo":{"@type":"ImageObject","inLanguage":"en-US","@id":"https:\/\/www.musikzeitung.ch\/#\/schema\/logo\/image\/","url":"https:\/\/www.musikzeitung.ch\/wp-content\/uploads\/2023\/01\/SMZ_Schriftzug_Sprache.png","contentUrl":"https:\/\/www.musikzeitung.ch\/wp-content\/uploads\/2023\/01\/SMZ_Schriftzug_Sprache.png","width":1400,"height":279,"caption":"Schweizer Musikzeitung"},"image":{"@id":"https:\/\/www.musikzeitung.ch\/#\/schema\/logo\/image\/"},"sameAs":["https:\/\/www.facebook.com\/SchweizerMusikzeitung\/","https:\/\/x.com\/smusikzeitung","https:\/\/www.instagram.com\/musikzeitung.ch\/"]},{"@type":"Person","@id":"https:\/\/www.musikzeitung.ch\/#\/schema\/person\/b2fd892c800856270b9dcc6001265712","name":"Music newspaper editorial office","image":{"@type":"ImageObject","inLanguage":"en-US","@id":"https:\/\/www.musikzeitung.ch\/wp-content\/uploads\/2022\/05\/usericon_musikzeitung-96x96.jpg","url":"https:\/\/www.musikzeitung.ch\/wp-content\/uploads\/2022\/05\/usericon_musikzeitung-96x96.jpg","contentUrl":"https:\/\/www.musikzeitung.ch\/wp-content\/uploads\/2022\/05\/usericon_musikzeitung-96x96.jpg","caption":"Musikzeitung-Redaktion"},"url":"https:\/\/www.musikzeitung.ch\/en\/author\/admin"}]}},"publishpress_future_workflow_manual_trigger":{"enabledWorkflows":[]},"_links":{"self":[{"href":"https:\/\/www.musikzeitung.ch\/en\/wp-json\/wp\/v2\/posts\/17185","targetHints":{"allow":["GET"]}}],"collection":[{"href":"https:\/\/www.musikzeitung.ch\/en\/wp-json\/wp\/v2\/posts"}],"about":[{"href":"https:\/\/www.musikzeitung.ch\/en\/wp-json\/wp\/v2\/types\/post"}],"author":[{"embeddable":true,"href":"https:\/\/www.musikzeitung.ch\/en\/wp-json\/wp\/v2\/users\/1"}],"replies":[{"embeddable":true,"href":"https:\/\/www.musikzeitung.ch\/en\/wp-json\/wp\/v2\/comments?post=17185"}],"version-history":[{"count":1,"href":"https:\/\/www.musikzeitung.ch\/en\/wp-json\/wp\/v2\/posts\/17185\/revisions"}],"predecessor-version":[{"id":17186,"href":"https:\/\/www.musikzeitung.ch\/en\/wp-json\/wp\/v2\/posts\/17185\/revisions\/17186"}],"wp:featuredmedia":[{"embeddable":true,"href":"https:\/\/www.musikzeitung.ch\/en\/wp-json\/wp\/v2\/media\/15444"}],"wp:attachment":[{"href":"https:\/\/www.musikzeitung.ch\/en\/wp-json\/wp\/v2\/media?parent=17185"}],"wp:term":[{"taxonomy":"category","embeddable":true,"href":"https:\/\/www.musikzeitung.ch\/en\/wp-json\/wp\/v2\/categories?post=17185"},{"taxonomy":"post_tag","embeddable":true,"href":"https:\/\/www.musikzeitung.ch\/en\/wp-json\/wp\/v2\/tags?post=17185"}],"curies":[{"name":"wp","href":"https:\/\/api.w.org\/{rel}","templated":true}]}}