{"id":17261,"date":"2014-11-20T00:00:00","date_gmt":"2014-11-19T23:00:00","guid":{"rendered":"https:\/\/www.musikzeitung.ch\/allgemein\/zuercher-rektor-praesidiert-europaeische-hochschulliga\/"},"modified":"2023-01-18T01:12:03","modified_gmt":"2023-01-18T00:12:03","slug":"zuercher-rektor-praesidiert-europaeische-hochschulliga","status":"publish","type":"post","link":"https:\/\/www.musikzeitung.ch\/en\/aus-und-weiterbildung\/2014\/11\/zuercher-rektor-praesidiert-europaeische-hochschulliga","title":{"rendered":"Zurich rector presides over European university league"},"content":{"rendered":"<figure style=\"width: 1200px\" class=\"wp-caption alignnone\"><img decoding=\"async\" class=\"size-full\" src=\"https:\/\/www.musikzeitung.ch\/wp-content\/uploads\/2023\/01\/Meier.jpeg\" alt=\"\" \/><figcaption class=\"wp-caption-text\">Photo: ZHdK<\/figcaption><\/figure>\n<div class='text-section'>\n<p>Thomas D. Meier was elected by the 23-member ELIA Board, which consists of representatives from art academies across Europe. Meier takes office with immediate effect. <\/p>\n<p>The ELIA network has more than 300 members from around 50 countries, represents more than 300,000 students and is linked to comparable organizations in Asia and America. <\/p>\n<p>The election is a positive signal for Switzerland, writes the ZHdK. This is the first time that a president from a non-EU country has presided over the large European network. The new campus in the Toni-Areal has played a not insignificant role in this. One of Meier's goals is to bring the 2018 ELIA Congress to the Toni-Areal in Zurich. The last ELIA Congress in Switzerland took place in Lucerne in 2004.<\/p>\n<\/p><\/div>","protected":false},"excerpt":{"rendered":"<p><strong>Thomas D. Meier, Rector of Zurich University of the Arts ZHdK, has been elected President of ELIA (European League of Institutes of the Arts), the association of European art colleges, in Glasgow, UK. <\/strong><\/p>","protected":false},"author":1,"featured_media":15565,"comment_status":"open","ping_status":"open","sticky":false,"template":"","format":"standard","meta":{"_acf_changed":false,"_relevanssi_hide_post":"","_relevanssi_hide_content":"","_relevanssi_pin_for_all":"","_relevanssi_pin_keywords":"","_relevanssi_unpin_keywords":"","_relevanssi_related_keywords":"","_relevanssi_related_include_ids":"","_relevanssi_related_exclude_ids":"","_relevanssi_related_no_append":"","_relevanssi_related_not_related":"","_relevanssi_related_posts":"","_relevanssi_noindex_reason":"","pgc_sgb_lightbox_settings":"","footnotes":""},"categories":[447,510],"tags":[],"class_list":["post-17261","post","type-post","status-publish","format-standard","has-post-thumbnail","hentry","category-aus-und-weiterbildung","category-musikhochschule"],"acf":[],"yoast_head":"<!-- This site is optimized with the Yoast SEO plugin v27.5 - https:\/\/yoast.com\/product\/yoast-seo-wordpress\/ -->\n<title>Z\u00fcrcher Rektor pr\u00e4sidiert europ\u00e4ische Hochschulliga - Schweizer Musikzeitung<\/title>\n<meta name=\"robots\" content=\"index, follow, max-snippet:-1, max-image-preview:large, max-video-preview:-1\" \/>\n<link rel=\"canonical\" href=\"https:\/\/www.musikzeitung.ch\/en\/aus-und-weiterbildung\/2014\/11\/zuercher-rektor-praesidiert-europaeische-hochschulliga\/\" \/>\n<meta property=\"og:locale\" content=\"en_US\" \/>\n<meta property=\"og:type\" content=\"article\" \/>\n<meta property=\"og:title\" content=\"Z\u00fcrcher Rektor pr\u00e4sidiert europ\u00e4ische Hochschulliga - Schweizer Musikzeitung\" \/>\n<meta property=\"og:description\" content=\"Thomas D. Meier, Rektor der Z\u00fcrcher Hochschule der K\u00fcnste ZHdK, ist im britischen Glasgow zum Pr\u00e4sidenten von ELIA (European League of Institutes of the Arts), der Vereinigung der Kunsthochschulen Europas, gew\u00e4hlt worden.\" \/>\n<meta property=\"og:url\" content=\"https:\/\/www.musikzeitung.ch\/en\/aus-und-weiterbildung\/2014\/11\/zuercher-rektor-praesidiert-europaeische-hochschulliga\/\" \/>\n<meta property=\"og:site_name\" content=\"Schweizer Musikzeitung\" \/>\n<meta property=\"article:publisher\" content=\"https:\/\/www.facebook.com\/SchweizerMusikzeitung\/\" \/>\n<meta property=\"article:published_time\" content=\"2014-11-19T23:00:00+00:00\" \/>\n<meta property=\"article:modified_time\" content=\"2023-01-18T00:12:03+00:00\" \/>\n<meta property=\"og:image\" content=\"https:\/\/www.musikzeitung.ch\/wp-content\/uploads\/2023\/01\/Meier.jpeg\" \/>\n\t<meta property=\"og:image:width\" content=\"554\" \/>\n\t<meta property=\"og:image:height\" content=\"395\" \/>\n\t<meta property=\"og:image:type\" content=\"image\/jpeg\" \/>\n<meta name=\"author\" content=\"Musikzeitung-Redaktion\" \/>\n<meta name=\"twitter:card\" content=\"summary_large_image\" \/>\n<meta name=\"twitter:creator\" content=\"@smusikzeitung\" \/>\n<meta name=\"twitter:site\" content=\"@smusikzeitung\" \/>\n<meta name=\"twitter:label1\" content=\"Written by\" \/>\n\t<meta name=\"twitter:data1\" content=\"Musikzeitung-Redaktion\" \/>\n\t<meta name=\"twitter:label2\" content=\"Est. reading time\" \/>\n\t<meta name=\"twitter:data2\" content=\"1 minute\" \/>\n<script type=\"application\/ld+json\" class=\"yoast-schema-graph\">{\"@context\":\"https:\\\/\\\/schema.org\",\"@graph\":[{\"@type\":\"Article\",\"@id\":\"https:\\\/\\\/www.musikzeitung.ch\\\/aus-und-weiterbildung\\\/2014\\\/11\\\/zuercher-rektor-praesidiert-europaeische-hochschulliga#article\",\"isPartOf\":{\"@id\":\"https:\\\/\\\/www.musikzeitung.ch\\\/aus-und-weiterbildung\\\/2014\\\/11\\\/zuercher-rektor-praesidiert-europaeische-hochschulliga\"},\"author\":{\"name\":\"Musikzeitung-Redaktion\",\"@id\":\"https:\\\/\\\/www.musikzeitung.ch\\\/#\\\/schema\\\/person\\\/b2fd892c800856270b9dcc6001265712\"},\"headline\":\"Z\u00fcrcher Rektor pr\u00e4sidiert europ\u00e4ische Hochschulliga\",\"datePublished\":\"2014-11-19T23:00:00+00:00\",\"dateModified\":\"2023-01-18T00:12:03+00:00\",\"mainEntityOfPage\":{\"@id\":\"https:\\\/\\\/www.musikzeitung.ch\\\/aus-und-weiterbildung\\\/2014\\\/11\\\/zuercher-rektor-praesidiert-europaeische-hochschulliga\"},\"wordCount\":137,\"commentCount\":0,\"publisher\":{\"@id\":\"https:\\\/\\\/www.musikzeitung.ch\\\/#organization\"},\"image\":{\"@id\":\"https:\\\/\\\/www.musikzeitung.ch\\\/aus-und-weiterbildung\\\/2014\\\/11\\\/zuercher-rektor-praesidiert-europaeische-hochschulliga#primaryimage\"},\"thumbnailUrl\":\"https:\\\/\\\/www.musikzeitung.ch\\\/wp-content\\\/uploads\\\/2023\\\/01\\\/Meier.jpeg\",\"articleSection\":[\"Aus- und Weiterbildung\",\"Musikhochschule\"],\"inLanguage\":\"en-US\"},{\"@type\":\"WebPage\",\"@id\":\"https:\\\/\\\/www.musikzeitung.ch\\\/aus-und-weiterbildung\\\/2014\\\/11\\\/zuercher-rektor-praesidiert-europaeische-hochschulliga\",\"url\":\"https:\\\/\\\/www.musikzeitung.ch\\\/aus-und-weiterbildung\\\/2014\\\/11\\\/zuercher-rektor-praesidiert-europaeische-hochschulliga\",\"name\":\"Z\u00fcrcher Rektor pr\u00e4sidiert europ\u00e4ische Hochschulliga - Schweizer Musikzeitung\",\"isPartOf\":{\"@id\":\"https:\\\/\\\/www.musikzeitung.ch\\\/#website\"},\"primaryImageOfPage\":{\"@id\":\"https:\\\/\\\/www.musikzeitung.ch\\\/aus-und-weiterbildung\\\/2014\\\/11\\\/zuercher-rektor-praesidiert-europaeische-hochschulliga#primaryimage\"},\"image\":{\"@id\":\"https:\\\/\\\/www.musikzeitung.ch\\\/aus-und-weiterbildung\\\/2014\\\/11\\\/zuercher-rektor-praesidiert-europaeische-hochschulliga#primaryimage\"},\"thumbnailUrl\":\"https:\\\/\\\/www.musikzeitung.ch\\\/wp-content\\\/uploads\\\/2023\\\/01\\\/Meier.jpeg\",\"datePublished\":\"2014-11-19T23:00:00+00:00\",\"dateModified\":\"2023-01-18T00:12:03+00:00\",\"breadcrumb\":{\"@id\":\"https:\\\/\\\/www.musikzeitung.ch\\\/aus-und-weiterbildung\\\/2014\\\/11\\\/zuercher-rektor-praesidiert-europaeische-hochschulliga#breadcrumb\"},\"inLanguage\":\"en-US\",\"potentialAction\":[{\"@type\":\"ReadAction\",\"target\":[\"https:\\\/\\\/www.musikzeitung.ch\\\/aus-und-weiterbildung\\\/2014\\\/11\\\/zuercher-rektor-praesidiert-europaeische-hochschulliga\"]}]},{\"@type\":\"ImageObject\",\"inLanguage\":\"en-US\",\"@id\":\"https:\\\/\\\/www.musikzeitung.ch\\\/aus-und-weiterbildung\\\/2014\\\/11\\\/zuercher-rektor-praesidiert-europaeische-hochschulliga#primaryimage\",\"url\":\"https:\\\/\\\/www.musikzeitung.ch\\\/wp-content\\\/uploads\\\/2023\\\/01\\\/Meier.jpeg\",\"contentUrl\":\"https:\\\/\\\/www.musikzeitung.ch\\\/wp-content\\\/uploads\\\/2023\\\/01\\\/Meier.jpeg\",\"width\":554,\"height\":395},{\"@type\":\"BreadcrumbList\",\"@id\":\"https:\\\/\\\/www.musikzeitung.ch\\\/aus-und-weiterbildung\\\/2014\\\/11\\\/zuercher-rektor-praesidiert-europaeische-hochschulliga#breadcrumb\",\"itemListElement\":[{\"@type\":\"ListItem\",\"position\":1,\"name\":\"Home\",\"item\":\"https:\\\/\\\/www.musikzeitung.ch\\\/\"},{\"@type\":\"ListItem\",\"position\":2,\"name\":\"Z\u00fcrcher Rektor pr\u00e4sidiert europ\u00e4ische Hochschulliga\"}]},{\"@type\":\"WebSite\",\"@id\":\"https:\\\/\\\/www.musikzeitung.ch\\\/#website\",\"url\":\"https:\\\/\\\/www.musikzeitung.ch\\\/\",\"name\":\"Schweizer Musikzeitung\",\"description\":\"Die f\u00fchrende sparten\u00fcbergreifende Monatszeitung in der Schweiz f\u00fcr musikalische Fragen.\",\"publisher\":{\"@id\":\"https:\\\/\\\/www.musikzeitung.ch\\\/#organization\"},\"potentialAction\":[{\"@type\":\"SearchAction\",\"target\":{\"@type\":\"EntryPoint\",\"urlTemplate\":\"https:\\\/\\\/www.musikzeitung.ch\\\/?s={search_term_string}\"},\"query-input\":{\"@type\":\"PropertyValueSpecification\",\"valueRequired\":true,\"valueName\":\"search_term_string\"}}],\"inLanguage\":\"en-US\"},{\"@type\":\"Organization\",\"@id\":\"https:\\\/\\\/www.musikzeitung.ch\\\/#organization\",\"name\":\"Schweizer Musikzeitung\",\"url\":\"https:\\\/\\\/www.musikzeitung.ch\\\/\",\"logo\":{\"@type\":\"ImageObject\",\"inLanguage\":\"en-US\",\"@id\":\"https:\\\/\\\/www.musikzeitung.ch\\\/#\\\/schema\\\/logo\\\/image\\\/\",\"url\":\"https:\\\/\\\/www.musikzeitung.ch\\\/wp-content\\\/uploads\\\/2023\\\/01\\\/SMZ_Schriftzug_Sprache.png\",\"contentUrl\":\"https:\\\/\\\/www.musikzeitung.ch\\\/wp-content\\\/uploads\\\/2023\\\/01\\\/SMZ_Schriftzug_Sprache.png\",\"width\":1400,\"height\":279,\"caption\":\"Schweizer Musikzeitung\"},\"image\":{\"@id\":\"https:\\\/\\\/www.musikzeitung.ch\\\/#\\\/schema\\\/logo\\\/image\\\/\"},\"sameAs\":[\"https:\\\/\\\/www.facebook.com\\\/SchweizerMusikzeitung\\\/\",\"https:\\\/\\\/x.com\\\/smusikzeitung\",\"https:\\\/\\\/www.instagram.com\\\/musikzeitung.ch\\\/\"]},{\"@type\":\"Person\",\"@id\":\"https:\\\/\\\/www.musikzeitung.ch\\\/#\\\/schema\\\/person\\\/b2fd892c800856270b9dcc6001265712\",\"name\":\"Musikzeitung-Redaktion\",\"image\":{\"@type\":\"ImageObject\",\"inLanguage\":\"en-US\",\"@id\":\"https:\\\/\\\/www.musikzeitung.ch\\\/wp-content\\\/uploads\\\/2022\\\/05\\\/usericon_musikzeitung-96x96.jpg\",\"url\":\"https:\\\/\\\/www.musikzeitung.ch\\\/wp-content\\\/uploads\\\/2022\\\/05\\\/usericon_musikzeitung-96x96.jpg\",\"contentUrl\":\"https:\\\/\\\/www.musikzeitung.ch\\\/wp-content\\\/uploads\\\/2022\\\/05\\\/usericon_musikzeitung-96x96.jpg\",\"caption\":\"Musikzeitung-Redaktion\"},\"url\":\"https:\\\/\\\/www.musikzeitung.ch\\\/en\\\/author\\\/admin\"}]}<\/script>\n<!-- \/ Yoast SEO plugin. -->","yoast_head_json":{"title":"Zurich rector presides over European university league - Schweizer Musikzeitung","robots":{"index":"index","follow":"follow","max-snippet":"max-snippet:-1","max-image-preview":"max-image-preview:large","max-video-preview":"max-video-preview:-1"},"canonical":"https:\/\/www.musikzeitung.ch\/en\/aus-und-weiterbildung\/2014\/11\/zuercher-rektor-praesidiert-europaeische-hochschulliga\/","og_locale":"en_US","og_type":"article","og_title":"Z\u00fcrcher Rektor pr\u00e4sidiert europ\u00e4ische Hochschulliga - Schweizer Musikzeitung","og_description":"Thomas D. Meier, Rektor der Z\u00fcrcher Hochschule der K\u00fcnste ZHdK, ist im britischen Glasgow zum Pr\u00e4sidenten von ELIA (European League of Institutes of the Arts), der Vereinigung der Kunsthochschulen Europas, gew\u00e4hlt worden.","og_url":"https:\/\/www.musikzeitung.ch\/en\/aus-und-weiterbildung\/2014\/11\/zuercher-rektor-praesidiert-europaeische-hochschulliga\/","og_site_name":"Schweizer Musikzeitung","article_publisher":"https:\/\/www.facebook.com\/SchweizerMusikzeitung\/","article_published_time":"2014-11-19T23:00:00+00:00","article_modified_time":"2023-01-18T00:12:03+00:00","og_image":[{"width":554,"height":395,"url":"https:\/\/www.musikzeitung.ch\/wp-content\/uploads\/2023\/01\/Meier.jpeg","type":"image\/jpeg"}],"author":"Musikzeitung-Redaktion","twitter_card":"summary_large_image","twitter_creator":"@smusikzeitung","twitter_site":"@smusikzeitung","twitter_misc":{"Written by":"Musikzeitung-Redaktion","Est. reading time":"1 minute"},"schema":{"@context":"https:\/\/schema.org","@graph":[{"@type":"Article","@id":"https:\/\/www.musikzeitung.ch\/aus-und-weiterbildung\/2014\/11\/zuercher-rektor-praesidiert-europaeische-hochschulliga#article","isPartOf":{"@id":"https:\/\/www.musikzeitung.ch\/aus-und-weiterbildung\/2014\/11\/zuercher-rektor-praesidiert-europaeische-hochschulliga"},"author":{"name":"Musikzeitung-Redaktion","@id":"https:\/\/www.musikzeitung.ch\/#\/schema\/person\/b2fd892c800856270b9dcc6001265712"},"headline":"Z\u00fcrcher Rektor pr\u00e4sidiert europ\u00e4ische Hochschulliga","datePublished":"2014-11-19T23:00:00+00:00","dateModified":"2023-01-18T00:12:03+00:00","mainEntityOfPage":{"@id":"https:\/\/www.musikzeitung.ch\/aus-und-weiterbildung\/2014\/11\/zuercher-rektor-praesidiert-europaeische-hochschulliga"},"wordCount":137,"commentCount":0,"publisher":{"@id":"https:\/\/www.musikzeitung.ch\/#organization"},"image":{"@id":"https:\/\/www.musikzeitung.ch\/aus-und-weiterbildung\/2014\/11\/zuercher-rektor-praesidiert-europaeische-hochschulliga#primaryimage"},"thumbnailUrl":"https:\/\/www.musikzeitung.ch\/wp-content\/uploads\/2023\/01\/Meier.jpeg","articleSection":["Aus- und Weiterbildung","Musikhochschule"],"inLanguage":"en-US"},{"@type":"WebPage","@id":"https:\/\/www.musikzeitung.ch\/aus-und-weiterbildung\/2014\/11\/zuercher-rektor-praesidiert-europaeische-hochschulliga","url":"https:\/\/www.musikzeitung.ch\/aus-und-weiterbildung\/2014\/11\/zuercher-rektor-praesidiert-europaeische-hochschulliga","name":"Zurich rector presides over European university league - Schweizer Musikzeitung","isPartOf":{"@id":"https:\/\/www.musikzeitung.ch\/#website"},"primaryImageOfPage":{"@id":"https:\/\/www.musikzeitung.ch\/aus-und-weiterbildung\/2014\/11\/zuercher-rektor-praesidiert-europaeische-hochschulliga#primaryimage"},"image":{"@id":"https:\/\/www.musikzeitung.ch\/aus-und-weiterbildung\/2014\/11\/zuercher-rektor-praesidiert-europaeische-hochschulliga#primaryimage"},"thumbnailUrl":"https:\/\/www.musikzeitung.ch\/wp-content\/uploads\/2023\/01\/Meier.jpeg","datePublished":"2014-11-19T23:00:00+00:00","dateModified":"2023-01-18T00:12:03+00:00","breadcrumb":{"@id":"https:\/\/www.musikzeitung.ch\/aus-und-weiterbildung\/2014\/11\/zuercher-rektor-praesidiert-europaeische-hochschulliga#breadcrumb"},"inLanguage":"en-US","potentialAction":[{"@type":"ReadAction","target":["https:\/\/www.musikzeitung.ch\/aus-und-weiterbildung\/2014\/11\/zuercher-rektor-praesidiert-europaeische-hochschulliga"]}]},{"@type":"ImageObject","inLanguage":"en-US","@id":"https:\/\/www.musikzeitung.ch\/aus-und-weiterbildung\/2014\/11\/zuercher-rektor-praesidiert-europaeische-hochschulliga#primaryimage","url":"https:\/\/www.musikzeitung.ch\/wp-content\/uploads\/2023\/01\/Meier.jpeg","contentUrl":"https:\/\/www.musikzeitung.ch\/wp-content\/uploads\/2023\/01\/Meier.jpeg","width":554,"height":395},{"@type":"BreadcrumbList","@id":"https:\/\/www.musikzeitung.ch\/aus-und-weiterbildung\/2014\/11\/zuercher-rektor-praesidiert-europaeische-hochschulliga#breadcrumb","itemListElement":[{"@type":"ListItem","position":1,"name":"Home","item":"https:\/\/www.musikzeitung.ch\/"},{"@type":"ListItem","position":2,"name":"Z\u00fcrcher Rektor pr\u00e4sidiert europ\u00e4ische Hochschulliga"}]},{"@type":"WebSite","@id":"https:\/\/www.musikzeitung.ch\/#website","url":"https:\/\/www.musikzeitung.ch\/","name":"Swiss Music Newspaper","description":"The leading interdisciplinary monthly newspaper in Switzerland for musical issues.","publisher":{"@id":"https:\/\/www.musikzeitung.ch\/#organization"},"potentialAction":[{"@type":"SearchAction","target":{"@type":"EntryPoint","urlTemplate":"https:\/\/www.musikzeitung.ch\/?s={search_term_string}"},"query-input":{"@type":"PropertyValueSpecification","valueRequired":true,"valueName":"search_term_string"}}],"inLanguage":"en-US"},{"@type":"Organization","@id":"https:\/\/www.musikzeitung.ch\/#organization","name":"Swiss Music Newspaper","url":"https:\/\/www.musikzeitung.ch\/","logo":{"@type":"ImageObject","inLanguage":"en-US","@id":"https:\/\/www.musikzeitung.ch\/#\/schema\/logo\/image\/","url":"https:\/\/www.musikzeitung.ch\/wp-content\/uploads\/2023\/01\/SMZ_Schriftzug_Sprache.png","contentUrl":"https:\/\/www.musikzeitung.ch\/wp-content\/uploads\/2023\/01\/SMZ_Schriftzug_Sprache.png","width":1400,"height":279,"caption":"Schweizer Musikzeitung"},"image":{"@id":"https:\/\/www.musikzeitung.ch\/#\/schema\/logo\/image\/"},"sameAs":["https:\/\/www.facebook.com\/SchweizerMusikzeitung\/","https:\/\/x.com\/smusikzeitung","https:\/\/www.instagram.com\/musikzeitung.ch\/"]},{"@type":"Person","@id":"https:\/\/www.musikzeitung.ch\/#\/schema\/person\/b2fd892c800856270b9dcc6001265712","name":"Music newspaper editorial office","image":{"@type":"ImageObject","inLanguage":"en-US","@id":"https:\/\/www.musikzeitung.ch\/wp-content\/uploads\/2022\/05\/usericon_musikzeitung-96x96.jpg","url":"https:\/\/www.musikzeitung.ch\/wp-content\/uploads\/2022\/05\/usericon_musikzeitung-96x96.jpg","contentUrl":"https:\/\/www.musikzeitung.ch\/wp-content\/uploads\/2022\/05\/usericon_musikzeitung-96x96.jpg","caption":"Musikzeitung-Redaktion"},"url":"https:\/\/www.musikzeitung.ch\/en\/author\/admin"}]}},"publishpress_future_workflow_manual_trigger":{"enabledWorkflows":[]},"_links":{"self":[{"href":"https:\/\/www.musikzeitung.ch\/en\/wp-json\/wp\/v2\/posts\/17261","targetHints":{"allow":["GET"]}}],"collection":[{"href":"https:\/\/www.musikzeitung.ch\/en\/wp-json\/wp\/v2\/posts"}],"about":[{"href":"https:\/\/www.musikzeitung.ch\/en\/wp-json\/wp\/v2\/types\/post"}],"author":[{"embeddable":true,"href":"https:\/\/www.musikzeitung.ch\/en\/wp-json\/wp\/v2\/users\/1"}],"replies":[{"embeddable":true,"href":"https:\/\/www.musikzeitung.ch\/en\/wp-json\/wp\/v2\/comments?post=17261"}],"version-history":[{"count":1,"href":"https:\/\/www.musikzeitung.ch\/en\/wp-json\/wp\/v2\/posts\/17261\/revisions"}],"predecessor-version":[{"id":17262,"href":"https:\/\/www.musikzeitung.ch\/en\/wp-json\/wp\/v2\/posts\/17261\/revisions\/17262"}],"wp:featuredmedia":[{"embeddable":true,"href":"https:\/\/www.musikzeitung.ch\/en\/wp-json\/wp\/v2\/media\/15565"}],"wp:attachment":[{"href":"https:\/\/www.musikzeitung.ch\/en\/wp-json\/wp\/v2\/media?parent=17261"}],"wp:term":[{"taxonomy":"category","embeddable":true,"href":"https:\/\/www.musikzeitung.ch\/en\/wp-json\/wp\/v2\/categories?post=17261"},{"taxonomy":"post_tag","embeddable":true,"href":"https:\/\/www.musikzeitung.ch\/en\/wp-json\/wp\/v2\/tags?post=17261"}],"curies":[{"name":"wp","href":"https:\/\/api.w.org\/{rel}","templated":true}]}}