{"id":17507,"date":"2020-01-17T00:00:00","date_gmt":"2020-01-16T23:00:00","guid":{"rendered":"https:\/\/www.musikzeitung.ch\/allgemein\/zhdk-mit-neuer-profilleitung-kirchenmusik\/"},"modified":"2023-01-18T01:12:13","modified_gmt":"2023-01-18T00:12:13","slug":"zhdk-mit-neuer-profilleitung-kirchenmusik","status":"publish","type":"post","link":"https:\/\/www.musikzeitung.ch\/en\/aus-und-weiterbildung\/2020\/01\/zhdk-mit-neuer-profilleitung-kirchenmusik","title":{"rendered":"ZHdK with new head of church music profile"},"content":{"rendered":"<figure style=\"width: 1200px\" class=\"wp-caption alignnone\"><img decoding=\"async\" class=\"size-full\" src=\"https:\/\/www.musikzeitung.ch\/wp-content\/uploads\/2023\/01\/tobias_willi_100dpi.jpg\" alt=\"\" \/><figcaption class=\"wp-caption-text\">Tobias Willi. Photo: zVg<\/figcaption><\/figure>\n<div class='text-section'>\n<p>Tobias Willi studied piano and organ at the Hochschule f\u00fcr Musik Basel, as well as organ at the Conservatoire National Sup\u00e9rieur de Musique et de Danse de Paris. Since 2010 he has been an organ teacher at the ZHdK in the Department of Music and in continuing education.<\/p>\n<p>Tobias Willi has been working as a church musician for a long time and has been the principal organist at St. John's Church in Zurich since 2015. Thanks to his concert activities, numerous courses and projects in the field of church music and organ, he is very well connected both locally and internationally, according to the ZHdK press release.<\/p>\n<\/p><\/div>","protected":false},"excerpt":{"rendered":"<p><strong>The Zurich University of the Arts (ZHdK) has appointed Tobias Willi to the position of Head of Church Music. He will take up the position at the beginning of August 2020, succeeding Beat Sch\u00e4fer.<\/strong><\/p>","protected":false},"author":1,"featured_media":15934,"comment_status":"open","ping_status":"open","sticky":false,"template":"","format":"standard","meta":{"_acf_changed":false,"_relevanssi_hide_post":"","_relevanssi_hide_content":"","_relevanssi_pin_for_all":"","_relevanssi_pin_keywords":"","_relevanssi_unpin_keywords":"","_relevanssi_related_keywords":"","_relevanssi_related_include_ids":"","_relevanssi_related_exclude_ids":"","_relevanssi_related_no_append":"","_relevanssi_related_not_related":"","_relevanssi_related_posts":"","_relevanssi_noindex_reason":"","pgc_sgb_lightbox_settings":"","footnotes":""},"categories":[447,510],"tags":[],"class_list":["post-17507","post","type-post","status-publish","format-standard","has-post-thumbnail","hentry","category-aus-und-weiterbildung","category-musikhochschule"],"acf":[],"yoast_head":"<!-- This site is optimized with the Yoast SEO plugin v27.5 - https:\/\/yoast.com\/product\/yoast-seo-wordpress\/ -->\n<title>ZHdK mit neuer Profilleitung Kirchenmusik - Schweizer Musikzeitung<\/title>\n<meta name=\"robots\" content=\"index, follow, max-snippet:-1, max-image-preview:large, max-video-preview:-1\" \/>\n<link rel=\"canonical\" href=\"https:\/\/www.musikzeitung.ch\/en\/aus-und-weiterbildung\/2020\/01\/zhdk-mit-neuer-profilleitung-kirchenmusik\/\" \/>\n<meta property=\"og:locale\" content=\"en_US\" \/>\n<meta property=\"og:type\" content=\"article\" \/>\n<meta property=\"og:title\" content=\"ZHdK mit neuer Profilleitung Kirchenmusik - Schweizer Musikzeitung\" \/>\n<meta property=\"og:description\" content=\"Die Z\u00fcrcher Hochschule der K\u00fcnste (ZHdK) besetzt die Stelle Profilleitung Kirchenmusik mit Tobias Willi. Er wird die Stelle in der Nachfolge von Beat Sch\u00e4fer per Anfang August 2020 antreten.\" \/>\n<meta property=\"og:url\" content=\"https:\/\/www.musikzeitung.ch\/en\/aus-und-weiterbildung\/2020\/01\/zhdk-mit-neuer-profilleitung-kirchenmusik\/\" \/>\n<meta property=\"og:site_name\" content=\"Schweizer Musikzeitung\" \/>\n<meta property=\"article:publisher\" content=\"https:\/\/www.facebook.com\/SchweizerMusikzeitung\/\" \/>\n<meta property=\"article:published_time\" content=\"2020-01-16T23:00:00+00:00\" \/>\n<meta property=\"article:modified_time\" content=\"2023-01-18T00:12:13+00:00\" \/>\n<meta property=\"og:image\" content=\"https:\/\/www.musikzeitung.ch\/wp-content\/uploads\/2023\/01\/tobias_willi_100dpi.jpg\" \/>\n\t<meta property=\"og:image:width\" content=\"554\" \/>\n\t<meta property=\"og:image:height\" content=\"400\" \/>\n\t<meta property=\"og:image:type\" content=\"image\/jpeg\" \/>\n<meta name=\"author\" content=\"Musikzeitung-Redaktion\" \/>\n<meta name=\"twitter:card\" content=\"summary_large_image\" \/>\n<meta name=\"twitter:creator\" content=\"@smusikzeitung\" \/>\n<meta name=\"twitter:site\" content=\"@smusikzeitung\" \/>\n<meta name=\"twitter:label1\" content=\"Written by\" \/>\n\t<meta name=\"twitter:data1\" content=\"Musikzeitung-Redaktion\" \/>\n<script type=\"application\/ld+json\" class=\"yoast-schema-graph\">{\"@context\":\"https:\\\/\\\/schema.org\",\"@graph\":[{\"@type\":\"Article\",\"@id\":\"https:\\\/\\\/www.musikzeitung.ch\\\/aus-und-weiterbildung\\\/2020\\\/01\\\/zhdk-mit-neuer-profilleitung-kirchenmusik#article\",\"isPartOf\":{\"@id\":\"https:\\\/\\\/www.musikzeitung.ch\\\/aus-und-weiterbildung\\\/2020\\\/01\\\/zhdk-mit-neuer-profilleitung-kirchenmusik\"},\"author\":{\"name\":\"Musikzeitung-Redaktion\",\"@id\":\"https:\\\/\\\/www.musikzeitung.ch\\\/#\\\/schema\\\/person\\\/b2fd892c800856270b9dcc6001265712\"},\"headline\":\"ZHdK mit neuer Profilleitung Kirchenmusik\",\"datePublished\":\"2020-01-16T23:00:00+00:00\",\"dateModified\":\"2023-01-18T00:12:13+00:00\",\"mainEntityOfPage\":{\"@id\":\"https:\\\/\\\/www.musikzeitung.ch\\\/aus-und-weiterbildung\\\/2020\\\/01\\\/zhdk-mit-neuer-profilleitung-kirchenmusik\"},\"wordCount\":98,\"commentCount\":0,\"publisher\":{\"@id\":\"https:\\\/\\\/www.musikzeitung.ch\\\/#organization\"},\"image\":{\"@id\":\"https:\\\/\\\/www.musikzeitung.ch\\\/aus-und-weiterbildung\\\/2020\\\/01\\\/zhdk-mit-neuer-profilleitung-kirchenmusik#primaryimage\"},\"thumbnailUrl\":\"https:\\\/\\\/www.musikzeitung.ch\\\/wp-content\\\/uploads\\\/2023\\\/01\\\/tobias_willi_100dpi.jpg\",\"articleSection\":[\"Aus- und Weiterbildung\",\"Musikhochschule\"],\"inLanguage\":\"en-US\"},{\"@type\":\"WebPage\",\"@id\":\"https:\\\/\\\/www.musikzeitung.ch\\\/aus-und-weiterbildung\\\/2020\\\/01\\\/zhdk-mit-neuer-profilleitung-kirchenmusik\",\"url\":\"https:\\\/\\\/www.musikzeitung.ch\\\/aus-und-weiterbildung\\\/2020\\\/01\\\/zhdk-mit-neuer-profilleitung-kirchenmusik\",\"name\":\"ZHdK mit neuer Profilleitung Kirchenmusik - Schweizer Musikzeitung\",\"isPartOf\":{\"@id\":\"https:\\\/\\\/www.musikzeitung.ch\\\/#website\"},\"primaryImageOfPage\":{\"@id\":\"https:\\\/\\\/www.musikzeitung.ch\\\/aus-und-weiterbildung\\\/2020\\\/01\\\/zhdk-mit-neuer-profilleitung-kirchenmusik#primaryimage\"},\"image\":{\"@id\":\"https:\\\/\\\/www.musikzeitung.ch\\\/aus-und-weiterbildung\\\/2020\\\/01\\\/zhdk-mit-neuer-profilleitung-kirchenmusik#primaryimage\"},\"thumbnailUrl\":\"https:\\\/\\\/www.musikzeitung.ch\\\/wp-content\\\/uploads\\\/2023\\\/01\\\/tobias_willi_100dpi.jpg\",\"datePublished\":\"2020-01-16T23:00:00+00:00\",\"dateModified\":\"2023-01-18T00:12:13+00:00\",\"breadcrumb\":{\"@id\":\"https:\\\/\\\/www.musikzeitung.ch\\\/aus-und-weiterbildung\\\/2020\\\/01\\\/zhdk-mit-neuer-profilleitung-kirchenmusik#breadcrumb\"},\"inLanguage\":\"en-US\",\"potentialAction\":[{\"@type\":\"ReadAction\",\"target\":[\"https:\\\/\\\/www.musikzeitung.ch\\\/aus-und-weiterbildung\\\/2020\\\/01\\\/zhdk-mit-neuer-profilleitung-kirchenmusik\"]}]},{\"@type\":\"ImageObject\",\"inLanguage\":\"en-US\",\"@id\":\"https:\\\/\\\/www.musikzeitung.ch\\\/aus-und-weiterbildung\\\/2020\\\/01\\\/zhdk-mit-neuer-profilleitung-kirchenmusik#primaryimage\",\"url\":\"https:\\\/\\\/www.musikzeitung.ch\\\/wp-content\\\/uploads\\\/2023\\\/01\\\/tobias_willi_100dpi.jpg\",\"contentUrl\":\"https:\\\/\\\/www.musikzeitung.ch\\\/wp-content\\\/uploads\\\/2023\\\/01\\\/tobias_willi_100dpi.jpg\",\"width\":554,\"height\":400},{\"@type\":\"BreadcrumbList\",\"@id\":\"https:\\\/\\\/www.musikzeitung.ch\\\/aus-und-weiterbildung\\\/2020\\\/01\\\/zhdk-mit-neuer-profilleitung-kirchenmusik#breadcrumb\",\"itemListElement\":[{\"@type\":\"ListItem\",\"position\":1,\"name\":\"Home\",\"item\":\"https:\\\/\\\/www.musikzeitung.ch\\\/\"},{\"@type\":\"ListItem\",\"position\":2,\"name\":\"ZHdK mit neuer Profilleitung Kirchenmusik\"}]},{\"@type\":\"WebSite\",\"@id\":\"https:\\\/\\\/www.musikzeitung.ch\\\/#website\",\"url\":\"https:\\\/\\\/www.musikzeitung.ch\\\/\",\"name\":\"Schweizer Musikzeitung\",\"description\":\"Die f\u00fchrende sparten\u00fcbergreifende Monatszeitung in der Schweiz f\u00fcr musikalische Fragen.\",\"publisher\":{\"@id\":\"https:\\\/\\\/www.musikzeitung.ch\\\/#organization\"},\"potentialAction\":[{\"@type\":\"SearchAction\",\"target\":{\"@type\":\"EntryPoint\",\"urlTemplate\":\"https:\\\/\\\/www.musikzeitung.ch\\\/?s={search_term_string}\"},\"query-input\":{\"@type\":\"PropertyValueSpecification\",\"valueRequired\":true,\"valueName\":\"search_term_string\"}}],\"inLanguage\":\"en-US\"},{\"@type\":\"Organization\",\"@id\":\"https:\\\/\\\/www.musikzeitung.ch\\\/#organization\",\"name\":\"Schweizer Musikzeitung\",\"url\":\"https:\\\/\\\/www.musikzeitung.ch\\\/\",\"logo\":{\"@type\":\"ImageObject\",\"inLanguage\":\"en-US\",\"@id\":\"https:\\\/\\\/www.musikzeitung.ch\\\/#\\\/schema\\\/logo\\\/image\\\/\",\"url\":\"https:\\\/\\\/www.musikzeitung.ch\\\/wp-content\\\/uploads\\\/2023\\\/01\\\/SMZ_Schriftzug_Sprache.png\",\"contentUrl\":\"https:\\\/\\\/www.musikzeitung.ch\\\/wp-content\\\/uploads\\\/2023\\\/01\\\/SMZ_Schriftzug_Sprache.png\",\"width\":1400,\"height\":279,\"caption\":\"Schweizer Musikzeitung\"},\"image\":{\"@id\":\"https:\\\/\\\/www.musikzeitung.ch\\\/#\\\/schema\\\/logo\\\/image\\\/\"},\"sameAs\":[\"https:\\\/\\\/www.facebook.com\\\/SchweizerMusikzeitung\\\/\",\"https:\\\/\\\/x.com\\\/smusikzeitung\",\"https:\\\/\\\/www.instagram.com\\\/musikzeitung.ch\\\/\"]},{\"@type\":\"Person\",\"@id\":\"https:\\\/\\\/www.musikzeitung.ch\\\/#\\\/schema\\\/person\\\/b2fd892c800856270b9dcc6001265712\",\"name\":\"Musikzeitung-Redaktion\",\"image\":{\"@type\":\"ImageObject\",\"inLanguage\":\"en-US\",\"@id\":\"https:\\\/\\\/www.musikzeitung.ch\\\/wp-content\\\/uploads\\\/2022\\\/05\\\/usericon_musikzeitung-96x96.jpg\",\"url\":\"https:\\\/\\\/www.musikzeitung.ch\\\/wp-content\\\/uploads\\\/2022\\\/05\\\/usericon_musikzeitung-96x96.jpg\",\"contentUrl\":\"https:\\\/\\\/www.musikzeitung.ch\\\/wp-content\\\/uploads\\\/2022\\\/05\\\/usericon_musikzeitung-96x96.jpg\",\"caption\":\"Musikzeitung-Redaktion\"},\"url\":\"https:\\\/\\\/www.musikzeitung.ch\\\/en\\\/author\\\/admin\"}]}<\/script>\n<!-- \/ Yoast SEO plugin. -->","yoast_head_json":{"title":"ZHdK with new head of church music profile - Schweizer Musikzeitung","robots":{"index":"index","follow":"follow","max-snippet":"max-snippet:-1","max-image-preview":"max-image-preview:large","max-video-preview":"max-video-preview:-1"},"canonical":"https:\/\/www.musikzeitung.ch\/en\/aus-und-weiterbildung\/2020\/01\/zhdk-mit-neuer-profilleitung-kirchenmusik\/","og_locale":"en_US","og_type":"article","og_title":"ZHdK mit neuer Profilleitung Kirchenmusik - Schweizer Musikzeitung","og_description":"Die Z\u00fcrcher Hochschule der K\u00fcnste (ZHdK) besetzt die Stelle Profilleitung Kirchenmusik mit Tobias Willi. Er wird die Stelle in der Nachfolge von Beat Sch\u00e4fer per Anfang August 2020 antreten.","og_url":"https:\/\/www.musikzeitung.ch\/en\/aus-und-weiterbildung\/2020\/01\/zhdk-mit-neuer-profilleitung-kirchenmusik\/","og_site_name":"Schweizer Musikzeitung","article_publisher":"https:\/\/www.facebook.com\/SchweizerMusikzeitung\/","article_published_time":"2020-01-16T23:00:00+00:00","article_modified_time":"2023-01-18T00:12:13+00:00","og_image":[{"width":554,"height":400,"url":"https:\/\/www.musikzeitung.ch\/wp-content\/uploads\/2023\/01\/tobias_willi_100dpi.jpg","type":"image\/jpeg"}],"author":"Musikzeitung-Redaktion","twitter_card":"summary_large_image","twitter_creator":"@smusikzeitung","twitter_site":"@smusikzeitung","twitter_misc":{"Written by":"Musikzeitung-Redaktion"},"schema":{"@context":"https:\/\/schema.org","@graph":[{"@type":"Article","@id":"https:\/\/www.musikzeitung.ch\/aus-und-weiterbildung\/2020\/01\/zhdk-mit-neuer-profilleitung-kirchenmusik#article","isPartOf":{"@id":"https:\/\/www.musikzeitung.ch\/aus-und-weiterbildung\/2020\/01\/zhdk-mit-neuer-profilleitung-kirchenmusik"},"author":{"name":"Musikzeitung-Redaktion","@id":"https:\/\/www.musikzeitung.ch\/#\/schema\/person\/b2fd892c800856270b9dcc6001265712"},"headline":"ZHdK mit neuer Profilleitung Kirchenmusik","datePublished":"2020-01-16T23:00:00+00:00","dateModified":"2023-01-18T00:12:13+00:00","mainEntityOfPage":{"@id":"https:\/\/www.musikzeitung.ch\/aus-und-weiterbildung\/2020\/01\/zhdk-mit-neuer-profilleitung-kirchenmusik"},"wordCount":98,"commentCount":0,"publisher":{"@id":"https:\/\/www.musikzeitung.ch\/#organization"},"image":{"@id":"https:\/\/www.musikzeitung.ch\/aus-und-weiterbildung\/2020\/01\/zhdk-mit-neuer-profilleitung-kirchenmusik#primaryimage"},"thumbnailUrl":"https:\/\/www.musikzeitung.ch\/wp-content\/uploads\/2023\/01\/tobias_willi_100dpi.jpg","articleSection":["Aus- und Weiterbildung","Musikhochschule"],"inLanguage":"en-US"},{"@type":"WebPage","@id":"https:\/\/www.musikzeitung.ch\/aus-und-weiterbildung\/2020\/01\/zhdk-mit-neuer-profilleitung-kirchenmusik","url":"https:\/\/www.musikzeitung.ch\/aus-und-weiterbildung\/2020\/01\/zhdk-mit-neuer-profilleitung-kirchenmusik","name":"ZHdK with new head of church music profile - Schweizer Musikzeitung","isPartOf":{"@id":"https:\/\/www.musikzeitung.ch\/#website"},"primaryImageOfPage":{"@id":"https:\/\/www.musikzeitung.ch\/aus-und-weiterbildung\/2020\/01\/zhdk-mit-neuer-profilleitung-kirchenmusik#primaryimage"},"image":{"@id":"https:\/\/www.musikzeitung.ch\/aus-und-weiterbildung\/2020\/01\/zhdk-mit-neuer-profilleitung-kirchenmusik#primaryimage"},"thumbnailUrl":"https:\/\/www.musikzeitung.ch\/wp-content\/uploads\/2023\/01\/tobias_willi_100dpi.jpg","datePublished":"2020-01-16T23:00:00+00:00","dateModified":"2023-01-18T00:12:13+00:00","breadcrumb":{"@id":"https:\/\/www.musikzeitung.ch\/aus-und-weiterbildung\/2020\/01\/zhdk-mit-neuer-profilleitung-kirchenmusik#breadcrumb"},"inLanguage":"en-US","potentialAction":[{"@type":"ReadAction","target":["https:\/\/www.musikzeitung.ch\/aus-und-weiterbildung\/2020\/01\/zhdk-mit-neuer-profilleitung-kirchenmusik"]}]},{"@type":"ImageObject","inLanguage":"en-US","@id":"https:\/\/www.musikzeitung.ch\/aus-und-weiterbildung\/2020\/01\/zhdk-mit-neuer-profilleitung-kirchenmusik#primaryimage","url":"https:\/\/www.musikzeitung.ch\/wp-content\/uploads\/2023\/01\/tobias_willi_100dpi.jpg","contentUrl":"https:\/\/www.musikzeitung.ch\/wp-content\/uploads\/2023\/01\/tobias_willi_100dpi.jpg","width":554,"height":400},{"@type":"BreadcrumbList","@id":"https:\/\/www.musikzeitung.ch\/aus-und-weiterbildung\/2020\/01\/zhdk-mit-neuer-profilleitung-kirchenmusik#breadcrumb","itemListElement":[{"@type":"ListItem","position":1,"name":"Home","item":"https:\/\/www.musikzeitung.ch\/"},{"@type":"ListItem","position":2,"name":"ZHdK mit neuer Profilleitung Kirchenmusik"}]},{"@type":"WebSite","@id":"https:\/\/www.musikzeitung.ch\/#website","url":"https:\/\/www.musikzeitung.ch\/","name":"Swiss Music Newspaper","description":"The leading interdisciplinary monthly newspaper in Switzerland for musical issues.","publisher":{"@id":"https:\/\/www.musikzeitung.ch\/#organization"},"potentialAction":[{"@type":"SearchAction","target":{"@type":"EntryPoint","urlTemplate":"https:\/\/www.musikzeitung.ch\/?s={search_term_string}"},"query-input":{"@type":"PropertyValueSpecification","valueRequired":true,"valueName":"search_term_string"}}],"inLanguage":"en-US"},{"@type":"Organization","@id":"https:\/\/www.musikzeitung.ch\/#organization","name":"Swiss Music Newspaper","url":"https:\/\/www.musikzeitung.ch\/","logo":{"@type":"ImageObject","inLanguage":"en-US","@id":"https:\/\/www.musikzeitung.ch\/#\/schema\/logo\/image\/","url":"https:\/\/www.musikzeitung.ch\/wp-content\/uploads\/2023\/01\/SMZ_Schriftzug_Sprache.png","contentUrl":"https:\/\/www.musikzeitung.ch\/wp-content\/uploads\/2023\/01\/SMZ_Schriftzug_Sprache.png","width":1400,"height":279,"caption":"Schweizer Musikzeitung"},"image":{"@id":"https:\/\/www.musikzeitung.ch\/#\/schema\/logo\/image\/"},"sameAs":["https:\/\/www.facebook.com\/SchweizerMusikzeitung\/","https:\/\/x.com\/smusikzeitung","https:\/\/www.instagram.com\/musikzeitung.ch\/"]},{"@type":"Person","@id":"https:\/\/www.musikzeitung.ch\/#\/schema\/person\/b2fd892c800856270b9dcc6001265712","name":"Music newspaper editorial office","image":{"@type":"ImageObject","inLanguage":"en-US","@id":"https:\/\/www.musikzeitung.ch\/wp-content\/uploads\/2022\/05\/usericon_musikzeitung-96x96.jpg","url":"https:\/\/www.musikzeitung.ch\/wp-content\/uploads\/2022\/05\/usericon_musikzeitung-96x96.jpg","contentUrl":"https:\/\/www.musikzeitung.ch\/wp-content\/uploads\/2022\/05\/usericon_musikzeitung-96x96.jpg","caption":"Musikzeitung-Redaktion"},"url":"https:\/\/www.musikzeitung.ch\/en\/author\/admin"}]}},"publishpress_future_workflow_manual_trigger":{"enabledWorkflows":[]},"_links":{"self":[{"href":"https:\/\/www.musikzeitung.ch\/en\/wp-json\/wp\/v2\/posts\/17507","targetHints":{"allow":["GET"]}}],"collection":[{"href":"https:\/\/www.musikzeitung.ch\/en\/wp-json\/wp\/v2\/posts"}],"about":[{"href":"https:\/\/www.musikzeitung.ch\/en\/wp-json\/wp\/v2\/types\/post"}],"author":[{"embeddable":true,"href":"https:\/\/www.musikzeitung.ch\/en\/wp-json\/wp\/v2\/users\/1"}],"replies":[{"embeddable":true,"href":"https:\/\/www.musikzeitung.ch\/en\/wp-json\/wp\/v2\/comments?post=17507"}],"version-history":[{"count":1,"href":"https:\/\/www.musikzeitung.ch\/en\/wp-json\/wp\/v2\/posts\/17507\/revisions"}],"predecessor-version":[{"id":17508,"href":"https:\/\/www.musikzeitung.ch\/en\/wp-json\/wp\/v2\/posts\/17507\/revisions\/17508"}],"wp:featuredmedia":[{"embeddable":true,"href":"https:\/\/www.musikzeitung.ch\/en\/wp-json\/wp\/v2\/media\/15934"}],"wp:attachment":[{"href":"https:\/\/www.musikzeitung.ch\/en\/wp-json\/wp\/v2\/media?parent=17507"}],"wp:term":[{"taxonomy":"category","embeddable":true,"href":"https:\/\/www.musikzeitung.ch\/en\/wp-json\/wp\/v2\/categories?post=17507"},{"taxonomy":"post_tag","embeddable":true,"href":"https:\/\/www.musikzeitung.ch\/en\/wp-json\/wp\/v2\/tags?post=17507"}],"curies":[{"name":"wp","href":"https:\/\/api.w.org\/{rel}","templated":true}]}}