{"id":17611,"date":"2021-11-29T00:00:00","date_gmt":"2021-11-28T23:00:00","guid":{"rendered":"https:\/\/www.musikzeitung.ch\/allgemein\/deutsch-und-sun-unterrichten-in-basel\/"},"modified":"2023-01-18T01:12:17","modified_gmt":"2023-01-18T00:12:17","slug":"deutsch-und-sun-unterrichten-in-basel","status":"publish","type":"post","link":"https:\/\/www.musikzeitung.ch\/en\/aus-und-weiterbildung\/2021\/11\/deutsch-und-sun-unterrichten-in-basel","title":{"rendered":"Teaching German and Sun in Basel"},"content":{"rendered":"<figure style=\"width: 1200px\" class=\"wp-caption alignnone\"><img decoding=\"async\" class=\"size-full\" src=\"https:\/\/www.musikzeitung.ch\/wp-content\/uploads\/2023\/01\/sms-1.jpg\" alt=\"\" \/><figcaption class=\"wp-caption-text\">Sarah Maria Sun will teach in Basel from February 2022. Photo Thomas Schloemann<\/figcaption><\/figure>\n<div class='text-section'>\n<p>Sun and Deutsch teach in the Master of Arts in Specialized Performance, Contemporary Music, and the newly structured Master of Arts in Specialized Performance, Open Creation. Sun starts in February, Deutsch in September.<\/p>\n<p>Sarah Maria Sun is one of the most outstanding personalities on the contemporary music scene. Her repertoire includes more than 1000 works from the 16th to the 21st century, including 350 world premieres. She is a regular guest at renowned festivals, opera houses and concert halls around the world. This summer, for example, she took on the leading role in Luigi Nono's <em>Intolleranza<\/em><em> 1960<\/em> at the Salzburg Festival. For her portrayal of complex female characters such as the double character Elsa\/Lohengrin in Salavatore Sciarrino's monodrama <em>Lohengrin<\/em> (2017) or Gwen in Philip Venables' <em>4.48<\/em>\u00a0<em>Psychosis 4.48<\/em> (2019), she was nominated as Singer of the Year.<\/p>\n<p>Born in Tel Aviv in 1978, Deutsch is particularly known for his work in the field of contemporary music. He is the founder and artistic director of the Nikel Quartet and a frequent guest performer with the best-known European ensembles and orchestras in the field of contemporary music. He plays regularly with the ensembles Klangforum Wien and Musikfabrik.<\/p>\n<\/p><\/div>","protected":false},"excerpt":{"rendered":"<p><strong>From 2022, singer and performer Sarah Maria Sun and electric guitarist Yaron Deutsch will be teaching contemporary music at the FHNW School of Music Basel, taking over from J\u00fcrg Henneberger.<\/strong><\/p>","protected":false},"author":1,"featured_media":16091,"comment_status":"open","ping_status":"open","sticky":false,"template":"","format":"standard","meta":{"_acf_changed":false,"_relevanssi_hide_post":"","_relevanssi_hide_content":"","_relevanssi_pin_for_all":"","_relevanssi_pin_keywords":"","_relevanssi_unpin_keywords":"","_relevanssi_related_keywords":"","_relevanssi_related_include_ids":"","_relevanssi_related_exclude_ids":"","_relevanssi_related_no_append":"","_relevanssi_related_not_related":"","_relevanssi_related_posts":"","_relevanssi_noindex_reason":"","pgc_sgb_lightbox_settings":"","footnotes":""},"categories":[447,510],"tags":[],"class_list":["post-17611","post","type-post","status-publish","format-standard","has-post-thumbnail","hentry","category-aus-und-weiterbildung","category-musikhochschule"],"acf":[],"yoast_head":"<!-- This site is optimized with the Yoast SEO plugin v27.5 - https:\/\/yoast.com\/product\/yoast-seo-wordpress\/ -->\n<title>Deutsch und Sun unterrichten in Basel - Schweizer Musikzeitung<\/title>\n<meta name=\"robots\" content=\"index, follow, max-snippet:-1, max-image-preview:large, max-video-preview:-1\" \/>\n<link rel=\"canonical\" href=\"https:\/\/www.musikzeitung.ch\/en\/aus-und-weiterbildung\/2021\/11\/deutsch-und-sun-unterrichten-in-basel\/\" \/>\n<meta property=\"og:locale\" content=\"en_US\" \/>\n<meta property=\"og:type\" content=\"article\" \/>\n<meta property=\"og:title\" content=\"Deutsch und Sun unterrichten in Basel - Schweizer Musikzeitung\" \/>\n<meta property=\"og:description\" content=\"An der Hochschule f\u00fcr Musik FHNW Basel unterrichten in der Nachfolge von J\u00fcrg Henneberger ab 2022 neu die S\u00e4ngerin und Performerin Sarah Maria Sun und der E-Gitarrist Yaron Deutsch zeitgen\u00f6ssische Musik.\" \/>\n<meta property=\"og:url\" content=\"https:\/\/www.musikzeitung.ch\/en\/aus-und-weiterbildung\/2021\/11\/deutsch-und-sun-unterrichten-in-basel\/\" \/>\n<meta property=\"og:site_name\" content=\"Schweizer Musikzeitung\" \/>\n<meta property=\"article:publisher\" content=\"https:\/\/www.facebook.com\/SchweizerMusikzeitung\/\" \/>\n<meta property=\"article:published_time\" content=\"2021-11-28T23:00:00+00:00\" \/>\n<meta property=\"article:modified_time\" content=\"2023-01-18T00:12:17+00:00\" \/>\n<meta property=\"og:image\" content=\"https:\/\/www.musikzeitung.ch\/wp-content\/uploads\/2023\/01\/sms-1.jpg\" \/>\n\t<meta property=\"og:image:width\" content=\"554\" \/>\n\t<meta property=\"og:image:height\" content=\"368\" \/>\n\t<meta property=\"og:image:type\" content=\"image\/jpeg\" \/>\n<meta name=\"author\" content=\"Musikzeitung-Redaktion\" \/>\n<meta name=\"twitter:card\" content=\"summary_large_image\" \/>\n<meta name=\"twitter:creator\" content=\"@smusikzeitung\" \/>\n<meta name=\"twitter:site\" content=\"@smusikzeitung\" \/>\n<meta name=\"twitter:label1\" content=\"Written by\" \/>\n\t<meta name=\"twitter:data1\" content=\"Musikzeitung-Redaktion\" \/>\n\t<meta name=\"twitter:label2\" content=\"Est. reading time\" \/>\n\t<meta name=\"twitter:data2\" content=\"1 minute\" \/>\n<script type=\"application\/ld+json\" class=\"yoast-schema-graph\">{\"@context\":\"https:\\\/\\\/schema.org\",\"@graph\":[{\"@type\":\"Article\",\"@id\":\"https:\\\/\\\/www.musikzeitung.ch\\\/aus-und-weiterbildung\\\/2021\\\/11\\\/deutsch-und-sun-unterrichten-in-basel#article\",\"isPartOf\":{\"@id\":\"https:\\\/\\\/www.musikzeitung.ch\\\/aus-und-weiterbildung\\\/2021\\\/11\\\/deutsch-und-sun-unterrichten-in-basel\"},\"author\":{\"name\":\"Musikzeitung-Redaktion\",\"@id\":\"https:\\\/\\\/www.musikzeitung.ch\\\/#\\\/schema\\\/person\\\/b2fd892c800856270b9dcc6001265712\"},\"headline\":\"Deutsch und Sun unterrichten in Basel\",\"datePublished\":\"2021-11-28T23:00:00+00:00\",\"dateModified\":\"2023-01-18T00:12:17+00:00\",\"mainEntityOfPage\":{\"@id\":\"https:\\\/\\\/www.musikzeitung.ch\\\/aus-und-weiterbildung\\\/2021\\\/11\\\/deutsch-und-sun-unterrichten-in-basel\"},\"wordCount\":205,\"commentCount\":0,\"publisher\":{\"@id\":\"https:\\\/\\\/www.musikzeitung.ch\\\/#organization\"},\"image\":{\"@id\":\"https:\\\/\\\/www.musikzeitung.ch\\\/aus-und-weiterbildung\\\/2021\\\/11\\\/deutsch-und-sun-unterrichten-in-basel#primaryimage\"},\"thumbnailUrl\":\"https:\\\/\\\/www.musikzeitung.ch\\\/wp-content\\\/uploads\\\/2023\\\/01\\\/sms-1.jpg\",\"articleSection\":[\"Aus- und Weiterbildung\",\"Musikhochschule\"],\"inLanguage\":\"en-US\"},{\"@type\":\"WebPage\",\"@id\":\"https:\\\/\\\/www.musikzeitung.ch\\\/aus-und-weiterbildung\\\/2021\\\/11\\\/deutsch-und-sun-unterrichten-in-basel\",\"url\":\"https:\\\/\\\/www.musikzeitung.ch\\\/aus-und-weiterbildung\\\/2021\\\/11\\\/deutsch-und-sun-unterrichten-in-basel\",\"name\":\"Deutsch und Sun unterrichten in Basel - Schweizer Musikzeitung\",\"isPartOf\":{\"@id\":\"https:\\\/\\\/www.musikzeitung.ch\\\/#website\"},\"primaryImageOfPage\":{\"@id\":\"https:\\\/\\\/www.musikzeitung.ch\\\/aus-und-weiterbildung\\\/2021\\\/11\\\/deutsch-und-sun-unterrichten-in-basel#primaryimage\"},\"image\":{\"@id\":\"https:\\\/\\\/www.musikzeitung.ch\\\/aus-und-weiterbildung\\\/2021\\\/11\\\/deutsch-und-sun-unterrichten-in-basel#primaryimage\"},\"thumbnailUrl\":\"https:\\\/\\\/www.musikzeitung.ch\\\/wp-content\\\/uploads\\\/2023\\\/01\\\/sms-1.jpg\",\"datePublished\":\"2021-11-28T23:00:00+00:00\",\"dateModified\":\"2023-01-18T00:12:17+00:00\",\"breadcrumb\":{\"@id\":\"https:\\\/\\\/www.musikzeitung.ch\\\/aus-und-weiterbildung\\\/2021\\\/11\\\/deutsch-und-sun-unterrichten-in-basel#breadcrumb\"},\"inLanguage\":\"en-US\",\"potentialAction\":[{\"@type\":\"ReadAction\",\"target\":[\"https:\\\/\\\/www.musikzeitung.ch\\\/aus-und-weiterbildung\\\/2021\\\/11\\\/deutsch-und-sun-unterrichten-in-basel\"]}]},{\"@type\":\"ImageObject\",\"inLanguage\":\"en-US\",\"@id\":\"https:\\\/\\\/www.musikzeitung.ch\\\/aus-und-weiterbildung\\\/2021\\\/11\\\/deutsch-und-sun-unterrichten-in-basel#primaryimage\",\"url\":\"https:\\\/\\\/www.musikzeitung.ch\\\/wp-content\\\/uploads\\\/2023\\\/01\\\/sms-1.jpg\",\"contentUrl\":\"https:\\\/\\\/www.musikzeitung.ch\\\/wp-content\\\/uploads\\\/2023\\\/01\\\/sms-1.jpg\",\"width\":554,\"height\":368},{\"@type\":\"BreadcrumbList\",\"@id\":\"https:\\\/\\\/www.musikzeitung.ch\\\/aus-und-weiterbildung\\\/2021\\\/11\\\/deutsch-und-sun-unterrichten-in-basel#breadcrumb\",\"itemListElement\":[{\"@type\":\"ListItem\",\"position\":1,\"name\":\"Home\",\"item\":\"https:\\\/\\\/www.musikzeitung.ch\\\/\"},{\"@type\":\"ListItem\",\"position\":2,\"name\":\"Deutsch und Sun unterrichten in Basel\"}]},{\"@type\":\"WebSite\",\"@id\":\"https:\\\/\\\/www.musikzeitung.ch\\\/#website\",\"url\":\"https:\\\/\\\/www.musikzeitung.ch\\\/\",\"name\":\"Schweizer Musikzeitung\",\"description\":\"Die f\u00fchrende sparten\u00fcbergreifende Monatszeitung in der Schweiz f\u00fcr musikalische Fragen.\",\"publisher\":{\"@id\":\"https:\\\/\\\/www.musikzeitung.ch\\\/#organization\"},\"potentialAction\":[{\"@type\":\"SearchAction\",\"target\":{\"@type\":\"EntryPoint\",\"urlTemplate\":\"https:\\\/\\\/www.musikzeitung.ch\\\/?s={search_term_string}\"},\"query-input\":{\"@type\":\"PropertyValueSpecification\",\"valueRequired\":true,\"valueName\":\"search_term_string\"}}],\"inLanguage\":\"en-US\"},{\"@type\":\"Organization\",\"@id\":\"https:\\\/\\\/www.musikzeitung.ch\\\/#organization\",\"name\":\"Schweizer Musikzeitung\",\"url\":\"https:\\\/\\\/www.musikzeitung.ch\\\/\",\"logo\":{\"@type\":\"ImageObject\",\"inLanguage\":\"en-US\",\"@id\":\"https:\\\/\\\/www.musikzeitung.ch\\\/#\\\/schema\\\/logo\\\/image\\\/\",\"url\":\"https:\\\/\\\/www.musikzeitung.ch\\\/wp-content\\\/uploads\\\/2023\\\/01\\\/SMZ_Schriftzug_Sprache.png\",\"contentUrl\":\"https:\\\/\\\/www.musikzeitung.ch\\\/wp-content\\\/uploads\\\/2023\\\/01\\\/SMZ_Schriftzug_Sprache.png\",\"width\":1400,\"height\":279,\"caption\":\"Schweizer Musikzeitung\"},\"image\":{\"@id\":\"https:\\\/\\\/www.musikzeitung.ch\\\/#\\\/schema\\\/logo\\\/image\\\/\"},\"sameAs\":[\"https:\\\/\\\/www.facebook.com\\\/SchweizerMusikzeitung\\\/\",\"https:\\\/\\\/x.com\\\/smusikzeitung\",\"https:\\\/\\\/www.instagram.com\\\/musikzeitung.ch\\\/\"]},{\"@type\":\"Person\",\"@id\":\"https:\\\/\\\/www.musikzeitung.ch\\\/#\\\/schema\\\/person\\\/b2fd892c800856270b9dcc6001265712\",\"name\":\"Musikzeitung-Redaktion\",\"image\":{\"@type\":\"ImageObject\",\"inLanguage\":\"en-US\",\"@id\":\"https:\\\/\\\/www.musikzeitung.ch\\\/wp-content\\\/uploads\\\/2022\\\/05\\\/usericon_musikzeitung-96x96.jpg\",\"url\":\"https:\\\/\\\/www.musikzeitung.ch\\\/wp-content\\\/uploads\\\/2022\\\/05\\\/usericon_musikzeitung-96x96.jpg\",\"contentUrl\":\"https:\\\/\\\/www.musikzeitung.ch\\\/wp-content\\\/uploads\\\/2022\\\/05\\\/usericon_musikzeitung-96x96.jpg\",\"caption\":\"Musikzeitung-Redaktion\"},\"url\":\"https:\\\/\\\/www.musikzeitung.ch\\\/en\\\/author\\\/admin\"}]}<\/script>\n<!-- \/ Yoast SEO plugin. -->","yoast_head_json":{"title":"Teaching German and Sun in Basel - Schweizer Musikzeitung","robots":{"index":"index","follow":"follow","max-snippet":"max-snippet:-1","max-image-preview":"max-image-preview:large","max-video-preview":"max-video-preview:-1"},"canonical":"https:\/\/www.musikzeitung.ch\/en\/aus-und-weiterbildung\/2021\/11\/deutsch-und-sun-unterrichten-in-basel\/","og_locale":"en_US","og_type":"article","og_title":"Deutsch und Sun unterrichten in Basel - Schweizer Musikzeitung","og_description":"An der Hochschule f\u00fcr Musik FHNW Basel unterrichten in der Nachfolge von J\u00fcrg Henneberger ab 2022 neu die S\u00e4ngerin und Performerin Sarah Maria Sun und der E-Gitarrist Yaron Deutsch zeitgen\u00f6ssische Musik.","og_url":"https:\/\/www.musikzeitung.ch\/en\/aus-und-weiterbildung\/2021\/11\/deutsch-und-sun-unterrichten-in-basel\/","og_site_name":"Schweizer Musikzeitung","article_publisher":"https:\/\/www.facebook.com\/SchweizerMusikzeitung\/","article_published_time":"2021-11-28T23:00:00+00:00","article_modified_time":"2023-01-18T00:12:17+00:00","og_image":[{"width":554,"height":368,"url":"https:\/\/www.musikzeitung.ch\/wp-content\/uploads\/2023\/01\/sms-1.jpg","type":"image\/jpeg"}],"author":"Musikzeitung-Redaktion","twitter_card":"summary_large_image","twitter_creator":"@smusikzeitung","twitter_site":"@smusikzeitung","twitter_misc":{"Written by":"Musikzeitung-Redaktion","Est. reading time":"1 minute"},"schema":{"@context":"https:\/\/schema.org","@graph":[{"@type":"Article","@id":"https:\/\/www.musikzeitung.ch\/aus-und-weiterbildung\/2021\/11\/deutsch-und-sun-unterrichten-in-basel#article","isPartOf":{"@id":"https:\/\/www.musikzeitung.ch\/aus-und-weiterbildung\/2021\/11\/deutsch-und-sun-unterrichten-in-basel"},"author":{"name":"Musikzeitung-Redaktion","@id":"https:\/\/www.musikzeitung.ch\/#\/schema\/person\/b2fd892c800856270b9dcc6001265712"},"headline":"Deutsch und Sun unterrichten in Basel","datePublished":"2021-11-28T23:00:00+00:00","dateModified":"2023-01-18T00:12:17+00:00","mainEntityOfPage":{"@id":"https:\/\/www.musikzeitung.ch\/aus-und-weiterbildung\/2021\/11\/deutsch-und-sun-unterrichten-in-basel"},"wordCount":205,"commentCount":0,"publisher":{"@id":"https:\/\/www.musikzeitung.ch\/#organization"},"image":{"@id":"https:\/\/www.musikzeitung.ch\/aus-und-weiterbildung\/2021\/11\/deutsch-und-sun-unterrichten-in-basel#primaryimage"},"thumbnailUrl":"https:\/\/www.musikzeitung.ch\/wp-content\/uploads\/2023\/01\/sms-1.jpg","articleSection":["Aus- und Weiterbildung","Musikhochschule"],"inLanguage":"en-US"},{"@type":"WebPage","@id":"https:\/\/www.musikzeitung.ch\/aus-und-weiterbildung\/2021\/11\/deutsch-und-sun-unterrichten-in-basel","url":"https:\/\/www.musikzeitung.ch\/aus-und-weiterbildung\/2021\/11\/deutsch-und-sun-unterrichten-in-basel","name":"Teaching German and Sun in Basel - Schweizer Musikzeitung","isPartOf":{"@id":"https:\/\/www.musikzeitung.ch\/#website"},"primaryImageOfPage":{"@id":"https:\/\/www.musikzeitung.ch\/aus-und-weiterbildung\/2021\/11\/deutsch-und-sun-unterrichten-in-basel#primaryimage"},"image":{"@id":"https:\/\/www.musikzeitung.ch\/aus-und-weiterbildung\/2021\/11\/deutsch-und-sun-unterrichten-in-basel#primaryimage"},"thumbnailUrl":"https:\/\/www.musikzeitung.ch\/wp-content\/uploads\/2023\/01\/sms-1.jpg","datePublished":"2021-11-28T23:00:00+00:00","dateModified":"2023-01-18T00:12:17+00:00","breadcrumb":{"@id":"https:\/\/www.musikzeitung.ch\/aus-und-weiterbildung\/2021\/11\/deutsch-und-sun-unterrichten-in-basel#breadcrumb"},"inLanguage":"en-US","potentialAction":[{"@type":"ReadAction","target":["https:\/\/www.musikzeitung.ch\/aus-und-weiterbildung\/2021\/11\/deutsch-und-sun-unterrichten-in-basel"]}]},{"@type":"ImageObject","inLanguage":"en-US","@id":"https:\/\/www.musikzeitung.ch\/aus-und-weiterbildung\/2021\/11\/deutsch-und-sun-unterrichten-in-basel#primaryimage","url":"https:\/\/www.musikzeitung.ch\/wp-content\/uploads\/2023\/01\/sms-1.jpg","contentUrl":"https:\/\/www.musikzeitung.ch\/wp-content\/uploads\/2023\/01\/sms-1.jpg","width":554,"height":368},{"@type":"BreadcrumbList","@id":"https:\/\/www.musikzeitung.ch\/aus-und-weiterbildung\/2021\/11\/deutsch-und-sun-unterrichten-in-basel#breadcrumb","itemListElement":[{"@type":"ListItem","position":1,"name":"Home","item":"https:\/\/www.musikzeitung.ch\/"},{"@type":"ListItem","position":2,"name":"Deutsch und Sun unterrichten in Basel"}]},{"@type":"WebSite","@id":"https:\/\/www.musikzeitung.ch\/#website","url":"https:\/\/www.musikzeitung.ch\/","name":"Swiss Music Newspaper","description":"The leading interdisciplinary monthly newspaper in Switzerland for musical issues.","publisher":{"@id":"https:\/\/www.musikzeitung.ch\/#organization"},"potentialAction":[{"@type":"SearchAction","target":{"@type":"EntryPoint","urlTemplate":"https:\/\/www.musikzeitung.ch\/?s={search_term_string}"},"query-input":{"@type":"PropertyValueSpecification","valueRequired":true,"valueName":"search_term_string"}}],"inLanguage":"en-US"},{"@type":"Organization","@id":"https:\/\/www.musikzeitung.ch\/#organization","name":"Swiss Music Newspaper","url":"https:\/\/www.musikzeitung.ch\/","logo":{"@type":"ImageObject","inLanguage":"en-US","@id":"https:\/\/www.musikzeitung.ch\/#\/schema\/logo\/image\/","url":"https:\/\/www.musikzeitung.ch\/wp-content\/uploads\/2023\/01\/SMZ_Schriftzug_Sprache.png","contentUrl":"https:\/\/www.musikzeitung.ch\/wp-content\/uploads\/2023\/01\/SMZ_Schriftzug_Sprache.png","width":1400,"height":279,"caption":"Schweizer Musikzeitung"},"image":{"@id":"https:\/\/www.musikzeitung.ch\/#\/schema\/logo\/image\/"},"sameAs":["https:\/\/www.facebook.com\/SchweizerMusikzeitung\/","https:\/\/x.com\/smusikzeitung","https:\/\/www.instagram.com\/musikzeitung.ch\/"]},{"@type":"Person","@id":"https:\/\/www.musikzeitung.ch\/#\/schema\/person\/b2fd892c800856270b9dcc6001265712","name":"Music newspaper editorial office","image":{"@type":"ImageObject","inLanguage":"en-US","@id":"https:\/\/www.musikzeitung.ch\/wp-content\/uploads\/2022\/05\/usericon_musikzeitung-96x96.jpg","url":"https:\/\/www.musikzeitung.ch\/wp-content\/uploads\/2022\/05\/usericon_musikzeitung-96x96.jpg","contentUrl":"https:\/\/www.musikzeitung.ch\/wp-content\/uploads\/2022\/05\/usericon_musikzeitung-96x96.jpg","caption":"Musikzeitung-Redaktion"},"url":"https:\/\/www.musikzeitung.ch\/en\/author\/admin"}]}},"publishpress_future_workflow_manual_trigger":{"enabledWorkflows":[]},"_links":{"self":[{"href":"https:\/\/www.musikzeitung.ch\/en\/wp-json\/wp\/v2\/posts\/17611","targetHints":{"allow":["GET"]}}],"collection":[{"href":"https:\/\/www.musikzeitung.ch\/en\/wp-json\/wp\/v2\/posts"}],"about":[{"href":"https:\/\/www.musikzeitung.ch\/en\/wp-json\/wp\/v2\/types\/post"}],"author":[{"embeddable":true,"href":"https:\/\/www.musikzeitung.ch\/en\/wp-json\/wp\/v2\/users\/1"}],"replies":[{"embeddable":true,"href":"https:\/\/www.musikzeitung.ch\/en\/wp-json\/wp\/v2\/comments?post=17611"}],"version-history":[{"count":1,"href":"https:\/\/www.musikzeitung.ch\/en\/wp-json\/wp\/v2\/posts\/17611\/revisions"}],"predecessor-version":[{"id":17612,"href":"https:\/\/www.musikzeitung.ch\/en\/wp-json\/wp\/v2\/posts\/17611\/revisions\/17612"}],"wp:featuredmedia":[{"embeddable":true,"href":"https:\/\/www.musikzeitung.ch\/en\/wp-json\/wp\/v2\/media\/16091"}],"wp:attachment":[{"href":"https:\/\/www.musikzeitung.ch\/en\/wp-json\/wp\/v2\/media?parent=17611"}],"wp:term":[{"taxonomy":"category","embeddable":true,"href":"https:\/\/www.musikzeitung.ch\/en\/wp-json\/wp\/v2\/categories?post=17611"},{"taxonomy":"post_tag","embeddable":true,"href":"https:\/\/www.musikzeitung.ch\/en\/wp-json\/wp\/v2\/tags?post=17611"}],"curies":[{"name":"wp","href":"https:\/\/api.w.org\/{rel}","templated":true}]}}