{"id":17671,"date":"2022-06-23T00:00:00","date_gmt":"2022-06-22T23:00:00","guid":{"rendered":"https:\/\/www.musikzeitung.ch\/allgemein\/hilz-wird-leitungsmitglied-an-der-schola-cantorum\/"},"modified":"2023-01-18T01:12:19","modified_gmt":"2023-01-18T00:12:19","slug":"hilz-wird-leitungsmitglied-an-der-schola-cantorum","status":"publish","type":"post","link":"https:\/\/www.musikzeitung.ch\/en\/aus-und-weiterbildung\/2022\/06\/hilz-wird-leitungsmitglied-an-der-schola-cantorum","title":{"rendered":"Hilz becomes a member of the management team at the Schola Cantorum"},"content":{"rendered":"<figure style=\"width: 1200px\" class=\"wp-caption alignnone\"><img decoding=\"async\" class=\"size-full\" src=\"https:\/\/www.musikzeitung.ch\/wp-content\/uploads\/2023\/01\/Christian-Hilz.jpg\" alt=\"\" \/><figcaption class=\"wp-caption-text\">Christian Hilz. Photo: Fabian Birke<\/figcaption><\/figure>\n<div class='text-section'>\n<p>As a baritone, Christian Hilz is present in the music centers of Europe and America. He specializes in the late baroque, romantic and lied repertoire of the 19th and 20th centuries.<\/p>\n<p>He studied singing and music theater at the Folkwang University in Essen. Further studies in theater and music management at the LMU Munich, further training and artistic consulting work for various festivals broadened his view of musical life. <\/p>\n<p>He is familiar with the Swiss music academy landscape: as a professor of singing and chamber music, he has taught at Bern University of the Arts and the Swiss Opera Studio since 2009. He has also been artistic director of the Austria Baroque Academy since 2015.<\/p>\n<\/p><\/div>","protected":false},"excerpt":{"rendered":"<p><strong>Christian Hilz has been elected as a member of the management of the Schola Cantorum Basiliensis. Following the retirement of Thomas Drescher in September 2022, he will be jointly responsible for the future and further development of the school as part of a new collaborative management team.<\/strong><\/p>","protected":false},"author":1,"featured_media":16181,"comment_status":"open","ping_status":"open","sticky":false,"template":"","format":"standard","meta":{"_acf_changed":false,"_relevanssi_hide_post":"","_relevanssi_hide_content":"","_relevanssi_pin_for_all":"","_relevanssi_pin_keywords":"","_relevanssi_unpin_keywords":"","_relevanssi_related_keywords":"","_relevanssi_related_include_ids":"","_relevanssi_related_exclude_ids":"","_relevanssi_related_no_append":"","_relevanssi_related_not_related":"","_relevanssi_related_posts":"","_relevanssi_noindex_reason":"","pgc_sgb_lightbox_settings":"","footnotes":""},"categories":[447,510],"tags":[],"class_list":["post-17671","post","type-post","status-publish","format-standard","has-post-thumbnail","hentry","category-aus-und-weiterbildung","category-musikhochschule"],"acf":[],"yoast_head":"<!-- This site is optimized with the Yoast SEO plugin v27.5 - https:\/\/yoast.com\/product\/yoast-seo-wordpress\/ -->\n<title>Hilz wird Leitungsmitglied an der Schola Cantorum - Schweizer Musikzeitung<\/title>\n<meta name=\"robots\" content=\"index, follow, max-snippet:-1, max-image-preview:large, max-video-preview:-1\" \/>\n<link rel=\"canonical\" href=\"https:\/\/www.musikzeitung.ch\/en\/aus-und-weiterbildung\/2022\/06\/hilz-wird-leitungsmitglied-an-der-schola-cantorum\/\" \/>\n<meta property=\"og:locale\" content=\"en_US\" \/>\n<meta property=\"og:type\" content=\"article\" \/>\n<meta property=\"og:title\" content=\"Hilz wird Leitungsmitglied an der Schola Cantorum - Schweizer Musikzeitung\" \/>\n<meta property=\"og:description\" content=\"Christian Hilz ist als Mitglied der Leitung der Schola Cantorum Basiliensis gew\u00e4hlt worden. Er wird nach der Pensionierung von Thomas Drescher im September 2022 im Rahmen einer neuen kollaborativen Leitung die Zukunft und Weiterentwicklung der Schule mitverantworten.\" \/>\n<meta property=\"og:url\" content=\"https:\/\/www.musikzeitung.ch\/en\/aus-und-weiterbildung\/2022\/06\/hilz-wird-leitungsmitglied-an-der-schola-cantorum\/\" \/>\n<meta property=\"og:site_name\" content=\"Schweizer Musikzeitung\" \/>\n<meta property=\"article:publisher\" content=\"https:\/\/www.facebook.com\/SchweizerMusikzeitung\/\" \/>\n<meta property=\"article:published_time\" content=\"2022-06-22T23:00:00+00:00\" \/>\n<meta property=\"article:modified_time\" content=\"2023-01-18T00:12:19+00:00\" \/>\n<meta property=\"og:image\" content=\"https:\/\/www.musikzeitung.ch\/wp-content\/uploads\/2023\/01\/Christian-Hilz.jpg\" \/>\n\t<meta property=\"og:image:width\" content=\"554\" \/>\n\t<meta property=\"og:image:height\" content=\"396\" \/>\n\t<meta property=\"og:image:type\" content=\"image\/jpeg\" \/>\n<meta name=\"author\" content=\"Musikzeitung-Redaktion\" \/>\n<meta name=\"twitter:card\" content=\"summary_large_image\" \/>\n<meta name=\"twitter:creator\" content=\"@smusikzeitung\" \/>\n<meta name=\"twitter:site\" content=\"@smusikzeitung\" \/>\n<meta name=\"twitter:label1\" content=\"Written by\" \/>\n\t<meta name=\"twitter:data1\" content=\"Musikzeitung-Redaktion\" \/>\n\t<meta name=\"twitter:label2\" content=\"Est. reading time\" \/>\n\t<meta name=\"twitter:data2\" content=\"1 minute\" \/>\n<script type=\"application\/ld+json\" class=\"yoast-schema-graph\">{\"@context\":\"https:\\\/\\\/schema.org\",\"@graph\":[{\"@type\":\"Article\",\"@id\":\"https:\\\/\\\/www.musikzeitung.ch\\\/aus-und-weiterbildung\\\/2022\\\/06\\\/hilz-wird-leitungsmitglied-an-der-schola-cantorum#article\",\"isPartOf\":{\"@id\":\"https:\\\/\\\/www.musikzeitung.ch\\\/aus-und-weiterbildung\\\/2022\\\/06\\\/hilz-wird-leitungsmitglied-an-der-schola-cantorum\"},\"author\":{\"name\":\"Musikzeitung-Redaktion\",\"@id\":\"https:\\\/\\\/www.musikzeitung.ch\\\/#\\\/schema\\\/person\\\/b2fd892c800856270b9dcc6001265712\"},\"headline\":\"Hilz wird Leitungsmitglied an der Schola Cantorum\",\"datePublished\":\"2022-06-22T23:00:00+00:00\",\"dateModified\":\"2023-01-18T00:12:19+00:00\",\"mainEntityOfPage\":{\"@id\":\"https:\\\/\\\/www.musikzeitung.ch\\\/aus-und-weiterbildung\\\/2022\\\/06\\\/hilz-wird-leitungsmitglied-an-der-schola-cantorum\"},\"wordCount\":118,\"commentCount\":0,\"publisher\":{\"@id\":\"https:\\\/\\\/www.musikzeitung.ch\\\/#organization\"},\"image\":{\"@id\":\"https:\\\/\\\/www.musikzeitung.ch\\\/aus-und-weiterbildung\\\/2022\\\/06\\\/hilz-wird-leitungsmitglied-an-der-schola-cantorum#primaryimage\"},\"thumbnailUrl\":\"https:\\\/\\\/www.musikzeitung.ch\\\/wp-content\\\/uploads\\\/2023\\\/01\\\/Christian-Hilz.jpg\",\"articleSection\":[\"Aus- und Weiterbildung\",\"Musikhochschule\"],\"inLanguage\":\"en-US\"},{\"@type\":\"WebPage\",\"@id\":\"https:\\\/\\\/www.musikzeitung.ch\\\/aus-und-weiterbildung\\\/2022\\\/06\\\/hilz-wird-leitungsmitglied-an-der-schola-cantorum\",\"url\":\"https:\\\/\\\/www.musikzeitung.ch\\\/aus-und-weiterbildung\\\/2022\\\/06\\\/hilz-wird-leitungsmitglied-an-der-schola-cantorum\",\"name\":\"Hilz wird Leitungsmitglied an der Schola Cantorum - Schweizer Musikzeitung\",\"isPartOf\":{\"@id\":\"https:\\\/\\\/www.musikzeitung.ch\\\/#website\"},\"primaryImageOfPage\":{\"@id\":\"https:\\\/\\\/www.musikzeitung.ch\\\/aus-und-weiterbildung\\\/2022\\\/06\\\/hilz-wird-leitungsmitglied-an-der-schola-cantorum#primaryimage\"},\"image\":{\"@id\":\"https:\\\/\\\/www.musikzeitung.ch\\\/aus-und-weiterbildung\\\/2022\\\/06\\\/hilz-wird-leitungsmitglied-an-der-schola-cantorum#primaryimage\"},\"thumbnailUrl\":\"https:\\\/\\\/www.musikzeitung.ch\\\/wp-content\\\/uploads\\\/2023\\\/01\\\/Christian-Hilz.jpg\",\"datePublished\":\"2022-06-22T23:00:00+00:00\",\"dateModified\":\"2023-01-18T00:12:19+00:00\",\"breadcrumb\":{\"@id\":\"https:\\\/\\\/www.musikzeitung.ch\\\/aus-und-weiterbildung\\\/2022\\\/06\\\/hilz-wird-leitungsmitglied-an-der-schola-cantorum#breadcrumb\"},\"inLanguage\":\"en-US\",\"potentialAction\":[{\"@type\":\"ReadAction\",\"target\":[\"https:\\\/\\\/www.musikzeitung.ch\\\/aus-und-weiterbildung\\\/2022\\\/06\\\/hilz-wird-leitungsmitglied-an-der-schola-cantorum\"]}]},{\"@type\":\"ImageObject\",\"inLanguage\":\"en-US\",\"@id\":\"https:\\\/\\\/www.musikzeitung.ch\\\/aus-und-weiterbildung\\\/2022\\\/06\\\/hilz-wird-leitungsmitglied-an-der-schola-cantorum#primaryimage\",\"url\":\"https:\\\/\\\/www.musikzeitung.ch\\\/wp-content\\\/uploads\\\/2023\\\/01\\\/Christian-Hilz.jpg\",\"contentUrl\":\"https:\\\/\\\/www.musikzeitung.ch\\\/wp-content\\\/uploads\\\/2023\\\/01\\\/Christian-Hilz.jpg\",\"width\":554,\"height\":396},{\"@type\":\"BreadcrumbList\",\"@id\":\"https:\\\/\\\/www.musikzeitung.ch\\\/aus-und-weiterbildung\\\/2022\\\/06\\\/hilz-wird-leitungsmitglied-an-der-schola-cantorum#breadcrumb\",\"itemListElement\":[{\"@type\":\"ListItem\",\"position\":1,\"name\":\"Home\",\"item\":\"https:\\\/\\\/www.musikzeitung.ch\\\/\"},{\"@type\":\"ListItem\",\"position\":2,\"name\":\"Hilz wird Leitungsmitglied an der Schola Cantorum\"}]},{\"@type\":\"WebSite\",\"@id\":\"https:\\\/\\\/www.musikzeitung.ch\\\/#website\",\"url\":\"https:\\\/\\\/www.musikzeitung.ch\\\/\",\"name\":\"Schweizer Musikzeitung\",\"description\":\"Die f\u00fchrende sparten\u00fcbergreifende Monatszeitung in der Schweiz f\u00fcr musikalische Fragen.\",\"publisher\":{\"@id\":\"https:\\\/\\\/www.musikzeitung.ch\\\/#organization\"},\"potentialAction\":[{\"@type\":\"SearchAction\",\"target\":{\"@type\":\"EntryPoint\",\"urlTemplate\":\"https:\\\/\\\/www.musikzeitung.ch\\\/?s={search_term_string}\"},\"query-input\":{\"@type\":\"PropertyValueSpecification\",\"valueRequired\":true,\"valueName\":\"search_term_string\"}}],\"inLanguage\":\"en-US\"},{\"@type\":\"Organization\",\"@id\":\"https:\\\/\\\/www.musikzeitung.ch\\\/#organization\",\"name\":\"Schweizer Musikzeitung\",\"url\":\"https:\\\/\\\/www.musikzeitung.ch\\\/\",\"logo\":{\"@type\":\"ImageObject\",\"inLanguage\":\"en-US\",\"@id\":\"https:\\\/\\\/www.musikzeitung.ch\\\/#\\\/schema\\\/logo\\\/image\\\/\",\"url\":\"https:\\\/\\\/www.musikzeitung.ch\\\/wp-content\\\/uploads\\\/2023\\\/01\\\/SMZ_Schriftzug_Sprache.png\",\"contentUrl\":\"https:\\\/\\\/www.musikzeitung.ch\\\/wp-content\\\/uploads\\\/2023\\\/01\\\/SMZ_Schriftzug_Sprache.png\",\"width\":1400,\"height\":279,\"caption\":\"Schweizer Musikzeitung\"},\"image\":{\"@id\":\"https:\\\/\\\/www.musikzeitung.ch\\\/#\\\/schema\\\/logo\\\/image\\\/\"},\"sameAs\":[\"https:\\\/\\\/www.facebook.com\\\/SchweizerMusikzeitung\\\/\",\"https:\\\/\\\/x.com\\\/smusikzeitung\",\"https:\\\/\\\/www.instagram.com\\\/musikzeitung.ch\\\/\"]},{\"@type\":\"Person\",\"@id\":\"https:\\\/\\\/www.musikzeitung.ch\\\/#\\\/schema\\\/person\\\/b2fd892c800856270b9dcc6001265712\",\"name\":\"Musikzeitung-Redaktion\",\"image\":{\"@type\":\"ImageObject\",\"inLanguage\":\"en-US\",\"@id\":\"https:\\\/\\\/www.musikzeitung.ch\\\/wp-content\\\/uploads\\\/2022\\\/05\\\/usericon_musikzeitung-96x96.jpg\",\"url\":\"https:\\\/\\\/www.musikzeitung.ch\\\/wp-content\\\/uploads\\\/2022\\\/05\\\/usericon_musikzeitung-96x96.jpg\",\"contentUrl\":\"https:\\\/\\\/www.musikzeitung.ch\\\/wp-content\\\/uploads\\\/2022\\\/05\\\/usericon_musikzeitung-96x96.jpg\",\"caption\":\"Musikzeitung-Redaktion\"},\"url\":\"https:\\\/\\\/www.musikzeitung.ch\\\/en\\\/author\\\/admin\"}]}<\/script>\n<!-- \/ Yoast SEO plugin. -->","yoast_head_json":{"title":"Hilz becomes director of the Schola Cantorum - Schweizer Musikzeitung","robots":{"index":"index","follow":"follow","max-snippet":"max-snippet:-1","max-image-preview":"max-image-preview:large","max-video-preview":"max-video-preview:-1"},"canonical":"https:\/\/www.musikzeitung.ch\/en\/aus-und-weiterbildung\/2022\/06\/hilz-wird-leitungsmitglied-an-der-schola-cantorum\/","og_locale":"en_US","og_type":"article","og_title":"Hilz wird Leitungsmitglied an der Schola Cantorum - Schweizer Musikzeitung","og_description":"Christian Hilz ist als Mitglied der Leitung der Schola Cantorum Basiliensis gew\u00e4hlt worden. Er wird nach der Pensionierung von Thomas Drescher im September 2022 im Rahmen einer neuen kollaborativen Leitung die Zukunft und Weiterentwicklung der Schule mitverantworten.","og_url":"https:\/\/www.musikzeitung.ch\/en\/aus-und-weiterbildung\/2022\/06\/hilz-wird-leitungsmitglied-an-der-schola-cantorum\/","og_site_name":"Schweizer Musikzeitung","article_publisher":"https:\/\/www.facebook.com\/SchweizerMusikzeitung\/","article_published_time":"2022-06-22T23:00:00+00:00","article_modified_time":"2023-01-18T00:12:19+00:00","og_image":[{"width":554,"height":396,"url":"https:\/\/www.musikzeitung.ch\/wp-content\/uploads\/2023\/01\/Christian-Hilz.jpg","type":"image\/jpeg"}],"author":"Musikzeitung-Redaktion","twitter_card":"summary_large_image","twitter_creator":"@smusikzeitung","twitter_site":"@smusikzeitung","twitter_misc":{"Written by":"Musikzeitung-Redaktion","Est. reading time":"1 minute"},"schema":{"@context":"https:\/\/schema.org","@graph":[{"@type":"Article","@id":"https:\/\/www.musikzeitung.ch\/aus-und-weiterbildung\/2022\/06\/hilz-wird-leitungsmitglied-an-der-schola-cantorum#article","isPartOf":{"@id":"https:\/\/www.musikzeitung.ch\/aus-und-weiterbildung\/2022\/06\/hilz-wird-leitungsmitglied-an-der-schola-cantorum"},"author":{"name":"Musikzeitung-Redaktion","@id":"https:\/\/www.musikzeitung.ch\/#\/schema\/person\/b2fd892c800856270b9dcc6001265712"},"headline":"Hilz wird Leitungsmitglied an der Schola Cantorum","datePublished":"2022-06-22T23:00:00+00:00","dateModified":"2023-01-18T00:12:19+00:00","mainEntityOfPage":{"@id":"https:\/\/www.musikzeitung.ch\/aus-und-weiterbildung\/2022\/06\/hilz-wird-leitungsmitglied-an-der-schola-cantorum"},"wordCount":118,"commentCount":0,"publisher":{"@id":"https:\/\/www.musikzeitung.ch\/#organization"},"image":{"@id":"https:\/\/www.musikzeitung.ch\/aus-und-weiterbildung\/2022\/06\/hilz-wird-leitungsmitglied-an-der-schola-cantorum#primaryimage"},"thumbnailUrl":"https:\/\/www.musikzeitung.ch\/wp-content\/uploads\/2023\/01\/Christian-Hilz.jpg","articleSection":["Aus- und Weiterbildung","Musikhochschule"],"inLanguage":"en-US"},{"@type":"WebPage","@id":"https:\/\/www.musikzeitung.ch\/aus-und-weiterbildung\/2022\/06\/hilz-wird-leitungsmitglied-an-der-schola-cantorum","url":"https:\/\/www.musikzeitung.ch\/aus-und-weiterbildung\/2022\/06\/hilz-wird-leitungsmitglied-an-der-schola-cantorum","name":"Hilz becomes director of the Schola Cantorum - Schweizer Musikzeitung","isPartOf":{"@id":"https:\/\/www.musikzeitung.ch\/#website"},"primaryImageOfPage":{"@id":"https:\/\/www.musikzeitung.ch\/aus-und-weiterbildung\/2022\/06\/hilz-wird-leitungsmitglied-an-der-schola-cantorum#primaryimage"},"image":{"@id":"https:\/\/www.musikzeitung.ch\/aus-und-weiterbildung\/2022\/06\/hilz-wird-leitungsmitglied-an-der-schola-cantorum#primaryimage"},"thumbnailUrl":"https:\/\/www.musikzeitung.ch\/wp-content\/uploads\/2023\/01\/Christian-Hilz.jpg","datePublished":"2022-06-22T23:00:00+00:00","dateModified":"2023-01-18T00:12:19+00:00","breadcrumb":{"@id":"https:\/\/www.musikzeitung.ch\/aus-und-weiterbildung\/2022\/06\/hilz-wird-leitungsmitglied-an-der-schola-cantorum#breadcrumb"},"inLanguage":"en-US","potentialAction":[{"@type":"ReadAction","target":["https:\/\/www.musikzeitung.ch\/aus-und-weiterbildung\/2022\/06\/hilz-wird-leitungsmitglied-an-der-schola-cantorum"]}]},{"@type":"ImageObject","inLanguage":"en-US","@id":"https:\/\/www.musikzeitung.ch\/aus-und-weiterbildung\/2022\/06\/hilz-wird-leitungsmitglied-an-der-schola-cantorum#primaryimage","url":"https:\/\/www.musikzeitung.ch\/wp-content\/uploads\/2023\/01\/Christian-Hilz.jpg","contentUrl":"https:\/\/www.musikzeitung.ch\/wp-content\/uploads\/2023\/01\/Christian-Hilz.jpg","width":554,"height":396},{"@type":"BreadcrumbList","@id":"https:\/\/www.musikzeitung.ch\/aus-und-weiterbildung\/2022\/06\/hilz-wird-leitungsmitglied-an-der-schola-cantorum#breadcrumb","itemListElement":[{"@type":"ListItem","position":1,"name":"Home","item":"https:\/\/www.musikzeitung.ch\/"},{"@type":"ListItem","position":2,"name":"Hilz wird Leitungsmitglied an der Schola Cantorum"}]},{"@type":"WebSite","@id":"https:\/\/www.musikzeitung.ch\/#website","url":"https:\/\/www.musikzeitung.ch\/","name":"Swiss Music Newspaper","description":"The leading interdisciplinary monthly newspaper in Switzerland for musical issues.","publisher":{"@id":"https:\/\/www.musikzeitung.ch\/#organization"},"potentialAction":[{"@type":"SearchAction","target":{"@type":"EntryPoint","urlTemplate":"https:\/\/www.musikzeitung.ch\/?s={search_term_string}"},"query-input":{"@type":"PropertyValueSpecification","valueRequired":true,"valueName":"search_term_string"}}],"inLanguage":"en-US"},{"@type":"Organization","@id":"https:\/\/www.musikzeitung.ch\/#organization","name":"Swiss Music Newspaper","url":"https:\/\/www.musikzeitung.ch\/","logo":{"@type":"ImageObject","inLanguage":"en-US","@id":"https:\/\/www.musikzeitung.ch\/#\/schema\/logo\/image\/","url":"https:\/\/www.musikzeitung.ch\/wp-content\/uploads\/2023\/01\/SMZ_Schriftzug_Sprache.png","contentUrl":"https:\/\/www.musikzeitung.ch\/wp-content\/uploads\/2023\/01\/SMZ_Schriftzug_Sprache.png","width":1400,"height":279,"caption":"Schweizer Musikzeitung"},"image":{"@id":"https:\/\/www.musikzeitung.ch\/#\/schema\/logo\/image\/"},"sameAs":["https:\/\/www.facebook.com\/SchweizerMusikzeitung\/","https:\/\/x.com\/smusikzeitung","https:\/\/www.instagram.com\/musikzeitung.ch\/"]},{"@type":"Person","@id":"https:\/\/www.musikzeitung.ch\/#\/schema\/person\/b2fd892c800856270b9dcc6001265712","name":"Music newspaper editorial office","image":{"@type":"ImageObject","inLanguage":"en-US","@id":"https:\/\/www.musikzeitung.ch\/wp-content\/uploads\/2022\/05\/usericon_musikzeitung-96x96.jpg","url":"https:\/\/www.musikzeitung.ch\/wp-content\/uploads\/2022\/05\/usericon_musikzeitung-96x96.jpg","contentUrl":"https:\/\/www.musikzeitung.ch\/wp-content\/uploads\/2022\/05\/usericon_musikzeitung-96x96.jpg","caption":"Musikzeitung-Redaktion"},"url":"https:\/\/www.musikzeitung.ch\/en\/author\/admin"}]}},"publishpress_future_workflow_manual_trigger":{"enabledWorkflows":[]},"_links":{"self":[{"href":"https:\/\/www.musikzeitung.ch\/en\/wp-json\/wp\/v2\/posts\/17671","targetHints":{"allow":["GET"]}}],"collection":[{"href":"https:\/\/www.musikzeitung.ch\/en\/wp-json\/wp\/v2\/posts"}],"about":[{"href":"https:\/\/www.musikzeitung.ch\/en\/wp-json\/wp\/v2\/types\/post"}],"author":[{"embeddable":true,"href":"https:\/\/www.musikzeitung.ch\/en\/wp-json\/wp\/v2\/users\/1"}],"replies":[{"embeddable":true,"href":"https:\/\/www.musikzeitung.ch\/en\/wp-json\/wp\/v2\/comments?post=17671"}],"version-history":[{"count":1,"href":"https:\/\/www.musikzeitung.ch\/en\/wp-json\/wp\/v2\/posts\/17671\/revisions"}],"predecessor-version":[{"id":17672,"href":"https:\/\/www.musikzeitung.ch\/en\/wp-json\/wp\/v2\/posts\/17671\/revisions\/17672"}],"wp:featuredmedia":[{"embeddable":true,"href":"https:\/\/www.musikzeitung.ch\/en\/wp-json\/wp\/v2\/media\/16181"}],"wp:attachment":[{"href":"https:\/\/www.musikzeitung.ch\/en\/wp-json\/wp\/v2\/media?parent=17671"}],"wp:term":[{"taxonomy":"category","embeddable":true,"href":"https:\/\/www.musikzeitung.ch\/en\/wp-json\/wp\/v2\/categories?post=17671"},{"taxonomy":"post_tag","embeddable":true,"href":"https:\/\/www.musikzeitung.ch\/en\/wp-json\/wp\/v2\/tags?post=17671"}],"curies":[{"name":"wp","href":"https:\/\/api.w.org\/{rel}","templated":true}]}}