{"id":17675,"date":"2022-06-28T00:00:00","date_gmt":"2022-06-27T23:00:00","guid":{"rendered":"https:\/\/www.musikzeitung.ch\/allgemein\/bauprojekte-der-musik-akademie-basel\/"},"modified":"2023-01-18T01:12:19","modified_gmt":"2023-01-18T00:12:19","slug":"bauprojekte-der-musik-akademie-basel","status":"publish","type":"post","link":"https:\/\/www.musikzeitung.ch\/en\/aus-und-weiterbildung\/2022\/06\/bauprojekte-der-musik-akademie-basel","title":{"rendered":"Building projects of the Basel Music Academy"},"content":{"rendered":"<figure style=\"width: 1200px\" class=\"wp-caption alignnone\"><img decoding=\"async\" class=\"size-full\" src=\"https:\/\/www.musikzeitung.ch\/wp-content\/uploads\/2023\/01\/220628mab.jpg\" alt=\"\" \/><figcaption class=\"wp-caption-text\">Visualization of the planned outdoor foyer (Image: zVg)<\/figcaption><\/figure>\n<div class='text-section'>\n<p>As part of the \"MAB Campus 2040\" renovation and extension project, the Basel Music Academy carried out a selective study contract. The assessment committee, chaired by Pierre de Meuron, selected four teams from 37 applications in an open pre-qualification process. In the end, the assessment committee unanimously recommended Architecture Club's project proposal for further development, both for the structural extension and for the renovation of the existing buildings. <\/p>\n<p>On the one hand, the project includes the urgently needed renovation work on the historically valuable building ensemble. On the other hand, it involves meeting the urgent need for space with regard to today's functional and technical requirements. According to the press release, the addition of a Salle Modulable is essential for today's educational purposes. Only such a Salle Modulable would be able to do justice to the stylistic diversity in current and future musical life, with the increasing inclusion of multimedia and digital technologies and the many interdisciplinary artistic approaches. <\/p>\n<p><strong>More info:<\/strong><br \/> <a href='https:\/\/www.musik-akademie.ch\/de\/news\/detail\/campus-2040-die-musik-akademie-der-zukunft.html'>https:\/\/www.musik-akademie.ch\/de\/news\/detail\/campus-2040-die-musik-akademie-der-zukunft.html<br \/> <\/a><\/p>\n<p>\u00a0<\/p>\n<\/p><\/div>","protected":false},"excerpt":{"rendered":"<p><strong>The Basel Music Academy is planning to renovate and expand its infrastructure at the historic site over the next few years and add a Salle Modulable. A project by architecture firm Architecture Club is to be used.<\/strong><\/p>","protected":false},"author":1,"featured_media":16187,"comment_status":"open","ping_status":"open","sticky":false,"template":"","format":"standard","meta":{"_acf_changed":false,"_relevanssi_hide_post":"","_relevanssi_hide_content":"","_relevanssi_pin_for_all":"","_relevanssi_pin_keywords":"","_relevanssi_unpin_keywords":"","_relevanssi_related_keywords":"","_relevanssi_related_include_ids":"","_relevanssi_related_exclude_ids":"","_relevanssi_related_no_append":"","_relevanssi_related_not_related":"","_relevanssi_related_posts":"","_relevanssi_noindex_reason":"","pgc_sgb_lightbox_settings":"","footnotes":""},"categories":[447,510],"tags":[],"class_list":["post-17675","post","type-post","status-publish","format-standard","has-post-thumbnail","hentry","category-aus-und-weiterbildung","category-musikhochschule"],"acf":[],"yoast_head":"<!-- This site is optimized with the Yoast SEO plugin v27.5 - https:\/\/yoast.com\/product\/yoast-seo-wordpress\/ -->\n<title>Bauprojekte der Musik-Akademie Basel - Schweizer Musikzeitung<\/title>\n<meta name=\"robots\" content=\"index, follow, max-snippet:-1, max-image-preview:large, max-video-preview:-1\" \/>\n<link rel=\"canonical\" href=\"https:\/\/www.musikzeitung.ch\/en\/aus-und-weiterbildung\/2022\/06\/bauprojekte-der-musik-akademie-basel\/\" \/>\n<meta property=\"og:locale\" content=\"en_US\" \/>\n<meta property=\"og:type\" content=\"article\" \/>\n<meta property=\"og:title\" content=\"Bauprojekte der Musik-Akademie Basel - Schweizer Musikzeitung\" \/>\n<meta property=\"og:description\" content=\"Die Musik-Akademie Basel plant, ihre Infrastruktur am historischen Standort in den n\u00e4chsten Jahren zu sanieren und zu erweitern sowie mit einer Salle Modulable zu erg\u00e4nzen. Zum Zuge kommen soll ein Projekt des Architekturb\u00fcros Architecture Club.\" \/>\n<meta property=\"og:url\" content=\"https:\/\/www.musikzeitung.ch\/en\/aus-und-weiterbildung\/2022\/06\/bauprojekte-der-musik-akademie-basel\/\" \/>\n<meta property=\"og:site_name\" content=\"Schweizer Musikzeitung\" \/>\n<meta property=\"article:publisher\" content=\"https:\/\/www.facebook.com\/SchweizerMusikzeitung\/\" \/>\n<meta property=\"article:published_time\" content=\"2022-06-27T23:00:00+00:00\" \/>\n<meta property=\"article:modified_time\" content=\"2023-01-18T00:12:19+00:00\" \/>\n<meta property=\"og:image\" content=\"https:\/\/www.musikzeitung.ch\/wp-content\/uploads\/2023\/01\/220628mab.jpg\" \/>\n\t<meta property=\"og:image:width\" content=\"554\" \/>\n\t<meta property=\"og:image:height\" content=\"364\" \/>\n\t<meta property=\"og:image:type\" content=\"image\/jpeg\" \/>\n<meta name=\"author\" content=\"Musikzeitung-Redaktion\" \/>\n<meta name=\"twitter:card\" content=\"summary_large_image\" \/>\n<meta name=\"twitter:creator\" content=\"@smusikzeitung\" \/>\n<meta name=\"twitter:site\" content=\"@smusikzeitung\" \/>\n<meta name=\"twitter:label1\" content=\"Written by\" \/>\n\t<meta name=\"twitter:data1\" content=\"Musikzeitung-Redaktion\" \/>\n\t<meta name=\"twitter:label2\" content=\"Est. reading time\" \/>\n\t<meta name=\"twitter:data2\" content=\"1 minute\" \/>\n<script type=\"application\/ld+json\" class=\"yoast-schema-graph\">{\"@context\":\"https:\\\/\\\/schema.org\",\"@graph\":[{\"@type\":\"Article\",\"@id\":\"https:\\\/\\\/www.musikzeitung.ch\\\/aus-und-weiterbildung\\\/2022\\\/06\\\/bauprojekte-der-musik-akademie-basel#article\",\"isPartOf\":{\"@id\":\"https:\\\/\\\/www.musikzeitung.ch\\\/aus-und-weiterbildung\\\/2022\\\/06\\\/bauprojekte-der-musik-akademie-basel\"},\"author\":{\"name\":\"Musikzeitung-Redaktion\",\"@id\":\"https:\\\/\\\/www.musikzeitung.ch\\\/#\\\/schema\\\/person\\\/b2fd892c800856270b9dcc6001265712\"},\"headline\":\"Bauprojekte der Musik-Akademie Basel\",\"datePublished\":\"2022-06-27T23:00:00+00:00\",\"dateModified\":\"2023-01-18T00:12:19+00:00\",\"mainEntityOfPage\":{\"@id\":\"https:\\\/\\\/www.musikzeitung.ch\\\/aus-und-weiterbildung\\\/2022\\\/06\\\/bauprojekte-der-musik-akademie-basel\"},\"wordCount\":176,\"commentCount\":0,\"publisher\":{\"@id\":\"https:\\\/\\\/www.musikzeitung.ch\\\/#organization\"},\"image\":{\"@id\":\"https:\\\/\\\/www.musikzeitung.ch\\\/aus-und-weiterbildung\\\/2022\\\/06\\\/bauprojekte-der-musik-akademie-basel#primaryimage\"},\"thumbnailUrl\":\"https:\\\/\\\/www.musikzeitung.ch\\\/wp-content\\\/uploads\\\/2023\\\/01\\\/220628mab.jpg\",\"articleSection\":[\"Aus- und Weiterbildung\",\"Musikhochschule\"],\"inLanguage\":\"en-US\"},{\"@type\":\"WebPage\",\"@id\":\"https:\\\/\\\/www.musikzeitung.ch\\\/aus-und-weiterbildung\\\/2022\\\/06\\\/bauprojekte-der-musik-akademie-basel\",\"url\":\"https:\\\/\\\/www.musikzeitung.ch\\\/aus-und-weiterbildung\\\/2022\\\/06\\\/bauprojekte-der-musik-akademie-basel\",\"name\":\"Bauprojekte der Musik-Akademie Basel - Schweizer Musikzeitung\",\"isPartOf\":{\"@id\":\"https:\\\/\\\/www.musikzeitung.ch\\\/#website\"},\"primaryImageOfPage\":{\"@id\":\"https:\\\/\\\/www.musikzeitung.ch\\\/aus-und-weiterbildung\\\/2022\\\/06\\\/bauprojekte-der-musik-akademie-basel#primaryimage\"},\"image\":{\"@id\":\"https:\\\/\\\/www.musikzeitung.ch\\\/aus-und-weiterbildung\\\/2022\\\/06\\\/bauprojekte-der-musik-akademie-basel#primaryimage\"},\"thumbnailUrl\":\"https:\\\/\\\/www.musikzeitung.ch\\\/wp-content\\\/uploads\\\/2023\\\/01\\\/220628mab.jpg\",\"datePublished\":\"2022-06-27T23:00:00+00:00\",\"dateModified\":\"2023-01-18T00:12:19+00:00\",\"breadcrumb\":{\"@id\":\"https:\\\/\\\/www.musikzeitung.ch\\\/aus-und-weiterbildung\\\/2022\\\/06\\\/bauprojekte-der-musik-akademie-basel#breadcrumb\"},\"inLanguage\":\"en-US\",\"potentialAction\":[{\"@type\":\"ReadAction\",\"target\":[\"https:\\\/\\\/www.musikzeitung.ch\\\/aus-und-weiterbildung\\\/2022\\\/06\\\/bauprojekte-der-musik-akademie-basel\"]}]},{\"@type\":\"ImageObject\",\"inLanguage\":\"en-US\",\"@id\":\"https:\\\/\\\/www.musikzeitung.ch\\\/aus-und-weiterbildung\\\/2022\\\/06\\\/bauprojekte-der-musik-akademie-basel#primaryimage\",\"url\":\"https:\\\/\\\/www.musikzeitung.ch\\\/wp-content\\\/uploads\\\/2023\\\/01\\\/220628mab.jpg\",\"contentUrl\":\"https:\\\/\\\/www.musikzeitung.ch\\\/wp-content\\\/uploads\\\/2023\\\/01\\\/220628mab.jpg\",\"width\":554,\"height\":364},{\"@type\":\"BreadcrumbList\",\"@id\":\"https:\\\/\\\/www.musikzeitung.ch\\\/aus-und-weiterbildung\\\/2022\\\/06\\\/bauprojekte-der-musik-akademie-basel#breadcrumb\",\"itemListElement\":[{\"@type\":\"ListItem\",\"position\":1,\"name\":\"Home\",\"item\":\"https:\\\/\\\/www.musikzeitung.ch\\\/\"},{\"@type\":\"ListItem\",\"position\":2,\"name\":\"Bauprojekte der Musik-Akademie Basel\"}]},{\"@type\":\"WebSite\",\"@id\":\"https:\\\/\\\/www.musikzeitung.ch\\\/#website\",\"url\":\"https:\\\/\\\/www.musikzeitung.ch\\\/\",\"name\":\"Schweizer Musikzeitung\",\"description\":\"Die f\u00fchrende sparten\u00fcbergreifende Monatszeitung in der Schweiz f\u00fcr musikalische Fragen.\",\"publisher\":{\"@id\":\"https:\\\/\\\/www.musikzeitung.ch\\\/#organization\"},\"potentialAction\":[{\"@type\":\"SearchAction\",\"target\":{\"@type\":\"EntryPoint\",\"urlTemplate\":\"https:\\\/\\\/www.musikzeitung.ch\\\/?s={search_term_string}\"},\"query-input\":{\"@type\":\"PropertyValueSpecification\",\"valueRequired\":true,\"valueName\":\"search_term_string\"}}],\"inLanguage\":\"en-US\"},{\"@type\":\"Organization\",\"@id\":\"https:\\\/\\\/www.musikzeitung.ch\\\/#organization\",\"name\":\"Schweizer Musikzeitung\",\"url\":\"https:\\\/\\\/www.musikzeitung.ch\\\/\",\"logo\":{\"@type\":\"ImageObject\",\"inLanguage\":\"en-US\",\"@id\":\"https:\\\/\\\/www.musikzeitung.ch\\\/#\\\/schema\\\/logo\\\/image\\\/\",\"url\":\"https:\\\/\\\/www.musikzeitung.ch\\\/wp-content\\\/uploads\\\/2023\\\/01\\\/SMZ_Schriftzug_Sprache.png\",\"contentUrl\":\"https:\\\/\\\/www.musikzeitung.ch\\\/wp-content\\\/uploads\\\/2023\\\/01\\\/SMZ_Schriftzug_Sprache.png\",\"width\":1400,\"height\":279,\"caption\":\"Schweizer Musikzeitung\"},\"image\":{\"@id\":\"https:\\\/\\\/www.musikzeitung.ch\\\/#\\\/schema\\\/logo\\\/image\\\/\"},\"sameAs\":[\"https:\\\/\\\/www.facebook.com\\\/SchweizerMusikzeitung\\\/\",\"https:\\\/\\\/x.com\\\/smusikzeitung\",\"https:\\\/\\\/www.instagram.com\\\/musikzeitung.ch\\\/\"]},{\"@type\":\"Person\",\"@id\":\"https:\\\/\\\/www.musikzeitung.ch\\\/#\\\/schema\\\/person\\\/b2fd892c800856270b9dcc6001265712\",\"name\":\"Musikzeitung-Redaktion\",\"image\":{\"@type\":\"ImageObject\",\"inLanguage\":\"en-US\",\"@id\":\"https:\\\/\\\/www.musikzeitung.ch\\\/wp-content\\\/uploads\\\/2022\\\/05\\\/usericon_musikzeitung-96x96.jpg\",\"url\":\"https:\\\/\\\/www.musikzeitung.ch\\\/wp-content\\\/uploads\\\/2022\\\/05\\\/usericon_musikzeitung-96x96.jpg\",\"contentUrl\":\"https:\\\/\\\/www.musikzeitung.ch\\\/wp-content\\\/uploads\\\/2022\\\/05\\\/usericon_musikzeitung-96x96.jpg\",\"caption\":\"Musikzeitung-Redaktion\"},\"url\":\"https:\\\/\\\/www.musikzeitung.ch\\\/en\\\/author\\\/admin\"}]}<\/script>\n<!-- \/ Yoast SEO plugin. -->","yoast_head_json":{"title":"Building projects at the Basel Music Academy - Schweizer Musikzeitung","robots":{"index":"index","follow":"follow","max-snippet":"max-snippet:-1","max-image-preview":"max-image-preview:large","max-video-preview":"max-video-preview:-1"},"canonical":"https:\/\/www.musikzeitung.ch\/en\/aus-und-weiterbildung\/2022\/06\/bauprojekte-der-musik-akademie-basel\/","og_locale":"en_US","og_type":"article","og_title":"Bauprojekte der Musik-Akademie Basel - Schweizer Musikzeitung","og_description":"Die Musik-Akademie Basel plant, ihre Infrastruktur am historischen Standort in den n\u00e4chsten Jahren zu sanieren und zu erweitern sowie mit einer Salle Modulable zu erg\u00e4nzen. Zum Zuge kommen soll ein Projekt des Architekturb\u00fcros Architecture Club.","og_url":"https:\/\/www.musikzeitung.ch\/en\/aus-und-weiterbildung\/2022\/06\/bauprojekte-der-musik-akademie-basel\/","og_site_name":"Schweizer Musikzeitung","article_publisher":"https:\/\/www.facebook.com\/SchweizerMusikzeitung\/","article_published_time":"2022-06-27T23:00:00+00:00","article_modified_time":"2023-01-18T00:12:19+00:00","og_image":[{"width":554,"height":364,"url":"https:\/\/www.musikzeitung.ch\/wp-content\/uploads\/2023\/01\/220628mab.jpg","type":"image\/jpeg"}],"author":"Musikzeitung-Redaktion","twitter_card":"summary_large_image","twitter_creator":"@smusikzeitung","twitter_site":"@smusikzeitung","twitter_misc":{"Written by":"Musikzeitung-Redaktion","Est. reading time":"1 minute"},"schema":{"@context":"https:\/\/schema.org","@graph":[{"@type":"Article","@id":"https:\/\/www.musikzeitung.ch\/aus-und-weiterbildung\/2022\/06\/bauprojekte-der-musik-akademie-basel#article","isPartOf":{"@id":"https:\/\/www.musikzeitung.ch\/aus-und-weiterbildung\/2022\/06\/bauprojekte-der-musik-akademie-basel"},"author":{"name":"Musikzeitung-Redaktion","@id":"https:\/\/www.musikzeitung.ch\/#\/schema\/person\/b2fd892c800856270b9dcc6001265712"},"headline":"Bauprojekte der Musik-Akademie Basel","datePublished":"2022-06-27T23:00:00+00:00","dateModified":"2023-01-18T00:12:19+00:00","mainEntityOfPage":{"@id":"https:\/\/www.musikzeitung.ch\/aus-und-weiterbildung\/2022\/06\/bauprojekte-der-musik-akademie-basel"},"wordCount":176,"commentCount":0,"publisher":{"@id":"https:\/\/www.musikzeitung.ch\/#organization"},"image":{"@id":"https:\/\/www.musikzeitung.ch\/aus-und-weiterbildung\/2022\/06\/bauprojekte-der-musik-akademie-basel#primaryimage"},"thumbnailUrl":"https:\/\/www.musikzeitung.ch\/wp-content\/uploads\/2023\/01\/220628mab.jpg","articleSection":["Aus- und Weiterbildung","Musikhochschule"],"inLanguage":"en-US"},{"@type":"WebPage","@id":"https:\/\/www.musikzeitung.ch\/aus-und-weiterbildung\/2022\/06\/bauprojekte-der-musik-akademie-basel","url":"https:\/\/www.musikzeitung.ch\/aus-und-weiterbildung\/2022\/06\/bauprojekte-der-musik-akademie-basel","name":"Building projects at the Basel Music Academy - Schweizer Musikzeitung","isPartOf":{"@id":"https:\/\/www.musikzeitung.ch\/#website"},"primaryImageOfPage":{"@id":"https:\/\/www.musikzeitung.ch\/aus-und-weiterbildung\/2022\/06\/bauprojekte-der-musik-akademie-basel#primaryimage"},"image":{"@id":"https:\/\/www.musikzeitung.ch\/aus-und-weiterbildung\/2022\/06\/bauprojekte-der-musik-akademie-basel#primaryimage"},"thumbnailUrl":"https:\/\/www.musikzeitung.ch\/wp-content\/uploads\/2023\/01\/220628mab.jpg","datePublished":"2022-06-27T23:00:00+00:00","dateModified":"2023-01-18T00:12:19+00:00","breadcrumb":{"@id":"https:\/\/www.musikzeitung.ch\/aus-und-weiterbildung\/2022\/06\/bauprojekte-der-musik-akademie-basel#breadcrumb"},"inLanguage":"en-US","potentialAction":[{"@type":"ReadAction","target":["https:\/\/www.musikzeitung.ch\/aus-und-weiterbildung\/2022\/06\/bauprojekte-der-musik-akademie-basel"]}]},{"@type":"ImageObject","inLanguage":"en-US","@id":"https:\/\/www.musikzeitung.ch\/aus-und-weiterbildung\/2022\/06\/bauprojekte-der-musik-akademie-basel#primaryimage","url":"https:\/\/www.musikzeitung.ch\/wp-content\/uploads\/2023\/01\/220628mab.jpg","contentUrl":"https:\/\/www.musikzeitung.ch\/wp-content\/uploads\/2023\/01\/220628mab.jpg","width":554,"height":364},{"@type":"BreadcrumbList","@id":"https:\/\/www.musikzeitung.ch\/aus-und-weiterbildung\/2022\/06\/bauprojekte-der-musik-akademie-basel#breadcrumb","itemListElement":[{"@type":"ListItem","position":1,"name":"Home","item":"https:\/\/www.musikzeitung.ch\/"},{"@type":"ListItem","position":2,"name":"Bauprojekte der Musik-Akademie Basel"}]},{"@type":"WebSite","@id":"https:\/\/www.musikzeitung.ch\/#website","url":"https:\/\/www.musikzeitung.ch\/","name":"Swiss Music Newspaper","description":"The leading interdisciplinary monthly newspaper in Switzerland for musical issues.","publisher":{"@id":"https:\/\/www.musikzeitung.ch\/#organization"},"potentialAction":[{"@type":"SearchAction","target":{"@type":"EntryPoint","urlTemplate":"https:\/\/www.musikzeitung.ch\/?s={search_term_string}"},"query-input":{"@type":"PropertyValueSpecification","valueRequired":true,"valueName":"search_term_string"}}],"inLanguage":"en-US"},{"@type":"Organization","@id":"https:\/\/www.musikzeitung.ch\/#organization","name":"Swiss Music Newspaper","url":"https:\/\/www.musikzeitung.ch\/","logo":{"@type":"ImageObject","inLanguage":"en-US","@id":"https:\/\/www.musikzeitung.ch\/#\/schema\/logo\/image\/","url":"https:\/\/www.musikzeitung.ch\/wp-content\/uploads\/2023\/01\/SMZ_Schriftzug_Sprache.png","contentUrl":"https:\/\/www.musikzeitung.ch\/wp-content\/uploads\/2023\/01\/SMZ_Schriftzug_Sprache.png","width":1400,"height":279,"caption":"Schweizer Musikzeitung"},"image":{"@id":"https:\/\/www.musikzeitung.ch\/#\/schema\/logo\/image\/"},"sameAs":["https:\/\/www.facebook.com\/SchweizerMusikzeitung\/","https:\/\/x.com\/smusikzeitung","https:\/\/www.instagram.com\/musikzeitung.ch\/"]},{"@type":"Person","@id":"https:\/\/www.musikzeitung.ch\/#\/schema\/person\/b2fd892c800856270b9dcc6001265712","name":"Music newspaper editorial office","image":{"@type":"ImageObject","inLanguage":"en-US","@id":"https:\/\/www.musikzeitung.ch\/wp-content\/uploads\/2022\/05\/usericon_musikzeitung-96x96.jpg","url":"https:\/\/www.musikzeitung.ch\/wp-content\/uploads\/2022\/05\/usericon_musikzeitung-96x96.jpg","contentUrl":"https:\/\/www.musikzeitung.ch\/wp-content\/uploads\/2022\/05\/usericon_musikzeitung-96x96.jpg","caption":"Musikzeitung-Redaktion"},"url":"https:\/\/www.musikzeitung.ch\/en\/author\/admin"}]}},"publishpress_future_workflow_manual_trigger":{"enabledWorkflows":[]},"_links":{"self":[{"href":"https:\/\/www.musikzeitung.ch\/en\/wp-json\/wp\/v2\/posts\/17675","targetHints":{"allow":["GET"]}}],"collection":[{"href":"https:\/\/www.musikzeitung.ch\/en\/wp-json\/wp\/v2\/posts"}],"about":[{"href":"https:\/\/www.musikzeitung.ch\/en\/wp-json\/wp\/v2\/types\/post"}],"author":[{"embeddable":true,"href":"https:\/\/www.musikzeitung.ch\/en\/wp-json\/wp\/v2\/users\/1"}],"replies":[{"embeddable":true,"href":"https:\/\/www.musikzeitung.ch\/en\/wp-json\/wp\/v2\/comments?post=17675"}],"version-history":[{"count":1,"href":"https:\/\/www.musikzeitung.ch\/en\/wp-json\/wp\/v2\/posts\/17675\/revisions"}],"predecessor-version":[{"id":17676,"href":"https:\/\/www.musikzeitung.ch\/en\/wp-json\/wp\/v2\/posts\/17675\/revisions\/17676"}],"wp:featuredmedia":[{"embeddable":true,"href":"https:\/\/www.musikzeitung.ch\/en\/wp-json\/wp\/v2\/media\/16187"}],"wp:attachment":[{"href":"https:\/\/www.musikzeitung.ch\/en\/wp-json\/wp\/v2\/media?parent=17675"}],"wp:term":[{"taxonomy":"category","embeddable":true,"href":"https:\/\/www.musikzeitung.ch\/en\/wp-json\/wp\/v2\/categories?post=17675"},{"taxonomy":"post_tag","embeddable":true,"href":"https:\/\/www.musikzeitung.ch\/en\/wp-json\/wp\/v2\/tags?post=17675"}],"curies":[{"name":"wp","href":"https:\/\/api.w.org\/{rel}","templated":true}]}}