{"id":17677,"date":"2022-07-20T00:00:00","date_gmt":"2022-07-19T23:00:00","guid":{"rendered":"https:\/\/www.musikzeitung.ch\/allgemein\/christoph-mathias-mueller-an-der-zhdk\/"},"modified":"2023-01-18T01:12:19","modified_gmt":"2023-01-18T00:12:19","slug":"christoph-mathias-mueller-an-der-zhdk","status":"publish","type":"post","link":"https:\/\/www.musikzeitung.ch\/en\/aus-und-weiterbildung\/2022\/07\/christoph-mathias-mueller-an-der-zhdk","title":{"rendered":"Christoph-Mathias Mueller at the ZHdK"},"content":{"rendered":"<figure style=\"width: 1200px\" class=\"wp-caption alignnone\"><img decoding=\"async\" class=\"size-full\" src=\"https:\/\/www.musikzeitung.ch\/wp-content\/uploads\/2023\/01\/cm-4.jpg\" alt=\"\" \/><figcaption class=\"wp-caption-text\">Christoph-Mathias Mueller. Photo: Marco Borggreve<\/figcaption><\/figure>\n<div class='text-section'>\n<p>As announced by the ZHdK, the university management has, on the recommendation of the responsible search committee <a href='https:\/\/www.christoph-mathias-mueller.com\/' target='_blank' rel=\"noopener\">Christoph-Mathias Mueller <\/a>has been appointed Principal Lecturer in Orchestral Conducting. He will take up his post on August 1, 2022. Christoph-Mathias Mueller succeeds<a href='https:\/\/johannesschlaefli.com\/' target='_blank' rel=\"noopener\"> Johannes Schlaefli<\/a>who has built up and continuously optimized conducting training since 1999. He will retire in August 2023.<\/p>\n<p> Christoph-Mathias Mueller studied violin in Basel and obtained a Master of Music from the University of Cincinnati. He has many years of experience as chief conductor and general music director of renowned orchestras. Some of his recordings have won the Echo Award and the Opus Award. He has been Artistic Director of the Murten Classics Festival since 2021. He is characterized by his professional and didactic competence as well as his understanding of the Conductors Studio ZHdK, which has enabled numerous young conducting personalities to successfully launch their careers.<br \/> \u00a0<\/p>\n<\/p><\/div>\n<div class='text-section'>\n<dl class='picture media photo large'>\n<dt> <img class='media photo large' src='https:\/\/www.musikzeitung.ch\/wp-content\/uploads\/2023\/01\/unnamed-file.js-3.jpg' alt='Image '> <\/dt>\n<dd class='copyright'>Photo: Rolf M\u00e4der<\/dd>\n<dd class='caption'>Johannes Schlaefli set up the Conductors Studio ZHdK.<\/dd>\n<\/dl><\/div>\n<div>\n<h3 class=''><span>The Conductors Studio ZHdK<\/span><\/h3>\n<\/p><\/div>\n<div class='text-section'>\n<p><em>ZHdK - <\/em>The ZHdK's conducting program enjoys an excellent international reputation. Numerous ZHdK students and alumni - including a striking number of women - are extremely successful in the highly competitive market. Johannes Schlaefli and the \"Conductors Studio ZHdK\", which he has developed and continuously optimized over many years at the university, are behind the ZHdK's conducting expertise.<\/p>\n<p><strong>Conducting class<\/strong><\/p>\n<ul>\n<li>Size: 8-10 students<\/li>\n<li>Composition: all degree programmes - Bachelor, Master Performance, Master Specialized Performance. Contrary to expectations, experience has shown that peer learning favors the individual development and profiling of students.<\/li>\n<li>Gender distribution: strikingly egalitarian<\/li>\n<\/ul>\n<p><strong>Curricular activities<\/strong><\/p>\n<ul>\n<li>Lessons with ensemble instead of piano: Conducting students (and aspiring students) do not need any specific piano skills. They practise with project-based ensembles<\/li>\n<li>Rehearsals: regularly with the Tonhalle Orchestra, occasionally with the Philharmonia Zurich<\/li>\n<li>Course weeks: Courses and concerts abroad with professional orchestras<\/li>\n<li>Networking: contacts with directors, agents, guest lecturers (master classes)<\/li>\n<li>Reflecting: Analyzing and processing the diverse inputs<\/li>\n<\/ul>\n<p><strong>Learning vessels<\/strong><\/p>\n<ul>\n<li>Ensemble lessons: Instrumental ensemble (1111-0000-2Klav-1\/1\/1\/1\/1\/1) consisting of professional musicians, instrumental students, conducting students on the piano<\/li>\n<li>Class lessons: analytical and practice-oriented examination of all aspects and tasks of contemporary orchestral conducting based on the current repertoire; exchange on further aspects (market access, programming, presentation, etc.)<\/li>\n<li>Private lessons: Individual coaching. Self-awareness as a conducting personality, guidance towards musical and professional independence<\/li>\n<li>Orchestra workshops: Conducting with various orchestras (MKW, University Orchestra, Festival Strings Lucerne etc.)<\/li>\n<li>Practice weeks: 3-4 times a year with 5 to 6 students; mainly abroad Rehearsals and final concert with partner orchestras<\/li>\n<li>ZHdK-internal collaborations: partial for ensemble, opera and orchestra projects<\/li>\n<\/ul>\n<p><strong>Selection of alumnae and alumni and current main activity <\/strong><\/p>\n<ul>\n<li>Mirga Gra\u017einyt\u0117-Tyla, Principal Conductor City of Birmingham Symphony Orchestra<\/li>\n<li>Philippe Bach, General Music Director Meiningen<\/li>\n<li>Corinna Niemeyer, Directrice Artistique and Chief Conductor Orchestre de Chambre du Luxembourg<\/li>\n<li>Patrick Lange, General Music Director Hessisches Staatstheater Wiesbaden<\/li>\n<li>- Johanna Malangr\u00e9, Principal Conductor Orchestre de Picardie<\/li>\n<li>Leo McFall, Principal Conductor of the Vorarlberg Symphony Orchestra<\/li>\n<li>Zoi Tsokanou, Chief Conductor and Artistic Director of the Thessaloniki State Orchestra<\/li>\n<li>Kerem Hasan, Principal Conductor Tiroler Symphonieorchester Innsbruck<\/li>\n<li>Delyana Lazarova, 1st prize Siemens Hall\u00e9 International Conductors Competition and assistant Hall\u00e9 Orchestra Manchester<\/li>\n<li>Chin-Chao Lin, General Music Director Theater Regensburg<\/li>\n<li>Holly Hyun Choe, Assistant Conductor Tonhalle-Orchestra Zurich<\/li>\n<li>Dominic Limburg, Kapellmeister Deutsche Oper Berlin<\/li>\n<li>Katharina Wincor, Assistant Dallas Symphony Orchestra<\/li>\n<li>Johannes Zahn, Kapellmeister Staatstheater Darmstadt<br \/> \u00a0<\/li>\n<\/ul>\n<p>\u00a0<\/p>\n<\/p><\/div>\n<div>\n<blockquote class='text-section'>\n<p><strong>Conversation between Johannes Schlaefli and Christoph-Mathias Mueller in the <em>Zett<\/em>the magazine of the ZHdK :<\/strong><br \/> <a href='https:\/\/zett.zhdk.ch\/2022\/07\/18\/es-gibt-kein-das-macht-man-so\/' target='_blank' rel=\"noopener\"><strong>https:\/\/zett.zhdk.ch\/2022\/07\/18\/es-gibt-kein-das-macht-man-so\/<\/strong><\/a><br \/> \u00a0<\/p>\n<\/blockquote><\/div>","protected":false},"excerpt":{"rendered":"<p><strong>Zurich University of the Arts (ZHdK) has appointed Christoph-Mathias Mueller as Principal Lecturer in Orchestral Conducting. He will take up his post on August 1, 2022, teach for one year together with the current post holder Johannes Schlaefli and take over as sole head of conducting training on August 1, 2023. <\/strong><\/p>","protected":false},"author":1,"featured_media":16190,"comment_status":"open","ping_status":"open","sticky":false,"template":"","format":"standard","meta":{"_acf_changed":false,"_relevanssi_hide_post":"","_relevanssi_hide_content":"","_relevanssi_pin_for_all":"","_relevanssi_pin_keywords":"","_relevanssi_unpin_keywords":"","_relevanssi_related_keywords":"","_relevanssi_related_include_ids":"","_relevanssi_related_exclude_ids":"","_relevanssi_related_no_append":"","_relevanssi_related_not_related":"","_relevanssi_related_posts":"","_relevanssi_noindex_reason":"","pgc_sgb_lightbox_settings":"","footnotes":""},"categories":[447,510],"tags":[],"class_list":["post-17677","post","type-post","status-publish","format-standard","has-post-thumbnail","hentry","category-aus-und-weiterbildung","category-musikhochschule"],"acf":[],"yoast_head":"<!-- This site is optimized with the Yoast SEO plugin v27.5 - https:\/\/yoast.com\/product\/yoast-seo-wordpress\/ -->\n<title>Christoph-Mathias Mueller an der ZHdK - Schweizer Musikzeitung<\/title>\n<meta name=\"robots\" content=\"index, follow, max-snippet:-1, max-image-preview:large, max-video-preview:-1\" \/>\n<link rel=\"canonical\" href=\"https:\/\/www.musikzeitung.ch\/en\/aus-und-weiterbildung\/2022\/07\/christoph-mathias-mueller-an-der-zhdk\/\" \/>\n<meta property=\"og:locale\" content=\"en_US\" \/>\n<meta property=\"og:type\" content=\"article\" \/>\n<meta property=\"og:title\" content=\"Christoph-Mathias Mueller an der ZHdK - Schweizer Musikzeitung\" \/>\n<meta property=\"og:description\" content=\"Die Z\u00fcrcher Hochschule der K\u00fcnste (ZHdK) hat Christoph-Mathias Mueller zum Hauptfachdozenten Orchesterleitung ernannt. Er wird sein Amt am 1. August 2022 antreten, ein Jahr lang den Unterricht gemeinsam mit dem aktuellen Stelleninhaber Johannes Schlaefli gestalten und per 1. August 2023 die alleinige Leitung der Dirigierausbildung \u00fcbernehmen.\" \/>\n<meta property=\"og:url\" content=\"https:\/\/www.musikzeitung.ch\/en\/aus-und-weiterbildung\/2022\/07\/christoph-mathias-mueller-an-der-zhdk\/\" \/>\n<meta property=\"og:site_name\" content=\"Schweizer Musikzeitung\" \/>\n<meta property=\"article:publisher\" content=\"https:\/\/www.facebook.com\/SchweizerMusikzeitung\/\" \/>\n<meta property=\"article:published_time\" content=\"2022-07-19T23:00:00+00:00\" \/>\n<meta property=\"article:modified_time\" content=\"2023-01-18T00:12:19+00:00\" \/>\n<meta property=\"og:image\" content=\"https:\/\/www.musikzeitung.ch\/wp-content\/uploads\/2023\/01\/cm-4.jpg\" \/>\n\t<meta property=\"og:image:width\" content=\"554\" \/>\n\t<meta property=\"og:image:height\" content=\"369\" \/>\n\t<meta property=\"og:image:type\" content=\"image\/jpeg\" \/>\n<meta name=\"author\" content=\"Musikzeitung-Redaktion\" \/>\n<meta name=\"twitter:card\" content=\"summary_large_image\" \/>\n<meta name=\"twitter:creator\" content=\"@smusikzeitung\" \/>\n<meta name=\"twitter:site\" content=\"@smusikzeitung\" \/>\n<meta name=\"twitter:label1\" content=\"Written by\" \/>\n\t<meta name=\"twitter:data1\" content=\"Musikzeitung-Redaktion\" \/>\n\t<meta name=\"twitter:label2\" content=\"Est. reading time\" \/>\n\t<meta name=\"twitter:data2\" content=\"3 minutes\" \/>\n<script type=\"application\/ld+json\" class=\"yoast-schema-graph\">{\"@context\":\"https:\\\/\\\/schema.org\",\"@graph\":[{\"@type\":\"Article\",\"@id\":\"https:\\\/\\\/www.musikzeitung.ch\\\/aus-und-weiterbildung\\\/2022\\\/07\\\/christoph-mathias-mueller-an-der-zhdk#article\",\"isPartOf\":{\"@id\":\"https:\\\/\\\/www.musikzeitung.ch\\\/aus-und-weiterbildung\\\/2022\\\/07\\\/christoph-mathias-mueller-an-der-zhdk\"},\"author\":{\"name\":\"Musikzeitung-Redaktion\",\"@id\":\"https:\\\/\\\/www.musikzeitung.ch\\\/#\\\/schema\\\/person\\\/b2fd892c800856270b9dcc6001265712\"},\"headline\":\"Christoph-Mathias Mueller an der ZHdK\",\"datePublished\":\"2022-07-19T23:00:00+00:00\",\"dateModified\":\"2023-01-18T00:12:19+00:00\",\"mainEntityOfPage\":{\"@id\":\"https:\\\/\\\/www.musikzeitung.ch\\\/aus-und-weiterbildung\\\/2022\\\/07\\\/christoph-mathias-mueller-an-der-zhdk\"},\"wordCount\":533,\"commentCount\":0,\"publisher\":{\"@id\":\"https:\\\/\\\/www.musikzeitung.ch\\\/#organization\"},\"image\":{\"@id\":\"https:\\\/\\\/www.musikzeitung.ch\\\/aus-und-weiterbildung\\\/2022\\\/07\\\/christoph-mathias-mueller-an-der-zhdk#primaryimage\"},\"thumbnailUrl\":\"https:\\\/\\\/www.musikzeitung.ch\\\/wp-content\\\/uploads\\\/2023\\\/01\\\/cm-4.jpg\",\"articleSection\":[\"Aus- und Weiterbildung\",\"Musikhochschule\"],\"inLanguage\":\"en-US\"},{\"@type\":\"WebPage\",\"@id\":\"https:\\\/\\\/www.musikzeitung.ch\\\/aus-und-weiterbildung\\\/2022\\\/07\\\/christoph-mathias-mueller-an-der-zhdk\",\"url\":\"https:\\\/\\\/www.musikzeitung.ch\\\/aus-und-weiterbildung\\\/2022\\\/07\\\/christoph-mathias-mueller-an-der-zhdk\",\"name\":\"Christoph-Mathias Mueller an der ZHdK - Schweizer Musikzeitung\",\"isPartOf\":{\"@id\":\"https:\\\/\\\/www.musikzeitung.ch\\\/#website\"},\"primaryImageOfPage\":{\"@id\":\"https:\\\/\\\/www.musikzeitung.ch\\\/aus-und-weiterbildung\\\/2022\\\/07\\\/christoph-mathias-mueller-an-der-zhdk#primaryimage\"},\"image\":{\"@id\":\"https:\\\/\\\/www.musikzeitung.ch\\\/aus-und-weiterbildung\\\/2022\\\/07\\\/christoph-mathias-mueller-an-der-zhdk#primaryimage\"},\"thumbnailUrl\":\"https:\\\/\\\/www.musikzeitung.ch\\\/wp-content\\\/uploads\\\/2023\\\/01\\\/cm-4.jpg\",\"datePublished\":\"2022-07-19T23:00:00+00:00\",\"dateModified\":\"2023-01-18T00:12:19+00:00\",\"breadcrumb\":{\"@id\":\"https:\\\/\\\/www.musikzeitung.ch\\\/aus-und-weiterbildung\\\/2022\\\/07\\\/christoph-mathias-mueller-an-der-zhdk#breadcrumb\"},\"inLanguage\":\"en-US\",\"potentialAction\":[{\"@type\":\"ReadAction\",\"target\":[\"https:\\\/\\\/www.musikzeitung.ch\\\/aus-und-weiterbildung\\\/2022\\\/07\\\/christoph-mathias-mueller-an-der-zhdk\"]}]},{\"@type\":\"ImageObject\",\"inLanguage\":\"en-US\",\"@id\":\"https:\\\/\\\/www.musikzeitung.ch\\\/aus-und-weiterbildung\\\/2022\\\/07\\\/christoph-mathias-mueller-an-der-zhdk#primaryimage\",\"url\":\"https:\\\/\\\/www.musikzeitung.ch\\\/wp-content\\\/uploads\\\/2023\\\/01\\\/cm-4.jpg\",\"contentUrl\":\"https:\\\/\\\/www.musikzeitung.ch\\\/wp-content\\\/uploads\\\/2023\\\/01\\\/cm-4.jpg\",\"width\":554,\"height\":369},{\"@type\":\"BreadcrumbList\",\"@id\":\"https:\\\/\\\/www.musikzeitung.ch\\\/aus-und-weiterbildung\\\/2022\\\/07\\\/christoph-mathias-mueller-an-der-zhdk#breadcrumb\",\"itemListElement\":[{\"@type\":\"ListItem\",\"position\":1,\"name\":\"Home\",\"item\":\"https:\\\/\\\/www.musikzeitung.ch\\\/\"},{\"@type\":\"ListItem\",\"position\":2,\"name\":\"Christoph-Mathias Mueller an der ZHdK\"}]},{\"@type\":\"WebSite\",\"@id\":\"https:\\\/\\\/www.musikzeitung.ch\\\/#website\",\"url\":\"https:\\\/\\\/www.musikzeitung.ch\\\/\",\"name\":\"Schweizer Musikzeitung\",\"description\":\"Die f\u00fchrende sparten\u00fcbergreifende Monatszeitung in der Schweiz f\u00fcr musikalische Fragen.\",\"publisher\":{\"@id\":\"https:\\\/\\\/www.musikzeitung.ch\\\/#organization\"},\"potentialAction\":[{\"@type\":\"SearchAction\",\"target\":{\"@type\":\"EntryPoint\",\"urlTemplate\":\"https:\\\/\\\/www.musikzeitung.ch\\\/?s={search_term_string}\"},\"query-input\":{\"@type\":\"PropertyValueSpecification\",\"valueRequired\":true,\"valueName\":\"search_term_string\"}}],\"inLanguage\":\"en-US\"},{\"@type\":\"Organization\",\"@id\":\"https:\\\/\\\/www.musikzeitung.ch\\\/#organization\",\"name\":\"Schweizer Musikzeitung\",\"url\":\"https:\\\/\\\/www.musikzeitung.ch\\\/\",\"logo\":{\"@type\":\"ImageObject\",\"inLanguage\":\"en-US\",\"@id\":\"https:\\\/\\\/www.musikzeitung.ch\\\/#\\\/schema\\\/logo\\\/image\\\/\",\"url\":\"https:\\\/\\\/www.musikzeitung.ch\\\/wp-content\\\/uploads\\\/2023\\\/01\\\/SMZ_Schriftzug_Sprache.png\",\"contentUrl\":\"https:\\\/\\\/www.musikzeitung.ch\\\/wp-content\\\/uploads\\\/2023\\\/01\\\/SMZ_Schriftzug_Sprache.png\",\"width\":1400,\"height\":279,\"caption\":\"Schweizer Musikzeitung\"},\"image\":{\"@id\":\"https:\\\/\\\/www.musikzeitung.ch\\\/#\\\/schema\\\/logo\\\/image\\\/\"},\"sameAs\":[\"https:\\\/\\\/www.facebook.com\\\/SchweizerMusikzeitung\\\/\",\"https:\\\/\\\/x.com\\\/smusikzeitung\",\"https:\\\/\\\/www.instagram.com\\\/musikzeitung.ch\\\/\"]},{\"@type\":\"Person\",\"@id\":\"https:\\\/\\\/www.musikzeitung.ch\\\/#\\\/schema\\\/person\\\/b2fd892c800856270b9dcc6001265712\",\"name\":\"Musikzeitung-Redaktion\",\"image\":{\"@type\":\"ImageObject\",\"inLanguage\":\"en-US\",\"@id\":\"https:\\\/\\\/www.musikzeitung.ch\\\/wp-content\\\/uploads\\\/2022\\\/05\\\/usericon_musikzeitung-96x96.jpg\",\"url\":\"https:\\\/\\\/www.musikzeitung.ch\\\/wp-content\\\/uploads\\\/2022\\\/05\\\/usericon_musikzeitung-96x96.jpg\",\"contentUrl\":\"https:\\\/\\\/www.musikzeitung.ch\\\/wp-content\\\/uploads\\\/2022\\\/05\\\/usericon_musikzeitung-96x96.jpg\",\"caption\":\"Musikzeitung-Redaktion\"},\"url\":\"https:\\\/\\\/www.musikzeitung.ch\\\/en\\\/author\\\/admin\"}]}<\/script>\n<!-- \/ Yoast SEO plugin. -->","yoast_head_json":{"title":"Christoph-Mathias Mueller at the ZHdK - Schweizer Musikzeitung","robots":{"index":"index","follow":"follow","max-snippet":"max-snippet:-1","max-image-preview":"max-image-preview:large","max-video-preview":"max-video-preview:-1"},"canonical":"https:\/\/www.musikzeitung.ch\/en\/aus-und-weiterbildung\/2022\/07\/christoph-mathias-mueller-an-der-zhdk\/","og_locale":"en_US","og_type":"article","og_title":"Christoph-Mathias Mueller an der ZHdK - Schweizer Musikzeitung","og_description":"Die Z\u00fcrcher Hochschule der K\u00fcnste (ZHdK) hat Christoph-Mathias Mueller zum Hauptfachdozenten Orchesterleitung ernannt. Er wird sein Amt am 1. August 2022 antreten, ein Jahr lang den Unterricht gemeinsam mit dem aktuellen Stelleninhaber Johannes Schlaefli gestalten und per 1. August 2023 die alleinige Leitung der Dirigierausbildung \u00fcbernehmen.","og_url":"https:\/\/www.musikzeitung.ch\/en\/aus-und-weiterbildung\/2022\/07\/christoph-mathias-mueller-an-der-zhdk\/","og_site_name":"Schweizer Musikzeitung","article_publisher":"https:\/\/www.facebook.com\/SchweizerMusikzeitung\/","article_published_time":"2022-07-19T23:00:00+00:00","article_modified_time":"2023-01-18T00:12:19+00:00","og_image":[{"width":554,"height":369,"url":"https:\/\/www.musikzeitung.ch\/wp-content\/uploads\/2023\/01\/cm-4.jpg","type":"image\/jpeg"}],"author":"Musikzeitung-Redaktion","twitter_card":"summary_large_image","twitter_creator":"@smusikzeitung","twitter_site":"@smusikzeitung","twitter_misc":{"Written by":"Musikzeitung-Redaktion","Est. reading time":"3 minutes"},"schema":{"@context":"https:\/\/schema.org","@graph":[{"@type":"Article","@id":"https:\/\/www.musikzeitung.ch\/aus-und-weiterbildung\/2022\/07\/christoph-mathias-mueller-an-der-zhdk#article","isPartOf":{"@id":"https:\/\/www.musikzeitung.ch\/aus-und-weiterbildung\/2022\/07\/christoph-mathias-mueller-an-der-zhdk"},"author":{"name":"Musikzeitung-Redaktion","@id":"https:\/\/www.musikzeitung.ch\/#\/schema\/person\/b2fd892c800856270b9dcc6001265712"},"headline":"Christoph-Mathias Mueller an der ZHdK","datePublished":"2022-07-19T23:00:00+00:00","dateModified":"2023-01-18T00:12:19+00:00","mainEntityOfPage":{"@id":"https:\/\/www.musikzeitung.ch\/aus-und-weiterbildung\/2022\/07\/christoph-mathias-mueller-an-der-zhdk"},"wordCount":533,"commentCount":0,"publisher":{"@id":"https:\/\/www.musikzeitung.ch\/#organization"},"image":{"@id":"https:\/\/www.musikzeitung.ch\/aus-und-weiterbildung\/2022\/07\/christoph-mathias-mueller-an-der-zhdk#primaryimage"},"thumbnailUrl":"https:\/\/www.musikzeitung.ch\/wp-content\/uploads\/2023\/01\/cm-4.jpg","articleSection":["Aus- und Weiterbildung","Musikhochschule"],"inLanguage":"en-US"},{"@type":"WebPage","@id":"https:\/\/www.musikzeitung.ch\/aus-und-weiterbildung\/2022\/07\/christoph-mathias-mueller-an-der-zhdk","url":"https:\/\/www.musikzeitung.ch\/aus-und-weiterbildung\/2022\/07\/christoph-mathias-mueller-an-der-zhdk","name":"Christoph-Mathias Mueller at the ZHdK - Schweizer Musikzeitung","isPartOf":{"@id":"https:\/\/www.musikzeitung.ch\/#website"},"primaryImageOfPage":{"@id":"https:\/\/www.musikzeitung.ch\/aus-und-weiterbildung\/2022\/07\/christoph-mathias-mueller-an-der-zhdk#primaryimage"},"image":{"@id":"https:\/\/www.musikzeitung.ch\/aus-und-weiterbildung\/2022\/07\/christoph-mathias-mueller-an-der-zhdk#primaryimage"},"thumbnailUrl":"https:\/\/www.musikzeitung.ch\/wp-content\/uploads\/2023\/01\/cm-4.jpg","datePublished":"2022-07-19T23:00:00+00:00","dateModified":"2023-01-18T00:12:19+00:00","breadcrumb":{"@id":"https:\/\/www.musikzeitung.ch\/aus-und-weiterbildung\/2022\/07\/christoph-mathias-mueller-an-der-zhdk#breadcrumb"},"inLanguage":"en-US","potentialAction":[{"@type":"ReadAction","target":["https:\/\/www.musikzeitung.ch\/aus-und-weiterbildung\/2022\/07\/christoph-mathias-mueller-an-der-zhdk"]}]},{"@type":"ImageObject","inLanguage":"en-US","@id":"https:\/\/www.musikzeitung.ch\/aus-und-weiterbildung\/2022\/07\/christoph-mathias-mueller-an-der-zhdk#primaryimage","url":"https:\/\/www.musikzeitung.ch\/wp-content\/uploads\/2023\/01\/cm-4.jpg","contentUrl":"https:\/\/www.musikzeitung.ch\/wp-content\/uploads\/2023\/01\/cm-4.jpg","width":554,"height":369},{"@type":"BreadcrumbList","@id":"https:\/\/www.musikzeitung.ch\/aus-und-weiterbildung\/2022\/07\/christoph-mathias-mueller-an-der-zhdk#breadcrumb","itemListElement":[{"@type":"ListItem","position":1,"name":"Home","item":"https:\/\/www.musikzeitung.ch\/"},{"@type":"ListItem","position":2,"name":"Christoph-Mathias Mueller an der ZHdK"}]},{"@type":"WebSite","@id":"https:\/\/www.musikzeitung.ch\/#website","url":"https:\/\/www.musikzeitung.ch\/","name":"Swiss Music Newspaper","description":"The leading interdisciplinary monthly newspaper in Switzerland for musical issues.","publisher":{"@id":"https:\/\/www.musikzeitung.ch\/#organization"},"potentialAction":[{"@type":"SearchAction","target":{"@type":"EntryPoint","urlTemplate":"https:\/\/www.musikzeitung.ch\/?s={search_term_string}"},"query-input":{"@type":"PropertyValueSpecification","valueRequired":true,"valueName":"search_term_string"}}],"inLanguage":"en-US"},{"@type":"Organization","@id":"https:\/\/www.musikzeitung.ch\/#organization","name":"Swiss Music Newspaper","url":"https:\/\/www.musikzeitung.ch\/","logo":{"@type":"ImageObject","inLanguage":"en-US","@id":"https:\/\/www.musikzeitung.ch\/#\/schema\/logo\/image\/","url":"https:\/\/www.musikzeitung.ch\/wp-content\/uploads\/2023\/01\/SMZ_Schriftzug_Sprache.png","contentUrl":"https:\/\/www.musikzeitung.ch\/wp-content\/uploads\/2023\/01\/SMZ_Schriftzug_Sprache.png","width":1400,"height":279,"caption":"Schweizer Musikzeitung"},"image":{"@id":"https:\/\/www.musikzeitung.ch\/#\/schema\/logo\/image\/"},"sameAs":["https:\/\/www.facebook.com\/SchweizerMusikzeitung\/","https:\/\/x.com\/smusikzeitung","https:\/\/www.instagram.com\/musikzeitung.ch\/"]},{"@type":"Person","@id":"https:\/\/www.musikzeitung.ch\/#\/schema\/person\/b2fd892c800856270b9dcc6001265712","name":"Music newspaper editorial office","image":{"@type":"ImageObject","inLanguage":"en-US","@id":"https:\/\/www.musikzeitung.ch\/wp-content\/uploads\/2022\/05\/usericon_musikzeitung-96x96.jpg","url":"https:\/\/www.musikzeitung.ch\/wp-content\/uploads\/2022\/05\/usericon_musikzeitung-96x96.jpg","contentUrl":"https:\/\/www.musikzeitung.ch\/wp-content\/uploads\/2022\/05\/usericon_musikzeitung-96x96.jpg","caption":"Musikzeitung-Redaktion"},"url":"https:\/\/www.musikzeitung.ch\/en\/author\/admin"}]}},"publishpress_future_workflow_manual_trigger":{"enabledWorkflows":[]},"_links":{"self":[{"href":"https:\/\/www.musikzeitung.ch\/en\/wp-json\/wp\/v2\/posts\/17677","targetHints":{"allow":["GET"]}}],"collection":[{"href":"https:\/\/www.musikzeitung.ch\/en\/wp-json\/wp\/v2\/posts"}],"about":[{"href":"https:\/\/www.musikzeitung.ch\/en\/wp-json\/wp\/v2\/types\/post"}],"author":[{"embeddable":true,"href":"https:\/\/www.musikzeitung.ch\/en\/wp-json\/wp\/v2\/users\/1"}],"replies":[{"embeddable":true,"href":"https:\/\/www.musikzeitung.ch\/en\/wp-json\/wp\/v2\/comments?post=17677"}],"version-history":[{"count":1,"href":"https:\/\/www.musikzeitung.ch\/en\/wp-json\/wp\/v2\/posts\/17677\/revisions"}],"predecessor-version":[{"id":17678,"href":"https:\/\/www.musikzeitung.ch\/en\/wp-json\/wp\/v2\/posts\/17677\/revisions\/17678"}],"wp:featuredmedia":[{"embeddable":true,"href":"https:\/\/www.musikzeitung.ch\/en\/wp-json\/wp\/v2\/media\/16190"}],"wp:attachment":[{"href":"https:\/\/www.musikzeitung.ch\/en\/wp-json\/wp\/v2\/media?parent=17677"}],"wp:term":[{"taxonomy":"category","embeddable":true,"href":"https:\/\/www.musikzeitung.ch\/en\/wp-json\/wp\/v2\/categories?post=17677"},{"taxonomy":"post_tag","embeddable":true,"href":"https:\/\/www.musikzeitung.ch\/en\/wp-json\/wp\/v2\/tags?post=17677"}],"curies":[{"name":"wp","href":"https:\/\/api.w.org\/{rel}","templated":true}]}}