{"id":1855,"date":"2013-08-12T00:00:00","date_gmt":"2013-08-11T23:00:00","guid":{"rendered":"https:\/\/www.musikzeitung.ch\/allgemein\/rock-pop-center-st-gallen-vor-eroeffnung\/"},"modified":"2013-08-12T00:00:00","modified_gmt":"2013-08-11T23:00:00","slug":"rock-pop-center-st-gallen-vor-eroeffnung","status":"publish","type":"post","link":"https:\/\/www.musikzeitung.ch\/en\/anlaesse\/2013\/08\/rock-pop-center-st-gallen-vor-eroeffnung","title":{"rendered":"Rock &amp; Pop Center St. Gallen before opening"},"content":{"rendered":"<figure style=\"width: 1200px\" class=\"wp-caption alignnone\"><img decoding=\"async\" class=\"size-full\" src=\"https:\/\/www.musikzeitung.ch\/wp-content\/uploads\/2023\/01\/130812stgallen-1.jpg\" alt=\"\" \/><figcaption class=\"wp-caption-text\">Thomas Sonderegger (left, Head of Department), Orlando Ribar (Head of Division). Photo: Sir Robin Photography<\/figcaption><\/figure>\n<div class='text-section'>\n<p>The RPC is housed in a specially converted former primary school building in the Lachen district. The concept by St. Gallen architect Daniel Cavelti includes two concert halls, rooms for band lessons and rooms for individual lessons. Sound systems and sound insulation were designed by specialists.<\/p>\n<p>All classrooms are connected via encrypted Wi-Fi with broadband internet access, have an acoustic listening station and are set up for audio streaming via AirPlay. A dedicated server with a learning platform serves as a central data repository for digital teaching materials. An iMac is also available as a mobile multimedia station.<\/p>\n<p>Information, know-how and tips are to be collected in one place in the Spartenhaus, where they will be available to all participants at all times and where exchange and creative competition will be encouraged. A team of specialist teachers from the city's music school will continuously teach, encourage and support the up-and-coming talent. Swiss show business greats will also pass on their own experience in workshops and special courses.<\/p>\n<p>The RPC will open on Saturday, August 31, 2013 at 5 p.m. with a ceremony and an official opening of the building. Among others, Swiss guitarist Sl\u00e4du, drummer and multi-percussionist Orlando Ribar and bassist Daniel Ziegler will perform. During a concert lasting around two and a half hours, various student bands, the Big Band of the Music School of the City of St. Gallen and projects by the teaching staff will also be presented.<\/p>\n<\/div>","protected":false},"excerpt":{"rendered":"<p><strong>With the Rock &amp; Pop Center (RPC), the teaching of modern music styles in St. Gallen is getting its own home. The city's music school wants to promote talented young people in a more targeted way in the Spartenhaus.<\/strong><\/p>","protected":false},"author":1,"featured_media":1856,"comment_status":"open","ping_status":"open","sticky":false,"template":"","format":"standard","meta":{"_acf_changed":false,"_relevanssi_hide_post":"","_relevanssi_hide_content":"","_relevanssi_pin_for_all":"","_relevanssi_pin_keywords":"","_relevanssi_unpin_keywords":"","_relevanssi_related_keywords":"","_relevanssi_related_include_ids":"","_relevanssi_related_exclude_ids":"","_relevanssi_related_no_append":"","_relevanssi_related_not_related":"","_relevanssi_related_posts":"","_relevanssi_noindex_reason":"","pgc_sgb_lightbox_settings":"","footnotes":""},"categories":[2,267],"tags":[],"class_list":["post-1855","post","type-post","status-publish","format-standard","has-post-thumbnail","hentry","category-anlaesse","category-rock-und-pop"],"acf":[],"yoast_head":"<!-- This site is optimized with the Yoast SEO plugin v27.5 - https:\/\/yoast.com\/product\/yoast-seo-wordpress\/ -->\n<title>Rock &amp; Pop Center St. Gallen vor Er\u00f6ffnung - Schweizer Musikzeitung<\/title>\n<meta name=\"robots\" content=\"index, follow, max-snippet:-1, max-image-preview:large, max-video-preview:-1\" \/>\n<link rel=\"canonical\" href=\"https:\/\/www.musikzeitung.ch\/en\/anlaesse\/2013\/08\/rock-pop-center-st-gallen-vor-eroeffnung\/\" \/>\n<meta property=\"og:locale\" content=\"en_US\" \/>\n<meta property=\"og:type\" content=\"article\" \/>\n<meta property=\"og:title\" content=\"Rock &amp; Pop Center St. Gallen vor Er\u00f6ffnung - Schweizer Musikzeitung\" \/>\n<meta property=\"og:description\" content=\"Mit dem Rock &amp; Pop Center (RPC) bekommt der Unterricht der modernen Musikstile in St. Gallen ein eigenes Zuhause. Im Spartenhaus will die Musikschule der Stadt begabte Jugendliche gezielter f\u00f6rdern.\" \/>\n<meta property=\"og:url\" content=\"https:\/\/www.musikzeitung.ch\/en\/anlaesse\/2013\/08\/rock-pop-center-st-gallen-vor-eroeffnung\/\" \/>\n<meta property=\"og:site_name\" content=\"Schweizer Musikzeitung\" \/>\n<meta property=\"article:publisher\" content=\"https:\/\/www.facebook.com\/SchweizerMusikzeitung\/\" \/>\n<meta property=\"article:published_time\" content=\"2013-08-11T23:00:00+00:00\" \/>\n<meta property=\"og:image\" content=\"https:\/\/www.musikzeitung.ch\/wp-content\/uploads\/2023\/01\/130812stgallen-1.jpg\" \/>\n\t<meta property=\"og:image:width\" content=\"554\" \/>\n\t<meta property=\"og:image:height\" content=\"454\" \/>\n\t<meta property=\"og:image:type\" content=\"image\/jpeg\" \/>\n<meta name=\"author\" content=\"Musikzeitung-Redaktion\" \/>\n<meta name=\"twitter:card\" content=\"summary_large_image\" \/>\n<meta name=\"twitter:creator\" content=\"@smusikzeitung\" \/>\n<meta name=\"twitter:site\" content=\"@smusikzeitung\" \/>\n<meta name=\"twitter:label1\" content=\"Written by\" \/>\n\t<meta name=\"twitter:data1\" content=\"Musikzeitung-Redaktion\" \/>\n\t<meta name=\"twitter:label2\" content=\"Est. reading time\" \/>\n\t<meta name=\"twitter:data2\" content=\"1 minute\" \/>\n<script type=\"application\/ld+json\" class=\"yoast-schema-graph\">{\"@context\":\"https:\\\/\\\/schema.org\",\"@graph\":[{\"@type\":\"Article\",\"@id\":\"https:\\\/\\\/www.musikzeitung.ch\\\/anlaesse\\\/2013\\\/08\\\/rock-pop-center-st-gallen-vor-eroeffnung#article\",\"isPartOf\":{\"@id\":\"https:\\\/\\\/www.musikzeitung.ch\\\/anlaesse\\\/2013\\\/08\\\/rock-pop-center-st-gallen-vor-eroeffnung\"},\"author\":{\"name\":\"Musikzeitung-Redaktion\",\"@id\":\"https:\\\/\\\/www.musikzeitung.ch\\\/#\\\/schema\\\/person\\\/b2fd892c800856270b9dcc6001265712\"},\"headline\":\"Rock &#038; Pop Center St. Gallen vor Er\u00f6ffnung\",\"datePublished\":\"2013-08-11T23:00:00+00:00\",\"mainEntityOfPage\":{\"@id\":\"https:\\\/\\\/www.musikzeitung.ch\\\/anlaesse\\\/2013\\\/08\\\/rock-pop-center-st-gallen-vor-eroeffnung\"},\"wordCount\":252,\"commentCount\":0,\"publisher\":{\"@id\":\"https:\\\/\\\/www.musikzeitung.ch\\\/#organization\"},\"image\":{\"@id\":\"https:\\\/\\\/www.musikzeitung.ch\\\/anlaesse\\\/2013\\\/08\\\/rock-pop-center-st-gallen-vor-eroeffnung#primaryimage\"},\"thumbnailUrl\":\"https:\\\/\\\/www.musikzeitung.ch\\\/wp-content\\\/uploads\\\/2023\\\/01\\\/130812stgallen-1.jpg\",\"articleSection\":[\"Anl\u00e4sse\",\"Rock und Pop\"],\"inLanguage\":\"en-US\"},{\"@type\":\"WebPage\",\"@id\":\"https:\\\/\\\/www.musikzeitung.ch\\\/anlaesse\\\/2013\\\/08\\\/rock-pop-center-st-gallen-vor-eroeffnung\",\"url\":\"https:\\\/\\\/www.musikzeitung.ch\\\/anlaesse\\\/2013\\\/08\\\/rock-pop-center-st-gallen-vor-eroeffnung\",\"name\":\"Rock & Pop Center St. Gallen vor Er\u00f6ffnung - Schweizer Musikzeitung\",\"isPartOf\":{\"@id\":\"https:\\\/\\\/www.musikzeitung.ch\\\/#website\"},\"primaryImageOfPage\":{\"@id\":\"https:\\\/\\\/www.musikzeitung.ch\\\/anlaesse\\\/2013\\\/08\\\/rock-pop-center-st-gallen-vor-eroeffnung#primaryimage\"},\"image\":{\"@id\":\"https:\\\/\\\/www.musikzeitung.ch\\\/anlaesse\\\/2013\\\/08\\\/rock-pop-center-st-gallen-vor-eroeffnung#primaryimage\"},\"thumbnailUrl\":\"https:\\\/\\\/www.musikzeitung.ch\\\/wp-content\\\/uploads\\\/2023\\\/01\\\/130812stgallen-1.jpg\",\"datePublished\":\"2013-08-11T23:00:00+00:00\",\"breadcrumb\":{\"@id\":\"https:\\\/\\\/www.musikzeitung.ch\\\/anlaesse\\\/2013\\\/08\\\/rock-pop-center-st-gallen-vor-eroeffnung#breadcrumb\"},\"inLanguage\":\"en-US\",\"potentialAction\":[{\"@type\":\"ReadAction\",\"target\":[\"https:\\\/\\\/www.musikzeitung.ch\\\/anlaesse\\\/2013\\\/08\\\/rock-pop-center-st-gallen-vor-eroeffnung\"]}]},{\"@type\":\"ImageObject\",\"inLanguage\":\"en-US\",\"@id\":\"https:\\\/\\\/www.musikzeitung.ch\\\/anlaesse\\\/2013\\\/08\\\/rock-pop-center-st-gallen-vor-eroeffnung#primaryimage\",\"url\":\"https:\\\/\\\/www.musikzeitung.ch\\\/wp-content\\\/uploads\\\/2023\\\/01\\\/130812stgallen-1.jpg\",\"contentUrl\":\"https:\\\/\\\/www.musikzeitung.ch\\\/wp-content\\\/uploads\\\/2023\\\/01\\\/130812stgallen-1.jpg\",\"width\":554,\"height\":454},{\"@type\":\"BreadcrumbList\",\"@id\":\"https:\\\/\\\/www.musikzeitung.ch\\\/anlaesse\\\/2013\\\/08\\\/rock-pop-center-st-gallen-vor-eroeffnung#breadcrumb\",\"itemListElement\":[{\"@type\":\"ListItem\",\"position\":1,\"name\":\"Home\",\"item\":\"https:\\\/\\\/www.musikzeitung.ch\\\/\"},{\"@type\":\"ListItem\",\"position\":2,\"name\":\"Rock &#038; Pop Center St. Gallen vor Er\u00f6ffnung\"}]},{\"@type\":\"WebSite\",\"@id\":\"https:\\\/\\\/www.musikzeitung.ch\\\/#website\",\"url\":\"https:\\\/\\\/www.musikzeitung.ch\\\/\",\"name\":\"Schweizer Musikzeitung\",\"description\":\"Die f\u00fchrende sparten\u00fcbergreifende Monatszeitung in der Schweiz f\u00fcr musikalische Fragen.\",\"publisher\":{\"@id\":\"https:\\\/\\\/www.musikzeitung.ch\\\/#organization\"},\"potentialAction\":[{\"@type\":\"SearchAction\",\"target\":{\"@type\":\"EntryPoint\",\"urlTemplate\":\"https:\\\/\\\/www.musikzeitung.ch\\\/?s={search_term_string}\"},\"query-input\":{\"@type\":\"PropertyValueSpecification\",\"valueRequired\":true,\"valueName\":\"search_term_string\"}}],\"inLanguage\":\"en-US\"},{\"@type\":\"Organization\",\"@id\":\"https:\\\/\\\/www.musikzeitung.ch\\\/#organization\",\"name\":\"Schweizer Musikzeitung\",\"url\":\"https:\\\/\\\/www.musikzeitung.ch\\\/\",\"logo\":{\"@type\":\"ImageObject\",\"inLanguage\":\"en-US\",\"@id\":\"https:\\\/\\\/www.musikzeitung.ch\\\/#\\\/schema\\\/logo\\\/image\\\/\",\"url\":\"https:\\\/\\\/www.musikzeitung.ch\\\/wp-content\\\/uploads\\\/2023\\\/01\\\/SMZ_Schriftzug_Sprache.png\",\"contentUrl\":\"https:\\\/\\\/www.musikzeitung.ch\\\/wp-content\\\/uploads\\\/2023\\\/01\\\/SMZ_Schriftzug_Sprache.png\",\"width\":1400,\"height\":279,\"caption\":\"Schweizer Musikzeitung\"},\"image\":{\"@id\":\"https:\\\/\\\/www.musikzeitung.ch\\\/#\\\/schema\\\/logo\\\/image\\\/\"},\"sameAs\":[\"https:\\\/\\\/www.facebook.com\\\/SchweizerMusikzeitung\\\/\",\"https:\\\/\\\/x.com\\\/smusikzeitung\",\"https:\\\/\\\/www.instagram.com\\\/musikzeitung.ch\\\/\"]},{\"@type\":\"Person\",\"@id\":\"https:\\\/\\\/www.musikzeitung.ch\\\/#\\\/schema\\\/person\\\/b2fd892c800856270b9dcc6001265712\",\"name\":\"Musikzeitung-Redaktion\",\"image\":{\"@type\":\"ImageObject\",\"inLanguage\":\"en-US\",\"@id\":\"https:\\\/\\\/www.musikzeitung.ch\\\/wp-content\\\/uploads\\\/2022\\\/05\\\/usericon_musikzeitung-96x96.jpg\",\"url\":\"https:\\\/\\\/www.musikzeitung.ch\\\/wp-content\\\/uploads\\\/2022\\\/05\\\/usericon_musikzeitung-96x96.jpg\",\"contentUrl\":\"https:\\\/\\\/www.musikzeitung.ch\\\/wp-content\\\/uploads\\\/2022\\\/05\\\/usericon_musikzeitung-96x96.jpg\",\"caption\":\"Musikzeitung-Redaktion\"},\"url\":\"https:\\\/\\\/www.musikzeitung.ch\\\/en\\\/author\\\/admin\"}]}<\/script>\n<!-- \/ Yoast SEO plugin. -->","yoast_head_json":{"title":"Rock & Pop Center St. Gallen vor Er\u00f6ffnung - Schweizer Musikzeitung","robots":{"index":"index","follow":"follow","max-snippet":"max-snippet:-1","max-image-preview":"max-image-preview:large","max-video-preview":"max-video-preview:-1"},"canonical":"https:\/\/www.musikzeitung.ch\/en\/anlaesse\/2013\/08\/rock-pop-center-st-gallen-vor-eroeffnung\/","og_locale":"en_US","og_type":"article","og_title":"Rock & Pop Center St. Gallen vor Er\u00f6ffnung - Schweizer Musikzeitung","og_description":"Mit dem Rock & Pop Center (RPC) bekommt der Unterricht der modernen Musikstile in St. Gallen ein eigenes Zuhause. Im Spartenhaus will die Musikschule der Stadt begabte Jugendliche gezielter f\u00f6rdern.","og_url":"https:\/\/www.musikzeitung.ch\/en\/anlaesse\/2013\/08\/rock-pop-center-st-gallen-vor-eroeffnung\/","og_site_name":"Schweizer Musikzeitung","article_publisher":"https:\/\/www.facebook.com\/SchweizerMusikzeitung\/","article_published_time":"2013-08-11T23:00:00+00:00","og_image":[{"width":554,"height":454,"url":"https:\/\/www.musikzeitung.ch\/wp-content\/uploads\/2023\/01\/130812stgallen-1.jpg","type":"image\/jpeg"}],"author":"Musikzeitung-Redaktion","twitter_card":"summary_large_image","twitter_creator":"@smusikzeitung","twitter_site":"@smusikzeitung","twitter_misc":{"Written by":"Musikzeitung-Redaktion","Est. reading time":"1 minute"},"schema":{"@context":"https:\/\/schema.org","@graph":[{"@type":"Article","@id":"https:\/\/www.musikzeitung.ch\/anlaesse\/2013\/08\/rock-pop-center-st-gallen-vor-eroeffnung#article","isPartOf":{"@id":"https:\/\/www.musikzeitung.ch\/anlaesse\/2013\/08\/rock-pop-center-st-gallen-vor-eroeffnung"},"author":{"name":"Musikzeitung-Redaktion","@id":"https:\/\/www.musikzeitung.ch\/#\/schema\/person\/b2fd892c800856270b9dcc6001265712"},"headline":"Rock &#038; Pop Center St. Gallen vor Er\u00f6ffnung","datePublished":"2013-08-11T23:00:00+00:00","mainEntityOfPage":{"@id":"https:\/\/www.musikzeitung.ch\/anlaesse\/2013\/08\/rock-pop-center-st-gallen-vor-eroeffnung"},"wordCount":252,"commentCount":0,"publisher":{"@id":"https:\/\/www.musikzeitung.ch\/#organization"},"image":{"@id":"https:\/\/www.musikzeitung.ch\/anlaesse\/2013\/08\/rock-pop-center-st-gallen-vor-eroeffnung#primaryimage"},"thumbnailUrl":"https:\/\/www.musikzeitung.ch\/wp-content\/uploads\/2023\/01\/130812stgallen-1.jpg","articleSection":["Anl\u00e4sse","Rock und Pop"],"inLanguage":"en-US"},{"@type":"WebPage","@id":"https:\/\/www.musikzeitung.ch\/anlaesse\/2013\/08\/rock-pop-center-st-gallen-vor-eroeffnung","url":"https:\/\/www.musikzeitung.ch\/anlaesse\/2013\/08\/rock-pop-center-st-gallen-vor-eroeffnung","name":"Rock & Pop Center St. Gallen vor Er\u00f6ffnung - Schweizer Musikzeitung","isPartOf":{"@id":"https:\/\/www.musikzeitung.ch\/#website"},"primaryImageOfPage":{"@id":"https:\/\/www.musikzeitung.ch\/anlaesse\/2013\/08\/rock-pop-center-st-gallen-vor-eroeffnung#primaryimage"},"image":{"@id":"https:\/\/www.musikzeitung.ch\/anlaesse\/2013\/08\/rock-pop-center-st-gallen-vor-eroeffnung#primaryimage"},"thumbnailUrl":"https:\/\/www.musikzeitung.ch\/wp-content\/uploads\/2023\/01\/130812stgallen-1.jpg","datePublished":"2013-08-11T23:00:00+00:00","breadcrumb":{"@id":"https:\/\/www.musikzeitung.ch\/anlaesse\/2013\/08\/rock-pop-center-st-gallen-vor-eroeffnung#breadcrumb"},"inLanguage":"en-US","potentialAction":[{"@type":"ReadAction","target":["https:\/\/www.musikzeitung.ch\/anlaesse\/2013\/08\/rock-pop-center-st-gallen-vor-eroeffnung"]}]},{"@type":"ImageObject","inLanguage":"en-US","@id":"https:\/\/www.musikzeitung.ch\/anlaesse\/2013\/08\/rock-pop-center-st-gallen-vor-eroeffnung#primaryimage","url":"https:\/\/www.musikzeitung.ch\/wp-content\/uploads\/2023\/01\/130812stgallen-1.jpg","contentUrl":"https:\/\/www.musikzeitung.ch\/wp-content\/uploads\/2023\/01\/130812stgallen-1.jpg","width":554,"height":454},{"@type":"BreadcrumbList","@id":"https:\/\/www.musikzeitung.ch\/anlaesse\/2013\/08\/rock-pop-center-st-gallen-vor-eroeffnung#breadcrumb","itemListElement":[{"@type":"ListItem","position":1,"name":"Home","item":"https:\/\/www.musikzeitung.ch\/"},{"@type":"ListItem","position":2,"name":"Rock &#038; Pop Center St. Gallen vor Er\u00f6ffnung"}]},{"@type":"WebSite","@id":"https:\/\/www.musikzeitung.ch\/#website","url":"https:\/\/www.musikzeitung.ch\/","name":"Swiss Music Newspaper","description":"The leading interdisciplinary monthly newspaper in Switzerland for musical issues.","publisher":{"@id":"https:\/\/www.musikzeitung.ch\/#organization"},"potentialAction":[{"@type":"SearchAction","target":{"@type":"EntryPoint","urlTemplate":"https:\/\/www.musikzeitung.ch\/?s={search_term_string}"},"query-input":{"@type":"PropertyValueSpecification","valueRequired":true,"valueName":"search_term_string"}}],"inLanguage":"en-US"},{"@type":"Organization","@id":"https:\/\/www.musikzeitung.ch\/#organization","name":"Swiss Music Newspaper","url":"https:\/\/www.musikzeitung.ch\/","logo":{"@type":"ImageObject","inLanguage":"en-US","@id":"https:\/\/www.musikzeitung.ch\/#\/schema\/logo\/image\/","url":"https:\/\/www.musikzeitung.ch\/wp-content\/uploads\/2023\/01\/SMZ_Schriftzug_Sprache.png","contentUrl":"https:\/\/www.musikzeitung.ch\/wp-content\/uploads\/2023\/01\/SMZ_Schriftzug_Sprache.png","width":1400,"height":279,"caption":"Schweizer Musikzeitung"},"image":{"@id":"https:\/\/www.musikzeitung.ch\/#\/schema\/logo\/image\/"},"sameAs":["https:\/\/www.facebook.com\/SchweizerMusikzeitung\/","https:\/\/x.com\/smusikzeitung","https:\/\/www.instagram.com\/musikzeitung.ch\/"]},{"@type":"Person","@id":"https:\/\/www.musikzeitung.ch\/#\/schema\/person\/b2fd892c800856270b9dcc6001265712","name":"Music newspaper editorial office","image":{"@type":"ImageObject","inLanguage":"en-US","@id":"https:\/\/www.musikzeitung.ch\/wp-content\/uploads\/2022\/05\/usericon_musikzeitung-96x96.jpg","url":"https:\/\/www.musikzeitung.ch\/wp-content\/uploads\/2022\/05\/usericon_musikzeitung-96x96.jpg","contentUrl":"https:\/\/www.musikzeitung.ch\/wp-content\/uploads\/2022\/05\/usericon_musikzeitung-96x96.jpg","caption":"Musikzeitung-Redaktion"},"url":"https:\/\/www.musikzeitung.ch\/en\/author\/admin"}]}},"publishpress_future_workflow_manual_trigger":{"enabledWorkflows":[]},"_links":{"self":[{"href":"https:\/\/www.musikzeitung.ch\/en\/wp-json\/wp\/v2\/posts\/1855","targetHints":{"allow":["GET"]}}],"collection":[{"href":"https:\/\/www.musikzeitung.ch\/en\/wp-json\/wp\/v2\/posts"}],"about":[{"href":"https:\/\/www.musikzeitung.ch\/en\/wp-json\/wp\/v2\/types\/post"}],"author":[{"embeddable":true,"href":"https:\/\/www.musikzeitung.ch\/en\/wp-json\/wp\/v2\/users\/1"}],"replies":[{"embeddable":true,"href":"https:\/\/www.musikzeitung.ch\/en\/wp-json\/wp\/v2\/comments?post=1855"}],"version-history":[{"count":0,"href":"https:\/\/www.musikzeitung.ch\/en\/wp-json\/wp\/v2\/posts\/1855\/revisions"}],"wp:featuredmedia":[{"embeddable":true,"href":"https:\/\/www.musikzeitung.ch\/en\/wp-json\/wp\/v2\/media\/1856"}],"wp:attachment":[{"href":"https:\/\/www.musikzeitung.ch\/en\/wp-json\/wp\/v2\/media?parent=1855"}],"wp:term":[{"taxonomy":"category","embeddable":true,"href":"https:\/\/www.musikzeitung.ch\/en\/wp-json\/wp\/v2\/categories?post=1855"},{"taxonomy":"post_tag","embeddable":true,"href":"https:\/\/www.musikzeitung.ch\/en\/wp-json\/wp\/v2\/tags?post=1855"}],"curies":[{"name":"wp","href":"https:\/\/api.w.org\/{rel}","templated":true}]}}