{"id":27236,"date":"2023-01-18T17:15:28","date_gmt":"2023-01-18T16:15:28","guid":{"rendered":"https:\/\/www.musikzeitung.ch\/?p=27236"},"modified":"2024-09-05T10:12:57","modified_gmt":"2024-09-05T08:12:57","slug":"hommage-an-sich-selbst","status":"publish","type":"post","link":"https:\/\/www.musikzeitung.ch\/en\/rezensionen\/noten-rezensionen\/2023\/01\/hommage-an-sich-selbst","title":{"rendered":"Homage to oneself"},"content":{"rendered":"<figure id=\"attachment_27237\" aria-describedby=\"caption-attachment-27237\" style=\"width: 1400px\" class=\"wp-caption alignnone\"><img loading=\"lazy\" decoding=\"async\" class=\"wp-image-27237 size-full\" src=\"https:\/\/www.musikzeitung.ch\/wp-content\/uploads\/2023\/01\/Sigi_Schwab.jpg\" alt=\"\" width=\"1400\" height=\"965\" srcset=\"https:\/\/www.musikzeitung.ch\/wp-content\/uploads\/2023\/01\/Sigi_Schwab.jpg 1400w, https:\/\/www.musikzeitung.ch\/wp-content\/uploads\/2023\/01\/Sigi_Schwab-300x207.jpg 300w, https:\/\/www.musikzeitung.ch\/wp-content\/uploads\/2023\/01\/Sigi_Schwab-1024x706.jpg 1024w, https:\/\/www.musikzeitung.ch\/wp-content\/uploads\/2023\/01\/Sigi_Schwab-768x530.jpg 768w, https:\/\/www.musikzeitung.ch\/wp-content\/uploads\/2023\/01\/Sigi_Schwab-1536x1059.jpg 1536w, https:\/\/www.musikzeitung.ch\/wp-content\/uploads\/2023\/01\/Sigi_Schwab-254x175.jpg 254w, https:\/\/www.musikzeitung.ch\/wp-content\/uploads\/2023\/01\/Sigi_Schwab-508x350.jpg 508w, https:\/\/www.musikzeitung.ch\/wp-content\/uploads\/2023\/01\/Sigi_Schwab-1160x800.jpg 1160w, https:\/\/www.musikzeitung.ch\/wp-content\/uploads\/2023\/01\/Sigi_Schwab-920x634.jpg 920w\" sizes=\"auto, (max-width: 1400px) 100vw, 1400px\" \/><figcaption id=\"caption-attachment-27237\" class=\"wp-caption-text\">Sigi Schwab at the Tollwood Festival 2010. photo: <a href=\"https:\/\/commons.wikimedia.org\/wiki\/File:Schwab_15_10_grau.jpg\" target=\"_blank\" rel=\"noopener\">Dieter Vaterrodt\/wikimedia commons<\/a><\/figcaption><\/figure>\n<p>The <em>Guitar Book<\/em> by Sigi Schwab stands out from the usual sheet music editions in many respects. 100 pages of sturdy paper in a large format of around 26 x 37 centimeters with spiral binding; each of the 30 pieces on exactly one double page and, just as user-friendly, the chord indications are printed in red, the fingerings and other technical information in green, alongside the neatly set notes. This results in an informative, differentiated, but nevertheless not overloaded score.<\/p>\n<p>But why 100 pages for the 30 pieces? Because the now 72-year-old versatile studio musician, this jazz, classical and world guitarist, intersperses extensive commentary as well as pictures and stories from his life. Sigi Schwab celebrates himself in a likeable way by endeavoring to pass on his enthusiasm for polyphonic guitar playing. He advocates the greatest possible openness both stylistically and in terms of interpretation. His pieces and arrangements should be varied and improvised upon. He says: \"I listen to the cajoling of a self-appointed taste police and think about it. As a creative artist, I have to go my own way.\"<\/p>\n<p>The first part of the music book consists of arrangements of jazz standards such as <em>Lullaby of Birdland<\/em> or <em>Take Five,<\/em> with always extremely sonorous harmonic sequences. Every note is written out - if you can read music well, you have an advantage. If you are at home in jazz, you can also improvise over the chords. Nevertheless, it is recommended that you study the fingerings carefully in order to understand Schwab's intentions. The fingers often move in high registers on all strings. This also applies to the pop numbers in the second, middle section, which mainly contains songs by the Beatles and Michael Jackson.<\/p>\n<p>Finally, Sigi Schwab presents us with pieces \"from my own musical world\": mostly original compositions, but also gospels and a Bach prelude. The self-written pieces are somewhere between jazz and world music, some with Indian and African influences. They are somewhat easier to play than the arrangements of the other titles. Sigi Schwab thus allows us to share in some of the stages of his decades-long career - with this generously designed edition of a selection of pieces that were important to him.<\/p>\n<p><img loading=\"lazy\" decoding=\"async\" class=\"wp-image-27238 size-medium aligncenter\" src=\"https:\/\/www.musikzeitung.ch\/wp-content\/uploads\/2023\/01\/1_2_crit_note_Gitarre-212x300.jpg\" alt=\"\" width=\"212\" height=\"300\" srcset=\"https:\/\/www.musikzeitung.ch\/wp-content\/uploads\/2023\/01\/1_2_crit_note_Gitarre-212x300.jpg 212w, https:\/\/www.musikzeitung.ch\/wp-content\/uploads\/2023\/01\/1_2_crit_note_Gitarre-124x175.jpg 124w, https:\/\/www.musikzeitung.ch\/wp-content\/uploads\/2023\/01\/1_2_crit_note_Gitarre-248x350.jpg 248w, https:\/\/www.musikzeitung.ch\/wp-content\/uploads\/2023\/01\/1_2_crit_note_Gitarre-300x424.jpg 300w, https:\/\/www.musikzeitung.ch\/wp-content\/uploads\/2023\/01\/1_2_crit_note_Gitarre.jpg 458w\" sizes=\"auto, (max-width: 212px) 100vw, 212px\" \/><\/p>\n<p><em>Sigi Schwab: Guitar Book, 30 Arrangements from Classical Music to Jazz, ED 23369, \u20ac 35.00, Schott, Mainz<\/em><\/p>\n<p>&nbsp;<\/p>","protected":false},"excerpt":{"rendered":"<p>In his \"Guitar Book\", old master Sigi Schwab presents players with the pieces that are important to him.  <\/p>","protected":false},"author":29,"featured_media":27237,"comment_status":"closed","ping_status":"closed","sticky":false,"template":"","format":"standard","meta":{"_acf_changed":false,"_relevanssi_hide_post":"","_relevanssi_hide_content":"","_relevanssi_pin_for_all":"","_relevanssi_pin_keywords":"","_relevanssi_unpin_keywords":"","_relevanssi_related_keywords":"","_relevanssi_related_include_ids":"","_relevanssi_related_exclude_ids":"","_relevanssi_related_no_append":"","_relevanssi_related_not_related":"","_relevanssi_related_posts":"","_relevanssi_noindex_reason":"","pgc_sgb_lightbox_settings":"","footnotes":""},"categories":[1316,29],"tags":[1602,1605,4283],"class_list":["post-27236","post","type-post","status-publish","format-standard","has-post-thumbnail","hentry","category-noten-rezensionen","category-rezensionen","tag-gitarre","tag-guitar-book","tag-sigi-schwab"],"acf":[],"yoast_head":"<!-- This site is optimized with the Yoast SEO plugin v27.4 - https:\/\/yoast.com\/product\/yoast-seo-wordpress\/ -->\n<title>Hommage an sich selbst - Schweizer Musikzeitung<\/title>\n<meta name=\"robots\" content=\"index, follow, max-snippet:-1, max-image-preview:large, max-video-preview:-1\" \/>\n<link rel=\"canonical\" href=\"https:\/\/www.musikzeitung.ch\/en\/rezensionen\/noten-rezensionen\/2023\/01\/hommage-an-sich-selbst\/\" \/>\n<meta property=\"og:locale\" content=\"en_US\" \/>\n<meta property=\"og:type\" content=\"article\" \/>\n<meta property=\"og:title\" content=\"Hommage an sich selbst - Schweizer Musikzeitung\" \/>\n<meta property=\"og:description\" content=\"In seinem \u00abGuitar Book\u00bb beschenkt Altmeister Sigi Schwab Spielerinnen und Spieler mit den St\u00fccken, die f\u00fcr ihn bedeutend sind.\" \/>\n<meta property=\"og:url\" content=\"https:\/\/www.musikzeitung.ch\/en\/rezensionen\/noten-rezensionen\/2023\/01\/hommage-an-sich-selbst\/\" \/>\n<meta property=\"og:site_name\" content=\"Schweizer Musikzeitung\" \/>\n<meta property=\"article:publisher\" content=\"https:\/\/www.facebook.com\/SchweizerMusikzeitung\/\" \/>\n<meta property=\"article:published_time\" content=\"2023-01-18T16:15:28+00:00\" \/>\n<meta property=\"article:modified_time\" content=\"2024-09-05T08:12:57+00:00\" \/>\n<meta property=\"og:image\" content=\"https:\/\/www.musikzeitung.ch\/wp-content\/uploads\/2023\/01\/Sigi_Schwab.jpg\" \/>\n\t<meta property=\"og:image:width\" content=\"1400\" \/>\n\t<meta property=\"og:image:height\" content=\"965\" \/>\n\t<meta property=\"og:image:type\" content=\"image\/jpeg\" \/>\n<meta name=\"author\" content=\"pia.schwab\" \/>\n<meta name=\"twitter:card\" content=\"summary_large_image\" \/>\n<meta name=\"twitter:creator\" content=\"@smusikzeitung\" \/>\n<meta name=\"twitter:site\" content=\"@smusikzeitung\" \/>\n<meta name=\"twitter:label1\" content=\"Written by\" \/>\n\t<meta name=\"twitter:data1\" content=\"pia.schwab\" \/>\n\t<meta name=\"twitter:label2\" content=\"Est. reading time\" \/>\n\t<meta name=\"twitter:data2\" content=\"3 minutes\" \/>\n<script type=\"application\/ld+json\" class=\"yoast-schema-graph\">{\"@context\":\"https:\\\/\\\/schema.org\",\"@graph\":[{\"@type\":\"Article\",\"@id\":\"https:\\\/\\\/www.musikzeitung.ch\\\/rezensionen\\\/noten-rezensionen\\\/2023\\\/01\\\/hommage-an-sich-selbst#article\",\"isPartOf\":{\"@id\":\"https:\\\/\\\/www.musikzeitung.ch\\\/rezensionen\\\/noten-rezensionen\\\/2023\\\/01\\\/hommage-an-sich-selbst\"},\"author\":{\"name\":\"pia.schwab\",\"@id\":\"https:\\\/\\\/www.musikzeitung.ch\\\/#\\\/schema\\\/person\\\/ea3d7b86bd7157c78c7ddd37f2f82b5b\"},\"headline\":\"Hommage an sich selbst\",\"datePublished\":\"2023-01-18T16:15:28+00:00\",\"dateModified\":\"2024-09-05T08:12:57+00:00\",\"mainEntityOfPage\":{\"@id\":\"https:\\\/\\\/www.musikzeitung.ch\\\/rezensionen\\\/noten-rezensionen\\\/2023\\\/01\\\/hommage-an-sich-selbst\"},\"wordCount\":394,\"publisher\":{\"@id\":\"https:\\\/\\\/www.musikzeitung.ch\\\/#organization\"},\"image\":{\"@id\":\"https:\\\/\\\/www.musikzeitung.ch\\\/rezensionen\\\/noten-rezensionen\\\/2023\\\/01\\\/hommage-an-sich-selbst#primaryimage\"},\"thumbnailUrl\":\"https:\\\/\\\/www.musikzeitung.ch\\\/wp-content\\\/uploads\\\/2023\\\/01\\\/Sigi_Schwab.jpg\",\"keywords\":[\"Gitarre\",\"Guitar Book\",\"Sigi Schwab\"],\"articleSection\":[\"Noten\",\"Rezensionen\"],\"inLanguage\":\"en-US\"},{\"@type\":\"WebPage\",\"@id\":\"https:\\\/\\\/www.musikzeitung.ch\\\/rezensionen\\\/noten-rezensionen\\\/2023\\\/01\\\/hommage-an-sich-selbst\",\"url\":\"https:\\\/\\\/www.musikzeitung.ch\\\/rezensionen\\\/noten-rezensionen\\\/2023\\\/01\\\/hommage-an-sich-selbst\",\"name\":\"Hommage an sich selbst - Schweizer Musikzeitung\",\"isPartOf\":{\"@id\":\"https:\\\/\\\/www.musikzeitung.ch\\\/#website\"},\"primaryImageOfPage\":{\"@id\":\"https:\\\/\\\/www.musikzeitung.ch\\\/rezensionen\\\/noten-rezensionen\\\/2023\\\/01\\\/hommage-an-sich-selbst#primaryimage\"},\"image\":{\"@id\":\"https:\\\/\\\/www.musikzeitung.ch\\\/rezensionen\\\/noten-rezensionen\\\/2023\\\/01\\\/hommage-an-sich-selbst#primaryimage\"},\"thumbnailUrl\":\"https:\\\/\\\/www.musikzeitung.ch\\\/wp-content\\\/uploads\\\/2023\\\/01\\\/Sigi_Schwab.jpg\",\"datePublished\":\"2023-01-18T16:15:28+00:00\",\"dateModified\":\"2024-09-05T08:12:57+00:00\",\"breadcrumb\":{\"@id\":\"https:\\\/\\\/www.musikzeitung.ch\\\/rezensionen\\\/noten-rezensionen\\\/2023\\\/01\\\/hommage-an-sich-selbst#breadcrumb\"},\"inLanguage\":\"en-US\",\"potentialAction\":[{\"@type\":\"ReadAction\",\"target\":[\"https:\\\/\\\/www.musikzeitung.ch\\\/rezensionen\\\/noten-rezensionen\\\/2023\\\/01\\\/hommage-an-sich-selbst\"]}]},{\"@type\":\"ImageObject\",\"inLanguage\":\"en-US\",\"@id\":\"https:\\\/\\\/www.musikzeitung.ch\\\/rezensionen\\\/noten-rezensionen\\\/2023\\\/01\\\/hommage-an-sich-selbst#primaryimage\",\"url\":\"https:\\\/\\\/www.musikzeitung.ch\\\/wp-content\\\/uploads\\\/2023\\\/01\\\/Sigi_Schwab.jpg\",\"contentUrl\":\"https:\\\/\\\/www.musikzeitung.ch\\\/wp-content\\\/uploads\\\/2023\\\/01\\\/Sigi_Schwab.jpg\",\"width\":1400,\"height\":965,\"caption\":\"ist das die Legende?\"},{\"@type\":\"BreadcrumbList\",\"@id\":\"https:\\\/\\\/www.musikzeitung.ch\\\/rezensionen\\\/noten-rezensionen\\\/2023\\\/01\\\/hommage-an-sich-selbst#breadcrumb\",\"itemListElement\":[{\"@type\":\"ListItem\",\"position\":1,\"name\":\"Home\",\"item\":\"https:\\\/\\\/www.musikzeitung.ch\\\/\"},{\"@type\":\"ListItem\",\"position\":2,\"name\":\"Hommage an sich selbst\"}]},{\"@type\":\"WebSite\",\"@id\":\"https:\\\/\\\/www.musikzeitung.ch\\\/#website\",\"url\":\"https:\\\/\\\/www.musikzeitung.ch\\\/\",\"name\":\"Schweizer Musikzeitung\",\"description\":\"Die f\u00fchrende sparten\u00fcbergreifende Monatszeitung in der Schweiz f\u00fcr musikalische Fragen.\",\"publisher\":{\"@id\":\"https:\\\/\\\/www.musikzeitung.ch\\\/#organization\"},\"potentialAction\":[{\"@type\":\"SearchAction\",\"target\":{\"@type\":\"EntryPoint\",\"urlTemplate\":\"https:\\\/\\\/www.musikzeitung.ch\\\/?s={search_term_string}\"},\"query-input\":{\"@type\":\"PropertyValueSpecification\",\"valueRequired\":true,\"valueName\":\"search_term_string\"}}],\"inLanguage\":\"en-US\"},{\"@type\":\"Organization\",\"@id\":\"https:\\\/\\\/www.musikzeitung.ch\\\/#organization\",\"name\":\"Schweizer Musikzeitung\",\"url\":\"https:\\\/\\\/www.musikzeitung.ch\\\/\",\"logo\":{\"@type\":\"ImageObject\",\"inLanguage\":\"en-US\",\"@id\":\"https:\\\/\\\/www.musikzeitung.ch\\\/#\\\/schema\\\/logo\\\/image\\\/\",\"url\":\"https:\\\/\\\/www.musikzeitung.ch\\\/wp-content\\\/uploads\\\/2023\\\/01\\\/SMZ_Schriftzug_Sprache.png\",\"contentUrl\":\"https:\\\/\\\/www.musikzeitung.ch\\\/wp-content\\\/uploads\\\/2023\\\/01\\\/SMZ_Schriftzug_Sprache.png\",\"width\":1400,\"height\":279,\"caption\":\"Schweizer Musikzeitung\"},\"image\":{\"@id\":\"https:\\\/\\\/www.musikzeitung.ch\\\/#\\\/schema\\\/logo\\\/image\\\/\"},\"sameAs\":[\"https:\\\/\\\/www.facebook.com\\\/SchweizerMusikzeitung\\\/\",\"https:\\\/\\\/x.com\\\/smusikzeitung\",\"https:\\\/\\\/www.instagram.com\\\/musikzeitung.ch\\\/\"]},{\"@type\":\"Person\",\"@id\":\"https:\\\/\\\/www.musikzeitung.ch\\\/#\\\/schema\\\/person\\\/ea3d7b86bd7157c78c7ddd37f2f82b5b\",\"name\":\"pia.schwab\",\"image\":{\"@type\":\"ImageObject\",\"inLanguage\":\"en-US\",\"@id\":\"https:\\\/\\\/secure.gravatar.com\\\/avatar\\\/d39d170de4c2d07e897fbc26cf9d890fc046285c742207b86d8ebabe5fcde2c4?s=96&d=mm&r=g\",\"url\":\"https:\\\/\\\/secure.gravatar.com\\\/avatar\\\/d39d170de4c2d07e897fbc26cf9d890fc046285c742207b86d8ebabe5fcde2c4?s=96&d=mm&r=g\",\"contentUrl\":\"https:\\\/\\\/secure.gravatar.com\\\/avatar\\\/d39d170de4c2d07e897fbc26cf9d890fc046285c742207b86d8ebabe5fcde2c4?s=96&d=mm&r=g\",\"caption\":\"pia.schwab\"},\"url\":\"https:\\\/\\\/www.musikzeitung.ch\\\/en\\\/author\\\/pia-schwab\"}]}<\/script>\n<!-- \/ Yoast SEO plugin. -->","yoast_head_json":{"title":"Homage to himself - Schweizer Musikzeitung","robots":{"index":"index","follow":"follow","max-snippet":"max-snippet:-1","max-image-preview":"max-image-preview:large","max-video-preview":"max-video-preview:-1"},"canonical":"https:\/\/www.musikzeitung.ch\/en\/rezensionen\/noten-rezensionen\/2023\/01\/hommage-an-sich-selbst\/","og_locale":"en_US","og_type":"article","og_title":"Hommage an sich selbst - Schweizer Musikzeitung","og_description":"In seinem \u00abGuitar Book\u00bb beschenkt Altmeister Sigi Schwab Spielerinnen und Spieler mit den St\u00fccken, die f\u00fcr ihn bedeutend sind.","og_url":"https:\/\/www.musikzeitung.ch\/en\/rezensionen\/noten-rezensionen\/2023\/01\/hommage-an-sich-selbst\/","og_site_name":"Schweizer Musikzeitung","article_publisher":"https:\/\/www.facebook.com\/SchweizerMusikzeitung\/","article_published_time":"2023-01-18T16:15:28+00:00","article_modified_time":"2024-09-05T08:12:57+00:00","og_image":[{"width":1400,"height":965,"url":"https:\/\/www.musikzeitung.ch\/wp-content\/uploads\/2023\/01\/Sigi_Schwab.jpg","type":"image\/jpeg"}],"author":"pia.schwab","twitter_card":"summary_large_image","twitter_creator":"@smusikzeitung","twitter_site":"@smusikzeitung","twitter_misc":{"Written by":"pia.schwab","Est. reading time":"3 minutes"},"schema":{"@context":"https:\/\/schema.org","@graph":[{"@type":"Article","@id":"https:\/\/www.musikzeitung.ch\/rezensionen\/noten-rezensionen\/2023\/01\/hommage-an-sich-selbst#article","isPartOf":{"@id":"https:\/\/www.musikzeitung.ch\/rezensionen\/noten-rezensionen\/2023\/01\/hommage-an-sich-selbst"},"author":{"name":"pia.schwab","@id":"https:\/\/www.musikzeitung.ch\/#\/schema\/person\/ea3d7b86bd7157c78c7ddd37f2f82b5b"},"headline":"Hommage an sich selbst","datePublished":"2023-01-18T16:15:28+00:00","dateModified":"2024-09-05T08:12:57+00:00","mainEntityOfPage":{"@id":"https:\/\/www.musikzeitung.ch\/rezensionen\/noten-rezensionen\/2023\/01\/hommage-an-sich-selbst"},"wordCount":394,"publisher":{"@id":"https:\/\/www.musikzeitung.ch\/#organization"},"image":{"@id":"https:\/\/www.musikzeitung.ch\/rezensionen\/noten-rezensionen\/2023\/01\/hommage-an-sich-selbst#primaryimage"},"thumbnailUrl":"https:\/\/www.musikzeitung.ch\/wp-content\/uploads\/2023\/01\/Sigi_Schwab.jpg","keywords":["Gitarre","Guitar Book","Sigi Schwab"],"articleSection":["Noten","Rezensionen"],"inLanguage":"en-US"},{"@type":"WebPage","@id":"https:\/\/www.musikzeitung.ch\/rezensionen\/noten-rezensionen\/2023\/01\/hommage-an-sich-selbst","url":"https:\/\/www.musikzeitung.ch\/rezensionen\/noten-rezensionen\/2023\/01\/hommage-an-sich-selbst","name":"Homage to himself - Schweizer Musikzeitung","isPartOf":{"@id":"https:\/\/www.musikzeitung.ch\/#website"},"primaryImageOfPage":{"@id":"https:\/\/www.musikzeitung.ch\/rezensionen\/noten-rezensionen\/2023\/01\/hommage-an-sich-selbst#primaryimage"},"image":{"@id":"https:\/\/www.musikzeitung.ch\/rezensionen\/noten-rezensionen\/2023\/01\/hommage-an-sich-selbst#primaryimage"},"thumbnailUrl":"https:\/\/www.musikzeitung.ch\/wp-content\/uploads\/2023\/01\/Sigi_Schwab.jpg","datePublished":"2023-01-18T16:15:28+00:00","dateModified":"2024-09-05T08:12:57+00:00","breadcrumb":{"@id":"https:\/\/www.musikzeitung.ch\/rezensionen\/noten-rezensionen\/2023\/01\/hommage-an-sich-selbst#breadcrumb"},"inLanguage":"en-US","potentialAction":[{"@type":"ReadAction","target":["https:\/\/www.musikzeitung.ch\/rezensionen\/noten-rezensionen\/2023\/01\/hommage-an-sich-selbst"]}]},{"@type":"ImageObject","inLanguage":"en-US","@id":"https:\/\/www.musikzeitung.ch\/rezensionen\/noten-rezensionen\/2023\/01\/hommage-an-sich-selbst#primaryimage","url":"https:\/\/www.musikzeitung.ch\/wp-content\/uploads\/2023\/01\/Sigi_Schwab.jpg","contentUrl":"https:\/\/www.musikzeitung.ch\/wp-content\/uploads\/2023\/01\/Sigi_Schwab.jpg","width":1400,"height":965,"caption":"ist das die Legende?"},{"@type":"BreadcrumbList","@id":"https:\/\/www.musikzeitung.ch\/rezensionen\/noten-rezensionen\/2023\/01\/hommage-an-sich-selbst#breadcrumb","itemListElement":[{"@type":"ListItem","position":1,"name":"Home","item":"https:\/\/www.musikzeitung.ch\/"},{"@type":"ListItem","position":2,"name":"Hommage an sich selbst"}]},{"@type":"WebSite","@id":"https:\/\/www.musikzeitung.ch\/#website","url":"https:\/\/www.musikzeitung.ch\/","name":"Swiss Music Newspaper","description":"The leading interdisciplinary monthly newspaper in Switzerland for musical issues.","publisher":{"@id":"https:\/\/www.musikzeitung.ch\/#organization"},"potentialAction":[{"@type":"SearchAction","target":{"@type":"EntryPoint","urlTemplate":"https:\/\/www.musikzeitung.ch\/?s={search_term_string}"},"query-input":{"@type":"PropertyValueSpecification","valueRequired":true,"valueName":"search_term_string"}}],"inLanguage":"en-US"},{"@type":"Organization","@id":"https:\/\/www.musikzeitung.ch\/#organization","name":"Swiss Music Newspaper","url":"https:\/\/www.musikzeitung.ch\/","logo":{"@type":"ImageObject","inLanguage":"en-US","@id":"https:\/\/www.musikzeitung.ch\/#\/schema\/logo\/image\/","url":"https:\/\/www.musikzeitung.ch\/wp-content\/uploads\/2023\/01\/SMZ_Schriftzug_Sprache.png","contentUrl":"https:\/\/www.musikzeitung.ch\/wp-content\/uploads\/2023\/01\/SMZ_Schriftzug_Sprache.png","width":1400,"height":279,"caption":"Schweizer Musikzeitung"},"image":{"@id":"https:\/\/www.musikzeitung.ch\/#\/schema\/logo\/image\/"},"sameAs":["https:\/\/www.facebook.com\/SchweizerMusikzeitung\/","https:\/\/x.com\/smusikzeitung","https:\/\/www.instagram.com\/musikzeitung.ch\/"]},{"@type":"Person","@id":"https:\/\/www.musikzeitung.ch\/#\/schema\/person\/ea3d7b86bd7157c78c7ddd37f2f82b5b","name":"pia.schwab","image":{"@type":"ImageObject","inLanguage":"en-US","@id":"https:\/\/secure.gravatar.com\/avatar\/d39d170de4c2d07e897fbc26cf9d890fc046285c742207b86d8ebabe5fcde2c4?s=96&d=mm&r=g","url":"https:\/\/secure.gravatar.com\/avatar\/d39d170de4c2d07e897fbc26cf9d890fc046285c742207b86d8ebabe5fcde2c4?s=96&d=mm&r=g","contentUrl":"https:\/\/secure.gravatar.com\/avatar\/d39d170de4c2d07e897fbc26cf9d890fc046285c742207b86d8ebabe5fcde2c4?s=96&d=mm&r=g","caption":"pia.schwab"},"url":"https:\/\/www.musikzeitung.ch\/en\/author\/pia-schwab"}]}},"publishpress_future_workflow_manual_trigger":{"enabledWorkflows":[]},"_links":{"self":[{"href":"https:\/\/www.musikzeitung.ch\/en\/wp-json\/wp\/v2\/posts\/27236","targetHints":{"allow":["GET"]}}],"collection":[{"href":"https:\/\/www.musikzeitung.ch\/en\/wp-json\/wp\/v2\/posts"}],"about":[{"href":"https:\/\/www.musikzeitung.ch\/en\/wp-json\/wp\/v2\/types\/post"}],"author":[{"embeddable":true,"href":"https:\/\/www.musikzeitung.ch\/en\/wp-json\/wp\/v2\/users\/29"}],"replies":[{"embeddable":true,"href":"https:\/\/www.musikzeitung.ch\/en\/wp-json\/wp\/v2\/comments?post=27236"}],"version-history":[{"count":4,"href":"https:\/\/www.musikzeitung.ch\/en\/wp-json\/wp\/v2\/posts\/27236\/revisions"}],"predecessor-version":[{"id":27248,"href":"https:\/\/www.musikzeitung.ch\/en\/wp-json\/wp\/v2\/posts\/27236\/revisions\/27248"}],"wp:featuredmedia":[{"embeddable":true,"href":"https:\/\/www.musikzeitung.ch\/en\/wp-json\/wp\/v2\/media\/27237"}],"wp:attachment":[{"href":"https:\/\/www.musikzeitung.ch\/en\/wp-json\/wp\/v2\/media?parent=27236"}],"wp:term":[{"taxonomy":"category","embeddable":true,"href":"https:\/\/www.musikzeitung.ch\/en\/wp-json\/wp\/v2\/categories?post=27236"},{"taxonomy":"post_tag","embeddable":true,"href":"https:\/\/www.musikzeitung.ch\/en\/wp-json\/wp\/v2\/tags?post=27236"}],"curies":[{"name":"wp","href":"https:\/\/api.w.org\/{rel}","templated":true}]}}