{"id":27250,"date":"2023-01-18T18:03:24","date_gmt":"2023-01-18T17:03:24","guid":{"rendered":"https:\/\/www.musikzeitung.ch\/?p=27250"},"modified":"2023-01-19T14:45:18","modified_gmt":"2023-01-19T13:45:18","slug":"mit-zurueckhaltender-eleganz","status":"publish","type":"post","link":"https:\/\/www.musikzeitung.ch\/en\/rezensionen\/tontraeger-rezensionen\/2023\/01\/mit-zurueckhaltender-eleganz","title":{"rendered":"With understated elegance"},"content":{"rendered":"<figure id=\"attachment_27258\" aria-describedby=\"caption-attachment-27258\" style=\"width: 1383px\" class=\"wp-caption alignnone\"><img loading=\"lazy\" decoding=\"async\" class=\"wp-image-27258 size-full\" src=\"https:\/\/www.musikzeitung.ch\/wp-content\/uploads\/2023\/01\/viola_von_scarpatetti_coverneu.png\" alt=\"\" width=\"1383\" height=\"922\" srcset=\"https:\/\/www.musikzeitung.ch\/wp-content\/uploads\/2023\/01\/viola_von_scarpatetti_coverneu.png 1383w, https:\/\/www.musikzeitung.ch\/wp-content\/uploads\/2023\/01\/viola_von_scarpatetti_coverneu-300x200.png 300w, https:\/\/www.musikzeitung.ch\/wp-content\/uploads\/2023\/01\/viola_von_scarpatetti_coverneu-1024x683.png 1024w, https:\/\/www.musikzeitung.ch\/wp-content\/uploads\/2023\/01\/viola_von_scarpatetti_coverneu-600x400.png 600w, https:\/\/www.musikzeitung.ch\/wp-content\/uploads\/2023\/01\/viola_von_scarpatetti_coverneu-768x512.png 768w, https:\/\/www.musikzeitung.ch\/wp-content\/uploads\/2023\/01\/viola_von_scarpatetti_coverneu-263x175.png 263w, https:\/\/www.musikzeitung.ch\/wp-content\/uploads\/2023\/01\/viola_von_scarpatetti_coverneu-525x350.png 525w, https:\/\/www.musikzeitung.ch\/wp-content\/uploads\/2023\/01\/viola_von_scarpatetti_coverneu-1200x800.png 1200w, https:\/\/www.musikzeitung.ch\/wp-content\/uploads\/2023\/01\/viola_von_scarpatetti_coverneu-920x613.png 920w\" sizes=\"auto, (max-width: 1383px) 100vw, 1383px\" \/><figcaption id=\"caption-attachment-27258\" class=\"wp-caption-text\">Viola by Scarpatetti. Excerpt from the album cover<\/figcaption><\/figure>\n<p>Viola von Scarpatetti's artistic streak began to emerge at an early age: She attended a circus school as a child and later studied at the European Film Actor School in Zurich. She has long since established herself with her work in front of the camera - thanks to her leading role in the comedy <em>20 rules for Sylvie<\/em> (2014) -, the actress, who grew up in Fribourg and France, now wants to devote herself to another art form, the chanson.<\/p>\n<p>The 34-year-old's debut album, <em>Fais un pont,<\/em> is all about her own experiences and emotions. It is also fitting that she created the slightly melancholy title song as a teenager - originally as a rap. Today, her music combines folk with Francophone chanson and pop. Consequently, only the concluding <em>Hong Kong<\/em> with English instead of French lyrics.<\/p>\n<p>What makes the record stand out is its lightness. This also manifests itself in the restrained production, which is not aiming for perfection but for coherence. This succeeds and means that the cicadas chirping during the recordings in the south of France can also be heard on the release. While <em>Laisser danser<\/em> with seemingly thrown away guitar licks and a short whistled melody and indulges in memories, turns <em>Momo's chanson<\/em> about Michael Ende's novel character and uses soft accordion sounds and gentle wind passages.<\/p>\n<p>Other tracks such as the elegiac <em>Marin,<\/em> the playful whirling <em>Voyage dans le d\u00e9sert<\/em> or the sparsely arranged <em>Je te sens<\/em> make it clear that Viola von Scarpatetti's material is designed to provide lasting moments of relaxation. She has succeeded in creating twelve sound gems that dispense with pomp and pageantry and instead captivate with charm and restrained elegance.<\/p>\n<p><em><img loading=\"lazy\" decoding=\"async\" class=\"wp-image-27252 size-medium aligncenter\" src=\"https:\/\/www.musikzeitung.ch\/wp-content\/uploads\/2023\/01\/1_2_crit_cd_Gasser-300x270.jpg\" alt=\"\" width=\"300\" height=\"270\" srcset=\"https:\/\/www.musikzeitung.ch\/wp-content\/uploads\/2023\/01\/1_2_crit_cd_Gasser-300x270.jpg 300w, https:\/\/www.musikzeitung.ch\/wp-content\/uploads\/2023\/01\/1_2_crit_cd_Gasser-768x690.jpg 768w, https:\/\/www.musikzeitung.ch\/wp-content\/uploads\/2023\/01\/1_2_crit_cd_Gasser-195x175.jpg 195w, https:\/\/www.musikzeitung.ch\/wp-content\/uploads\/2023\/01\/1_2_crit_cd_Gasser-389x350.jpg 389w, https:\/\/www.musikzeitung.ch\/wp-content\/uploads\/2023\/01\/1_2_crit_cd_Gasser-890x800.jpg 890w, https:\/\/www.musikzeitung.ch\/wp-content\/uploads\/2023\/01\/1_2_crit_cd_Gasser-920x827.jpg 920w, https:\/\/www.musikzeitung.ch\/wp-content\/uploads\/2023\/01\/1_2_crit_cd_Gasser.jpg 950w\" sizes=\"auto, (max-width: 300px) 100vw, 300px\" \/><\/em><\/p>\n<p><em>Viola von Scarpatetti: \"Fais un pont\" (self-distribution)<\/em><em> <a href=\"http:\/\/www.violavonscarpatetti.com\">www.violavonscarpatetti.com<\/a><\/em><\/p>","protected":false},"excerpt":{"rendered":"<p>For once, Swiss actress Viola von Scarpatetti is not making a name for herself with a new film project, but with music. Her debut album \"Fais un pont\" offers twelve chansons of the relaxed kind.<\/p>","protected":false},"author":29,"featured_media":27258,"comment_status":"closed","ping_status":"closed","sticky":false,"template":"","format":"standard","meta":{"_acf_changed":false,"_relevanssi_hide_post":"","_relevanssi_hide_content":"","_relevanssi_pin_for_all":"","_relevanssi_pin_keywords":"","_relevanssi_unpin_keywords":"","_relevanssi_related_keywords":"","_relevanssi_related_include_ids":"","_relevanssi_related_exclude_ids":"","_relevanssi_related_no_append":"","_relevanssi_related_not_related":"","_relevanssi_related_posts":"","_relevanssi_noindex_reason":"","pgc_sgb_lightbox_settings":"","footnotes":""},"categories":[29,1420],"tags":[1614,1613,1612,1611],"class_list":["post-27250","post","type-post","status-publish","format-standard","has-post-thumbnail","hentry","category-rezensionen","category-tontraeger-rezensionen","tag-chanson","tag-fais-un-pont","tag-gasser","tag-scarpatetti"],"acf":[],"yoast_head":"<!-- This site is optimized with the Yoast SEO plugin v27.4 - https:\/\/yoast.com\/product\/yoast-seo-wordpress\/ -->\n<title>Mit zur\u00fcckhaltender Eleganz - Schweizer Musikzeitung<\/title>\n<meta name=\"robots\" content=\"index, follow, max-snippet:-1, max-image-preview:large, max-video-preview:-1\" \/>\n<link rel=\"canonical\" href=\"https:\/\/www.musikzeitung.ch\/en\/rezensionen\/tontraeger-rezensionen\/2023\/01\/mit-zurueckhaltender-eleganz\/\" \/>\n<meta property=\"og:locale\" content=\"en_US\" \/>\n<meta property=\"og:type\" content=\"article\" \/>\n<meta property=\"og:title\" content=\"Mit zur\u00fcckhaltender Eleganz - Schweizer Musikzeitung\" \/>\n<meta property=\"og:description\" content=\"F\u00fcr einmal macht die Schweizer Schauspielerin Viola von Scarpatetti nicht mit einem neuen Filmprojekt von sich reden, sondern mit Musik. Ihr Deb\u00fctalbum \u00abFais un pont\u00bb bietet zw\u00f6lf Chansons der entspannten Art.\" \/>\n<meta property=\"og:url\" content=\"https:\/\/www.musikzeitung.ch\/en\/rezensionen\/tontraeger-rezensionen\/2023\/01\/mit-zurueckhaltender-eleganz\/\" \/>\n<meta property=\"og:site_name\" content=\"Schweizer Musikzeitung\" \/>\n<meta property=\"article:publisher\" content=\"https:\/\/www.facebook.com\/SchweizerMusikzeitung\/\" \/>\n<meta property=\"article:published_time\" content=\"2023-01-18T17:03:24+00:00\" \/>\n<meta property=\"article:modified_time\" content=\"2023-01-19T13:45:18+00:00\" \/>\n<meta property=\"og:image\" content=\"https:\/\/www.musikzeitung.ch\/wp-content\/uploads\/2023\/01\/viola_von_scarpatetti_coverneu.png\" \/>\n\t<meta property=\"og:image:width\" content=\"1383\" \/>\n\t<meta property=\"og:image:height\" content=\"922\" \/>\n\t<meta property=\"og:image:type\" content=\"image\/png\" \/>\n<meta name=\"author\" content=\"pia.schwab\" \/>\n<meta name=\"twitter:card\" content=\"summary_large_image\" \/>\n<meta name=\"twitter:creator\" content=\"@smusikzeitung\" \/>\n<meta name=\"twitter:site\" content=\"@smusikzeitung\" \/>\n<meta name=\"twitter:label1\" content=\"Written by\" \/>\n\t<meta name=\"twitter:data1\" content=\"pia.schwab\" \/>\n\t<meta name=\"twitter:label2\" content=\"Est. reading time\" \/>\n\t<meta name=\"twitter:data2\" content=\"2 minutes\" \/>\n<script type=\"application\/ld+json\" class=\"yoast-schema-graph\">{\"@context\":\"https:\\\/\\\/schema.org\",\"@graph\":[{\"@type\":\"Article\",\"@id\":\"https:\\\/\\\/www.musikzeitung.ch\\\/rezensionen\\\/tontraeger-rezensionen\\\/2023\\\/01\\\/mit-zurueckhaltender-eleganz#article\",\"isPartOf\":{\"@id\":\"https:\\\/\\\/www.musikzeitung.ch\\\/rezensionen\\\/tontraeger-rezensionen\\\/2023\\\/01\\\/mit-zurueckhaltender-eleganz\"},\"author\":{\"name\":\"pia.schwab\",\"@id\":\"https:\\\/\\\/www.musikzeitung.ch\\\/#\\\/schema\\\/person\\\/ea3d7b86bd7157c78c7ddd37f2f82b5b\"},\"headline\":\"Mit zur\u00fcckhaltender Eleganz\",\"datePublished\":\"2023-01-18T17:03:24+00:00\",\"dateModified\":\"2023-01-19T13:45:18+00:00\",\"mainEntityOfPage\":{\"@id\":\"https:\\\/\\\/www.musikzeitung.ch\\\/rezensionen\\\/tontraeger-rezensionen\\\/2023\\\/01\\\/mit-zurueckhaltender-eleganz\"},\"wordCount\":314,\"publisher\":{\"@id\":\"https:\\\/\\\/www.musikzeitung.ch\\\/#organization\"},\"image\":{\"@id\":\"https:\\\/\\\/www.musikzeitung.ch\\\/rezensionen\\\/tontraeger-rezensionen\\\/2023\\\/01\\\/mit-zurueckhaltender-eleganz#primaryimage\"},\"thumbnailUrl\":\"https:\\\/\\\/www.musikzeitung.ch\\\/wp-content\\\/uploads\\\/2023\\\/01\\\/viola_von_scarpatetti_coverneu.png\",\"keywords\":[\"Chanson\",\"Fais un pont\",\"Gasser\",\"Scarpatetti\"],\"articleSection\":[\"Rezensionen\",\"Tontr\u00e4ger\"],\"inLanguage\":\"en-US\"},{\"@type\":\"WebPage\",\"@id\":\"https:\\\/\\\/www.musikzeitung.ch\\\/rezensionen\\\/tontraeger-rezensionen\\\/2023\\\/01\\\/mit-zurueckhaltender-eleganz\",\"url\":\"https:\\\/\\\/www.musikzeitung.ch\\\/rezensionen\\\/tontraeger-rezensionen\\\/2023\\\/01\\\/mit-zurueckhaltender-eleganz\",\"name\":\"Mit zur\u00fcckhaltender Eleganz - Schweizer Musikzeitung\",\"isPartOf\":{\"@id\":\"https:\\\/\\\/www.musikzeitung.ch\\\/#website\"},\"primaryImageOfPage\":{\"@id\":\"https:\\\/\\\/www.musikzeitung.ch\\\/rezensionen\\\/tontraeger-rezensionen\\\/2023\\\/01\\\/mit-zurueckhaltender-eleganz#primaryimage\"},\"image\":{\"@id\":\"https:\\\/\\\/www.musikzeitung.ch\\\/rezensionen\\\/tontraeger-rezensionen\\\/2023\\\/01\\\/mit-zurueckhaltender-eleganz#primaryimage\"},\"thumbnailUrl\":\"https:\\\/\\\/www.musikzeitung.ch\\\/wp-content\\\/uploads\\\/2023\\\/01\\\/viola_von_scarpatetti_coverneu.png\",\"datePublished\":\"2023-01-18T17:03:24+00:00\",\"dateModified\":\"2023-01-19T13:45:18+00:00\",\"breadcrumb\":{\"@id\":\"https:\\\/\\\/www.musikzeitung.ch\\\/rezensionen\\\/tontraeger-rezensionen\\\/2023\\\/01\\\/mit-zurueckhaltender-eleganz#breadcrumb\"},\"inLanguage\":\"en-US\",\"potentialAction\":[{\"@type\":\"ReadAction\",\"target\":[\"https:\\\/\\\/www.musikzeitung.ch\\\/rezensionen\\\/tontraeger-rezensionen\\\/2023\\\/01\\\/mit-zurueckhaltender-eleganz\"]}]},{\"@type\":\"ImageObject\",\"inLanguage\":\"en-US\",\"@id\":\"https:\\\/\\\/www.musikzeitung.ch\\\/rezensionen\\\/tontraeger-rezensionen\\\/2023\\\/01\\\/mit-zurueckhaltender-eleganz#primaryimage\",\"url\":\"https:\\\/\\\/www.musikzeitung.ch\\\/wp-content\\\/uploads\\\/2023\\\/01\\\/viola_von_scarpatetti_coverneu.png\",\"contentUrl\":\"https:\\\/\\\/www.musikzeitung.ch\\\/wp-content\\\/uploads\\\/2023\\\/01\\\/viola_von_scarpatetti_coverneu.png\",\"width\":1383,\"height\":922},{\"@type\":\"BreadcrumbList\",\"@id\":\"https:\\\/\\\/www.musikzeitung.ch\\\/rezensionen\\\/tontraeger-rezensionen\\\/2023\\\/01\\\/mit-zurueckhaltender-eleganz#breadcrumb\",\"itemListElement\":[{\"@type\":\"ListItem\",\"position\":1,\"name\":\"Home\",\"item\":\"https:\\\/\\\/www.musikzeitung.ch\\\/\"},{\"@type\":\"ListItem\",\"position\":2,\"name\":\"Mit zur\u00fcckhaltender Eleganz\"}]},{\"@type\":\"WebSite\",\"@id\":\"https:\\\/\\\/www.musikzeitung.ch\\\/#website\",\"url\":\"https:\\\/\\\/www.musikzeitung.ch\\\/\",\"name\":\"Schweizer Musikzeitung\",\"description\":\"Die f\u00fchrende sparten\u00fcbergreifende Monatszeitung in der Schweiz f\u00fcr musikalische Fragen.\",\"publisher\":{\"@id\":\"https:\\\/\\\/www.musikzeitung.ch\\\/#organization\"},\"potentialAction\":[{\"@type\":\"SearchAction\",\"target\":{\"@type\":\"EntryPoint\",\"urlTemplate\":\"https:\\\/\\\/www.musikzeitung.ch\\\/?s={search_term_string}\"},\"query-input\":{\"@type\":\"PropertyValueSpecification\",\"valueRequired\":true,\"valueName\":\"search_term_string\"}}],\"inLanguage\":\"en-US\"},{\"@type\":\"Organization\",\"@id\":\"https:\\\/\\\/www.musikzeitung.ch\\\/#organization\",\"name\":\"Schweizer Musikzeitung\",\"url\":\"https:\\\/\\\/www.musikzeitung.ch\\\/\",\"logo\":{\"@type\":\"ImageObject\",\"inLanguage\":\"en-US\",\"@id\":\"https:\\\/\\\/www.musikzeitung.ch\\\/#\\\/schema\\\/logo\\\/image\\\/\",\"url\":\"https:\\\/\\\/www.musikzeitung.ch\\\/wp-content\\\/uploads\\\/2023\\\/01\\\/SMZ_Schriftzug_Sprache.png\",\"contentUrl\":\"https:\\\/\\\/www.musikzeitung.ch\\\/wp-content\\\/uploads\\\/2023\\\/01\\\/SMZ_Schriftzug_Sprache.png\",\"width\":1400,\"height\":279,\"caption\":\"Schweizer Musikzeitung\"},\"image\":{\"@id\":\"https:\\\/\\\/www.musikzeitung.ch\\\/#\\\/schema\\\/logo\\\/image\\\/\"},\"sameAs\":[\"https:\\\/\\\/www.facebook.com\\\/SchweizerMusikzeitung\\\/\",\"https:\\\/\\\/x.com\\\/smusikzeitung\",\"https:\\\/\\\/www.instagram.com\\\/musikzeitung.ch\\\/\"]},{\"@type\":\"Person\",\"@id\":\"https:\\\/\\\/www.musikzeitung.ch\\\/#\\\/schema\\\/person\\\/ea3d7b86bd7157c78c7ddd37f2f82b5b\",\"name\":\"pia.schwab\",\"image\":{\"@type\":\"ImageObject\",\"inLanguage\":\"en-US\",\"@id\":\"https:\\\/\\\/secure.gravatar.com\\\/avatar\\\/d39d170de4c2d07e897fbc26cf9d890fc046285c742207b86d8ebabe5fcde2c4?s=96&d=mm&r=g\",\"url\":\"https:\\\/\\\/secure.gravatar.com\\\/avatar\\\/d39d170de4c2d07e897fbc26cf9d890fc046285c742207b86d8ebabe5fcde2c4?s=96&d=mm&r=g\",\"contentUrl\":\"https:\\\/\\\/secure.gravatar.com\\\/avatar\\\/d39d170de4c2d07e897fbc26cf9d890fc046285c742207b86d8ebabe5fcde2c4?s=96&d=mm&r=g\",\"caption\":\"pia.schwab\"},\"url\":\"https:\\\/\\\/www.musikzeitung.ch\\\/en\\\/author\\\/pia-schwab\"}]}<\/script>\n<!-- \/ Yoast SEO plugin. -->","yoast_head_json":{"title":"With restrained elegance - Schweizer Musikzeitung","robots":{"index":"index","follow":"follow","max-snippet":"max-snippet:-1","max-image-preview":"max-image-preview:large","max-video-preview":"max-video-preview:-1"},"canonical":"https:\/\/www.musikzeitung.ch\/en\/rezensionen\/tontraeger-rezensionen\/2023\/01\/mit-zurueckhaltender-eleganz\/","og_locale":"en_US","og_type":"article","og_title":"Mit zur\u00fcckhaltender Eleganz - Schweizer Musikzeitung","og_description":"F\u00fcr einmal macht die Schweizer Schauspielerin Viola von Scarpatetti nicht mit einem neuen Filmprojekt von sich reden, sondern mit Musik. Ihr Deb\u00fctalbum \u00abFais un pont\u00bb bietet zw\u00f6lf Chansons der entspannten Art.","og_url":"https:\/\/www.musikzeitung.ch\/en\/rezensionen\/tontraeger-rezensionen\/2023\/01\/mit-zurueckhaltender-eleganz\/","og_site_name":"Schweizer Musikzeitung","article_publisher":"https:\/\/www.facebook.com\/SchweizerMusikzeitung\/","article_published_time":"2023-01-18T17:03:24+00:00","article_modified_time":"2023-01-19T13:45:18+00:00","og_image":[{"width":1383,"height":922,"url":"https:\/\/www.musikzeitung.ch\/wp-content\/uploads\/2023\/01\/viola_von_scarpatetti_coverneu.png","type":"image\/png"}],"author":"pia.schwab","twitter_card":"summary_large_image","twitter_creator":"@smusikzeitung","twitter_site":"@smusikzeitung","twitter_misc":{"Written by":"pia.schwab","Est. reading time":"2 minutes"},"schema":{"@context":"https:\/\/schema.org","@graph":[{"@type":"Article","@id":"https:\/\/www.musikzeitung.ch\/rezensionen\/tontraeger-rezensionen\/2023\/01\/mit-zurueckhaltender-eleganz#article","isPartOf":{"@id":"https:\/\/www.musikzeitung.ch\/rezensionen\/tontraeger-rezensionen\/2023\/01\/mit-zurueckhaltender-eleganz"},"author":{"name":"pia.schwab","@id":"https:\/\/www.musikzeitung.ch\/#\/schema\/person\/ea3d7b86bd7157c78c7ddd37f2f82b5b"},"headline":"Mit zur\u00fcckhaltender Eleganz","datePublished":"2023-01-18T17:03:24+00:00","dateModified":"2023-01-19T13:45:18+00:00","mainEntityOfPage":{"@id":"https:\/\/www.musikzeitung.ch\/rezensionen\/tontraeger-rezensionen\/2023\/01\/mit-zurueckhaltender-eleganz"},"wordCount":314,"publisher":{"@id":"https:\/\/www.musikzeitung.ch\/#organization"},"image":{"@id":"https:\/\/www.musikzeitung.ch\/rezensionen\/tontraeger-rezensionen\/2023\/01\/mit-zurueckhaltender-eleganz#primaryimage"},"thumbnailUrl":"https:\/\/www.musikzeitung.ch\/wp-content\/uploads\/2023\/01\/viola_von_scarpatetti_coverneu.png","keywords":["Chanson","Fais un pont","Gasser","Scarpatetti"],"articleSection":["Rezensionen","Tontr\u00e4ger"],"inLanguage":"en-US"},{"@type":"WebPage","@id":"https:\/\/www.musikzeitung.ch\/rezensionen\/tontraeger-rezensionen\/2023\/01\/mit-zurueckhaltender-eleganz","url":"https:\/\/www.musikzeitung.ch\/rezensionen\/tontraeger-rezensionen\/2023\/01\/mit-zurueckhaltender-eleganz","name":"With restrained elegance - Schweizer Musikzeitung","isPartOf":{"@id":"https:\/\/www.musikzeitung.ch\/#website"},"primaryImageOfPage":{"@id":"https:\/\/www.musikzeitung.ch\/rezensionen\/tontraeger-rezensionen\/2023\/01\/mit-zurueckhaltender-eleganz#primaryimage"},"image":{"@id":"https:\/\/www.musikzeitung.ch\/rezensionen\/tontraeger-rezensionen\/2023\/01\/mit-zurueckhaltender-eleganz#primaryimage"},"thumbnailUrl":"https:\/\/www.musikzeitung.ch\/wp-content\/uploads\/2023\/01\/viola_von_scarpatetti_coverneu.png","datePublished":"2023-01-18T17:03:24+00:00","dateModified":"2023-01-19T13:45:18+00:00","breadcrumb":{"@id":"https:\/\/www.musikzeitung.ch\/rezensionen\/tontraeger-rezensionen\/2023\/01\/mit-zurueckhaltender-eleganz#breadcrumb"},"inLanguage":"en-US","potentialAction":[{"@type":"ReadAction","target":["https:\/\/www.musikzeitung.ch\/rezensionen\/tontraeger-rezensionen\/2023\/01\/mit-zurueckhaltender-eleganz"]}]},{"@type":"ImageObject","inLanguage":"en-US","@id":"https:\/\/www.musikzeitung.ch\/rezensionen\/tontraeger-rezensionen\/2023\/01\/mit-zurueckhaltender-eleganz#primaryimage","url":"https:\/\/www.musikzeitung.ch\/wp-content\/uploads\/2023\/01\/viola_von_scarpatetti_coverneu.png","contentUrl":"https:\/\/www.musikzeitung.ch\/wp-content\/uploads\/2023\/01\/viola_von_scarpatetti_coverneu.png","width":1383,"height":922},{"@type":"BreadcrumbList","@id":"https:\/\/www.musikzeitung.ch\/rezensionen\/tontraeger-rezensionen\/2023\/01\/mit-zurueckhaltender-eleganz#breadcrumb","itemListElement":[{"@type":"ListItem","position":1,"name":"Home","item":"https:\/\/www.musikzeitung.ch\/"},{"@type":"ListItem","position":2,"name":"Mit zur\u00fcckhaltender Eleganz"}]},{"@type":"WebSite","@id":"https:\/\/www.musikzeitung.ch\/#website","url":"https:\/\/www.musikzeitung.ch\/","name":"Swiss Music Newspaper","description":"The leading interdisciplinary monthly newspaper in Switzerland for musical issues.","publisher":{"@id":"https:\/\/www.musikzeitung.ch\/#organization"},"potentialAction":[{"@type":"SearchAction","target":{"@type":"EntryPoint","urlTemplate":"https:\/\/www.musikzeitung.ch\/?s={search_term_string}"},"query-input":{"@type":"PropertyValueSpecification","valueRequired":true,"valueName":"search_term_string"}}],"inLanguage":"en-US"},{"@type":"Organization","@id":"https:\/\/www.musikzeitung.ch\/#organization","name":"Swiss Music Newspaper","url":"https:\/\/www.musikzeitung.ch\/","logo":{"@type":"ImageObject","inLanguage":"en-US","@id":"https:\/\/www.musikzeitung.ch\/#\/schema\/logo\/image\/","url":"https:\/\/www.musikzeitung.ch\/wp-content\/uploads\/2023\/01\/SMZ_Schriftzug_Sprache.png","contentUrl":"https:\/\/www.musikzeitung.ch\/wp-content\/uploads\/2023\/01\/SMZ_Schriftzug_Sprache.png","width":1400,"height":279,"caption":"Schweizer Musikzeitung"},"image":{"@id":"https:\/\/www.musikzeitung.ch\/#\/schema\/logo\/image\/"},"sameAs":["https:\/\/www.facebook.com\/SchweizerMusikzeitung\/","https:\/\/x.com\/smusikzeitung","https:\/\/www.instagram.com\/musikzeitung.ch\/"]},{"@type":"Person","@id":"https:\/\/www.musikzeitung.ch\/#\/schema\/person\/ea3d7b86bd7157c78c7ddd37f2f82b5b","name":"pia.schwab","image":{"@type":"ImageObject","inLanguage":"en-US","@id":"https:\/\/secure.gravatar.com\/avatar\/d39d170de4c2d07e897fbc26cf9d890fc046285c742207b86d8ebabe5fcde2c4?s=96&d=mm&r=g","url":"https:\/\/secure.gravatar.com\/avatar\/d39d170de4c2d07e897fbc26cf9d890fc046285c742207b86d8ebabe5fcde2c4?s=96&d=mm&r=g","contentUrl":"https:\/\/secure.gravatar.com\/avatar\/d39d170de4c2d07e897fbc26cf9d890fc046285c742207b86d8ebabe5fcde2c4?s=96&d=mm&r=g","caption":"pia.schwab"},"url":"https:\/\/www.musikzeitung.ch\/en\/author\/pia-schwab"}]}},"publishpress_future_workflow_manual_trigger":{"enabledWorkflows":[]},"_links":{"self":[{"href":"https:\/\/www.musikzeitung.ch\/en\/wp-json\/wp\/v2\/posts\/27250","targetHints":{"allow":["GET"]}}],"collection":[{"href":"https:\/\/www.musikzeitung.ch\/en\/wp-json\/wp\/v2\/posts"}],"about":[{"href":"https:\/\/www.musikzeitung.ch\/en\/wp-json\/wp\/v2\/types\/post"}],"author":[{"embeddable":true,"href":"https:\/\/www.musikzeitung.ch\/en\/wp-json\/wp\/v2\/users\/29"}],"replies":[{"embeddable":true,"href":"https:\/\/www.musikzeitung.ch\/en\/wp-json\/wp\/v2\/comments?post=27250"}],"version-history":[{"count":5,"href":"https:\/\/www.musikzeitung.ch\/en\/wp-json\/wp\/v2\/posts\/27250\/revisions"}],"predecessor-version":[{"id":27259,"href":"https:\/\/www.musikzeitung.ch\/en\/wp-json\/wp\/v2\/posts\/27250\/revisions\/27259"}],"wp:featuredmedia":[{"embeddable":true,"href":"https:\/\/www.musikzeitung.ch\/en\/wp-json\/wp\/v2\/media\/27258"}],"wp:attachment":[{"href":"https:\/\/www.musikzeitung.ch\/en\/wp-json\/wp\/v2\/media?parent=27250"}],"wp:term":[{"taxonomy":"category","embeddable":true,"href":"https:\/\/www.musikzeitung.ch\/en\/wp-json\/wp\/v2\/categories?post=27250"},{"taxonomy":"post_tag","embeddable":true,"href":"https:\/\/www.musikzeitung.ch\/en\/wp-json\/wp\/v2\/tags?post=27250"}],"curies":[{"name":"wp","href":"https:\/\/api.w.org\/{rel}","templated":true}]}}