{"id":3379,"date":"2016-02-03T00:00:00","date_gmt":"2016-02-02T23:00:00","guid":{"rendered":"https:\/\/www.musikzeitung.ch\/allgemein\/gemalte-musik\/"},"modified":"2016-02-03T00:00:00","modified_gmt":"2016-02-02T23:00:00","slug":"gemalte-musik","status":"publish","type":"post","link":"https:\/\/www.musikzeitung.ch\/en\/service\/2016\/02\/gemalte-musik","title":{"rendered":"Painted music"},"content":{"rendered":"<figure style=\"width: 1200px\" class=\"wp-caption alignnone\"><img decoding=\"async\" class=\"size-full\" src=\"https:\/\/www.musikzeitung.ch\/wp-content\/uploads\/2023\/01\/image.jpg\" alt=\"\" \/><figcaption class=\"wp-caption-text\">Exhibition view. Photo: Timo Ullmann,SMPV<\/figcaption><\/figure>\n<div class='text-section'>\n<p>The works of Swiss-born Camille Graeser (1892-1980) sometimes appear strictly geometric, sometimes as a dancing structure of moving pictorial elements. With the exhibition <em>Camille Graeser and the music<\/em> focuses on an important aspect of the artist's work that has been little researched to date: Camille Graeser's relationship to music. The exhibition focuses on the 'Loxodromic Compositions'1 created between 1946 and 1955. The approximately 70-part group of works shows the influence that musical rhythms and sound patterns had on Camille Graeser's artistic work.<\/p>\n<p>Born in Carouge near Geneva, Camille Graeser (1892-1980) is considered an important pioneer of constructivist-concrete art in the post-war period. In 1933, he emigrated from Stuttgart to Zurich, where, as a former furniture designer, graphic artist and interior designer, he devoted himself entirely to the visual arts. As a concrete artist, Camille Graeser cultivated a sober formal language that dispensed with narrative content. In contrast to his companions Max Bill and Richard Paul Lohse, who pursued a strictly theoretical approach, Graeser chose a freer and more poetic approach, comparing the creation of images to the virtuoso composition of music. He made his first reflections on the analogy between art and music in Adolf H\u00f6lzel's lectures at the Academy of Fine Arts in Stuttgart. Furthermore, Johann Sebastian Bach's <em>Art of the fugue<\/em>The free tonality of Paul Hindemith, as well as Arnold Sch\u00f6nberg's twelve-tone technique, inspired him to rethink concrete art compositionally.<\/p>\n<p>Between 1946 and 1955, the group of works of the<em> Loxodromic compositions<\/em>. In them, geometric shapes, rhythmic angular and bar constructions combine to form dynamic compositions. Titles like <em>Symphony of color <\/em>or <em>Delicate joint in red-green-black <\/em>illustrate the reference to music. For his virtuoso handling of color, form and material, Graeser draws not least on his media-rich experience as an interior designer, furniture designer and commercial artist.<\/p>\n<\/div>\n<div class='text-section'>\n<dl class='picture media photo large'>\n<dt>          <img class='media photo large' src='https:\/\/www.musikzeitung.ch\/wp-content\/uploads\/2023\/01\/image2.jpg' alt='Image '><\/dt>\n<dd class='caption'>Camille Graeser, Symphony of Color, 1946\/50<\/dd>\n<dd class='longdesc'>Camille Graeser Foundation, Zurich. Photo: \u00a9 Camille Graeser Foundation, Zurich \/ ProLitteris, Zurich<\/dd>\n<\/dl>\n<\/div>\n<div class='text-section'>\n<p>The exhibition <em>Camille Graeser and the music<\/em>, January 30 to April 10, 2016, is a collaboration between the Camille Graeser Foundation, the Kunstmuseum Stuttgart and the Aargauer Kunsthaus. Around 70 paintings, drawings and conceptual sketches are on display.<\/p>\n<p>\u00a0<\/p>\n<\/div>\n<div>\n<blockquote class='text-section'>\n<p><strong>As a reader of the <em>Swiss Music Newspaper<\/em> free admission to the exhibition by Camille Graeser!<\/strong><\/p>","protected":false},"excerpt":{"rendered":"<p><strong>The exhibition in Aarau focuses on the relationship between the constructive-concrete artist Camille Graeser and music. It will be on display from January 30 to April 10, 2016 and will be accompanied by musical events. <\/strong><\/p>","protected":false},"author":1,"featured_media":3380,"comment_status":"open","ping_status":"open","sticky":false,"template":"","format":"standard","meta":{"_acf_changed":false,"_relevanssi_hide_post":"","_relevanssi_hide_content":"","_relevanssi_pin_for_all":"","_relevanssi_pin_keywords":"","_relevanssi_unpin_keywords":"","_relevanssi_related_keywords":"","_relevanssi_related_include_ids":"","_relevanssi_related_exclude_ids":"","_relevanssi_related_no_append":"","_relevanssi_related_not_related":"","_relevanssi_related_posts":"","_relevanssi_noindex_reason":"","pgc_sgb_lightbox_settings":"","footnotes":""},"categories":[30],"tags":[],"class_list":["post-3379","post","type-post","status-publish","format-standard","has-post-thumbnail","hentry","category-service"],"acf":{"author":""},"yoast_head":"<!-- This site is optimized with the Yoast SEO plugin v28.4 - https:\/\/yoast.com\/product\/yoast-seo-wordpress\/ -->\n<title>Gemalte Musik - Schweizer Musikzeitung<\/title>\n<meta name=\"robots\" content=\"index, follow, max-snippet:-1, max-image-preview:large, max-video-preview:-1\" \/>\n<link rel=\"canonical\" href=\"https:\/\/www.musikzeitung.ch\/en\/service\/2016\/02\/gemalte-musik\/\" \/>\n<meta property=\"og:locale\" content=\"en_US\" \/>\n<meta property=\"og:type\" content=\"article\" \/>\n<meta property=\"og:title\" content=\"Gemalte Musik - Schweizer Musikzeitung\" \/>\n<meta property=\"og:description\" content=\"Die Ausstellung in Aarau stellt das Verh\u00e4ltnis des konstruktiv-konkreten K\u00fcnstlers Camille Graeser zur Musik ins Zentrum. Sie ist vom 30. Januar bis 10. April 2016 zu sehen und wird von musikalischen Veranstaltungen umrahmt.\" \/>\n<meta property=\"og:url\" content=\"https:\/\/www.musikzeitung.ch\/en\/service\/2016\/02\/gemalte-musik\/\" \/>\n<meta property=\"og:site_name\" content=\"Schweizer Musikzeitung\" \/>\n<meta property=\"article:publisher\" content=\"https:\/\/www.facebook.com\/SchweizerMusikzeitung\/\" \/>\n<meta property=\"article:published_time\" content=\"2016-02-02T23:00:00+00:00\" \/>\n<meta property=\"og:image\" content=\"https:\/\/www.musikzeitung.ch\/wp-content\/uploads\/2023\/01\/image.jpg\" \/>\n\t<meta property=\"og:image:width\" content=\"554\" \/>\n\t<meta property=\"og:image:height\" content=\"369\" \/>\n\t<meta property=\"og:image:type\" content=\"image\/jpeg\" \/>\n<meta name=\"author\" content=\"Musikzeitung-Redaktion\" \/>\n<meta name=\"twitter:card\" content=\"summary_large_image\" \/>\n<meta name=\"twitter:creator\" content=\"@smusikzeitung\" \/>\n<meta name=\"twitter:site\" content=\"@smusikzeitung\" \/>\n<meta name=\"twitter:label1\" content=\"Written by\" \/>\n\t<meta name=\"twitter:data1\" content=\"Musikzeitung-Redaktion\" \/>\n\t<meta name=\"twitter:label2\" content=\"Est. reading time\" \/>\n\t<meta name=\"twitter:data2\" content=\"2 minutes\" \/>\n<script type=\"application\/ld+json\" class=\"yoast-schema-graph\">{\"@context\":\"https:\\\/\\\/schema.org\",\"@graph\":[{\"@type\":\"Article\",\"@id\":\"https:\\\/\\\/www.musikzeitung.ch\\\/service\\\/2016\\\/02\\\/gemalte-musik#article\",\"isPartOf\":{\"@id\":\"https:\\\/\\\/www.musikzeitung.ch\\\/service\\\/2016\\\/02\\\/gemalte-musik\"},\"author\":{\"name\":\"Musikzeitung-Redaktion\",\"@id\":\"https:\\\/\\\/www.musikzeitung.ch\\\/#\\\/schema\\\/person\\\/b2fd892c800856270b9dcc6001265712\"},\"headline\":\"Gemalte Musik\",\"datePublished\":\"2016-02-02T23:00:00+00:00\",\"mainEntityOfPage\":{\"@id\":\"https:\\\/\\\/www.musikzeitung.ch\\\/service\\\/2016\\\/02\\\/gemalte-musik\"},\"wordCount\":382,\"commentCount\":0,\"publisher\":{\"@id\":\"https:\\\/\\\/www.musikzeitung.ch\\\/#organization\"},\"image\":{\"@id\":\"https:\\\/\\\/www.musikzeitung.ch\\\/service\\\/2016\\\/02\\\/gemalte-musik#primaryimage\"},\"thumbnailUrl\":\"https:\\\/\\\/www.musikzeitung.ch\\\/wp-content\\\/uploads\\\/2023\\\/01\\\/image.jpg\",\"articleSection\":[\"Service\"],\"inLanguage\":\"en-US\"},{\"@type\":\"WebPage\",\"@id\":\"https:\\\/\\\/www.musikzeitung.ch\\\/service\\\/2016\\\/02\\\/gemalte-musik\",\"url\":\"https:\\\/\\\/www.musikzeitung.ch\\\/service\\\/2016\\\/02\\\/gemalte-musik\",\"name\":\"Gemalte Musik - Schweizer Musikzeitung\",\"isPartOf\":{\"@id\":\"https:\\\/\\\/www.musikzeitung.ch\\\/#website\"},\"primaryImageOfPage\":{\"@id\":\"https:\\\/\\\/www.musikzeitung.ch\\\/service\\\/2016\\\/02\\\/gemalte-musik#primaryimage\"},\"image\":{\"@id\":\"https:\\\/\\\/www.musikzeitung.ch\\\/service\\\/2016\\\/02\\\/gemalte-musik#primaryimage\"},\"thumbnailUrl\":\"https:\\\/\\\/www.musikzeitung.ch\\\/wp-content\\\/uploads\\\/2023\\\/01\\\/image.jpg\",\"datePublished\":\"2016-02-02T23:00:00+00:00\",\"breadcrumb\":{\"@id\":\"https:\\\/\\\/www.musikzeitung.ch\\\/service\\\/2016\\\/02\\\/gemalte-musik#breadcrumb\"},\"inLanguage\":\"en-US\",\"potentialAction\":[{\"@type\":\"ReadAction\",\"target\":[\"https:\\\/\\\/www.musikzeitung.ch\\\/service\\\/2016\\\/02\\\/gemalte-musik\"]}]},{\"@type\":\"ImageObject\",\"inLanguage\":\"en-US\",\"@id\":\"https:\\\/\\\/www.musikzeitung.ch\\\/service\\\/2016\\\/02\\\/gemalte-musik#primaryimage\",\"url\":\"https:\\\/\\\/www.musikzeitung.ch\\\/wp-content\\\/uploads\\\/2023\\\/01\\\/image.jpg\",\"contentUrl\":\"https:\\\/\\\/www.musikzeitung.ch\\\/wp-content\\\/uploads\\\/2023\\\/01\\\/image.jpg\",\"width\":554,\"height\":369},{\"@type\":\"BreadcrumbList\",\"@id\":\"https:\\\/\\\/www.musikzeitung.ch\\\/service\\\/2016\\\/02\\\/gemalte-musik#breadcrumb\",\"itemListElement\":[{\"@type\":\"ListItem\",\"position\":1,\"name\":\"Home\",\"item\":\"https:\\\/\\\/www.musikzeitung.ch\\\/\"},{\"@type\":\"ListItem\",\"position\":2,\"name\":\"Gemalte Musik\"}]},{\"@type\":\"WebSite\",\"@id\":\"https:\\\/\\\/www.musikzeitung.ch\\\/#website\",\"url\":\"https:\\\/\\\/www.musikzeitung.ch\\\/\",\"name\":\"Schweizer Musikzeitung\",\"description\":\"Die f\u00fchrende sparten\u00fcbergreifende Monatszeitung in der Schweiz f\u00fcr musikalische Fragen.\",\"publisher\":{\"@id\":\"https:\\\/\\\/www.musikzeitung.ch\\\/#organization\"},\"potentialAction\":[{\"@type\":\"SearchAction\",\"target\":{\"@type\":\"EntryPoint\",\"urlTemplate\":\"https:\\\/\\\/www.musikzeitung.ch\\\/?s={search_term_string}\"},\"query-input\":{\"@type\":\"PropertyValueSpecification\",\"valueRequired\":true,\"valueName\":\"search_term_string\"}}],\"inLanguage\":\"en-US\"},{\"@type\":\"Organization\",\"@id\":\"https:\\\/\\\/www.musikzeitung.ch\\\/#organization\",\"name\":\"Schweizer Musikzeitung\",\"url\":\"https:\\\/\\\/www.musikzeitung.ch\\\/\",\"logo\":{\"@type\":\"ImageObject\",\"inLanguage\":\"en-US\",\"@id\":\"https:\\\/\\\/www.musikzeitung.ch\\\/#\\\/schema\\\/logo\\\/image\\\/\",\"url\":\"https:\\\/\\\/www.musikzeitung.ch\\\/wp-content\\\/uploads\\\/2023\\\/01\\\/SMZ_Schriftzug_Sprache.png\",\"contentUrl\":\"https:\\\/\\\/www.musikzeitung.ch\\\/wp-content\\\/uploads\\\/2023\\\/01\\\/SMZ_Schriftzug_Sprache.png\",\"width\":1400,\"height\":279,\"caption\":\"Schweizer Musikzeitung\"},\"image\":{\"@id\":\"https:\\\/\\\/www.musikzeitung.ch\\\/#\\\/schema\\\/logo\\\/image\\\/\"},\"sameAs\":[\"https:\\\/\\\/www.facebook.com\\\/SchweizerMusikzeitung\\\/\",\"https:\\\/\\\/x.com\\\/smusikzeitung\",\"https:\\\/\\\/www.instagram.com\\\/musikzeitung.ch\\\/\"]},{\"@type\":\"Person\",\"@id\":\"https:\\\/\\\/www.musikzeitung.ch\\\/#\\\/schema\\\/person\\\/b2fd892c800856270b9dcc6001265712\",\"name\":\"Musikzeitung-Redaktion\",\"image\":{\"@type\":\"ImageObject\",\"inLanguage\":\"en-US\",\"@id\":\"https:\\\/\\\/www.musikzeitung.ch\\\/wp-content\\\/uploads\\\/2022\\\/05\\\/usericon_musikzeitung-96x96.jpg\",\"url\":\"https:\\\/\\\/www.musikzeitung.ch\\\/wp-content\\\/uploads\\\/2022\\\/05\\\/usericon_musikzeitung-96x96.jpg\",\"contentUrl\":\"https:\\\/\\\/www.musikzeitung.ch\\\/wp-content\\\/uploads\\\/2022\\\/05\\\/usericon_musikzeitung-96x96.jpg\",\"caption\":\"Musikzeitung-Redaktion\"},\"url\":\"https:\\\/\\\/www.musikzeitung.ch\\\/en\\\/author\\\/admin\"}]}<\/script>\n<!-- \/ Yoast SEO plugin. -->","yoast_head_json":{"title":"Painted music - Schweizer Musikzeitung","robots":{"index":"index","follow":"follow","max-snippet":"max-snippet:-1","max-image-preview":"max-image-preview:large","max-video-preview":"max-video-preview:-1"},"canonical":"https:\/\/www.musikzeitung.ch\/en\/service\/2016\/02\/gemalte-musik\/","og_locale":"en_US","og_type":"article","og_title":"Gemalte Musik - Schweizer Musikzeitung","og_description":"Die Ausstellung in Aarau stellt das Verh\u00e4ltnis des konstruktiv-konkreten K\u00fcnstlers Camille Graeser zur Musik ins Zentrum. Sie ist vom 30. Januar bis 10. April 2016 zu sehen und wird von musikalischen Veranstaltungen umrahmt.","og_url":"https:\/\/www.musikzeitung.ch\/en\/service\/2016\/02\/gemalte-musik\/","og_site_name":"Schweizer Musikzeitung","article_publisher":"https:\/\/www.facebook.com\/SchweizerMusikzeitung\/","article_published_time":"2016-02-02T23:00:00+00:00","og_image":[{"width":554,"height":369,"url":"https:\/\/www.musikzeitung.ch\/wp-content\/uploads\/2023\/01\/image.jpg","type":"image\/jpeg"}],"author":"Musikzeitung-Redaktion","twitter_card":"summary_large_image","twitter_creator":"@smusikzeitung","twitter_site":"@smusikzeitung","twitter_misc":{"Written by":"Musikzeitung-Redaktion","Est. reading time":"2 minutes"},"schema":{"@context":"https:\/\/schema.org","@graph":[{"@type":"Article","@id":"https:\/\/www.musikzeitung.ch\/service\/2016\/02\/gemalte-musik#article","isPartOf":{"@id":"https:\/\/www.musikzeitung.ch\/service\/2016\/02\/gemalte-musik"},"author":{"name":"Musikzeitung-Redaktion","@id":"https:\/\/www.musikzeitung.ch\/#\/schema\/person\/b2fd892c800856270b9dcc6001265712"},"headline":"Gemalte Musik","datePublished":"2016-02-02T23:00:00+00:00","mainEntityOfPage":{"@id":"https:\/\/www.musikzeitung.ch\/service\/2016\/02\/gemalte-musik"},"wordCount":382,"commentCount":0,"publisher":{"@id":"https:\/\/www.musikzeitung.ch\/#organization"},"image":{"@id":"https:\/\/www.musikzeitung.ch\/service\/2016\/02\/gemalte-musik#primaryimage"},"thumbnailUrl":"https:\/\/www.musikzeitung.ch\/wp-content\/uploads\/2023\/01\/image.jpg","articleSection":["Service"],"inLanguage":"en-US"},{"@type":"WebPage","@id":"https:\/\/www.musikzeitung.ch\/service\/2016\/02\/gemalte-musik","url":"https:\/\/www.musikzeitung.ch\/service\/2016\/02\/gemalte-musik","name":"Painted music - Schweizer Musikzeitung","isPartOf":{"@id":"https:\/\/www.musikzeitung.ch\/#website"},"primaryImageOfPage":{"@id":"https:\/\/www.musikzeitung.ch\/service\/2016\/02\/gemalte-musik#primaryimage"},"image":{"@id":"https:\/\/www.musikzeitung.ch\/service\/2016\/02\/gemalte-musik#primaryimage"},"thumbnailUrl":"https:\/\/www.musikzeitung.ch\/wp-content\/uploads\/2023\/01\/image.jpg","datePublished":"2016-02-02T23:00:00+00:00","breadcrumb":{"@id":"https:\/\/www.musikzeitung.ch\/service\/2016\/02\/gemalte-musik#breadcrumb"},"inLanguage":"en-US","potentialAction":[{"@type":"ReadAction","target":["https:\/\/www.musikzeitung.ch\/service\/2016\/02\/gemalte-musik"]}]},{"@type":"ImageObject","inLanguage":"en-US","@id":"https:\/\/www.musikzeitung.ch\/service\/2016\/02\/gemalte-musik#primaryimage","url":"https:\/\/www.musikzeitung.ch\/wp-content\/uploads\/2023\/01\/image.jpg","contentUrl":"https:\/\/www.musikzeitung.ch\/wp-content\/uploads\/2023\/01\/image.jpg","width":554,"height":369},{"@type":"BreadcrumbList","@id":"https:\/\/www.musikzeitung.ch\/service\/2016\/02\/gemalte-musik#breadcrumb","itemListElement":[{"@type":"ListItem","position":1,"name":"Home","item":"https:\/\/www.musikzeitung.ch\/"},{"@type":"ListItem","position":2,"name":"Gemalte Musik"}]},{"@type":"WebSite","@id":"https:\/\/www.musikzeitung.ch\/#website","url":"https:\/\/www.musikzeitung.ch\/","name":"Swiss Music Newspaper","description":"The leading interdisciplinary monthly newspaper in Switzerland for musical issues.","publisher":{"@id":"https:\/\/www.musikzeitung.ch\/#organization"},"potentialAction":[{"@type":"SearchAction","target":{"@type":"EntryPoint","urlTemplate":"https:\/\/www.musikzeitung.ch\/?s={search_term_string}"},"query-input":{"@type":"PropertyValueSpecification","valueRequired":true,"valueName":"search_term_string"}}],"inLanguage":"en-US"},{"@type":"Organization","@id":"https:\/\/www.musikzeitung.ch\/#organization","name":"Swiss Music Newspaper","url":"https:\/\/www.musikzeitung.ch\/","logo":{"@type":"ImageObject","inLanguage":"en-US","@id":"https:\/\/www.musikzeitung.ch\/#\/schema\/logo\/image\/","url":"https:\/\/www.musikzeitung.ch\/wp-content\/uploads\/2023\/01\/SMZ_Schriftzug_Sprache.png","contentUrl":"https:\/\/www.musikzeitung.ch\/wp-content\/uploads\/2023\/01\/SMZ_Schriftzug_Sprache.png","width":1400,"height":279,"caption":"Schweizer Musikzeitung"},"image":{"@id":"https:\/\/www.musikzeitung.ch\/#\/schema\/logo\/image\/"},"sameAs":["https:\/\/www.facebook.com\/SchweizerMusikzeitung\/","https:\/\/x.com\/smusikzeitung","https:\/\/www.instagram.com\/musikzeitung.ch\/"]},{"@type":"Person","@id":"https:\/\/www.musikzeitung.ch\/#\/schema\/person\/b2fd892c800856270b9dcc6001265712","name":"Music newspaper editorial office","image":{"@type":"ImageObject","inLanguage":"en-US","@id":"https:\/\/www.musikzeitung.ch\/wp-content\/uploads\/2022\/05\/usericon_musikzeitung-96x96.jpg","url":"https:\/\/www.musikzeitung.ch\/wp-content\/uploads\/2022\/05\/usericon_musikzeitung-96x96.jpg","contentUrl":"https:\/\/www.musikzeitung.ch\/wp-content\/uploads\/2022\/05\/usericon_musikzeitung-96x96.jpg","caption":"Musikzeitung-Redaktion"},"url":"https:\/\/www.musikzeitung.ch\/en\/author\/admin"}]}},"publishpress_future_workflow_manual_trigger":{"enabledWorkflows":[]},"_links":{"self":[{"href":"https:\/\/www.musikzeitung.ch\/en\/wp-json\/wp\/v2\/posts\/3379","targetHints":{"allow":["GET"]}}],"collection":[{"href":"https:\/\/www.musikzeitung.ch\/en\/wp-json\/wp\/v2\/posts"}],"about":[{"href":"https:\/\/www.musikzeitung.ch\/en\/wp-json\/wp\/v2\/types\/post"}],"author":[{"embeddable":true,"href":"https:\/\/www.musikzeitung.ch\/en\/wp-json\/wp\/v2\/users\/1"}],"replies":[{"embeddable":true,"href":"https:\/\/www.musikzeitung.ch\/en\/wp-json\/wp\/v2\/comments?post=3379"}],"version-history":[{"count":0,"href":"https:\/\/www.musikzeitung.ch\/en\/wp-json\/wp\/v2\/posts\/3379\/revisions"}],"wp:featuredmedia":[{"embeddable":true,"href":"https:\/\/www.musikzeitung.ch\/en\/wp-json\/wp\/v2\/media\/3380"}],"wp:attachment":[{"href":"https:\/\/www.musikzeitung.ch\/en\/wp-json\/wp\/v2\/media?parent=3379"}],"wp:term":[{"taxonomy":"category","embeddable":true,"href":"https:\/\/www.musikzeitung.ch\/en\/wp-json\/wp\/v2\/categories?post=3379"},{"taxonomy":"post_tag","embeddable":true,"href":"https:\/\/www.musikzeitung.ch\/en\/wp-json\/wp\/v2\/tags?post=3379"}],"curies":[{"name":"wp","href":"https:\/\/api.w.org\/{rel}","templated":true}]}}