{"id":39683,"date":"2022-06-29T14:58:10","date_gmt":"2022-06-29T12:58:10","guid":{"rendered":"https:\/\/www.musikzeitung.ch\/?p=39683"},"modified":"2023-03-10T17:05:20","modified_gmt":"2023-03-10T16:05:20","slug":"rueckschau-auf-ein-fruchtbares-leben","status":"publish","type":"post","link":"https:\/\/www.musikzeitung.ch\/en\/rezensionen\/filme\/2022\/06\/rueckschau-auf-ein-fruchtbares-leben","title":{"rendered":"Looking back on a fruitful life"},"content":{"rendered":"<div class=\"text-section\">\n<figure id=\"attachment_39684\" aria-describedby=\"caption-attachment-39684\" style=\"width: 908px\" class=\"wp-caption alignnone\"><img loading=\"lazy\" decoding=\"async\" class=\"wp-image-39684\" src=\"https:\/\/www.musikzeitung.ch\/wp-content\/uploads\/2023\/01\/IMG_3751.jpg\" alt=\"R\u00fcckschau auf ein fruchtbares Leben\" width=\"908\" height=\"680\" srcset=\"https:\/\/www.musikzeitung.ch\/wp-content\/uploads\/2023\/01\/IMG_3751.jpg 554w, https:\/\/www.musikzeitung.ch\/wp-content\/uploads\/2023\/01\/IMG_3751-300x225.jpg 300w, https:\/\/www.musikzeitung.ch\/wp-content\/uploads\/2023\/01\/IMG_3751-234x175.jpg 234w, https:\/\/www.musikzeitung.ch\/wp-content\/uploads\/2023\/01\/IMG_3751-467x350.jpg 467w\" sizes=\"auto, (max-width: 908px) 100vw, 908px\" \/><figcaption id=\"caption-attachment-39684\" class=\"wp-caption-text\">Hans Zender 2018 Photo: Max Nyffeler<\/figcaption><\/figure>\n<p>At his retirement home above Lake Constance, Hans Zender looks back on his life and gives an insight into his thinking: an educated and versatile artist who, as a conductor and composer, stimulated German musical life for half a century. His work coincided with the golden age of ARD radio, when contemporary music was given broad scope and corresponding production capacities. Zender made particular use of this during his thirteen years as chief conductor of the Saarbr\u00fccken Radio Symphony Orchestra (1971-1984). He did this not so much for his own benefit as for that of fellow composers such as Helmut Lachenmann, who speaks at length in this film portrait and attests to Zender's superior art of orchestration among many other things. Zender's creative and post-creative activities stimulated each other. In Gustav Mahler's scores, for example, he knew how to make audible a modernity of sound that is usually drowned out by philharmonic opulence. Although composing was always central to Zender's self-image, for a long time it stood in the shadow of his activities as a conductor. Perhaps not coincidentally, it was only with his arrangement of a classic, Schubert's\u00a0<em>Winter journey<\/em>a global success.<\/p>\n<p>The film by Reiner E. Moritz illustrates Zender's work with many concert and rehearsal excerpts, which show a musician who is still a lively and inspiring performer, even at an advanced age. The central theme is formed by Zender's statements from an interview conducted over several days by Max Nyffeler in 2018 with the retiree, who was visibly in poor health. The film has thus become a swan song, not only to a historically unique phase of musical culture, but also to Hans Zender himself, who died on October 23, 2019.<\/p>\n<\/div>\n<div class=\"text-section\">\n<dl class=\"picture media photo\">\n<dt><img decoding=\"async\" class=\"media photo\" src=\"https:\/\/www.musikzeitung.ch\/.imaging\/stk\/musikzeitung\/article-image-left\/website\/de\/rezensionen\/filme\/2021\/zender\/content\/01\/imageBinary\/07_crit_dvd_Keller.jpeg\" alt=\"Image \" \/><\/dt>\n<\/dl>\n<\/div>\n<div class=\"text-section\">\n<p><em>Hans Zender - Thinking with your senses. A film by Reiner E. Moritz. Incl. Debussy's \"La Mer\", Rundfunk-Sinfonieorchester Saarbr\u00fccken, conducted by Hans Zender, 1975. Arthaus Music DVD, EAN 4058407094388<\/em><\/p>\n<\/div>","protected":false},"excerpt":{"rendered":"<p>Max Nyffeler's conversations with Hans Zender are complemented by a recording of Debussy's \"La Mer\" from 1975, with Zender conducting the Saarbr\u00fccken Radio Symphony Orchestra.<\/p>","protected":false},"author":1,"featured_media":39684,"comment_status":"closed","ping_status":"closed","sticky":false,"template":"","format":"standard","meta":{"_acf_changed":false,"_relevanssi_hide_post":"","_relevanssi_hide_content":"","_relevanssi_pin_for_all":"","_relevanssi_pin_keywords":"","_relevanssi_unpin_keywords":"","_relevanssi_related_keywords":"","_relevanssi_related_include_ids":"","_relevanssi_related_exclude_ids":"","_relevanssi_related_no_append":"","_relevanssi_related_not_related":"","_relevanssi_related_posts":"","_relevanssi_noindex_reason":"","pgc_sgb_lightbox_settings":"","footnotes":""},"categories":[1620,29],"tags":[1713,1714,1710,1711,1712],"class_list":["post-39683","post","type-post","status-publish","format-standard","has-post-thumbnail","hentry","category-filme","category-rezensionen","tag-film","tag-gespraeche","tag-keller","tag-nyffeler","tag-zender"],"acf":[],"yoast_head":"<!-- This site is optimized with the Yoast SEO plugin v27.4 - https:\/\/yoast.com\/product\/yoast-seo-wordpress\/ -->\n<title>R\u00fcckschau auf ein fruchtbares Leben - Schweizer Musikzeitung<\/title>\n<meta name=\"description\" content=\"Die Gespr\u00e4che, die Max Nyffeler mit Hans Zender gef\u00fchrt hat, werden erg\u00e4nzt durch eine Aufnahme von Debussys \u00abLa Mer\u00bb aus dem Jahr 1975.\" \/>\n<meta name=\"robots\" content=\"index, follow, max-snippet:-1, max-image-preview:large, max-video-preview:-1\" \/>\n<link rel=\"canonical\" href=\"https:\/\/www.musikzeitung.ch\/en\/rezensionen\/2022\/06\/rueckschau-auf-ein-fruchtbares-leben\/\" \/>\n<meta property=\"og:locale\" content=\"en_US\" \/>\n<meta property=\"og:type\" content=\"article\" \/>\n<meta property=\"og:title\" content=\"R\u00fcckschau auf ein fruchtbares Leben - Schweizer Musikzeitung\" \/>\n<meta property=\"og:description\" content=\"Die Gespr\u00e4che, die Max Nyffeler mit Hans Zender gef\u00fchrt hat, werden erg\u00e4nzt durch eine Aufnahme von Debussys \u00abLa Mer\u00bb aus dem Jahr 1975.\" \/>\n<meta property=\"og:url\" content=\"https:\/\/www.musikzeitung.ch\/en\/rezensionen\/2022\/06\/rueckschau-auf-ein-fruchtbares-leben\/\" \/>\n<meta property=\"og:site_name\" content=\"Schweizer Musikzeitung\" \/>\n<meta property=\"article:publisher\" content=\"https:\/\/www.facebook.com\/SchweizerMusikzeitung\/\" \/>\n<meta property=\"article:published_time\" content=\"2022-06-29T12:58:10+00:00\" \/>\n<meta property=\"article:modified_time\" content=\"2023-03-10T16:05:20+00:00\" \/>\n<meta property=\"og:image\" content=\"https:\/\/www.musikzeitung.ch\/wp-content\/uploads\/2023\/01\/IMG_3751.jpg\" \/>\n\t<meta property=\"og:image:width\" content=\"554\" \/>\n\t<meta property=\"og:image:height\" content=\"415\" \/>\n\t<meta property=\"og:image:type\" content=\"image\/jpeg\" \/>\n<meta name=\"author\" content=\"Musikzeitung-Redaktion\" \/>\n<meta name=\"twitter:card\" content=\"summary_large_image\" \/>\n<meta name=\"twitter:creator\" content=\"@smusikzeitung\" \/>\n<meta name=\"twitter:site\" content=\"@smusikzeitung\" \/>\n<meta name=\"twitter:label1\" content=\"Written by\" \/>\n\t<meta name=\"twitter:data1\" content=\"Musikzeitung-Redaktion\" \/>\n\t<meta name=\"twitter:label2\" content=\"Est. reading time\" \/>\n\t<meta name=\"twitter:data2\" content=\"3 minutes\" \/>\n<script type=\"application\/ld+json\" class=\"yoast-schema-graph\">{\"@context\":\"https:\\\/\\\/schema.org\",\"@graph\":[{\"@type\":\"Article\",\"@id\":\"https:\\\/\\\/www.musikzeitung.ch\\\/rezensionen\\\/2022\\\/06\\\/rueckschau-auf-ein-fruchtbares-leben#article\",\"isPartOf\":{\"@id\":\"https:\\\/\\\/www.musikzeitung.ch\\\/rezensionen\\\/2022\\\/06\\\/rueckschau-auf-ein-fruchtbares-leben\"},\"author\":{\"name\":\"Musikzeitung-Redaktion\",\"@id\":\"https:\\\/\\\/www.musikzeitung.ch\\\/#\\\/schema\\\/person\\\/b2fd892c800856270b9dcc6001265712\"},\"headline\":\"R\u00fcckschau auf ein fruchtbares Leben\",\"datePublished\":\"2022-06-29T12:58:10+00:00\",\"dateModified\":\"2023-03-10T16:05:20+00:00\",\"mainEntityOfPage\":{\"@id\":\"https:\\\/\\\/www.musikzeitung.ch\\\/rezensionen\\\/2022\\\/06\\\/rueckschau-auf-ein-fruchtbares-leben\"},\"wordCount\":319,\"publisher\":{\"@id\":\"https:\\\/\\\/www.musikzeitung.ch\\\/#organization\"},\"image\":{\"@id\":\"https:\\\/\\\/www.musikzeitung.ch\\\/rezensionen\\\/2022\\\/06\\\/rueckschau-auf-ein-fruchtbares-leben#primaryimage\"},\"thumbnailUrl\":\"https:\\\/\\\/www.musikzeitung.ch\\\/wp-content\\\/uploads\\\/2023\\\/01\\\/IMG_3751.jpg\",\"keywords\":[\"Film\",\"Gespr\u00e4che\",\"Keller\",\"Nyffeler\",\"Zender\"],\"articleSection\":[\"Filme\",\"Rezensionen\"],\"inLanguage\":\"en-US\"},{\"@type\":\"WebPage\",\"@id\":\"https:\\\/\\\/www.musikzeitung.ch\\\/rezensionen\\\/2022\\\/06\\\/rueckschau-auf-ein-fruchtbares-leben\",\"url\":\"https:\\\/\\\/www.musikzeitung.ch\\\/rezensionen\\\/2022\\\/06\\\/rueckschau-auf-ein-fruchtbares-leben\",\"name\":\"R\u00fcckschau auf ein fruchtbares Leben - Schweizer Musikzeitung\",\"isPartOf\":{\"@id\":\"https:\\\/\\\/www.musikzeitung.ch\\\/#website\"},\"primaryImageOfPage\":{\"@id\":\"https:\\\/\\\/www.musikzeitung.ch\\\/rezensionen\\\/2022\\\/06\\\/rueckschau-auf-ein-fruchtbares-leben#primaryimage\"},\"image\":{\"@id\":\"https:\\\/\\\/www.musikzeitung.ch\\\/rezensionen\\\/2022\\\/06\\\/rueckschau-auf-ein-fruchtbares-leben#primaryimage\"},\"thumbnailUrl\":\"https:\\\/\\\/www.musikzeitung.ch\\\/wp-content\\\/uploads\\\/2023\\\/01\\\/IMG_3751.jpg\",\"datePublished\":\"2022-06-29T12:58:10+00:00\",\"dateModified\":\"2023-03-10T16:05:20+00:00\",\"description\":\"Die Gespr\u00e4che, die Max Nyffeler mit Hans Zender gef\u00fchrt hat, werden erg\u00e4nzt durch eine Aufnahme von Debussys \u00abLa Mer\u00bb aus dem Jahr 1975.\",\"breadcrumb\":{\"@id\":\"https:\\\/\\\/www.musikzeitung.ch\\\/rezensionen\\\/2022\\\/06\\\/rueckschau-auf-ein-fruchtbares-leben#breadcrumb\"},\"inLanguage\":\"en-US\",\"potentialAction\":[{\"@type\":\"ReadAction\",\"target\":[\"https:\\\/\\\/www.musikzeitung.ch\\\/rezensionen\\\/2022\\\/06\\\/rueckschau-auf-ein-fruchtbares-leben\"]}]},{\"@type\":\"ImageObject\",\"inLanguage\":\"en-US\",\"@id\":\"https:\\\/\\\/www.musikzeitung.ch\\\/rezensionen\\\/2022\\\/06\\\/rueckschau-auf-ein-fruchtbares-leben#primaryimage\",\"url\":\"https:\\\/\\\/www.musikzeitung.ch\\\/wp-content\\\/uploads\\\/2023\\\/01\\\/IMG_3751.jpg\",\"contentUrl\":\"https:\\\/\\\/www.musikzeitung.ch\\\/wp-content\\\/uploads\\\/2023\\\/01\\\/IMG_3751.jpg\",\"width\":554,\"height\":415,\"caption\":\"R\u00fcckschau auf ein fruchtbares Leben\"},{\"@type\":\"BreadcrumbList\",\"@id\":\"https:\\\/\\\/www.musikzeitung.ch\\\/rezensionen\\\/2022\\\/06\\\/rueckschau-auf-ein-fruchtbares-leben#breadcrumb\",\"itemListElement\":[{\"@type\":\"ListItem\",\"position\":1,\"name\":\"Home\",\"item\":\"https:\\\/\\\/www.musikzeitung.ch\\\/\"},{\"@type\":\"ListItem\",\"position\":2,\"name\":\"R\u00fcckschau auf ein fruchtbares Leben\"}]},{\"@type\":\"WebSite\",\"@id\":\"https:\\\/\\\/www.musikzeitung.ch\\\/#website\",\"url\":\"https:\\\/\\\/www.musikzeitung.ch\\\/\",\"name\":\"Schweizer Musikzeitung\",\"description\":\"Die f\u00fchrende sparten\u00fcbergreifende Monatszeitung in der Schweiz f\u00fcr musikalische Fragen.\",\"publisher\":{\"@id\":\"https:\\\/\\\/www.musikzeitung.ch\\\/#organization\"},\"potentialAction\":[{\"@type\":\"SearchAction\",\"target\":{\"@type\":\"EntryPoint\",\"urlTemplate\":\"https:\\\/\\\/www.musikzeitung.ch\\\/?s={search_term_string}\"},\"query-input\":{\"@type\":\"PropertyValueSpecification\",\"valueRequired\":true,\"valueName\":\"search_term_string\"}}],\"inLanguage\":\"en-US\"},{\"@type\":\"Organization\",\"@id\":\"https:\\\/\\\/www.musikzeitung.ch\\\/#organization\",\"name\":\"Schweizer Musikzeitung\",\"url\":\"https:\\\/\\\/www.musikzeitung.ch\\\/\",\"logo\":{\"@type\":\"ImageObject\",\"inLanguage\":\"en-US\",\"@id\":\"https:\\\/\\\/www.musikzeitung.ch\\\/#\\\/schema\\\/logo\\\/image\\\/\",\"url\":\"https:\\\/\\\/www.musikzeitung.ch\\\/wp-content\\\/uploads\\\/2023\\\/01\\\/SMZ_Schriftzug_Sprache.png\",\"contentUrl\":\"https:\\\/\\\/www.musikzeitung.ch\\\/wp-content\\\/uploads\\\/2023\\\/01\\\/SMZ_Schriftzug_Sprache.png\",\"width\":1400,\"height\":279,\"caption\":\"Schweizer Musikzeitung\"},\"image\":{\"@id\":\"https:\\\/\\\/www.musikzeitung.ch\\\/#\\\/schema\\\/logo\\\/image\\\/\"},\"sameAs\":[\"https:\\\/\\\/www.facebook.com\\\/SchweizerMusikzeitung\\\/\",\"https:\\\/\\\/x.com\\\/smusikzeitung\",\"https:\\\/\\\/www.instagram.com\\\/musikzeitung.ch\\\/\"]},{\"@type\":\"Person\",\"@id\":\"https:\\\/\\\/www.musikzeitung.ch\\\/#\\\/schema\\\/person\\\/b2fd892c800856270b9dcc6001265712\",\"name\":\"Musikzeitung-Redaktion\",\"image\":{\"@type\":\"ImageObject\",\"inLanguage\":\"en-US\",\"@id\":\"https:\\\/\\\/www.musikzeitung.ch\\\/wp-content\\\/uploads\\\/2022\\\/05\\\/usericon_musikzeitung-96x96.jpg\",\"url\":\"https:\\\/\\\/www.musikzeitung.ch\\\/wp-content\\\/uploads\\\/2022\\\/05\\\/usericon_musikzeitung-96x96.jpg\",\"contentUrl\":\"https:\\\/\\\/www.musikzeitung.ch\\\/wp-content\\\/uploads\\\/2022\\\/05\\\/usericon_musikzeitung-96x96.jpg\",\"caption\":\"Musikzeitung-Redaktion\"},\"url\":\"https:\\\/\\\/www.musikzeitung.ch\\\/en\\\/author\\\/admin\"}]}<\/script>\n<!-- \/ Yoast SEO plugin. -->","yoast_head_json":{"title":"Looking back on a fruitful life - Schweizer Musikzeitung","description":"The conversations Max Nyffeler had with Hans Zender are complemented by a recording of Debussy's \u00abLa Mer\u00bb from 1975.","robots":{"index":"index","follow":"follow","max-snippet":"max-snippet:-1","max-image-preview":"max-image-preview:large","max-video-preview":"max-video-preview:-1"},"canonical":"https:\/\/www.musikzeitung.ch\/en\/rezensionen\/2022\/06\/rueckschau-auf-ein-fruchtbares-leben\/","og_locale":"en_US","og_type":"article","og_title":"R\u00fcckschau auf ein fruchtbares Leben - Schweizer Musikzeitung","og_description":"Die Gespr\u00e4che, die Max Nyffeler mit Hans Zender gef\u00fchrt hat, werden erg\u00e4nzt durch eine Aufnahme von Debussys \u00abLa Mer\u00bb aus dem Jahr 1975.","og_url":"https:\/\/www.musikzeitung.ch\/en\/rezensionen\/2022\/06\/rueckschau-auf-ein-fruchtbares-leben\/","og_site_name":"Schweizer Musikzeitung","article_publisher":"https:\/\/www.facebook.com\/SchweizerMusikzeitung\/","article_published_time":"2022-06-29T12:58:10+00:00","article_modified_time":"2023-03-10T16:05:20+00:00","og_image":[{"width":554,"height":415,"url":"https:\/\/www.musikzeitung.ch\/wp-content\/uploads\/2023\/01\/IMG_3751.jpg","type":"image\/jpeg"}],"author":"Musikzeitung-Redaktion","twitter_card":"summary_large_image","twitter_creator":"@smusikzeitung","twitter_site":"@smusikzeitung","twitter_misc":{"Written by":"Musikzeitung-Redaktion","Est. reading time":"3 minutes"},"schema":{"@context":"https:\/\/schema.org","@graph":[{"@type":"Article","@id":"https:\/\/www.musikzeitung.ch\/rezensionen\/2022\/06\/rueckschau-auf-ein-fruchtbares-leben#article","isPartOf":{"@id":"https:\/\/www.musikzeitung.ch\/rezensionen\/2022\/06\/rueckschau-auf-ein-fruchtbares-leben"},"author":{"name":"Musikzeitung-Redaktion","@id":"https:\/\/www.musikzeitung.ch\/#\/schema\/person\/b2fd892c800856270b9dcc6001265712"},"headline":"R\u00fcckschau auf ein fruchtbares Leben","datePublished":"2022-06-29T12:58:10+00:00","dateModified":"2023-03-10T16:05:20+00:00","mainEntityOfPage":{"@id":"https:\/\/www.musikzeitung.ch\/rezensionen\/2022\/06\/rueckschau-auf-ein-fruchtbares-leben"},"wordCount":319,"publisher":{"@id":"https:\/\/www.musikzeitung.ch\/#organization"},"image":{"@id":"https:\/\/www.musikzeitung.ch\/rezensionen\/2022\/06\/rueckschau-auf-ein-fruchtbares-leben#primaryimage"},"thumbnailUrl":"https:\/\/www.musikzeitung.ch\/wp-content\/uploads\/2023\/01\/IMG_3751.jpg","keywords":["Film","Gespr\u00e4che","Keller","Nyffeler","Zender"],"articleSection":["Filme","Rezensionen"],"inLanguage":"en-US"},{"@type":"WebPage","@id":"https:\/\/www.musikzeitung.ch\/rezensionen\/2022\/06\/rueckschau-auf-ein-fruchtbares-leben","url":"https:\/\/www.musikzeitung.ch\/rezensionen\/2022\/06\/rueckschau-auf-ein-fruchtbares-leben","name":"Looking back on a fruitful life - Schweizer Musikzeitung","isPartOf":{"@id":"https:\/\/www.musikzeitung.ch\/#website"},"primaryImageOfPage":{"@id":"https:\/\/www.musikzeitung.ch\/rezensionen\/2022\/06\/rueckschau-auf-ein-fruchtbares-leben#primaryimage"},"image":{"@id":"https:\/\/www.musikzeitung.ch\/rezensionen\/2022\/06\/rueckschau-auf-ein-fruchtbares-leben#primaryimage"},"thumbnailUrl":"https:\/\/www.musikzeitung.ch\/wp-content\/uploads\/2023\/01\/IMG_3751.jpg","datePublished":"2022-06-29T12:58:10+00:00","dateModified":"2023-03-10T16:05:20+00:00","description":"The conversations Max Nyffeler had with Hans Zender are complemented by a recording of Debussy's \u00abLa Mer\u00bb from 1975.","breadcrumb":{"@id":"https:\/\/www.musikzeitung.ch\/rezensionen\/2022\/06\/rueckschau-auf-ein-fruchtbares-leben#breadcrumb"},"inLanguage":"en-US","potentialAction":[{"@type":"ReadAction","target":["https:\/\/www.musikzeitung.ch\/rezensionen\/2022\/06\/rueckschau-auf-ein-fruchtbares-leben"]}]},{"@type":"ImageObject","inLanguage":"en-US","@id":"https:\/\/www.musikzeitung.ch\/rezensionen\/2022\/06\/rueckschau-auf-ein-fruchtbares-leben#primaryimage","url":"https:\/\/www.musikzeitung.ch\/wp-content\/uploads\/2023\/01\/IMG_3751.jpg","contentUrl":"https:\/\/www.musikzeitung.ch\/wp-content\/uploads\/2023\/01\/IMG_3751.jpg","width":554,"height":415,"caption":"R\u00fcckschau auf ein fruchtbares Leben"},{"@type":"BreadcrumbList","@id":"https:\/\/www.musikzeitung.ch\/rezensionen\/2022\/06\/rueckschau-auf-ein-fruchtbares-leben#breadcrumb","itemListElement":[{"@type":"ListItem","position":1,"name":"Home","item":"https:\/\/www.musikzeitung.ch\/"},{"@type":"ListItem","position":2,"name":"R\u00fcckschau auf ein fruchtbares Leben"}]},{"@type":"WebSite","@id":"https:\/\/www.musikzeitung.ch\/#website","url":"https:\/\/www.musikzeitung.ch\/","name":"Swiss Music Newspaper","description":"The leading interdisciplinary monthly newspaper in Switzerland for musical issues.","publisher":{"@id":"https:\/\/www.musikzeitung.ch\/#organization"},"potentialAction":[{"@type":"SearchAction","target":{"@type":"EntryPoint","urlTemplate":"https:\/\/www.musikzeitung.ch\/?s={search_term_string}"},"query-input":{"@type":"PropertyValueSpecification","valueRequired":true,"valueName":"search_term_string"}}],"inLanguage":"en-US"},{"@type":"Organization","@id":"https:\/\/www.musikzeitung.ch\/#organization","name":"Swiss Music Newspaper","url":"https:\/\/www.musikzeitung.ch\/","logo":{"@type":"ImageObject","inLanguage":"en-US","@id":"https:\/\/www.musikzeitung.ch\/#\/schema\/logo\/image\/","url":"https:\/\/www.musikzeitung.ch\/wp-content\/uploads\/2023\/01\/SMZ_Schriftzug_Sprache.png","contentUrl":"https:\/\/www.musikzeitung.ch\/wp-content\/uploads\/2023\/01\/SMZ_Schriftzug_Sprache.png","width":1400,"height":279,"caption":"Schweizer Musikzeitung"},"image":{"@id":"https:\/\/www.musikzeitung.ch\/#\/schema\/logo\/image\/"},"sameAs":["https:\/\/www.facebook.com\/SchweizerMusikzeitung\/","https:\/\/x.com\/smusikzeitung","https:\/\/www.instagram.com\/musikzeitung.ch\/"]},{"@type":"Person","@id":"https:\/\/www.musikzeitung.ch\/#\/schema\/person\/b2fd892c800856270b9dcc6001265712","name":"Music newspaper editorial office","image":{"@type":"ImageObject","inLanguage":"en-US","@id":"https:\/\/www.musikzeitung.ch\/wp-content\/uploads\/2022\/05\/usericon_musikzeitung-96x96.jpg","url":"https:\/\/www.musikzeitung.ch\/wp-content\/uploads\/2022\/05\/usericon_musikzeitung-96x96.jpg","contentUrl":"https:\/\/www.musikzeitung.ch\/wp-content\/uploads\/2022\/05\/usericon_musikzeitung-96x96.jpg","caption":"Musikzeitung-Redaktion"},"url":"https:\/\/www.musikzeitung.ch\/en\/author\/admin"}]}},"publishpress_future_workflow_manual_trigger":{"enabledWorkflows":[]},"_links":{"self":[{"href":"https:\/\/www.musikzeitung.ch\/en\/wp-json\/wp\/v2\/posts\/39683","targetHints":{"allow":["GET"]}}],"collection":[{"href":"https:\/\/www.musikzeitung.ch\/en\/wp-json\/wp\/v2\/posts"}],"about":[{"href":"https:\/\/www.musikzeitung.ch\/en\/wp-json\/wp\/v2\/types\/post"}],"author":[{"embeddable":true,"href":"https:\/\/www.musikzeitung.ch\/en\/wp-json\/wp\/v2\/users\/1"}],"replies":[{"embeddable":true,"href":"https:\/\/www.musikzeitung.ch\/en\/wp-json\/wp\/v2\/comments?post=39683"}],"version-history":[{"count":3,"href":"https:\/\/www.musikzeitung.ch\/en\/wp-json\/wp\/v2\/posts\/39683\/revisions"}],"predecessor-version":[{"id":39687,"href":"https:\/\/www.musikzeitung.ch\/en\/wp-json\/wp\/v2\/posts\/39683\/revisions\/39687"}],"wp:featuredmedia":[{"embeddable":true,"href":"https:\/\/www.musikzeitung.ch\/en\/wp-json\/wp\/v2\/media\/39684"}],"wp:attachment":[{"href":"https:\/\/www.musikzeitung.ch\/en\/wp-json\/wp\/v2\/media?parent=39683"}],"wp:term":[{"taxonomy":"category","embeddable":true,"href":"https:\/\/www.musikzeitung.ch\/en\/wp-json\/wp\/v2\/categories?post=39683"},{"taxonomy":"post_tag","embeddable":true,"href":"https:\/\/www.musikzeitung.ch\/en\/wp-json\/wp\/v2\/tags?post=39683"}],"curies":[{"name":"wp","href":"https:\/\/api.w.org\/{rel}","templated":true}]}}