{"id":40285,"date":"2023-01-26T14:48:05","date_gmt":"2023-01-26T13:48:05","guid":{"rendered":"https:\/\/www.musikzeitung.ch\/?p=40285"},"modified":"2023-01-26T14:49:11","modified_gmt":"2023-01-26T13:49:11","slug":"clytus-gottwald-ist-gestorben","status":"publish","type":"post","link":"https:\/\/www.musikzeitung.ch\/en\/news\/2023\/01\/clytus-gottwald-ist-gestorben","title":{"rendered":"Clytus Gottwald has died"},"content":{"rendered":"<figure id=\"attachment_40286\" aria-describedby=\"caption-attachment-40286\" style=\"width: 2126px\" class=\"wp-caption alignnone\"><img loading=\"lazy\" decoding=\"async\" class=\"wp-image-40286 size-full\" src=\"https:\/\/www.musikzeitung.ch\/wp-content\/uploads\/2023\/01\/CGottwald_Foto_Carus-Verlag_privat_Querformat.jpeg\" alt=\"\" width=\"2126\" height=\"1476\" srcset=\"https:\/\/www.musikzeitung.ch\/wp-content\/uploads\/2023\/01\/CGottwald_Foto_Carus-Verlag_privat_Querformat.jpeg 1400w, https:\/\/www.musikzeitung.ch\/wp-content\/uploads\/2023\/01\/CGottwald_Foto_Carus-Verlag_privat_Querformat-300x208.jpeg 300w, https:\/\/www.musikzeitung.ch\/wp-content\/uploads\/2023\/01\/CGottwald_Foto_Carus-Verlag_privat_Querformat-1024x711.jpeg 1024w, https:\/\/www.musikzeitung.ch\/wp-content\/uploads\/2023\/01\/CGottwald_Foto_Carus-Verlag_privat_Querformat-768x533.jpeg 768w, https:\/\/www.musikzeitung.ch\/wp-content\/uploads\/2023\/01\/CGottwald_Foto_Carus-Verlag_privat_Querformat-1536x1066.jpeg 1536w, https:\/\/www.musikzeitung.ch\/wp-content\/uploads\/2023\/01\/CGottwald_Foto_Carus-Verlag_privat_Querformat-2048x1422.jpeg 2048w, https:\/\/www.musikzeitung.ch\/wp-content\/uploads\/2023\/01\/CGottwald_Foto_Carus-Verlag_privat_Querformat-252x175.jpeg 252w, https:\/\/www.musikzeitung.ch\/wp-content\/uploads\/2023\/01\/CGottwald_Foto_Carus-Verlag_privat_Querformat-504x350.jpeg 504w, https:\/\/www.musikzeitung.ch\/wp-content\/uploads\/2023\/01\/CGottwald_Foto_Carus-Verlag_privat_Querformat-1152x800.jpeg 1152w, https:\/\/www.musikzeitung.ch\/wp-content\/uploads\/2023\/01\/CGottwald_Foto_Carus-Verlag_privat_Querformat-920x639.jpeg 920w\" sizes=\"auto, (max-width: 2126px) 100vw, 2126px\" \/><figcaption id=\"caption-attachment-40286\" class=\"wp-caption-text\">Clytus Gottwald. Photo: Carus-Verlag\/private<\/figcaption><\/figure>\n<p>As editor for New Music at S\u00fcdfunk Stuttgart and founder and director of the Schola Cantorum Stuttgart, he was in productive exchange with his contemporaries Pierre Boulez, Mauricio Kagel, Gy\u00f6rgy Ligeti, Luigi Nono, Karlheinz Stockhausen and many others who founded New Music. With his Schola Cantorum, a 16-voice chamber vocal ensemble, Gottwald played a decisive role in shaping the a cappella choral culture at the highest technical level that is taken for granted today. His transcriptions of piano songs or instrumental pieces for polyphonic a cappella choir, which set the highest musical standards in a style inspired by Ligeti, are appreciated by choirs all over the world.<\/p>\n<p>Clytus Gottwald has received several awards for his achievements, including the Baden-W\u00fcrttemberg Culture Prize in 2009, the European Church Music Prize in 2012 and the Cross of Merit of the Federal Republic of Germany in 2014. His importance for the development of contemporary choral music cannot be overestimated.<\/p>\n<p>With Clytus Gottwald, the <a href=\"https:\/\/www.carus-verlag.com\/\" target=\"_blank\" rel=\"noopener\">Carus publishing house<\/a> one of its most important authors.<\/p>","protected":false},"excerpt":{"rendered":"<p>Lost to the world: The composer, choirmaster, radio editor and musicologist Clytus Gottwald has died at the age of 97. <\/p>","protected":false},"author":29,"featured_media":40286,"comment_status":"closed","ping_status":"closed","sticky":false,"template":"","format":"standard","meta":{"_acf_changed":false,"_relevanssi_hide_post":"","_relevanssi_hide_content":"","_relevanssi_pin_for_all":"","_relevanssi_pin_keywords":"","_relevanssi_unpin_keywords":"","_relevanssi_related_keywords":"","_relevanssi_related_include_ids":"","_relevanssi_related_exclude_ids":"","_relevanssi_related_no_append":"","_relevanssi_related_not_related":"","_relevanssi_related_posts":"","_relevanssi_noindex_reason":"","pgc_sgb_lightbox_settings":"","footnotes":""},"categories":[27,1624],"tags":[1849,1848],"class_list":["post-40285","post","type-post","status-publish","format-standard","has-post-thumbnail","hentry","category-news","category-personen","tag-chorleiter","tag-clytus-gottwald"],"acf":[],"yoast_head":"<!-- This site is optimized with the Yoast SEO plugin v27.4 - https:\/\/yoast.com\/product\/yoast-seo-wordpress\/ -->\n<title>Clytus Gottwald ist gestorben - Schweizer Musikzeitung<\/title>\n<meta name=\"robots\" content=\"index, follow, max-snippet:-1, max-image-preview:large, max-video-preview:-1\" \/>\n<link rel=\"canonical\" href=\"https:\/\/www.musikzeitung.ch\/en\/news\/2023\/01\/clytus-gottwald-ist-gestorben\/\" \/>\n<meta property=\"og:locale\" content=\"en_US\" \/>\n<meta property=\"og:type\" content=\"article\" \/>\n<meta property=\"og:title\" content=\"Clytus Gottwald ist gestorben - Schweizer Musikzeitung\" \/>\n<meta property=\"og:description\" content=\"Der Welt abhanden gekommen: Der Komponist, Chorleiter, Rundfunkredakteur und Musikwissenschaftler Clytus Gottwald ist im Alter von 97 Jahren gestorben.\" \/>\n<meta property=\"og:url\" content=\"https:\/\/www.musikzeitung.ch\/en\/news\/2023\/01\/clytus-gottwald-ist-gestorben\/\" \/>\n<meta property=\"og:site_name\" content=\"Schweizer Musikzeitung\" \/>\n<meta property=\"article:publisher\" content=\"https:\/\/www.facebook.com\/SchweizerMusikzeitung\/\" \/>\n<meta property=\"article:published_time\" content=\"2023-01-26T13:48:05+00:00\" \/>\n<meta property=\"article:modified_time\" content=\"2023-01-26T13:49:11+00:00\" \/>\n<meta property=\"og:image\" content=\"https:\/\/www.musikzeitung.ch\/wp-content\/uploads\/2023\/01\/CGottwald_Foto_Carus-Verlag_privat_Querformat.jpeg\" \/>\n\t<meta property=\"og:image:width\" content=\"1400\" \/>\n\t<meta property=\"og:image:height\" content=\"972\" \/>\n\t<meta property=\"og:image:type\" content=\"image\/jpeg\" \/>\n<meta name=\"author\" content=\"pia.schwab\" \/>\n<meta name=\"twitter:card\" content=\"summary_large_image\" \/>\n<meta name=\"twitter:creator\" content=\"@smusikzeitung\" \/>\n<meta name=\"twitter:site\" content=\"@smusikzeitung\" \/>\n<meta name=\"twitter:label1\" content=\"Written by\" \/>\n\t<meta name=\"twitter:data1\" content=\"pia.schwab\" \/>\n\t<meta name=\"twitter:label2\" content=\"Est. reading time\" \/>\n\t<meta name=\"twitter:data2\" content=\"2 minutes\" \/>\n<script type=\"application\/ld+json\" class=\"yoast-schema-graph\">{\"@context\":\"https:\\\/\\\/schema.org\",\"@graph\":[{\"@type\":\"Article\",\"@id\":\"https:\\\/\\\/www.musikzeitung.ch\\\/news\\\/2023\\\/01\\\/clytus-gottwald-ist-gestorben#article\",\"isPartOf\":{\"@id\":\"https:\\\/\\\/www.musikzeitung.ch\\\/news\\\/2023\\\/01\\\/clytus-gottwald-ist-gestorben\"},\"author\":{\"name\":\"pia.schwab\",\"@id\":\"https:\\\/\\\/www.musikzeitung.ch\\\/#\\\/schema\\\/person\\\/ea3d7b86bd7157c78c7ddd37f2f82b5b\"},\"headline\":\"Clytus Gottwald ist gestorben\",\"datePublished\":\"2023-01-26T13:48:05+00:00\",\"dateModified\":\"2023-01-26T13:49:11+00:00\",\"mainEntityOfPage\":{\"@id\":\"https:\\\/\\\/www.musikzeitung.ch\\\/news\\\/2023\\\/01\\\/clytus-gottwald-ist-gestorben\"},\"wordCount\":175,\"publisher\":{\"@id\":\"https:\\\/\\\/www.musikzeitung.ch\\\/#organization\"},\"image\":{\"@id\":\"https:\\\/\\\/www.musikzeitung.ch\\\/news\\\/2023\\\/01\\\/clytus-gottwald-ist-gestorben#primaryimage\"},\"thumbnailUrl\":\"https:\\\/\\\/www.musikzeitung.ch\\\/wp-content\\\/uploads\\\/2023\\\/01\\\/CGottwald_Foto_Carus-Verlag_privat_Querformat.jpeg\",\"keywords\":[\"Chorleiter\",\"Clytus Gottwald\"],\"articleSection\":[\"News\",\"Personen\"],\"inLanguage\":\"en-US\"},{\"@type\":\"WebPage\",\"@id\":\"https:\\\/\\\/www.musikzeitung.ch\\\/news\\\/2023\\\/01\\\/clytus-gottwald-ist-gestorben\",\"url\":\"https:\\\/\\\/www.musikzeitung.ch\\\/news\\\/2023\\\/01\\\/clytus-gottwald-ist-gestorben\",\"name\":\"Clytus Gottwald ist gestorben - Schweizer Musikzeitung\",\"isPartOf\":{\"@id\":\"https:\\\/\\\/www.musikzeitung.ch\\\/#website\"},\"primaryImageOfPage\":{\"@id\":\"https:\\\/\\\/www.musikzeitung.ch\\\/news\\\/2023\\\/01\\\/clytus-gottwald-ist-gestorben#primaryimage\"},\"image\":{\"@id\":\"https:\\\/\\\/www.musikzeitung.ch\\\/news\\\/2023\\\/01\\\/clytus-gottwald-ist-gestorben#primaryimage\"},\"thumbnailUrl\":\"https:\\\/\\\/www.musikzeitung.ch\\\/wp-content\\\/uploads\\\/2023\\\/01\\\/CGottwald_Foto_Carus-Verlag_privat_Querformat.jpeg\",\"datePublished\":\"2023-01-26T13:48:05+00:00\",\"dateModified\":\"2023-01-26T13:49:11+00:00\",\"breadcrumb\":{\"@id\":\"https:\\\/\\\/www.musikzeitung.ch\\\/news\\\/2023\\\/01\\\/clytus-gottwald-ist-gestorben#breadcrumb\"},\"inLanguage\":\"en-US\",\"potentialAction\":[{\"@type\":\"ReadAction\",\"target\":[\"https:\\\/\\\/www.musikzeitung.ch\\\/news\\\/2023\\\/01\\\/clytus-gottwald-ist-gestorben\"]}]},{\"@type\":\"ImageObject\",\"inLanguage\":\"en-US\",\"@id\":\"https:\\\/\\\/www.musikzeitung.ch\\\/news\\\/2023\\\/01\\\/clytus-gottwald-ist-gestorben#primaryimage\",\"url\":\"https:\\\/\\\/www.musikzeitung.ch\\\/wp-content\\\/uploads\\\/2023\\\/01\\\/CGottwald_Foto_Carus-Verlag_privat_Querformat.jpeg\",\"contentUrl\":\"https:\\\/\\\/www.musikzeitung.ch\\\/wp-content\\\/uploads\\\/2023\\\/01\\\/CGottwald_Foto_Carus-Verlag_privat_Querformat.jpeg\",\"width\":1400,\"height\":972},{\"@type\":\"BreadcrumbList\",\"@id\":\"https:\\\/\\\/www.musikzeitung.ch\\\/news\\\/2023\\\/01\\\/clytus-gottwald-ist-gestorben#breadcrumb\",\"itemListElement\":[{\"@type\":\"ListItem\",\"position\":1,\"name\":\"Home\",\"item\":\"https:\\\/\\\/www.musikzeitung.ch\\\/\"},{\"@type\":\"ListItem\",\"position\":2,\"name\":\"Clytus Gottwald ist gestorben\"}]},{\"@type\":\"WebSite\",\"@id\":\"https:\\\/\\\/www.musikzeitung.ch\\\/#website\",\"url\":\"https:\\\/\\\/www.musikzeitung.ch\\\/\",\"name\":\"Schweizer Musikzeitung\",\"description\":\"Die f\u00fchrende sparten\u00fcbergreifende Monatszeitung in der Schweiz f\u00fcr musikalische Fragen.\",\"publisher\":{\"@id\":\"https:\\\/\\\/www.musikzeitung.ch\\\/#organization\"},\"potentialAction\":[{\"@type\":\"SearchAction\",\"target\":{\"@type\":\"EntryPoint\",\"urlTemplate\":\"https:\\\/\\\/www.musikzeitung.ch\\\/?s={search_term_string}\"},\"query-input\":{\"@type\":\"PropertyValueSpecification\",\"valueRequired\":true,\"valueName\":\"search_term_string\"}}],\"inLanguage\":\"en-US\"},{\"@type\":\"Organization\",\"@id\":\"https:\\\/\\\/www.musikzeitung.ch\\\/#organization\",\"name\":\"Schweizer Musikzeitung\",\"url\":\"https:\\\/\\\/www.musikzeitung.ch\\\/\",\"logo\":{\"@type\":\"ImageObject\",\"inLanguage\":\"en-US\",\"@id\":\"https:\\\/\\\/www.musikzeitung.ch\\\/#\\\/schema\\\/logo\\\/image\\\/\",\"url\":\"https:\\\/\\\/www.musikzeitung.ch\\\/wp-content\\\/uploads\\\/2023\\\/01\\\/SMZ_Schriftzug_Sprache.png\",\"contentUrl\":\"https:\\\/\\\/www.musikzeitung.ch\\\/wp-content\\\/uploads\\\/2023\\\/01\\\/SMZ_Schriftzug_Sprache.png\",\"width\":1400,\"height\":279,\"caption\":\"Schweizer Musikzeitung\"},\"image\":{\"@id\":\"https:\\\/\\\/www.musikzeitung.ch\\\/#\\\/schema\\\/logo\\\/image\\\/\"},\"sameAs\":[\"https:\\\/\\\/www.facebook.com\\\/SchweizerMusikzeitung\\\/\",\"https:\\\/\\\/x.com\\\/smusikzeitung\",\"https:\\\/\\\/www.instagram.com\\\/musikzeitung.ch\\\/\"]},{\"@type\":\"Person\",\"@id\":\"https:\\\/\\\/www.musikzeitung.ch\\\/#\\\/schema\\\/person\\\/ea3d7b86bd7157c78c7ddd37f2f82b5b\",\"name\":\"pia.schwab\",\"image\":{\"@type\":\"ImageObject\",\"inLanguage\":\"en-US\",\"@id\":\"https:\\\/\\\/secure.gravatar.com\\\/avatar\\\/d39d170de4c2d07e897fbc26cf9d890fc046285c742207b86d8ebabe5fcde2c4?s=96&d=mm&r=g\",\"url\":\"https:\\\/\\\/secure.gravatar.com\\\/avatar\\\/d39d170de4c2d07e897fbc26cf9d890fc046285c742207b86d8ebabe5fcde2c4?s=96&d=mm&r=g\",\"contentUrl\":\"https:\\\/\\\/secure.gravatar.com\\\/avatar\\\/d39d170de4c2d07e897fbc26cf9d890fc046285c742207b86d8ebabe5fcde2c4?s=96&d=mm&r=g\",\"caption\":\"pia.schwab\"},\"url\":\"https:\\\/\\\/www.musikzeitung.ch\\\/en\\\/author\\\/pia-schwab\"}]}<\/script>\n<!-- \/ Yoast SEO plugin. -->","yoast_head_json":{"title":"Clytus Gottwald ist gestorben - Schweizer Musikzeitung","robots":{"index":"index","follow":"follow","max-snippet":"max-snippet:-1","max-image-preview":"max-image-preview:large","max-video-preview":"max-video-preview:-1"},"canonical":"https:\/\/www.musikzeitung.ch\/en\/news\/2023\/01\/clytus-gottwald-ist-gestorben\/","og_locale":"en_US","og_type":"article","og_title":"Clytus Gottwald ist gestorben - Schweizer Musikzeitung","og_description":"Der Welt abhanden gekommen: Der Komponist, Chorleiter, Rundfunkredakteur und Musikwissenschaftler Clytus Gottwald ist im Alter von 97 Jahren gestorben.","og_url":"https:\/\/www.musikzeitung.ch\/en\/news\/2023\/01\/clytus-gottwald-ist-gestorben\/","og_site_name":"Schweizer Musikzeitung","article_publisher":"https:\/\/www.facebook.com\/SchweizerMusikzeitung\/","article_published_time":"2023-01-26T13:48:05+00:00","article_modified_time":"2023-01-26T13:49:11+00:00","og_image":[{"width":1400,"height":972,"url":"https:\/\/www.musikzeitung.ch\/wp-content\/uploads\/2023\/01\/CGottwald_Foto_Carus-Verlag_privat_Querformat.jpeg","type":"image\/jpeg"}],"author":"pia.schwab","twitter_card":"summary_large_image","twitter_creator":"@smusikzeitung","twitter_site":"@smusikzeitung","twitter_misc":{"Written by":"pia.schwab","Est. reading time":"2 minutes"},"schema":{"@context":"https:\/\/schema.org","@graph":[{"@type":"Article","@id":"https:\/\/www.musikzeitung.ch\/news\/2023\/01\/clytus-gottwald-ist-gestorben#article","isPartOf":{"@id":"https:\/\/www.musikzeitung.ch\/news\/2023\/01\/clytus-gottwald-ist-gestorben"},"author":{"name":"pia.schwab","@id":"https:\/\/www.musikzeitung.ch\/#\/schema\/person\/ea3d7b86bd7157c78c7ddd37f2f82b5b"},"headline":"Clytus Gottwald ist gestorben","datePublished":"2023-01-26T13:48:05+00:00","dateModified":"2023-01-26T13:49:11+00:00","mainEntityOfPage":{"@id":"https:\/\/www.musikzeitung.ch\/news\/2023\/01\/clytus-gottwald-ist-gestorben"},"wordCount":175,"publisher":{"@id":"https:\/\/www.musikzeitung.ch\/#organization"},"image":{"@id":"https:\/\/www.musikzeitung.ch\/news\/2023\/01\/clytus-gottwald-ist-gestorben#primaryimage"},"thumbnailUrl":"https:\/\/www.musikzeitung.ch\/wp-content\/uploads\/2023\/01\/CGottwald_Foto_Carus-Verlag_privat_Querformat.jpeg","keywords":["Chorleiter","Clytus Gottwald"],"articleSection":["News","Personen"],"inLanguage":"en-US"},{"@type":"WebPage","@id":"https:\/\/www.musikzeitung.ch\/news\/2023\/01\/clytus-gottwald-ist-gestorben","url":"https:\/\/www.musikzeitung.ch\/news\/2023\/01\/clytus-gottwald-ist-gestorben","name":"Clytus Gottwald ist gestorben - Schweizer Musikzeitung","isPartOf":{"@id":"https:\/\/www.musikzeitung.ch\/#website"},"primaryImageOfPage":{"@id":"https:\/\/www.musikzeitung.ch\/news\/2023\/01\/clytus-gottwald-ist-gestorben#primaryimage"},"image":{"@id":"https:\/\/www.musikzeitung.ch\/news\/2023\/01\/clytus-gottwald-ist-gestorben#primaryimage"},"thumbnailUrl":"https:\/\/www.musikzeitung.ch\/wp-content\/uploads\/2023\/01\/CGottwald_Foto_Carus-Verlag_privat_Querformat.jpeg","datePublished":"2023-01-26T13:48:05+00:00","dateModified":"2023-01-26T13:49:11+00:00","breadcrumb":{"@id":"https:\/\/www.musikzeitung.ch\/news\/2023\/01\/clytus-gottwald-ist-gestorben#breadcrumb"},"inLanguage":"en-US","potentialAction":[{"@type":"ReadAction","target":["https:\/\/www.musikzeitung.ch\/news\/2023\/01\/clytus-gottwald-ist-gestorben"]}]},{"@type":"ImageObject","inLanguage":"en-US","@id":"https:\/\/www.musikzeitung.ch\/news\/2023\/01\/clytus-gottwald-ist-gestorben#primaryimage","url":"https:\/\/www.musikzeitung.ch\/wp-content\/uploads\/2023\/01\/CGottwald_Foto_Carus-Verlag_privat_Querformat.jpeg","contentUrl":"https:\/\/www.musikzeitung.ch\/wp-content\/uploads\/2023\/01\/CGottwald_Foto_Carus-Verlag_privat_Querformat.jpeg","width":1400,"height":972},{"@type":"BreadcrumbList","@id":"https:\/\/www.musikzeitung.ch\/news\/2023\/01\/clytus-gottwald-ist-gestorben#breadcrumb","itemListElement":[{"@type":"ListItem","position":1,"name":"Home","item":"https:\/\/www.musikzeitung.ch\/"},{"@type":"ListItem","position":2,"name":"Clytus Gottwald ist gestorben"}]},{"@type":"WebSite","@id":"https:\/\/www.musikzeitung.ch\/#website","url":"https:\/\/www.musikzeitung.ch\/","name":"Swiss Music Newspaper","description":"The leading interdisciplinary monthly newspaper in Switzerland for musical issues.","publisher":{"@id":"https:\/\/www.musikzeitung.ch\/#organization"},"potentialAction":[{"@type":"SearchAction","target":{"@type":"EntryPoint","urlTemplate":"https:\/\/www.musikzeitung.ch\/?s={search_term_string}"},"query-input":{"@type":"PropertyValueSpecification","valueRequired":true,"valueName":"search_term_string"}}],"inLanguage":"en-US"},{"@type":"Organization","@id":"https:\/\/www.musikzeitung.ch\/#organization","name":"Swiss Music Newspaper","url":"https:\/\/www.musikzeitung.ch\/","logo":{"@type":"ImageObject","inLanguage":"en-US","@id":"https:\/\/www.musikzeitung.ch\/#\/schema\/logo\/image\/","url":"https:\/\/www.musikzeitung.ch\/wp-content\/uploads\/2023\/01\/SMZ_Schriftzug_Sprache.png","contentUrl":"https:\/\/www.musikzeitung.ch\/wp-content\/uploads\/2023\/01\/SMZ_Schriftzug_Sprache.png","width":1400,"height":279,"caption":"Schweizer Musikzeitung"},"image":{"@id":"https:\/\/www.musikzeitung.ch\/#\/schema\/logo\/image\/"},"sameAs":["https:\/\/www.facebook.com\/SchweizerMusikzeitung\/","https:\/\/x.com\/smusikzeitung","https:\/\/www.instagram.com\/musikzeitung.ch\/"]},{"@type":"Person","@id":"https:\/\/www.musikzeitung.ch\/#\/schema\/person\/ea3d7b86bd7157c78c7ddd37f2f82b5b","name":"pia.schwab","image":{"@type":"ImageObject","inLanguage":"en-US","@id":"https:\/\/secure.gravatar.com\/avatar\/d39d170de4c2d07e897fbc26cf9d890fc046285c742207b86d8ebabe5fcde2c4?s=96&d=mm&r=g","url":"https:\/\/secure.gravatar.com\/avatar\/d39d170de4c2d07e897fbc26cf9d890fc046285c742207b86d8ebabe5fcde2c4?s=96&d=mm&r=g","contentUrl":"https:\/\/secure.gravatar.com\/avatar\/d39d170de4c2d07e897fbc26cf9d890fc046285c742207b86d8ebabe5fcde2c4?s=96&d=mm&r=g","caption":"pia.schwab"},"url":"https:\/\/www.musikzeitung.ch\/en\/author\/pia-schwab"}]}},"publishpress_future_workflow_manual_trigger":{"enabledWorkflows":[]},"_links":{"self":[{"href":"https:\/\/www.musikzeitung.ch\/en\/wp-json\/wp\/v2\/posts\/40285","targetHints":{"allow":["GET"]}}],"collection":[{"href":"https:\/\/www.musikzeitung.ch\/en\/wp-json\/wp\/v2\/posts"}],"about":[{"href":"https:\/\/www.musikzeitung.ch\/en\/wp-json\/wp\/v2\/types\/post"}],"author":[{"embeddable":true,"href":"https:\/\/www.musikzeitung.ch\/en\/wp-json\/wp\/v2\/users\/29"}],"replies":[{"embeddable":true,"href":"https:\/\/www.musikzeitung.ch\/en\/wp-json\/wp\/v2\/comments?post=40285"}],"version-history":[{"count":1,"href":"https:\/\/www.musikzeitung.ch\/en\/wp-json\/wp\/v2\/posts\/40285\/revisions"}],"predecessor-version":[{"id":40287,"href":"https:\/\/www.musikzeitung.ch\/en\/wp-json\/wp\/v2\/posts\/40285\/revisions\/40287"}],"wp:featuredmedia":[{"embeddable":true,"href":"https:\/\/www.musikzeitung.ch\/en\/wp-json\/wp\/v2\/media\/40286"}],"wp:attachment":[{"href":"https:\/\/www.musikzeitung.ch\/en\/wp-json\/wp\/v2\/media?parent=40285"}],"wp:term":[{"taxonomy":"category","embeddable":true,"href":"https:\/\/www.musikzeitung.ch\/en\/wp-json\/wp\/v2\/categories?post=40285"},{"taxonomy":"post_tag","embeddable":true,"href":"https:\/\/www.musikzeitung.ch\/en\/wp-json\/wp\/v2\/tags?post=40285"}],"curies":[{"name":"wp","href":"https:\/\/api.w.org\/{rel}","templated":true}]}}