{"id":41563,"date":"2023-02-23T06:35:35","date_gmt":"2023-02-23T05:35:35","guid":{"rendered":"https:\/\/www.musikzeitung.ch\/?p=41563"},"modified":"2023-02-23T15:28:18","modified_gmt":"2023-02-23T14:28:18","slug":"tod-des-hackbrettspieler-karl-rechsteiner","status":"publish","type":"post","link":"https:\/\/www.musikzeitung.ch\/en\/news\/2023\/02\/tod-des-hackbrettspieler-karl-rechsteiner","title":{"rendered":"Death of the dulcimer player Karl Rechsteiner"},"content":{"rendered":"<figure id=\"attachment_41564\" aria-describedby=\"caption-attachment-41564\" style=\"width: 504px\" class=\"wp-caption aligncenter\"><img loading=\"lazy\" decoding=\"async\" class=\"wp-image-41564\" src=\"https:\/\/www.musikzeitung.ch\/wp-content\/uploads\/2023\/02\/230223rechsteiner.jpg\" alt=\"\" width=\"504\" height=\"355\" srcset=\"https:\/\/www.musikzeitung.ch\/wp-content\/uploads\/2023\/02\/230223rechsteiner.jpg 1148w, https:\/\/www.musikzeitung.ch\/wp-content\/uploads\/2023\/02\/230223rechsteiner-300x211.jpg 300w, https:\/\/www.musikzeitung.ch\/wp-content\/uploads\/2023\/02\/230223rechsteiner-1024x721.jpg 1024w, https:\/\/www.musikzeitung.ch\/wp-content\/uploads\/2023\/02\/230223rechsteiner-768x541.jpg 768w, https:\/\/www.musikzeitung.ch\/wp-content\/uploads\/2023\/02\/230223rechsteiner-249x175.jpg 249w, https:\/\/www.musikzeitung.ch\/wp-content\/uploads\/2023\/02\/230223rechsteiner-497x350.jpg 497w, https:\/\/www.musikzeitung.ch\/wp-content\/uploads\/2023\/02\/230223rechsteiner-1137x800.jpg 1137w, https:\/\/www.musikzeitung.ch\/wp-content\/uploads\/2023\/02\/230223rechsteiner-920x648.jpg 920w\" sizes=\"auto, (max-width: 504px) 100vw, 504px\" \/><figcaption id=\"caption-attachment-41564\" class=\"wp-caption-text\">Karl Rechsteiner (Image: zVg)<\/figcaption><\/figure>\n<p>Karl Rechsteiner only bought an Appenzell dulcimer at the age of 50 and learned to play his dream instrument by himself. After retiring as an SBB train driver, he began a second career as a conductor of various choirs and as a musician. He enriched the repertoire of the Stubemusig with his own compositions.<\/p>\n<p>He became famous when his Stubemusig created the soundtrack for the successful Swiss film \"Herbstzeitlosen\" with Stephanie Glaser and Heidi Maria Gl\u00f6ssner. The highlights of his performances were the film premiere of \"Herbstzeitlosen\" with his music on the Piazza Grande in Locarno, the television interview with Kurt Aeschbacher and a performance with Gustav, Marc Sway and former Federal Councillor Evelyn Widmer-Schlumpf at the 100th anniversary celebrations of Pro Senectute in Bern's Festhalle.<\/p>","protected":false},"excerpt":{"rendered":"<p>The dulcimer player Karl Rechsteiner, known far beyond the Bern region, has died at the age of 98. He was best known for the music of his Stubemusig Rechsteiner in the hit film \"Die Herbstzeitlosen\".<\/p>","protected":false},"author":30,"featured_media":41564,"comment_status":"closed","ping_status":"closed","sticky":false,"template":"","format":"standard","meta":{"_acf_changed":false,"_relevanssi_hide_post":"","_relevanssi_hide_content":"","_relevanssi_pin_for_all":"","_relevanssi_pin_keywords":"","_relevanssi_unpin_keywords":"","_relevanssi_related_keywords":"","_relevanssi_related_include_ids":"","_relevanssi_related_exclude_ids":"","_relevanssi_related_no_append":"","_relevanssi_related_not_related":"","_relevanssi_related_posts":"","_relevanssi_noindex_reason":"","pgc_sgb_lightbox_settings":"","footnotes":""},"categories":[27],"tags":[2073,2072],"class_list":["post-41563","post","type-post","status-publish","format-standard","has-post-thumbnail","hentry","category-news","tag-appenzeller-hackbrett","tag-karl-rechsteiner"],"acf":[],"yoast_head":"<!-- This site is optimized with the Yoast SEO plugin v27.4 - https:\/\/yoast.com\/product\/yoast-seo-wordpress\/ -->\n<title>Tod des Hackbrettspielers Karl Rechsteiner - Schweizer Musikzeitung<\/title>\n<meta name=\"robots\" content=\"index, follow, max-snippet:-1, max-image-preview:large, max-video-preview:-1\" \/>\n<link rel=\"canonical\" href=\"https:\/\/www.musikzeitung.ch\/en\/news\/2023\/02\/tod-des-hackbrettspieler-karl-rechsteiner\/\" \/>\n<meta property=\"og:locale\" content=\"en_US\" \/>\n<meta property=\"og:type\" content=\"article\" \/>\n<meta property=\"og:title\" content=\"Tod des Hackbrettspielers Karl Rechsteiner - Schweizer Musikzeitung\" \/>\n<meta property=\"og:description\" content=\"Der weit \u00fcber die Region Bern hinaus bekannte Hackbrettspieler Karl Rechsteiner ist im Alter von 98 Jahren gestorben. Bekannt wurde er vor allem durch die Musik seiner Stubemusig Rechsteiner im Erfolgsfilm \u00abDie Herbstzeitlosen\u00bb.\" \/>\n<meta property=\"og:url\" content=\"https:\/\/www.musikzeitung.ch\/en\/news\/2023\/02\/tod-des-hackbrettspieler-karl-rechsteiner\/\" \/>\n<meta property=\"og:site_name\" content=\"Schweizer Musikzeitung\" \/>\n<meta property=\"article:publisher\" content=\"https:\/\/www.facebook.com\/SchweizerMusikzeitung\/\" \/>\n<meta property=\"article:author\" content=\"https:\/\/www.facebook.com\/wolfgang.bohler.75\" \/>\n<meta property=\"article:published_time\" content=\"2023-02-23T05:35:35+00:00\" \/>\n<meta property=\"article:modified_time\" content=\"2023-02-23T14:28:18+00:00\" \/>\n<meta property=\"og:image\" content=\"https:\/\/www.musikzeitung.ch\/wp-content\/uploads\/2023\/02\/230223rechsteiner.jpg\" \/>\n\t<meta property=\"og:image:width\" content=\"1148\" \/>\n\t<meta property=\"og:image:height\" content=\"808\" \/>\n\t<meta property=\"og:image:type\" content=\"image\/jpeg\" \/>\n<meta name=\"author\" content=\"Wolfgang B\u00f6hler\" \/>\n<meta name=\"twitter:card\" content=\"summary_large_image\" \/>\n<meta name=\"twitter:creator\" content=\"@smusikzeitung\" \/>\n<meta name=\"twitter:site\" content=\"@smusikzeitung\" \/>\n<meta name=\"twitter:label1\" content=\"Written by\" \/>\n\t<meta name=\"twitter:data1\" content=\"Wolfgang B\u00f6hler\" \/>\n\t<meta name=\"twitter:label2\" content=\"Est. reading time\" \/>\n\t<meta name=\"twitter:data2\" content=\"1 minute\" \/>\n<script type=\"application\/ld+json\" class=\"yoast-schema-graph\">{\"@context\":\"https:\\\/\\\/schema.org\",\"@graph\":[{\"@type\":\"Article\",\"@id\":\"https:\\\/\\\/www.musikzeitung.ch\\\/news\\\/2023\\\/02\\\/tod-des-hackbrettspieler-karl-rechsteiner#article\",\"isPartOf\":{\"@id\":\"https:\\\/\\\/www.musikzeitung.ch\\\/news\\\/2023\\\/02\\\/tod-des-hackbrettspieler-karl-rechsteiner\"},\"author\":{\"name\":\"Wolfgang B\u00f6hler\",\"@id\":\"https:\\\/\\\/www.musikzeitung.ch\\\/#\\\/schema\\\/person\\\/0da4fb82d243f1252850a35d0e87cf0c\"},\"headline\":\"Tod des Hackbrettspielers Karl Rechsteiner\",\"datePublished\":\"2023-02-23T05:35:35+00:00\",\"dateModified\":\"2023-02-23T14:28:18+00:00\",\"mainEntityOfPage\":{\"@id\":\"https:\\\/\\\/www.musikzeitung.ch\\\/news\\\/2023\\\/02\\\/tod-des-hackbrettspieler-karl-rechsteiner\"},\"wordCount\":130,\"publisher\":{\"@id\":\"https:\\\/\\\/www.musikzeitung.ch\\\/#organization\"},\"image\":{\"@id\":\"https:\\\/\\\/www.musikzeitung.ch\\\/news\\\/2023\\\/02\\\/tod-des-hackbrettspieler-karl-rechsteiner#primaryimage\"},\"thumbnailUrl\":\"https:\\\/\\\/www.musikzeitung.ch\\\/wp-content\\\/uploads\\\/2023\\\/02\\\/230223rechsteiner.jpg\",\"keywords\":[\"Appenzeller Hackbrett\",\"Karl Rechsteiner\"],\"articleSection\":[\"News\"],\"inLanguage\":\"en-US\"},{\"@type\":\"WebPage\",\"@id\":\"https:\\\/\\\/www.musikzeitung.ch\\\/news\\\/2023\\\/02\\\/tod-des-hackbrettspieler-karl-rechsteiner\",\"url\":\"https:\\\/\\\/www.musikzeitung.ch\\\/news\\\/2023\\\/02\\\/tod-des-hackbrettspieler-karl-rechsteiner\",\"name\":\"Tod des Hackbrettspielers Karl Rechsteiner - Schweizer Musikzeitung\",\"isPartOf\":{\"@id\":\"https:\\\/\\\/www.musikzeitung.ch\\\/#website\"},\"primaryImageOfPage\":{\"@id\":\"https:\\\/\\\/www.musikzeitung.ch\\\/news\\\/2023\\\/02\\\/tod-des-hackbrettspieler-karl-rechsteiner#primaryimage\"},\"image\":{\"@id\":\"https:\\\/\\\/www.musikzeitung.ch\\\/news\\\/2023\\\/02\\\/tod-des-hackbrettspieler-karl-rechsteiner#primaryimage\"},\"thumbnailUrl\":\"https:\\\/\\\/www.musikzeitung.ch\\\/wp-content\\\/uploads\\\/2023\\\/02\\\/230223rechsteiner.jpg\",\"datePublished\":\"2023-02-23T05:35:35+00:00\",\"dateModified\":\"2023-02-23T14:28:18+00:00\",\"breadcrumb\":{\"@id\":\"https:\\\/\\\/www.musikzeitung.ch\\\/news\\\/2023\\\/02\\\/tod-des-hackbrettspieler-karl-rechsteiner#breadcrumb\"},\"inLanguage\":\"en-US\",\"potentialAction\":[{\"@type\":\"ReadAction\",\"target\":[\"https:\\\/\\\/www.musikzeitung.ch\\\/news\\\/2023\\\/02\\\/tod-des-hackbrettspieler-karl-rechsteiner\"]}]},{\"@type\":\"ImageObject\",\"inLanguage\":\"en-US\",\"@id\":\"https:\\\/\\\/www.musikzeitung.ch\\\/news\\\/2023\\\/02\\\/tod-des-hackbrettspieler-karl-rechsteiner#primaryimage\",\"url\":\"https:\\\/\\\/www.musikzeitung.ch\\\/wp-content\\\/uploads\\\/2023\\\/02\\\/230223rechsteiner.jpg\",\"contentUrl\":\"https:\\\/\\\/www.musikzeitung.ch\\\/wp-content\\\/uploads\\\/2023\\\/02\\\/230223rechsteiner.jpg\",\"width\":1148,\"height\":808,\"caption\":\"Kari Rechsteiner (Bild: zVg)\"},{\"@type\":\"BreadcrumbList\",\"@id\":\"https:\\\/\\\/www.musikzeitung.ch\\\/news\\\/2023\\\/02\\\/tod-des-hackbrettspieler-karl-rechsteiner#breadcrumb\",\"itemListElement\":[{\"@type\":\"ListItem\",\"position\":1,\"name\":\"Home\",\"item\":\"https:\\\/\\\/www.musikzeitung.ch\\\/\"},{\"@type\":\"ListItem\",\"position\":2,\"name\":\"Tod des Hackbrettspielers Karl Rechsteiner\"}]},{\"@type\":\"WebSite\",\"@id\":\"https:\\\/\\\/www.musikzeitung.ch\\\/#website\",\"url\":\"https:\\\/\\\/www.musikzeitung.ch\\\/\",\"name\":\"Schweizer Musikzeitung\",\"description\":\"Die f\u00fchrende sparten\u00fcbergreifende Monatszeitung in der Schweiz f\u00fcr musikalische Fragen.\",\"publisher\":{\"@id\":\"https:\\\/\\\/www.musikzeitung.ch\\\/#organization\"},\"potentialAction\":[{\"@type\":\"SearchAction\",\"target\":{\"@type\":\"EntryPoint\",\"urlTemplate\":\"https:\\\/\\\/www.musikzeitung.ch\\\/?s={search_term_string}\"},\"query-input\":{\"@type\":\"PropertyValueSpecification\",\"valueRequired\":true,\"valueName\":\"search_term_string\"}}],\"inLanguage\":\"en-US\"},{\"@type\":\"Organization\",\"@id\":\"https:\\\/\\\/www.musikzeitung.ch\\\/#organization\",\"name\":\"Schweizer Musikzeitung\",\"url\":\"https:\\\/\\\/www.musikzeitung.ch\\\/\",\"logo\":{\"@type\":\"ImageObject\",\"inLanguage\":\"en-US\",\"@id\":\"https:\\\/\\\/www.musikzeitung.ch\\\/#\\\/schema\\\/logo\\\/image\\\/\",\"url\":\"https:\\\/\\\/www.musikzeitung.ch\\\/wp-content\\\/uploads\\\/2023\\\/01\\\/SMZ_Schriftzug_Sprache.png\",\"contentUrl\":\"https:\\\/\\\/www.musikzeitung.ch\\\/wp-content\\\/uploads\\\/2023\\\/01\\\/SMZ_Schriftzug_Sprache.png\",\"width\":1400,\"height\":279,\"caption\":\"Schweizer Musikzeitung\"},\"image\":{\"@id\":\"https:\\\/\\\/www.musikzeitung.ch\\\/#\\\/schema\\\/logo\\\/image\\\/\"},\"sameAs\":[\"https:\\\/\\\/www.facebook.com\\\/SchweizerMusikzeitung\\\/\",\"https:\\\/\\\/x.com\\\/smusikzeitung\",\"https:\\\/\\\/www.instagram.com\\\/musikzeitung.ch\\\/\"]},{\"@type\":\"Person\",\"@id\":\"https:\\\/\\\/www.musikzeitung.ch\\\/#\\\/schema\\\/person\\\/0da4fb82d243f1252850a35d0e87cf0c\",\"name\":\"Wolfgang B\u00f6hler\",\"image\":{\"@type\":\"ImageObject\",\"inLanguage\":\"en-US\",\"@id\":\"https:\\\/\\\/www.musikzeitung.ch\\\/wp-content\\\/uploads\\\/2023\\\/01\\\/boehler_portraet_web-e1674139782246-96x96.jpg\",\"url\":\"https:\\\/\\\/www.musikzeitung.ch\\\/wp-content\\\/uploads\\\/2023\\\/01\\\/boehler_portraet_web-e1674139782246-96x96.jpg\",\"contentUrl\":\"https:\\\/\\\/www.musikzeitung.ch\\\/wp-content\\\/uploads\\\/2023\\\/01\\\/boehler_portraet_web-e1674139782246-96x96.jpg\",\"caption\":\"Wolfgang B\u00f6hler\"},\"sameAs\":[\"http:\\\/\\\/www.manacanto.ch\",\"https:\\\/\\\/www.facebook.com\\\/wolfgang.bohler.75\"],\"url\":\"https:\\\/\\\/www.musikzeitung.ch\\\/en\\\/author\\\/wolfgang-boehler\"}]}<\/script>\n<!-- \/ Yoast SEO plugin. -->","yoast_head_json":{"title":"Tod des Hackbrettspielers Karl Rechsteiner - Schweizer Musikzeitung","robots":{"index":"index","follow":"follow","max-snippet":"max-snippet:-1","max-image-preview":"max-image-preview:large","max-video-preview":"max-video-preview:-1"},"canonical":"https:\/\/www.musikzeitung.ch\/en\/news\/2023\/02\/tod-des-hackbrettspieler-karl-rechsteiner\/","og_locale":"en_US","og_type":"article","og_title":"Tod des Hackbrettspielers Karl Rechsteiner - Schweizer Musikzeitung","og_description":"Der weit \u00fcber die Region Bern hinaus bekannte Hackbrettspieler Karl Rechsteiner ist im Alter von 98 Jahren gestorben. Bekannt wurde er vor allem durch die Musik seiner Stubemusig Rechsteiner im Erfolgsfilm \u00abDie Herbstzeitlosen\u00bb.","og_url":"https:\/\/www.musikzeitung.ch\/en\/news\/2023\/02\/tod-des-hackbrettspieler-karl-rechsteiner\/","og_site_name":"Schweizer Musikzeitung","article_publisher":"https:\/\/www.facebook.com\/SchweizerMusikzeitung\/","article_author":"https:\/\/www.facebook.com\/wolfgang.bohler.75","article_published_time":"2023-02-23T05:35:35+00:00","article_modified_time":"2023-02-23T14:28:18+00:00","og_image":[{"width":1148,"height":808,"url":"https:\/\/www.musikzeitung.ch\/wp-content\/uploads\/2023\/02\/230223rechsteiner.jpg","type":"image\/jpeg"}],"author":"Wolfgang B\u00f6hler","twitter_card":"summary_large_image","twitter_creator":"@smusikzeitung","twitter_site":"@smusikzeitung","twitter_misc":{"Written by":"Wolfgang B\u00f6hler","Est. reading time":"1 minute"},"schema":{"@context":"https:\/\/schema.org","@graph":[{"@type":"Article","@id":"https:\/\/www.musikzeitung.ch\/news\/2023\/02\/tod-des-hackbrettspieler-karl-rechsteiner#article","isPartOf":{"@id":"https:\/\/www.musikzeitung.ch\/news\/2023\/02\/tod-des-hackbrettspieler-karl-rechsteiner"},"author":{"name":"Wolfgang B\u00f6hler","@id":"https:\/\/www.musikzeitung.ch\/#\/schema\/person\/0da4fb82d243f1252850a35d0e87cf0c"},"headline":"Tod des Hackbrettspielers Karl Rechsteiner","datePublished":"2023-02-23T05:35:35+00:00","dateModified":"2023-02-23T14:28:18+00:00","mainEntityOfPage":{"@id":"https:\/\/www.musikzeitung.ch\/news\/2023\/02\/tod-des-hackbrettspieler-karl-rechsteiner"},"wordCount":130,"publisher":{"@id":"https:\/\/www.musikzeitung.ch\/#organization"},"image":{"@id":"https:\/\/www.musikzeitung.ch\/news\/2023\/02\/tod-des-hackbrettspieler-karl-rechsteiner#primaryimage"},"thumbnailUrl":"https:\/\/www.musikzeitung.ch\/wp-content\/uploads\/2023\/02\/230223rechsteiner.jpg","keywords":["Appenzeller Hackbrett","Karl Rechsteiner"],"articleSection":["News"],"inLanguage":"en-US"},{"@type":"WebPage","@id":"https:\/\/www.musikzeitung.ch\/news\/2023\/02\/tod-des-hackbrettspieler-karl-rechsteiner","url":"https:\/\/www.musikzeitung.ch\/news\/2023\/02\/tod-des-hackbrettspieler-karl-rechsteiner","name":"Tod des Hackbrettspielers Karl Rechsteiner - Schweizer Musikzeitung","isPartOf":{"@id":"https:\/\/www.musikzeitung.ch\/#website"},"primaryImageOfPage":{"@id":"https:\/\/www.musikzeitung.ch\/news\/2023\/02\/tod-des-hackbrettspieler-karl-rechsteiner#primaryimage"},"image":{"@id":"https:\/\/www.musikzeitung.ch\/news\/2023\/02\/tod-des-hackbrettspieler-karl-rechsteiner#primaryimage"},"thumbnailUrl":"https:\/\/www.musikzeitung.ch\/wp-content\/uploads\/2023\/02\/230223rechsteiner.jpg","datePublished":"2023-02-23T05:35:35+00:00","dateModified":"2023-02-23T14:28:18+00:00","breadcrumb":{"@id":"https:\/\/www.musikzeitung.ch\/news\/2023\/02\/tod-des-hackbrettspieler-karl-rechsteiner#breadcrumb"},"inLanguage":"en-US","potentialAction":[{"@type":"ReadAction","target":["https:\/\/www.musikzeitung.ch\/news\/2023\/02\/tod-des-hackbrettspieler-karl-rechsteiner"]}]},{"@type":"ImageObject","inLanguage":"en-US","@id":"https:\/\/www.musikzeitung.ch\/news\/2023\/02\/tod-des-hackbrettspieler-karl-rechsteiner#primaryimage","url":"https:\/\/www.musikzeitung.ch\/wp-content\/uploads\/2023\/02\/230223rechsteiner.jpg","contentUrl":"https:\/\/www.musikzeitung.ch\/wp-content\/uploads\/2023\/02\/230223rechsteiner.jpg","width":1148,"height":808,"caption":"Kari Rechsteiner (Bild: zVg)"},{"@type":"BreadcrumbList","@id":"https:\/\/www.musikzeitung.ch\/news\/2023\/02\/tod-des-hackbrettspieler-karl-rechsteiner#breadcrumb","itemListElement":[{"@type":"ListItem","position":1,"name":"Home","item":"https:\/\/www.musikzeitung.ch\/"},{"@type":"ListItem","position":2,"name":"Tod des Hackbrettspielers Karl Rechsteiner"}]},{"@type":"WebSite","@id":"https:\/\/www.musikzeitung.ch\/#website","url":"https:\/\/www.musikzeitung.ch\/","name":"Swiss Music Newspaper","description":"The leading interdisciplinary monthly newspaper in Switzerland for musical issues.","publisher":{"@id":"https:\/\/www.musikzeitung.ch\/#organization"},"potentialAction":[{"@type":"SearchAction","target":{"@type":"EntryPoint","urlTemplate":"https:\/\/www.musikzeitung.ch\/?s={search_term_string}"},"query-input":{"@type":"PropertyValueSpecification","valueRequired":true,"valueName":"search_term_string"}}],"inLanguage":"en-US"},{"@type":"Organization","@id":"https:\/\/www.musikzeitung.ch\/#organization","name":"Swiss Music Newspaper","url":"https:\/\/www.musikzeitung.ch\/","logo":{"@type":"ImageObject","inLanguage":"en-US","@id":"https:\/\/www.musikzeitung.ch\/#\/schema\/logo\/image\/","url":"https:\/\/www.musikzeitung.ch\/wp-content\/uploads\/2023\/01\/SMZ_Schriftzug_Sprache.png","contentUrl":"https:\/\/www.musikzeitung.ch\/wp-content\/uploads\/2023\/01\/SMZ_Schriftzug_Sprache.png","width":1400,"height":279,"caption":"Schweizer Musikzeitung"},"image":{"@id":"https:\/\/www.musikzeitung.ch\/#\/schema\/logo\/image\/"},"sameAs":["https:\/\/www.facebook.com\/SchweizerMusikzeitung\/","https:\/\/x.com\/smusikzeitung","https:\/\/www.instagram.com\/musikzeitung.ch\/"]},{"@type":"Person","@id":"https:\/\/www.musikzeitung.ch\/#\/schema\/person\/0da4fb82d243f1252850a35d0e87cf0c","name":"Wolfgang B\u00f6hler","image":{"@type":"ImageObject","inLanguage":"en-US","@id":"https:\/\/www.musikzeitung.ch\/wp-content\/uploads\/2023\/01\/boehler_portraet_web-e1674139782246-96x96.jpg","url":"https:\/\/www.musikzeitung.ch\/wp-content\/uploads\/2023\/01\/boehler_portraet_web-e1674139782246-96x96.jpg","contentUrl":"https:\/\/www.musikzeitung.ch\/wp-content\/uploads\/2023\/01\/boehler_portraet_web-e1674139782246-96x96.jpg","caption":"Wolfgang B\u00f6hler"},"sameAs":["http:\/\/www.manacanto.ch","https:\/\/www.facebook.com\/wolfgang.bohler.75"],"url":"https:\/\/www.musikzeitung.ch\/en\/author\/wolfgang-boehler"}]}},"publishpress_future_workflow_manual_trigger":{"enabledWorkflows":[]},"_links":{"self":[{"href":"https:\/\/www.musikzeitung.ch\/en\/wp-json\/wp\/v2\/posts\/41563","targetHints":{"allow":["GET"]}}],"collection":[{"href":"https:\/\/www.musikzeitung.ch\/en\/wp-json\/wp\/v2\/posts"}],"about":[{"href":"https:\/\/www.musikzeitung.ch\/en\/wp-json\/wp\/v2\/types\/post"}],"author":[{"embeddable":true,"href":"https:\/\/www.musikzeitung.ch\/en\/wp-json\/wp\/v2\/users\/30"}],"replies":[{"embeddable":true,"href":"https:\/\/www.musikzeitung.ch\/en\/wp-json\/wp\/v2\/comments?post=41563"}],"version-history":[{"count":2,"href":"https:\/\/www.musikzeitung.ch\/en\/wp-json\/wp\/v2\/posts\/41563\/revisions"}],"predecessor-version":[{"id":41566,"href":"https:\/\/www.musikzeitung.ch\/en\/wp-json\/wp\/v2\/posts\/41563\/revisions\/41566"}],"wp:featuredmedia":[{"embeddable":true,"href":"https:\/\/www.musikzeitung.ch\/en\/wp-json\/wp\/v2\/media\/41564"}],"wp:attachment":[{"href":"https:\/\/www.musikzeitung.ch\/en\/wp-json\/wp\/v2\/media?parent=41563"}],"wp:term":[{"taxonomy":"category","embeddable":true,"href":"https:\/\/www.musikzeitung.ch\/en\/wp-json\/wp\/v2\/categories?post=41563"},{"taxonomy":"post_tag","embeddable":true,"href":"https:\/\/www.musikzeitung.ch\/en\/wp-json\/wp\/v2\/tags?post=41563"}],"curies":[{"name":"wp","href":"https:\/\/api.w.org\/{rel}","templated":true}]}}