{"id":41590,"date":"2023-02-23T15:25:35","date_gmt":"2023-02-23T14:25:35","guid":{"rendered":"https:\/\/www.musikzeitung.ch\/?p=41590"},"modified":"2023-02-23T15:25:35","modified_gmt":"2023-02-23T14:25:35","slug":"kammermusikfestival-fruehlingserwachen","status":"publish","type":"post","link":"https:\/\/www.musikzeitung.ch\/en\/service\/2023\/02\/kammermusikfestival-fruehlingserwachen","title":{"rendered":"Spring Awakening\" chamber music festival"},"content":{"rendered":"<figure id=\"attachment_41591\" aria-describedby=\"caption-attachment-41591\" style=\"width: 3500px\" class=\"wp-caption alignnone\"><img loading=\"lazy\" decoding=\"async\" class=\"size-full wp-image-41591\" src=\"https:\/\/www.musikzeitung.ch\/wp-content\/uploads\/2023\/02\/sb.jpg\" alt=\"\" width=\"3500\" height=\"2334\" srcset=\"https:\/\/www.musikzeitung.ch\/wp-content\/uploads\/2023\/02\/sb.jpg 1400w, https:\/\/www.musikzeitung.ch\/wp-content\/uploads\/2023\/02\/sb-300x200.jpg 300w, https:\/\/www.musikzeitung.ch\/wp-content\/uploads\/2023\/02\/sb-1024x683.jpg 1024w, https:\/\/www.musikzeitung.ch\/wp-content\/uploads\/2023\/02\/sb-600x400.jpg 600w, https:\/\/www.musikzeitung.ch\/wp-content\/uploads\/2023\/02\/sb-768x512.jpg 768w, https:\/\/www.musikzeitung.ch\/wp-content\/uploads\/2023\/02\/sb-1536x1024.jpg 1536w, https:\/\/www.musikzeitung.ch\/wp-content\/uploads\/2023\/02\/sb-2048x1366.jpg 2048w, https:\/\/www.musikzeitung.ch\/wp-content\/uploads\/2023\/02\/sb-262x175.jpg 262w, https:\/\/www.musikzeitung.ch\/wp-content\/uploads\/2023\/02\/sb-525x350.jpg 525w, https:\/\/www.musikzeitung.ch\/wp-content\/uploads\/2023\/02\/sb-1200x800.jpg 1200w, https:\/\/www.musikzeitung.ch\/wp-content\/uploads\/2023\/02\/sb-920x614.jpg 920w\" sizes=\"auto, (max-width: 3500px) 100vw, 3500px\" \/><figcaption id=\"caption-attachment-41591\" class=\"wp-caption-text\">Sebastian Bohren is Artist in Residence and is responsible for the program of the new chamber music festival in Muri. Photo: Marco Borggreve<\/figcaption><\/figure>\n<p>The festival takes place as part of the<a href=\"https:\/\/www.murikultur.ch\/musik-im-festsaal\" target=\"_blank\" rel=\"noopener\"> Series \"Music in the ballroom\"<\/a> takes place. In addition to <a href=\"https:\/\/www.sebastianbohren.ch\/de\/\" target=\"_blank\" rel=\"noopener\">Sebastian Bohren,<\/a> who also performs as a violinist, international artists can be heard: the Japanese pianist Mao Fujita, the bassist Dominik Wagner from Austria, the Russian cellist Anastasia Kobekina, the pianist Lucas Debargue, the violist Blythe Teh Engstroem and the pianist Konstantin Lifschitz. In addition to a great deal of classical repertoire <em>The magic of tinnitus<\/em> by the Zurich composer <a href=\"https:\/\/www.martinwettstein.net\/\" target=\"_blank\" rel=\"noopener\">Martin Wettstein<\/a> on the program.<\/p>\n<h3>A new hall<\/h3>\n<p>The concerts of the \"Spring Awakening\" chamber music festival take place in the Singisen Hall of Muri Abbey. This room was previously used as a reading room. With the newly renovated hall, Muri now has a venue that is suitable for chamber music in terms of acoustics and size, in addition to the large banqueting hall.<\/p>","protected":false},"excerpt":{"rendered":"<p>On the weekends of March 18 and 19 and March 25 and 26, 2023, the chamber music festival \"Spring Awakening\" will be held for the first time in the newly renovated Singisen Hall of the former Muri\/AG monastery. <\/p>","protected":false},"author":23,"featured_media":41591,"comment_status":"closed","ping_status":"closed","sticky":false,"template":"","format":"standard","meta":{"_acf_changed":false,"_relevanssi_hide_post":"","_relevanssi_hide_content":"","_relevanssi_pin_for_all":"","_relevanssi_pin_keywords":"","_relevanssi_unpin_keywords":"","_relevanssi_related_keywords":"","_relevanssi_related_include_ids":"","_relevanssi_related_exclude_ids":"","_relevanssi_related_no_append":"","_relevanssi_related_not_related":"","_relevanssi_related_posts":"","_relevanssi_noindex_reason":"","pgc_sgb_lightbox_settings":"","footnotes":""},"categories":[30],"tags":[2068,2071,2070,2069,2067],"class_list":["post-41590","post","type-post","status-publish","format-standard","has-post-thumbnail","hentry","category-service","tag-kammermusikfestival","tag-kloster-muri","tag-martin-wettstein","tag-sebastian-bohren","tag-singisen-saal"],"acf":[],"yoast_head":"<!-- This site is optimized with the Yoast SEO plugin v27.4 - https:\/\/yoast.com\/product\/yoast-seo-wordpress\/ -->\n<title>Kammermusikfestival \u00abFr\u00fchlingserwachen\u00bb - Schweizer Musikzeitung<\/title>\n<meta name=\"robots\" content=\"index, follow, max-snippet:-1, max-image-preview:large, max-video-preview:-1\" \/>\n<link rel=\"canonical\" href=\"https:\/\/www.musikzeitung.ch\/en\/service\/2023\/02\/kammermusikfestival-fruehlingserwachen\/\" \/>\n<meta property=\"og:locale\" content=\"en_US\" \/>\n<meta property=\"og:type\" content=\"article\" \/>\n<meta property=\"og:title\" content=\"Kammermusikfestival \u00abFr\u00fchlingserwachen\u00bb - Schweizer Musikzeitung\" \/>\n<meta property=\"og:description\" content=\"An den Wochenenden vom 18. und 19. sowie 25. und 26. M\u00e4rz 2023 wird im neu hergerichteten Singisen Saal des ehemaligen Klosters Muri\/AG erstmals das Kammermusikfestival \u00abFr\u00fchlingserwachen\u00bb durchgef\u00fchrt.\" \/>\n<meta property=\"og:url\" content=\"https:\/\/www.musikzeitung.ch\/en\/service\/2023\/02\/kammermusikfestival-fruehlingserwachen\/\" \/>\n<meta property=\"og:site_name\" content=\"Schweizer Musikzeitung\" \/>\n<meta property=\"article:publisher\" content=\"https:\/\/www.facebook.com\/SchweizerMusikzeitung\/\" \/>\n<meta property=\"article:published_time\" content=\"2023-02-23T14:25:35+00:00\" \/>\n<meta property=\"og:image\" content=\"https:\/\/www.musikzeitung.ch\/wp-content\/uploads\/2023\/02\/sb-1024x683.jpg\" \/>\n\t<meta property=\"og:image:width\" content=\"1024\" \/>\n\t<meta property=\"og:image:height\" content=\"683\" \/>\n\t<meta property=\"og:image:type\" content=\"image\/jpeg\" \/>\n<meta name=\"author\" content=\"Katrin Spelinova\" \/>\n<meta name=\"twitter:card\" content=\"summary_large_image\" \/>\n<meta name=\"twitter:creator\" content=\"@testredaktor\" \/>\n<meta name=\"twitter:site\" content=\"@smusikzeitung\" \/>\n<meta name=\"twitter:label1\" content=\"Written by\" \/>\n\t<meta name=\"twitter:data1\" content=\"Katrin Spelinova\" \/>\n\t<meta name=\"twitter:label2\" content=\"Est. reading time\" \/>\n\t<meta name=\"twitter:data2\" content=\"2 minutes\" \/>\n<script type=\"application\/ld+json\" class=\"yoast-schema-graph\">{\"@context\":\"https:\\\/\\\/schema.org\",\"@graph\":[{\"@type\":\"Article\",\"@id\":\"https:\\\/\\\/www.musikzeitung.ch\\\/service\\\/2023\\\/02\\\/kammermusikfestival-fruehlingserwachen#article\",\"isPartOf\":{\"@id\":\"https:\\\/\\\/www.musikzeitung.ch\\\/service\\\/2023\\\/02\\\/kammermusikfestival-fruehlingserwachen\"},\"author\":{\"name\":\"Katrin Spelinova\",\"@id\":\"https:\\\/\\\/www.musikzeitung.ch\\\/#\\\/schema\\\/person\\\/dce7e5b820812d9af4db2f787d1bec92\"},\"headline\":\"Kammermusikfestival \u00abFr\u00fchlingserwachen\u00bb\",\"datePublished\":\"2023-02-23T14:25:35+00:00\",\"mainEntityOfPage\":{\"@id\":\"https:\\\/\\\/www.musikzeitung.ch\\\/service\\\/2023\\\/02\\\/kammermusikfestival-fruehlingserwachen\"},\"wordCount\":159,\"publisher\":{\"@id\":\"https:\\\/\\\/www.musikzeitung.ch\\\/#organization\"},\"image\":{\"@id\":\"https:\\\/\\\/www.musikzeitung.ch\\\/service\\\/2023\\\/02\\\/kammermusikfestival-fruehlingserwachen#primaryimage\"},\"thumbnailUrl\":\"https:\\\/\\\/www.musikzeitung.ch\\\/wp-content\\\/uploads\\\/2023\\\/02\\\/sb.jpg\",\"keywords\":[\"Kammermusikfestival\",\"Kloster Muri\",\"Martin Wettstein\",\"Sebastian Bohren\",\"Singisen Saal\"],\"articleSection\":[\"Service\"],\"inLanguage\":\"en-US\"},{\"@type\":\"WebPage\",\"@id\":\"https:\\\/\\\/www.musikzeitung.ch\\\/service\\\/2023\\\/02\\\/kammermusikfestival-fruehlingserwachen\",\"url\":\"https:\\\/\\\/www.musikzeitung.ch\\\/service\\\/2023\\\/02\\\/kammermusikfestival-fruehlingserwachen\",\"name\":\"Kammermusikfestival \u00abFr\u00fchlingserwachen\u00bb - Schweizer Musikzeitung\",\"isPartOf\":{\"@id\":\"https:\\\/\\\/www.musikzeitung.ch\\\/#website\"},\"primaryImageOfPage\":{\"@id\":\"https:\\\/\\\/www.musikzeitung.ch\\\/service\\\/2023\\\/02\\\/kammermusikfestival-fruehlingserwachen#primaryimage\"},\"image\":{\"@id\":\"https:\\\/\\\/www.musikzeitung.ch\\\/service\\\/2023\\\/02\\\/kammermusikfestival-fruehlingserwachen#primaryimage\"},\"thumbnailUrl\":\"https:\\\/\\\/www.musikzeitung.ch\\\/wp-content\\\/uploads\\\/2023\\\/02\\\/sb.jpg\",\"datePublished\":\"2023-02-23T14:25:35+00:00\",\"breadcrumb\":{\"@id\":\"https:\\\/\\\/www.musikzeitung.ch\\\/service\\\/2023\\\/02\\\/kammermusikfestival-fruehlingserwachen#breadcrumb\"},\"inLanguage\":\"en-US\",\"potentialAction\":[{\"@type\":\"ReadAction\",\"target\":[\"https:\\\/\\\/www.musikzeitung.ch\\\/service\\\/2023\\\/02\\\/kammermusikfestival-fruehlingserwachen\"]}]},{\"@type\":\"ImageObject\",\"inLanguage\":\"en-US\",\"@id\":\"https:\\\/\\\/www.musikzeitung.ch\\\/service\\\/2023\\\/02\\\/kammermusikfestival-fruehlingserwachen#primaryimage\",\"url\":\"https:\\\/\\\/www.musikzeitung.ch\\\/wp-content\\\/uploads\\\/2023\\\/02\\\/sb.jpg\",\"contentUrl\":\"https:\\\/\\\/www.musikzeitung.ch\\\/wp-content\\\/uploads\\\/2023\\\/02\\\/sb.jpg\",\"width\":1400,\"height\":934,\"caption\":\"Sebastian Bohren ist Artist in Residence und verantwortet das Programm des neuen Kammermusikfestivals in Muri. Foto: Marco Borggreve\"},{\"@type\":\"BreadcrumbList\",\"@id\":\"https:\\\/\\\/www.musikzeitung.ch\\\/service\\\/2023\\\/02\\\/kammermusikfestival-fruehlingserwachen#breadcrumb\",\"itemListElement\":[{\"@type\":\"ListItem\",\"position\":1,\"name\":\"Home\",\"item\":\"https:\\\/\\\/www.musikzeitung.ch\\\/\"},{\"@type\":\"ListItem\",\"position\":2,\"name\":\"Kammermusikfestival \u00abFr\u00fchlingserwachen\u00bb\"}]},{\"@type\":\"WebSite\",\"@id\":\"https:\\\/\\\/www.musikzeitung.ch\\\/#website\",\"url\":\"https:\\\/\\\/www.musikzeitung.ch\\\/\",\"name\":\"Schweizer Musikzeitung\",\"description\":\"Die f\u00fchrende sparten\u00fcbergreifende Monatszeitung in der Schweiz f\u00fcr musikalische Fragen.\",\"publisher\":{\"@id\":\"https:\\\/\\\/www.musikzeitung.ch\\\/#organization\"},\"potentialAction\":[{\"@type\":\"SearchAction\",\"target\":{\"@type\":\"EntryPoint\",\"urlTemplate\":\"https:\\\/\\\/www.musikzeitung.ch\\\/?s={search_term_string}\"},\"query-input\":{\"@type\":\"PropertyValueSpecification\",\"valueRequired\":true,\"valueName\":\"search_term_string\"}}],\"inLanguage\":\"en-US\"},{\"@type\":\"Organization\",\"@id\":\"https:\\\/\\\/www.musikzeitung.ch\\\/#organization\",\"name\":\"Schweizer Musikzeitung\",\"url\":\"https:\\\/\\\/www.musikzeitung.ch\\\/\",\"logo\":{\"@type\":\"ImageObject\",\"inLanguage\":\"en-US\",\"@id\":\"https:\\\/\\\/www.musikzeitung.ch\\\/#\\\/schema\\\/logo\\\/image\\\/\",\"url\":\"https:\\\/\\\/www.musikzeitung.ch\\\/wp-content\\\/uploads\\\/2023\\\/01\\\/SMZ_Schriftzug_Sprache.png\",\"contentUrl\":\"https:\\\/\\\/www.musikzeitung.ch\\\/wp-content\\\/uploads\\\/2023\\\/01\\\/SMZ_Schriftzug_Sprache.png\",\"width\":1400,\"height\":279,\"caption\":\"Schweizer Musikzeitung\"},\"image\":{\"@id\":\"https:\\\/\\\/www.musikzeitung.ch\\\/#\\\/schema\\\/logo\\\/image\\\/\"},\"sameAs\":[\"https:\\\/\\\/www.facebook.com\\\/SchweizerMusikzeitung\\\/\",\"https:\\\/\\\/x.com\\\/smusikzeitung\",\"https:\\\/\\\/www.instagram.com\\\/musikzeitung.ch\\\/\"]},{\"@type\":\"Person\",\"@id\":\"https:\\\/\\\/www.musikzeitung.ch\\\/#\\\/schema\\\/person\\\/dce7e5b820812d9af4db2f787d1bec92\",\"name\":\"Katrin Spelinova\",\"image\":{\"@type\":\"ImageObject\",\"inLanguage\":\"en-US\",\"@id\":\"https:\\\/\\\/secure.gravatar.com\\\/avatar\\\/2a2c2956e074ebca9bf65620496cd2e317d90b8c76450e9dd04d7cebf95eeada?s=96&d=mm&r=g\",\"url\":\"https:\\\/\\\/secure.gravatar.com\\\/avatar\\\/2a2c2956e074ebca9bf65620496cd2e317d90b8c76450e9dd04d7cebf95eeada?s=96&d=mm&r=g\",\"contentUrl\":\"https:\\\/\\\/secure.gravatar.com\\\/avatar\\\/2a2c2956e074ebca9bf65620496cd2e317d90b8c76450e9dd04d7cebf95eeada?s=96&d=mm&r=g\",\"caption\":\"Katrin Spelinova\"},\"sameAs\":[\"https:\\\/\\\/x.com\\\/testredaktor\"],\"url\":\"https:\\\/\\\/www.musikzeitung.ch\\\/en\\\/author\\\/spelkat\"}]}<\/script>\n<!-- \/ Yoast SEO plugin. -->","yoast_head_json":{"title":"Spring Awakening\u00ab chamber music festival - Schweizer Musikzeitung","robots":{"index":"index","follow":"follow","max-snippet":"max-snippet:-1","max-image-preview":"max-image-preview:large","max-video-preview":"max-video-preview:-1"},"canonical":"https:\/\/www.musikzeitung.ch\/en\/service\/2023\/02\/kammermusikfestival-fruehlingserwachen\/","og_locale":"en_US","og_type":"article","og_title":"Kammermusikfestival \u00abFr\u00fchlingserwachen\u00bb - Schweizer Musikzeitung","og_description":"An den Wochenenden vom 18. und 19. sowie 25. und 26. M\u00e4rz 2023 wird im neu hergerichteten Singisen Saal des ehemaligen Klosters Muri\/AG erstmals das Kammermusikfestival \u00abFr\u00fchlingserwachen\u00bb durchgef\u00fchrt.","og_url":"https:\/\/www.musikzeitung.ch\/en\/service\/2023\/02\/kammermusikfestival-fruehlingserwachen\/","og_site_name":"Schweizer Musikzeitung","article_publisher":"https:\/\/www.facebook.com\/SchweizerMusikzeitung\/","article_published_time":"2023-02-23T14:25:35+00:00","og_image":[{"width":1024,"height":683,"url":"https:\/\/www.musikzeitung.ch\/wp-content\/uploads\/2023\/02\/sb-1024x683.jpg","type":"image\/jpeg"}],"author":"Katrin Spelinova","twitter_card":"summary_large_image","twitter_creator":"@testredaktor","twitter_site":"@smusikzeitung","twitter_misc":{"Written by":"Katrin Spelinova","Est. reading time":"2 minutes"},"schema":{"@context":"https:\/\/schema.org","@graph":[{"@type":"Article","@id":"https:\/\/www.musikzeitung.ch\/service\/2023\/02\/kammermusikfestival-fruehlingserwachen#article","isPartOf":{"@id":"https:\/\/www.musikzeitung.ch\/service\/2023\/02\/kammermusikfestival-fruehlingserwachen"},"author":{"name":"Katrin Spelinova","@id":"https:\/\/www.musikzeitung.ch\/#\/schema\/person\/dce7e5b820812d9af4db2f787d1bec92"},"headline":"Kammermusikfestival \u00abFr\u00fchlingserwachen\u00bb","datePublished":"2023-02-23T14:25:35+00:00","mainEntityOfPage":{"@id":"https:\/\/www.musikzeitung.ch\/service\/2023\/02\/kammermusikfestival-fruehlingserwachen"},"wordCount":159,"publisher":{"@id":"https:\/\/www.musikzeitung.ch\/#organization"},"image":{"@id":"https:\/\/www.musikzeitung.ch\/service\/2023\/02\/kammermusikfestival-fruehlingserwachen#primaryimage"},"thumbnailUrl":"https:\/\/www.musikzeitung.ch\/wp-content\/uploads\/2023\/02\/sb.jpg","keywords":["Kammermusikfestival","Kloster Muri","Martin Wettstein","Sebastian Bohren","Singisen Saal"],"articleSection":["Service"],"inLanguage":"en-US"},{"@type":"WebPage","@id":"https:\/\/www.musikzeitung.ch\/service\/2023\/02\/kammermusikfestival-fruehlingserwachen","url":"https:\/\/www.musikzeitung.ch\/service\/2023\/02\/kammermusikfestival-fruehlingserwachen","name":"Spring Awakening\u00ab chamber music festival - Schweizer Musikzeitung","isPartOf":{"@id":"https:\/\/www.musikzeitung.ch\/#website"},"primaryImageOfPage":{"@id":"https:\/\/www.musikzeitung.ch\/service\/2023\/02\/kammermusikfestival-fruehlingserwachen#primaryimage"},"image":{"@id":"https:\/\/www.musikzeitung.ch\/service\/2023\/02\/kammermusikfestival-fruehlingserwachen#primaryimage"},"thumbnailUrl":"https:\/\/www.musikzeitung.ch\/wp-content\/uploads\/2023\/02\/sb.jpg","datePublished":"2023-02-23T14:25:35+00:00","breadcrumb":{"@id":"https:\/\/www.musikzeitung.ch\/service\/2023\/02\/kammermusikfestival-fruehlingserwachen#breadcrumb"},"inLanguage":"en-US","potentialAction":[{"@type":"ReadAction","target":["https:\/\/www.musikzeitung.ch\/service\/2023\/02\/kammermusikfestival-fruehlingserwachen"]}]},{"@type":"ImageObject","inLanguage":"en-US","@id":"https:\/\/www.musikzeitung.ch\/service\/2023\/02\/kammermusikfestival-fruehlingserwachen#primaryimage","url":"https:\/\/www.musikzeitung.ch\/wp-content\/uploads\/2023\/02\/sb.jpg","contentUrl":"https:\/\/www.musikzeitung.ch\/wp-content\/uploads\/2023\/02\/sb.jpg","width":1400,"height":934,"caption":"Sebastian Bohren ist Artist in Residence und verantwortet das Programm des neuen Kammermusikfestivals in Muri. Foto: Marco Borggreve"},{"@type":"BreadcrumbList","@id":"https:\/\/www.musikzeitung.ch\/service\/2023\/02\/kammermusikfestival-fruehlingserwachen#breadcrumb","itemListElement":[{"@type":"ListItem","position":1,"name":"Home","item":"https:\/\/www.musikzeitung.ch\/"},{"@type":"ListItem","position":2,"name":"Kammermusikfestival \u00abFr\u00fchlingserwachen\u00bb"}]},{"@type":"WebSite","@id":"https:\/\/www.musikzeitung.ch\/#website","url":"https:\/\/www.musikzeitung.ch\/","name":"Swiss Music Newspaper","description":"The leading interdisciplinary monthly newspaper in Switzerland for musical issues.","publisher":{"@id":"https:\/\/www.musikzeitung.ch\/#organization"},"potentialAction":[{"@type":"SearchAction","target":{"@type":"EntryPoint","urlTemplate":"https:\/\/www.musikzeitung.ch\/?s={search_term_string}"},"query-input":{"@type":"PropertyValueSpecification","valueRequired":true,"valueName":"search_term_string"}}],"inLanguage":"en-US"},{"@type":"Organization","@id":"https:\/\/www.musikzeitung.ch\/#organization","name":"Swiss Music Newspaper","url":"https:\/\/www.musikzeitung.ch\/","logo":{"@type":"ImageObject","inLanguage":"en-US","@id":"https:\/\/www.musikzeitung.ch\/#\/schema\/logo\/image\/","url":"https:\/\/www.musikzeitung.ch\/wp-content\/uploads\/2023\/01\/SMZ_Schriftzug_Sprache.png","contentUrl":"https:\/\/www.musikzeitung.ch\/wp-content\/uploads\/2023\/01\/SMZ_Schriftzug_Sprache.png","width":1400,"height":279,"caption":"Schweizer Musikzeitung"},"image":{"@id":"https:\/\/www.musikzeitung.ch\/#\/schema\/logo\/image\/"},"sameAs":["https:\/\/www.facebook.com\/SchweizerMusikzeitung\/","https:\/\/x.com\/smusikzeitung","https:\/\/www.instagram.com\/musikzeitung.ch\/"]},{"@type":"Person","@id":"https:\/\/www.musikzeitung.ch\/#\/schema\/person\/dce7e5b820812d9af4db2f787d1bec92","name":"Katrin Spelinova","image":{"@type":"ImageObject","inLanguage":"en-US","@id":"https:\/\/secure.gravatar.com\/avatar\/2a2c2956e074ebca9bf65620496cd2e317d90b8c76450e9dd04d7cebf95eeada?s=96&d=mm&r=g","url":"https:\/\/secure.gravatar.com\/avatar\/2a2c2956e074ebca9bf65620496cd2e317d90b8c76450e9dd04d7cebf95eeada?s=96&d=mm&r=g","contentUrl":"https:\/\/secure.gravatar.com\/avatar\/2a2c2956e074ebca9bf65620496cd2e317d90b8c76450e9dd04d7cebf95eeada?s=96&d=mm&r=g","caption":"Katrin Spelinova"},"sameAs":["https:\/\/x.com\/testredaktor"],"url":"https:\/\/www.musikzeitung.ch\/en\/author\/spelkat"}]}},"publishpress_future_workflow_manual_trigger":{"enabledWorkflows":[]},"_links":{"self":[{"href":"https:\/\/www.musikzeitung.ch\/en\/wp-json\/wp\/v2\/posts\/41590","targetHints":{"allow":["GET"]}}],"collection":[{"href":"https:\/\/www.musikzeitung.ch\/en\/wp-json\/wp\/v2\/posts"}],"about":[{"href":"https:\/\/www.musikzeitung.ch\/en\/wp-json\/wp\/v2\/types\/post"}],"author":[{"embeddable":true,"href":"https:\/\/www.musikzeitung.ch\/en\/wp-json\/wp\/v2\/users\/23"}],"replies":[{"embeddable":true,"href":"https:\/\/www.musikzeitung.ch\/en\/wp-json\/wp\/v2\/comments?post=41590"}],"version-history":[{"count":1,"href":"https:\/\/www.musikzeitung.ch\/en\/wp-json\/wp\/v2\/posts\/41590\/revisions"}],"predecessor-version":[{"id":41592,"href":"https:\/\/www.musikzeitung.ch\/en\/wp-json\/wp\/v2\/posts\/41590\/revisions\/41592"}],"wp:featuredmedia":[{"embeddable":true,"href":"https:\/\/www.musikzeitung.ch\/en\/wp-json\/wp\/v2\/media\/41591"}],"wp:attachment":[{"href":"https:\/\/www.musikzeitung.ch\/en\/wp-json\/wp\/v2\/media?parent=41590"}],"wp:term":[{"taxonomy":"category","embeddable":true,"href":"https:\/\/www.musikzeitung.ch\/en\/wp-json\/wp\/v2\/categories?post=41590"},{"taxonomy":"post_tag","embeddable":true,"href":"https:\/\/www.musikzeitung.ch\/en\/wp-json\/wp\/v2\/tags?post=41590"}],"curies":[{"name":"wp","href":"https:\/\/api.w.org\/{rel}","templated":true}]}}