{"id":4185,"date":"2013-08-02T00:00:00","date_gmt":"2013-08-01T23:00:00","guid":{"rendered":"https:\/\/www.musikzeitung.ch\/allgemein\/sueddeutsches-netzwerk-neue-musik-nimmt-taetigkeit-auf\/"},"modified":"2013-08-02T00:00:00","modified_gmt":"2013-08-01T23:00:00","slug":"sueddeutsches-netzwerk-neue-musik-nimmt-taetigkeit-auf","status":"publish","type":"post","link":"https:\/\/www.musikzeitung.ch\/en\/politik\/2013\/08\/sueddeutsches-netzwerk-neue-musik-nimmt-taetigkeit-auf","title":{"rendered":"South German New Music Network takes up activities"},"content":{"rendered":"<figure style=\"width: 1200px\" class=\"wp-caption alignnone\"><img decoding=\"async\" class=\"size-full\" src=\"https:\/\/www.musikzeitung.ch\/wp-content\/uploads\/2023\/01\/528895_web_R_K_B_by_Markus-Wegner_pixelio.de_.jpg\" alt=\"\" \/><figcaption class=\"wp-caption-text\">Graphic: Markus Wegner - pixelio.de<\/figcaption><\/figure>\n<div class='text-section'>\n<p>The Baden-W\u00fcrttemberg New Music Network brings together players from the Baden-W\u00fcrttemberg new music scene as well as representatives from universities, teacher training seminars, schools and music schools. They work closely together to develop training and mediation models and make their respective expertise available for their implementation in a collegial and constructive manner.<\/p>\n<p>The aim is to promote and communicate various new music trends in order to anchor them as a natural part of cultural life and make them available throughout the country and in all areas of society.<\/p>\n<p>The deadline for applications for the Winfried B\u00f6hler Cultural Foundation's worldwide composition competition ad libitum is November 15, 2013. The exact call for entries can be found online at <a href='http:\/\/www.miz.org\/details_29150.html'>www.miz.org\/details_29150.html<\/a>.<\/p>\n<p>More info: <a href='http:\/\/www.neuemusikbw.de'>www.neuemusikbw.de<\/a><\/p>\n<\/div>","protected":false},"excerpt":{"rendered":"<p><strong>The offices of the Baden-W\u00fcrttemberg New Music Network have begun their work. Among other things, an international competition should help to make an attractive and playable repertoire of contemporary music available for children, young people and adult amateurs in all genres. <\/strong><\/p>","protected":false},"author":1,"featured_media":4186,"comment_status":"open","ping_status":"open","sticky":false,"template":"","format":"standard","meta":{"_acf_changed":false,"_relevanssi_hide_post":"","_relevanssi_hide_content":"","_relevanssi_pin_for_all":"","_relevanssi_pin_keywords":"","_relevanssi_unpin_keywords":"","_relevanssi_related_keywords":"","_relevanssi_related_include_ids":"","_relevanssi_related_exclude_ids":"","_relevanssi_related_no_append":"","_relevanssi_related_not_related":"","_relevanssi_related_posts":"","_relevanssi_noindex_reason":"","pgc_sgb_lightbox_settings":"","footnotes":""},"categories":[872,767],"tags":[],"class_list":["post-4185","post","type-post","status-publish","format-standard","has-post-thumbnail","hentry","category-international","category-politik"],"acf":[],"yoast_head":"<!-- This site is optimized with the Yoast SEO plugin v27.4 - https:\/\/yoast.com\/product\/yoast-seo-wordpress\/ -->\n<title>S\u00fcddeutsches Netzwerk Neue Musik nimmt T\u00e4tigkeit auf - Schweizer Musikzeitung<\/title>\n<meta name=\"robots\" content=\"index, follow, max-snippet:-1, max-image-preview:large, max-video-preview:-1\" \/>\n<link rel=\"canonical\" href=\"https:\/\/www.musikzeitung.ch\/en\/politik\/2013\/08\/sueddeutsches-netzwerk-neue-musik-nimmt-taetigkeit-auf\/\" \/>\n<meta property=\"og:locale\" content=\"en_US\" \/>\n<meta property=\"og:type\" content=\"article\" \/>\n<meta property=\"og:title\" content=\"S\u00fcddeutsches Netzwerk Neue Musik nimmt T\u00e4tigkeit auf - Schweizer Musikzeitung\" \/>\n<meta property=\"og:description\" content=\"Die Gesch\u00e4ftsstellen des Netzwerk Neue Musik Baden-W\u00fcrttemberg haben ihre Arbeit aufgenommen. Unter anderem soll ein internationaler Wettbewerb dazu beitragen, ein attraktives und spielbares Repertoire zeitgen\u00f6ssischer Musik f\u00fcr Kinder, Jugendliche oder erwachsene Amateure in allen Genres verf\u00fcgbar zu machen.\" \/>\n<meta property=\"og:url\" content=\"https:\/\/www.musikzeitung.ch\/en\/politik\/2013\/08\/sueddeutsches-netzwerk-neue-musik-nimmt-taetigkeit-auf\/\" \/>\n<meta property=\"og:site_name\" content=\"Schweizer Musikzeitung\" \/>\n<meta property=\"article:publisher\" content=\"https:\/\/www.facebook.com\/SchweizerMusikzeitung\/\" \/>\n<meta property=\"article:published_time\" content=\"2013-08-01T23:00:00+00:00\" \/>\n<meta property=\"og:image\" content=\"https:\/\/www.musikzeitung.ch\/wp-content\/uploads\/2023\/01\/528895_web_R_K_B_by_Markus-Wegner_pixelio.de_.jpg\" \/>\n\t<meta property=\"og:image:width\" content=\"554\" \/>\n\t<meta property=\"og:image:height\" content=\"369\" \/>\n\t<meta property=\"og:image:type\" content=\"image\/jpeg\" \/>\n<meta name=\"author\" content=\"Musikzeitung-Redaktion\" \/>\n<meta name=\"twitter:card\" content=\"summary_large_image\" \/>\n<meta name=\"twitter:creator\" content=\"@smusikzeitung\" \/>\n<meta name=\"twitter:site\" content=\"@smusikzeitung\" \/>\n<meta name=\"twitter:label1\" content=\"Written by\" \/>\n\t<meta name=\"twitter:data1\" content=\"Musikzeitung-Redaktion\" \/>\n\t<meta name=\"twitter:label2\" content=\"Est. reading time\" \/>\n\t<meta name=\"twitter:data2\" content=\"1 minute\" \/>\n<script type=\"application\/ld+json\" class=\"yoast-schema-graph\">{\"@context\":\"https:\\\/\\\/schema.org\",\"@graph\":[{\"@type\":\"Article\",\"@id\":\"https:\\\/\\\/www.musikzeitung.ch\\\/politik\\\/2013\\\/08\\\/sueddeutsches-netzwerk-neue-musik-nimmt-taetigkeit-auf#article\",\"isPartOf\":{\"@id\":\"https:\\\/\\\/www.musikzeitung.ch\\\/politik\\\/2013\\\/08\\\/sueddeutsches-netzwerk-neue-musik-nimmt-taetigkeit-auf\"},\"author\":{\"name\":\"Musikzeitung-Redaktion\",\"@id\":\"https:\\\/\\\/www.musikzeitung.ch\\\/#\\\/schema\\\/person\\\/b2fd892c800856270b9dcc6001265712\"},\"headline\":\"S\u00fcddeutsches Netzwerk Neue Musik nimmt T\u00e4tigkeit auf\",\"datePublished\":\"2013-08-01T23:00:00+00:00\",\"mainEntityOfPage\":{\"@id\":\"https:\\\/\\\/www.musikzeitung.ch\\\/politik\\\/2013\\\/08\\\/sueddeutsches-netzwerk-neue-musik-nimmt-taetigkeit-auf\"},\"wordCount\":137,\"commentCount\":0,\"publisher\":{\"@id\":\"https:\\\/\\\/www.musikzeitung.ch\\\/#organization\"},\"image\":{\"@id\":\"https:\\\/\\\/www.musikzeitung.ch\\\/politik\\\/2013\\\/08\\\/sueddeutsches-netzwerk-neue-musik-nimmt-taetigkeit-auf#primaryimage\"},\"thumbnailUrl\":\"https:\\\/\\\/www.musikzeitung.ch\\\/wp-content\\\/uploads\\\/2023\\\/01\\\/528895_web_R_K_B_by_Markus-Wegner_pixelio.de_.jpg\",\"articleSection\":[\"International\",\"Politik\"],\"inLanguage\":\"en-US\"},{\"@type\":\"WebPage\",\"@id\":\"https:\\\/\\\/www.musikzeitung.ch\\\/politik\\\/2013\\\/08\\\/sueddeutsches-netzwerk-neue-musik-nimmt-taetigkeit-auf\",\"url\":\"https:\\\/\\\/www.musikzeitung.ch\\\/politik\\\/2013\\\/08\\\/sueddeutsches-netzwerk-neue-musik-nimmt-taetigkeit-auf\",\"name\":\"S\u00fcddeutsches Netzwerk Neue Musik nimmt T\u00e4tigkeit auf - Schweizer Musikzeitung\",\"isPartOf\":{\"@id\":\"https:\\\/\\\/www.musikzeitung.ch\\\/#website\"},\"primaryImageOfPage\":{\"@id\":\"https:\\\/\\\/www.musikzeitung.ch\\\/politik\\\/2013\\\/08\\\/sueddeutsches-netzwerk-neue-musik-nimmt-taetigkeit-auf#primaryimage\"},\"image\":{\"@id\":\"https:\\\/\\\/www.musikzeitung.ch\\\/politik\\\/2013\\\/08\\\/sueddeutsches-netzwerk-neue-musik-nimmt-taetigkeit-auf#primaryimage\"},\"thumbnailUrl\":\"https:\\\/\\\/www.musikzeitung.ch\\\/wp-content\\\/uploads\\\/2023\\\/01\\\/528895_web_R_K_B_by_Markus-Wegner_pixelio.de_.jpg\",\"datePublished\":\"2013-08-01T23:00:00+00:00\",\"breadcrumb\":{\"@id\":\"https:\\\/\\\/www.musikzeitung.ch\\\/politik\\\/2013\\\/08\\\/sueddeutsches-netzwerk-neue-musik-nimmt-taetigkeit-auf#breadcrumb\"},\"inLanguage\":\"en-US\",\"potentialAction\":[{\"@type\":\"ReadAction\",\"target\":[\"https:\\\/\\\/www.musikzeitung.ch\\\/politik\\\/2013\\\/08\\\/sueddeutsches-netzwerk-neue-musik-nimmt-taetigkeit-auf\"]}]},{\"@type\":\"ImageObject\",\"inLanguage\":\"en-US\",\"@id\":\"https:\\\/\\\/www.musikzeitung.ch\\\/politik\\\/2013\\\/08\\\/sueddeutsches-netzwerk-neue-musik-nimmt-taetigkeit-auf#primaryimage\",\"url\":\"https:\\\/\\\/www.musikzeitung.ch\\\/wp-content\\\/uploads\\\/2023\\\/01\\\/528895_web_R_K_B_by_Markus-Wegner_pixelio.de_.jpg\",\"contentUrl\":\"https:\\\/\\\/www.musikzeitung.ch\\\/wp-content\\\/uploads\\\/2023\\\/01\\\/528895_web_R_K_B_by_Markus-Wegner_pixelio.de_.jpg\",\"width\":554,\"height\":369},{\"@type\":\"BreadcrumbList\",\"@id\":\"https:\\\/\\\/www.musikzeitung.ch\\\/politik\\\/2013\\\/08\\\/sueddeutsches-netzwerk-neue-musik-nimmt-taetigkeit-auf#breadcrumb\",\"itemListElement\":[{\"@type\":\"ListItem\",\"position\":1,\"name\":\"Home\",\"item\":\"https:\\\/\\\/www.musikzeitung.ch\\\/\"},{\"@type\":\"ListItem\",\"position\":2,\"name\":\"S\u00fcddeutsches Netzwerk Neue Musik nimmt T\u00e4tigkeit auf\"}]},{\"@type\":\"WebSite\",\"@id\":\"https:\\\/\\\/www.musikzeitung.ch\\\/#website\",\"url\":\"https:\\\/\\\/www.musikzeitung.ch\\\/\",\"name\":\"Schweizer Musikzeitung\",\"description\":\"Die f\u00fchrende sparten\u00fcbergreifende Monatszeitung in der Schweiz f\u00fcr musikalische Fragen.\",\"publisher\":{\"@id\":\"https:\\\/\\\/www.musikzeitung.ch\\\/#organization\"},\"potentialAction\":[{\"@type\":\"SearchAction\",\"target\":{\"@type\":\"EntryPoint\",\"urlTemplate\":\"https:\\\/\\\/www.musikzeitung.ch\\\/?s={search_term_string}\"},\"query-input\":{\"@type\":\"PropertyValueSpecification\",\"valueRequired\":true,\"valueName\":\"search_term_string\"}}],\"inLanguage\":\"en-US\"},{\"@type\":\"Organization\",\"@id\":\"https:\\\/\\\/www.musikzeitung.ch\\\/#organization\",\"name\":\"Schweizer Musikzeitung\",\"url\":\"https:\\\/\\\/www.musikzeitung.ch\\\/\",\"logo\":{\"@type\":\"ImageObject\",\"inLanguage\":\"en-US\",\"@id\":\"https:\\\/\\\/www.musikzeitung.ch\\\/#\\\/schema\\\/logo\\\/image\\\/\",\"url\":\"https:\\\/\\\/www.musikzeitung.ch\\\/wp-content\\\/uploads\\\/2023\\\/01\\\/SMZ_Schriftzug_Sprache.png\",\"contentUrl\":\"https:\\\/\\\/www.musikzeitung.ch\\\/wp-content\\\/uploads\\\/2023\\\/01\\\/SMZ_Schriftzug_Sprache.png\",\"width\":1400,\"height\":279,\"caption\":\"Schweizer Musikzeitung\"},\"image\":{\"@id\":\"https:\\\/\\\/www.musikzeitung.ch\\\/#\\\/schema\\\/logo\\\/image\\\/\"},\"sameAs\":[\"https:\\\/\\\/www.facebook.com\\\/SchweizerMusikzeitung\\\/\",\"https:\\\/\\\/x.com\\\/smusikzeitung\",\"https:\\\/\\\/www.instagram.com\\\/musikzeitung.ch\\\/\"]},{\"@type\":\"Person\",\"@id\":\"https:\\\/\\\/www.musikzeitung.ch\\\/#\\\/schema\\\/person\\\/b2fd892c800856270b9dcc6001265712\",\"name\":\"Musikzeitung-Redaktion\",\"image\":{\"@type\":\"ImageObject\",\"inLanguage\":\"en-US\",\"@id\":\"https:\\\/\\\/www.musikzeitung.ch\\\/wp-content\\\/uploads\\\/2022\\\/05\\\/usericon_musikzeitung-96x96.jpg\",\"url\":\"https:\\\/\\\/www.musikzeitung.ch\\\/wp-content\\\/uploads\\\/2022\\\/05\\\/usericon_musikzeitung-96x96.jpg\",\"contentUrl\":\"https:\\\/\\\/www.musikzeitung.ch\\\/wp-content\\\/uploads\\\/2022\\\/05\\\/usericon_musikzeitung-96x96.jpg\",\"caption\":\"Musikzeitung-Redaktion\"},\"url\":\"https:\\\/\\\/www.musikzeitung.ch\\\/en\\\/author\\\/admin\"}]}<\/script>\n<!-- \/ Yoast SEO plugin. -->","yoast_head_json":{"title":"South German New Music Network takes up activities - Schweizer Musikzeitung","robots":{"index":"index","follow":"follow","max-snippet":"max-snippet:-1","max-image-preview":"max-image-preview:large","max-video-preview":"max-video-preview:-1"},"canonical":"https:\/\/www.musikzeitung.ch\/en\/politik\/2013\/08\/sueddeutsches-netzwerk-neue-musik-nimmt-taetigkeit-auf\/","og_locale":"en_US","og_type":"article","og_title":"S\u00fcddeutsches Netzwerk Neue Musik nimmt T\u00e4tigkeit auf - Schweizer Musikzeitung","og_description":"Die Gesch\u00e4ftsstellen des Netzwerk Neue Musik Baden-W\u00fcrttemberg haben ihre Arbeit aufgenommen. Unter anderem soll ein internationaler Wettbewerb dazu beitragen, ein attraktives und spielbares Repertoire zeitgen\u00f6ssischer Musik f\u00fcr Kinder, Jugendliche oder erwachsene Amateure in allen Genres verf\u00fcgbar zu machen.","og_url":"https:\/\/www.musikzeitung.ch\/en\/politik\/2013\/08\/sueddeutsches-netzwerk-neue-musik-nimmt-taetigkeit-auf\/","og_site_name":"Schweizer Musikzeitung","article_publisher":"https:\/\/www.facebook.com\/SchweizerMusikzeitung\/","article_published_time":"2013-08-01T23:00:00+00:00","og_image":[{"width":554,"height":369,"url":"https:\/\/www.musikzeitung.ch\/wp-content\/uploads\/2023\/01\/528895_web_R_K_B_by_Markus-Wegner_pixelio.de_.jpg","type":"image\/jpeg"}],"author":"Musikzeitung-Redaktion","twitter_card":"summary_large_image","twitter_creator":"@smusikzeitung","twitter_site":"@smusikzeitung","twitter_misc":{"Written by":"Musikzeitung-Redaktion","Est. reading time":"1 minute"},"schema":{"@context":"https:\/\/schema.org","@graph":[{"@type":"Article","@id":"https:\/\/www.musikzeitung.ch\/politik\/2013\/08\/sueddeutsches-netzwerk-neue-musik-nimmt-taetigkeit-auf#article","isPartOf":{"@id":"https:\/\/www.musikzeitung.ch\/politik\/2013\/08\/sueddeutsches-netzwerk-neue-musik-nimmt-taetigkeit-auf"},"author":{"name":"Musikzeitung-Redaktion","@id":"https:\/\/www.musikzeitung.ch\/#\/schema\/person\/b2fd892c800856270b9dcc6001265712"},"headline":"S\u00fcddeutsches Netzwerk Neue Musik nimmt T\u00e4tigkeit auf","datePublished":"2013-08-01T23:00:00+00:00","mainEntityOfPage":{"@id":"https:\/\/www.musikzeitung.ch\/politik\/2013\/08\/sueddeutsches-netzwerk-neue-musik-nimmt-taetigkeit-auf"},"wordCount":137,"commentCount":0,"publisher":{"@id":"https:\/\/www.musikzeitung.ch\/#organization"},"image":{"@id":"https:\/\/www.musikzeitung.ch\/politik\/2013\/08\/sueddeutsches-netzwerk-neue-musik-nimmt-taetigkeit-auf#primaryimage"},"thumbnailUrl":"https:\/\/www.musikzeitung.ch\/wp-content\/uploads\/2023\/01\/528895_web_R_K_B_by_Markus-Wegner_pixelio.de_.jpg","articleSection":["International","Politik"],"inLanguage":"en-US"},{"@type":"WebPage","@id":"https:\/\/www.musikzeitung.ch\/politik\/2013\/08\/sueddeutsches-netzwerk-neue-musik-nimmt-taetigkeit-auf","url":"https:\/\/www.musikzeitung.ch\/politik\/2013\/08\/sueddeutsches-netzwerk-neue-musik-nimmt-taetigkeit-auf","name":"South German New Music Network takes up activities - Schweizer Musikzeitung","isPartOf":{"@id":"https:\/\/www.musikzeitung.ch\/#website"},"primaryImageOfPage":{"@id":"https:\/\/www.musikzeitung.ch\/politik\/2013\/08\/sueddeutsches-netzwerk-neue-musik-nimmt-taetigkeit-auf#primaryimage"},"image":{"@id":"https:\/\/www.musikzeitung.ch\/politik\/2013\/08\/sueddeutsches-netzwerk-neue-musik-nimmt-taetigkeit-auf#primaryimage"},"thumbnailUrl":"https:\/\/www.musikzeitung.ch\/wp-content\/uploads\/2023\/01\/528895_web_R_K_B_by_Markus-Wegner_pixelio.de_.jpg","datePublished":"2013-08-01T23:00:00+00:00","breadcrumb":{"@id":"https:\/\/www.musikzeitung.ch\/politik\/2013\/08\/sueddeutsches-netzwerk-neue-musik-nimmt-taetigkeit-auf#breadcrumb"},"inLanguage":"en-US","potentialAction":[{"@type":"ReadAction","target":["https:\/\/www.musikzeitung.ch\/politik\/2013\/08\/sueddeutsches-netzwerk-neue-musik-nimmt-taetigkeit-auf"]}]},{"@type":"ImageObject","inLanguage":"en-US","@id":"https:\/\/www.musikzeitung.ch\/politik\/2013\/08\/sueddeutsches-netzwerk-neue-musik-nimmt-taetigkeit-auf#primaryimage","url":"https:\/\/www.musikzeitung.ch\/wp-content\/uploads\/2023\/01\/528895_web_R_K_B_by_Markus-Wegner_pixelio.de_.jpg","contentUrl":"https:\/\/www.musikzeitung.ch\/wp-content\/uploads\/2023\/01\/528895_web_R_K_B_by_Markus-Wegner_pixelio.de_.jpg","width":554,"height":369},{"@type":"BreadcrumbList","@id":"https:\/\/www.musikzeitung.ch\/politik\/2013\/08\/sueddeutsches-netzwerk-neue-musik-nimmt-taetigkeit-auf#breadcrumb","itemListElement":[{"@type":"ListItem","position":1,"name":"Home","item":"https:\/\/www.musikzeitung.ch\/"},{"@type":"ListItem","position":2,"name":"S\u00fcddeutsches Netzwerk Neue Musik nimmt T\u00e4tigkeit auf"}]},{"@type":"WebSite","@id":"https:\/\/www.musikzeitung.ch\/#website","url":"https:\/\/www.musikzeitung.ch\/","name":"Swiss Music Newspaper","description":"The leading interdisciplinary monthly newspaper in Switzerland for musical issues.","publisher":{"@id":"https:\/\/www.musikzeitung.ch\/#organization"},"potentialAction":[{"@type":"SearchAction","target":{"@type":"EntryPoint","urlTemplate":"https:\/\/www.musikzeitung.ch\/?s={search_term_string}"},"query-input":{"@type":"PropertyValueSpecification","valueRequired":true,"valueName":"search_term_string"}}],"inLanguage":"en-US"},{"@type":"Organization","@id":"https:\/\/www.musikzeitung.ch\/#organization","name":"Swiss Music Newspaper","url":"https:\/\/www.musikzeitung.ch\/","logo":{"@type":"ImageObject","inLanguage":"en-US","@id":"https:\/\/www.musikzeitung.ch\/#\/schema\/logo\/image\/","url":"https:\/\/www.musikzeitung.ch\/wp-content\/uploads\/2023\/01\/SMZ_Schriftzug_Sprache.png","contentUrl":"https:\/\/www.musikzeitung.ch\/wp-content\/uploads\/2023\/01\/SMZ_Schriftzug_Sprache.png","width":1400,"height":279,"caption":"Schweizer Musikzeitung"},"image":{"@id":"https:\/\/www.musikzeitung.ch\/#\/schema\/logo\/image\/"},"sameAs":["https:\/\/www.facebook.com\/SchweizerMusikzeitung\/","https:\/\/x.com\/smusikzeitung","https:\/\/www.instagram.com\/musikzeitung.ch\/"]},{"@type":"Person","@id":"https:\/\/www.musikzeitung.ch\/#\/schema\/person\/b2fd892c800856270b9dcc6001265712","name":"Music newspaper editorial office","image":{"@type":"ImageObject","inLanguage":"en-US","@id":"https:\/\/www.musikzeitung.ch\/wp-content\/uploads\/2022\/05\/usericon_musikzeitung-96x96.jpg","url":"https:\/\/www.musikzeitung.ch\/wp-content\/uploads\/2022\/05\/usericon_musikzeitung-96x96.jpg","contentUrl":"https:\/\/www.musikzeitung.ch\/wp-content\/uploads\/2022\/05\/usericon_musikzeitung-96x96.jpg","caption":"Musikzeitung-Redaktion"},"url":"https:\/\/www.musikzeitung.ch\/en\/author\/admin"}]}},"publishpress_future_workflow_manual_trigger":{"enabledWorkflows":[]},"_links":{"self":[{"href":"https:\/\/www.musikzeitung.ch\/en\/wp-json\/wp\/v2\/posts\/4185","targetHints":{"allow":["GET"]}}],"collection":[{"href":"https:\/\/www.musikzeitung.ch\/en\/wp-json\/wp\/v2\/posts"}],"about":[{"href":"https:\/\/www.musikzeitung.ch\/en\/wp-json\/wp\/v2\/types\/post"}],"author":[{"embeddable":true,"href":"https:\/\/www.musikzeitung.ch\/en\/wp-json\/wp\/v2\/users\/1"}],"replies":[{"embeddable":true,"href":"https:\/\/www.musikzeitung.ch\/en\/wp-json\/wp\/v2\/comments?post=4185"}],"version-history":[{"count":0,"href":"https:\/\/www.musikzeitung.ch\/en\/wp-json\/wp\/v2\/posts\/4185\/revisions"}],"wp:featuredmedia":[{"embeddable":true,"href":"https:\/\/www.musikzeitung.ch\/en\/wp-json\/wp\/v2\/media\/4186"}],"wp:attachment":[{"href":"https:\/\/www.musikzeitung.ch\/en\/wp-json\/wp\/v2\/media?parent=4185"}],"wp:term":[{"taxonomy":"category","embeddable":true,"href":"https:\/\/www.musikzeitung.ch\/en\/wp-json\/wp\/v2\/categories?post=4185"},{"taxonomy":"post_tag","embeddable":true,"href":"https:\/\/www.musikzeitung.ch\/en\/wp-json\/wp\/v2\/tags?post=4185"}],"curies":[{"name":"wp","href":"https:\/\/api.w.org\/{rel}","templated":true}]}}