{"id":42678,"date":"2023-03-02T15:40:00","date_gmt":"2023-03-02T14:40:00","guid":{"rendered":"https:\/\/www.musikzeitung.ch\/?p=42678"},"modified":"2023-03-02T15:50:47","modified_gmt":"2023-03-02T14:50:47","slug":"julia-fischer-und-benjamin-nyffenegger-leiten-boswiler-sommer","status":"publish","type":"post","link":"https:\/\/www.musikzeitung.ch\/en\/news\/2023\/03\/julia-fischer-und-benjamin-nyffenegger-leiten-boswiler-sommer","title":{"rendered":"Julia Fischer and Benjamin Nyffenegger manage Boswiler Sommer"},"content":{"rendered":"<figure id=\"attachment_39955\" aria-describedby=\"caption-attachment-39955\" style=\"width: 960px\" class=\"wp-caption alignnone\"><img loading=\"lazy\" decoding=\"async\" class=\"size-full wp-image-39955\" src=\"https:\/\/www.musikzeitung.ch\/wp-content\/uploads\/2023\/01\/960px-Boswil_Kuenstlerhaus.jpeg\" alt=\"\" width=\"960\" height=\"720\" srcset=\"https:\/\/www.musikzeitung.ch\/wp-content\/uploads\/2023\/01\/960px-Boswil_Kuenstlerhaus.jpeg 960w, https:\/\/www.musikzeitung.ch\/wp-content\/uploads\/2023\/01\/960px-Boswil_Kuenstlerhaus-300x225.jpeg 300w, https:\/\/www.musikzeitung.ch\/wp-content\/uploads\/2023\/01\/960px-Boswil_Kuenstlerhaus-768x576.jpeg 768w, https:\/\/www.musikzeitung.ch\/wp-content\/uploads\/2023\/01\/960px-Boswil_Kuenstlerhaus-233x175.jpeg 233w, https:\/\/www.musikzeitung.ch\/wp-content\/uploads\/2023\/01\/960px-Boswil_Kuenstlerhaus-467x350.jpeg 467w, https:\/\/www.musikzeitung.ch\/wp-content\/uploads\/2023\/01\/960px-Boswil_Kuenstlerhaus-920x690.jpeg 920w\" sizes=\"auto, (max-width: 960px) 100vw, 960px\" \/><figcaption id=\"caption-attachment-39955\" class=\"wp-caption-text\">K\u00fcnstlerhaus Boswil (Image: Voyager, CC BY-SA 3.0)<\/figcaption><\/figure>\n<p>According to the festival's announcement, the duo will introduce themselves as the artistic management team on July 5, 2023 as part of the \"70 Years K\u00fcnstlerhaus Boswil\" anniversary concerts. They will organize smaller festival activities over the course of 2024 and then present the first full summer festival in 2025.<\/p>\n<p>Julia Fischer, born in Munich in 1983, teaches at the Hochschule f\u00fcr Musik und Theater in Munich alongside her international concert activities and was Germany's youngest professor when she was appointed. She has been committed to bringing classical music to young people for years, which is in line with the focus of the K\u00fcnstlerhaus Boswil, the festival continues.<\/p>\n<p>Benjamin Nyffenegger, born in Bern in 1984, is deputy principal cellist in the Tonhalle Orchestra and is a member of the Julia Fischer Quartet and the Oliver Schnyder Trio. He is also artistic director of the Seetal Classics in Seon.<\/p>","protected":false},"excerpt":{"rendered":"<p>German violinist Julia Fischer and Aargau cellist Benjamin Nyffenegger will form the future artistic direction duo of the Boswil Summer. <\/p>","protected":false},"author":30,"featured_media":39955,"comment_status":"closed","ping_status":"closed","sticky":false,"template":"","format":"standard","meta":{"_acf_changed":false,"_relevanssi_hide_post":"","_relevanssi_hide_content":"","_relevanssi_pin_for_all":"","_relevanssi_pin_keywords":"","_relevanssi_unpin_keywords":"","_relevanssi_related_keywords":"","_relevanssi_related_include_ids":"","_relevanssi_related_exclude_ids":"","_relevanssi_related_no_append":"","_relevanssi_related_not_related":"","_relevanssi_related_posts":"","_relevanssi_noindex_reason":"","pgc_sgb_lightbox_settings":"","footnotes":""},"categories":[27],"tags":[2104,2102,2103],"class_list":["post-42678","post","type-post","status-publish","format-standard","has-post-thumbnail","hentry","category-news","tag-benjamin-nyffenegger","tag-boswiler-sommer","tag-julia-fischer"],"acf":[],"yoast_head":"<!-- This site is optimized with the Yoast SEO plugin v27.4 - https:\/\/yoast.com\/product\/yoast-seo-wordpress\/ -->\n<title>Julia Fischer und Benjamin Nyffenegger leiten Boswiler Sommer - Schweizer Musikzeitung<\/title>\n<meta name=\"robots\" content=\"index, follow, max-snippet:-1, max-image-preview:large, max-video-preview:-1\" \/>\n<link rel=\"canonical\" href=\"https:\/\/www.musikzeitung.ch\/en\/news\/2023\/03\/julia-fischer-und-benjamin-nyffenegger-leiten-boswiler-sommer\/\" \/>\n<meta property=\"og:locale\" content=\"en_US\" \/>\n<meta property=\"og:type\" content=\"article\" \/>\n<meta property=\"og:title\" content=\"Julia Fischer und Benjamin Nyffenegger leiten Boswiler Sommer - Schweizer Musikzeitung\" \/>\n<meta property=\"og:description\" content=\"Die deutsche Geigerin Julia Fischer und der Aargauer Cellist Benjamin Nyffenegger bilden das k\u00fcnftige Duo zur k\u00fcnstlerischen Leitung des Boswiler Sommers.\" \/>\n<meta property=\"og:url\" content=\"https:\/\/www.musikzeitung.ch\/en\/news\/2023\/03\/julia-fischer-und-benjamin-nyffenegger-leiten-boswiler-sommer\/\" \/>\n<meta property=\"og:site_name\" content=\"Schweizer Musikzeitung\" \/>\n<meta property=\"article:publisher\" content=\"https:\/\/www.facebook.com\/SchweizerMusikzeitung\/\" \/>\n<meta property=\"article:author\" content=\"https:\/\/www.facebook.com\/wolfgang.bohler.75\" \/>\n<meta property=\"article:published_time\" content=\"2023-03-02T14:40:00+00:00\" \/>\n<meta property=\"article:modified_time\" content=\"2023-03-02T14:50:47+00:00\" \/>\n<meta property=\"og:image\" content=\"https:\/\/www.musikzeitung.ch\/wp-content\/uploads\/2023\/01\/960px-Boswil_Kuenstlerhaus.jpeg\" \/>\n\t<meta property=\"og:image:width\" content=\"960\" \/>\n\t<meta property=\"og:image:height\" content=\"720\" \/>\n\t<meta property=\"og:image:type\" content=\"image\/jpeg\" \/>\n<meta name=\"author\" content=\"Wolfgang B\u00f6hler\" \/>\n<meta name=\"twitter:card\" content=\"summary_large_image\" \/>\n<meta name=\"twitter:creator\" content=\"@smusikzeitung\" \/>\n<meta name=\"twitter:site\" content=\"@smusikzeitung\" \/>\n<meta name=\"twitter:label1\" content=\"Written by\" \/>\n\t<meta name=\"twitter:data1\" content=\"Wolfgang B\u00f6hler\" \/>\n\t<meta name=\"twitter:label2\" content=\"Est. reading time\" \/>\n\t<meta name=\"twitter:data2\" content=\"2 minutes\" \/>\n<script type=\"application\/ld+json\" class=\"yoast-schema-graph\">{\"@context\":\"https:\\\/\\\/schema.org\",\"@graph\":[{\"@type\":\"Article\",\"@id\":\"https:\\\/\\\/www.musikzeitung.ch\\\/news\\\/2023\\\/03\\\/julia-fischer-und-benjamin-nyffenegger-leiten-boswiler-sommer#article\",\"isPartOf\":{\"@id\":\"https:\\\/\\\/www.musikzeitung.ch\\\/news\\\/2023\\\/03\\\/julia-fischer-und-benjamin-nyffenegger-leiten-boswiler-sommer\"},\"author\":{\"name\":\"Wolfgang B\u00f6hler\",\"@id\":\"https:\\\/\\\/www.musikzeitung.ch\\\/#\\\/schema\\\/person\\\/0da4fb82d243f1252850a35d0e87cf0c\"},\"headline\":\"Julia Fischer und Benjamin Nyffenegger leiten Boswiler Sommer\",\"datePublished\":\"2023-03-02T14:40:00+00:00\",\"dateModified\":\"2023-03-02T14:50:47+00:00\",\"mainEntityOfPage\":{\"@id\":\"https:\\\/\\\/www.musikzeitung.ch\\\/news\\\/2023\\\/03\\\/julia-fischer-und-benjamin-nyffenegger-leiten-boswiler-sommer\"},\"wordCount\":163,\"publisher\":{\"@id\":\"https:\\\/\\\/www.musikzeitung.ch\\\/#organization\"},\"image\":{\"@id\":\"https:\\\/\\\/www.musikzeitung.ch\\\/news\\\/2023\\\/03\\\/julia-fischer-und-benjamin-nyffenegger-leiten-boswiler-sommer#primaryimage\"},\"thumbnailUrl\":\"https:\\\/\\\/www.musikzeitung.ch\\\/wp-content\\\/uploads\\\/2023\\\/01\\\/960px-Boswil_Kuenstlerhaus.jpeg\",\"keywords\":[\"Benjamin Nyffenegger\",\"Boswiler Sommer\",\"Julia Fischer\"],\"articleSection\":[\"News\"],\"inLanguage\":\"en-US\"},{\"@type\":\"WebPage\",\"@id\":\"https:\\\/\\\/www.musikzeitung.ch\\\/news\\\/2023\\\/03\\\/julia-fischer-und-benjamin-nyffenegger-leiten-boswiler-sommer\",\"url\":\"https:\\\/\\\/www.musikzeitung.ch\\\/news\\\/2023\\\/03\\\/julia-fischer-und-benjamin-nyffenegger-leiten-boswiler-sommer\",\"name\":\"Julia Fischer und Benjamin Nyffenegger leiten Boswiler Sommer - Schweizer Musikzeitung\",\"isPartOf\":{\"@id\":\"https:\\\/\\\/www.musikzeitung.ch\\\/#website\"},\"primaryImageOfPage\":{\"@id\":\"https:\\\/\\\/www.musikzeitung.ch\\\/news\\\/2023\\\/03\\\/julia-fischer-und-benjamin-nyffenegger-leiten-boswiler-sommer#primaryimage\"},\"image\":{\"@id\":\"https:\\\/\\\/www.musikzeitung.ch\\\/news\\\/2023\\\/03\\\/julia-fischer-und-benjamin-nyffenegger-leiten-boswiler-sommer#primaryimage\"},\"thumbnailUrl\":\"https:\\\/\\\/www.musikzeitung.ch\\\/wp-content\\\/uploads\\\/2023\\\/01\\\/960px-Boswil_Kuenstlerhaus.jpeg\",\"datePublished\":\"2023-03-02T14:40:00+00:00\",\"dateModified\":\"2023-03-02T14:50:47+00:00\",\"breadcrumb\":{\"@id\":\"https:\\\/\\\/www.musikzeitung.ch\\\/news\\\/2023\\\/03\\\/julia-fischer-und-benjamin-nyffenegger-leiten-boswiler-sommer#breadcrumb\"},\"inLanguage\":\"en-US\",\"potentialAction\":[{\"@type\":\"ReadAction\",\"target\":[\"https:\\\/\\\/www.musikzeitung.ch\\\/news\\\/2023\\\/03\\\/julia-fischer-und-benjamin-nyffenegger-leiten-boswiler-sommer\"]}]},{\"@type\":\"ImageObject\",\"inLanguage\":\"en-US\",\"@id\":\"https:\\\/\\\/www.musikzeitung.ch\\\/news\\\/2023\\\/03\\\/julia-fischer-und-benjamin-nyffenegger-leiten-boswiler-sommer#primaryimage\",\"url\":\"https:\\\/\\\/www.musikzeitung.ch\\\/wp-content\\\/uploads\\\/2023\\\/01\\\/960px-Boswil_Kuenstlerhaus.jpeg\",\"contentUrl\":\"https:\\\/\\\/www.musikzeitung.ch\\\/wp-content\\\/uploads\\\/2023\\\/01\\\/960px-Boswil_Kuenstlerhaus.jpeg\",\"width\":960,\"height\":720,\"caption\":\"K\u00fcnstlerhaus Boswil (Bild: Voyager, CC BY-SA 3.0)\"},{\"@type\":\"BreadcrumbList\",\"@id\":\"https:\\\/\\\/www.musikzeitung.ch\\\/news\\\/2023\\\/03\\\/julia-fischer-und-benjamin-nyffenegger-leiten-boswiler-sommer#breadcrumb\",\"itemListElement\":[{\"@type\":\"ListItem\",\"position\":1,\"name\":\"Home\",\"item\":\"https:\\\/\\\/www.musikzeitung.ch\\\/\"},{\"@type\":\"ListItem\",\"position\":2,\"name\":\"Julia Fischer und Benjamin Nyffenegger leiten Boswiler Sommer\"}]},{\"@type\":\"WebSite\",\"@id\":\"https:\\\/\\\/www.musikzeitung.ch\\\/#website\",\"url\":\"https:\\\/\\\/www.musikzeitung.ch\\\/\",\"name\":\"Schweizer Musikzeitung\",\"description\":\"Die f\u00fchrende sparten\u00fcbergreifende Monatszeitung in der Schweiz f\u00fcr musikalische Fragen.\",\"publisher\":{\"@id\":\"https:\\\/\\\/www.musikzeitung.ch\\\/#organization\"},\"potentialAction\":[{\"@type\":\"SearchAction\",\"target\":{\"@type\":\"EntryPoint\",\"urlTemplate\":\"https:\\\/\\\/www.musikzeitung.ch\\\/?s={search_term_string}\"},\"query-input\":{\"@type\":\"PropertyValueSpecification\",\"valueRequired\":true,\"valueName\":\"search_term_string\"}}],\"inLanguage\":\"en-US\"},{\"@type\":\"Organization\",\"@id\":\"https:\\\/\\\/www.musikzeitung.ch\\\/#organization\",\"name\":\"Schweizer Musikzeitung\",\"url\":\"https:\\\/\\\/www.musikzeitung.ch\\\/\",\"logo\":{\"@type\":\"ImageObject\",\"inLanguage\":\"en-US\",\"@id\":\"https:\\\/\\\/www.musikzeitung.ch\\\/#\\\/schema\\\/logo\\\/image\\\/\",\"url\":\"https:\\\/\\\/www.musikzeitung.ch\\\/wp-content\\\/uploads\\\/2023\\\/01\\\/SMZ_Schriftzug_Sprache.png\",\"contentUrl\":\"https:\\\/\\\/www.musikzeitung.ch\\\/wp-content\\\/uploads\\\/2023\\\/01\\\/SMZ_Schriftzug_Sprache.png\",\"width\":1400,\"height\":279,\"caption\":\"Schweizer Musikzeitung\"},\"image\":{\"@id\":\"https:\\\/\\\/www.musikzeitung.ch\\\/#\\\/schema\\\/logo\\\/image\\\/\"},\"sameAs\":[\"https:\\\/\\\/www.facebook.com\\\/SchweizerMusikzeitung\\\/\",\"https:\\\/\\\/x.com\\\/smusikzeitung\",\"https:\\\/\\\/www.instagram.com\\\/musikzeitung.ch\\\/\"]},{\"@type\":\"Person\",\"@id\":\"https:\\\/\\\/www.musikzeitung.ch\\\/#\\\/schema\\\/person\\\/0da4fb82d243f1252850a35d0e87cf0c\",\"name\":\"Wolfgang B\u00f6hler\",\"image\":{\"@type\":\"ImageObject\",\"inLanguage\":\"en-US\",\"@id\":\"https:\\\/\\\/www.musikzeitung.ch\\\/wp-content\\\/uploads\\\/2023\\\/01\\\/boehler_portraet_web-e1674139782246-96x96.jpg\",\"url\":\"https:\\\/\\\/www.musikzeitung.ch\\\/wp-content\\\/uploads\\\/2023\\\/01\\\/boehler_portraet_web-e1674139782246-96x96.jpg\",\"contentUrl\":\"https:\\\/\\\/www.musikzeitung.ch\\\/wp-content\\\/uploads\\\/2023\\\/01\\\/boehler_portraet_web-e1674139782246-96x96.jpg\",\"caption\":\"Wolfgang B\u00f6hler\"},\"sameAs\":[\"http:\\\/\\\/www.manacanto.ch\",\"https:\\\/\\\/www.facebook.com\\\/wolfgang.bohler.75\"],\"url\":\"https:\\\/\\\/www.musikzeitung.ch\\\/en\\\/author\\\/wolfgang-boehler\"}]}<\/script>\n<!-- \/ Yoast SEO plugin. -->","yoast_head_json":{"title":"Julia Fischer und Benjamin Nyffenegger leiten Boswiler Sommer - Schweizer Musikzeitung","robots":{"index":"index","follow":"follow","max-snippet":"max-snippet:-1","max-image-preview":"max-image-preview:large","max-video-preview":"max-video-preview:-1"},"canonical":"https:\/\/www.musikzeitung.ch\/en\/news\/2023\/03\/julia-fischer-und-benjamin-nyffenegger-leiten-boswiler-sommer\/","og_locale":"en_US","og_type":"article","og_title":"Julia Fischer und Benjamin Nyffenegger leiten Boswiler Sommer - Schweizer Musikzeitung","og_description":"Die deutsche Geigerin Julia Fischer und der Aargauer Cellist Benjamin Nyffenegger bilden das k\u00fcnftige Duo zur k\u00fcnstlerischen Leitung des Boswiler Sommers.","og_url":"https:\/\/www.musikzeitung.ch\/en\/news\/2023\/03\/julia-fischer-und-benjamin-nyffenegger-leiten-boswiler-sommer\/","og_site_name":"Schweizer Musikzeitung","article_publisher":"https:\/\/www.facebook.com\/SchweizerMusikzeitung\/","article_author":"https:\/\/www.facebook.com\/wolfgang.bohler.75","article_published_time":"2023-03-02T14:40:00+00:00","article_modified_time":"2023-03-02T14:50:47+00:00","og_image":[{"width":960,"height":720,"url":"https:\/\/www.musikzeitung.ch\/wp-content\/uploads\/2023\/01\/960px-Boswil_Kuenstlerhaus.jpeg","type":"image\/jpeg"}],"author":"Wolfgang B\u00f6hler","twitter_card":"summary_large_image","twitter_creator":"@smusikzeitung","twitter_site":"@smusikzeitung","twitter_misc":{"Written by":"Wolfgang B\u00f6hler","Est. reading time":"2 minutes"},"schema":{"@context":"https:\/\/schema.org","@graph":[{"@type":"Article","@id":"https:\/\/www.musikzeitung.ch\/news\/2023\/03\/julia-fischer-und-benjamin-nyffenegger-leiten-boswiler-sommer#article","isPartOf":{"@id":"https:\/\/www.musikzeitung.ch\/news\/2023\/03\/julia-fischer-und-benjamin-nyffenegger-leiten-boswiler-sommer"},"author":{"name":"Wolfgang B\u00f6hler","@id":"https:\/\/www.musikzeitung.ch\/#\/schema\/person\/0da4fb82d243f1252850a35d0e87cf0c"},"headline":"Julia Fischer und Benjamin Nyffenegger leiten Boswiler Sommer","datePublished":"2023-03-02T14:40:00+00:00","dateModified":"2023-03-02T14:50:47+00:00","mainEntityOfPage":{"@id":"https:\/\/www.musikzeitung.ch\/news\/2023\/03\/julia-fischer-und-benjamin-nyffenegger-leiten-boswiler-sommer"},"wordCount":163,"publisher":{"@id":"https:\/\/www.musikzeitung.ch\/#organization"},"image":{"@id":"https:\/\/www.musikzeitung.ch\/news\/2023\/03\/julia-fischer-und-benjamin-nyffenegger-leiten-boswiler-sommer#primaryimage"},"thumbnailUrl":"https:\/\/www.musikzeitung.ch\/wp-content\/uploads\/2023\/01\/960px-Boswil_Kuenstlerhaus.jpeg","keywords":["Benjamin Nyffenegger","Boswiler Sommer","Julia Fischer"],"articleSection":["News"],"inLanguage":"en-US"},{"@type":"WebPage","@id":"https:\/\/www.musikzeitung.ch\/news\/2023\/03\/julia-fischer-und-benjamin-nyffenegger-leiten-boswiler-sommer","url":"https:\/\/www.musikzeitung.ch\/news\/2023\/03\/julia-fischer-und-benjamin-nyffenegger-leiten-boswiler-sommer","name":"Julia Fischer und Benjamin Nyffenegger leiten Boswiler Sommer - Schweizer Musikzeitung","isPartOf":{"@id":"https:\/\/www.musikzeitung.ch\/#website"},"primaryImageOfPage":{"@id":"https:\/\/www.musikzeitung.ch\/news\/2023\/03\/julia-fischer-und-benjamin-nyffenegger-leiten-boswiler-sommer#primaryimage"},"image":{"@id":"https:\/\/www.musikzeitung.ch\/news\/2023\/03\/julia-fischer-und-benjamin-nyffenegger-leiten-boswiler-sommer#primaryimage"},"thumbnailUrl":"https:\/\/www.musikzeitung.ch\/wp-content\/uploads\/2023\/01\/960px-Boswil_Kuenstlerhaus.jpeg","datePublished":"2023-03-02T14:40:00+00:00","dateModified":"2023-03-02T14:50:47+00:00","breadcrumb":{"@id":"https:\/\/www.musikzeitung.ch\/news\/2023\/03\/julia-fischer-und-benjamin-nyffenegger-leiten-boswiler-sommer#breadcrumb"},"inLanguage":"en-US","potentialAction":[{"@type":"ReadAction","target":["https:\/\/www.musikzeitung.ch\/news\/2023\/03\/julia-fischer-und-benjamin-nyffenegger-leiten-boswiler-sommer"]}]},{"@type":"ImageObject","inLanguage":"en-US","@id":"https:\/\/www.musikzeitung.ch\/news\/2023\/03\/julia-fischer-und-benjamin-nyffenegger-leiten-boswiler-sommer#primaryimage","url":"https:\/\/www.musikzeitung.ch\/wp-content\/uploads\/2023\/01\/960px-Boswil_Kuenstlerhaus.jpeg","contentUrl":"https:\/\/www.musikzeitung.ch\/wp-content\/uploads\/2023\/01\/960px-Boswil_Kuenstlerhaus.jpeg","width":960,"height":720,"caption":"K\u00fcnstlerhaus Boswil (Bild: Voyager, CC BY-SA 3.0)"},{"@type":"BreadcrumbList","@id":"https:\/\/www.musikzeitung.ch\/news\/2023\/03\/julia-fischer-und-benjamin-nyffenegger-leiten-boswiler-sommer#breadcrumb","itemListElement":[{"@type":"ListItem","position":1,"name":"Home","item":"https:\/\/www.musikzeitung.ch\/"},{"@type":"ListItem","position":2,"name":"Julia Fischer und Benjamin Nyffenegger leiten Boswiler Sommer"}]},{"@type":"WebSite","@id":"https:\/\/www.musikzeitung.ch\/#website","url":"https:\/\/www.musikzeitung.ch\/","name":"Swiss Music Newspaper","description":"The leading interdisciplinary monthly newspaper in Switzerland for musical issues.","publisher":{"@id":"https:\/\/www.musikzeitung.ch\/#organization"},"potentialAction":[{"@type":"SearchAction","target":{"@type":"EntryPoint","urlTemplate":"https:\/\/www.musikzeitung.ch\/?s={search_term_string}"},"query-input":{"@type":"PropertyValueSpecification","valueRequired":true,"valueName":"search_term_string"}}],"inLanguage":"en-US"},{"@type":"Organization","@id":"https:\/\/www.musikzeitung.ch\/#organization","name":"Swiss Music Newspaper","url":"https:\/\/www.musikzeitung.ch\/","logo":{"@type":"ImageObject","inLanguage":"en-US","@id":"https:\/\/www.musikzeitung.ch\/#\/schema\/logo\/image\/","url":"https:\/\/www.musikzeitung.ch\/wp-content\/uploads\/2023\/01\/SMZ_Schriftzug_Sprache.png","contentUrl":"https:\/\/www.musikzeitung.ch\/wp-content\/uploads\/2023\/01\/SMZ_Schriftzug_Sprache.png","width":1400,"height":279,"caption":"Schweizer Musikzeitung"},"image":{"@id":"https:\/\/www.musikzeitung.ch\/#\/schema\/logo\/image\/"},"sameAs":["https:\/\/www.facebook.com\/SchweizerMusikzeitung\/","https:\/\/x.com\/smusikzeitung","https:\/\/www.instagram.com\/musikzeitung.ch\/"]},{"@type":"Person","@id":"https:\/\/www.musikzeitung.ch\/#\/schema\/person\/0da4fb82d243f1252850a35d0e87cf0c","name":"Wolfgang B\u00f6hler","image":{"@type":"ImageObject","inLanguage":"en-US","@id":"https:\/\/www.musikzeitung.ch\/wp-content\/uploads\/2023\/01\/boehler_portraet_web-e1674139782246-96x96.jpg","url":"https:\/\/www.musikzeitung.ch\/wp-content\/uploads\/2023\/01\/boehler_portraet_web-e1674139782246-96x96.jpg","contentUrl":"https:\/\/www.musikzeitung.ch\/wp-content\/uploads\/2023\/01\/boehler_portraet_web-e1674139782246-96x96.jpg","caption":"Wolfgang B\u00f6hler"},"sameAs":["http:\/\/www.manacanto.ch","https:\/\/www.facebook.com\/wolfgang.bohler.75"],"url":"https:\/\/www.musikzeitung.ch\/en\/author\/wolfgang-boehler"}]}},"publishpress_future_workflow_manual_trigger":{"enabledWorkflows":[]},"_links":{"self":[{"href":"https:\/\/www.musikzeitung.ch\/en\/wp-json\/wp\/v2\/posts\/42678","targetHints":{"allow":["GET"]}}],"collection":[{"href":"https:\/\/www.musikzeitung.ch\/en\/wp-json\/wp\/v2\/posts"}],"about":[{"href":"https:\/\/www.musikzeitung.ch\/en\/wp-json\/wp\/v2\/types\/post"}],"author":[{"embeddable":true,"href":"https:\/\/www.musikzeitung.ch\/en\/wp-json\/wp\/v2\/users\/30"}],"replies":[{"embeddable":true,"href":"https:\/\/www.musikzeitung.ch\/en\/wp-json\/wp\/v2\/comments?post=42678"}],"version-history":[{"count":4,"href":"https:\/\/www.musikzeitung.ch\/en\/wp-json\/wp\/v2\/posts\/42678\/revisions"}],"predecessor-version":[{"id":42684,"href":"https:\/\/www.musikzeitung.ch\/en\/wp-json\/wp\/v2\/posts\/42678\/revisions\/42684"}],"wp:featuredmedia":[{"embeddable":true,"href":"https:\/\/www.musikzeitung.ch\/en\/wp-json\/wp\/v2\/media\/39955"}],"wp:attachment":[{"href":"https:\/\/www.musikzeitung.ch\/en\/wp-json\/wp\/v2\/media?parent=42678"}],"wp:term":[{"taxonomy":"category","embeddable":true,"href":"https:\/\/www.musikzeitung.ch\/en\/wp-json\/wp\/v2\/categories?post=42678"},{"taxonomy":"post_tag","embeddable":true,"href":"https:\/\/www.musikzeitung.ch\/en\/wp-json\/wp\/v2\/tags?post=42678"}],"curies":[{"name":"wp","href":"https:\/\/api.w.org\/{rel}","templated":true}]}}