{"id":42750,"date":"2023-03-03T06:51:03","date_gmt":"2023-03-03T05:51:03","guid":{"rendered":"https:\/\/www.musikzeitung.ch\/?p=42750"},"modified":"2023-03-03T06:51:47","modified_gmt":"2023-03-03T05:51:47","slug":"lang-amtierender-rektor-in-rostock","status":"publish","type":"post","link":"https:\/\/www.musikzeitung.ch\/en\/news\/2023\/03\/lang-amtierender-rektor-in-rostock","title":{"rendered":"Long serving rector in Rostock"},"content":{"rendered":"<figure id=\"attachment_42751\" aria-describedby=\"caption-attachment-42751\" style=\"width: 556px\" class=\"wp-caption aligncenter\"><img loading=\"lazy\" decoding=\"async\" class=\"wp-image-42751\" src=\"https:\/\/www.musikzeitung.ch\/wp-content\/uploads\/2023\/03\/230303lang.jpg\" alt=\"\" width=\"556\" height=\"399\" srcset=\"https:\/\/www.musikzeitung.ch\/wp-content\/uploads\/2023\/03\/230303lang.jpg 947w, https:\/\/www.musikzeitung.ch\/wp-content\/uploads\/2023\/03\/230303lang-300x215.jpg 300w, https:\/\/www.musikzeitung.ch\/wp-content\/uploads\/2023\/03\/230303lang-768x551.jpg 768w, https:\/\/www.musikzeitung.ch\/wp-content\/uploads\/2023\/03\/230303lang-244x175.jpg 244w, https:\/\/www.musikzeitung.ch\/wp-content\/uploads\/2023\/03\/230303lang-487x350.jpg 487w, https:\/\/www.musikzeitung.ch\/wp-content\/uploads\/2023\/03\/230303lang-920x661.jpg 920w\" sizes=\"auto, (max-width: 556px) 100vw, 556px\" \/><figcaption id=\"caption-attachment-42751\" class=\"wp-caption-text\">Benjamin Lang (Image: Mirco Dalchow)<\/figcaption><\/figure>\n<p>As the current Rector Reinhard Sch\u00e4fert\u00f6ns will be leaving his position prematurely on March 31, 2023 after two and a half years, the position was advertised again. The selection process is currently underway.<\/p>\n<p>Lang taught as a lecturer at the Zurich University of the Arts from 2010 and was appointed Professor of Music Theory and Composition there in 2014. In 2016, he was appointed Professor of Composition and Music Theory at the Hanns Eisler School of Music in Berlin. Since the 2018\/19 winter semester, he has been teaching as Professor of Music Theory at the Rostock University of Music.<\/p>\n<p>He studied composition, music theory, conducting and musicology in Rostock, Salzburg, Hanover, Lugano, Bremen and Edinburgh. He completed his composition studies with a concert exam and a doctorate, and his musicology studies with a doctorate.<\/p>","protected":false},"excerpt":{"rendered":"<p>Benjamin Lang will take over as Acting Rector of the Rostock University of Music and Performing Arts in April and will be in charge for a transitional period until a new appointment is made. <\/p>","protected":false},"author":30,"featured_media":42751,"comment_status":"closed","ping_status":"closed","sticky":false,"template":"","format":"standard","meta":{"_acf_changed":false,"_relevanssi_hide_post":"","_relevanssi_hide_content":"","_relevanssi_pin_for_all":"","_relevanssi_pin_keywords":"","_relevanssi_unpin_keywords":"","_relevanssi_related_keywords":"","_relevanssi_related_include_ids":"","_relevanssi_related_exclude_ids":"","_relevanssi_related_no_append":"","_relevanssi_related_not_related":"","_relevanssi_related_posts":"","_relevanssi_noindex_reason":"","pgc_sgb_lightbox_settings":"","footnotes":""},"categories":[27],"tags":[2106,2105],"class_list":["post-42750","post","type-post","status-publish","format-standard","has-post-thumbnail","hentry","category-news","tag-benjamin-lang","tag-rostock"],"acf":[],"yoast_head":"<!-- This site is optimized with the Yoast SEO plugin v27.4 - https:\/\/yoast.com\/product\/yoast-seo-wordpress\/ -->\n<title>Lang amtierender Rektor in Rostock - Schweizer Musikzeitung<\/title>\n<meta name=\"robots\" content=\"index, follow, max-snippet:-1, max-image-preview:large, max-video-preview:-1\" \/>\n<link rel=\"canonical\" href=\"https:\/\/www.musikzeitung.ch\/en\/news\/2023\/03\/lang-amtierender-rektor-in-rostock\/\" \/>\n<meta property=\"og:locale\" content=\"en_US\" \/>\n<meta property=\"og:type\" content=\"article\" \/>\n<meta property=\"og:title\" content=\"Lang amtierender Rektor in Rostock - Schweizer Musikzeitung\" \/>\n<meta property=\"og:description\" content=\"Benjamin Lang wird ab April als amtierender Rektor die Leitung der Hochschule f\u00fcr Musik und Theater Rostock \u00fcbernehmen und die Amtsgesch\u00e4fte f\u00fcr eine \u00dcbergangszeit bis zur Neubesetzung f\u00fchren.\" \/>\n<meta property=\"og:url\" content=\"https:\/\/www.musikzeitung.ch\/en\/news\/2023\/03\/lang-amtierender-rektor-in-rostock\/\" \/>\n<meta property=\"og:site_name\" content=\"Schweizer Musikzeitung\" \/>\n<meta property=\"article:publisher\" content=\"https:\/\/www.facebook.com\/SchweizerMusikzeitung\/\" \/>\n<meta property=\"article:author\" content=\"https:\/\/www.facebook.com\/wolfgang.bohler.75\" \/>\n<meta property=\"article:published_time\" content=\"2023-03-03T05:51:03+00:00\" \/>\n<meta property=\"article:modified_time\" content=\"2023-03-03T05:51:47+00:00\" \/>\n<meta property=\"og:image\" content=\"https:\/\/www.musikzeitung.ch\/wp-content\/uploads\/2023\/03\/230303lang.jpg\" \/>\n\t<meta property=\"og:image:width\" content=\"947\" \/>\n\t<meta property=\"og:image:height\" content=\"680\" \/>\n\t<meta property=\"og:image:type\" content=\"image\/jpeg\" \/>\n<meta name=\"author\" content=\"Wolfgang B\u00f6hler\" \/>\n<meta name=\"twitter:card\" content=\"summary_large_image\" \/>\n<meta name=\"twitter:creator\" content=\"@smusikzeitung\" \/>\n<meta name=\"twitter:site\" content=\"@smusikzeitung\" \/>\n<meta name=\"twitter:label1\" content=\"Written by\" \/>\n\t<meta name=\"twitter:data1\" content=\"Wolfgang B\u00f6hler\" \/>\n\t<meta name=\"twitter:label2\" content=\"Est. reading time\" \/>\n\t<meta name=\"twitter:data2\" content=\"1 minute\" \/>\n<script type=\"application\/ld+json\" class=\"yoast-schema-graph\">{\"@context\":\"https:\\\/\\\/schema.org\",\"@graph\":[{\"@type\":\"Article\",\"@id\":\"https:\\\/\\\/www.musikzeitung.ch\\\/news\\\/2023\\\/03\\\/lang-amtierender-rektor-in-rostock#article\",\"isPartOf\":{\"@id\":\"https:\\\/\\\/www.musikzeitung.ch\\\/news\\\/2023\\\/03\\\/lang-amtierender-rektor-in-rostock\"},\"author\":{\"name\":\"Wolfgang B\u00f6hler\",\"@id\":\"https:\\\/\\\/www.musikzeitung.ch\\\/#\\\/schema\\\/person\\\/0da4fb82d243f1252850a35d0e87cf0c\"},\"headline\":\"Lang amtierender Rektor in Rostock\",\"datePublished\":\"2023-03-03T05:51:03+00:00\",\"dateModified\":\"2023-03-03T05:51:47+00:00\",\"mainEntityOfPage\":{\"@id\":\"https:\\\/\\\/www.musikzeitung.ch\\\/news\\\/2023\\\/03\\\/lang-amtierender-rektor-in-rostock\"},\"wordCount\":137,\"publisher\":{\"@id\":\"https:\\\/\\\/www.musikzeitung.ch\\\/#organization\"},\"image\":{\"@id\":\"https:\\\/\\\/www.musikzeitung.ch\\\/news\\\/2023\\\/03\\\/lang-amtierender-rektor-in-rostock#primaryimage\"},\"thumbnailUrl\":\"https:\\\/\\\/www.musikzeitung.ch\\\/wp-content\\\/uploads\\\/2023\\\/03\\\/230303lang.jpg\",\"keywords\":[\"Benjamin Lang\",\"Rostock\"],\"articleSection\":[\"News\"],\"inLanguage\":\"en-US\"},{\"@type\":\"WebPage\",\"@id\":\"https:\\\/\\\/www.musikzeitung.ch\\\/news\\\/2023\\\/03\\\/lang-amtierender-rektor-in-rostock\",\"url\":\"https:\\\/\\\/www.musikzeitung.ch\\\/news\\\/2023\\\/03\\\/lang-amtierender-rektor-in-rostock\",\"name\":\"Lang amtierender Rektor in Rostock - Schweizer Musikzeitung\",\"isPartOf\":{\"@id\":\"https:\\\/\\\/www.musikzeitung.ch\\\/#website\"},\"primaryImageOfPage\":{\"@id\":\"https:\\\/\\\/www.musikzeitung.ch\\\/news\\\/2023\\\/03\\\/lang-amtierender-rektor-in-rostock#primaryimage\"},\"image\":{\"@id\":\"https:\\\/\\\/www.musikzeitung.ch\\\/news\\\/2023\\\/03\\\/lang-amtierender-rektor-in-rostock#primaryimage\"},\"thumbnailUrl\":\"https:\\\/\\\/www.musikzeitung.ch\\\/wp-content\\\/uploads\\\/2023\\\/03\\\/230303lang.jpg\",\"datePublished\":\"2023-03-03T05:51:03+00:00\",\"dateModified\":\"2023-03-03T05:51:47+00:00\",\"breadcrumb\":{\"@id\":\"https:\\\/\\\/www.musikzeitung.ch\\\/news\\\/2023\\\/03\\\/lang-amtierender-rektor-in-rostock#breadcrumb\"},\"inLanguage\":\"en-US\",\"potentialAction\":[{\"@type\":\"ReadAction\",\"target\":[\"https:\\\/\\\/www.musikzeitung.ch\\\/news\\\/2023\\\/03\\\/lang-amtierender-rektor-in-rostock\"]}]},{\"@type\":\"ImageObject\",\"inLanguage\":\"en-US\",\"@id\":\"https:\\\/\\\/www.musikzeitung.ch\\\/news\\\/2023\\\/03\\\/lang-amtierender-rektor-in-rostock#primaryimage\",\"url\":\"https:\\\/\\\/www.musikzeitung.ch\\\/wp-content\\\/uploads\\\/2023\\\/03\\\/230303lang.jpg\",\"contentUrl\":\"https:\\\/\\\/www.musikzeitung.ch\\\/wp-content\\\/uploads\\\/2023\\\/03\\\/230303lang.jpg\",\"width\":947,\"height\":680,\"caption\":\"Benjamin Lang (Bild: Mirco Dalchow)\"},{\"@type\":\"BreadcrumbList\",\"@id\":\"https:\\\/\\\/www.musikzeitung.ch\\\/news\\\/2023\\\/03\\\/lang-amtierender-rektor-in-rostock#breadcrumb\",\"itemListElement\":[{\"@type\":\"ListItem\",\"position\":1,\"name\":\"Home\",\"item\":\"https:\\\/\\\/www.musikzeitung.ch\\\/\"},{\"@type\":\"ListItem\",\"position\":2,\"name\":\"Lang amtierender Rektor in Rostock\"}]},{\"@type\":\"WebSite\",\"@id\":\"https:\\\/\\\/www.musikzeitung.ch\\\/#website\",\"url\":\"https:\\\/\\\/www.musikzeitung.ch\\\/\",\"name\":\"Schweizer Musikzeitung\",\"description\":\"Die f\u00fchrende sparten\u00fcbergreifende Monatszeitung in der Schweiz f\u00fcr musikalische Fragen.\",\"publisher\":{\"@id\":\"https:\\\/\\\/www.musikzeitung.ch\\\/#organization\"},\"potentialAction\":[{\"@type\":\"SearchAction\",\"target\":{\"@type\":\"EntryPoint\",\"urlTemplate\":\"https:\\\/\\\/www.musikzeitung.ch\\\/?s={search_term_string}\"},\"query-input\":{\"@type\":\"PropertyValueSpecification\",\"valueRequired\":true,\"valueName\":\"search_term_string\"}}],\"inLanguage\":\"en-US\"},{\"@type\":\"Organization\",\"@id\":\"https:\\\/\\\/www.musikzeitung.ch\\\/#organization\",\"name\":\"Schweizer Musikzeitung\",\"url\":\"https:\\\/\\\/www.musikzeitung.ch\\\/\",\"logo\":{\"@type\":\"ImageObject\",\"inLanguage\":\"en-US\",\"@id\":\"https:\\\/\\\/www.musikzeitung.ch\\\/#\\\/schema\\\/logo\\\/image\\\/\",\"url\":\"https:\\\/\\\/www.musikzeitung.ch\\\/wp-content\\\/uploads\\\/2023\\\/01\\\/SMZ_Schriftzug_Sprache.png\",\"contentUrl\":\"https:\\\/\\\/www.musikzeitung.ch\\\/wp-content\\\/uploads\\\/2023\\\/01\\\/SMZ_Schriftzug_Sprache.png\",\"width\":1400,\"height\":279,\"caption\":\"Schweizer Musikzeitung\"},\"image\":{\"@id\":\"https:\\\/\\\/www.musikzeitung.ch\\\/#\\\/schema\\\/logo\\\/image\\\/\"},\"sameAs\":[\"https:\\\/\\\/www.facebook.com\\\/SchweizerMusikzeitung\\\/\",\"https:\\\/\\\/x.com\\\/smusikzeitung\",\"https:\\\/\\\/www.instagram.com\\\/musikzeitung.ch\\\/\"]},{\"@type\":\"Person\",\"@id\":\"https:\\\/\\\/www.musikzeitung.ch\\\/#\\\/schema\\\/person\\\/0da4fb82d243f1252850a35d0e87cf0c\",\"name\":\"Wolfgang B\u00f6hler\",\"image\":{\"@type\":\"ImageObject\",\"inLanguage\":\"en-US\",\"@id\":\"https:\\\/\\\/www.musikzeitung.ch\\\/wp-content\\\/uploads\\\/2023\\\/01\\\/boehler_portraet_web-e1674139782246-96x96.jpg\",\"url\":\"https:\\\/\\\/www.musikzeitung.ch\\\/wp-content\\\/uploads\\\/2023\\\/01\\\/boehler_portraet_web-e1674139782246-96x96.jpg\",\"contentUrl\":\"https:\\\/\\\/www.musikzeitung.ch\\\/wp-content\\\/uploads\\\/2023\\\/01\\\/boehler_portraet_web-e1674139782246-96x96.jpg\",\"caption\":\"Wolfgang B\u00f6hler\"},\"sameAs\":[\"http:\\\/\\\/www.manacanto.ch\",\"https:\\\/\\\/www.facebook.com\\\/wolfgang.bohler.75\"],\"url\":\"https:\\\/\\\/www.musikzeitung.ch\\\/en\\\/author\\\/wolfgang-boehler\"}]}<\/script>\n<!-- \/ Yoast SEO plugin. -->","yoast_head_json":{"title":"Lang amtierender Rektor in Rostock - Schweizer Musikzeitung","robots":{"index":"index","follow":"follow","max-snippet":"max-snippet:-1","max-image-preview":"max-image-preview:large","max-video-preview":"max-video-preview:-1"},"canonical":"https:\/\/www.musikzeitung.ch\/en\/news\/2023\/03\/lang-amtierender-rektor-in-rostock\/","og_locale":"en_US","og_type":"article","og_title":"Lang amtierender Rektor in Rostock - Schweizer Musikzeitung","og_description":"Benjamin Lang wird ab April als amtierender Rektor die Leitung der Hochschule f\u00fcr Musik und Theater Rostock \u00fcbernehmen und die Amtsgesch\u00e4fte f\u00fcr eine \u00dcbergangszeit bis zur Neubesetzung f\u00fchren.","og_url":"https:\/\/www.musikzeitung.ch\/en\/news\/2023\/03\/lang-amtierender-rektor-in-rostock\/","og_site_name":"Schweizer Musikzeitung","article_publisher":"https:\/\/www.facebook.com\/SchweizerMusikzeitung\/","article_author":"https:\/\/www.facebook.com\/wolfgang.bohler.75","article_published_time":"2023-03-03T05:51:03+00:00","article_modified_time":"2023-03-03T05:51:47+00:00","og_image":[{"width":947,"height":680,"url":"https:\/\/www.musikzeitung.ch\/wp-content\/uploads\/2023\/03\/230303lang.jpg","type":"image\/jpeg"}],"author":"Wolfgang B\u00f6hler","twitter_card":"summary_large_image","twitter_creator":"@smusikzeitung","twitter_site":"@smusikzeitung","twitter_misc":{"Written by":"Wolfgang B\u00f6hler","Est. reading time":"1 minute"},"schema":{"@context":"https:\/\/schema.org","@graph":[{"@type":"Article","@id":"https:\/\/www.musikzeitung.ch\/news\/2023\/03\/lang-amtierender-rektor-in-rostock#article","isPartOf":{"@id":"https:\/\/www.musikzeitung.ch\/news\/2023\/03\/lang-amtierender-rektor-in-rostock"},"author":{"name":"Wolfgang B\u00f6hler","@id":"https:\/\/www.musikzeitung.ch\/#\/schema\/person\/0da4fb82d243f1252850a35d0e87cf0c"},"headline":"Lang amtierender Rektor in Rostock","datePublished":"2023-03-03T05:51:03+00:00","dateModified":"2023-03-03T05:51:47+00:00","mainEntityOfPage":{"@id":"https:\/\/www.musikzeitung.ch\/news\/2023\/03\/lang-amtierender-rektor-in-rostock"},"wordCount":137,"publisher":{"@id":"https:\/\/www.musikzeitung.ch\/#organization"},"image":{"@id":"https:\/\/www.musikzeitung.ch\/news\/2023\/03\/lang-amtierender-rektor-in-rostock#primaryimage"},"thumbnailUrl":"https:\/\/www.musikzeitung.ch\/wp-content\/uploads\/2023\/03\/230303lang.jpg","keywords":["Benjamin Lang","Rostock"],"articleSection":["News"],"inLanguage":"en-US"},{"@type":"WebPage","@id":"https:\/\/www.musikzeitung.ch\/news\/2023\/03\/lang-amtierender-rektor-in-rostock","url":"https:\/\/www.musikzeitung.ch\/news\/2023\/03\/lang-amtierender-rektor-in-rostock","name":"Lang amtierender Rektor in Rostock - Schweizer Musikzeitung","isPartOf":{"@id":"https:\/\/www.musikzeitung.ch\/#website"},"primaryImageOfPage":{"@id":"https:\/\/www.musikzeitung.ch\/news\/2023\/03\/lang-amtierender-rektor-in-rostock#primaryimage"},"image":{"@id":"https:\/\/www.musikzeitung.ch\/news\/2023\/03\/lang-amtierender-rektor-in-rostock#primaryimage"},"thumbnailUrl":"https:\/\/www.musikzeitung.ch\/wp-content\/uploads\/2023\/03\/230303lang.jpg","datePublished":"2023-03-03T05:51:03+00:00","dateModified":"2023-03-03T05:51:47+00:00","breadcrumb":{"@id":"https:\/\/www.musikzeitung.ch\/news\/2023\/03\/lang-amtierender-rektor-in-rostock#breadcrumb"},"inLanguage":"en-US","potentialAction":[{"@type":"ReadAction","target":["https:\/\/www.musikzeitung.ch\/news\/2023\/03\/lang-amtierender-rektor-in-rostock"]}]},{"@type":"ImageObject","inLanguage":"en-US","@id":"https:\/\/www.musikzeitung.ch\/news\/2023\/03\/lang-amtierender-rektor-in-rostock#primaryimage","url":"https:\/\/www.musikzeitung.ch\/wp-content\/uploads\/2023\/03\/230303lang.jpg","contentUrl":"https:\/\/www.musikzeitung.ch\/wp-content\/uploads\/2023\/03\/230303lang.jpg","width":947,"height":680,"caption":"Benjamin Lang (Bild: Mirco Dalchow)"},{"@type":"BreadcrumbList","@id":"https:\/\/www.musikzeitung.ch\/news\/2023\/03\/lang-amtierender-rektor-in-rostock#breadcrumb","itemListElement":[{"@type":"ListItem","position":1,"name":"Home","item":"https:\/\/www.musikzeitung.ch\/"},{"@type":"ListItem","position":2,"name":"Lang amtierender Rektor in Rostock"}]},{"@type":"WebSite","@id":"https:\/\/www.musikzeitung.ch\/#website","url":"https:\/\/www.musikzeitung.ch\/","name":"Swiss Music Newspaper","description":"The leading interdisciplinary monthly newspaper in Switzerland for musical issues.","publisher":{"@id":"https:\/\/www.musikzeitung.ch\/#organization"},"potentialAction":[{"@type":"SearchAction","target":{"@type":"EntryPoint","urlTemplate":"https:\/\/www.musikzeitung.ch\/?s={search_term_string}"},"query-input":{"@type":"PropertyValueSpecification","valueRequired":true,"valueName":"search_term_string"}}],"inLanguage":"en-US"},{"@type":"Organization","@id":"https:\/\/www.musikzeitung.ch\/#organization","name":"Swiss Music Newspaper","url":"https:\/\/www.musikzeitung.ch\/","logo":{"@type":"ImageObject","inLanguage":"en-US","@id":"https:\/\/www.musikzeitung.ch\/#\/schema\/logo\/image\/","url":"https:\/\/www.musikzeitung.ch\/wp-content\/uploads\/2023\/01\/SMZ_Schriftzug_Sprache.png","contentUrl":"https:\/\/www.musikzeitung.ch\/wp-content\/uploads\/2023\/01\/SMZ_Schriftzug_Sprache.png","width":1400,"height":279,"caption":"Schweizer Musikzeitung"},"image":{"@id":"https:\/\/www.musikzeitung.ch\/#\/schema\/logo\/image\/"},"sameAs":["https:\/\/www.facebook.com\/SchweizerMusikzeitung\/","https:\/\/x.com\/smusikzeitung","https:\/\/www.instagram.com\/musikzeitung.ch\/"]},{"@type":"Person","@id":"https:\/\/www.musikzeitung.ch\/#\/schema\/person\/0da4fb82d243f1252850a35d0e87cf0c","name":"Wolfgang B\u00f6hler","image":{"@type":"ImageObject","inLanguage":"en-US","@id":"https:\/\/www.musikzeitung.ch\/wp-content\/uploads\/2023\/01\/boehler_portraet_web-e1674139782246-96x96.jpg","url":"https:\/\/www.musikzeitung.ch\/wp-content\/uploads\/2023\/01\/boehler_portraet_web-e1674139782246-96x96.jpg","contentUrl":"https:\/\/www.musikzeitung.ch\/wp-content\/uploads\/2023\/01\/boehler_portraet_web-e1674139782246-96x96.jpg","caption":"Wolfgang B\u00f6hler"},"sameAs":["http:\/\/www.manacanto.ch","https:\/\/www.facebook.com\/wolfgang.bohler.75"],"url":"https:\/\/www.musikzeitung.ch\/en\/author\/wolfgang-boehler"}]}},"publishpress_future_workflow_manual_trigger":{"enabledWorkflows":[]},"_links":{"self":[{"href":"https:\/\/www.musikzeitung.ch\/en\/wp-json\/wp\/v2\/posts\/42750","targetHints":{"allow":["GET"]}}],"collection":[{"href":"https:\/\/www.musikzeitung.ch\/en\/wp-json\/wp\/v2\/posts"}],"about":[{"href":"https:\/\/www.musikzeitung.ch\/en\/wp-json\/wp\/v2\/types\/post"}],"author":[{"embeddable":true,"href":"https:\/\/www.musikzeitung.ch\/en\/wp-json\/wp\/v2\/users\/30"}],"replies":[{"embeddable":true,"href":"https:\/\/www.musikzeitung.ch\/en\/wp-json\/wp\/v2\/comments?post=42750"}],"version-history":[{"count":2,"href":"https:\/\/www.musikzeitung.ch\/en\/wp-json\/wp\/v2\/posts\/42750\/revisions"}],"predecessor-version":[{"id":42753,"href":"https:\/\/www.musikzeitung.ch\/en\/wp-json\/wp\/v2\/posts\/42750\/revisions\/42753"}],"wp:featuredmedia":[{"embeddable":true,"href":"https:\/\/www.musikzeitung.ch\/en\/wp-json\/wp\/v2\/media\/42751"}],"wp:attachment":[{"href":"https:\/\/www.musikzeitung.ch\/en\/wp-json\/wp\/v2\/media?parent=42750"}],"wp:term":[{"taxonomy":"category","embeddable":true,"href":"https:\/\/www.musikzeitung.ch\/en\/wp-json\/wp\/v2\/categories?post=42750"},{"taxonomy":"post_tag","embeddable":true,"href":"https:\/\/www.musikzeitung.ch\/en\/wp-json\/wp\/v2\/tags?post=42750"}],"curies":[{"name":"wp","href":"https:\/\/api.w.org\/{rel}","templated":true}]}}