{"id":42860,"date":"2023-03-09T15:45:58","date_gmt":"2023-03-09T14:45:58","guid":{"rendered":"https:\/\/www.musikzeitung.ch\/?p=42860"},"modified":"2023-03-09T15:45:58","modified_gmt":"2023-03-09T14:45:58","slug":"thomas-aeschbacher-mit-goldenem-violinschluessel-ausgezeichnet","status":"publish","type":"post","link":"https:\/\/www.musikzeitung.ch\/en\/news\/2023\/03\/thomas-aeschbacher-mit-goldenem-violinschluessel-ausgezeichnet","title":{"rendered":"Thomas Aeschbacher awarded the Golden Treble Clef"},"content":{"rendered":"<figure id=\"attachment_42861\" aria-describedby=\"caption-attachment-42861\" style=\"width: 461px\" class=\"wp-caption alignnone\"><img loading=\"lazy\" decoding=\"async\" class=\"wp-image-42861\" src=\"https:\/\/www.musikzeitung.ch\/wp-content\/uploads\/2023\/03\/230309violinscuessle.jpg\" alt=\"\" width=\"461\" height=\"307\" srcset=\"https:\/\/www.musikzeitung.ch\/wp-content\/uploads\/2023\/03\/230309violinscuessle.jpg 640w, https:\/\/www.musikzeitung.ch\/wp-content\/uploads\/2023\/03\/230309violinscuessle-300x200.jpg 300w, https:\/\/www.musikzeitung.ch\/wp-content\/uploads\/2023\/03\/230309violinscuessle-600x400.jpg 600w, https:\/\/www.musikzeitung.ch\/wp-content\/uploads\/2023\/03\/230309violinscuessle-263x175.jpg 263w, https:\/\/www.musikzeitung.ch\/wp-content\/uploads\/2023\/03\/230309violinscuessle-526x350.jpg 526w\" sizes=\"auto, (max-width: 461px) 100vw, 461px\" \/><figcaption id=\"caption-attachment-42861\" class=\"wp-caption-text\">Thomas Aeschbacher (Image: Janosch Hugi)<\/figcaption><\/figure>\n<p>Thomas Aeschbacher lives with his family in Langenthal. He has been a member of the Pflanzpl\u00e4tz band since 1993, occasionally teaches advanced Schwyzer\u00f6rgeli privately and works part-time as a music teacher at the Burgdorf upper school. He has been running Schwyzer\u00f6rgeli courses at the folk music weeks in Arosa and for the Swiss Folk Music Association VSV for decades. He teaches alpine folk music\/world music at the Bern University of the Arts.<\/p>\n<p>He has already played the Schwyzer\u00f6rgeli in various projects, including in the film \"Mein Name ist Eugen\" and with the whole family from 2008 in the \"B\u00e4rner Jodlerpredig\" by and with Hannes Fuhrer. The award ceremony for Thomas Aeschbacher will take place on September 30, 2023 in Langenthal.<\/p>\n<p>The golden treble clef was created in 1958 by Paul K\u00fcnzi to honor people who have made a special commitment to folk music and have thus rendered outstanding services. The most recent recipients include Claudia Muff, Johannes Schmid-Kunz, Ren\u00e9 Wicky, Ruedi Renggli, Arno Jehli, Dani H\u00e4usler and Heidi and Ruedi Wachter.<\/p>\n<p>&nbsp;<\/p>","protected":false},"excerpt":{"rendered":"<p>Schwyzer\u00f6rgel player Thomas Aeschbacher, who has been committed to the almost forgotten Swiss instrument Langnauer for years, will be awarded the Golden Treble Clef 2023.<\/p>","protected":false},"author":30,"featured_media":42861,"comment_status":"closed","ping_status":"closed","sticky":false,"template":"","format":"standard","meta":{"_acf_changed":false,"_relevanssi_hide_post":"","_relevanssi_hide_content":"","_relevanssi_pin_for_all":"","_relevanssi_pin_keywords":"","_relevanssi_unpin_keywords":"","_relevanssi_related_keywords":"","_relevanssi_related_include_ids":"","_relevanssi_related_exclude_ids":"","_relevanssi_related_no_append":"","_relevanssi_related_not_related":"","_relevanssi_related_posts":"","_relevanssi_noindex_reason":"","pgc_sgb_lightbox_settings":"","footnotes":""},"categories":[27],"tags":[2116,1653,2117],"class_list":["post-42860","post","type-post","status-publish","format-standard","has-post-thumbnail","hentry","category-news","tag-goldener-violinschluessel","tag-langnauerli","tag-thomas-aeschbacher"],"acf":[],"yoast_head":"<!-- This site is optimized with the Yoast SEO plugin v27.4 - https:\/\/yoast.com\/product\/yoast-seo-wordpress\/ -->\n<title>Thomas Aeschbacher mit Goldenem Violinschl\u00fcssel ausgezeichnet - Schweizer Musikzeitung<\/title>\n<meta name=\"robots\" content=\"index, follow, max-snippet:-1, max-image-preview:large, max-video-preview:-1\" \/>\n<link rel=\"canonical\" href=\"https:\/\/www.musikzeitung.ch\/en\/news\/2023\/03\/thomas-aeschbacher-mit-goldenem-violinschluessel-ausgezeichnet\/\" \/>\n<meta property=\"og:locale\" content=\"en_US\" \/>\n<meta property=\"og:type\" content=\"article\" \/>\n<meta property=\"og:title\" content=\"Thomas Aeschbacher mit Goldenem Violinschl\u00fcssel ausgezeichnet - Schweizer Musikzeitung\" \/>\n<meta property=\"og:description\" content=\"Der Schwyzer\u00f6rgeler Thomas Aeschbacher, der sich seit Jahren f\u00fcr das fast in Vergessenheit geratene Schweizer Instrument Langnauer engagiert, wird mit dem Goldenen Violinschl\u00fcssel 2023 ausgezeichnet.\" \/>\n<meta property=\"og:url\" content=\"https:\/\/www.musikzeitung.ch\/en\/news\/2023\/03\/thomas-aeschbacher-mit-goldenem-violinschluessel-ausgezeichnet\/\" \/>\n<meta property=\"og:site_name\" content=\"Schweizer Musikzeitung\" \/>\n<meta property=\"article:publisher\" content=\"https:\/\/www.facebook.com\/SchweizerMusikzeitung\/\" \/>\n<meta property=\"article:author\" content=\"https:\/\/www.facebook.com\/wolfgang.bohler.75\" \/>\n<meta property=\"article:published_time\" content=\"2023-03-09T14:45:58+00:00\" \/>\n<meta property=\"og:image\" content=\"https:\/\/www.musikzeitung.ch\/wp-content\/uploads\/2023\/03\/230309violinscuessle.jpg\" \/>\n\t<meta property=\"og:image:width\" content=\"640\" \/>\n\t<meta property=\"og:image:height\" content=\"426\" \/>\n\t<meta property=\"og:image:type\" content=\"image\/jpeg\" \/>\n<meta name=\"author\" content=\"Wolfgang B\u00f6hler\" \/>\n<meta name=\"twitter:card\" content=\"summary_large_image\" \/>\n<meta name=\"twitter:creator\" content=\"@smusikzeitung\" \/>\n<meta name=\"twitter:site\" content=\"@smusikzeitung\" \/>\n<meta name=\"twitter:label1\" content=\"Written by\" \/>\n\t<meta name=\"twitter:data1\" content=\"Wolfgang B\u00f6hler\" \/>\n\t<meta name=\"twitter:label2\" content=\"Est. reading time\" \/>\n\t<meta name=\"twitter:data2\" content=\"2 minutes\" \/>\n<script type=\"application\/ld+json\" class=\"yoast-schema-graph\">{\"@context\":\"https:\\\/\\\/schema.org\",\"@graph\":[{\"@type\":\"Article\",\"@id\":\"https:\\\/\\\/www.musikzeitung.ch\\\/news\\\/2023\\\/03\\\/thomas-aeschbacher-mit-goldenem-violinschluessel-ausgezeichnet#article\",\"isPartOf\":{\"@id\":\"https:\\\/\\\/www.musikzeitung.ch\\\/news\\\/2023\\\/03\\\/thomas-aeschbacher-mit-goldenem-violinschluessel-ausgezeichnet\"},\"author\":{\"name\":\"Wolfgang B\u00f6hler\",\"@id\":\"https:\\\/\\\/www.musikzeitung.ch\\\/#\\\/schema\\\/person\\\/0da4fb82d243f1252850a35d0e87cf0c\"},\"headline\":\"Thomas Aeschbacher mit Goldenem Violinschl\u00fcssel ausgezeichnet\",\"datePublished\":\"2023-03-09T14:45:58+00:00\",\"mainEntityOfPage\":{\"@id\":\"https:\\\/\\\/www.musikzeitung.ch\\\/news\\\/2023\\\/03\\\/thomas-aeschbacher-mit-goldenem-violinschluessel-ausgezeichnet\"},\"wordCount\":194,\"publisher\":{\"@id\":\"https:\\\/\\\/www.musikzeitung.ch\\\/#organization\"},\"image\":{\"@id\":\"https:\\\/\\\/www.musikzeitung.ch\\\/news\\\/2023\\\/03\\\/thomas-aeschbacher-mit-goldenem-violinschluessel-ausgezeichnet#primaryimage\"},\"thumbnailUrl\":\"https:\\\/\\\/www.musikzeitung.ch\\\/wp-content\\\/uploads\\\/2023\\\/03\\\/230309violinscuessle.jpg\",\"keywords\":[\"Goldener Violinschl\u00fcssel\",\"Langnauerli\",\"Thomas Aeschbacher\"],\"articleSection\":[\"News\"],\"inLanguage\":\"en-US\"},{\"@type\":\"WebPage\",\"@id\":\"https:\\\/\\\/www.musikzeitung.ch\\\/news\\\/2023\\\/03\\\/thomas-aeschbacher-mit-goldenem-violinschluessel-ausgezeichnet\",\"url\":\"https:\\\/\\\/www.musikzeitung.ch\\\/news\\\/2023\\\/03\\\/thomas-aeschbacher-mit-goldenem-violinschluessel-ausgezeichnet\",\"name\":\"Thomas Aeschbacher mit Goldenem Violinschl\u00fcssel ausgezeichnet - Schweizer Musikzeitung\",\"isPartOf\":{\"@id\":\"https:\\\/\\\/www.musikzeitung.ch\\\/#website\"},\"primaryImageOfPage\":{\"@id\":\"https:\\\/\\\/www.musikzeitung.ch\\\/news\\\/2023\\\/03\\\/thomas-aeschbacher-mit-goldenem-violinschluessel-ausgezeichnet#primaryimage\"},\"image\":{\"@id\":\"https:\\\/\\\/www.musikzeitung.ch\\\/news\\\/2023\\\/03\\\/thomas-aeschbacher-mit-goldenem-violinschluessel-ausgezeichnet#primaryimage\"},\"thumbnailUrl\":\"https:\\\/\\\/www.musikzeitung.ch\\\/wp-content\\\/uploads\\\/2023\\\/03\\\/230309violinscuessle.jpg\",\"datePublished\":\"2023-03-09T14:45:58+00:00\",\"breadcrumb\":{\"@id\":\"https:\\\/\\\/www.musikzeitung.ch\\\/news\\\/2023\\\/03\\\/thomas-aeschbacher-mit-goldenem-violinschluessel-ausgezeichnet#breadcrumb\"},\"inLanguage\":\"en-US\",\"potentialAction\":[{\"@type\":\"ReadAction\",\"target\":[\"https:\\\/\\\/www.musikzeitung.ch\\\/news\\\/2023\\\/03\\\/thomas-aeschbacher-mit-goldenem-violinschluessel-ausgezeichnet\"]}]},{\"@type\":\"ImageObject\",\"inLanguage\":\"en-US\",\"@id\":\"https:\\\/\\\/www.musikzeitung.ch\\\/news\\\/2023\\\/03\\\/thomas-aeschbacher-mit-goldenem-violinschluessel-ausgezeichnet#primaryimage\",\"url\":\"https:\\\/\\\/www.musikzeitung.ch\\\/wp-content\\\/uploads\\\/2023\\\/03\\\/230309violinscuessle.jpg\",\"contentUrl\":\"https:\\\/\\\/www.musikzeitung.ch\\\/wp-content\\\/uploads\\\/2023\\\/03\\\/230309violinscuessle.jpg\",\"width\":640,\"height\":426,\"caption\":\"Thomas Aeschbacher (Bild: Janosch Hugi)\"},{\"@type\":\"BreadcrumbList\",\"@id\":\"https:\\\/\\\/www.musikzeitung.ch\\\/news\\\/2023\\\/03\\\/thomas-aeschbacher-mit-goldenem-violinschluessel-ausgezeichnet#breadcrumb\",\"itemListElement\":[{\"@type\":\"ListItem\",\"position\":1,\"name\":\"Home\",\"item\":\"https:\\\/\\\/www.musikzeitung.ch\\\/\"},{\"@type\":\"ListItem\",\"position\":2,\"name\":\"Thomas Aeschbacher mit Goldenem Violinschl\u00fcssel ausgezeichnet\"}]},{\"@type\":\"WebSite\",\"@id\":\"https:\\\/\\\/www.musikzeitung.ch\\\/#website\",\"url\":\"https:\\\/\\\/www.musikzeitung.ch\\\/\",\"name\":\"Schweizer Musikzeitung\",\"description\":\"Die f\u00fchrende sparten\u00fcbergreifende Monatszeitung in der Schweiz f\u00fcr musikalische Fragen.\",\"publisher\":{\"@id\":\"https:\\\/\\\/www.musikzeitung.ch\\\/#organization\"},\"potentialAction\":[{\"@type\":\"SearchAction\",\"target\":{\"@type\":\"EntryPoint\",\"urlTemplate\":\"https:\\\/\\\/www.musikzeitung.ch\\\/?s={search_term_string}\"},\"query-input\":{\"@type\":\"PropertyValueSpecification\",\"valueRequired\":true,\"valueName\":\"search_term_string\"}}],\"inLanguage\":\"en-US\"},{\"@type\":\"Organization\",\"@id\":\"https:\\\/\\\/www.musikzeitung.ch\\\/#organization\",\"name\":\"Schweizer Musikzeitung\",\"url\":\"https:\\\/\\\/www.musikzeitung.ch\\\/\",\"logo\":{\"@type\":\"ImageObject\",\"inLanguage\":\"en-US\",\"@id\":\"https:\\\/\\\/www.musikzeitung.ch\\\/#\\\/schema\\\/logo\\\/image\\\/\",\"url\":\"https:\\\/\\\/www.musikzeitung.ch\\\/wp-content\\\/uploads\\\/2023\\\/01\\\/SMZ_Schriftzug_Sprache.png\",\"contentUrl\":\"https:\\\/\\\/www.musikzeitung.ch\\\/wp-content\\\/uploads\\\/2023\\\/01\\\/SMZ_Schriftzug_Sprache.png\",\"width\":1400,\"height\":279,\"caption\":\"Schweizer Musikzeitung\"},\"image\":{\"@id\":\"https:\\\/\\\/www.musikzeitung.ch\\\/#\\\/schema\\\/logo\\\/image\\\/\"},\"sameAs\":[\"https:\\\/\\\/www.facebook.com\\\/SchweizerMusikzeitung\\\/\",\"https:\\\/\\\/x.com\\\/smusikzeitung\",\"https:\\\/\\\/www.instagram.com\\\/musikzeitung.ch\\\/\"]},{\"@type\":\"Person\",\"@id\":\"https:\\\/\\\/www.musikzeitung.ch\\\/#\\\/schema\\\/person\\\/0da4fb82d243f1252850a35d0e87cf0c\",\"name\":\"Wolfgang B\u00f6hler\",\"image\":{\"@type\":\"ImageObject\",\"inLanguage\":\"en-US\",\"@id\":\"https:\\\/\\\/www.musikzeitung.ch\\\/wp-content\\\/uploads\\\/2023\\\/01\\\/boehler_portraet_web-e1674139782246-96x96.jpg\",\"url\":\"https:\\\/\\\/www.musikzeitung.ch\\\/wp-content\\\/uploads\\\/2023\\\/01\\\/boehler_portraet_web-e1674139782246-96x96.jpg\",\"contentUrl\":\"https:\\\/\\\/www.musikzeitung.ch\\\/wp-content\\\/uploads\\\/2023\\\/01\\\/boehler_portraet_web-e1674139782246-96x96.jpg\",\"caption\":\"Wolfgang B\u00f6hler\"},\"sameAs\":[\"http:\\\/\\\/www.manacanto.ch\",\"https:\\\/\\\/www.facebook.com\\\/wolfgang.bohler.75\"],\"url\":\"https:\\\/\\\/www.musikzeitung.ch\\\/en\\\/author\\\/wolfgang-boehler\"}]}<\/script>\n<!-- \/ Yoast SEO plugin. -->","yoast_head_json":{"title":"Thomas Aeschbacher awarded the Golden Treble Clef - Schweizer Musikzeitung","robots":{"index":"index","follow":"follow","max-snippet":"max-snippet:-1","max-image-preview":"max-image-preview:large","max-video-preview":"max-video-preview:-1"},"canonical":"https:\/\/www.musikzeitung.ch\/en\/news\/2023\/03\/thomas-aeschbacher-mit-goldenem-violinschluessel-ausgezeichnet\/","og_locale":"en_US","og_type":"article","og_title":"Thomas Aeschbacher mit Goldenem Violinschl\u00fcssel ausgezeichnet - Schweizer Musikzeitung","og_description":"Der Schwyzer\u00f6rgeler Thomas Aeschbacher, der sich seit Jahren f\u00fcr das fast in Vergessenheit geratene Schweizer Instrument Langnauer engagiert, wird mit dem Goldenen Violinschl\u00fcssel 2023 ausgezeichnet.","og_url":"https:\/\/www.musikzeitung.ch\/en\/news\/2023\/03\/thomas-aeschbacher-mit-goldenem-violinschluessel-ausgezeichnet\/","og_site_name":"Schweizer Musikzeitung","article_publisher":"https:\/\/www.facebook.com\/SchweizerMusikzeitung\/","article_author":"https:\/\/www.facebook.com\/wolfgang.bohler.75","article_published_time":"2023-03-09T14:45:58+00:00","og_image":[{"width":640,"height":426,"url":"https:\/\/www.musikzeitung.ch\/wp-content\/uploads\/2023\/03\/230309violinscuessle.jpg","type":"image\/jpeg"}],"author":"Wolfgang B\u00f6hler","twitter_card":"summary_large_image","twitter_creator":"@smusikzeitung","twitter_site":"@smusikzeitung","twitter_misc":{"Written by":"Wolfgang B\u00f6hler","Est. reading time":"2 minutes"},"schema":{"@context":"https:\/\/schema.org","@graph":[{"@type":"Article","@id":"https:\/\/www.musikzeitung.ch\/news\/2023\/03\/thomas-aeschbacher-mit-goldenem-violinschluessel-ausgezeichnet#article","isPartOf":{"@id":"https:\/\/www.musikzeitung.ch\/news\/2023\/03\/thomas-aeschbacher-mit-goldenem-violinschluessel-ausgezeichnet"},"author":{"name":"Wolfgang B\u00f6hler","@id":"https:\/\/www.musikzeitung.ch\/#\/schema\/person\/0da4fb82d243f1252850a35d0e87cf0c"},"headline":"Thomas Aeschbacher mit Goldenem Violinschl\u00fcssel ausgezeichnet","datePublished":"2023-03-09T14:45:58+00:00","mainEntityOfPage":{"@id":"https:\/\/www.musikzeitung.ch\/news\/2023\/03\/thomas-aeschbacher-mit-goldenem-violinschluessel-ausgezeichnet"},"wordCount":194,"publisher":{"@id":"https:\/\/www.musikzeitung.ch\/#organization"},"image":{"@id":"https:\/\/www.musikzeitung.ch\/news\/2023\/03\/thomas-aeschbacher-mit-goldenem-violinschluessel-ausgezeichnet#primaryimage"},"thumbnailUrl":"https:\/\/www.musikzeitung.ch\/wp-content\/uploads\/2023\/03\/230309violinscuessle.jpg","keywords":["Goldener Violinschl\u00fcssel","Langnauerli","Thomas Aeschbacher"],"articleSection":["News"],"inLanguage":"en-US"},{"@type":"WebPage","@id":"https:\/\/www.musikzeitung.ch\/news\/2023\/03\/thomas-aeschbacher-mit-goldenem-violinschluessel-ausgezeichnet","url":"https:\/\/www.musikzeitung.ch\/news\/2023\/03\/thomas-aeschbacher-mit-goldenem-violinschluessel-ausgezeichnet","name":"Thomas Aeschbacher awarded the Golden Treble Clef - Schweizer Musikzeitung","isPartOf":{"@id":"https:\/\/www.musikzeitung.ch\/#website"},"primaryImageOfPage":{"@id":"https:\/\/www.musikzeitung.ch\/news\/2023\/03\/thomas-aeschbacher-mit-goldenem-violinschluessel-ausgezeichnet#primaryimage"},"image":{"@id":"https:\/\/www.musikzeitung.ch\/news\/2023\/03\/thomas-aeschbacher-mit-goldenem-violinschluessel-ausgezeichnet#primaryimage"},"thumbnailUrl":"https:\/\/www.musikzeitung.ch\/wp-content\/uploads\/2023\/03\/230309violinscuessle.jpg","datePublished":"2023-03-09T14:45:58+00:00","breadcrumb":{"@id":"https:\/\/www.musikzeitung.ch\/news\/2023\/03\/thomas-aeschbacher-mit-goldenem-violinschluessel-ausgezeichnet#breadcrumb"},"inLanguage":"en-US","potentialAction":[{"@type":"ReadAction","target":["https:\/\/www.musikzeitung.ch\/news\/2023\/03\/thomas-aeschbacher-mit-goldenem-violinschluessel-ausgezeichnet"]}]},{"@type":"ImageObject","inLanguage":"en-US","@id":"https:\/\/www.musikzeitung.ch\/news\/2023\/03\/thomas-aeschbacher-mit-goldenem-violinschluessel-ausgezeichnet#primaryimage","url":"https:\/\/www.musikzeitung.ch\/wp-content\/uploads\/2023\/03\/230309violinscuessle.jpg","contentUrl":"https:\/\/www.musikzeitung.ch\/wp-content\/uploads\/2023\/03\/230309violinscuessle.jpg","width":640,"height":426,"caption":"Thomas Aeschbacher (Bild: Janosch Hugi)"},{"@type":"BreadcrumbList","@id":"https:\/\/www.musikzeitung.ch\/news\/2023\/03\/thomas-aeschbacher-mit-goldenem-violinschluessel-ausgezeichnet#breadcrumb","itemListElement":[{"@type":"ListItem","position":1,"name":"Home","item":"https:\/\/www.musikzeitung.ch\/"},{"@type":"ListItem","position":2,"name":"Thomas Aeschbacher mit Goldenem Violinschl\u00fcssel ausgezeichnet"}]},{"@type":"WebSite","@id":"https:\/\/www.musikzeitung.ch\/#website","url":"https:\/\/www.musikzeitung.ch\/","name":"Swiss Music Newspaper","description":"The leading interdisciplinary monthly newspaper in Switzerland for musical issues.","publisher":{"@id":"https:\/\/www.musikzeitung.ch\/#organization"},"potentialAction":[{"@type":"SearchAction","target":{"@type":"EntryPoint","urlTemplate":"https:\/\/www.musikzeitung.ch\/?s={search_term_string}"},"query-input":{"@type":"PropertyValueSpecification","valueRequired":true,"valueName":"search_term_string"}}],"inLanguage":"en-US"},{"@type":"Organization","@id":"https:\/\/www.musikzeitung.ch\/#organization","name":"Swiss Music Newspaper","url":"https:\/\/www.musikzeitung.ch\/","logo":{"@type":"ImageObject","inLanguage":"en-US","@id":"https:\/\/www.musikzeitung.ch\/#\/schema\/logo\/image\/","url":"https:\/\/www.musikzeitung.ch\/wp-content\/uploads\/2023\/01\/SMZ_Schriftzug_Sprache.png","contentUrl":"https:\/\/www.musikzeitung.ch\/wp-content\/uploads\/2023\/01\/SMZ_Schriftzug_Sprache.png","width":1400,"height":279,"caption":"Schweizer Musikzeitung"},"image":{"@id":"https:\/\/www.musikzeitung.ch\/#\/schema\/logo\/image\/"},"sameAs":["https:\/\/www.facebook.com\/SchweizerMusikzeitung\/","https:\/\/x.com\/smusikzeitung","https:\/\/www.instagram.com\/musikzeitung.ch\/"]},{"@type":"Person","@id":"https:\/\/www.musikzeitung.ch\/#\/schema\/person\/0da4fb82d243f1252850a35d0e87cf0c","name":"Wolfgang B\u00f6hler","image":{"@type":"ImageObject","inLanguage":"en-US","@id":"https:\/\/www.musikzeitung.ch\/wp-content\/uploads\/2023\/01\/boehler_portraet_web-e1674139782246-96x96.jpg","url":"https:\/\/www.musikzeitung.ch\/wp-content\/uploads\/2023\/01\/boehler_portraet_web-e1674139782246-96x96.jpg","contentUrl":"https:\/\/www.musikzeitung.ch\/wp-content\/uploads\/2023\/01\/boehler_portraet_web-e1674139782246-96x96.jpg","caption":"Wolfgang B\u00f6hler"},"sameAs":["http:\/\/www.manacanto.ch","https:\/\/www.facebook.com\/wolfgang.bohler.75"],"url":"https:\/\/www.musikzeitung.ch\/en\/author\/wolfgang-boehler"}]}},"publishpress_future_workflow_manual_trigger":{"enabledWorkflows":[]},"_links":{"self":[{"href":"https:\/\/www.musikzeitung.ch\/en\/wp-json\/wp\/v2\/posts\/42860","targetHints":{"allow":["GET"]}}],"collection":[{"href":"https:\/\/www.musikzeitung.ch\/en\/wp-json\/wp\/v2\/posts"}],"about":[{"href":"https:\/\/www.musikzeitung.ch\/en\/wp-json\/wp\/v2\/types\/post"}],"author":[{"embeddable":true,"href":"https:\/\/www.musikzeitung.ch\/en\/wp-json\/wp\/v2\/users\/30"}],"replies":[{"embeddable":true,"href":"https:\/\/www.musikzeitung.ch\/en\/wp-json\/wp\/v2\/comments?post=42860"}],"version-history":[{"count":1,"href":"https:\/\/www.musikzeitung.ch\/en\/wp-json\/wp\/v2\/posts\/42860\/revisions"}],"predecessor-version":[{"id":42862,"href":"https:\/\/www.musikzeitung.ch\/en\/wp-json\/wp\/v2\/posts\/42860\/revisions\/42862"}],"wp:featuredmedia":[{"embeddable":true,"href":"https:\/\/www.musikzeitung.ch\/en\/wp-json\/wp\/v2\/media\/42861"}],"wp:attachment":[{"href":"https:\/\/www.musikzeitung.ch\/en\/wp-json\/wp\/v2\/media?parent=42860"}],"wp:term":[{"taxonomy":"category","embeddable":true,"href":"https:\/\/www.musikzeitung.ch\/en\/wp-json\/wp\/v2\/categories?post=42860"},{"taxonomy":"post_tag","embeddable":true,"href":"https:\/\/www.musikzeitung.ch\/en\/wp-json\/wp\/v2\/tags?post=42860"}],"curies":[{"name":"wp","href":"https:\/\/api.w.org\/{rel}","templated":true}]}}