{"id":42927,"date":"2023-03-13T10:29:50","date_gmt":"2023-03-13T09:29:50","guid":{"rendered":"https:\/\/www.musikzeitung.ch\/?p=42927"},"modified":"2023-03-13T11:11:27","modified_gmt":"2023-03-13T10:11:27","slug":"nikolaus-harnoncourt-zentrum","status":"publish","type":"post","link":"https:\/\/www.musikzeitung.ch\/en\/news\/2023\/03\/nikolaus-harnoncourt-zentrum","title":{"rendered":"A center for Nikolaus Harnoncourt's estate"},"content":{"rendered":"<figure id=\"attachment_42929\" aria-describedby=\"caption-attachment-42929\" style=\"width: 524px\" class=\"wp-caption alignnone\"><img loading=\"lazy\" decoding=\"async\" class=\"wp-image-42929\" src=\"https:\/\/www.musikzeitung.ch\/wp-content\/uploads\/2023\/03\/230313linz.jpg\" alt=\"\" width=\"524\" height=\"348\" srcset=\"https:\/\/www.musikzeitung.ch\/wp-content\/uploads\/2023\/03\/230313linz.jpg 999w, https:\/\/www.musikzeitung.ch\/wp-content\/uploads\/2023\/03\/230313linz-300x199.jpg 300w, https:\/\/www.musikzeitung.ch\/wp-content\/uploads\/2023\/03\/230313linz-600x400.jpg 600w, https:\/\/www.musikzeitung.ch\/wp-content\/uploads\/2023\/03\/230313linz-768x510.jpg 768w, https:\/\/www.musikzeitung.ch\/wp-content\/uploads\/2023\/03\/230313linz-264x175.jpg 264w, https:\/\/www.musikzeitung.ch\/wp-content\/uploads\/2023\/03\/230313linz-527x350.jpg 527w, https:\/\/www.musikzeitung.ch\/wp-content\/uploads\/2023\/03\/230313linz-920x611.jpg 920w\" sizes=\"auto, (max-width: 524px) 100vw, 524px\" \/><figcaption id=\"caption-attachment-42929\" class=\"wp-caption-text\">From left to right: Cultural Director Margot Nazzal, Governor Thomas Stelzer, Franz Harnoncourt, Rector Martin Rummel (Image: Province of Upper Austria \/ Max Mayrhofer)<\/figcaption><\/figure>\n<p>Nikolaus Harnoncourt's estate consists of audiovisual media, around fifty meters of sheet music and almost two cubic meters of correspondence, essays, notes on works and performance practice, lecture manuscripts and material relating to his many years of university teaching.<\/p>\n<p>The estate has already been viewed and the organizational, content-related, legal, technical and economic issues regarding the digital archiving and archive use of the material have been evaluated. As a result of this preparatory work, the Nikolaus Harnoncourt Center will now be officially founded at the Anton Bruckner Private University.<\/p>\n<p>The estate is to be scientifically processed and digitized at the center. It will also serve as a \"cultural-philosophical think tank with events in St. Georgen\". The budget of the Nikolaus Harnoncourt Center is made available to the Anton Bruckner Private University from funds provided by the province of Upper Austria and amounts to around 460,000 euros per year.<\/p>\n<p><a href=\"https:\/\/www.bruckneruni.at\/de\/news-presse\/news\/news-detail\/gruendung-des-nikolaus-harnoncourt-zentrums-an-der-anton-bruckner-privatuniversitaet\" target=\"_blank\" rel=\"noopener\">More info<\/a><\/p>\n<p>&nbsp;<\/p>\n<p>&nbsp;<\/p>","protected":false},"excerpt":{"rendered":"<p>The Upper Austrian Anton Bruckner Private University and the Harnoncourt family have founded a center dedicated to Nikolaus Harnoncourt. It is intended to guarantee \"that Nikolaus Harnoncourt's life and work continue to have an impact\".<\/p>","protected":false},"author":30,"featured_media":42929,"comment_status":"closed","ping_status":"closed","sticky":false,"template":"","format":"standard","meta":{"_acf_changed":false,"_relevanssi_hide_post":"","_relevanssi_hide_content":"","_relevanssi_pin_for_all":"","_relevanssi_pin_keywords":"","_relevanssi_unpin_keywords":"","_relevanssi_related_keywords":"","_relevanssi_related_include_ids":"","_relevanssi_related_exclude_ids":"","_relevanssi_related_no_append":"","_relevanssi_related_not_related":"","_relevanssi_related_posts":"","_relevanssi_noindex_reason":"","pgc_sgb_lightbox_settings":"","footnotes":""},"categories":[27],"tags":[2138,2137],"class_list":["post-42927","post","type-post","status-publish","format-standard","has-post-thumbnail","hentry","category-news","tag-anton-bruckner-privatuniversitaet","tag-nikolaus-harnoncourt"],"acf":[],"yoast_head":"<!-- This site is optimized with the Yoast SEO plugin v27.4 - https:\/\/yoast.com\/product\/yoast-seo-wordpress\/ -->\n<title>Ein Zentrum f\u00fcr Nikolaus Harnoncourts Nachlass - Schweizer Musikzeitung<\/title>\n<meta name=\"description\" content=\"Die Ober\u00f6sterreichische Anton Bruckner Privatuniversit\u00e4t und die Familie Harnoncourt haben ein Nikolaus Harnoncourt gewidmetes Zentrums gegr\u00fcndet.\" \/>\n<meta name=\"robots\" content=\"index, follow, max-snippet:-1, max-image-preview:large, max-video-preview:-1\" \/>\n<link rel=\"canonical\" href=\"https:\/\/www.musikzeitung.ch\/en\/news\/2023\/03\/nikolaus-harnoncourt-zentrum\/\" \/>\n<meta property=\"og:locale\" content=\"en_US\" \/>\n<meta property=\"og:type\" content=\"article\" \/>\n<meta property=\"og:title\" content=\"Ein Zentrum f\u00fcr Nikolaus Harnoncourts Nachlass - Schweizer Musikzeitung\" \/>\n<meta property=\"og:description\" content=\"Die Ober\u00f6sterreichische Anton Bruckner Privatuniversit\u00e4t und die Familie Harnoncourt haben ein Nikolaus Harnoncourt gewidmetes Zentrums gegr\u00fcndet.\" \/>\n<meta property=\"og:url\" content=\"https:\/\/www.musikzeitung.ch\/en\/news\/2023\/03\/nikolaus-harnoncourt-zentrum\/\" \/>\n<meta property=\"og:site_name\" content=\"Schweizer Musikzeitung\" \/>\n<meta property=\"article:publisher\" content=\"https:\/\/www.facebook.com\/SchweizerMusikzeitung\/\" \/>\n<meta property=\"article:author\" content=\"https:\/\/www.facebook.com\/wolfgang.bohler.75\" \/>\n<meta property=\"article:published_time\" content=\"2023-03-13T09:29:50+00:00\" \/>\n<meta property=\"article:modified_time\" content=\"2023-03-13T10:11:27+00:00\" \/>\n<meta property=\"og:image\" content=\"https:\/\/www.musikzeitung.ch\/wp-content\/uploads\/2023\/03\/230313linz.jpg\" \/>\n\t<meta property=\"og:image:width\" content=\"999\" \/>\n\t<meta property=\"og:image:height\" content=\"663\" \/>\n\t<meta property=\"og:image:type\" content=\"image\/jpeg\" \/>\n<meta name=\"author\" content=\"Wolfgang B\u00f6hler\" \/>\n<meta name=\"twitter:card\" content=\"summary_large_image\" \/>\n<meta name=\"twitter:creator\" content=\"@smusikzeitung\" \/>\n<meta name=\"twitter:site\" content=\"@smusikzeitung\" \/>\n<meta name=\"twitter:label1\" content=\"Written by\" \/>\n\t<meta name=\"twitter:data1\" content=\"Wolfgang B\u00f6hler\" \/>\n\t<meta name=\"twitter:label2\" content=\"Est. reading time\" \/>\n\t<meta name=\"twitter:data2\" content=\"2 minutes\" \/>\n<script type=\"application\/ld+json\" class=\"yoast-schema-graph\">{\"@context\":\"https:\\\/\\\/schema.org\",\"@graph\":[{\"@type\":\"Article\",\"@id\":\"https:\\\/\\\/www.musikzeitung.ch\\\/news\\\/2023\\\/03\\\/nikolaus-harnoncourt-zentrum#article\",\"isPartOf\":{\"@id\":\"https:\\\/\\\/www.musikzeitung.ch\\\/news\\\/2023\\\/03\\\/nikolaus-harnoncourt-zentrum\"},\"author\":{\"name\":\"Wolfgang B\u00f6hler\",\"@id\":\"https:\\\/\\\/www.musikzeitung.ch\\\/#\\\/schema\\\/person\\\/0da4fb82d243f1252850a35d0e87cf0c\"},\"headline\":\"Ein Zentrum f\u00fcr Nikolaus Harnoncourts Nachlass\",\"datePublished\":\"2023-03-13T09:29:50+00:00\",\"dateModified\":\"2023-03-13T10:11:27+00:00\",\"mainEntityOfPage\":{\"@id\":\"https:\\\/\\\/www.musikzeitung.ch\\\/news\\\/2023\\\/03\\\/nikolaus-harnoncourt-zentrum\"},\"wordCount\":170,\"publisher\":{\"@id\":\"https:\\\/\\\/www.musikzeitung.ch\\\/#organization\"},\"image\":{\"@id\":\"https:\\\/\\\/www.musikzeitung.ch\\\/news\\\/2023\\\/03\\\/nikolaus-harnoncourt-zentrum#primaryimage\"},\"thumbnailUrl\":\"https:\\\/\\\/www.musikzeitung.ch\\\/wp-content\\\/uploads\\\/2023\\\/03\\\/230313linz.jpg\",\"keywords\":[\"Anton Bruckner Privatuniversit\u00e4t\",\"Nikolaus Harnoncourt\"],\"articleSection\":[\"News\"],\"inLanguage\":\"en-US\"},{\"@type\":\"WebPage\",\"@id\":\"https:\\\/\\\/www.musikzeitung.ch\\\/news\\\/2023\\\/03\\\/nikolaus-harnoncourt-zentrum\",\"url\":\"https:\\\/\\\/www.musikzeitung.ch\\\/news\\\/2023\\\/03\\\/nikolaus-harnoncourt-zentrum\",\"name\":\"Ein Zentrum f\u00fcr Nikolaus Harnoncourts Nachlass - Schweizer Musikzeitung\",\"isPartOf\":{\"@id\":\"https:\\\/\\\/www.musikzeitung.ch\\\/#website\"},\"primaryImageOfPage\":{\"@id\":\"https:\\\/\\\/www.musikzeitung.ch\\\/news\\\/2023\\\/03\\\/nikolaus-harnoncourt-zentrum#primaryimage\"},\"image\":{\"@id\":\"https:\\\/\\\/www.musikzeitung.ch\\\/news\\\/2023\\\/03\\\/nikolaus-harnoncourt-zentrum#primaryimage\"},\"thumbnailUrl\":\"https:\\\/\\\/www.musikzeitung.ch\\\/wp-content\\\/uploads\\\/2023\\\/03\\\/230313linz.jpg\",\"datePublished\":\"2023-03-13T09:29:50+00:00\",\"dateModified\":\"2023-03-13T10:11:27+00:00\",\"description\":\"Die Ober\u00f6sterreichische Anton Bruckner Privatuniversit\u00e4t und die Familie Harnoncourt haben ein Nikolaus Harnoncourt gewidmetes Zentrums gegr\u00fcndet.\",\"breadcrumb\":{\"@id\":\"https:\\\/\\\/www.musikzeitung.ch\\\/news\\\/2023\\\/03\\\/nikolaus-harnoncourt-zentrum#breadcrumb\"},\"inLanguage\":\"en-US\",\"potentialAction\":[{\"@type\":\"ReadAction\",\"target\":[\"https:\\\/\\\/www.musikzeitung.ch\\\/news\\\/2023\\\/03\\\/nikolaus-harnoncourt-zentrum\"]}]},{\"@type\":\"ImageObject\",\"inLanguage\":\"en-US\",\"@id\":\"https:\\\/\\\/www.musikzeitung.ch\\\/news\\\/2023\\\/03\\\/nikolaus-harnoncourt-zentrum#primaryimage\",\"url\":\"https:\\\/\\\/www.musikzeitung.ch\\\/wp-content\\\/uploads\\\/2023\\\/03\\\/230313linz.jpg\",\"contentUrl\":\"https:\\\/\\\/www.musikzeitung.ch\\\/wp-content\\\/uploads\\\/2023\\\/03\\\/230313linz.jpg\",\"width\":999,\"height\":663,\"caption\":\"v.l.n.r.: Kulturdirektorin Margot Nazzal, Landeshauptmann Thomas Stelzer, Franz Harnoncourt, Rektor Martin Rummel (Bild: Land Ober\u00f6sterreich \\\/Max Mayrhofer)\"},{\"@type\":\"BreadcrumbList\",\"@id\":\"https:\\\/\\\/www.musikzeitung.ch\\\/news\\\/2023\\\/03\\\/nikolaus-harnoncourt-zentrum#breadcrumb\",\"itemListElement\":[{\"@type\":\"ListItem\",\"position\":1,\"name\":\"Home\",\"item\":\"https:\\\/\\\/www.musikzeitung.ch\\\/\"},{\"@type\":\"ListItem\",\"position\":2,\"name\":\"Ein Zentrum f\u00fcr Nikolaus Harnoncourts Nachlass\"}]},{\"@type\":\"WebSite\",\"@id\":\"https:\\\/\\\/www.musikzeitung.ch\\\/#website\",\"url\":\"https:\\\/\\\/www.musikzeitung.ch\\\/\",\"name\":\"Schweizer Musikzeitung\",\"description\":\"Die f\u00fchrende sparten\u00fcbergreifende Monatszeitung in der Schweiz f\u00fcr musikalische Fragen.\",\"publisher\":{\"@id\":\"https:\\\/\\\/www.musikzeitung.ch\\\/#organization\"},\"potentialAction\":[{\"@type\":\"SearchAction\",\"target\":{\"@type\":\"EntryPoint\",\"urlTemplate\":\"https:\\\/\\\/www.musikzeitung.ch\\\/?s={search_term_string}\"},\"query-input\":{\"@type\":\"PropertyValueSpecification\",\"valueRequired\":true,\"valueName\":\"search_term_string\"}}],\"inLanguage\":\"en-US\"},{\"@type\":\"Organization\",\"@id\":\"https:\\\/\\\/www.musikzeitung.ch\\\/#organization\",\"name\":\"Schweizer Musikzeitung\",\"url\":\"https:\\\/\\\/www.musikzeitung.ch\\\/\",\"logo\":{\"@type\":\"ImageObject\",\"inLanguage\":\"en-US\",\"@id\":\"https:\\\/\\\/www.musikzeitung.ch\\\/#\\\/schema\\\/logo\\\/image\\\/\",\"url\":\"https:\\\/\\\/www.musikzeitung.ch\\\/wp-content\\\/uploads\\\/2023\\\/01\\\/SMZ_Schriftzug_Sprache.png\",\"contentUrl\":\"https:\\\/\\\/www.musikzeitung.ch\\\/wp-content\\\/uploads\\\/2023\\\/01\\\/SMZ_Schriftzug_Sprache.png\",\"width\":1400,\"height\":279,\"caption\":\"Schweizer Musikzeitung\"},\"image\":{\"@id\":\"https:\\\/\\\/www.musikzeitung.ch\\\/#\\\/schema\\\/logo\\\/image\\\/\"},\"sameAs\":[\"https:\\\/\\\/www.facebook.com\\\/SchweizerMusikzeitung\\\/\",\"https:\\\/\\\/x.com\\\/smusikzeitung\",\"https:\\\/\\\/www.instagram.com\\\/musikzeitung.ch\\\/\"]},{\"@type\":\"Person\",\"@id\":\"https:\\\/\\\/www.musikzeitung.ch\\\/#\\\/schema\\\/person\\\/0da4fb82d243f1252850a35d0e87cf0c\",\"name\":\"Wolfgang B\u00f6hler\",\"image\":{\"@type\":\"ImageObject\",\"inLanguage\":\"en-US\",\"@id\":\"https:\\\/\\\/www.musikzeitung.ch\\\/wp-content\\\/uploads\\\/2023\\\/01\\\/boehler_portraet_web-e1674139782246-96x96.jpg\",\"url\":\"https:\\\/\\\/www.musikzeitung.ch\\\/wp-content\\\/uploads\\\/2023\\\/01\\\/boehler_portraet_web-e1674139782246-96x96.jpg\",\"contentUrl\":\"https:\\\/\\\/www.musikzeitung.ch\\\/wp-content\\\/uploads\\\/2023\\\/01\\\/boehler_portraet_web-e1674139782246-96x96.jpg\",\"caption\":\"Wolfgang B\u00f6hler\"},\"sameAs\":[\"http:\\\/\\\/www.manacanto.ch\",\"https:\\\/\\\/www.facebook.com\\\/wolfgang.bohler.75\"],\"url\":\"https:\\\/\\\/www.musikzeitung.ch\\\/en\\\/author\\\/wolfgang-boehler\"}]}<\/script>\n<!-- \/ Yoast SEO plugin. -->","yoast_head_json":{"title":"Ein Zentrum f\u00fcr Nikolaus Harnoncourts Nachlass - Schweizer Musikzeitung","description":"Die Ober\u00f6sterreichische Anton Bruckner Privatuniversit\u00e4t und die Familie Harnoncourt haben ein Nikolaus Harnoncourt gewidmetes Zentrums gegr\u00fcndet.","robots":{"index":"index","follow":"follow","max-snippet":"max-snippet:-1","max-image-preview":"max-image-preview:large","max-video-preview":"max-video-preview:-1"},"canonical":"https:\/\/www.musikzeitung.ch\/en\/news\/2023\/03\/nikolaus-harnoncourt-zentrum\/","og_locale":"en_US","og_type":"article","og_title":"Ein Zentrum f\u00fcr Nikolaus Harnoncourts Nachlass - Schweizer Musikzeitung","og_description":"Die Ober\u00f6sterreichische Anton Bruckner Privatuniversit\u00e4t und die Familie Harnoncourt haben ein Nikolaus Harnoncourt gewidmetes Zentrums gegr\u00fcndet.","og_url":"https:\/\/www.musikzeitung.ch\/en\/news\/2023\/03\/nikolaus-harnoncourt-zentrum\/","og_site_name":"Schweizer Musikzeitung","article_publisher":"https:\/\/www.facebook.com\/SchweizerMusikzeitung\/","article_author":"https:\/\/www.facebook.com\/wolfgang.bohler.75","article_published_time":"2023-03-13T09:29:50+00:00","article_modified_time":"2023-03-13T10:11:27+00:00","og_image":[{"width":999,"height":663,"url":"https:\/\/www.musikzeitung.ch\/wp-content\/uploads\/2023\/03\/230313linz.jpg","type":"image\/jpeg"}],"author":"Wolfgang B\u00f6hler","twitter_card":"summary_large_image","twitter_creator":"@smusikzeitung","twitter_site":"@smusikzeitung","twitter_misc":{"Written by":"Wolfgang B\u00f6hler","Est. reading time":"2 minutes"},"schema":{"@context":"https:\/\/schema.org","@graph":[{"@type":"Article","@id":"https:\/\/www.musikzeitung.ch\/news\/2023\/03\/nikolaus-harnoncourt-zentrum#article","isPartOf":{"@id":"https:\/\/www.musikzeitung.ch\/news\/2023\/03\/nikolaus-harnoncourt-zentrum"},"author":{"name":"Wolfgang B\u00f6hler","@id":"https:\/\/www.musikzeitung.ch\/#\/schema\/person\/0da4fb82d243f1252850a35d0e87cf0c"},"headline":"Ein Zentrum f\u00fcr Nikolaus Harnoncourts Nachlass","datePublished":"2023-03-13T09:29:50+00:00","dateModified":"2023-03-13T10:11:27+00:00","mainEntityOfPage":{"@id":"https:\/\/www.musikzeitung.ch\/news\/2023\/03\/nikolaus-harnoncourt-zentrum"},"wordCount":170,"publisher":{"@id":"https:\/\/www.musikzeitung.ch\/#organization"},"image":{"@id":"https:\/\/www.musikzeitung.ch\/news\/2023\/03\/nikolaus-harnoncourt-zentrum#primaryimage"},"thumbnailUrl":"https:\/\/www.musikzeitung.ch\/wp-content\/uploads\/2023\/03\/230313linz.jpg","keywords":["Anton Bruckner Privatuniversit\u00e4t","Nikolaus Harnoncourt"],"articleSection":["News"],"inLanguage":"en-US"},{"@type":"WebPage","@id":"https:\/\/www.musikzeitung.ch\/news\/2023\/03\/nikolaus-harnoncourt-zentrum","url":"https:\/\/www.musikzeitung.ch\/news\/2023\/03\/nikolaus-harnoncourt-zentrum","name":"Ein Zentrum f\u00fcr Nikolaus Harnoncourts Nachlass - Schweizer Musikzeitung","isPartOf":{"@id":"https:\/\/www.musikzeitung.ch\/#website"},"primaryImageOfPage":{"@id":"https:\/\/www.musikzeitung.ch\/news\/2023\/03\/nikolaus-harnoncourt-zentrum#primaryimage"},"image":{"@id":"https:\/\/www.musikzeitung.ch\/news\/2023\/03\/nikolaus-harnoncourt-zentrum#primaryimage"},"thumbnailUrl":"https:\/\/www.musikzeitung.ch\/wp-content\/uploads\/2023\/03\/230313linz.jpg","datePublished":"2023-03-13T09:29:50+00:00","dateModified":"2023-03-13T10:11:27+00:00","description":"Die Ober\u00f6sterreichische Anton Bruckner Privatuniversit\u00e4t und die Familie Harnoncourt haben ein Nikolaus Harnoncourt gewidmetes Zentrums gegr\u00fcndet.","breadcrumb":{"@id":"https:\/\/www.musikzeitung.ch\/news\/2023\/03\/nikolaus-harnoncourt-zentrum#breadcrumb"},"inLanguage":"en-US","potentialAction":[{"@type":"ReadAction","target":["https:\/\/www.musikzeitung.ch\/news\/2023\/03\/nikolaus-harnoncourt-zentrum"]}]},{"@type":"ImageObject","inLanguage":"en-US","@id":"https:\/\/www.musikzeitung.ch\/news\/2023\/03\/nikolaus-harnoncourt-zentrum#primaryimage","url":"https:\/\/www.musikzeitung.ch\/wp-content\/uploads\/2023\/03\/230313linz.jpg","contentUrl":"https:\/\/www.musikzeitung.ch\/wp-content\/uploads\/2023\/03\/230313linz.jpg","width":999,"height":663,"caption":"v.l.n.r.: Kulturdirektorin Margot Nazzal, Landeshauptmann Thomas Stelzer, Franz Harnoncourt, Rektor Martin Rummel (Bild: Land Ober\u00f6sterreich \/Max Mayrhofer)"},{"@type":"BreadcrumbList","@id":"https:\/\/www.musikzeitung.ch\/news\/2023\/03\/nikolaus-harnoncourt-zentrum#breadcrumb","itemListElement":[{"@type":"ListItem","position":1,"name":"Home","item":"https:\/\/www.musikzeitung.ch\/"},{"@type":"ListItem","position":2,"name":"Ein Zentrum f\u00fcr Nikolaus Harnoncourts Nachlass"}]},{"@type":"WebSite","@id":"https:\/\/www.musikzeitung.ch\/#website","url":"https:\/\/www.musikzeitung.ch\/","name":"Swiss Music Newspaper","description":"The leading interdisciplinary monthly newspaper in Switzerland for musical issues.","publisher":{"@id":"https:\/\/www.musikzeitung.ch\/#organization"},"potentialAction":[{"@type":"SearchAction","target":{"@type":"EntryPoint","urlTemplate":"https:\/\/www.musikzeitung.ch\/?s={search_term_string}"},"query-input":{"@type":"PropertyValueSpecification","valueRequired":true,"valueName":"search_term_string"}}],"inLanguage":"en-US"},{"@type":"Organization","@id":"https:\/\/www.musikzeitung.ch\/#organization","name":"Swiss Music Newspaper","url":"https:\/\/www.musikzeitung.ch\/","logo":{"@type":"ImageObject","inLanguage":"en-US","@id":"https:\/\/www.musikzeitung.ch\/#\/schema\/logo\/image\/","url":"https:\/\/www.musikzeitung.ch\/wp-content\/uploads\/2023\/01\/SMZ_Schriftzug_Sprache.png","contentUrl":"https:\/\/www.musikzeitung.ch\/wp-content\/uploads\/2023\/01\/SMZ_Schriftzug_Sprache.png","width":1400,"height":279,"caption":"Schweizer Musikzeitung"},"image":{"@id":"https:\/\/www.musikzeitung.ch\/#\/schema\/logo\/image\/"},"sameAs":["https:\/\/www.facebook.com\/SchweizerMusikzeitung\/","https:\/\/x.com\/smusikzeitung","https:\/\/www.instagram.com\/musikzeitung.ch\/"]},{"@type":"Person","@id":"https:\/\/www.musikzeitung.ch\/#\/schema\/person\/0da4fb82d243f1252850a35d0e87cf0c","name":"Wolfgang B\u00f6hler","image":{"@type":"ImageObject","inLanguage":"en-US","@id":"https:\/\/www.musikzeitung.ch\/wp-content\/uploads\/2023\/01\/boehler_portraet_web-e1674139782246-96x96.jpg","url":"https:\/\/www.musikzeitung.ch\/wp-content\/uploads\/2023\/01\/boehler_portraet_web-e1674139782246-96x96.jpg","contentUrl":"https:\/\/www.musikzeitung.ch\/wp-content\/uploads\/2023\/01\/boehler_portraet_web-e1674139782246-96x96.jpg","caption":"Wolfgang B\u00f6hler"},"sameAs":["http:\/\/www.manacanto.ch","https:\/\/www.facebook.com\/wolfgang.bohler.75"],"url":"https:\/\/www.musikzeitung.ch\/en\/author\/wolfgang-boehler"}]}},"publishpress_future_workflow_manual_trigger":{"enabledWorkflows":[]},"_links":{"self":[{"href":"https:\/\/www.musikzeitung.ch\/en\/wp-json\/wp\/v2\/posts\/42927","targetHints":{"allow":["GET"]}}],"collection":[{"href":"https:\/\/www.musikzeitung.ch\/en\/wp-json\/wp\/v2\/posts"}],"about":[{"href":"https:\/\/www.musikzeitung.ch\/en\/wp-json\/wp\/v2\/types\/post"}],"author":[{"embeddable":true,"href":"https:\/\/www.musikzeitung.ch\/en\/wp-json\/wp\/v2\/users\/30"}],"replies":[{"embeddable":true,"href":"https:\/\/www.musikzeitung.ch\/en\/wp-json\/wp\/v2\/comments?post=42927"}],"version-history":[{"count":6,"href":"https:\/\/www.musikzeitung.ch\/en\/wp-json\/wp\/v2\/posts\/42927\/revisions"}],"predecessor-version":[{"id":42934,"href":"https:\/\/www.musikzeitung.ch\/en\/wp-json\/wp\/v2\/posts\/42927\/revisions\/42934"}],"wp:featuredmedia":[{"embeddable":true,"href":"https:\/\/www.musikzeitung.ch\/en\/wp-json\/wp\/v2\/media\/42929"}],"wp:attachment":[{"href":"https:\/\/www.musikzeitung.ch\/en\/wp-json\/wp\/v2\/media?parent=42927"}],"wp:term":[{"taxonomy":"category","embeddable":true,"href":"https:\/\/www.musikzeitung.ch\/en\/wp-json\/wp\/v2\/categories?post=42927"},{"taxonomy":"post_tag","embeddable":true,"href":"https:\/\/www.musikzeitung.ch\/en\/wp-json\/wp\/v2\/tags?post=42927"}],"curies":[{"name":"wp","href":"https:\/\/api.w.org\/{rel}","templated":true}]}}