{"id":4393,"date":"2016-12-09T00:00:00","date_gmt":"2016-12-08T23:00:00","guid":{"rendered":"https:\/\/www.musikzeitung.ch\/allgemein\/bundesrat-aeussert-sich-zur-umsetzung-der-musikinitiative\/"},"modified":"2016-12-09T00:00:00","modified_gmt":"2016-12-08T23:00:00","slug":"bundesrat-aeussert-sich-zur-umsetzung-der-musikinitiative","status":"publish","type":"post","link":"https:\/\/www.musikzeitung.ch\/en\/politik\/2016\/12\/bundesrat-aeussert-sich-zur-umsetzung-der-musikinitiative","title":{"rendered":"Federal Council comments on the implementation of the music initiative"},"content":{"rendered":"<figure style=\"width: 1200px\" class=\"wp-caption alignnone\"><img decoding=\"async\" class=\"size-full\" src=\"https:\/\/www.musikzeitung.ch\/wp-content\/uploads\/2023\/01\/Munz-2014-Schule-424-KB1.jpg\" alt=\"\" \/><figcaption class=\"wp-caption-text\">National Councillor and vocational school teacher Martina Munz. Photo: zvg<\/figcaption><\/figure>\n<div class='text-section'>\n<p>According to the Federal Council, it has stepped up its support for ensembles, festivals and competitions and increased its financial contribution from CHF 500,000 to CHF 1 million per year. It has also launched the \"Youth and Music\" program. Following harmonization of the objectives of compulsory schooling among the cantons, the Conference of Cantonal Ministers of Education (EDK) will also examine national educational objectives for music education that are valid throughout Switzerland.<\/p>\n<p>The Federal Council also writes that it has issued principles for young people's access to music-making and the promotion of talented young people. The State Secretariat for Education, Research and Innovation (SERI) is also working with the Federal Office of Culture and the EDK to compile an overview of the measures taken by the cantons to promote talented young people with a view to studying at a music academy.<\/p>\n<p>The Federal Council's full response can be found <a href='https:\/\/www.parlament.ch\/de\/ratsbetrieb\/suche-curia-vista\/geschaeft?AffairId=20163764'>here<\/a>\u00a0<\/p>\n<\/div>","protected":false},"excerpt":{"rendered":"<p><strong>The Schaffhausen SP National Councillor Martina Munz has asked the Federal Council about the status of the implementation of the music initiative in the form of an interpellation. The answer is now available. <\/strong><\/p>","protected":false},"author":1,"featured_media":4394,"comment_status":"open","ping_status":"open","sticky":false,"template":"","format":"standard","meta":{"_acf_changed":false,"_relevanssi_hide_post":"","_relevanssi_hide_content":"","_relevanssi_pin_for_all":"","_relevanssi_pin_keywords":"","_relevanssi_unpin_keywords":"","_relevanssi_related_keywords":"","_relevanssi_related_include_ids":"","_relevanssi_related_exclude_ids":"","_relevanssi_related_no_append":"","_relevanssi_related_not_related":"","_relevanssi_related_posts":"","_relevanssi_noindex_reason":"","pgc_sgb_lightbox_settings":"","footnotes":""},"categories":[983,767],"tags":[],"class_list":["post-4393","post","type-post","status-publish","format-standard","has-post-thumbnail","hentry","category-national","category-politik"],"acf":{"author":""},"yoast_head":"<!-- This site is optimized with the Yoast SEO plugin v28.4 - https:\/\/yoast.com\/product\/yoast-seo-wordpress\/ -->\n<title>Bundesrat \u00e4ussert sich zur Umsetzung der Musikinitiative - Schweizer Musikzeitung<\/title>\n<meta name=\"robots\" content=\"index, follow, max-snippet:-1, max-image-preview:large, max-video-preview:-1\" \/>\n<link rel=\"canonical\" href=\"https:\/\/www.musikzeitung.ch\/en\/politik\/2016\/12\/bundesrat-aeussert-sich-zur-umsetzung-der-musikinitiative\/\" \/>\n<meta property=\"og:locale\" content=\"en_US\" \/>\n<meta property=\"og:type\" content=\"article\" \/>\n<meta property=\"og:title\" content=\"Bundesrat \u00e4ussert sich zur Umsetzung der Musikinitiative - Schweizer Musikzeitung\" \/>\n<meta property=\"og:description\" content=\"Die Schaffhausener SP-Nationalr\u00e4tin Martina Munz hat sich beim Bundesrat in Form einer Interpellation nach dem Stand der Dinge in Sachen Umsetzung der Musikinitiative erkundigt. Die Antwort liegt nun vor.\" \/>\n<meta property=\"og:url\" content=\"https:\/\/www.musikzeitung.ch\/en\/politik\/2016\/12\/bundesrat-aeussert-sich-zur-umsetzung-der-musikinitiative\/\" \/>\n<meta property=\"og:site_name\" content=\"Schweizer Musikzeitung\" \/>\n<meta property=\"article:publisher\" content=\"https:\/\/www.facebook.com\/SchweizerMusikzeitung\/\" \/>\n<meta property=\"article:published_time\" content=\"2016-12-08T23:00:00+00:00\" \/>\n<meta property=\"og:image\" content=\"https:\/\/www.musikzeitung.ch\/wp-content\/uploads\/2023\/01\/Munz-2014-Schule-424-KB1.jpg\" \/>\n\t<meta property=\"og:image:width\" content=\"554\" \/>\n\t<meta property=\"og:image:height\" content=\"418\" \/>\n\t<meta property=\"og:image:type\" content=\"image\/jpeg\" \/>\n<meta name=\"author\" content=\"Musikzeitung-Redaktion\" \/>\n<meta name=\"twitter:card\" content=\"summary_large_image\" \/>\n<meta name=\"twitter:creator\" content=\"@smusikzeitung\" \/>\n<meta name=\"twitter:site\" content=\"@smusikzeitung\" \/>\n<meta name=\"twitter:label1\" content=\"Written by\" \/>\n\t<meta name=\"twitter:data1\" content=\"Musikzeitung-Redaktion\" \/>\n\t<meta name=\"twitter:label2\" content=\"Est. reading time\" \/>\n\t<meta name=\"twitter:data2\" content=\"1 minute\" \/>\n<script type=\"application\/ld+json\" class=\"yoast-schema-graph\">{\"@context\":\"https:\\\/\\\/schema.org\",\"@graph\":[{\"@type\":\"Article\",\"@id\":\"https:\\\/\\\/www.musikzeitung.ch\\\/politik\\\/2016\\\/12\\\/bundesrat-aeussert-sich-zur-umsetzung-der-musikinitiative#article\",\"isPartOf\":{\"@id\":\"https:\\\/\\\/www.musikzeitung.ch\\\/politik\\\/2016\\\/12\\\/bundesrat-aeussert-sich-zur-umsetzung-der-musikinitiative\"},\"author\":{\"name\":\"Musikzeitung-Redaktion\",\"@id\":\"https:\\\/\\\/www.musikzeitung.ch\\\/#\\\/schema\\\/person\\\/b2fd892c800856270b9dcc6001265712\"},\"headline\":\"Bundesrat \u00e4ussert sich zur Umsetzung der Musikinitiative\",\"datePublished\":\"2016-12-08T23:00:00+00:00\",\"mainEntityOfPage\":{\"@id\":\"https:\\\/\\\/www.musikzeitung.ch\\\/politik\\\/2016\\\/12\\\/bundesrat-aeussert-sich-zur-umsetzung-der-musikinitiative\"},\"wordCount\":162,\"commentCount\":0,\"publisher\":{\"@id\":\"https:\\\/\\\/www.musikzeitung.ch\\\/#organization\"},\"image\":{\"@id\":\"https:\\\/\\\/www.musikzeitung.ch\\\/politik\\\/2016\\\/12\\\/bundesrat-aeussert-sich-zur-umsetzung-der-musikinitiative#primaryimage\"},\"thumbnailUrl\":\"https:\\\/\\\/www.musikzeitung.ch\\\/wp-content\\\/uploads\\\/2023\\\/01\\\/Munz-2014-Schule-424-KB1.jpg\",\"articleSection\":[\"National\",\"Politik\"],\"inLanguage\":\"en-US\"},{\"@type\":\"WebPage\",\"@id\":\"https:\\\/\\\/www.musikzeitung.ch\\\/politik\\\/2016\\\/12\\\/bundesrat-aeussert-sich-zur-umsetzung-der-musikinitiative\",\"url\":\"https:\\\/\\\/www.musikzeitung.ch\\\/politik\\\/2016\\\/12\\\/bundesrat-aeussert-sich-zur-umsetzung-der-musikinitiative\",\"name\":\"Bundesrat \u00e4ussert sich zur Umsetzung der Musikinitiative - Schweizer Musikzeitung\",\"isPartOf\":{\"@id\":\"https:\\\/\\\/www.musikzeitung.ch\\\/#website\"},\"primaryImageOfPage\":{\"@id\":\"https:\\\/\\\/www.musikzeitung.ch\\\/politik\\\/2016\\\/12\\\/bundesrat-aeussert-sich-zur-umsetzung-der-musikinitiative#primaryimage\"},\"image\":{\"@id\":\"https:\\\/\\\/www.musikzeitung.ch\\\/politik\\\/2016\\\/12\\\/bundesrat-aeussert-sich-zur-umsetzung-der-musikinitiative#primaryimage\"},\"thumbnailUrl\":\"https:\\\/\\\/www.musikzeitung.ch\\\/wp-content\\\/uploads\\\/2023\\\/01\\\/Munz-2014-Schule-424-KB1.jpg\",\"datePublished\":\"2016-12-08T23:00:00+00:00\",\"breadcrumb\":{\"@id\":\"https:\\\/\\\/www.musikzeitung.ch\\\/politik\\\/2016\\\/12\\\/bundesrat-aeussert-sich-zur-umsetzung-der-musikinitiative#breadcrumb\"},\"inLanguage\":\"en-US\",\"potentialAction\":[{\"@type\":\"ReadAction\",\"target\":[\"https:\\\/\\\/www.musikzeitung.ch\\\/politik\\\/2016\\\/12\\\/bundesrat-aeussert-sich-zur-umsetzung-der-musikinitiative\"]}]},{\"@type\":\"ImageObject\",\"inLanguage\":\"en-US\",\"@id\":\"https:\\\/\\\/www.musikzeitung.ch\\\/politik\\\/2016\\\/12\\\/bundesrat-aeussert-sich-zur-umsetzung-der-musikinitiative#primaryimage\",\"url\":\"https:\\\/\\\/www.musikzeitung.ch\\\/wp-content\\\/uploads\\\/2023\\\/01\\\/Munz-2014-Schule-424-KB1.jpg\",\"contentUrl\":\"https:\\\/\\\/www.musikzeitung.ch\\\/wp-content\\\/uploads\\\/2023\\\/01\\\/Munz-2014-Schule-424-KB1.jpg\",\"width\":554,\"height\":418},{\"@type\":\"BreadcrumbList\",\"@id\":\"https:\\\/\\\/www.musikzeitung.ch\\\/politik\\\/2016\\\/12\\\/bundesrat-aeussert-sich-zur-umsetzung-der-musikinitiative#breadcrumb\",\"itemListElement\":[{\"@type\":\"ListItem\",\"position\":1,\"name\":\"Home\",\"item\":\"https:\\\/\\\/www.musikzeitung.ch\\\/\"},{\"@type\":\"ListItem\",\"position\":2,\"name\":\"Bundesrat \u00e4ussert sich zur Umsetzung der Musikinitiative\"}]},{\"@type\":\"WebSite\",\"@id\":\"https:\\\/\\\/www.musikzeitung.ch\\\/#website\",\"url\":\"https:\\\/\\\/www.musikzeitung.ch\\\/\",\"name\":\"Schweizer Musikzeitung\",\"description\":\"Die f\u00fchrende sparten\u00fcbergreifende Monatszeitung in der Schweiz f\u00fcr musikalische Fragen.\",\"publisher\":{\"@id\":\"https:\\\/\\\/www.musikzeitung.ch\\\/#organization\"},\"potentialAction\":[{\"@type\":\"SearchAction\",\"target\":{\"@type\":\"EntryPoint\",\"urlTemplate\":\"https:\\\/\\\/www.musikzeitung.ch\\\/?s={search_term_string}\"},\"query-input\":{\"@type\":\"PropertyValueSpecification\",\"valueRequired\":true,\"valueName\":\"search_term_string\"}}],\"inLanguage\":\"en-US\"},{\"@type\":\"Organization\",\"@id\":\"https:\\\/\\\/www.musikzeitung.ch\\\/#organization\",\"name\":\"Schweizer Musikzeitung\",\"url\":\"https:\\\/\\\/www.musikzeitung.ch\\\/\",\"logo\":{\"@type\":\"ImageObject\",\"inLanguage\":\"en-US\",\"@id\":\"https:\\\/\\\/www.musikzeitung.ch\\\/#\\\/schema\\\/logo\\\/image\\\/\",\"url\":\"https:\\\/\\\/www.musikzeitung.ch\\\/wp-content\\\/uploads\\\/2023\\\/01\\\/SMZ_Schriftzug_Sprache.png\",\"contentUrl\":\"https:\\\/\\\/www.musikzeitung.ch\\\/wp-content\\\/uploads\\\/2023\\\/01\\\/SMZ_Schriftzug_Sprache.png\",\"width\":1400,\"height\":279,\"caption\":\"Schweizer Musikzeitung\"},\"image\":{\"@id\":\"https:\\\/\\\/www.musikzeitung.ch\\\/#\\\/schema\\\/logo\\\/image\\\/\"},\"sameAs\":[\"https:\\\/\\\/www.facebook.com\\\/SchweizerMusikzeitung\\\/\",\"https:\\\/\\\/x.com\\\/smusikzeitung\",\"https:\\\/\\\/www.instagram.com\\\/musikzeitung.ch\\\/\"]},{\"@type\":\"Person\",\"@id\":\"https:\\\/\\\/www.musikzeitung.ch\\\/#\\\/schema\\\/person\\\/b2fd892c800856270b9dcc6001265712\",\"name\":\"Musikzeitung-Redaktion\",\"image\":{\"@type\":\"ImageObject\",\"inLanguage\":\"en-US\",\"@id\":\"https:\\\/\\\/www.musikzeitung.ch\\\/wp-content\\\/uploads\\\/2022\\\/05\\\/usericon_musikzeitung-96x96.jpg\",\"url\":\"https:\\\/\\\/www.musikzeitung.ch\\\/wp-content\\\/uploads\\\/2022\\\/05\\\/usericon_musikzeitung-96x96.jpg\",\"contentUrl\":\"https:\\\/\\\/www.musikzeitung.ch\\\/wp-content\\\/uploads\\\/2022\\\/05\\\/usericon_musikzeitung-96x96.jpg\",\"caption\":\"Musikzeitung-Redaktion\"},\"url\":\"https:\\\/\\\/www.musikzeitung.ch\\\/en\\\/author\\\/admin\"}]}<\/script>\n<!-- \/ Yoast SEO plugin. -->","yoast_head_json":{"title":"Federal Council comments on the implementation of the music initiative - Schweizer Musikzeitung","robots":{"index":"index","follow":"follow","max-snippet":"max-snippet:-1","max-image-preview":"max-image-preview:large","max-video-preview":"max-video-preview:-1"},"canonical":"https:\/\/www.musikzeitung.ch\/en\/politik\/2016\/12\/bundesrat-aeussert-sich-zur-umsetzung-der-musikinitiative\/","og_locale":"en_US","og_type":"article","og_title":"Bundesrat \u00e4ussert sich zur Umsetzung der Musikinitiative - Schweizer Musikzeitung","og_description":"Die Schaffhausener SP-Nationalr\u00e4tin Martina Munz hat sich beim Bundesrat in Form einer Interpellation nach dem Stand der Dinge in Sachen Umsetzung der Musikinitiative erkundigt. Die Antwort liegt nun vor.","og_url":"https:\/\/www.musikzeitung.ch\/en\/politik\/2016\/12\/bundesrat-aeussert-sich-zur-umsetzung-der-musikinitiative\/","og_site_name":"Schweizer Musikzeitung","article_publisher":"https:\/\/www.facebook.com\/SchweizerMusikzeitung\/","article_published_time":"2016-12-08T23:00:00+00:00","og_image":[{"width":554,"height":418,"url":"https:\/\/www.musikzeitung.ch\/wp-content\/uploads\/2023\/01\/Munz-2014-Schule-424-KB1.jpg","type":"image\/jpeg"}],"author":"Musikzeitung-Redaktion","twitter_card":"summary_large_image","twitter_creator":"@smusikzeitung","twitter_site":"@smusikzeitung","twitter_misc":{"Written by":"Musikzeitung-Redaktion","Est. reading time":"1 minute"},"schema":{"@context":"https:\/\/schema.org","@graph":[{"@type":"Article","@id":"https:\/\/www.musikzeitung.ch\/politik\/2016\/12\/bundesrat-aeussert-sich-zur-umsetzung-der-musikinitiative#article","isPartOf":{"@id":"https:\/\/www.musikzeitung.ch\/politik\/2016\/12\/bundesrat-aeussert-sich-zur-umsetzung-der-musikinitiative"},"author":{"name":"Musikzeitung-Redaktion","@id":"https:\/\/www.musikzeitung.ch\/#\/schema\/person\/b2fd892c800856270b9dcc6001265712"},"headline":"Bundesrat \u00e4ussert sich zur Umsetzung der Musikinitiative","datePublished":"2016-12-08T23:00:00+00:00","mainEntityOfPage":{"@id":"https:\/\/www.musikzeitung.ch\/politik\/2016\/12\/bundesrat-aeussert-sich-zur-umsetzung-der-musikinitiative"},"wordCount":162,"commentCount":0,"publisher":{"@id":"https:\/\/www.musikzeitung.ch\/#organization"},"image":{"@id":"https:\/\/www.musikzeitung.ch\/politik\/2016\/12\/bundesrat-aeussert-sich-zur-umsetzung-der-musikinitiative#primaryimage"},"thumbnailUrl":"https:\/\/www.musikzeitung.ch\/wp-content\/uploads\/2023\/01\/Munz-2014-Schule-424-KB1.jpg","articleSection":["National","Politik"],"inLanguage":"en-US"},{"@type":"WebPage","@id":"https:\/\/www.musikzeitung.ch\/politik\/2016\/12\/bundesrat-aeussert-sich-zur-umsetzung-der-musikinitiative","url":"https:\/\/www.musikzeitung.ch\/politik\/2016\/12\/bundesrat-aeussert-sich-zur-umsetzung-der-musikinitiative","name":"Federal Council comments on the implementation of the music initiative - Schweizer Musikzeitung","isPartOf":{"@id":"https:\/\/www.musikzeitung.ch\/#website"},"primaryImageOfPage":{"@id":"https:\/\/www.musikzeitung.ch\/politik\/2016\/12\/bundesrat-aeussert-sich-zur-umsetzung-der-musikinitiative#primaryimage"},"image":{"@id":"https:\/\/www.musikzeitung.ch\/politik\/2016\/12\/bundesrat-aeussert-sich-zur-umsetzung-der-musikinitiative#primaryimage"},"thumbnailUrl":"https:\/\/www.musikzeitung.ch\/wp-content\/uploads\/2023\/01\/Munz-2014-Schule-424-KB1.jpg","datePublished":"2016-12-08T23:00:00+00:00","breadcrumb":{"@id":"https:\/\/www.musikzeitung.ch\/politik\/2016\/12\/bundesrat-aeussert-sich-zur-umsetzung-der-musikinitiative#breadcrumb"},"inLanguage":"en-US","potentialAction":[{"@type":"ReadAction","target":["https:\/\/www.musikzeitung.ch\/politik\/2016\/12\/bundesrat-aeussert-sich-zur-umsetzung-der-musikinitiative"]}]},{"@type":"ImageObject","inLanguage":"en-US","@id":"https:\/\/www.musikzeitung.ch\/politik\/2016\/12\/bundesrat-aeussert-sich-zur-umsetzung-der-musikinitiative#primaryimage","url":"https:\/\/www.musikzeitung.ch\/wp-content\/uploads\/2023\/01\/Munz-2014-Schule-424-KB1.jpg","contentUrl":"https:\/\/www.musikzeitung.ch\/wp-content\/uploads\/2023\/01\/Munz-2014-Schule-424-KB1.jpg","width":554,"height":418},{"@type":"BreadcrumbList","@id":"https:\/\/www.musikzeitung.ch\/politik\/2016\/12\/bundesrat-aeussert-sich-zur-umsetzung-der-musikinitiative#breadcrumb","itemListElement":[{"@type":"ListItem","position":1,"name":"Home","item":"https:\/\/www.musikzeitung.ch\/"},{"@type":"ListItem","position":2,"name":"Bundesrat \u00e4ussert sich zur Umsetzung der Musikinitiative"}]},{"@type":"WebSite","@id":"https:\/\/www.musikzeitung.ch\/#website","url":"https:\/\/www.musikzeitung.ch\/","name":"Swiss Music Newspaper","description":"The leading interdisciplinary monthly newspaper in Switzerland for musical issues.","publisher":{"@id":"https:\/\/www.musikzeitung.ch\/#organization"},"potentialAction":[{"@type":"SearchAction","target":{"@type":"EntryPoint","urlTemplate":"https:\/\/www.musikzeitung.ch\/?s={search_term_string}"},"query-input":{"@type":"PropertyValueSpecification","valueRequired":true,"valueName":"search_term_string"}}],"inLanguage":"en-US"},{"@type":"Organization","@id":"https:\/\/www.musikzeitung.ch\/#organization","name":"Swiss Music Newspaper","url":"https:\/\/www.musikzeitung.ch\/","logo":{"@type":"ImageObject","inLanguage":"en-US","@id":"https:\/\/www.musikzeitung.ch\/#\/schema\/logo\/image\/","url":"https:\/\/www.musikzeitung.ch\/wp-content\/uploads\/2023\/01\/SMZ_Schriftzug_Sprache.png","contentUrl":"https:\/\/www.musikzeitung.ch\/wp-content\/uploads\/2023\/01\/SMZ_Schriftzug_Sprache.png","width":1400,"height":279,"caption":"Schweizer Musikzeitung"},"image":{"@id":"https:\/\/www.musikzeitung.ch\/#\/schema\/logo\/image\/"},"sameAs":["https:\/\/www.facebook.com\/SchweizerMusikzeitung\/","https:\/\/x.com\/smusikzeitung","https:\/\/www.instagram.com\/musikzeitung.ch\/"]},{"@type":"Person","@id":"https:\/\/www.musikzeitung.ch\/#\/schema\/person\/b2fd892c800856270b9dcc6001265712","name":"Music newspaper editorial office","image":{"@type":"ImageObject","inLanguage":"en-US","@id":"https:\/\/www.musikzeitung.ch\/wp-content\/uploads\/2022\/05\/usericon_musikzeitung-96x96.jpg","url":"https:\/\/www.musikzeitung.ch\/wp-content\/uploads\/2022\/05\/usericon_musikzeitung-96x96.jpg","contentUrl":"https:\/\/www.musikzeitung.ch\/wp-content\/uploads\/2022\/05\/usericon_musikzeitung-96x96.jpg","caption":"Musikzeitung-Redaktion"},"url":"https:\/\/www.musikzeitung.ch\/en\/author\/admin"}]}},"publishpress_future_workflow_manual_trigger":{"enabledWorkflows":[]},"_links":{"self":[{"href":"https:\/\/www.musikzeitung.ch\/en\/wp-json\/wp\/v2\/posts\/4393","targetHints":{"allow":["GET"]}}],"collection":[{"href":"https:\/\/www.musikzeitung.ch\/en\/wp-json\/wp\/v2\/posts"}],"about":[{"href":"https:\/\/www.musikzeitung.ch\/en\/wp-json\/wp\/v2\/types\/post"}],"author":[{"embeddable":true,"href":"https:\/\/www.musikzeitung.ch\/en\/wp-json\/wp\/v2\/users\/1"}],"replies":[{"embeddable":true,"href":"https:\/\/www.musikzeitung.ch\/en\/wp-json\/wp\/v2\/comments?post=4393"}],"version-history":[{"count":0,"href":"https:\/\/www.musikzeitung.ch\/en\/wp-json\/wp\/v2\/posts\/4393\/revisions"}],"wp:featuredmedia":[{"embeddable":true,"href":"https:\/\/www.musikzeitung.ch\/en\/wp-json\/wp\/v2\/media\/4394"}],"wp:attachment":[{"href":"https:\/\/www.musikzeitung.ch\/en\/wp-json\/wp\/v2\/media?parent=4393"}],"wp:term":[{"taxonomy":"category","embeddable":true,"href":"https:\/\/www.musikzeitung.ch\/en\/wp-json\/wp\/v2\/categories?post=4393"},{"taxonomy":"post_tag","embeddable":true,"href":"https:\/\/www.musikzeitung.ch\/en\/wp-json\/wp\/v2\/tags?post=4393"}],"curies":[{"name":"wp","href":"https:\/\/api.w.org\/{rel}","templated":true}]}}