{"id":44105,"date":"2023-04-26T13:17:20","date_gmt":"2023-04-26T11:17:20","guid":{"rendered":"https:\/\/www.musikzeitung.ch\/?p=44105"},"modified":"2023-04-26T15:05:57","modified_gmt":"2023-04-26T13:05:57","slug":"tod-der-alphornvirtuosin-eliana-burki","status":"publish","type":"post","link":"https:\/\/www.musikzeitung.ch\/en\/news\/2023\/04\/tod-der-alphornvirtuosin-eliana-burki","title":{"rendered":"Death of alphorn virtuoso Eliana Burki"},"content":{"rendered":"<figure id=\"attachment_44106\" aria-describedby=\"caption-attachment-44106\" style=\"width: 614px\" class=\"wp-caption aligncenter\"><img loading=\"lazy\" decoding=\"async\" class=\"wp-image-44106\" src=\"https:\/\/www.musikzeitung.ch\/wp-content\/uploads\/2023\/04\/230426burki.jpg\" alt=\"\" width=\"614\" height=\"342\" srcset=\"https:\/\/www.musikzeitung.ch\/wp-content\/uploads\/2023\/04\/230426burki.jpg 1262w, https:\/\/www.musikzeitung.ch\/wp-content\/uploads\/2023\/04\/230426burki-300x167.jpg 300w, https:\/\/www.musikzeitung.ch\/wp-content\/uploads\/2023\/04\/230426burki-1024x570.jpg 1024w, https:\/\/www.musikzeitung.ch\/wp-content\/uploads\/2023\/04\/230426burki-768x428.jpg 768w, https:\/\/www.musikzeitung.ch\/wp-content\/uploads\/2023\/04\/230426burki-314x175.jpg 314w, https:\/\/www.musikzeitung.ch\/wp-content\/uploads\/2023\/04\/230426burki-628x350.jpg 628w, https:\/\/www.musikzeitung.ch\/wp-content\/uploads\/2023\/04\/230426burki-920x512.jpg 920w\" sizes=\"auto, (max-width: 614px) 100vw, 614px\" \/><figcaption id=\"caption-attachment-44106\" class=\"wp-caption-text\">Eliana Burki (Photo: zVg)<\/figcaption><\/figure>\n<p>According to her management, Eliana Burki's concert tours have taken her beyond Europe to the USA, South America and the Middle and Far East - and made her an ambassador for the Swiss national instrument in jazz, classical and world music.<\/p>\n<p>With her band I Alpinisti, but also as a soloist with the Stuttgart Philharmonic Orchestra and the Munich Radio Orchestra, she has opened up a new repertoire for the alphorn. She has also incorporated jazz and funk as well as influences from the folk music of the countries she has visited. She is also one of the few Swiss musicians to have made a name for herself in the US music industry.<\/p>\n<p>Burki was four years old when an alphorn ensemble at the finish line of a bike race sparked her passion for the instrument. Two years later, she convinced Hansj\u00fcrg Sommer, the Alphorn Pope of Solothurn, to take her on as a pupil. Soon afterwards, she took part in the Swiss Yodelling Festival. At a later yodelling festival, she played a blues piece.<\/p>\n<p>&nbsp;<\/p>\n<p>&nbsp;<\/p>","protected":false},"excerpt":{"rendered":"<p>According to a statement from her management, the alphorn virtuoso, singer and composer Eliana Burki has died at the age of 39 as a result of a malignant brain tumor. <\/p>","protected":false},"author":30,"featured_media":44106,"comment_status":"closed","ping_status":"closed","sticky":false,"template":"","format":"standard","meta":{"_acf_changed":false,"_relevanssi_hide_post":"","_relevanssi_hide_content":"","_relevanssi_pin_for_all":"","_relevanssi_pin_keywords":"","_relevanssi_unpin_keywords":"","_relevanssi_related_keywords":"","_relevanssi_related_include_ids":"","_relevanssi_related_exclude_ids":"","_relevanssi_related_no_append":"","_relevanssi_related_not_related":"","_relevanssi_related_posts":"","_relevanssi_noindex_reason":"","pgc_sgb_lightbox_settings":"","footnotes":""},"categories":[27,1624],"tags":[2359],"class_list":["post-44105","post","type-post","status-publish","format-standard","has-post-thumbnail","hentry","category-news","category-personen","tag-eliana-burki"],"acf":[],"yoast_head":"<!-- This site is optimized with the Yoast SEO plugin v27.4 - https:\/\/yoast.com\/product\/yoast-seo-wordpress\/ -->\n<title>Tod der Alphornvirtuosin Eliana Burki - Schweizer Musikzeitung<\/title>\n<meta name=\"description\" content=\"Laut einer Mitteilung ihres Managements ist die Alphornvirtuosin, S\u00e4ngerin und Komponistin Eliana Burki im Alter von 39 Jahren gestorben.\" \/>\n<meta name=\"robots\" content=\"index, follow, max-snippet:-1, max-image-preview:large, max-video-preview:-1\" \/>\n<link rel=\"canonical\" href=\"https:\/\/www.musikzeitung.ch\/en\/news\/2023\/04\/tod-der-alphornvirtuosin-eliana-burki\/\" \/>\n<meta property=\"og:locale\" content=\"en_US\" \/>\n<meta property=\"og:type\" content=\"article\" \/>\n<meta property=\"og:title\" content=\"Tod der Alphornvirtuosin Eliana Burki - Schweizer Musikzeitung\" \/>\n<meta property=\"og:description\" content=\"Laut einer Mitteilung ihres Managements ist die Alphornvirtuosin, S\u00e4ngerin und Komponistin Eliana Burki im Alter von 39 Jahren gestorben.\" \/>\n<meta property=\"og:url\" content=\"https:\/\/www.musikzeitung.ch\/en\/news\/2023\/04\/tod-der-alphornvirtuosin-eliana-burki\/\" \/>\n<meta property=\"og:site_name\" content=\"Schweizer Musikzeitung\" \/>\n<meta property=\"article:publisher\" content=\"https:\/\/www.facebook.com\/SchweizerMusikzeitung\/\" \/>\n<meta property=\"article:author\" content=\"https:\/\/www.facebook.com\/wolfgang.bohler.75\" \/>\n<meta property=\"article:published_time\" content=\"2023-04-26T11:17:20+00:00\" \/>\n<meta property=\"article:modified_time\" content=\"2023-04-26T13:05:57+00:00\" \/>\n<meta property=\"og:image\" content=\"https:\/\/www.musikzeitung.ch\/wp-content\/uploads\/2023\/04\/230426burki.jpg\" \/>\n\t<meta property=\"og:image:width\" content=\"1262\" \/>\n\t<meta property=\"og:image:height\" content=\"703\" \/>\n\t<meta property=\"og:image:type\" content=\"image\/jpeg\" \/>\n<meta name=\"author\" content=\"Wolfgang B\u00f6hler\" \/>\n<meta name=\"twitter:card\" content=\"summary_large_image\" \/>\n<meta name=\"twitter:creator\" content=\"@smusikzeitung\" \/>\n<meta name=\"twitter:site\" content=\"@smusikzeitung\" \/>\n<meta name=\"twitter:label1\" content=\"Written by\" \/>\n\t<meta name=\"twitter:data1\" content=\"Wolfgang B\u00f6hler\" \/>\n\t<meta name=\"twitter:label2\" content=\"Est. reading time\" \/>\n\t<meta name=\"twitter:data2\" content=\"2 minutes\" \/>\n<script type=\"application\/ld+json\" class=\"yoast-schema-graph\">{\"@context\":\"https:\\\/\\\/schema.org\",\"@graph\":[{\"@type\":\"Article\",\"@id\":\"https:\\\/\\\/www.musikzeitung.ch\\\/news\\\/2023\\\/04\\\/tod-der-alphornvirtuosin-eliana-burki#article\",\"isPartOf\":{\"@id\":\"https:\\\/\\\/www.musikzeitung.ch\\\/news\\\/2023\\\/04\\\/tod-der-alphornvirtuosin-eliana-burki\"},\"author\":{\"name\":\"Wolfgang B\u00f6hler\",\"@id\":\"https:\\\/\\\/www.musikzeitung.ch\\\/#\\\/schema\\\/person\\\/0da4fb82d243f1252850a35d0e87cf0c\"},\"headline\":\"Tod der Alphornvirtuosin Eliana Burki\",\"datePublished\":\"2023-04-26T11:17:20+00:00\",\"dateModified\":\"2023-04-26T13:05:57+00:00\",\"mainEntityOfPage\":{\"@id\":\"https:\\\/\\\/www.musikzeitung.ch\\\/news\\\/2023\\\/04\\\/tod-der-alphornvirtuosin-eliana-burki\"},\"wordCount\":180,\"publisher\":{\"@id\":\"https:\\\/\\\/www.musikzeitung.ch\\\/#organization\"},\"image\":{\"@id\":\"https:\\\/\\\/www.musikzeitung.ch\\\/news\\\/2023\\\/04\\\/tod-der-alphornvirtuosin-eliana-burki#primaryimage\"},\"thumbnailUrl\":\"https:\\\/\\\/www.musikzeitung.ch\\\/wp-content\\\/uploads\\\/2023\\\/04\\\/230426burki.jpg\",\"keywords\":[\"Eliana Burki\"],\"articleSection\":[\"News\",\"Personen\"],\"inLanguage\":\"en-US\"},{\"@type\":\"WebPage\",\"@id\":\"https:\\\/\\\/www.musikzeitung.ch\\\/news\\\/2023\\\/04\\\/tod-der-alphornvirtuosin-eliana-burki\",\"url\":\"https:\\\/\\\/www.musikzeitung.ch\\\/news\\\/2023\\\/04\\\/tod-der-alphornvirtuosin-eliana-burki\",\"name\":\"Tod der Alphornvirtuosin Eliana Burki - Schweizer Musikzeitung\",\"isPartOf\":{\"@id\":\"https:\\\/\\\/www.musikzeitung.ch\\\/#website\"},\"primaryImageOfPage\":{\"@id\":\"https:\\\/\\\/www.musikzeitung.ch\\\/news\\\/2023\\\/04\\\/tod-der-alphornvirtuosin-eliana-burki#primaryimage\"},\"image\":{\"@id\":\"https:\\\/\\\/www.musikzeitung.ch\\\/news\\\/2023\\\/04\\\/tod-der-alphornvirtuosin-eliana-burki#primaryimage\"},\"thumbnailUrl\":\"https:\\\/\\\/www.musikzeitung.ch\\\/wp-content\\\/uploads\\\/2023\\\/04\\\/230426burki.jpg\",\"datePublished\":\"2023-04-26T11:17:20+00:00\",\"dateModified\":\"2023-04-26T13:05:57+00:00\",\"description\":\"Laut einer Mitteilung ihres Managements ist die Alphornvirtuosin, S\u00e4ngerin und Komponistin Eliana Burki im Alter von 39 Jahren gestorben.\",\"breadcrumb\":{\"@id\":\"https:\\\/\\\/www.musikzeitung.ch\\\/news\\\/2023\\\/04\\\/tod-der-alphornvirtuosin-eliana-burki#breadcrumb\"},\"inLanguage\":\"en-US\",\"potentialAction\":[{\"@type\":\"ReadAction\",\"target\":[\"https:\\\/\\\/www.musikzeitung.ch\\\/news\\\/2023\\\/04\\\/tod-der-alphornvirtuosin-eliana-burki\"]}]},{\"@type\":\"ImageObject\",\"inLanguage\":\"en-US\",\"@id\":\"https:\\\/\\\/www.musikzeitung.ch\\\/news\\\/2023\\\/04\\\/tod-der-alphornvirtuosin-eliana-burki#primaryimage\",\"url\":\"https:\\\/\\\/www.musikzeitung.ch\\\/wp-content\\\/uploads\\\/2023\\\/04\\\/230426burki.jpg\",\"contentUrl\":\"https:\\\/\\\/www.musikzeitung.ch\\\/wp-content\\\/uploads\\\/2023\\\/04\\\/230426burki.jpg\",\"width\":1262,\"height\":703,\"caption\":\"Eliana Burki (Photo: zVg)\"},{\"@type\":\"BreadcrumbList\",\"@id\":\"https:\\\/\\\/www.musikzeitung.ch\\\/news\\\/2023\\\/04\\\/tod-der-alphornvirtuosin-eliana-burki#breadcrumb\",\"itemListElement\":[{\"@type\":\"ListItem\",\"position\":1,\"name\":\"Home\",\"item\":\"https:\\\/\\\/www.musikzeitung.ch\\\/\"},{\"@type\":\"ListItem\",\"position\":2,\"name\":\"Tod der Alphornvirtuosin Eliana Burki\"}]},{\"@type\":\"WebSite\",\"@id\":\"https:\\\/\\\/www.musikzeitung.ch\\\/#website\",\"url\":\"https:\\\/\\\/www.musikzeitung.ch\\\/\",\"name\":\"Schweizer Musikzeitung\",\"description\":\"Die f\u00fchrende sparten\u00fcbergreifende Monatszeitung in der Schweiz f\u00fcr musikalische Fragen.\",\"publisher\":{\"@id\":\"https:\\\/\\\/www.musikzeitung.ch\\\/#organization\"},\"potentialAction\":[{\"@type\":\"SearchAction\",\"target\":{\"@type\":\"EntryPoint\",\"urlTemplate\":\"https:\\\/\\\/www.musikzeitung.ch\\\/?s={search_term_string}\"},\"query-input\":{\"@type\":\"PropertyValueSpecification\",\"valueRequired\":true,\"valueName\":\"search_term_string\"}}],\"inLanguage\":\"en-US\"},{\"@type\":\"Organization\",\"@id\":\"https:\\\/\\\/www.musikzeitung.ch\\\/#organization\",\"name\":\"Schweizer Musikzeitung\",\"url\":\"https:\\\/\\\/www.musikzeitung.ch\\\/\",\"logo\":{\"@type\":\"ImageObject\",\"inLanguage\":\"en-US\",\"@id\":\"https:\\\/\\\/www.musikzeitung.ch\\\/#\\\/schema\\\/logo\\\/image\\\/\",\"url\":\"https:\\\/\\\/www.musikzeitung.ch\\\/wp-content\\\/uploads\\\/2023\\\/01\\\/SMZ_Schriftzug_Sprache.png\",\"contentUrl\":\"https:\\\/\\\/www.musikzeitung.ch\\\/wp-content\\\/uploads\\\/2023\\\/01\\\/SMZ_Schriftzug_Sprache.png\",\"width\":1400,\"height\":279,\"caption\":\"Schweizer Musikzeitung\"},\"image\":{\"@id\":\"https:\\\/\\\/www.musikzeitung.ch\\\/#\\\/schema\\\/logo\\\/image\\\/\"},\"sameAs\":[\"https:\\\/\\\/www.facebook.com\\\/SchweizerMusikzeitung\\\/\",\"https:\\\/\\\/x.com\\\/smusikzeitung\",\"https:\\\/\\\/www.instagram.com\\\/musikzeitung.ch\\\/\"]},{\"@type\":\"Person\",\"@id\":\"https:\\\/\\\/www.musikzeitung.ch\\\/#\\\/schema\\\/person\\\/0da4fb82d243f1252850a35d0e87cf0c\",\"name\":\"Wolfgang B\u00f6hler\",\"image\":{\"@type\":\"ImageObject\",\"inLanguage\":\"en-US\",\"@id\":\"https:\\\/\\\/www.musikzeitung.ch\\\/wp-content\\\/uploads\\\/2023\\\/01\\\/boehler_portraet_web-e1674139782246-96x96.jpg\",\"url\":\"https:\\\/\\\/www.musikzeitung.ch\\\/wp-content\\\/uploads\\\/2023\\\/01\\\/boehler_portraet_web-e1674139782246-96x96.jpg\",\"contentUrl\":\"https:\\\/\\\/www.musikzeitung.ch\\\/wp-content\\\/uploads\\\/2023\\\/01\\\/boehler_portraet_web-e1674139782246-96x96.jpg\",\"caption\":\"Wolfgang B\u00f6hler\"},\"sameAs\":[\"http:\\\/\\\/www.manacanto.ch\",\"https:\\\/\\\/www.facebook.com\\\/wolfgang.bohler.75\"],\"url\":\"https:\\\/\\\/www.musikzeitung.ch\\\/en\\\/author\\\/wolfgang-boehler\"}]}<\/script>\n<!-- \/ Yoast SEO plugin. -->","yoast_head_json":{"title":"Tod der Alphornvirtuosin Eliana Burki - Schweizer Musikzeitung","description":"Laut einer Mitteilung ihres Managements ist die Alphornvirtuosin, S\u00e4ngerin und Komponistin Eliana Burki im Alter von 39 Jahren gestorben.","robots":{"index":"index","follow":"follow","max-snippet":"max-snippet:-1","max-image-preview":"max-image-preview:large","max-video-preview":"max-video-preview:-1"},"canonical":"https:\/\/www.musikzeitung.ch\/en\/news\/2023\/04\/tod-der-alphornvirtuosin-eliana-burki\/","og_locale":"en_US","og_type":"article","og_title":"Tod der Alphornvirtuosin Eliana Burki - Schweizer Musikzeitung","og_description":"Laut einer Mitteilung ihres Managements ist die Alphornvirtuosin, S\u00e4ngerin und Komponistin Eliana Burki im Alter von 39 Jahren gestorben.","og_url":"https:\/\/www.musikzeitung.ch\/en\/news\/2023\/04\/tod-der-alphornvirtuosin-eliana-burki\/","og_site_name":"Schweizer Musikzeitung","article_publisher":"https:\/\/www.facebook.com\/SchweizerMusikzeitung\/","article_author":"https:\/\/www.facebook.com\/wolfgang.bohler.75","article_published_time":"2023-04-26T11:17:20+00:00","article_modified_time":"2023-04-26T13:05:57+00:00","og_image":[{"width":1262,"height":703,"url":"https:\/\/www.musikzeitung.ch\/wp-content\/uploads\/2023\/04\/230426burki.jpg","type":"image\/jpeg"}],"author":"Wolfgang B\u00f6hler","twitter_card":"summary_large_image","twitter_creator":"@smusikzeitung","twitter_site":"@smusikzeitung","twitter_misc":{"Written by":"Wolfgang B\u00f6hler","Est. reading time":"2 minutes"},"schema":{"@context":"https:\/\/schema.org","@graph":[{"@type":"Article","@id":"https:\/\/www.musikzeitung.ch\/news\/2023\/04\/tod-der-alphornvirtuosin-eliana-burki#article","isPartOf":{"@id":"https:\/\/www.musikzeitung.ch\/news\/2023\/04\/tod-der-alphornvirtuosin-eliana-burki"},"author":{"name":"Wolfgang B\u00f6hler","@id":"https:\/\/www.musikzeitung.ch\/#\/schema\/person\/0da4fb82d243f1252850a35d0e87cf0c"},"headline":"Tod der Alphornvirtuosin Eliana Burki","datePublished":"2023-04-26T11:17:20+00:00","dateModified":"2023-04-26T13:05:57+00:00","mainEntityOfPage":{"@id":"https:\/\/www.musikzeitung.ch\/news\/2023\/04\/tod-der-alphornvirtuosin-eliana-burki"},"wordCount":180,"publisher":{"@id":"https:\/\/www.musikzeitung.ch\/#organization"},"image":{"@id":"https:\/\/www.musikzeitung.ch\/news\/2023\/04\/tod-der-alphornvirtuosin-eliana-burki#primaryimage"},"thumbnailUrl":"https:\/\/www.musikzeitung.ch\/wp-content\/uploads\/2023\/04\/230426burki.jpg","keywords":["Eliana Burki"],"articleSection":["News","Personen"],"inLanguage":"en-US"},{"@type":"WebPage","@id":"https:\/\/www.musikzeitung.ch\/news\/2023\/04\/tod-der-alphornvirtuosin-eliana-burki","url":"https:\/\/www.musikzeitung.ch\/news\/2023\/04\/tod-der-alphornvirtuosin-eliana-burki","name":"Tod der Alphornvirtuosin Eliana Burki - Schweizer Musikzeitung","isPartOf":{"@id":"https:\/\/www.musikzeitung.ch\/#website"},"primaryImageOfPage":{"@id":"https:\/\/www.musikzeitung.ch\/news\/2023\/04\/tod-der-alphornvirtuosin-eliana-burki#primaryimage"},"image":{"@id":"https:\/\/www.musikzeitung.ch\/news\/2023\/04\/tod-der-alphornvirtuosin-eliana-burki#primaryimage"},"thumbnailUrl":"https:\/\/www.musikzeitung.ch\/wp-content\/uploads\/2023\/04\/230426burki.jpg","datePublished":"2023-04-26T11:17:20+00:00","dateModified":"2023-04-26T13:05:57+00:00","description":"Laut einer Mitteilung ihres Managements ist die Alphornvirtuosin, S\u00e4ngerin und Komponistin Eliana Burki im Alter von 39 Jahren gestorben.","breadcrumb":{"@id":"https:\/\/www.musikzeitung.ch\/news\/2023\/04\/tod-der-alphornvirtuosin-eliana-burki#breadcrumb"},"inLanguage":"en-US","potentialAction":[{"@type":"ReadAction","target":["https:\/\/www.musikzeitung.ch\/news\/2023\/04\/tod-der-alphornvirtuosin-eliana-burki"]}]},{"@type":"ImageObject","inLanguage":"en-US","@id":"https:\/\/www.musikzeitung.ch\/news\/2023\/04\/tod-der-alphornvirtuosin-eliana-burki#primaryimage","url":"https:\/\/www.musikzeitung.ch\/wp-content\/uploads\/2023\/04\/230426burki.jpg","contentUrl":"https:\/\/www.musikzeitung.ch\/wp-content\/uploads\/2023\/04\/230426burki.jpg","width":1262,"height":703,"caption":"Eliana Burki (Photo: zVg)"},{"@type":"BreadcrumbList","@id":"https:\/\/www.musikzeitung.ch\/news\/2023\/04\/tod-der-alphornvirtuosin-eliana-burki#breadcrumb","itemListElement":[{"@type":"ListItem","position":1,"name":"Home","item":"https:\/\/www.musikzeitung.ch\/"},{"@type":"ListItem","position":2,"name":"Tod der Alphornvirtuosin Eliana Burki"}]},{"@type":"WebSite","@id":"https:\/\/www.musikzeitung.ch\/#website","url":"https:\/\/www.musikzeitung.ch\/","name":"Swiss Music Newspaper","description":"The leading interdisciplinary monthly newspaper in Switzerland for musical issues.","publisher":{"@id":"https:\/\/www.musikzeitung.ch\/#organization"},"potentialAction":[{"@type":"SearchAction","target":{"@type":"EntryPoint","urlTemplate":"https:\/\/www.musikzeitung.ch\/?s={search_term_string}"},"query-input":{"@type":"PropertyValueSpecification","valueRequired":true,"valueName":"search_term_string"}}],"inLanguage":"en-US"},{"@type":"Organization","@id":"https:\/\/www.musikzeitung.ch\/#organization","name":"Swiss Music Newspaper","url":"https:\/\/www.musikzeitung.ch\/","logo":{"@type":"ImageObject","inLanguage":"en-US","@id":"https:\/\/www.musikzeitung.ch\/#\/schema\/logo\/image\/","url":"https:\/\/www.musikzeitung.ch\/wp-content\/uploads\/2023\/01\/SMZ_Schriftzug_Sprache.png","contentUrl":"https:\/\/www.musikzeitung.ch\/wp-content\/uploads\/2023\/01\/SMZ_Schriftzug_Sprache.png","width":1400,"height":279,"caption":"Schweizer Musikzeitung"},"image":{"@id":"https:\/\/www.musikzeitung.ch\/#\/schema\/logo\/image\/"},"sameAs":["https:\/\/www.facebook.com\/SchweizerMusikzeitung\/","https:\/\/x.com\/smusikzeitung","https:\/\/www.instagram.com\/musikzeitung.ch\/"]},{"@type":"Person","@id":"https:\/\/www.musikzeitung.ch\/#\/schema\/person\/0da4fb82d243f1252850a35d0e87cf0c","name":"Wolfgang B\u00f6hler","image":{"@type":"ImageObject","inLanguage":"en-US","@id":"https:\/\/www.musikzeitung.ch\/wp-content\/uploads\/2023\/01\/boehler_portraet_web-e1674139782246-96x96.jpg","url":"https:\/\/www.musikzeitung.ch\/wp-content\/uploads\/2023\/01\/boehler_portraet_web-e1674139782246-96x96.jpg","contentUrl":"https:\/\/www.musikzeitung.ch\/wp-content\/uploads\/2023\/01\/boehler_portraet_web-e1674139782246-96x96.jpg","caption":"Wolfgang B\u00f6hler"},"sameAs":["http:\/\/www.manacanto.ch","https:\/\/www.facebook.com\/wolfgang.bohler.75"],"url":"https:\/\/www.musikzeitung.ch\/en\/author\/wolfgang-boehler"}]}},"publishpress_future_workflow_manual_trigger":{"enabledWorkflows":[]},"_links":{"self":[{"href":"https:\/\/www.musikzeitung.ch\/en\/wp-json\/wp\/v2\/posts\/44105","targetHints":{"allow":["GET"]}}],"collection":[{"href":"https:\/\/www.musikzeitung.ch\/en\/wp-json\/wp\/v2\/posts"}],"about":[{"href":"https:\/\/www.musikzeitung.ch\/en\/wp-json\/wp\/v2\/types\/post"}],"author":[{"embeddable":true,"href":"https:\/\/www.musikzeitung.ch\/en\/wp-json\/wp\/v2\/users\/30"}],"replies":[{"embeddable":true,"href":"https:\/\/www.musikzeitung.ch\/en\/wp-json\/wp\/v2\/comments?post=44105"}],"version-history":[{"count":2,"href":"https:\/\/www.musikzeitung.ch\/en\/wp-json\/wp\/v2\/posts\/44105\/revisions"}],"predecessor-version":[{"id":44108,"href":"https:\/\/www.musikzeitung.ch\/en\/wp-json\/wp\/v2\/posts\/44105\/revisions\/44108"}],"wp:featuredmedia":[{"embeddable":true,"href":"https:\/\/www.musikzeitung.ch\/en\/wp-json\/wp\/v2\/media\/44106"}],"wp:attachment":[{"href":"https:\/\/www.musikzeitung.ch\/en\/wp-json\/wp\/v2\/media?parent=44105"}],"wp:term":[{"taxonomy":"category","embeddable":true,"href":"https:\/\/www.musikzeitung.ch\/en\/wp-json\/wp\/v2\/categories?post=44105"},{"taxonomy":"post_tag","embeddable":true,"href":"https:\/\/www.musikzeitung.ch\/en\/wp-json\/wp\/v2\/tags?post=44105"}],"curies":[{"name":"wp","href":"https:\/\/api.w.org\/{rel}","templated":true}]}}