{"id":44377,"date":"2023-05-04T15:02:57","date_gmt":"2023-05-04T13:02:57","guid":{"rendered":"https:\/\/www.musikzeitung.ch\/?p=44377"},"modified":"2023-05-01T15:15:58","modified_gmt":"2023-05-01T13:15:58","slug":"abel-konzert","status":"publish","type":"post","link":"https:\/\/www.musikzeitung.ch\/en\/rezensionen\/noten-rezensionen\/2023\/05\/abel-konzert","title":{"rendered":"Important first edition for cello"},"content":{"rendered":"<figure id=\"attachment_44381\" aria-describedby=\"caption-attachment-44381\" style=\"width: 778px\" class=\"wp-caption alignnone\"><img loading=\"lazy\" decoding=\"async\" class=\"wp-image-44381 size-full\" src=\"https:\/\/www.musikzeitung.ch\/wp-content\/uploads\/2023\/05\/Carl_Friedrich_Abel.jpg\" alt=\"\" width=\"778\" height=\"540\" srcset=\"https:\/\/www.musikzeitung.ch\/wp-content\/uploads\/2023\/05\/Carl_Friedrich_Abel.jpg 778w, https:\/\/www.musikzeitung.ch\/wp-content\/uploads\/2023\/05\/Carl_Friedrich_Abel-300x208.jpg 300w, https:\/\/www.musikzeitung.ch\/wp-content\/uploads\/2023\/05\/Carl_Friedrich_Abel-768x533.jpg 768w, https:\/\/www.musikzeitung.ch\/wp-content\/uploads\/2023\/05\/Carl_Friedrich_Abel-252x175.jpg 252w, https:\/\/www.musikzeitung.ch\/wp-content\/uploads\/2023\/05\/Carl_Friedrich_Abel-504x350.jpg 504w\" sizes=\"auto, (max-width: 778px) 100vw, 778px\" \/><figcaption id=\"caption-attachment-44381\" class=\"wp-caption-text\">Carl Friedrich Abel, oil painting by Thomas Gainsborough, 1777. source: <a href=\"https:\/\/commons.wikimedia.org\/wiki\/File:Carl_Friedrich_Abel.jpg\" target=\"_blank\" rel=\"noopener\">The Huntington Library\/wikimedia commons<\/a><\/figcaption><\/figure>\n<p>The composer Carl Friedrich Abel was born in K\u00f6then 300 years ago (died in London in 1787). His father was a violinist and gambist. The latter instrument was decisive for his son's career. After an engagement at the Dresden court, Abel's circumstances from 1755 onwards are unclear. He probably left Saxony due to the turmoil of the Seven Years' War and made his way to London via France, where he enjoyed great success as a viola da gamba virtuoso from 1759. Together with Johann Sebastian Bach's youngest son, Johann Christian, he founded the successful Bach Abel Concerts. In 1782, he spent an extended period at the royal court in Potsdam. Crown Prince Frederick William, the nephew of Frederick the Great, was, like his uncle, an enthusiastic music lover, played the cello himself and was a pupil of Jean-Pierre Duport, among others. Wolfgang Amadeus Mozart composed the Prussian String Quartets K. 575, 589 and 590 for him.<\/p>\n<p>Abel probably wrote the three-movement, approximately 20-minute Cello Concerto No. 2 in C major, composed in 1782, for Friedrich Wilhelm. However, there is no evidence of a performance by him. With two oboes, two horns and strings, the orchestration corresponds entirely to the classical model. The first movement (Allegro maestoso) is the most conventional in terms of its structure (sonata form). In contrast, the second and third movements offer surprises: in the Adagio ma non troppo (F major), the composer achieves an astonishing sound effect with the solo use of the horns. Two different versions of the third movement have survived. An Allegro in 6\/8 time was replaced by a Rondeau - Tempo di Minuetto. This was possibly due to the somewhat conservative taste at the Berlin court. In addition, two of Abel's original cadenzas have been preserved in manuscript.<\/p>\n<p>Abel's second cello concerto is in no way inferior to the better-known works by Carl Philipp Emanuel Bach, Joseph Haydn or Luigi Boccherini and can be regarded as a significant enrichment of the classical cello literature. With a range from C to g2, Abel skillfully exploits the possibilities of the instrument and offers the performers a rich palette of virtuoso and lyrical expression.<\/p>\n<p>Bruno Delepelaire, principal cellist of the Berliner Philharmoniker, has masterfully recorded this work with the Berlin Baroque Soloists on the H\u00e4nssler classic label. It is very pleasing that both versions of the third movement can be heard. The sheet music edition by Markus M\u00f6llenbeck contains a detailed preface on the history of the concerto's composition as well as practical performance notes. The piano reduction was written by Ulrich L\u00fcdering.<\/p>\n<p><em><img loading=\"lazy\" decoding=\"async\" class=\"aligncenter wp-image-44369 size-medium\" src=\"https:\/\/www.musikzeitung.ch\/wp-content\/uploads\/2023\/05\/05_crit_note_Cello_Abel-207x300.jpg\" alt=\"\" width=\"207\" height=\"300\" srcset=\"https:\/\/www.musikzeitung.ch\/wp-content\/uploads\/2023\/05\/05_crit_note_Cello_Abel-207x300.jpg 207w, https:\/\/www.musikzeitung.ch\/wp-content\/uploads\/2023\/05\/05_crit_note_Cello_Abel-705x1024.jpg 705w, https:\/\/www.musikzeitung.ch\/wp-content\/uploads\/2023\/05\/05_crit_note_Cello_Abel-768x1116.jpg 768w, https:\/\/www.musikzeitung.ch\/wp-content\/uploads\/2023\/05\/05_crit_note_Cello_Abel-120x175.jpg 120w, https:\/\/www.musikzeitung.ch\/wp-content\/uploads\/2023\/05\/05_crit_note_Cello_Abel-241x350.jpg 241w, https:\/\/www.musikzeitung.ch\/wp-content\/uploads\/2023\/05\/05_crit_note_Cello_Abel-551x800.jpg 551w, https:\/\/www.musikzeitung.ch\/wp-content\/uploads\/2023\/05\/05_crit_note_Cello_Abel-300x436.jpg 300w, https:\/\/www.musikzeitung.ch\/wp-content\/uploads\/2023\/05\/05_crit_note_Cello_Abel.jpg 688w\" sizes=\"auto, (max-width: 207px) 100vw, 207px\" \/>Carl Friedrich Abel: Cello Concerto No. 2 in C major, WKO 60, edited by Markus M\u00f6llenbeck, piano reduction, EW1112, \u20ac 24.80, Edition Walhall, Magdeburg<\/em><\/p>","protected":false},"excerpt":{"rendered":"<p>The second concerto by Carl Friedrich Abel is a valuable addition to the classical cello repertoire, on a par with the works of C. P. E. Bach, Haydn or Boccherini.<\/p>","protected":false},"author":29,"featured_media":44381,"comment_status":"closed","ping_status":"closed","sticky":false,"template":"","format":"standard","meta":{"_acf_changed":false,"_relevanssi_hide_post":"","_relevanssi_hide_content":"","_relevanssi_pin_for_all":"","_relevanssi_pin_keywords":"","_relevanssi_unpin_keywords":"","_relevanssi_related_keywords":"","_relevanssi_related_include_ids":"","_relevanssi_related_exclude_ids":"","_relevanssi_related_no_append":"","_relevanssi_related_not_related":"","_relevanssi_related_posts":"","_relevanssi_noindex_reason":"","pgc_sgb_lightbox_settings":"","footnotes":""},"categories":[1316,29],"tags":[2401,2403,2404,2402,2042],"class_list":["post-44377","post","type-post","status-publish","format-standard","has-post-thumbnail","hentry","category-noten-rezensionen","category-rezensionen","tag-carl-friedrich-abel","tag-erstausgabe","tag-konzert","tag-lehel-donath","tag-violoncello"],"acf":[],"yoast_head":"<!-- This site is optimized with the Yoast SEO plugin v27.4 - https:\/\/yoast.com\/product\/yoast-seo-wordpress\/ -->\n<title>Bedeutende Erstausgabe f\u00fcr Cello - Schweizer Musikzeitung<\/title>\n<meta name=\"robots\" content=\"index, follow, max-snippet:-1, max-image-preview:large, max-video-preview:-1\" \/>\n<link rel=\"canonical\" href=\"https:\/\/www.musikzeitung.ch\/en\/rezensionen\/noten-rezensionen\/2023\/05\/abel-konzert\/\" \/>\n<meta property=\"og:locale\" content=\"en_US\" \/>\n<meta property=\"og:type\" content=\"article\" \/>\n<meta property=\"og:title\" content=\"Bedeutende Erstausgabe f\u00fcr Cello - Schweizer Musikzeitung\" \/>\n<meta property=\"og:description\" content=\"Das zweite Konzert von Carl Friedrich Abel ist eine wertvolle Erg\u00e4nzung des klassischen Violoncello-Repertoires, auf Augenh\u00f6he mit den Werken von C. P. E. Bach, Haydn oder Boccherini.\" \/>\n<meta property=\"og:url\" content=\"https:\/\/www.musikzeitung.ch\/en\/rezensionen\/noten-rezensionen\/2023\/05\/abel-konzert\/\" \/>\n<meta property=\"og:site_name\" content=\"Schweizer Musikzeitung\" \/>\n<meta property=\"article:publisher\" content=\"https:\/\/www.facebook.com\/SchweizerMusikzeitung\/\" \/>\n<meta property=\"article:published_time\" content=\"2023-05-04T13:02:57+00:00\" \/>\n<meta property=\"og:image\" content=\"https:\/\/www.musikzeitung.ch\/wp-content\/uploads\/2023\/05\/Carl_Friedrich_Abel.jpg\" \/>\n\t<meta property=\"og:image:width\" content=\"778\" \/>\n\t<meta property=\"og:image:height\" content=\"540\" \/>\n\t<meta property=\"og:image:type\" content=\"image\/jpeg\" \/>\n<meta name=\"author\" content=\"pia.schwab\" \/>\n<meta name=\"twitter:card\" content=\"summary_large_image\" \/>\n<meta name=\"twitter:creator\" content=\"@smusikzeitung\" \/>\n<meta name=\"twitter:site\" content=\"@smusikzeitung\" \/>\n<meta name=\"twitter:label1\" content=\"Written by\" \/>\n\t<meta name=\"twitter:data1\" content=\"pia.schwab\" \/>\n\t<meta name=\"twitter:label2\" content=\"Est. reading time\" \/>\n\t<meta name=\"twitter:data2\" content=\"3 minutes\" \/>\n<script type=\"application\/ld+json\" class=\"yoast-schema-graph\">{\"@context\":\"https:\\\/\\\/schema.org\",\"@graph\":[{\"@type\":\"Article\",\"@id\":\"https:\\\/\\\/www.musikzeitung.ch\\\/rezensionen\\\/noten-rezensionen\\\/2023\\\/05\\\/abel-konzert#article\",\"isPartOf\":{\"@id\":\"https:\\\/\\\/www.musikzeitung.ch\\\/rezensionen\\\/noten-rezensionen\\\/2023\\\/05\\\/abel-konzert\"},\"author\":{\"name\":\"pia.schwab\",\"@id\":\"https:\\\/\\\/www.musikzeitung.ch\\\/#\\\/schema\\\/person\\\/ea3d7b86bd7157c78c7ddd37f2f82b5b\"},\"headline\":\"Bedeutende Erstausgabe f\u00fcr Cello\",\"datePublished\":\"2023-05-04T13:02:57+00:00\",\"mainEntityOfPage\":{\"@id\":\"https:\\\/\\\/www.musikzeitung.ch\\\/rezensionen\\\/noten-rezensionen\\\/2023\\\/05\\\/abel-konzert\"},\"wordCount\":422,\"publisher\":{\"@id\":\"https:\\\/\\\/www.musikzeitung.ch\\\/#organization\"},\"image\":{\"@id\":\"https:\\\/\\\/www.musikzeitung.ch\\\/rezensionen\\\/noten-rezensionen\\\/2023\\\/05\\\/abel-konzert#primaryimage\"},\"thumbnailUrl\":\"https:\\\/\\\/www.musikzeitung.ch\\\/wp-content\\\/uploads\\\/2023\\\/05\\\/Carl_Friedrich_Abel.jpg\",\"keywords\":[\"Carl Friedrich Abel\",\"Erstausgabe\",\"Konzert\",\"Lehel Donath\",\"Violoncello\"],\"articleSection\":[\"Noten\",\"Rezensionen\"],\"inLanguage\":\"en-US\"},{\"@type\":\"WebPage\",\"@id\":\"https:\\\/\\\/www.musikzeitung.ch\\\/rezensionen\\\/noten-rezensionen\\\/2023\\\/05\\\/abel-konzert\",\"url\":\"https:\\\/\\\/www.musikzeitung.ch\\\/rezensionen\\\/noten-rezensionen\\\/2023\\\/05\\\/abel-konzert\",\"name\":\"Bedeutende Erstausgabe f\u00fcr Cello - Schweizer Musikzeitung\",\"isPartOf\":{\"@id\":\"https:\\\/\\\/www.musikzeitung.ch\\\/#website\"},\"primaryImageOfPage\":{\"@id\":\"https:\\\/\\\/www.musikzeitung.ch\\\/rezensionen\\\/noten-rezensionen\\\/2023\\\/05\\\/abel-konzert#primaryimage\"},\"image\":{\"@id\":\"https:\\\/\\\/www.musikzeitung.ch\\\/rezensionen\\\/noten-rezensionen\\\/2023\\\/05\\\/abel-konzert#primaryimage\"},\"thumbnailUrl\":\"https:\\\/\\\/www.musikzeitung.ch\\\/wp-content\\\/uploads\\\/2023\\\/05\\\/Carl_Friedrich_Abel.jpg\",\"datePublished\":\"2023-05-04T13:02:57+00:00\",\"breadcrumb\":{\"@id\":\"https:\\\/\\\/www.musikzeitung.ch\\\/rezensionen\\\/noten-rezensionen\\\/2023\\\/05\\\/abel-konzert#breadcrumb\"},\"inLanguage\":\"en-US\",\"potentialAction\":[{\"@type\":\"ReadAction\",\"target\":[\"https:\\\/\\\/www.musikzeitung.ch\\\/rezensionen\\\/noten-rezensionen\\\/2023\\\/05\\\/abel-konzert\"]}]},{\"@type\":\"ImageObject\",\"inLanguage\":\"en-US\",\"@id\":\"https:\\\/\\\/www.musikzeitung.ch\\\/rezensionen\\\/noten-rezensionen\\\/2023\\\/05\\\/abel-konzert#primaryimage\",\"url\":\"https:\\\/\\\/www.musikzeitung.ch\\\/wp-content\\\/uploads\\\/2023\\\/05\\\/Carl_Friedrich_Abel.jpg\",\"contentUrl\":\"https:\\\/\\\/www.musikzeitung.ch\\\/wp-content\\\/uploads\\\/2023\\\/05\\\/Carl_Friedrich_Abel.jpg\",\"width\":778,\"height\":540},{\"@type\":\"BreadcrumbList\",\"@id\":\"https:\\\/\\\/www.musikzeitung.ch\\\/rezensionen\\\/noten-rezensionen\\\/2023\\\/05\\\/abel-konzert#breadcrumb\",\"itemListElement\":[{\"@type\":\"ListItem\",\"position\":1,\"name\":\"Home\",\"item\":\"https:\\\/\\\/www.musikzeitung.ch\\\/\"},{\"@type\":\"ListItem\",\"position\":2,\"name\":\"Bedeutende Erstausgabe f\u00fcr Cello\"}]},{\"@type\":\"WebSite\",\"@id\":\"https:\\\/\\\/www.musikzeitung.ch\\\/#website\",\"url\":\"https:\\\/\\\/www.musikzeitung.ch\\\/\",\"name\":\"Schweizer Musikzeitung\",\"description\":\"Die f\u00fchrende sparten\u00fcbergreifende Monatszeitung in der Schweiz f\u00fcr musikalische Fragen.\",\"publisher\":{\"@id\":\"https:\\\/\\\/www.musikzeitung.ch\\\/#organization\"},\"potentialAction\":[{\"@type\":\"SearchAction\",\"target\":{\"@type\":\"EntryPoint\",\"urlTemplate\":\"https:\\\/\\\/www.musikzeitung.ch\\\/?s={search_term_string}\"},\"query-input\":{\"@type\":\"PropertyValueSpecification\",\"valueRequired\":true,\"valueName\":\"search_term_string\"}}],\"inLanguage\":\"en-US\"},{\"@type\":\"Organization\",\"@id\":\"https:\\\/\\\/www.musikzeitung.ch\\\/#organization\",\"name\":\"Schweizer Musikzeitung\",\"url\":\"https:\\\/\\\/www.musikzeitung.ch\\\/\",\"logo\":{\"@type\":\"ImageObject\",\"inLanguage\":\"en-US\",\"@id\":\"https:\\\/\\\/www.musikzeitung.ch\\\/#\\\/schema\\\/logo\\\/image\\\/\",\"url\":\"https:\\\/\\\/www.musikzeitung.ch\\\/wp-content\\\/uploads\\\/2023\\\/01\\\/SMZ_Schriftzug_Sprache.png\",\"contentUrl\":\"https:\\\/\\\/www.musikzeitung.ch\\\/wp-content\\\/uploads\\\/2023\\\/01\\\/SMZ_Schriftzug_Sprache.png\",\"width\":1400,\"height\":279,\"caption\":\"Schweizer Musikzeitung\"},\"image\":{\"@id\":\"https:\\\/\\\/www.musikzeitung.ch\\\/#\\\/schema\\\/logo\\\/image\\\/\"},\"sameAs\":[\"https:\\\/\\\/www.facebook.com\\\/SchweizerMusikzeitung\\\/\",\"https:\\\/\\\/x.com\\\/smusikzeitung\",\"https:\\\/\\\/www.instagram.com\\\/musikzeitung.ch\\\/\"]},{\"@type\":\"Person\",\"@id\":\"https:\\\/\\\/www.musikzeitung.ch\\\/#\\\/schema\\\/person\\\/ea3d7b86bd7157c78c7ddd37f2f82b5b\",\"name\":\"pia.schwab\",\"image\":{\"@type\":\"ImageObject\",\"inLanguage\":\"en-US\",\"@id\":\"https:\\\/\\\/secure.gravatar.com\\\/avatar\\\/d39d170de4c2d07e897fbc26cf9d890fc046285c742207b86d8ebabe5fcde2c4?s=96&d=mm&r=g\",\"url\":\"https:\\\/\\\/secure.gravatar.com\\\/avatar\\\/d39d170de4c2d07e897fbc26cf9d890fc046285c742207b86d8ebabe5fcde2c4?s=96&d=mm&r=g\",\"contentUrl\":\"https:\\\/\\\/secure.gravatar.com\\\/avatar\\\/d39d170de4c2d07e897fbc26cf9d890fc046285c742207b86d8ebabe5fcde2c4?s=96&d=mm&r=g\",\"caption\":\"pia.schwab\"},\"url\":\"https:\\\/\\\/www.musikzeitung.ch\\\/en\\\/author\\\/pia-schwab\"}]}<\/script>\n<!-- \/ Yoast SEO plugin. -->","yoast_head_json":{"title":"Important first edition for cello - Schweizer Musikzeitung","robots":{"index":"index","follow":"follow","max-snippet":"max-snippet:-1","max-image-preview":"max-image-preview:large","max-video-preview":"max-video-preview:-1"},"canonical":"https:\/\/www.musikzeitung.ch\/en\/rezensionen\/noten-rezensionen\/2023\/05\/abel-konzert\/","og_locale":"en_US","og_type":"article","og_title":"Bedeutende Erstausgabe f\u00fcr Cello - Schweizer Musikzeitung","og_description":"Das zweite Konzert von Carl Friedrich Abel ist eine wertvolle Erg\u00e4nzung des klassischen Violoncello-Repertoires, auf Augenh\u00f6he mit den Werken von C. P. E. Bach, Haydn oder Boccherini.","og_url":"https:\/\/www.musikzeitung.ch\/en\/rezensionen\/noten-rezensionen\/2023\/05\/abel-konzert\/","og_site_name":"Schweizer Musikzeitung","article_publisher":"https:\/\/www.facebook.com\/SchweizerMusikzeitung\/","article_published_time":"2023-05-04T13:02:57+00:00","og_image":[{"width":778,"height":540,"url":"https:\/\/www.musikzeitung.ch\/wp-content\/uploads\/2023\/05\/Carl_Friedrich_Abel.jpg","type":"image\/jpeg"}],"author":"pia.schwab","twitter_card":"summary_large_image","twitter_creator":"@smusikzeitung","twitter_site":"@smusikzeitung","twitter_misc":{"Written by":"pia.schwab","Est. reading time":"3 minutes"},"schema":{"@context":"https:\/\/schema.org","@graph":[{"@type":"Article","@id":"https:\/\/www.musikzeitung.ch\/rezensionen\/noten-rezensionen\/2023\/05\/abel-konzert#article","isPartOf":{"@id":"https:\/\/www.musikzeitung.ch\/rezensionen\/noten-rezensionen\/2023\/05\/abel-konzert"},"author":{"name":"pia.schwab","@id":"https:\/\/www.musikzeitung.ch\/#\/schema\/person\/ea3d7b86bd7157c78c7ddd37f2f82b5b"},"headline":"Bedeutende Erstausgabe f\u00fcr Cello","datePublished":"2023-05-04T13:02:57+00:00","mainEntityOfPage":{"@id":"https:\/\/www.musikzeitung.ch\/rezensionen\/noten-rezensionen\/2023\/05\/abel-konzert"},"wordCount":422,"publisher":{"@id":"https:\/\/www.musikzeitung.ch\/#organization"},"image":{"@id":"https:\/\/www.musikzeitung.ch\/rezensionen\/noten-rezensionen\/2023\/05\/abel-konzert#primaryimage"},"thumbnailUrl":"https:\/\/www.musikzeitung.ch\/wp-content\/uploads\/2023\/05\/Carl_Friedrich_Abel.jpg","keywords":["Carl Friedrich Abel","Erstausgabe","Konzert","Lehel Donath","Violoncello"],"articleSection":["Noten","Rezensionen"],"inLanguage":"en-US"},{"@type":"WebPage","@id":"https:\/\/www.musikzeitung.ch\/rezensionen\/noten-rezensionen\/2023\/05\/abel-konzert","url":"https:\/\/www.musikzeitung.ch\/rezensionen\/noten-rezensionen\/2023\/05\/abel-konzert","name":"Important first edition for cello - Schweizer Musikzeitung","isPartOf":{"@id":"https:\/\/www.musikzeitung.ch\/#website"},"primaryImageOfPage":{"@id":"https:\/\/www.musikzeitung.ch\/rezensionen\/noten-rezensionen\/2023\/05\/abel-konzert#primaryimage"},"image":{"@id":"https:\/\/www.musikzeitung.ch\/rezensionen\/noten-rezensionen\/2023\/05\/abel-konzert#primaryimage"},"thumbnailUrl":"https:\/\/www.musikzeitung.ch\/wp-content\/uploads\/2023\/05\/Carl_Friedrich_Abel.jpg","datePublished":"2023-05-04T13:02:57+00:00","breadcrumb":{"@id":"https:\/\/www.musikzeitung.ch\/rezensionen\/noten-rezensionen\/2023\/05\/abel-konzert#breadcrumb"},"inLanguage":"en-US","potentialAction":[{"@type":"ReadAction","target":["https:\/\/www.musikzeitung.ch\/rezensionen\/noten-rezensionen\/2023\/05\/abel-konzert"]}]},{"@type":"ImageObject","inLanguage":"en-US","@id":"https:\/\/www.musikzeitung.ch\/rezensionen\/noten-rezensionen\/2023\/05\/abel-konzert#primaryimage","url":"https:\/\/www.musikzeitung.ch\/wp-content\/uploads\/2023\/05\/Carl_Friedrich_Abel.jpg","contentUrl":"https:\/\/www.musikzeitung.ch\/wp-content\/uploads\/2023\/05\/Carl_Friedrich_Abel.jpg","width":778,"height":540},{"@type":"BreadcrumbList","@id":"https:\/\/www.musikzeitung.ch\/rezensionen\/noten-rezensionen\/2023\/05\/abel-konzert#breadcrumb","itemListElement":[{"@type":"ListItem","position":1,"name":"Home","item":"https:\/\/www.musikzeitung.ch\/"},{"@type":"ListItem","position":2,"name":"Bedeutende Erstausgabe f\u00fcr Cello"}]},{"@type":"WebSite","@id":"https:\/\/www.musikzeitung.ch\/#website","url":"https:\/\/www.musikzeitung.ch\/","name":"Swiss Music Newspaper","description":"The leading interdisciplinary monthly newspaper in Switzerland for musical issues.","publisher":{"@id":"https:\/\/www.musikzeitung.ch\/#organization"},"potentialAction":[{"@type":"SearchAction","target":{"@type":"EntryPoint","urlTemplate":"https:\/\/www.musikzeitung.ch\/?s={search_term_string}"},"query-input":{"@type":"PropertyValueSpecification","valueRequired":true,"valueName":"search_term_string"}}],"inLanguage":"en-US"},{"@type":"Organization","@id":"https:\/\/www.musikzeitung.ch\/#organization","name":"Swiss Music Newspaper","url":"https:\/\/www.musikzeitung.ch\/","logo":{"@type":"ImageObject","inLanguage":"en-US","@id":"https:\/\/www.musikzeitung.ch\/#\/schema\/logo\/image\/","url":"https:\/\/www.musikzeitung.ch\/wp-content\/uploads\/2023\/01\/SMZ_Schriftzug_Sprache.png","contentUrl":"https:\/\/www.musikzeitung.ch\/wp-content\/uploads\/2023\/01\/SMZ_Schriftzug_Sprache.png","width":1400,"height":279,"caption":"Schweizer Musikzeitung"},"image":{"@id":"https:\/\/www.musikzeitung.ch\/#\/schema\/logo\/image\/"},"sameAs":["https:\/\/www.facebook.com\/SchweizerMusikzeitung\/","https:\/\/x.com\/smusikzeitung","https:\/\/www.instagram.com\/musikzeitung.ch\/"]},{"@type":"Person","@id":"https:\/\/www.musikzeitung.ch\/#\/schema\/person\/ea3d7b86bd7157c78c7ddd37f2f82b5b","name":"pia.schwab","image":{"@type":"ImageObject","inLanguage":"en-US","@id":"https:\/\/secure.gravatar.com\/avatar\/d39d170de4c2d07e897fbc26cf9d890fc046285c742207b86d8ebabe5fcde2c4?s=96&d=mm&r=g","url":"https:\/\/secure.gravatar.com\/avatar\/d39d170de4c2d07e897fbc26cf9d890fc046285c742207b86d8ebabe5fcde2c4?s=96&d=mm&r=g","contentUrl":"https:\/\/secure.gravatar.com\/avatar\/d39d170de4c2d07e897fbc26cf9d890fc046285c742207b86d8ebabe5fcde2c4?s=96&d=mm&r=g","caption":"pia.schwab"},"url":"https:\/\/www.musikzeitung.ch\/en\/author\/pia-schwab"}]}},"publishpress_future_workflow_manual_trigger":{"enabledWorkflows":[]},"_links":{"self":[{"href":"https:\/\/www.musikzeitung.ch\/en\/wp-json\/wp\/v2\/posts\/44377","targetHints":{"allow":["GET"]}}],"collection":[{"href":"https:\/\/www.musikzeitung.ch\/en\/wp-json\/wp\/v2\/posts"}],"about":[{"href":"https:\/\/www.musikzeitung.ch\/en\/wp-json\/wp\/v2\/types\/post"}],"author":[{"embeddable":true,"href":"https:\/\/www.musikzeitung.ch\/en\/wp-json\/wp\/v2\/users\/29"}],"replies":[{"embeddable":true,"href":"https:\/\/www.musikzeitung.ch\/en\/wp-json\/wp\/v2\/comments?post=44377"}],"version-history":[{"count":1,"href":"https:\/\/www.musikzeitung.ch\/en\/wp-json\/wp\/v2\/posts\/44377\/revisions"}],"predecessor-version":[{"id":44385,"href":"https:\/\/www.musikzeitung.ch\/en\/wp-json\/wp\/v2\/posts\/44377\/revisions\/44385"}],"wp:featuredmedia":[{"embeddable":true,"href":"https:\/\/www.musikzeitung.ch\/en\/wp-json\/wp\/v2\/media\/44381"}],"wp:attachment":[{"href":"https:\/\/www.musikzeitung.ch\/en\/wp-json\/wp\/v2\/media?parent=44377"}],"wp:term":[{"taxonomy":"category","embeddable":true,"href":"https:\/\/www.musikzeitung.ch\/en\/wp-json\/wp\/v2\/categories?post=44377"},{"taxonomy":"post_tag","embeddable":true,"href":"https:\/\/www.musikzeitung.ch\/en\/wp-json\/wp\/v2\/tags?post=44377"}],"curies":[{"name":"wp","href":"https:\/\/api.w.org\/{rel}","templated":true}]}}