{"id":44600,"date":"2023-05-15T06:29:39","date_gmt":"2023-05-15T04:29:39","guid":{"rendered":"https:\/\/www.musikzeitung.ch\/?p=44600"},"modified":"2023-05-15T06:29:39","modified_gmt":"2023-05-15T04:29:39","slug":"gema-modernisiert-verteilung-im-wachstumsmarkt-online","status":"publish","type":"post","link":"https:\/\/www.musikzeitung.ch\/en\/news\/2023\/05\/gema-modernisiert-verteilung-im-wachstumsmarkt-online","title":{"rendered":"GEMA modernizes distribution in the online growth market"},"content":{"rendered":"<figure id=\"attachment_44601\" aria-describedby=\"caption-attachment-44601\" style=\"width: 564px\" class=\"wp-caption aligncenter\"><img loading=\"lazy\" decoding=\"async\" class=\"wp-image-44601\" src=\"https:\/\/www.musikzeitung.ch\/wp-content\/uploads\/2023\/05\/230515gema.jpg\" alt=\"\" width=\"564\" height=\"332\" srcset=\"https:\/\/www.musikzeitung.ch\/wp-content\/uploads\/2023\/05\/230515gema.jpg 971w, https:\/\/www.musikzeitung.ch\/wp-content\/uploads\/2023\/05\/230515gema-300x177.jpg 300w, https:\/\/www.musikzeitung.ch\/wp-content\/uploads\/2023\/05\/230515gema-768x452.jpg 768w, https:\/\/www.musikzeitung.ch\/wp-content\/uploads\/2023\/05\/230515gema-297x175.jpg 297w, https:\/\/www.musikzeitung.ch\/wp-content\/uploads\/2023\/05\/230515gema-594x350.jpg 594w, https:\/\/www.musikzeitung.ch\/wp-content\/uploads\/2023\/05\/230515gema-920x542.jpg 920w\" sizes=\"auto, (max-width: 564px) 100vw, 564px\" \/><figcaption id=\"caption-attachment-44601\" class=\"wp-caption-text\">Gema general meeting (Image: Gema)<\/figcaption><\/figure>\n<p>The German GEMA (Gesellschaft f\u00fcr musikalische Auff\u00fchrungs- und mechanische Vervielf\u00e4ltigungsrechte - Society for Musical Performing and Mechanical Reproduction Rights) has adopted several amendments to its rules and regulations at its General Assembly which affect various aspects of the online use of music. Against the backdrop of new general agreements, two motions dealt with the online offerings of broadcasting companies: To ensure that broadcasters can easily and legally access GEMA repertoire for productions for their increasingly relevant media libraries, the prerequisites have been created for granting production rights for this area from a single source in future.<\/p>\n<p>At the same time, the General Assembly adopted rules for a separate distribution for media library usage. The distribution for social media platforms was fundamentally further developed so that the income that GEMA generates from YouTube and other platforms can be distributed even more usage-based in future. The General Assembly also set the course for cultural promotion with a special focus on the growing online sector.<\/p>\n<p>The development of artificial intelligence was also hotly debated. GEMA is already using it in certain areas, such as the duplicate detection of setlists. The use of data to train the AI software is a major challenge. Ralf Weigand, Chairman of the GEMA Supervisory Board, emphasized that it must be clear whether a human or a machine has created content.<\/p>\n<p><strong>Original article:<\/strong><br \/>\n<a href=\"https:\/\/www.gema.de\/de\/w\/mitgliederversammlung-2023-gema-modernisiert-verteilung-im-wachstumsmarkt-online-und-setzt-zeichen-fur-kulturforderung-1\">https:\/\/www.gema.de\/de\/w\/mitgliederversammlung-2023-gema-modernisiert-verteilung-im-wachstumsmarkt-online-und-setzt-zeichen-fur-kulturforderung-1<\/a><\/p>","protected":false},"excerpt":{"rendered":"<p>GEMA presents a new concept for promoting culture in the growing online market. It also looks at the opportunities and challenges of artificial intelligence in the creative process. <\/p>","protected":false},"author":30,"featured_media":44601,"comment_status":"closed","ping_status":"closed","sticky":false,"template":"","format":"standard","meta":{"_acf_changed":false,"_relevanssi_hide_post":"","_relevanssi_hide_content":"","_relevanssi_pin_for_all":"","_relevanssi_pin_keywords":"","_relevanssi_unpin_keywords":"","_relevanssi_related_keywords":"","_relevanssi_related_include_ids":"","_relevanssi_related_exclude_ids":"","_relevanssi_related_no_append":"","_relevanssi_related_not_related":"","_relevanssi_related_posts":"","_relevanssi_noindex_reason":"","pgc_sgb_lightbox_settings":"","footnotes":""},"categories":[27],"tags":[2444,2445,2446],"class_list":["post-44600","post","type-post","status-publish","format-standard","has-post-thumbnail","hentry","category-news","tag-gema","tag-kuenstliche-intelligenz","tag-onlinenutzung"],"acf":[],"yoast_head":"<!-- This site is optimized with the Yoast SEO plugin v27.4 - https:\/\/yoast.com\/product\/yoast-seo-wordpress\/ -->\n<title>GEMA modernisiert Verteilung im Wachstumsmarkt Online - Schweizer Musikzeitung<\/title>\n<meta name=\"robots\" content=\"index, follow, max-snippet:-1, max-image-preview:large, max-video-preview:-1\" \/>\n<link rel=\"canonical\" href=\"https:\/\/www.musikzeitung.ch\/en\/news\/2023\/05\/gema-modernisiert-verteilung-im-wachstumsmarkt-online\/\" \/>\n<meta property=\"og:locale\" content=\"en_US\" \/>\n<meta property=\"og:type\" content=\"article\" \/>\n<meta property=\"og:title\" content=\"GEMA modernisiert Verteilung im Wachstumsmarkt Online - Schweizer Musikzeitung\" \/>\n<meta property=\"og:description\" content=\"Die GEMA legt ein neues Konzept zur Kulturf\u00f6rderung im Wachstumsmarkt Online vor. Zudem stellt sie sich Chancen und Herausforderungen von K\u00fcnstlicher Intelligenz im kreativen Schaffensprozess.\" \/>\n<meta property=\"og:url\" content=\"https:\/\/www.musikzeitung.ch\/en\/news\/2023\/05\/gema-modernisiert-verteilung-im-wachstumsmarkt-online\/\" \/>\n<meta property=\"og:site_name\" content=\"Schweizer Musikzeitung\" \/>\n<meta property=\"article:publisher\" content=\"https:\/\/www.facebook.com\/SchweizerMusikzeitung\/\" \/>\n<meta property=\"article:author\" content=\"https:\/\/www.facebook.com\/wolfgang.bohler.75\" \/>\n<meta property=\"article:published_time\" content=\"2023-05-15T04:29:39+00:00\" \/>\n<meta property=\"og:image\" content=\"https:\/\/www.musikzeitung.ch\/wp-content\/uploads\/2023\/05\/230515gema.jpg\" \/>\n\t<meta property=\"og:image:width\" content=\"971\" \/>\n\t<meta property=\"og:image:height\" content=\"572\" \/>\n\t<meta property=\"og:image:type\" content=\"image\/jpeg\" \/>\n<meta name=\"author\" content=\"Wolfgang B\u00f6hler\" \/>\n<meta name=\"twitter:card\" content=\"summary_large_image\" \/>\n<meta name=\"twitter:creator\" content=\"@smusikzeitung\" \/>\n<meta name=\"twitter:site\" content=\"@smusikzeitung\" \/>\n<meta name=\"twitter:label1\" content=\"Written by\" \/>\n\t<meta name=\"twitter:data1\" content=\"Wolfgang B\u00f6hler\" \/>\n\t<meta name=\"twitter:label2\" content=\"Est. reading time\" \/>\n\t<meta name=\"twitter:data2\" content=\"2 minutes\" \/>\n<script type=\"application\/ld+json\" class=\"yoast-schema-graph\">{\"@context\":\"https:\\\/\\\/schema.org\",\"@graph\":[{\"@type\":\"Article\",\"@id\":\"https:\\\/\\\/www.musikzeitung.ch\\\/news\\\/2023\\\/05\\\/gema-modernisiert-verteilung-im-wachstumsmarkt-online#article\",\"isPartOf\":{\"@id\":\"https:\\\/\\\/www.musikzeitung.ch\\\/news\\\/2023\\\/05\\\/gema-modernisiert-verteilung-im-wachstumsmarkt-online\"},\"author\":{\"name\":\"Wolfgang B\u00f6hler\",\"@id\":\"https:\\\/\\\/www.musikzeitung.ch\\\/#\\\/schema\\\/person\\\/0da4fb82d243f1252850a35d0e87cf0c\"},\"headline\":\"GEMA modernisiert Verteilung im Wachstumsmarkt Online\",\"datePublished\":\"2023-05-15T04:29:39+00:00\",\"mainEntityOfPage\":{\"@id\":\"https:\\\/\\\/www.musikzeitung.ch\\\/news\\\/2023\\\/05\\\/gema-modernisiert-verteilung-im-wachstumsmarkt-online\"},\"wordCount\":238,\"publisher\":{\"@id\":\"https:\\\/\\\/www.musikzeitung.ch\\\/#organization\"},\"image\":{\"@id\":\"https:\\\/\\\/www.musikzeitung.ch\\\/news\\\/2023\\\/05\\\/gema-modernisiert-verteilung-im-wachstumsmarkt-online#primaryimage\"},\"thumbnailUrl\":\"https:\\\/\\\/www.musikzeitung.ch\\\/wp-content\\\/uploads\\\/2023\\\/05\\\/230515gema.jpg\",\"keywords\":[\"Gema\",\"k\u00fcnstliche Intelligenz\",\"Onlinenutzung\"],\"articleSection\":[\"News\"],\"inLanguage\":\"en-US\"},{\"@type\":\"WebPage\",\"@id\":\"https:\\\/\\\/www.musikzeitung.ch\\\/news\\\/2023\\\/05\\\/gema-modernisiert-verteilung-im-wachstumsmarkt-online\",\"url\":\"https:\\\/\\\/www.musikzeitung.ch\\\/news\\\/2023\\\/05\\\/gema-modernisiert-verteilung-im-wachstumsmarkt-online\",\"name\":\"GEMA modernisiert Verteilung im Wachstumsmarkt Online - Schweizer Musikzeitung\",\"isPartOf\":{\"@id\":\"https:\\\/\\\/www.musikzeitung.ch\\\/#website\"},\"primaryImageOfPage\":{\"@id\":\"https:\\\/\\\/www.musikzeitung.ch\\\/news\\\/2023\\\/05\\\/gema-modernisiert-verteilung-im-wachstumsmarkt-online#primaryimage\"},\"image\":{\"@id\":\"https:\\\/\\\/www.musikzeitung.ch\\\/news\\\/2023\\\/05\\\/gema-modernisiert-verteilung-im-wachstumsmarkt-online#primaryimage\"},\"thumbnailUrl\":\"https:\\\/\\\/www.musikzeitung.ch\\\/wp-content\\\/uploads\\\/2023\\\/05\\\/230515gema.jpg\",\"datePublished\":\"2023-05-15T04:29:39+00:00\",\"breadcrumb\":{\"@id\":\"https:\\\/\\\/www.musikzeitung.ch\\\/news\\\/2023\\\/05\\\/gema-modernisiert-verteilung-im-wachstumsmarkt-online#breadcrumb\"},\"inLanguage\":\"en-US\",\"potentialAction\":[{\"@type\":\"ReadAction\",\"target\":[\"https:\\\/\\\/www.musikzeitung.ch\\\/news\\\/2023\\\/05\\\/gema-modernisiert-verteilung-im-wachstumsmarkt-online\"]}]},{\"@type\":\"ImageObject\",\"inLanguage\":\"en-US\",\"@id\":\"https:\\\/\\\/www.musikzeitung.ch\\\/news\\\/2023\\\/05\\\/gema-modernisiert-verteilung-im-wachstumsmarkt-online#primaryimage\",\"url\":\"https:\\\/\\\/www.musikzeitung.ch\\\/wp-content\\\/uploads\\\/2023\\\/05\\\/230515gema.jpg\",\"contentUrl\":\"https:\\\/\\\/www.musikzeitung.ch\\\/wp-content\\\/uploads\\\/2023\\\/05\\\/230515gema.jpg\",\"width\":971,\"height\":572,\"caption\":\"Gema-Mitgliederversammlung (Bild: Gema)\"},{\"@type\":\"BreadcrumbList\",\"@id\":\"https:\\\/\\\/www.musikzeitung.ch\\\/news\\\/2023\\\/05\\\/gema-modernisiert-verteilung-im-wachstumsmarkt-online#breadcrumb\",\"itemListElement\":[{\"@type\":\"ListItem\",\"position\":1,\"name\":\"Home\",\"item\":\"https:\\\/\\\/www.musikzeitung.ch\\\/\"},{\"@type\":\"ListItem\",\"position\":2,\"name\":\"GEMA modernisiert Verteilung im Wachstumsmarkt Online\"}]},{\"@type\":\"WebSite\",\"@id\":\"https:\\\/\\\/www.musikzeitung.ch\\\/#website\",\"url\":\"https:\\\/\\\/www.musikzeitung.ch\\\/\",\"name\":\"Schweizer Musikzeitung\",\"description\":\"Die f\u00fchrende sparten\u00fcbergreifende Monatszeitung in der Schweiz f\u00fcr musikalische Fragen.\",\"publisher\":{\"@id\":\"https:\\\/\\\/www.musikzeitung.ch\\\/#organization\"},\"potentialAction\":[{\"@type\":\"SearchAction\",\"target\":{\"@type\":\"EntryPoint\",\"urlTemplate\":\"https:\\\/\\\/www.musikzeitung.ch\\\/?s={search_term_string}\"},\"query-input\":{\"@type\":\"PropertyValueSpecification\",\"valueRequired\":true,\"valueName\":\"search_term_string\"}}],\"inLanguage\":\"en-US\"},{\"@type\":\"Organization\",\"@id\":\"https:\\\/\\\/www.musikzeitung.ch\\\/#organization\",\"name\":\"Schweizer Musikzeitung\",\"url\":\"https:\\\/\\\/www.musikzeitung.ch\\\/\",\"logo\":{\"@type\":\"ImageObject\",\"inLanguage\":\"en-US\",\"@id\":\"https:\\\/\\\/www.musikzeitung.ch\\\/#\\\/schema\\\/logo\\\/image\\\/\",\"url\":\"https:\\\/\\\/www.musikzeitung.ch\\\/wp-content\\\/uploads\\\/2023\\\/01\\\/SMZ_Schriftzug_Sprache.png\",\"contentUrl\":\"https:\\\/\\\/www.musikzeitung.ch\\\/wp-content\\\/uploads\\\/2023\\\/01\\\/SMZ_Schriftzug_Sprache.png\",\"width\":1400,\"height\":279,\"caption\":\"Schweizer Musikzeitung\"},\"image\":{\"@id\":\"https:\\\/\\\/www.musikzeitung.ch\\\/#\\\/schema\\\/logo\\\/image\\\/\"},\"sameAs\":[\"https:\\\/\\\/www.facebook.com\\\/SchweizerMusikzeitung\\\/\",\"https:\\\/\\\/x.com\\\/smusikzeitung\",\"https:\\\/\\\/www.instagram.com\\\/musikzeitung.ch\\\/\"]},{\"@type\":\"Person\",\"@id\":\"https:\\\/\\\/www.musikzeitung.ch\\\/#\\\/schema\\\/person\\\/0da4fb82d243f1252850a35d0e87cf0c\",\"name\":\"Wolfgang B\u00f6hler\",\"image\":{\"@type\":\"ImageObject\",\"inLanguage\":\"en-US\",\"@id\":\"https:\\\/\\\/www.musikzeitung.ch\\\/wp-content\\\/uploads\\\/2023\\\/01\\\/boehler_portraet_web-e1674139782246-96x96.jpg\",\"url\":\"https:\\\/\\\/www.musikzeitung.ch\\\/wp-content\\\/uploads\\\/2023\\\/01\\\/boehler_portraet_web-e1674139782246-96x96.jpg\",\"contentUrl\":\"https:\\\/\\\/www.musikzeitung.ch\\\/wp-content\\\/uploads\\\/2023\\\/01\\\/boehler_portraet_web-e1674139782246-96x96.jpg\",\"caption\":\"Wolfgang B\u00f6hler\"},\"sameAs\":[\"http:\\\/\\\/www.manacanto.ch\",\"https:\\\/\\\/www.facebook.com\\\/wolfgang.bohler.75\"],\"url\":\"https:\\\/\\\/www.musikzeitung.ch\\\/en\\\/author\\\/wolfgang-boehler\"}]}<\/script>\n<!-- \/ Yoast SEO plugin. -->","yoast_head_json":{"title":"GEMA modernizes distribution in the growing online market - Schweizer Musikzeitung","robots":{"index":"index","follow":"follow","max-snippet":"max-snippet:-1","max-image-preview":"max-image-preview:large","max-video-preview":"max-video-preview:-1"},"canonical":"https:\/\/www.musikzeitung.ch\/en\/news\/2023\/05\/gema-modernisiert-verteilung-im-wachstumsmarkt-online\/","og_locale":"en_US","og_type":"article","og_title":"GEMA modernisiert Verteilung im Wachstumsmarkt Online - Schweizer Musikzeitung","og_description":"Die GEMA legt ein neues Konzept zur Kulturf\u00f6rderung im Wachstumsmarkt Online vor. Zudem stellt sie sich Chancen und Herausforderungen von K\u00fcnstlicher Intelligenz im kreativen Schaffensprozess.","og_url":"https:\/\/www.musikzeitung.ch\/en\/news\/2023\/05\/gema-modernisiert-verteilung-im-wachstumsmarkt-online\/","og_site_name":"Schweizer Musikzeitung","article_publisher":"https:\/\/www.facebook.com\/SchweizerMusikzeitung\/","article_author":"https:\/\/www.facebook.com\/wolfgang.bohler.75","article_published_time":"2023-05-15T04:29:39+00:00","og_image":[{"width":971,"height":572,"url":"https:\/\/www.musikzeitung.ch\/wp-content\/uploads\/2023\/05\/230515gema.jpg","type":"image\/jpeg"}],"author":"Wolfgang B\u00f6hler","twitter_card":"summary_large_image","twitter_creator":"@smusikzeitung","twitter_site":"@smusikzeitung","twitter_misc":{"Written by":"Wolfgang B\u00f6hler","Est. reading time":"2 minutes"},"schema":{"@context":"https:\/\/schema.org","@graph":[{"@type":"Article","@id":"https:\/\/www.musikzeitung.ch\/news\/2023\/05\/gema-modernisiert-verteilung-im-wachstumsmarkt-online#article","isPartOf":{"@id":"https:\/\/www.musikzeitung.ch\/news\/2023\/05\/gema-modernisiert-verteilung-im-wachstumsmarkt-online"},"author":{"name":"Wolfgang B\u00f6hler","@id":"https:\/\/www.musikzeitung.ch\/#\/schema\/person\/0da4fb82d243f1252850a35d0e87cf0c"},"headline":"GEMA modernisiert Verteilung im Wachstumsmarkt Online","datePublished":"2023-05-15T04:29:39+00:00","mainEntityOfPage":{"@id":"https:\/\/www.musikzeitung.ch\/news\/2023\/05\/gema-modernisiert-verteilung-im-wachstumsmarkt-online"},"wordCount":238,"publisher":{"@id":"https:\/\/www.musikzeitung.ch\/#organization"},"image":{"@id":"https:\/\/www.musikzeitung.ch\/news\/2023\/05\/gema-modernisiert-verteilung-im-wachstumsmarkt-online#primaryimage"},"thumbnailUrl":"https:\/\/www.musikzeitung.ch\/wp-content\/uploads\/2023\/05\/230515gema.jpg","keywords":["Gema","k\u00fcnstliche Intelligenz","Onlinenutzung"],"articleSection":["News"],"inLanguage":"en-US"},{"@type":"WebPage","@id":"https:\/\/www.musikzeitung.ch\/news\/2023\/05\/gema-modernisiert-verteilung-im-wachstumsmarkt-online","url":"https:\/\/www.musikzeitung.ch\/news\/2023\/05\/gema-modernisiert-verteilung-im-wachstumsmarkt-online","name":"GEMA modernizes distribution in the growing online market - Schweizer Musikzeitung","isPartOf":{"@id":"https:\/\/www.musikzeitung.ch\/#website"},"primaryImageOfPage":{"@id":"https:\/\/www.musikzeitung.ch\/news\/2023\/05\/gema-modernisiert-verteilung-im-wachstumsmarkt-online#primaryimage"},"image":{"@id":"https:\/\/www.musikzeitung.ch\/news\/2023\/05\/gema-modernisiert-verteilung-im-wachstumsmarkt-online#primaryimage"},"thumbnailUrl":"https:\/\/www.musikzeitung.ch\/wp-content\/uploads\/2023\/05\/230515gema.jpg","datePublished":"2023-05-15T04:29:39+00:00","breadcrumb":{"@id":"https:\/\/www.musikzeitung.ch\/news\/2023\/05\/gema-modernisiert-verteilung-im-wachstumsmarkt-online#breadcrumb"},"inLanguage":"en-US","potentialAction":[{"@type":"ReadAction","target":["https:\/\/www.musikzeitung.ch\/news\/2023\/05\/gema-modernisiert-verteilung-im-wachstumsmarkt-online"]}]},{"@type":"ImageObject","inLanguage":"en-US","@id":"https:\/\/www.musikzeitung.ch\/news\/2023\/05\/gema-modernisiert-verteilung-im-wachstumsmarkt-online#primaryimage","url":"https:\/\/www.musikzeitung.ch\/wp-content\/uploads\/2023\/05\/230515gema.jpg","contentUrl":"https:\/\/www.musikzeitung.ch\/wp-content\/uploads\/2023\/05\/230515gema.jpg","width":971,"height":572,"caption":"Gema-Mitgliederversammlung (Bild: Gema)"},{"@type":"BreadcrumbList","@id":"https:\/\/www.musikzeitung.ch\/news\/2023\/05\/gema-modernisiert-verteilung-im-wachstumsmarkt-online#breadcrumb","itemListElement":[{"@type":"ListItem","position":1,"name":"Home","item":"https:\/\/www.musikzeitung.ch\/"},{"@type":"ListItem","position":2,"name":"GEMA modernisiert Verteilung im Wachstumsmarkt Online"}]},{"@type":"WebSite","@id":"https:\/\/www.musikzeitung.ch\/#website","url":"https:\/\/www.musikzeitung.ch\/","name":"Swiss Music Newspaper","description":"The leading interdisciplinary monthly newspaper in Switzerland for musical issues.","publisher":{"@id":"https:\/\/www.musikzeitung.ch\/#organization"},"potentialAction":[{"@type":"SearchAction","target":{"@type":"EntryPoint","urlTemplate":"https:\/\/www.musikzeitung.ch\/?s={search_term_string}"},"query-input":{"@type":"PropertyValueSpecification","valueRequired":true,"valueName":"search_term_string"}}],"inLanguage":"en-US"},{"@type":"Organization","@id":"https:\/\/www.musikzeitung.ch\/#organization","name":"Swiss Music Newspaper","url":"https:\/\/www.musikzeitung.ch\/","logo":{"@type":"ImageObject","inLanguage":"en-US","@id":"https:\/\/www.musikzeitung.ch\/#\/schema\/logo\/image\/","url":"https:\/\/www.musikzeitung.ch\/wp-content\/uploads\/2023\/01\/SMZ_Schriftzug_Sprache.png","contentUrl":"https:\/\/www.musikzeitung.ch\/wp-content\/uploads\/2023\/01\/SMZ_Schriftzug_Sprache.png","width":1400,"height":279,"caption":"Schweizer Musikzeitung"},"image":{"@id":"https:\/\/www.musikzeitung.ch\/#\/schema\/logo\/image\/"},"sameAs":["https:\/\/www.facebook.com\/SchweizerMusikzeitung\/","https:\/\/x.com\/smusikzeitung","https:\/\/www.instagram.com\/musikzeitung.ch\/"]},{"@type":"Person","@id":"https:\/\/www.musikzeitung.ch\/#\/schema\/person\/0da4fb82d243f1252850a35d0e87cf0c","name":"Wolfgang B\u00f6hler","image":{"@type":"ImageObject","inLanguage":"en-US","@id":"https:\/\/www.musikzeitung.ch\/wp-content\/uploads\/2023\/01\/boehler_portraet_web-e1674139782246-96x96.jpg","url":"https:\/\/www.musikzeitung.ch\/wp-content\/uploads\/2023\/01\/boehler_portraet_web-e1674139782246-96x96.jpg","contentUrl":"https:\/\/www.musikzeitung.ch\/wp-content\/uploads\/2023\/01\/boehler_portraet_web-e1674139782246-96x96.jpg","caption":"Wolfgang B\u00f6hler"},"sameAs":["http:\/\/www.manacanto.ch","https:\/\/www.facebook.com\/wolfgang.bohler.75"],"url":"https:\/\/www.musikzeitung.ch\/en\/author\/wolfgang-boehler"}]}},"publishpress_future_workflow_manual_trigger":{"enabledWorkflows":[]},"_links":{"self":[{"href":"https:\/\/www.musikzeitung.ch\/en\/wp-json\/wp\/v2\/posts\/44600","targetHints":{"allow":["GET"]}}],"collection":[{"href":"https:\/\/www.musikzeitung.ch\/en\/wp-json\/wp\/v2\/posts"}],"about":[{"href":"https:\/\/www.musikzeitung.ch\/en\/wp-json\/wp\/v2\/types\/post"}],"author":[{"embeddable":true,"href":"https:\/\/www.musikzeitung.ch\/en\/wp-json\/wp\/v2\/users\/30"}],"replies":[{"embeddable":true,"href":"https:\/\/www.musikzeitung.ch\/en\/wp-json\/wp\/v2\/comments?post=44600"}],"version-history":[{"count":1,"href":"https:\/\/www.musikzeitung.ch\/en\/wp-json\/wp\/v2\/posts\/44600\/revisions"}],"predecessor-version":[{"id":44602,"href":"https:\/\/www.musikzeitung.ch\/en\/wp-json\/wp\/v2\/posts\/44600\/revisions\/44602"}],"wp:featuredmedia":[{"embeddable":true,"href":"https:\/\/www.musikzeitung.ch\/en\/wp-json\/wp\/v2\/media\/44601"}],"wp:attachment":[{"href":"https:\/\/www.musikzeitung.ch\/en\/wp-json\/wp\/v2\/media?parent=44600"}],"wp:term":[{"taxonomy":"category","embeddable":true,"href":"https:\/\/www.musikzeitung.ch\/en\/wp-json\/wp\/v2\/categories?post=44600"},{"taxonomy":"post_tag","embeddable":true,"href":"https:\/\/www.musikzeitung.ch\/en\/wp-json\/wp\/v2\/tags?post=44600"}],"curies":[{"name":"wp","href":"https:\/\/api.w.org\/{rel}","templated":true}]}}