{"id":44695,"date":"2023-05-17T06:10:14","date_gmt":"2023-05-17T04:10:14","guid":{"rendered":"https:\/\/www.musikzeitung.ch\/?p=44695"},"modified":"2023-05-17T09:22:22","modified_gmt":"2023-05-17T07:22:22","slug":"basler-foerdergelder-fuer-konzertprogramme","status":"publish","type":"post","link":"https:\/\/www.musikzeitung.ch\/en\/news\/2023\/05\/basler-foerdergelder-fuer-konzertprogramme","title":{"rendered":"Basel funding for concert programs"},"content":{"rendered":"<figure id=\"attachment_44696\" aria-describedby=\"caption-attachment-44696\" style=\"width: 547px\" class=\"wp-caption aligncenter\"><img loading=\"lazy\" decoding=\"async\" class=\"wp-image-44696\" src=\"https:\/\/www.musikzeitung.ch\/wp-content\/uploads\/2023\/05\/230517basel.jpg\" alt=\"\" width=\"547\" height=\"345\" srcset=\"https:\/\/www.musikzeitung.ch\/wp-content\/uploads\/2023\/05\/230517basel.jpg 1320w, https:\/\/www.musikzeitung.ch\/wp-content\/uploads\/2023\/05\/230517basel-300x189.jpg 300w, https:\/\/www.musikzeitung.ch\/wp-content\/uploads\/2023\/05\/230517basel-1024x645.jpg 1024w, https:\/\/www.musikzeitung.ch\/wp-content\/uploads\/2023\/05\/230517basel-768x484.jpg 768w, https:\/\/www.musikzeitung.ch\/wp-content\/uploads\/2023\/05\/230517basel-278x175.jpg 278w, https:\/\/www.musikzeitung.ch\/wp-content\/uploads\/2023\/05\/230517basel-555x350.jpg 555w, https:\/\/www.musikzeitung.ch\/wp-content\/uploads\/2023\/05\/230517basel-1269x800.jpg 1269w, https:\/\/www.musikzeitung.ch\/wp-content\/uploads\/2023\/05\/230517basel-920x580.jpg 920w\" sizes=\"auto, (max-width: 547px) 100vw, 547px\" \/><figcaption id=\"caption-attachment-44696\" class=\"wp-caption-text\">Basel Sinfonietta (Picture: Marc Doradzillo)<\/figcaption><\/figure>\n<p>For the first time, contributions will be awarded for a four-year period. Between 2023 and 2027, the orchestras will receive contributions towards their artistic and administrative costs, which will enable them to implement six projects each for the benefit of a Basel audience and comply with the Swiss Musicians' Association's recommended tariffs. A total of eight instrumental ensembles and orchestras applied for program funding.<\/p>\n<p>The following will now receive contributions: Basel Sinfonietta (CHF 4,044,600), Basel Chamber Orchestra (CHF 2,913,996), La Cetra Baroque Orchestra: (CHF 1,581,412), Ensemble Phoenix Basel (CHF 1,066,616) and the Klang Lab Ensemble (CHF 379,920). Camerata Variabile, which has received funding from the orchestra program funding since 2016, will receive a transitional funding contribution of CHF 60,480 for the last time for the 2023 to 2024 season. It no longer fully met the requirements of the call for proposals.<\/p>\n<p>For the first time, two orchestras are being recognized for special achievements above and beyond the usual programming on the basis of the Ordinance on Programme and Structural Support for Orchestras, which came into force in 2022. The Basel Sinfonietta's grant includes funds of CHF 60,000 per year to support measures such as evening childcare, the promotion of young talent and children's concerts on a pro rata basis. The efforts of the Basel Chamber Orchestra to communicate music in a simple way and to design certain offers with a low threshold were also considered exceptional by the jury and are reflected in the funding contribution with CHF 40,000 per year.<\/p>\n<p>The five independent jurors come from different areas of the concert industry: Beat Fehlmann, Director of the German State Philharmonic Orchestra Rhineland-Palatinate, Ludwigshafen; Norbert Graf, music journalist and music producer at SRF 2 Kultur, Sch\u00fcpfen; Rico Gubler, Head of the Music Department at Bern University of the Arts; Lisa Nolte, Artistic Director of the SONIC MATTER festival and online forum, Zurich; Lena-Lisa W\u00fcstend\u00f6rfer, conductor, Zurich. The non-voting advisory board members were: Dominika Hens, Commissioner for Cultural Projects Basel-Stadt, and Katrin Gr\u00f6gel, Head of the Department of Culture Basel-Stadt.<\/p>","protected":false},"excerpt":{"rendered":"<p>Basel orchestras can apply for funding for their concert programs. For the 2023 to 2027 season, the Basel-Stadt cantonal government has awarded program funding to four renowned orchestras and ensembles and one newcomer.<\/p>","protected":false},"author":30,"featured_media":44696,"comment_status":"closed","ping_status":"closed","sticky":false,"template":"","format":"standard","meta":{"_acf_changed":false,"_relevanssi_hide_post":"","_relevanssi_hide_content":"","_relevanssi_pin_for_all":"","_relevanssi_pin_keywords":"","_relevanssi_unpin_keywords":"","_relevanssi_related_keywords":"","_relevanssi_related_include_ids":"","_relevanssi_related_exclude_ids":"","_relevanssi_related_no_append":"","_relevanssi_related_not_related":"","_relevanssi_related_posts":"","_relevanssi_noindex_reason":"","pgc_sgb_lightbox_settings":"","footnotes":""},"categories":[27],"tags":[2465,2466],"class_list":["post-44695","post","type-post","status-publish","format-standard","has-post-thumbnail","hentry","category-news","tag-kanton-basel-stadt","tag-programmfoerderung"],"acf":[],"yoast_head":"<!-- This site is optimized with the Yoast SEO plugin v27.4 - https:\/\/yoast.com\/product\/yoast-seo-wordpress\/ -->\n<title>Basler F\u00f6rdergelder f\u00fcr Konzertprogramme - Schweizer Musikzeitung<\/title>\n<meta name=\"robots\" content=\"index, follow, max-snippet:-1, max-image-preview:large, max-video-preview:-1\" \/>\n<link rel=\"canonical\" href=\"https:\/\/www.musikzeitung.ch\/en\/news\/2023\/05\/basler-foerdergelder-fuer-konzertprogramme\/\" \/>\n<meta property=\"og:locale\" content=\"en_US\" \/>\n<meta property=\"og:type\" content=\"article\" \/>\n<meta property=\"og:title\" content=\"Basler F\u00f6rdergelder f\u00fcr Konzertprogramme - Schweizer Musikzeitung\" \/>\n<meta property=\"og:description\" content=\"Die Basler Orchester k\u00f6nnen f\u00fcr ihre Konzertprogramme F\u00f6rdergelder beantragen. F\u00fcr die Saison 2023 bis 2027 hat der Regierungsrat von Basel-Stadt vier renommierten Orchestern und Ensembles und einem Neuling eine Programmf\u00f6rderung zugesprochen.\" \/>\n<meta property=\"og:url\" content=\"https:\/\/www.musikzeitung.ch\/en\/news\/2023\/05\/basler-foerdergelder-fuer-konzertprogramme\/\" \/>\n<meta property=\"og:site_name\" content=\"Schweizer Musikzeitung\" \/>\n<meta property=\"article:publisher\" content=\"https:\/\/www.facebook.com\/SchweizerMusikzeitung\/\" \/>\n<meta property=\"article:author\" content=\"https:\/\/www.facebook.com\/wolfgang.bohler.75\" \/>\n<meta property=\"article:published_time\" content=\"2023-05-17T04:10:14+00:00\" \/>\n<meta property=\"article:modified_time\" content=\"2023-05-17T07:22:22+00:00\" \/>\n<meta property=\"og:image\" content=\"https:\/\/www.musikzeitung.ch\/wp-content\/uploads\/2023\/05\/230517basel.jpg\" \/>\n\t<meta property=\"og:image:width\" content=\"1320\" \/>\n\t<meta property=\"og:image:height\" content=\"832\" \/>\n\t<meta property=\"og:image:type\" content=\"image\/jpeg\" \/>\n<meta name=\"author\" content=\"Wolfgang B\u00f6hler\" \/>\n<meta name=\"twitter:card\" content=\"summary_large_image\" \/>\n<meta name=\"twitter:creator\" content=\"@smusikzeitung\" \/>\n<meta name=\"twitter:site\" content=\"@smusikzeitung\" \/>\n<meta name=\"twitter:label1\" content=\"Written by\" \/>\n\t<meta name=\"twitter:data1\" content=\"Wolfgang B\u00f6hler\" \/>\n\t<meta name=\"twitter:label2\" content=\"Est. reading time\" \/>\n\t<meta name=\"twitter:data2\" content=\"2 minutes\" \/>\n<script type=\"application\/ld+json\" class=\"yoast-schema-graph\">{\"@context\":\"https:\\\/\\\/schema.org\",\"@graph\":[{\"@type\":\"Article\",\"@id\":\"https:\\\/\\\/www.musikzeitung.ch\\\/news\\\/2023\\\/05\\\/basler-foerdergelder-fuer-konzertprogramme#article\",\"isPartOf\":{\"@id\":\"https:\\\/\\\/www.musikzeitung.ch\\\/news\\\/2023\\\/05\\\/basler-foerdergelder-fuer-konzertprogramme\"},\"author\":{\"name\":\"Wolfgang B\u00f6hler\",\"@id\":\"https:\\\/\\\/www.musikzeitung.ch\\\/#\\\/schema\\\/person\\\/0da4fb82d243f1252850a35d0e87cf0c\"},\"headline\":\"Basler F\u00f6rdergelder f\u00fcr Konzertprogramme\",\"datePublished\":\"2023-05-17T04:10:14+00:00\",\"dateModified\":\"2023-05-17T07:22:22+00:00\",\"mainEntityOfPage\":{\"@id\":\"https:\\\/\\\/www.musikzeitung.ch\\\/news\\\/2023\\\/05\\\/basler-foerdergelder-fuer-konzertprogramme\"},\"wordCount\":307,\"publisher\":{\"@id\":\"https:\\\/\\\/www.musikzeitung.ch\\\/#organization\"},\"image\":{\"@id\":\"https:\\\/\\\/www.musikzeitung.ch\\\/news\\\/2023\\\/05\\\/basler-foerdergelder-fuer-konzertprogramme#primaryimage\"},\"thumbnailUrl\":\"https:\\\/\\\/www.musikzeitung.ch\\\/wp-content\\\/uploads\\\/2023\\\/05\\\/230517basel.jpg\",\"keywords\":[\"Kanton Basel-Stadt\",\"Programmf\u00f6rderung\"],\"articleSection\":[\"News\"],\"inLanguage\":\"en-US\"},{\"@type\":\"WebPage\",\"@id\":\"https:\\\/\\\/www.musikzeitung.ch\\\/news\\\/2023\\\/05\\\/basler-foerdergelder-fuer-konzertprogramme\",\"url\":\"https:\\\/\\\/www.musikzeitung.ch\\\/news\\\/2023\\\/05\\\/basler-foerdergelder-fuer-konzertprogramme\",\"name\":\"Basler F\u00f6rdergelder f\u00fcr Konzertprogramme - Schweizer Musikzeitung\",\"isPartOf\":{\"@id\":\"https:\\\/\\\/www.musikzeitung.ch\\\/#website\"},\"primaryImageOfPage\":{\"@id\":\"https:\\\/\\\/www.musikzeitung.ch\\\/news\\\/2023\\\/05\\\/basler-foerdergelder-fuer-konzertprogramme#primaryimage\"},\"image\":{\"@id\":\"https:\\\/\\\/www.musikzeitung.ch\\\/news\\\/2023\\\/05\\\/basler-foerdergelder-fuer-konzertprogramme#primaryimage\"},\"thumbnailUrl\":\"https:\\\/\\\/www.musikzeitung.ch\\\/wp-content\\\/uploads\\\/2023\\\/05\\\/230517basel.jpg\",\"datePublished\":\"2023-05-17T04:10:14+00:00\",\"dateModified\":\"2023-05-17T07:22:22+00:00\",\"breadcrumb\":{\"@id\":\"https:\\\/\\\/www.musikzeitung.ch\\\/news\\\/2023\\\/05\\\/basler-foerdergelder-fuer-konzertprogramme#breadcrumb\"},\"inLanguage\":\"en-US\",\"potentialAction\":[{\"@type\":\"ReadAction\",\"target\":[\"https:\\\/\\\/www.musikzeitung.ch\\\/news\\\/2023\\\/05\\\/basler-foerdergelder-fuer-konzertprogramme\"]}]},{\"@type\":\"ImageObject\",\"inLanguage\":\"en-US\",\"@id\":\"https:\\\/\\\/www.musikzeitung.ch\\\/news\\\/2023\\\/05\\\/basler-foerdergelder-fuer-konzertprogramme#primaryimage\",\"url\":\"https:\\\/\\\/www.musikzeitung.ch\\\/wp-content\\\/uploads\\\/2023\\\/05\\\/230517basel.jpg\",\"contentUrl\":\"https:\\\/\\\/www.musikzeitung.ch\\\/wp-content\\\/uploads\\\/2023\\\/05\\\/230517basel.jpg\",\"width\":1320,\"height\":832,\"caption\":\"Basel Sinfonietta (Bild: Marc Doradzillo)\"},{\"@type\":\"BreadcrumbList\",\"@id\":\"https:\\\/\\\/www.musikzeitung.ch\\\/news\\\/2023\\\/05\\\/basler-foerdergelder-fuer-konzertprogramme#breadcrumb\",\"itemListElement\":[{\"@type\":\"ListItem\",\"position\":1,\"name\":\"Home\",\"item\":\"https:\\\/\\\/www.musikzeitung.ch\\\/\"},{\"@type\":\"ListItem\",\"position\":2,\"name\":\"Basler F\u00f6rdergelder f\u00fcr Konzertprogramme\"}]},{\"@type\":\"WebSite\",\"@id\":\"https:\\\/\\\/www.musikzeitung.ch\\\/#website\",\"url\":\"https:\\\/\\\/www.musikzeitung.ch\\\/\",\"name\":\"Schweizer Musikzeitung\",\"description\":\"Die f\u00fchrende sparten\u00fcbergreifende Monatszeitung in der Schweiz f\u00fcr musikalische Fragen.\",\"publisher\":{\"@id\":\"https:\\\/\\\/www.musikzeitung.ch\\\/#organization\"},\"potentialAction\":[{\"@type\":\"SearchAction\",\"target\":{\"@type\":\"EntryPoint\",\"urlTemplate\":\"https:\\\/\\\/www.musikzeitung.ch\\\/?s={search_term_string}\"},\"query-input\":{\"@type\":\"PropertyValueSpecification\",\"valueRequired\":true,\"valueName\":\"search_term_string\"}}],\"inLanguage\":\"en-US\"},{\"@type\":\"Organization\",\"@id\":\"https:\\\/\\\/www.musikzeitung.ch\\\/#organization\",\"name\":\"Schweizer Musikzeitung\",\"url\":\"https:\\\/\\\/www.musikzeitung.ch\\\/\",\"logo\":{\"@type\":\"ImageObject\",\"inLanguage\":\"en-US\",\"@id\":\"https:\\\/\\\/www.musikzeitung.ch\\\/#\\\/schema\\\/logo\\\/image\\\/\",\"url\":\"https:\\\/\\\/www.musikzeitung.ch\\\/wp-content\\\/uploads\\\/2023\\\/01\\\/SMZ_Schriftzug_Sprache.png\",\"contentUrl\":\"https:\\\/\\\/www.musikzeitung.ch\\\/wp-content\\\/uploads\\\/2023\\\/01\\\/SMZ_Schriftzug_Sprache.png\",\"width\":1400,\"height\":279,\"caption\":\"Schweizer Musikzeitung\"},\"image\":{\"@id\":\"https:\\\/\\\/www.musikzeitung.ch\\\/#\\\/schema\\\/logo\\\/image\\\/\"},\"sameAs\":[\"https:\\\/\\\/www.facebook.com\\\/SchweizerMusikzeitung\\\/\",\"https:\\\/\\\/x.com\\\/smusikzeitung\",\"https:\\\/\\\/www.instagram.com\\\/musikzeitung.ch\\\/\"]},{\"@type\":\"Person\",\"@id\":\"https:\\\/\\\/www.musikzeitung.ch\\\/#\\\/schema\\\/person\\\/0da4fb82d243f1252850a35d0e87cf0c\",\"name\":\"Wolfgang B\u00f6hler\",\"image\":{\"@type\":\"ImageObject\",\"inLanguage\":\"en-US\",\"@id\":\"https:\\\/\\\/www.musikzeitung.ch\\\/wp-content\\\/uploads\\\/2023\\\/01\\\/boehler_portraet_web-e1674139782246-96x96.jpg\",\"url\":\"https:\\\/\\\/www.musikzeitung.ch\\\/wp-content\\\/uploads\\\/2023\\\/01\\\/boehler_portraet_web-e1674139782246-96x96.jpg\",\"contentUrl\":\"https:\\\/\\\/www.musikzeitung.ch\\\/wp-content\\\/uploads\\\/2023\\\/01\\\/boehler_portraet_web-e1674139782246-96x96.jpg\",\"caption\":\"Wolfgang B\u00f6hler\"},\"sameAs\":[\"http:\\\/\\\/www.manacanto.ch\",\"https:\\\/\\\/www.facebook.com\\\/wolfgang.bohler.75\"],\"url\":\"https:\\\/\\\/www.musikzeitung.ch\\\/en\\\/author\\\/wolfgang-boehler\"}]}<\/script>\n<!-- \/ Yoast SEO plugin. -->","yoast_head_json":{"title":"Basler F\u00f6rdergelder f\u00fcr Konzertprogramme - Schweizer Musikzeitung","robots":{"index":"index","follow":"follow","max-snippet":"max-snippet:-1","max-image-preview":"max-image-preview:large","max-video-preview":"max-video-preview:-1"},"canonical":"https:\/\/www.musikzeitung.ch\/en\/news\/2023\/05\/basler-foerdergelder-fuer-konzertprogramme\/","og_locale":"en_US","og_type":"article","og_title":"Basler F\u00f6rdergelder f\u00fcr Konzertprogramme - Schweizer Musikzeitung","og_description":"Die Basler Orchester k\u00f6nnen f\u00fcr ihre Konzertprogramme F\u00f6rdergelder beantragen. F\u00fcr die Saison 2023 bis 2027 hat der Regierungsrat von Basel-Stadt vier renommierten Orchestern und Ensembles und einem Neuling eine Programmf\u00f6rderung zugesprochen.","og_url":"https:\/\/www.musikzeitung.ch\/en\/news\/2023\/05\/basler-foerdergelder-fuer-konzertprogramme\/","og_site_name":"Schweizer Musikzeitung","article_publisher":"https:\/\/www.facebook.com\/SchweizerMusikzeitung\/","article_author":"https:\/\/www.facebook.com\/wolfgang.bohler.75","article_published_time":"2023-05-17T04:10:14+00:00","article_modified_time":"2023-05-17T07:22:22+00:00","og_image":[{"width":1320,"height":832,"url":"https:\/\/www.musikzeitung.ch\/wp-content\/uploads\/2023\/05\/230517basel.jpg","type":"image\/jpeg"}],"author":"Wolfgang B\u00f6hler","twitter_card":"summary_large_image","twitter_creator":"@smusikzeitung","twitter_site":"@smusikzeitung","twitter_misc":{"Written by":"Wolfgang B\u00f6hler","Est. reading time":"2 minutes"},"schema":{"@context":"https:\/\/schema.org","@graph":[{"@type":"Article","@id":"https:\/\/www.musikzeitung.ch\/news\/2023\/05\/basler-foerdergelder-fuer-konzertprogramme#article","isPartOf":{"@id":"https:\/\/www.musikzeitung.ch\/news\/2023\/05\/basler-foerdergelder-fuer-konzertprogramme"},"author":{"name":"Wolfgang B\u00f6hler","@id":"https:\/\/www.musikzeitung.ch\/#\/schema\/person\/0da4fb82d243f1252850a35d0e87cf0c"},"headline":"Basler F\u00f6rdergelder f\u00fcr Konzertprogramme","datePublished":"2023-05-17T04:10:14+00:00","dateModified":"2023-05-17T07:22:22+00:00","mainEntityOfPage":{"@id":"https:\/\/www.musikzeitung.ch\/news\/2023\/05\/basler-foerdergelder-fuer-konzertprogramme"},"wordCount":307,"publisher":{"@id":"https:\/\/www.musikzeitung.ch\/#organization"},"image":{"@id":"https:\/\/www.musikzeitung.ch\/news\/2023\/05\/basler-foerdergelder-fuer-konzertprogramme#primaryimage"},"thumbnailUrl":"https:\/\/www.musikzeitung.ch\/wp-content\/uploads\/2023\/05\/230517basel.jpg","keywords":["Kanton Basel-Stadt","Programmf\u00f6rderung"],"articleSection":["News"],"inLanguage":"en-US"},{"@type":"WebPage","@id":"https:\/\/www.musikzeitung.ch\/news\/2023\/05\/basler-foerdergelder-fuer-konzertprogramme","url":"https:\/\/www.musikzeitung.ch\/news\/2023\/05\/basler-foerdergelder-fuer-konzertprogramme","name":"Basler F\u00f6rdergelder f\u00fcr Konzertprogramme - Schweizer Musikzeitung","isPartOf":{"@id":"https:\/\/www.musikzeitung.ch\/#website"},"primaryImageOfPage":{"@id":"https:\/\/www.musikzeitung.ch\/news\/2023\/05\/basler-foerdergelder-fuer-konzertprogramme#primaryimage"},"image":{"@id":"https:\/\/www.musikzeitung.ch\/news\/2023\/05\/basler-foerdergelder-fuer-konzertprogramme#primaryimage"},"thumbnailUrl":"https:\/\/www.musikzeitung.ch\/wp-content\/uploads\/2023\/05\/230517basel.jpg","datePublished":"2023-05-17T04:10:14+00:00","dateModified":"2023-05-17T07:22:22+00:00","breadcrumb":{"@id":"https:\/\/www.musikzeitung.ch\/news\/2023\/05\/basler-foerdergelder-fuer-konzertprogramme#breadcrumb"},"inLanguage":"en-US","potentialAction":[{"@type":"ReadAction","target":["https:\/\/www.musikzeitung.ch\/news\/2023\/05\/basler-foerdergelder-fuer-konzertprogramme"]}]},{"@type":"ImageObject","inLanguage":"en-US","@id":"https:\/\/www.musikzeitung.ch\/news\/2023\/05\/basler-foerdergelder-fuer-konzertprogramme#primaryimage","url":"https:\/\/www.musikzeitung.ch\/wp-content\/uploads\/2023\/05\/230517basel.jpg","contentUrl":"https:\/\/www.musikzeitung.ch\/wp-content\/uploads\/2023\/05\/230517basel.jpg","width":1320,"height":832,"caption":"Basel Sinfonietta (Bild: Marc Doradzillo)"},{"@type":"BreadcrumbList","@id":"https:\/\/www.musikzeitung.ch\/news\/2023\/05\/basler-foerdergelder-fuer-konzertprogramme#breadcrumb","itemListElement":[{"@type":"ListItem","position":1,"name":"Home","item":"https:\/\/www.musikzeitung.ch\/"},{"@type":"ListItem","position":2,"name":"Basler F\u00f6rdergelder f\u00fcr Konzertprogramme"}]},{"@type":"WebSite","@id":"https:\/\/www.musikzeitung.ch\/#website","url":"https:\/\/www.musikzeitung.ch\/","name":"Swiss Music Newspaper","description":"The leading interdisciplinary monthly newspaper in Switzerland for musical issues.","publisher":{"@id":"https:\/\/www.musikzeitung.ch\/#organization"},"potentialAction":[{"@type":"SearchAction","target":{"@type":"EntryPoint","urlTemplate":"https:\/\/www.musikzeitung.ch\/?s={search_term_string}"},"query-input":{"@type":"PropertyValueSpecification","valueRequired":true,"valueName":"search_term_string"}}],"inLanguage":"en-US"},{"@type":"Organization","@id":"https:\/\/www.musikzeitung.ch\/#organization","name":"Swiss Music Newspaper","url":"https:\/\/www.musikzeitung.ch\/","logo":{"@type":"ImageObject","inLanguage":"en-US","@id":"https:\/\/www.musikzeitung.ch\/#\/schema\/logo\/image\/","url":"https:\/\/www.musikzeitung.ch\/wp-content\/uploads\/2023\/01\/SMZ_Schriftzug_Sprache.png","contentUrl":"https:\/\/www.musikzeitung.ch\/wp-content\/uploads\/2023\/01\/SMZ_Schriftzug_Sprache.png","width":1400,"height":279,"caption":"Schweizer Musikzeitung"},"image":{"@id":"https:\/\/www.musikzeitung.ch\/#\/schema\/logo\/image\/"},"sameAs":["https:\/\/www.facebook.com\/SchweizerMusikzeitung\/","https:\/\/x.com\/smusikzeitung","https:\/\/www.instagram.com\/musikzeitung.ch\/"]},{"@type":"Person","@id":"https:\/\/www.musikzeitung.ch\/#\/schema\/person\/0da4fb82d243f1252850a35d0e87cf0c","name":"Wolfgang B\u00f6hler","image":{"@type":"ImageObject","inLanguage":"en-US","@id":"https:\/\/www.musikzeitung.ch\/wp-content\/uploads\/2023\/01\/boehler_portraet_web-e1674139782246-96x96.jpg","url":"https:\/\/www.musikzeitung.ch\/wp-content\/uploads\/2023\/01\/boehler_portraet_web-e1674139782246-96x96.jpg","contentUrl":"https:\/\/www.musikzeitung.ch\/wp-content\/uploads\/2023\/01\/boehler_portraet_web-e1674139782246-96x96.jpg","caption":"Wolfgang B\u00f6hler"},"sameAs":["http:\/\/www.manacanto.ch","https:\/\/www.facebook.com\/wolfgang.bohler.75"],"url":"https:\/\/www.musikzeitung.ch\/en\/author\/wolfgang-boehler"}]}},"publishpress_future_workflow_manual_trigger":{"enabledWorkflows":[]},"_links":{"self":[{"href":"https:\/\/www.musikzeitung.ch\/en\/wp-json\/wp\/v2\/posts\/44695","targetHints":{"allow":["GET"]}}],"collection":[{"href":"https:\/\/www.musikzeitung.ch\/en\/wp-json\/wp\/v2\/posts"}],"about":[{"href":"https:\/\/www.musikzeitung.ch\/en\/wp-json\/wp\/v2\/types\/post"}],"author":[{"embeddable":true,"href":"https:\/\/www.musikzeitung.ch\/en\/wp-json\/wp\/v2\/users\/30"}],"replies":[{"embeddable":true,"href":"https:\/\/www.musikzeitung.ch\/en\/wp-json\/wp\/v2\/comments?post=44695"}],"version-history":[{"count":2,"href":"https:\/\/www.musikzeitung.ch\/en\/wp-json\/wp\/v2\/posts\/44695\/revisions"}],"predecessor-version":[{"id":44705,"href":"https:\/\/www.musikzeitung.ch\/en\/wp-json\/wp\/v2\/posts\/44695\/revisions\/44705"}],"wp:featuredmedia":[{"embeddable":true,"href":"https:\/\/www.musikzeitung.ch\/en\/wp-json\/wp\/v2\/media\/44696"}],"wp:attachment":[{"href":"https:\/\/www.musikzeitung.ch\/en\/wp-json\/wp\/v2\/media?parent=44695"}],"wp:term":[{"taxonomy":"category","embeddable":true,"href":"https:\/\/www.musikzeitung.ch\/en\/wp-json\/wp\/v2\/categories?post=44695"},{"taxonomy":"post_tag","embeddable":true,"href":"https:\/\/www.musikzeitung.ch\/en\/wp-json\/wp\/v2\/tags?post=44695"}],"curies":[{"name":"wp","href":"https:\/\/api.w.org\/{rel}","templated":true}]}}