{"id":45262,"date":"2023-06-02T09:40:54","date_gmt":"2023-06-02T07:40:54","guid":{"rendered":"https:\/\/www.musikzeitung.ch\/?p=45262"},"modified":"2023-06-02T12:03:00","modified_gmt":"2023-06-02T10:03:00","slug":"relevanzmonitor-kultur-2023-der-liz-mohn-stiftung","status":"publish","type":"post","link":"https:\/\/www.musikzeitung.ch\/en\/news\/2023\/06\/relevanzmonitor-kultur-2023-der-liz-mohn-stiftung","title":{"rendered":"Relevance Monitor Culture 2023 of the Liz Mohn Foundation"},"content":{"rendered":"<figure id=\"attachment_45267\" aria-describedby=\"caption-attachment-45267\" style=\"width: 645px\" class=\"wp-caption aligncenter\"><img loading=\"lazy\" decoding=\"async\" class=\"wp-image-45267\" src=\"https:\/\/www.musikzeitung.ch\/wp-content\/uploads\/2023\/06\/230602opernhaus.jpg\" alt=\"\" width=\"645\" height=\"394\" srcset=\"https:\/\/www.musikzeitung.ch\/wp-content\/uploads\/2023\/06\/230602opernhaus.jpg 1344w, https:\/\/www.musikzeitung.ch\/wp-content\/uploads\/2023\/06\/230602opernhaus-300x183.jpg 300w, https:\/\/www.musikzeitung.ch\/wp-content\/uploads\/2023\/06\/230602opernhaus-1024x625.jpg 1024w, https:\/\/www.musikzeitung.ch\/wp-content\/uploads\/2023\/06\/230602opernhaus-768x469.jpg 768w, https:\/\/www.musikzeitung.ch\/wp-content\/uploads\/2023\/06\/230602opernhaus-287x175.jpg 287w, https:\/\/www.musikzeitung.ch\/wp-content\/uploads\/2023\/06\/230602opernhaus-574x350.jpg 574w, https:\/\/www.musikzeitung.ch\/wp-content\/uploads\/2023\/06\/230602opernhaus-1311x800.jpg 1311w, https:\/\/www.musikzeitung.ch\/wp-content\/uploads\/2023\/06\/230602opernhaus-920x561.jpg 920w\" sizes=\"auto, (max-width: 645px) 100vw, 645px\" \/><figcaption id=\"caption-attachment-45267\" class=\"wp-caption-text\"><br \/>Symphony concert of the IJOA 2007 in the Margravial Opera House (Image: GB)<\/figcaption><\/figure>\n<p>It is important to people in Germany (91%) that cultural offerings in theaters are preserved for future generations. A large majority (76%) are also of the opinion that they should continue to be financed with public funds. The offerings are part of cultural identity (82%) and education (91%) in Germany. These are the findings of the new \"Relevance Monitor Culture\" conducted by the Bertelsmann Stiftung's Liz Mohn Center.<\/p>\n<p>With the nationwide representative forsa survey, the Liz Mohn Center has for the first time investigated the importance of cultural offerings in Germany. The results show almost unanimous support among the population: the work of theaters is important, should be further promoted and preserved for the future.<\/p>\n<p><strong>Original article:<\/strong><br \/>\n<a href=\"https:\/\/www.bertelsmann-stiftung.de\/de\/themen\/aktuelle-meldungen\/2023\/mai\/enormer-rueckhalt-fuer-kulturangebote-in-deutschland\" target=\"_blank\" rel=\"noopener\">https:\/\/www.bertelsmann-stiftung.de\/de\/themen\/aktuelle-meldungen\/2023\/mai\/enormer-rueckhalt-fuer-kulturangebote-in-deutschland<\/a><\/p>","protected":false},"excerpt":{"rendered":"<p>91 percent of people in Germany think it is important to preserve the cultural offerings in theaters for future generations. However, four out of ten young adults feel that the offerings are not aimed at them at all.<\/p>","protected":false},"author":30,"featured_media":45267,"comment_status":"closed","ping_status":"closed","sticky":false,"template":"","format":"standard","meta":{"_acf_changed":false,"_relevanssi_hide_post":"","_relevanssi_hide_content":"","_relevanssi_pin_for_all":"","_relevanssi_pin_keywords":"","_relevanssi_unpin_keywords":"","_relevanssi_related_keywords":"","_relevanssi_related_include_ids":"","_relevanssi_related_exclude_ids":"","_relevanssi_related_no_append":"","_relevanssi_related_not_related":"","_relevanssi_related_posts":"","_relevanssi_noindex_reason":"","pgc_sgb_lightbox_settings":"","footnotes":""},"categories":[27],"tags":[2523,2522],"class_list":["post-45262","post","type-post","status-publish","format-standard","has-post-thumbnail","hentry","category-news","tag-bertelsmann-stiftung","tag-relevanzmonitor-kultur"],"acf":[],"yoast_head":"<!-- This site is optimized with the Yoast SEO plugin v27.5 - https:\/\/yoast.com\/product\/yoast-seo-wordpress\/ -->\n<title>Relevanzmonitor Kultur 2023 der Liz-Mohn-Stiftung - Schweizer Musikzeitung<\/title>\n<meta name=\"description\" content=\"91 Prozent der Menschen in Deutschland ist es wichtig, die kulturellen Angebote in Theaterh\u00e4usern f\u00fcr kommende Generationen zu erhalten.\" \/>\n<meta name=\"robots\" content=\"index, follow, max-snippet:-1, max-image-preview:large, max-video-preview:-1\" \/>\n<link rel=\"canonical\" href=\"https:\/\/www.musikzeitung.ch\/en\/news\/2023\/06\/relevanzmonitor-kultur-2023-der-liz-mohn-stiftung\/\" \/>\n<meta property=\"og:locale\" content=\"en_US\" \/>\n<meta property=\"og:type\" content=\"article\" \/>\n<meta property=\"og:title\" content=\"Relevanzmonitor Kultur 2023 der Liz-Mohn-Stiftung - Schweizer Musikzeitung\" \/>\n<meta property=\"og:description\" content=\"91 Prozent der Menschen in Deutschland ist es wichtig, die kulturellen Angebote in Theaterh\u00e4usern f\u00fcr kommende Generationen zu erhalten.\" \/>\n<meta property=\"og:url\" content=\"https:\/\/www.musikzeitung.ch\/en\/news\/2023\/06\/relevanzmonitor-kultur-2023-der-liz-mohn-stiftung\/\" \/>\n<meta property=\"og:site_name\" content=\"Schweizer Musikzeitung\" \/>\n<meta property=\"article:publisher\" content=\"https:\/\/www.facebook.com\/SchweizerMusikzeitung\/\" \/>\n<meta property=\"article:author\" content=\"https:\/\/www.facebook.com\/wolfgang.bohler.75\" \/>\n<meta property=\"article:published_time\" content=\"2023-06-02T07:40:54+00:00\" \/>\n<meta property=\"article:modified_time\" content=\"2023-06-02T10:03:00+00:00\" \/>\n<meta property=\"og:image\" content=\"https:\/\/www.musikzeitung.ch\/wp-content\/uploads\/2023\/06\/230602opernhaus.jpg\" \/>\n\t<meta property=\"og:image:width\" content=\"1344\" \/>\n\t<meta property=\"og:image:height\" content=\"820\" \/>\n\t<meta property=\"og:image:type\" content=\"image\/jpeg\" \/>\n<meta name=\"author\" content=\"Wolfgang B\u00f6hler\" \/>\n<meta name=\"twitter:card\" content=\"summary_large_image\" \/>\n<meta name=\"twitter:creator\" content=\"@smusikzeitung\" \/>\n<meta name=\"twitter:site\" content=\"@smusikzeitung\" \/>\n<meta name=\"twitter:label1\" content=\"Written by\" \/>\n\t<meta name=\"twitter:data1\" content=\"Wolfgang B\u00f6hler\" \/>\n\t<meta name=\"twitter:label2\" content=\"Est. reading time\" \/>\n\t<meta name=\"twitter:data2\" content=\"1 minute\" \/>\n<script type=\"application\/ld+json\" class=\"yoast-schema-graph\">{\"@context\":\"https:\\\/\\\/schema.org\",\"@graph\":[{\"@type\":\"Article\",\"@id\":\"https:\\\/\\\/www.musikzeitung.ch\\\/news\\\/2023\\\/06\\\/relevanzmonitor-kultur-2023-der-liz-mohn-stiftung#article\",\"isPartOf\":{\"@id\":\"https:\\\/\\\/www.musikzeitung.ch\\\/news\\\/2023\\\/06\\\/relevanzmonitor-kultur-2023-der-liz-mohn-stiftung\"},\"author\":{\"name\":\"Wolfgang B\u00f6hler\",\"@id\":\"https:\\\/\\\/www.musikzeitung.ch\\\/#\\\/schema\\\/person\\\/0da4fb82d243f1252850a35d0e87cf0c\"},\"headline\":\"Relevanzmonitor Kultur 2023 der Liz-Mohn-Stiftung\",\"datePublished\":\"2023-06-02T07:40:54+00:00\",\"dateModified\":\"2023-06-02T10:03:00+00:00\",\"mainEntityOfPage\":{\"@id\":\"https:\\\/\\\/www.musikzeitung.ch\\\/news\\\/2023\\\/06\\\/relevanzmonitor-kultur-2023-der-liz-mohn-stiftung\"},\"wordCount\":146,\"publisher\":{\"@id\":\"https:\\\/\\\/www.musikzeitung.ch\\\/#organization\"},\"image\":{\"@id\":\"https:\\\/\\\/www.musikzeitung.ch\\\/news\\\/2023\\\/06\\\/relevanzmonitor-kultur-2023-der-liz-mohn-stiftung#primaryimage\"},\"thumbnailUrl\":\"https:\\\/\\\/www.musikzeitung.ch\\\/wp-content\\\/uploads\\\/2023\\\/06\\\/230602opernhaus.jpg\",\"keywords\":[\"Bertelsmann Stiftung\",\"Relevanzmonitor Kultur\"],\"articleSection\":[\"News\"],\"inLanguage\":\"en-US\"},{\"@type\":\"WebPage\",\"@id\":\"https:\\\/\\\/www.musikzeitung.ch\\\/news\\\/2023\\\/06\\\/relevanzmonitor-kultur-2023-der-liz-mohn-stiftung\",\"url\":\"https:\\\/\\\/www.musikzeitung.ch\\\/news\\\/2023\\\/06\\\/relevanzmonitor-kultur-2023-der-liz-mohn-stiftung\",\"name\":\"Relevanzmonitor Kultur 2023 der Liz-Mohn-Stiftung - Schweizer Musikzeitung\",\"isPartOf\":{\"@id\":\"https:\\\/\\\/www.musikzeitung.ch\\\/#website\"},\"primaryImageOfPage\":{\"@id\":\"https:\\\/\\\/www.musikzeitung.ch\\\/news\\\/2023\\\/06\\\/relevanzmonitor-kultur-2023-der-liz-mohn-stiftung#primaryimage\"},\"image\":{\"@id\":\"https:\\\/\\\/www.musikzeitung.ch\\\/news\\\/2023\\\/06\\\/relevanzmonitor-kultur-2023-der-liz-mohn-stiftung#primaryimage\"},\"thumbnailUrl\":\"https:\\\/\\\/www.musikzeitung.ch\\\/wp-content\\\/uploads\\\/2023\\\/06\\\/230602opernhaus.jpg\",\"datePublished\":\"2023-06-02T07:40:54+00:00\",\"dateModified\":\"2023-06-02T10:03:00+00:00\",\"description\":\"91 Prozent der Menschen in Deutschland ist es wichtig, die kulturellen Angebote in Theaterh\u00e4usern f\u00fcr kommende Generationen zu erhalten.\",\"breadcrumb\":{\"@id\":\"https:\\\/\\\/www.musikzeitung.ch\\\/news\\\/2023\\\/06\\\/relevanzmonitor-kultur-2023-der-liz-mohn-stiftung#breadcrumb\"},\"inLanguage\":\"en-US\",\"potentialAction\":[{\"@type\":\"ReadAction\",\"target\":[\"https:\\\/\\\/www.musikzeitung.ch\\\/news\\\/2023\\\/06\\\/relevanzmonitor-kultur-2023-der-liz-mohn-stiftung\"]}]},{\"@type\":\"ImageObject\",\"inLanguage\":\"en-US\",\"@id\":\"https:\\\/\\\/www.musikzeitung.ch\\\/news\\\/2023\\\/06\\\/relevanzmonitor-kultur-2023-der-liz-mohn-stiftung#primaryimage\",\"url\":\"https:\\\/\\\/www.musikzeitung.ch\\\/wp-content\\\/uploads\\\/2023\\\/06\\\/230602opernhaus.jpg\",\"contentUrl\":\"https:\\\/\\\/www.musikzeitung.ch\\\/wp-content\\\/uploads\\\/2023\\\/06\\\/230602opernhaus.jpg\",\"width\":1344,\"height\":820,\"caption\":\"Symphoniekonzert der IJOA 2007 im Markgr\u00e4flichen Opernhaus (Bild: GB)\"},{\"@type\":\"BreadcrumbList\",\"@id\":\"https:\\\/\\\/www.musikzeitung.ch\\\/news\\\/2023\\\/06\\\/relevanzmonitor-kultur-2023-der-liz-mohn-stiftung#breadcrumb\",\"itemListElement\":[{\"@type\":\"ListItem\",\"position\":1,\"name\":\"Home\",\"item\":\"https:\\\/\\\/www.musikzeitung.ch\\\/\"},{\"@type\":\"ListItem\",\"position\":2,\"name\":\"Relevanzmonitor Kultur 2023 der Liz-Mohn-Stiftung\"}]},{\"@type\":\"WebSite\",\"@id\":\"https:\\\/\\\/www.musikzeitung.ch\\\/#website\",\"url\":\"https:\\\/\\\/www.musikzeitung.ch\\\/\",\"name\":\"Schweizer Musikzeitung\",\"description\":\"Die f\u00fchrende sparten\u00fcbergreifende Monatszeitung in der Schweiz f\u00fcr musikalische Fragen.\",\"publisher\":{\"@id\":\"https:\\\/\\\/www.musikzeitung.ch\\\/#organization\"},\"potentialAction\":[{\"@type\":\"SearchAction\",\"target\":{\"@type\":\"EntryPoint\",\"urlTemplate\":\"https:\\\/\\\/www.musikzeitung.ch\\\/?s={search_term_string}\"},\"query-input\":{\"@type\":\"PropertyValueSpecification\",\"valueRequired\":true,\"valueName\":\"search_term_string\"}}],\"inLanguage\":\"en-US\"},{\"@type\":\"Organization\",\"@id\":\"https:\\\/\\\/www.musikzeitung.ch\\\/#organization\",\"name\":\"Schweizer Musikzeitung\",\"url\":\"https:\\\/\\\/www.musikzeitung.ch\\\/\",\"logo\":{\"@type\":\"ImageObject\",\"inLanguage\":\"en-US\",\"@id\":\"https:\\\/\\\/www.musikzeitung.ch\\\/#\\\/schema\\\/logo\\\/image\\\/\",\"url\":\"https:\\\/\\\/www.musikzeitung.ch\\\/wp-content\\\/uploads\\\/2023\\\/01\\\/SMZ_Schriftzug_Sprache.png\",\"contentUrl\":\"https:\\\/\\\/www.musikzeitung.ch\\\/wp-content\\\/uploads\\\/2023\\\/01\\\/SMZ_Schriftzug_Sprache.png\",\"width\":1400,\"height\":279,\"caption\":\"Schweizer Musikzeitung\"},\"image\":{\"@id\":\"https:\\\/\\\/www.musikzeitung.ch\\\/#\\\/schema\\\/logo\\\/image\\\/\"},\"sameAs\":[\"https:\\\/\\\/www.facebook.com\\\/SchweizerMusikzeitung\\\/\",\"https:\\\/\\\/x.com\\\/smusikzeitung\",\"https:\\\/\\\/www.instagram.com\\\/musikzeitung.ch\\\/\"]},{\"@type\":\"Person\",\"@id\":\"https:\\\/\\\/www.musikzeitung.ch\\\/#\\\/schema\\\/person\\\/0da4fb82d243f1252850a35d0e87cf0c\",\"name\":\"Wolfgang B\u00f6hler\",\"image\":{\"@type\":\"ImageObject\",\"inLanguage\":\"en-US\",\"@id\":\"https:\\\/\\\/www.musikzeitung.ch\\\/wp-content\\\/uploads\\\/2023\\\/01\\\/boehler_portraet_web-e1674139782246-96x96.jpg\",\"url\":\"https:\\\/\\\/www.musikzeitung.ch\\\/wp-content\\\/uploads\\\/2023\\\/01\\\/boehler_portraet_web-e1674139782246-96x96.jpg\",\"contentUrl\":\"https:\\\/\\\/www.musikzeitung.ch\\\/wp-content\\\/uploads\\\/2023\\\/01\\\/boehler_portraet_web-e1674139782246-96x96.jpg\",\"caption\":\"Wolfgang B\u00f6hler\"},\"sameAs\":[\"http:\\\/\\\/www.manacanto.ch\",\"https:\\\/\\\/www.facebook.com\\\/wolfgang.bohler.75\"],\"url\":\"https:\\\/\\\/www.musikzeitung.ch\\\/en\\\/author\\\/wolfgang-boehler\"}]}<\/script>\n<!-- \/ Yoast SEO plugin. -->","yoast_head_json":{"title":"Relevanzmonitor Kultur 2023 der Liz-Mohn-Stiftung - Schweizer Musikzeitung","description":"91 Prozent der Menschen in Deutschland ist es wichtig, die kulturellen Angebote in Theaterh\u00e4usern f\u00fcr kommende Generationen zu erhalten.","robots":{"index":"index","follow":"follow","max-snippet":"max-snippet:-1","max-image-preview":"max-image-preview:large","max-video-preview":"max-video-preview:-1"},"canonical":"https:\/\/www.musikzeitung.ch\/en\/news\/2023\/06\/relevanzmonitor-kultur-2023-der-liz-mohn-stiftung\/","og_locale":"en_US","og_type":"article","og_title":"Relevanzmonitor Kultur 2023 der Liz-Mohn-Stiftung - Schweizer Musikzeitung","og_description":"91 Prozent der Menschen in Deutschland ist es wichtig, die kulturellen Angebote in Theaterh\u00e4usern f\u00fcr kommende Generationen zu erhalten.","og_url":"https:\/\/www.musikzeitung.ch\/en\/news\/2023\/06\/relevanzmonitor-kultur-2023-der-liz-mohn-stiftung\/","og_site_name":"Schweizer Musikzeitung","article_publisher":"https:\/\/www.facebook.com\/SchweizerMusikzeitung\/","article_author":"https:\/\/www.facebook.com\/wolfgang.bohler.75","article_published_time":"2023-06-02T07:40:54+00:00","article_modified_time":"2023-06-02T10:03:00+00:00","og_image":[{"width":1344,"height":820,"url":"https:\/\/www.musikzeitung.ch\/wp-content\/uploads\/2023\/06\/230602opernhaus.jpg","type":"image\/jpeg"}],"author":"Wolfgang B\u00f6hler","twitter_card":"summary_large_image","twitter_creator":"@smusikzeitung","twitter_site":"@smusikzeitung","twitter_misc":{"Written by":"Wolfgang B\u00f6hler","Est. reading time":"1 minute"},"schema":{"@context":"https:\/\/schema.org","@graph":[{"@type":"Article","@id":"https:\/\/www.musikzeitung.ch\/news\/2023\/06\/relevanzmonitor-kultur-2023-der-liz-mohn-stiftung#article","isPartOf":{"@id":"https:\/\/www.musikzeitung.ch\/news\/2023\/06\/relevanzmonitor-kultur-2023-der-liz-mohn-stiftung"},"author":{"name":"Wolfgang B\u00f6hler","@id":"https:\/\/www.musikzeitung.ch\/#\/schema\/person\/0da4fb82d243f1252850a35d0e87cf0c"},"headline":"Relevanzmonitor Kultur 2023 der Liz-Mohn-Stiftung","datePublished":"2023-06-02T07:40:54+00:00","dateModified":"2023-06-02T10:03:00+00:00","mainEntityOfPage":{"@id":"https:\/\/www.musikzeitung.ch\/news\/2023\/06\/relevanzmonitor-kultur-2023-der-liz-mohn-stiftung"},"wordCount":146,"publisher":{"@id":"https:\/\/www.musikzeitung.ch\/#organization"},"image":{"@id":"https:\/\/www.musikzeitung.ch\/news\/2023\/06\/relevanzmonitor-kultur-2023-der-liz-mohn-stiftung#primaryimage"},"thumbnailUrl":"https:\/\/www.musikzeitung.ch\/wp-content\/uploads\/2023\/06\/230602opernhaus.jpg","keywords":["Bertelsmann Stiftung","Relevanzmonitor Kultur"],"articleSection":["News"],"inLanguage":"en-US"},{"@type":"WebPage","@id":"https:\/\/www.musikzeitung.ch\/news\/2023\/06\/relevanzmonitor-kultur-2023-der-liz-mohn-stiftung","url":"https:\/\/www.musikzeitung.ch\/news\/2023\/06\/relevanzmonitor-kultur-2023-der-liz-mohn-stiftung","name":"Relevanzmonitor Kultur 2023 der Liz-Mohn-Stiftung - Schweizer Musikzeitung","isPartOf":{"@id":"https:\/\/www.musikzeitung.ch\/#website"},"primaryImageOfPage":{"@id":"https:\/\/www.musikzeitung.ch\/news\/2023\/06\/relevanzmonitor-kultur-2023-der-liz-mohn-stiftung#primaryimage"},"image":{"@id":"https:\/\/www.musikzeitung.ch\/news\/2023\/06\/relevanzmonitor-kultur-2023-der-liz-mohn-stiftung#primaryimage"},"thumbnailUrl":"https:\/\/www.musikzeitung.ch\/wp-content\/uploads\/2023\/06\/230602opernhaus.jpg","datePublished":"2023-06-02T07:40:54+00:00","dateModified":"2023-06-02T10:03:00+00:00","description":"91 Prozent der Menschen in Deutschland ist es wichtig, die kulturellen Angebote in Theaterh\u00e4usern f\u00fcr kommende Generationen zu erhalten.","breadcrumb":{"@id":"https:\/\/www.musikzeitung.ch\/news\/2023\/06\/relevanzmonitor-kultur-2023-der-liz-mohn-stiftung#breadcrumb"},"inLanguage":"en-US","potentialAction":[{"@type":"ReadAction","target":["https:\/\/www.musikzeitung.ch\/news\/2023\/06\/relevanzmonitor-kultur-2023-der-liz-mohn-stiftung"]}]},{"@type":"ImageObject","inLanguage":"en-US","@id":"https:\/\/www.musikzeitung.ch\/news\/2023\/06\/relevanzmonitor-kultur-2023-der-liz-mohn-stiftung#primaryimage","url":"https:\/\/www.musikzeitung.ch\/wp-content\/uploads\/2023\/06\/230602opernhaus.jpg","contentUrl":"https:\/\/www.musikzeitung.ch\/wp-content\/uploads\/2023\/06\/230602opernhaus.jpg","width":1344,"height":820,"caption":"Symphoniekonzert der IJOA 2007 im Markgr\u00e4flichen Opernhaus (Bild: GB)"},{"@type":"BreadcrumbList","@id":"https:\/\/www.musikzeitung.ch\/news\/2023\/06\/relevanzmonitor-kultur-2023-der-liz-mohn-stiftung#breadcrumb","itemListElement":[{"@type":"ListItem","position":1,"name":"Home","item":"https:\/\/www.musikzeitung.ch\/"},{"@type":"ListItem","position":2,"name":"Relevanzmonitor Kultur 2023 der Liz-Mohn-Stiftung"}]},{"@type":"WebSite","@id":"https:\/\/www.musikzeitung.ch\/#website","url":"https:\/\/www.musikzeitung.ch\/","name":"Swiss Music Newspaper","description":"The leading interdisciplinary monthly newspaper in Switzerland for musical issues.","publisher":{"@id":"https:\/\/www.musikzeitung.ch\/#organization"},"potentialAction":[{"@type":"SearchAction","target":{"@type":"EntryPoint","urlTemplate":"https:\/\/www.musikzeitung.ch\/?s={search_term_string}"},"query-input":{"@type":"PropertyValueSpecification","valueRequired":true,"valueName":"search_term_string"}}],"inLanguage":"en-US"},{"@type":"Organization","@id":"https:\/\/www.musikzeitung.ch\/#organization","name":"Swiss Music Newspaper","url":"https:\/\/www.musikzeitung.ch\/","logo":{"@type":"ImageObject","inLanguage":"en-US","@id":"https:\/\/www.musikzeitung.ch\/#\/schema\/logo\/image\/","url":"https:\/\/www.musikzeitung.ch\/wp-content\/uploads\/2023\/01\/SMZ_Schriftzug_Sprache.png","contentUrl":"https:\/\/www.musikzeitung.ch\/wp-content\/uploads\/2023\/01\/SMZ_Schriftzug_Sprache.png","width":1400,"height":279,"caption":"Schweizer Musikzeitung"},"image":{"@id":"https:\/\/www.musikzeitung.ch\/#\/schema\/logo\/image\/"},"sameAs":["https:\/\/www.facebook.com\/SchweizerMusikzeitung\/","https:\/\/x.com\/smusikzeitung","https:\/\/www.instagram.com\/musikzeitung.ch\/"]},{"@type":"Person","@id":"https:\/\/www.musikzeitung.ch\/#\/schema\/person\/0da4fb82d243f1252850a35d0e87cf0c","name":"Wolfgang B\u00f6hler","image":{"@type":"ImageObject","inLanguage":"en-US","@id":"https:\/\/www.musikzeitung.ch\/wp-content\/uploads\/2023\/01\/boehler_portraet_web-e1674139782246-96x96.jpg","url":"https:\/\/www.musikzeitung.ch\/wp-content\/uploads\/2023\/01\/boehler_portraet_web-e1674139782246-96x96.jpg","contentUrl":"https:\/\/www.musikzeitung.ch\/wp-content\/uploads\/2023\/01\/boehler_portraet_web-e1674139782246-96x96.jpg","caption":"Wolfgang B\u00f6hler"},"sameAs":["http:\/\/www.manacanto.ch","https:\/\/www.facebook.com\/wolfgang.bohler.75"],"url":"https:\/\/www.musikzeitung.ch\/en\/author\/wolfgang-boehler"}]}},"publishpress_future_workflow_manual_trigger":{"enabledWorkflows":[]},"_links":{"self":[{"href":"https:\/\/www.musikzeitung.ch\/en\/wp-json\/wp\/v2\/posts\/45262","targetHints":{"allow":["GET"]}}],"collection":[{"href":"https:\/\/www.musikzeitung.ch\/en\/wp-json\/wp\/v2\/posts"}],"about":[{"href":"https:\/\/www.musikzeitung.ch\/en\/wp-json\/wp\/v2\/types\/post"}],"author":[{"embeddable":true,"href":"https:\/\/www.musikzeitung.ch\/en\/wp-json\/wp\/v2\/users\/30"}],"replies":[{"embeddable":true,"href":"https:\/\/www.musikzeitung.ch\/en\/wp-json\/wp\/v2\/comments?post=45262"}],"version-history":[{"count":3,"href":"https:\/\/www.musikzeitung.ch\/en\/wp-json\/wp\/v2\/posts\/45262\/revisions"}],"predecessor-version":[{"id":45283,"href":"https:\/\/www.musikzeitung.ch\/en\/wp-json\/wp\/v2\/posts\/45262\/revisions\/45283"}],"wp:featuredmedia":[{"embeddable":true,"href":"https:\/\/www.musikzeitung.ch\/en\/wp-json\/wp\/v2\/media\/45267"}],"wp:attachment":[{"href":"https:\/\/www.musikzeitung.ch\/en\/wp-json\/wp\/v2\/media?parent=45262"}],"wp:term":[{"taxonomy":"category","embeddable":true,"href":"https:\/\/www.musikzeitung.ch\/en\/wp-json\/wp\/v2\/categories?post=45262"},{"taxonomy":"post_tag","embeddable":true,"href":"https:\/\/www.musikzeitung.ch\/en\/wp-json\/wp\/v2\/tags?post=45262"}],"curies":[{"name":"wp","href":"https:\/\/api.w.org\/{rel}","templated":true}]}}