{"id":45362,"date":"2023-06-07T09:04:45","date_gmt":"2023-06-07T07:04:45","guid":{"rendered":"https:\/\/www.musikzeitung.ch\/?p=45362"},"modified":"2023-06-07T09:55:39","modified_gmt":"2023-06-07T07:55:39","slug":"tod-der-komponistin-kaija-saariaho","status":"publish","type":"post","link":"https:\/\/www.musikzeitung.ch\/en\/news\/2023\/06\/tod-der-komponistin-kaija-saariaho","title":{"rendered":"Death of the composer Kaija Saariaho"},"content":{"rendered":"<figure id=\"attachment_45363\" aria-describedby=\"caption-attachment-45363\" style=\"width: 738px\" class=\"wp-caption aligncenter\"><img loading=\"lazy\" decoding=\"async\" class=\"wp-image-45363\" src=\"https:\/\/www.musikzeitung.ch\/wp-content\/uploads\/2023\/06\/230607saarhio.jpg\" alt=\"\" width=\"738\" height=\"487\" srcset=\"https:\/\/www.musikzeitung.ch\/wp-content\/uploads\/2023\/06\/230607saarhio.jpg 1112w, https:\/\/www.musikzeitung.ch\/wp-content\/uploads\/2023\/06\/230607saarhio-300x198.jpg 300w, https:\/\/www.musikzeitung.ch\/wp-content\/uploads\/2023\/06\/230607saarhio-1024x675.jpg 1024w, https:\/\/www.musikzeitung.ch\/wp-content\/uploads\/2023\/06\/230607saarhio-768x506.jpg 768w, https:\/\/www.musikzeitung.ch\/wp-content\/uploads\/2023\/06\/230607saarhio-265x175.jpg 265w, https:\/\/www.musikzeitung.ch\/wp-content\/uploads\/2023\/06\/230607saarhio-531x350.jpg 531w, https:\/\/www.musikzeitung.ch\/wp-content\/uploads\/2023\/06\/230607saarhio-920x606.jpg 920w\" sizes=\"auto, (max-width: 738px) 100vw, 738px\" \/><figcaption id=\"caption-attachment-45363\" class=\"wp-caption-text\">Kaija Saariaho (Image: Priska Ketterer)<\/figcaption><\/figure>\n<p>Kaija Saariaho studied composition in Helsinki, Freiburg (with Klaus Huber) and Paris, where she has lived since 1982 and conducted research at IRCAM. She has written operas and vocal works such as \"Ch\u00e2teau de l'\u00e2me\" (1996), \"Oltra mar\" (1999) and the oratorio \"La Passion de Simone\", which depicts the life and death of the philosopher Simone Weil.<\/p>\n<p>Saariaho was the recipient of the Grawemeyer Award, the Polar Music Prize and the BBVA Foundation's Frontiers of Knowledge Award, among others, making her one of the most highly endowed composers of her time. In 2012, Saariaho was elected an honorary member of the International Society for Contemporary Music (ISCM).<\/p>\n<p>In 2022, Saariaho's work \"Vista\" was performed at the Lucerne Festival by the Helsinki Philharmonic Orchestra under the direction of Susanna M\u00e4lkki.<\/p>","protected":false},"excerpt":{"rendered":"<p>Finnish composer Kaija Saariaho has died of cancer at the age of 70. <\/p>","protected":false},"author":30,"featured_media":45363,"comment_status":"closed","ping_status":"closed","sticky":false,"template":"","format":"standard","meta":{"_acf_changed":false,"_relevanssi_hide_post":"","_relevanssi_hide_content":"","_relevanssi_pin_for_all":"","_relevanssi_pin_keywords":"","_relevanssi_unpin_keywords":"","_relevanssi_related_keywords":"","_relevanssi_related_include_ids":"","_relevanssi_related_exclude_ids":"","_relevanssi_related_no_append":"","_relevanssi_related_not_related":"","_relevanssi_related_posts":"","_relevanssi_noindex_reason":"","pgc_sgb_lightbox_settings":"","footnotes":""},"categories":[27],"tags":[2542],"class_list":["post-45362","post","type-post","status-publish","format-standard","has-post-thumbnail","hentry","category-news","tag-kaija-saariaho"],"acf":[],"yoast_head":"<!-- This site is optimized with the Yoast SEO plugin v27.4 - https:\/\/yoast.com\/product\/yoast-seo-wordpress\/ -->\n<title>Tod der Komponistin Kaija Saariaho - Schweizer Musikzeitung<\/title>\n<meta name=\"robots\" content=\"index, follow, max-snippet:-1, max-image-preview:large, max-video-preview:-1\" \/>\n<link rel=\"canonical\" href=\"https:\/\/www.musikzeitung.ch\/en\/news\/2023\/06\/tod-der-komponistin-kaija-saariaho\/\" \/>\n<meta property=\"og:locale\" content=\"en_US\" \/>\n<meta property=\"og:type\" content=\"article\" \/>\n<meta property=\"og:title\" content=\"Tod der Komponistin Kaija Saariaho - Schweizer Musikzeitung\" \/>\n<meta property=\"og:description\" content=\"Die finnische Komponstin Kaija Saariaho ist im Alter von 70 Jahren den Folgen einer Krebserkrankung erlegen.\" \/>\n<meta property=\"og:url\" content=\"https:\/\/www.musikzeitung.ch\/en\/news\/2023\/06\/tod-der-komponistin-kaija-saariaho\/\" \/>\n<meta property=\"og:site_name\" content=\"Schweizer Musikzeitung\" \/>\n<meta property=\"article:publisher\" content=\"https:\/\/www.facebook.com\/SchweizerMusikzeitung\/\" \/>\n<meta property=\"article:author\" content=\"https:\/\/www.facebook.com\/wolfgang.bohler.75\" \/>\n<meta property=\"article:published_time\" content=\"2023-06-07T07:04:45+00:00\" \/>\n<meta property=\"article:modified_time\" content=\"2023-06-07T07:55:39+00:00\" \/>\n<meta property=\"og:image\" content=\"https:\/\/www.musikzeitung.ch\/wp-content\/uploads\/2023\/06\/230607saarhio.jpg\" \/>\n\t<meta property=\"og:image:width\" content=\"1112\" \/>\n\t<meta property=\"og:image:height\" content=\"733\" \/>\n\t<meta property=\"og:image:type\" content=\"image\/jpeg\" \/>\n<meta name=\"author\" content=\"Wolfgang B\u00f6hler\" \/>\n<meta name=\"twitter:card\" content=\"summary_large_image\" \/>\n<meta name=\"twitter:creator\" content=\"@smusikzeitung\" \/>\n<meta name=\"twitter:site\" content=\"@smusikzeitung\" \/>\n<meta name=\"twitter:label1\" content=\"Written by\" \/>\n\t<meta name=\"twitter:data1\" content=\"Wolfgang B\u00f6hler\" \/>\n\t<meta name=\"twitter:label2\" content=\"Est. reading time\" \/>\n\t<meta name=\"twitter:data2\" content=\"1 minute\" \/>\n<script type=\"application\/ld+json\" class=\"yoast-schema-graph\">{\"@context\":\"https:\\\/\\\/schema.org\",\"@graph\":[{\"@type\":\"Article\",\"@id\":\"https:\\\/\\\/www.musikzeitung.ch\\\/news\\\/2023\\\/06\\\/tod-der-komponistin-kaija-saariaho#article\",\"isPartOf\":{\"@id\":\"https:\\\/\\\/www.musikzeitung.ch\\\/news\\\/2023\\\/06\\\/tod-der-komponistin-kaija-saariaho\"},\"author\":{\"name\":\"Wolfgang B\u00f6hler\",\"@id\":\"https:\\\/\\\/www.musikzeitung.ch\\\/#\\\/schema\\\/person\\\/0da4fb82d243f1252850a35d0e87cf0c\"},\"headline\":\"Tod der Komponistin Kaija Saariaho\",\"datePublished\":\"2023-06-07T07:04:45+00:00\",\"dateModified\":\"2023-06-07T07:55:39+00:00\",\"mainEntityOfPage\":{\"@id\":\"https:\\\/\\\/www.musikzeitung.ch\\\/news\\\/2023\\\/06\\\/tod-der-komponistin-kaija-saariaho\"},\"wordCount\":134,\"publisher\":{\"@id\":\"https:\\\/\\\/www.musikzeitung.ch\\\/#organization\"},\"image\":{\"@id\":\"https:\\\/\\\/www.musikzeitung.ch\\\/news\\\/2023\\\/06\\\/tod-der-komponistin-kaija-saariaho#primaryimage\"},\"thumbnailUrl\":\"https:\\\/\\\/www.musikzeitung.ch\\\/wp-content\\\/uploads\\\/2023\\\/06\\\/230607saarhio.jpg\",\"keywords\":[\"Kaija Saariaho\"],\"articleSection\":[\"News\"],\"inLanguage\":\"en-US\"},{\"@type\":\"WebPage\",\"@id\":\"https:\\\/\\\/www.musikzeitung.ch\\\/news\\\/2023\\\/06\\\/tod-der-komponistin-kaija-saariaho\",\"url\":\"https:\\\/\\\/www.musikzeitung.ch\\\/news\\\/2023\\\/06\\\/tod-der-komponistin-kaija-saariaho\",\"name\":\"Tod der Komponistin Kaija Saariaho - Schweizer Musikzeitung\",\"isPartOf\":{\"@id\":\"https:\\\/\\\/www.musikzeitung.ch\\\/#website\"},\"primaryImageOfPage\":{\"@id\":\"https:\\\/\\\/www.musikzeitung.ch\\\/news\\\/2023\\\/06\\\/tod-der-komponistin-kaija-saariaho#primaryimage\"},\"image\":{\"@id\":\"https:\\\/\\\/www.musikzeitung.ch\\\/news\\\/2023\\\/06\\\/tod-der-komponistin-kaija-saariaho#primaryimage\"},\"thumbnailUrl\":\"https:\\\/\\\/www.musikzeitung.ch\\\/wp-content\\\/uploads\\\/2023\\\/06\\\/230607saarhio.jpg\",\"datePublished\":\"2023-06-07T07:04:45+00:00\",\"dateModified\":\"2023-06-07T07:55:39+00:00\",\"breadcrumb\":{\"@id\":\"https:\\\/\\\/www.musikzeitung.ch\\\/news\\\/2023\\\/06\\\/tod-der-komponistin-kaija-saariaho#breadcrumb\"},\"inLanguage\":\"en-US\",\"potentialAction\":[{\"@type\":\"ReadAction\",\"target\":[\"https:\\\/\\\/www.musikzeitung.ch\\\/news\\\/2023\\\/06\\\/tod-der-komponistin-kaija-saariaho\"]}]},{\"@type\":\"ImageObject\",\"inLanguage\":\"en-US\",\"@id\":\"https:\\\/\\\/www.musikzeitung.ch\\\/news\\\/2023\\\/06\\\/tod-der-komponistin-kaija-saariaho#primaryimage\",\"url\":\"https:\\\/\\\/www.musikzeitung.ch\\\/wp-content\\\/uploads\\\/2023\\\/06\\\/230607saarhio.jpg\",\"contentUrl\":\"https:\\\/\\\/www.musikzeitung.ch\\\/wp-content\\\/uploads\\\/2023\\\/06\\\/230607saarhio.jpg\",\"width\":1112,\"height\":733,\"caption\":\"Kaija Saariaho (bild: Priska Ketterer)\"},{\"@type\":\"BreadcrumbList\",\"@id\":\"https:\\\/\\\/www.musikzeitung.ch\\\/news\\\/2023\\\/06\\\/tod-der-komponistin-kaija-saariaho#breadcrumb\",\"itemListElement\":[{\"@type\":\"ListItem\",\"position\":1,\"name\":\"Home\",\"item\":\"https:\\\/\\\/www.musikzeitung.ch\\\/\"},{\"@type\":\"ListItem\",\"position\":2,\"name\":\"Tod der Komponistin Kaija Saariaho\"}]},{\"@type\":\"WebSite\",\"@id\":\"https:\\\/\\\/www.musikzeitung.ch\\\/#website\",\"url\":\"https:\\\/\\\/www.musikzeitung.ch\\\/\",\"name\":\"Schweizer Musikzeitung\",\"description\":\"Die f\u00fchrende sparten\u00fcbergreifende Monatszeitung in der Schweiz f\u00fcr musikalische Fragen.\",\"publisher\":{\"@id\":\"https:\\\/\\\/www.musikzeitung.ch\\\/#organization\"},\"potentialAction\":[{\"@type\":\"SearchAction\",\"target\":{\"@type\":\"EntryPoint\",\"urlTemplate\":\"https:\\\/\\\/www.musikzeitung.ch\\\/?s={search_term_string}\"},\"query-input\":{\"@type\":\"PropertyValueSpecification\",\"valueRequired\":true,\"valueName\":\"search_term_string\"}}],\"inLanguage\":\"en-US\"},{\"@type\":\"Organization\",\"@id\":\"https:\\\/\\\/www.musikzeitung.ch\\\/#organization\",\"name\":\"Schweizer Musikzeitung\",\"url\":\"https:\\\/\\\/www.musikzeitung.ch\\\/\",\"logo\":{\"@type\":\"ImageObject\",\"inLanguage\":\"en-US\",\"@id\":\"https:\\\/\\\/www.musikzeitung.ch\\\/#\\\/schema\\\/logo\\\/image\\\/\",\"url\":\"https:\\\/\\\/www.musikzeitung.ch\\\/wp-content\\\/uploads\\\/2023\\\/01\\\/SMZ_Schriftzug_Sprache.png\",\"contentUrl\":\"https:\\\/\\\/www.musikzeitung.ch\\\/wp-content\\\/uploads\\\/2023\\\/01\\\/SMZ_Schriftzug_Sprache.png\",\"width\":1400,\"height\":279,\"caption\":\"Schweizer Musikzeitung\"},\"image\":{\"@id\":\"https:\\\/\\\/www.musikzeitung.ch\\\/#\\\/schema\\\/logo\\\/image\\\/\"},\"sameAs\":[\"https:\\\/\\\/www.facebook.com\\\/SchweizerMusikzeitung\\\/\",\"https:\\\/\\\/x.com\\\/smusikzeitung\",\"https:\\\/\\\/www.instagram.com\\\/musikzeitung.ch\\\/\"]},{\"@type\":\"Person\",\"@id\":\"https:\\\/\\\/www.musikzeitung.ch\\\/#\\\/schema\\\/person\\\/0da4fb82d243f1252850a35d0e87cf0c\",\"name\":\"Wolfgang B\u00f6hler\",\"image\":{\"@type\":\"ImageObject\",\"inLanguage\":\"en-US\",\"@id\":\"https:\\\/\\\/www.musikzeitung.ch\\\/wp-content\\\/uploads\\\/2023\\\/01\\\/boehler_portraet_web-e1674139782246-96x96.jpg\",\"url\":\"https:\\\/\\\/www.musikzeitung.ch\\\/wp-content\\\/uploads\\\/2023\\\/01\\\/boehler_portraet_web-e1674139782246-96x96.jpg\",\"contentUrl\":\"https:\\\/\\\/www.musikzeitung.ch\\\/wp-content\\\/uploads\\\/2023\\\/01\\\/boehler_portraet_web-e1674139782246-96x96.jpg\",\"caption\":\"Wolfgang B\u00f6hler\"},\"sameAs\":[\"http:\\\/\\\/www.manacanto.ch\",\"https:\\\/\\\/www.facebook.com\\\/wolfgang.bohler.75\"],\"url\":\"https:\\\/\\\/www.musikzeitung.ch\\\/en\\\/author\\\/wolfgang-boehler\"}]}<\/script>\n<!-- \/ Yoast SEO plugin. -->","yoast_head_json":{"title":"Tod der Komponistin Kaija Saariaho - Schweizer Musikzeitung","robots":{"index":"index","follow":"follow","max-snippet":"max-snippet:-1","max-image-preview":"max-image-preview:large","max-video-preview":"max-video-preview:-1"},"canonical":"https:\/\/www.musikzeitung.ch\/en\/news\/2023\/06\/tod-der-komponistin-kaija-saariaho\/","og_locale":"en_US","og_type":"article","og_title":"Tod der Komponistin Kaija Saariaho - Schweizer Musikzeitung","og_description":"Die finnische Komponstin Kaija Saariaho ist im Alter von 70 Jahren den Folgen einer Krebserkrankung erlegen.","og_url":"https:\/\/www.musikzeitung.ch\/en\/news\/2023\/06\/tod-der-komponistin-kaija-saariaho\/","og_site_name":"Schweizer Musikzeitung","article_publisher":"https:\/\/www.facebook.com\/SchweizerMusikzeitung\/","article_author":"https:\/\/www.facebook.com\/wolfgang.bohler.75","article_published_time":"2023-06-07T07:04:45+00:00","article_modified_time":"2023-06-07T07:55:39+00:00","og_image":[{"width":1112,"height":733,"url":"https:\/\/www.musikzeitung.ch\/wp-content\/uploads\/2023\/06\/230607saarhio.jpg","type":"image\/jpeg"}],"author":"Wolfgang B\u00f6hler","twitter_card":"summary_large_image","twitter_creator":"@smusikzeitung","twitter_site":"@smusikzeitung","twitter_misc":{"Written by":"Wolfgang B\u00f6hler","Est. reading time":"1 minute"},"schema":{"@context":"https:\/\/schema.org","@graph":[{"@type":"Article","@id":"https:\/\/www.musikzeitung.ch\/news\/2023\/06\/tod-der-komponistin-kaija-saariaho#article","isPartOf":{"@id":"https:\/\/www.musikzeitung.ch\/news\/2023\/06\/tod-der-komponistin-kaija-saariaho"},"author":{"name":"Wolfgang B\u00f6hler","@id":"https:\/\/www.musikzeitung.ch\/#\/schema\/person\/0da4fb82d243f1252850a35d0e87cf0c"},"headline":"Tod der Komponistin Kaija Saariaho","datePublished":"2023-06-07T07:04:45+00:00","dateModified":"2023-06-07T07:55:39+00:00","mainEntityOfPage":{"@id":"https:\/\/www.musikzeitung.ch\/news\/2023\/06\/tod-der-komponistin-kaija-saariaho"},"wordCount":134,"publisher":{"@id":"https:\/\/www.musikzeitung.ch\/#organization"},"image":{"@id":"https:\/\/www.musikzeitung.ch\/news\/2023\/06\/tod-der-komponistin-kaija-saariaho#primaryimage"},"thumbnailUrl":"https:\/\/www.musikzeitung.ch\/wp-content\/uploads\/2023\/06\/230607saarhio.jpg","keywords":["Kaija Saariaho"],"articleSection":["News"],"inLanguage":"en-US"},{"@type":"WebPage","@id":"https:\/\/www.musikzeitung.ch\/news\/2023\/06\/tod-der-komponistin-kaija-saariaho","url":"https:\/\/www.musikzeitung.ch\/news\/2023\/06\/tod-der-komponistin-kaija-saariaho","name":"Tod der Komponistin Kaija Saariaho - Schweizer Musikzeitung","isPartOf":{"@id":"https:\/\/www.musikzeitung.ch\/#website"},"primaryImageOfPage":{"@id":"https:\/\/www.musikzeitung.ch\/news\/2023\/06\/tod-der-komponistin-kaija-saariaho#primaryimage"},"image":{"@id":"https:\/\/www.musikzeitung.ch\/news\/2023\/06\/tod-der-komponistin-kaija-saariaho#primaryimage"},"thumbnailUrl":"https:\/\/www.musikzeitung.ch\/wp-content\/uploads\/2023\/06\/230607saarhio.jpg","datePublished":"2023-06-07T07:04:45+00:00","dateModified":"2023-06-07T07:55:39+00:00","breadcrumb":{"@id":"https:\/\/www.musikzeitung.ch\/news\/2023\/06\/tod-der-komponistin-kaija-saariaho#breadcrumb"},"inLanguage":"en-US","potentialAction":[{"@type":"ReadAction","target":["https:\/\/www.musikzeitung.ch\/news\/2023\/06\/tod-der-komponistin-kaija-saariaho"]}]},{"@type":"ImageObject","inLanguage":"en-US","@id":"https:\/\/www.musikzeitung.ch\/news\/2023\/06\/tod-der-komponistin-kaija-saariaho#primaryimage","url":"https:\/\/www.musikzeitung.ch\/wp-content\/uploads\/2023\/06\/230607saarhio.jpg","contentUrl":"https:\/\/www.musikzeitung.ch\/wp-content\/uploads\/2023\/06\/230607saarhio.jpg","width":1112,"height":733,"caption":"Kaija Saariaho (bild: Priska Ketterer)"},{"@type":"BreadcrumbList","@id":"https:\/\/www.musikzeitung.ch\/news\/2023\/06\/tod-der-komponistin-kaija-saariaho#breadcrumb","itemListElement":[{"@type":"ListItem","position":1,"name":"Home","item":"https:\/\/www.musikzeitung.ch\/"},{"@type":"ListItem","position":2,"name":"Tod der Komponistin Kaija Saariaho"}]},{"@type":"WebSite","@id":"https:\/\/www.musikzeitung.ch\/#website","url":"https:\/\/www.musikzeitung.ch\/","name":"Swiss Music Newspaper","description":"The leading interdisciplinary monthly newspaper in Switzerland for musical issues.","publisher":{"@id":"https:\/\/www.musikzeitung.ch\/#organization"},"potentialAction":[{"@type":"SearchAction","target":{"@type":"EntryPoint","urlTemplate":"https:\/\/www.musikzeitung.ch\/?s={search_term_string}"},"query-input":{"@type":"PropertyValueSpecification","valueRequired":true,"valueName":"search_term_string"}}],"inLanguage":"en-US"},{"@type":"Organization","@id":"https:\/\/www.musikzeitung.ch\/#organization","name":"Swiss Music Newspaper","url":"https:\/\/www.musikzeitung.ch\/","logo":{"@type":"ImageObject","inLanguage":"en-US","@id":"https:\/\/www.musikzeitung.ch\/#\/schema\/logo\/image\/","url":"https:\/\/www.musikzeitung.ch\/wp-content\/uploads\/2023\/01\/SMZ_Schriftzug_Sprache.png","contentUrl":"https:\/\/www.musikzeitung.ch\/wp-content\/uploads\/2023\/01\/SMZ_Schriftzug_Sprache.png","width":1400,"height":279,"caption":"Schweizer Musikzeitung"},"image":{"@id":"https:\/\/www.musikzeitung.ch\/#\/schema\/logo\/image\/"},"sameAs":["https:\/\/www.facebook.com\/SchweizerMusikzeitung\/","https:\/\/x.com\/smusikzeitung","https:\/\/www.instagram.com\/musikzeitung.ch\/"]},{"@type":"Person","@id":"https:\/\/www.musikzeitung.ch\/#\/schema\/person\/0da4fb82d243f1252850a35d0e87cf0c","name":"Wolfgang B\u00f6hler","image":{"@type":"ImageObject","inLanguage":"en-US","@id":"https:\/\/www.musikzeitung.ch\/wp-content\/uploads\/2023\/01\/boehler_portraet_web-e1674139782246-96x96.jpg","url":"https:\/\/www.musikzeitung.ch\/wp-content\/uploads\/2023\/01\/boehler_portraet_web-e1674139782246-96x96.jpg","contentUrl":"https:\/\/www.musikzeitung.ch\/wp-content\/uploads\/2023\/01\/boehler_portraet_web-e1674139782246-96x96.jpg","caption":"Wolfgang B\u00f6hler"},"sameAs":["http:\/\/www.manacanto.ch","https:\/\/www.facebook.com\/wolfgang.bohler.75"],"url":"https:\/\/www.musikzeitung.ch\/en\/author\/wolfgang-boehler"}]}},"publishpress_future_workflow_manual_trigger":{"enabledWorkflows":[]},"_links":{"self":[{"href":"https:\/\/www.musikzeitung.ch\/en\/wp-json\/wp\/v2\/posts\/45362","targetHints":{"allow":["GET"]}}],"collection":[{"href":"https:\/\/www.musikzeitung.ch\/en\/wp-json\/wp\/v2\/posts"}],"about":[{"href":"https:\/\/www.musikzeitung.ch\/en\/wp-json\/wp\/v2\/types\/post"}],"author":[{"embeddable":true,"href":"https:\/\/www.musikzeitung.ch\/en\/wp-json\/wp\/v2\/users\/30"}],"replies":[{"embeddable":true,"href":"https:\/\/www.musikzeitung.ch\/en\/wp-json\/wp\/v2\/comments?post=45362"}],"version-history":[{"count":2,"href":"https:\/\/www.musikzeitung.ch\/en\/wp-json\/wp\/v2\/posts\/45362\/revisions"}],"predecessor-version":[{"id":45365,"href":"https:\/\/www.musikzeitung.ch\/en\/wp-json\/wp\/v2\/posts\/45362\/revisions\/45365"}],"wp:featuredmedia":[{"embeddable":true,"href":"https:\/\/www.musikzeitung.ch\/en\/wp-json\/wp\/v2\/media\/45363"}],"wp:attachment":[{"href":"https:\/\/www.musikzeitung.ch\/en\/wp-json\/wp\/v2\/media?parent=45362"}],"wp:term":[{"taxonomy":"category","embeddable":true,"href":"https:\/\/www.musikzeitung.ch\/en\/wp-json\/wp\/v2\/categories?post=45362"},{"taxonomy":"post_tag","embeddable":true,"href":"https:\/\/www.musikzeitung.ch\/en\/wp-json\/wp\/v2\/tags?post=45362"}],"curies":[{"name":"wp","href":"https:\/\/api.w.org\/{rel}","templated":true}]}}