{"id":45395,"date":"2023-06-08T12:02:43","date_gmt":"2023-06-08T10:02:43","guid":{"rendered":"https:\/\/www.musikzeitung.ch\/?p=45395"},"modified":"2023-06-07T17:33:18","modified_gmt":"2023-06-07T15:33:18","slug":"ingrid_lukas","status":"publish","type":"post","link":"https:\/\/www.musikzeitung.ch\/en\/rezensionen\/tontraeger-rezensionen\/2023\/06\/ingrid_lukas","title":{"rendered":"Melodies of life"},"content":{"rendered":"<figure id=\"attachment_45396\" aria-describedby=\"caption-attachment-45396\" style=\"width: 1738px\" class=\"wp-caption alignnone\"><img loading=\"lazy\" decoding=\"async\" class=\"wp-image-45396 size-full\" src=\"https:\/\/www.musikzeitung.ch\/wp-content\/uploads\/2023\/06\/Ingrid-Lukas.png\" alt=\"\" width=\"1738\" height=\"1176\" srcset=\"https:\/\/www.musikzeitung.ch\/wp-content\/uploads\/2023\/06\/Ingrid-Lukas.png 1400w, https:\/\/www.musikzeitung.ch\/wp-content\/uploads\/2023\/06\/Ingrid-Lukas-300x203.png 300w, https:\/\/www.musikzeitung.ch\/wp-content\/uploads\/2023\/06\/Ingrid-Lukas-1024x693.png 1024w, https:\/\/www.musikzeitung.ch\/wp-content\/uploads\/2023\/06\/Ingrid-Lukas-768x520.png 768w, https:\/\/www.musikzeitung.ch\/wp-content\/uploads\/2023\/06\/Ingrid-Lukas-1536x1039.png 1536w, https:\/\/www.musikzeitung.ch\/wp-content\/uploads\/2023\/06\/Ingrid-Lukas-259x175.png 259w, https:\/\/www.musikzeitung.ch\/wp-content\/uploads\/2023\/06\/Ingrid-Lukas-517x350.png 517w, https:\/\/www.musikzeitung.ch\/wp-content\/uploads\/2023\/06\/Ingrid-Lukas-1182x800.png 1182w, https:\/\/www.musikzeitung.ch\/wp-content\/uploads\/2023\/06\/Ingrid-Lukas-920x623.png 920w\" sizes=\"auto, (max-width: 1738px) 100vw, 1738px\" \/><figcaption id=\"caption-attachment-45396\" class=\"wp-caption-text\">Ingrid Lukas. Photo: zVg<\/figcaption><\/figure>\n<p>The title of the first album in eight years by Swiss-Estonian singer, songwriter and pianist Ingrid Lukas says it all. <em>Elumeloodia <\/em>is Estonian and means something like \"melody of life\". The long wait is - it will come as no surprise given the title - linked to the changes that the artist has experienced in recent years, some involuntarily, some voluntarily. The creative break began when long-time musical partner Patrik Zosso fell seriously ill - he has since made a full recovery and, together with keyboardist Ephrem L\u00fcchinger and bassist Manu Rindlisbacher, is now part of the core personnel of <em>Elumeloodia<\/em>. At the beginning of the enforced break, Lukas worked at a school for disadvantaged young people and observed the positive effect that musical activity can have. This insight stimulated her desire to study music therapy more intensively. She completed a Master's degree in this subject in Berlin and is now employed at the Barmelweid rehabilitation clinic in Aarau. This work in turn gave her a new perspective on her own needs. \"I used to just make music because it was something I was born with,\" she says. \"It was only during these eight years that I found out that I could do this <em>must<\/em>. Why it is my life's melody. That otherwise a part of me doesn't live.\"<\/p>\n<p>About half of the <em>Elumeloodia<\/em>-Some of her songs have Estonian lyrics, a few others are in English, and she performs one in an improvised spoken language. The choice of language is spontaneous in the same sense (it does not rule out Swiss-German lyrics in the future), as Lukas today strives to approach her music as un-head-heavy as possible. Thanks to the sovereign vocal and compositional serenity she has achieved during her time of introspection, she allows herself completely new stylistic and technical freedoms. The songs were partly improvised in the studio with the above-mentioned musicians and then processed with all kinds of digital tricks. The result is a mysteriously shimmering music where analog-recorded, electronically processed sounds and vocals intertwine seamlessly in meditative intensity. The moods range from percussively ritualistic <em>Rainspell <\/em>about the ambient improvisation of <em>Beginning<\/em> right up to the wonderful, Nordic-gospel title track. An extraordinarily gripping album that resolutely goes its own stylistic way in every respect.<img loading=\"lazy\" decoding=\"async\" class=\"aligncenter wp-image-45398 size-medium\" src=\"https:\/\/www.musikzeitung.ch\/wp-content\/uploads\/2023\/06\/06_crit_cd_Kuenzler-300x300.jpg\" alt=\"\" width=\"300\" height=\"300\" srcset=\"https:\/\/www.musikzeitung.ch\/wp-content\/uploads\/2023\/06\/06_crit_cd_Kuenzler-300x300.jpg 300w, https:\/\/www.musikzeitung.ch\/wp-content\/uploads\/2023\/06\/06_crit_cd_Kuenzler-175x175.jpg 175w, https:\/\/www.musikzeitung.ch\/wp-content\/uploads\/2023\/06\/06_crit_cd_Kuenzler-350x350.jpg 350w, https:\/\/www.musikzeitung.ch\/wp-content\/uploads\/2023\/06\/06_crit_cd_Kuenzler-250x250.jpg 250w, https:\/\/www.musikzeitung.ch\/wp-content\/uploads\/2023\/06\/06_crit_cd_Kuenzler-150x150.jpg 150w, https:\/\/www.musikzeitung.ch\/wp-content\/uploads\/2023\/06\/06_crit_cd_Kuenzler-100x100.jpg 100w, https:\/\/www.musikzeitung.ch\/wp-content\/uploads\/2023\/06\/06_crit_cd_Kuenzler-24x24.jpg 24w, https:\/\/www.musikzeitung.ch\/wp-content\/uploads\/2023\/06\/06_crit_cd_Kuenzler-48x48.jpg 48w, https:\/\/www.musikzeitung.ch\/wp-content\/uploads\/2023\/06\/06_crit_cd_Kuenzler-96x96.jpg 96w, https:\/\/www.musikzeitung.ch\/wp-content\/uploads\/2023\/06\/06_crit_cd_Kuenzler.jpg 717w\" sizes=\"auto, (max-width: 300px) 100vw, 300px\" \/><\/p>\n<p><em>Ingrid Lukas: Elumeloodia. Ronin Rhythm Records RON 032<\/em><\/p>","protected":false},"excerpt":{"rendered":"<p>After a long break, Ingrid Lukas presents an album that reflects her personal journey and offers mysteriously shimmering music.<\/p>","protected":false},"author":29,"featured_media":45396,"comment_status":"closed","ping_status":"closed","sticky":false,"template":"","format":"standard","meta":{"_acf_changed":false,"_relevanssi_hide_post":"","_relevanssi_hide_content":"","_relevanssi_pin_for_all":"","_relevanssi_pin_keywords":"","_relevanssi_unpin_keywords":"","_relevanssi_related_keywords":"","_relevanssi_related_include_ids":"","_relevanssi_related_exclude_ids":"","_relevanssi_related_no_append":"","_relevanssi_related_not_related":"","_relevanssi_related_posts":"","_relevanssi_noindex_reason":"","pgc_sgb_lightbox_settings":"","footnotes":""},"categories":[29,1420],"tags":[2557,2556,2553,2555,2554],"class_list":["post-45395","post","type-post","status-publish","format-standard","has-post-thumbnail","hentry","category-rezensionen","category-tontraeger-rezensionen","tag-elumeloodia","tag-ephrem-luechinger","tag-ingrid-lukas","tag-manu-rindlisbacher","tag-patrik-zosso"],"acf":[],"yoast_head":"<!-- This site is optimized with the Yoast SEO plugin v27.4 - https:\/\/yoast.com\/product\/yoast-seo-wordpress\/ -->\n<title>Melodien des Lebens - Schweizer Musikzeitung<\/title>\n<meta name=\"robots\" content=\"index, follow, max-snippet:-1, max-image-preview:large, max-video-preview:-1\" \/>\n<link rel=\"canonical\" href=\"https:\/\/www.musikzeitung.ch\/en\/rezensionen\/tontraeger-rezensionen\/2023\/06\/ingrid_lukas\/\" \/>\n<meta property=\"og:locale\" content=\"en_US\" \/>\n<meta property=\"og:type\" content=\"article\" \/>\n<meta property=\"og:title\" content=\"Melodien des Lebens - Schweizer Musikzeitung\" \/>\n<meta property=\"og:description\" content=\"Ingrid Lukas legt nach langer Pause ein Album vor, das ihren pers\u00f6nlichen Weg reflektiert und geheimnisvoll schimmernde Musik bietet.\" \/>\n<meta property=\"og:url\" content=\"https:\/\/www.musikzeitung.ch\/en\/rezensionen\/tontraeger-rezensionen\/2023\/06\/ingrid_lukas\/\" \/>\n<meta property=\"og:site_name\" content=\"Schweizer Musikzeitung\" \/>\n<meta property=\"article:publisher\" content=\"https:\/\/www.facebook.com\/SchweizerMusikzeitung\/\" \/>\n<meta property=\"article:published_time\" content=\"2023-06-08T10:02:43+00:00\" \/>\n<meta property=\"og:image\" content=\"https:\/\/www.musikzeitung.ch\/wp-content\/uploads\/2023\/06\/Ingrid-Lukas.png\" \/>\n\t<meta property=\"og:image:width\" content=\"1400\" \/>\n\t<meta property=\"og:image:height\" content=\"947\" \/>\n\t<meta property=\"og:image:type\" content=\"image\/png\" \/>\n<meta name=\"author\" content=\"pia.schwab\" \/>\n<meta name=\"twitter:card\" content=\"summary_large_image\" \/>\n<meta name=\"twitter:creator\" content=\"@smusikzeitung\" \/>\n<meta name=\"twitter:site\" content=\"@smusikzeitung\" \/>\n<meta name=\"twitter:label1\" content=\"Written by\" \/>\n\t<meta name=\"twitter:data1\" content=\"pia.schwab\" \/>\n\t<meta name=\"twitter:label2\" content=\"Est. reading time\" \/>\n\t<meta name=\"twitter:data2\" content=\"3 minutes\" \/>\n<script type=\"application\/ld+json\" class=\"yoast-schema-graph\">{\"@context\":\"https:\\\/\\\/schema.org\",\"@graph\":[{\"@type\":\"Article\",\"@id\":\"https:\\\/\\\/www.musikzeitung.ch\\\/rezensionen\\\/tontraeger-rezensionen\\\/2023\\\/06\\\/ingrid_lukas#article\",\"isPartOf\":{\"@id\":\"https:\\\/\\\/www.musikzeitung.ch\\\/rezensionen\\\/tontraeger-rezensionen\\\/2023\\\/06\\\/ingrid_lukas\"},\"author\":{\"name\":\"pia.schwab\",\"@id\":\"https:\\\/\\\/www.musikzeitung.ch\\\/#\\\/schema\\\/person\\\/ea3d7b86bd7157c78c7ddd37f2f82b5b\"},\"headline\":\"Melodien des Lebens\",\"datePublished\":\"2023-06-08T10:02:43+00:00\",\"mainEntityOfPage\":{\"@id\":\"https:\\\/\\\/www.musikzeitung.ch\\\/rezensionen\\\/tontraeger-rezensionen\\\/2023\\\/06\\\/ingrid_lukas\"},\"wordCount\":399,\"publisher\":{\"@id\":\"https:\\\/\\\/www.musikzeitung.ch\\\/#organization\"},\"image\":{\"@id\":\"https:\\\/\\\/www.musikzeitung.ch\\\/rezensionen\\\/tontraeger-rezensionen\\\/2023\\\/06\\\/ingrid_lukas#primaryimage\"},\"thumbnailUrl\":\"https:\\\/\\\/www.musikzeitung.ch\\\/wp-content\\\/uploads\\\/2023\\\/06\\\/Ingrid-Lukas.png\",\"keywords\":[\"Elumeloodia\",\"Ephrem L\u00fcchinger\",\"Ingrid Lukas\",\"Manu Rindlisbacher\",\"Patrik Zosso\"],\"articleSection\":[\"Rezensionen\",\"Tontr\u00e4ger\"],\"inLanguage\":\"en-US\"},{\"@type\":\"WebPage\",\"@id\":\"https:\\\/\\\/www.musikzeitung.ch\\\/rezensionen\\\/tontraeger-rezensionen\\\/2023\\\/06\\\/ingrid_lukas\",\"url\":\"https:\\\/\\\/www.musikzeitung.ch\\\/rezensionen\\\/tontraeger-rezensionen\\\/2023\\\/06\\\/ingrid_lukas\",\"name\":\"Melodien des Lebens - Schweizer Musikzeitung\",\"isPartOf\":{\"@id\":\"https:\\\/\\\/www.musikzeitung.ch\\\/#website\"},\"primaryImageOfPage\":{\"@id\":\"https:\\\/\\\/www.musikzeitung.ch\\\/rezensionen\\\/tontraeger-rezensionen\\\/2023\\\/06\\\/ingrid_lukas#primaryimage\"},\"image\":{\"@id\":\"https:\\\/\\\/www.musikzeitung.ch\\\/rezensionen\\\/tontraeger-rezensionen\\\/2023\\\/06\\\/ingrid_lukas#primaryimage\"},\"thumbnailUrl\":\"https:\\\/\\\/www.musikzeitung.ch\\\/wp-content\\\/uploads\\\/2023\\\/06\\\/Ingrid-Lukas.png\",\"datePublished\":\"2023-06-08T10:02:43+00:00\",\"breadcrumb\":{\"@id\":\"https:\\\/\\\/www.musikzeitung.ch\\\/rezensionen\\\/tontraeger-rezensionen\\\/2023\\\/06\\\/ingrid_lukas#breadcrumb\"},\"inLanguage\":\"en-US\",\"potentialAction\":[{\"@type\":\"ReadAction\",\"target\":[\"https:\\\/\\\/www.musikzeitung.ch\\\/rezensionen\\\/tontraeger-rezensionen\\\/2023\\\/06\\\/ingrid_lukas\"]}]},{\"@type\":\"ImageObject\",\"inLanguage\":\"en-US\",\"@id\":\"https:\\\/\\\/www.musikzeitung.ch\\\/rezensionen\\\/tontraeger-rezensionen\\\/2023\\\/06\\\/ingrid_lukas#primaryimage\",\"url\":\"https:\\\/\\\/www.musikzeitung.ch\\\/wp-content\\\/uploads\\\/2023\\\/06\\\/Ingrid-Lukas.png\",\"contentUrl\":\"https:\\\/\\\/www.musikzeitung.ch\\\/wp-content\\\/uploads\\\/2023\\\/06\\\/Ingrid-Lukas.png\",\"width\":1400,\"height\":947},{\"@type\":\"BreadcrumbList\",\"@id\":\"https:\\\/\\\/www.musikzeitung.ch\\\/rezensionen\\\/tontraeger-rezensionen\\\/2023\\\/06\\\/ingrid_lukas#breadcrumb\",\"itemListElement\":[{\"@type\":\"ListItem\",\"position\":1,\"name\":\"Home\",\"item\":\"https:\\\/\\\/www.musikzeitung.ch\\\/\"},{\"@type\":\"ListItem\",\"position\":2,\"name\":\"Melodien des Lebens\"}]},{\"@type\":\"WebSite\",\"@id\":\"https:\\\/\\\/www.musikzeitung.ch\\\/#website\",\"url\":\"https:\\\/\\\/www.musikzeitung.ch\\\/\",\"name\":\"Schweizer Musikzeitung\",\"description\":\"Die f\u00fchrende sparten\u00fcbergreifende Monatszeitung in der Schweiz f\u00fcr musikalische Fragen.\",\"publisher\":{\"@id\":\"https:\\\/\\\/www.musikzeitung.ch\\\/#organization\"},\"potentialAction\":[{\"@type\":\"SearchAction\",\"target\":{\"@type\":\"EntryPoint\",\"urlTemplate\":\"https:\\\/\\\/www.musikzeitung.ch\\\/?s={search_term_string}\"},\"query-input\":{\"@type\":\"PropertyValueSpecification\",\"valueRequired\":true,\"valueName\":\"search_term_string\"}}],\"inLanguage\":\"en-US\"},{\"@type\":\"Organization\",\"@id\":\"https:\\\/\\\/www.musikzeitung.ch\\\/#organization\",\"name\":\"Schweizer Musikzeitung\",\"url\":\"https:\\\/\\\/www.musikzeitung.ch\\\/\",\"logo\":{\"@type\":\"ImageObject\",\"inLanguage\":\"en-US\",\"@id\":\"https:\\\/\\\/www.musikzeitung.ch\\\/#\\\/schema\\\/logo\\\/image\\\/\",\"url\":\"https:\\\/\\\/www.musikzeitung.ch\\\/wp-content\\\/uploads\\\/2023\\\/01\\\/SMZ_Schriftzug_Sprache.png\",\"contentUrl\":\"https:\\\/\\\/www.musikzeitung.ch\\\/wp-content\\\/uploads\\\/2023\\\/01\\\/SMZ_Schriftzug_Sprache.png\",\"width\":1400,\"height\":279,\"caption\":\"Schweizer Musikzeitung\"},\"image\":{\"@id\":\"https:\\\/\\\/www.musikzeitung.ch\\\/#\\\/schema\\\/logo\\\/image\\\/\"},\"sameAs\":[\"https:\\\/\\\/www.facebook.com\\\/SchweizerMusikzeitung\\\/\",\"https:\\\/\\\/x.com\\\/smusikzeitung\",\"https:\\\/\\\/www.instagram.com\\\/musikzeitung.ch\\\/\"]},{\"@type\":\"Person\",\"@id\":\"https:\\\/\\\/www.musikzeitung.ch\\\/#\\\/schema\\\/person\\\/ea3d7b86bd7157c78c7ddd37f2f82b5b\",\"name\":\"pia.schwab\",\"image\":{\"@type\":\"ImageObject\",\"inLanguage\":\"en-US\",\"@id\":\"https:\\\/\\\/secure.gravatar.com\\\/avatar\\\/d39d170de4c2d07e897fbc26cf9d890fc046285c742207b86d8ebabe5fcde2c4?s=96&d=mm&r=g\",\"url\":\"https:\\\/\\\/secure.gravatar.com\\\/avatar\\\/d39d170de4c2d07e897fbc26cf9d890fc046285c742207b86d8ebabe5fcde2c4?s=96&d=mm&r=g\",\"contentUrl\":\"https:\\\/\\\/secure.gravatar.com\\\/avatar\\\/d39d170de4c2d07e897fbc26cf9d890fc046285c742207b86d8ebabe5fcde2c4?s=96&d=mm&r=g\",\"caption\":\"pia.schwab\"},\"url\":\"https:\\\/\\\/www.musikzeitung.ch\\\/en\\\/author\\\/pia-schwab\"}]}<\/script>\n<!-- \/ Yoast SEO plugin. -->","yoast_head_json":{"title":"Melodien des Lebens - Schweizer Musikzeitung","robots":{"index":"index","follow":"follow","max-snippet":"max-snippet:-1","max-image-preview":"max-image-preview:large","max-video-preview":"max-video-preview:-1"},"canonical":"https:\/\/www.musikzeitung.ch\/en\/rezensionen\/tontraeger-rezensionen\/2023\/06\/ingrid_lukas\/","og_locale":"en_US","og_type":"article","og_title":"Melodien des Lebens - Schweizer Musikzeitung","og_description":"Ingrid Lukas legt nach langer Pause ein Album vor, das ihren pers\u00f6nlichen Weg reflektiert und geheimnisvoll schimmernde Musik bietet.","og_url":"https:\/\/www.musikzeitung.ch\/en\/rezensionen\/tontraeger-rezensionen\/2023\/06\/ingrid_lukas\/","og_site_name":"Schweizer Musikzeitung","article_publisher":"https:\/\/www.facebook.com\/SchweizerMusikzeitung\/","article_published_time":"2023-06-08T10:02:43+00:00","og_image":[{"width":1400,"height":947,"url":"https:\/\/www.musikzeitung.ch\/wp-content\/uploads\/2023\/06\/Ingrid-Lukas.png","type":"image\/png"}],"author":"pia.schwab","twitter_card":"summary_large_image","twitter_creator":"@smusikzeitung","twitter_site":"@smusikzeitung","twitter_misc":{"Written by":"pia.schwab","Est. reading time":"3 minutes"},"schema":{"@context":"https:\/\/schema.org","@graph":[{"@type":"Article","@id":"https:\/\/www.musikzeitung.ch\/rezensionen\/tontraeger-rezensionen\/2023\/06\/ingrid_lukas#article","isPartOf":{"@id":"https:\/\/www.musikzeitung.ch\/rezensionen\/tontraeger-rezensionen\/2023\/06\/ingrid_lukas"},"author":{"name":"pia.schwab","@id":"https:\/\/www.musikzeitung.ch\/#\/schema\/person\/ea3d7b86bd7157c78c7ddd37f2f82b5b"},"headline":"Melodien des Lebens","datePublished":"2023-06-08T10:02:43+00:00","mainEntityOfPage":{"@id":"https:\/\/www.musikzeitung.ch\/rezensionen\/tontraeger-rezensionen\/2023\/06\/ingrid_lukas"},"wordCount":399,"publisher":{"@id":"https:\/\/www.musikzeitung.ch\/#organization"},"image":{"@id":"https:\/\/www.musikzeitung.ch\/rezensionen\/tontraeger-rezensionen\/2023\/06\/ingrid_lukas#primaryimage"},"thumbnailUrl":"https:\/\/www.musikzeitung.ch\/wp-content\/uploads\/2023\/06\/Ingrid-Lukas.png","keywords":["Elumeloodia","Ephrem L\u00fcchinger","Ingrid Lukas","Manu Rindlisbacher","Patrik Zosso"],"articleSection":["Rezensionen","Tontr\u00e4ger"],"inLanguage":"en-US"},{"@type":"WebPage","@id":"https:\/\/www.musikzeitung.ch\/rezensionen\/tontraeger-rezensionen\/2023\/06\/ingrid_lukas","url":"https:\/\/www.musikzeitung.ch\/rezensionen\/tontraeger-rezensionen\/2023\/06\/ingrid_lukas","name":"Melodien des Lebens - Schweizer Musikzeitung","isPartOf":{"@id":"https:\/\/www.musikzeitung.ch\/#website"},"primaryImageOfPage":{"@id":"https:\/\/www.musikzeitung.ch\/rezensionen\/tontraeger-rezensionen\/2023\/06\/ingrid_lukas#primaryimage"},"image":{"@id":"https:\/\/www.musikzeitung.ch\/rezensionen\/tontraeger-rezensionen\/2023\/06\/ingrid_lukas#primaryimage"},"thumbnailUrl":"https:\/\/www.musikzeitung.ch\/wp-content\/uploads\/2023\/06\/Ingrid-Lukas.png","datePublished":"2023-06-08T10:02:43+00:00","breadcrumb":{"@id":"https:\/\/www.musikzeitung.ch\/rezensionen\/tontraeger-rezensionen\/2023\/06\/ingrid_lukas#breadcrumb"},"inLanguage":"en-US","potentialAction":[{"@type":"ReadAction","target":["https:\/\/www.musikzeitung.ch\/rezensionen\/tontraeger-rezensionen\/2023\/06\/ingrid_lukas"]}]},{"@type":"ImageObject","inLanguage":"en-US","@id":"https:\/\/www.musikzeitung.ch\/rezensionen\/tontraeger-rezensionen\/2023\/06\/ingrid_lukas#primaryimage","url":"https:\/\/www.musikzeitung.ch\/wp-content\/uploads\/2023\/06\/Ingrid-Lukas.png","contentUrl":"https:\/\/www.musikzeitung.ch\/wp-content\/uploads\/2023\/06\/Ingrid-Lukas.png","width":1400,"height":947},{"@type":"BreadcrumbList","@id":"https:\/\/www.musikzeitung.ch\/rezensionen\/tontraeger-rezensionen\/2023\/06\/ingrid_lukas#breadcrumb","itemListElement":[{"@type":"ListItem","position":1,"name":"Home","item":"https:\/\/www.musikzeitung.ch\/"},{"@type":"ListItem","position":2,"name":"Melodien des Lebens"}]},{"@type":"WebSite","@id":"https:\/\/www.musikzeitung.ch\/#website","url":"https:\/\/www.musikzeitung.ch\/","name":"Swiss Music Newspaper","description":"The leading interdisciplinary monthly newspaper in Switzerland for musical issues.","publisher":{"@id":"https:\/\/www.musikzeitung.ch\/#organization"},"potentialAction":[{"@type":"SearchAction","target":{"@type":"EntryPoint","urlTemplate":"https:\/\/www.musikzeitung.ch\/?s={search_term_string}"},"query-input":{"@type":"PropertyValueSpecification","valueRequired":true,"valueName":"search_term_string"}}],"inLanguage":"en-US"},{"@type":"Organization","@id":"https:\/\/www.musikzeitung.ch\/#organization","name":"Swiss Music Newspaper","url":"https:\/\/www.musikzeitung.ch\/","logo":{"@type":"ImageObject","inLanguage":"en-US","@id":"https:\/\/www.musikzeitung.ch\/#\/schema\/logo\/image\/","url":"https:\/\/www.musikzeitung.ch\/wp-content\/uploads\/2023\/01\/SMZ_Schriftzug_Sprache.png","contentUrl":"https:\/\/www.musikzeitung.ch\/wp-content\/uploads\/2023\/01\/SMZ_Schriftzug_Sprache.png","width":1400,"height":279,"caption":"Schweizer Musikzeitung"},"image":{"@id":"https:\/\/www.musikzeitung.ch\/#\/schema\/logo\/image\/"},"sameAs":["https:\/\/www.facebook.com\/SchweizerMusikzeitung\/","https:\/\/x.com\/smusikzeitung","https:\/\/www.instagram.com\/musikzeitung.ch\/"]},{"@type":"Person","@id":"https:\/\/www.musikzeitung.ch\/#\/schema\/person\/ea3d7b86bd7157c78c7ddd37f2f82b5b","name":"pia.schwab","image":{"@type":"ImageObject","inLanguage":"en-US","@id":"https:\/\/secure.gravatar.com\/avatar\/d39d170de4c2d07e897fbc26cf9d890fc046285c742207b86d8ebabe5fcde2c4?s=96&d=mm&r=g","url":"https:\/\/secure.gravatar.com\/avatar\/d39d170de4c2d07e897fbc26cf9d890fc046285c742207b86d8ebabe5fcde2c4?s=96&d=mm&r=g","contentUrl":"https:\/\/secure.gravatar.com\/avatar\/d39d170de4c2d07e897fbc26cf9d890fc046285c742207b86d8ebabe5fcde2c4?s=96&d=mm&r=g","caption":"pia.schwab"},"url":"https:\/\/www.musikzeitung.ch\/en\/author\/pia-schwab"}]}},"publishpress_future_workflow_manual_trigger":{"enabledWorkflows":[]},"_links":{"self":[{"href":"https:\/\/www.musikzeitung.ch\/en\/wp-json\/wp\/v2\/posts\/45395","targetHints":{"allow":["GET"]}}],"collection":[{"href":"https:\/\/www.musikzeitung.ch\/en\/wp-json\/wp\/v2\/posts"}],"about":[{"href":"https:\/\/www.musikzeitung.ch\/en\/wp-json\/wp\/v2\/types\/post"}],"author":[{"embeddable":true,"href":"https:\/\/www.musikzeitung.ch\/en\/wp-json\/wp\/v2\/users\/29"}],"replies":[{"embeddable":true,"href":"https:\/\/www.musikzeitung.ch\/en\/wp-json\/wp\/v2\/comments?post=45395"}],"version-history":[{"count":2,"href":"https:\/\/www.musikzeitung.ch\/en\/wp-json\/wp\/v2\/posts\/45395\/revisions"}],"predecessor-version":[{"id":45417,"href":"https:\/\/www.musikzeitung.ch\/en\/wp-json\/wp\/v2\/posts\/45395\/revisions\/45417"}],"wp:featuredmedia":[{"embeddable":true,"href":"https:\/\/www.musikzeitung.ch\/en\/wp-json\/wp\/v2\/media\/45396"}],"wp:attachment":[{"href":"https:\/\/www.musikzeitung.ch\/en\/wp-json\/wp\/v2\/media?parent=45395"}],"wp:term":[{"taxonomy":"category","embeddable":true,"href":"https:\/\/www.musikzeitung.ch\/en\/wp-json\/wp\/v2\/categories?post=45395"},{"taxonomy":"post_tag","embeddable":true,"href":"https:\/\/www.musikzeitung.ch\/en\/wp-json\/wp\/v2\/tags?post=45395"}],"curies":[{"name":"wp","href":"https:\/\/api.w.org\/{rel}","templated":true}]}}