{"id":45522,"date":"2023-06-15T10:22:32","date_gmt":"2023-06-15T08:22:32","guid":{"rendered":"https:\/\/www.musikzeitung.ch\/?p=45522"},"modified":"2023-06-27T11:05:24","modified_gmt":"2023-06-27T09:05:24","slug":"filigranes-an-den-lucerne-guitar-concerts","status":"publish","type":"post","link":"https:\/\/www.musikzeitung.ch\/en\/berichte\/2023\/06\/filigranes-an-den-lucerne-guitar-concerts","title":{"rendered":"Filigree at the Lucerne Guitar Concerts"},"content":{"rendered":"<figure id=\"attachment_45523\" aria-describedby=\"caption-attachment-45523\" style=\"width: 1333px\" class=\"wp-caption alignnone\"><img loading=\"lazy\" decoding=\"async\" class=\"size-full wp-image-45523\" src=\"https:\/\/www.musikzeitung.ch\/wp-content\/uploads\/2023\/06\/07_08_Echo_Gitarrentage1.jpg\" alt=\"\" width=\"1333\" height=\"1000\" srcset=\"https:\/\/www.musikzeitung.ch\/wp-content\/uploads\/2023\/06\/07_08_Echo_Gitarrentage1.jpg 1333w, https:\/\/www.musikzeitung.ch\/wp-content\/uploads\/2023\/06\/07_08_Echo_Gitarrentage1-300x225.jpg 300w, https:\/\/www.musikzeitung.ch\/wp-content\/uploads\/2023\/06\/07_08_Echo_Gitarrentage1-1024x768.jpg 1024w, https:\/\/www.musikzeitung.ch\/wp-content\/uploads\/2023\/06\/07_08_Echo_Gitarrentage1-768x576.jpg 768w, https:\/\/www.musikzeitung.ch\/wp-content\/uploads\/2023\/06\/07_08_Echo_Gitarrentage1-1536x1152.jpg 1536w, https:\/\/www.musikzeitung.ch\/wp-content\/uploads\/2023\/06\/07_08_Echo_Gitarrentage1-2048x1536.jpg 2048w, https:\/\/www.musikzeitung.ch\/wp-content\/uploads\/2023\/06\/07_08_Echo_Gitarrentage1-233x175.jpg 233w, https:\/\/www.musikzeitung.ch\/wp-content\/uploads\/2023\/06\/07_08_Echo_Gitarrentage1-467x350.jpg 467w, https:\/\/www.musikzeitung.ch\/wp-content\/uploads\/2023\/06\/07_08_Echo_Gitarrentage1-1067x800.jpg 1067w, https:\/\/www.musikzeitung.ch\/wp-content\/uploads\/2023\/06\/07_08_Echo_Gitarrentage1-920x690.jpg 920w, https:\/\/www.musikzeitung.ch\/wp-content\/uploads\/2023\/06\/07_08_Echo_Gitarrentage1-1400x1050.jpg 1400w\" sizes=\"auto, (max-width: 1333px) 100vw, 1333px\" \/><figcaption id=\"caption-attachment-45523\" class=\"wp-caption-text\">sixty1strings at the Lucerne Guitar Concerts in the Neubad. Photo: Gregor Eisenhuth<\/figcaption><\/figure>\n<p>The concert guitar seems to have fallen out of time. In the 20th century, it stood for movements such as folk music, for conviviality around the campfire, intimate recitals in small groups and styles that sailed under the label \"world music\": Flamenco, bossa nova, jazz manouche. Storms of protest, such as those experienced by the later Nobel Prize winner Bob Dylan when he electrified his folk guitar, are unimaginable today. Current music production is becoming more and more digitalized and is increasingly taking place in artificial worlds in which music-making is becoming increasingly disembodied.<\/p>\n<p>The acoustic guitar has almost mutated into a symbol of resistance. In Switzerland, initiatives such as the F\u00f6rderverein klassische Gitarre Z\u00fcrich, the Ticino-based Amici della chitarra and the <a href=\"https:\/\/www.lucerneguitarconcerts.com\/%C3%BCber-uns\" target=\"_blank\" rel=\"noopener\">Lucerne Guitar Focus Association<\/a> high. The latter has organized four classical guitar concerts a year there since 2009 and bundled them into an annual festival during the pandemic, in which the guitar is increasingly shown in combination with chamber music.<\/p>\n<p>This year's program included a trio of guitar, harp and mandolin, a clarinet-guitar duo, a pure guitar duo and a violin-lute duo - in addition to solo concerts, workshops and an open stage. The association has also come up with something special to promote young talent: The concerts in Lucerne's Neubad were always introduced by short performances by students. This is an idea worth emulating.<\/p>\n<h3>Plucking to the power of three<\/h3>\n<p>It usually takes a moment to adjust your ears to the delicate soundscapes of the concert guitar. But once you are drawn into the filigree sounds, you may be in for a surprise. In recent years, the Brazilian Hamilton de Holanda and the Israeli Avi Avital have opened their ears to a relative of the plucked instrument, the mandolin. Xavier de Maistre has put the \"typical female instrument\", the harp, in the spotlight.<\/p>\n<p>The trio <a href=\"http:\/\/www.sixty1strings.de\/home\/\" target=\"_blank\" rel=\"noopener\">sixty1strings<\/a> showed in Lucerne that \"man-splucking\" is unnecessary in order to give these instruments the respect they deserve. The reason for founding the trio was the study of one of the few original compositions for this instrumentation: Hans Werner Henze's <em>Carillon, Recitatif, Masque<\/em>. Henze, who was born with the <em>Royal Winter Music<\/em> who made a singular contribution to the guitar repertoire of the 20th century, is very familiar with the possibilities of the instrument and shows a happy hand here too.<\/p>\n<p>Guitarist Negin Habibi, harpist Konstanze Kuss and mandolinist Ekaterina Solovey, among others, have also played the <em>Aquarium<\/em> from Saint-Sa\u00ebns <em>Carnival of the animals<\/em> arranged for themselves, and allow the highly poetic little work to appear in a completely new light. It would be difficult to listen to the original version after this amazing experience without remembering these perfectly fitting filigree sounds.<\/p>\n<h3>A bit of folk spirit<\/h3>\n<p>Something of the spirit of the folk movement shone through the duo <a href=\"https:\/\/www.zareksilberschmidt.com\/\" target=\"_blank\" rel=\"noopener\">Zarek Silberschmidt<\/a> &amp; George Ricci. First there was the story of the discovery of the New Zealand guitarist by the festival organizer Elise Tricoteaux: she had heard him play in the canteen of the Basel Music Academy and was thrilled by his virtuosity and creativity. Silberschmidt has indeed mastered a variety of styles such as jazz manouche, flamenco, blues, country and folk and manages to put his stamp on them without diluting their authenticity. In addition, he uses all the elements of the instrument for the most amazing percussion effects. Ricci complements him on the bass clarinet with Johnny Cash lines. On the Bb clarinet he contributed, among other things, an extremely sensitive, atmospherically first-class version of Kosmas <em>Feuilles mortes<\/em> with.<\/p>\n<figure id=\"attachment_45524\" aria-describedby=\"caption-attachment-45524\" style=\"width: 5038px\" class=\"wp-caption alignnone\"><img loading=\"lazy\" decoding=\"async\" class=\"size-full wp-image-45524\" src=\"https:\/\/www.musikzeitung.ch\/wp-content\/uploads\/2023\/06\/07_08_Echo_Gitarrentage2.jpg\" alt=\"\" width=\"5038\" height=\"3779\" srcset=\"https:\/\/www.musikzeitung.ch\/wp-content\/uploads\/2023\/06\/07_08_Echo_Gitarrentage2.jpg 1333w, https:\/\/www.musikzeitung.ch\/wp-content\/uploads\/2023\/06\/07_08_Echo_Gitarrentage2-300x225.jpg 300w, https:\/\/www.musikzeitung.ch\/wp-content\/uploads\/2023\/06\/07_08_Echo_Gitarrentage2-1024x768.jpg 1024w, https:\/\/www.musikzeitung.ch\/wp-content\/uploads\/2023\/06\/07_08_Echo_Gitarrentage2-768x576.jpg 768w, https:\/\/www.musikzeitung.ch\/wp-content\/uploads\/2023\/06\/07_08_Echo_Gitarrentage2-1536x1152.jpg 1536w, https:\/\/www.musikzeitung.ch\/wp-content\/uploads\/2023\/06\/07_08_Echo_Gitarrentage2-2048x1536.jpg 2048w, https:\/\/www.musikzeitung.ch\/wp-content\/uploads\/2023\/06\/07_08_Echo_Gitarrentage2-233x175.jpg 233w, https:\/\/www.musikzeitung.ch\/wp-content\/uploads\/2023\/06\/07_08_Echo_Gitarrentage2-467x350.jpg 467w, https:\/\/www.musikzeitung.ch\/wp-content\/uploads\/2023\/06\/07_08_Echo_Gitarrentage2-1067x800.jpg 1067w, https:\/\/www.musikzeitung.ch\/wp-content\/uploads\/2023\/06\/07_08_Echo_Gitarrentage2-920x690.jpg 920w, https:\/\/www.musikzeitung.ch\/wp-content\/uploads\/2023\/06\/07_08_Echo_Gitarrentage2-1400x1050.jpg 1400w\" sizes=\"auto, (max-width: 5038px) 100vw, 5038px\" \/><figcaption id=\"caption-attachment-45524\" class=\"wp-caption-text\">Duo Zarek Silberschmidt &amp; George Ricci. Photo: Gregor Eisenhuth<\/figcaption><\/figure>\n<p><em>The\u00a0 <a href=\"https:\/\/www.lucerneguitarconcerts.com\/\" target=\"_blank\" rel=\"noopener\">Lucerne Guitar Concerts<\/a> are organized by Elise Tricoteaux and Raoul Morat.\u00a0<\/em><\/p>","protected":false},"excerpt":{"rendered":"<p>The delicate sound worlds of the analog concert guitar and its chamber music playing companions were celebrated in Lucerne from May 18 to 21.<\/p>","protected":false},"author":23,"featured_media":45523,"comment_status":"closed","ping_status":"closed","sticky":false,"template":"","format":"standard","meta":{"_acf_changed":false,"_relevanssi_hide_post":"","_relevanssi_hide_content":"","_relevanssi_pin_for_all":"","_relevanssi_pin_keywords":"","_relevanssi_unpin_keywords":"","_relevanssi_related_keywords":"","_relevanssi_related_include_ids":"","_relevanssi_related_exclude_ids":"","_relevanssi_related_no_append":"","_relevanssi_related_not_related":"","_relevanssi_related_posts":"","_relevanssi_noindex_reason":"","pgc_sgb_lightbox_settings":"","footnotes":""},"categories":[1531,28],"tags":[2590,2593,2592,2589,2595,2591,2594],"class_list":["post-45522","post","type-post","status-publish","format-standard","has-post-thumbnail","hentry","category-auffuehrungen","category-berichte","tag-duo-zarek-silberschmidt-george-ricci","tag-elise-tricoteaux","tag-konzertgitarre","tag-lucerne-guitar-concerts","tag-raoul-morat","tag-sixty1strings","tag-verein-fokus-gitarre"],"acf":[],"yoast_head":"<!-- This site is optimized with the Yoast SEO plugin v27.5 - https:\/\/yoast.com\/product\/yoast-seo-wordpress\/ -->\n<title>Filigranes an den Lucerne Guitar Concerts - Schweizer Musikzeitung<\/title>\n<meta name=\"description\" content=\"Die delikaten Tonwelten der analogen Konzertgitarre und ihrer kammermusikalischen Spielkameraden wurden in Luzern gefeiert\" \/>\n<meta name=\"robots\" content=\"index, follow, max-snippet:-1, max-image-preview:large, max-video-preview:-1\" \/>\n<link rel=\"canonical\" href=\"https:\/\/www.musikzeitung.ch\/en\/berichte\/2023\/06\/filigranes-an-den-lucerne-guitar-concerts\/\" \/>\n<meta property=\"og:locale\" content=\"en_US\" \/>\n<meta property=\"og:type\" content=\"article\" \/>\n<meta property=\"og:title\" content=\"Filigranes an den Lucerne Guitar Concerts - Schweizer Musikzeitung\" \/>\n<meta property=\"og:description\" content=\"Die delikaten Tonwelten der analogen Konzertgitarre und ihrer kammermusikalischen Spielkameraden wurden in Luzern gefeiert\" \/>\n<meta property=\"og:url\" content=\"https:\/\/www.musikzeitung.ch\/en\/berichte\/2023\/06\/filigranes-an-den-lucerne-guitar-concerts\/\" \/>\n<meta property=\"og:site_name\" content=\"Schweizer Musikzeitung\" \/>\n<meta property=\"article:publisher\" content=\"https:\/\/www.facebook.com\/SchweizerMusikzeitung\/\" \/>\n<meta property=\"article:published_time\" content=\"2023-06-15T08:22:32+00:00\" \/>\n<meta property=\"article:modified_time\" content=\"2023-06-27T09:05:24+00:00\" \/>\n<meta property=\"og:image\" content=\"https:\/\/www.musikzeitung.ch\/wp-content\/uploads\/2023\/06\/07_08_Echo_Gitarrentage1.jpg\" \/>\n\t<meta property=\"og:image:width\" content=\"1333\" \/>\n\t<meta property=\"og:image:height\" content=\"1000\" \/>\n\t<meta property=\"og:image:type\" content=\"image\/jpeg\" \/>\n<meta name=\"author\" content=\"Katrin Spelinova\" \/>\n<meta name=\"twitter:card\" content=\"summary_large_image\" \/>\n<meta name=\"twitter:creator\" content=\"@testredaktor\" \/>\n<meta name=\"twitter:site\" content=\"@smusikzeitung\" \/>\n<meta name=\"twitter:label1\" content=\"Written by\" \/>\n\t<meta name=\"twitter:data1\" content=\"Katrin Spelinova\" \/>\n\t<meta name=\"twitter:label2\" content=\"Est. reading time\" \/>\n\t<meta name=\"twitter:data2\" content=\"4 minutes\" \/>\n<script type=\"application\/ld+json\" class=\"yoast-schema-graph\">{\"@context\":\"https:\\\/\\\/schema.org\",\"@graph\":[{\"@type\":\"Article\",\"@id\":\"https:\\\/\\\/www.musikzeitung.ch\\\/berichte\\\/2023\\\/06\\\/filigranes-an-den-lucerne-guitar-concerts#article\",\"isPartOf\":{\"@id\":\"https:\\\/\\\/www.musikzeitung.ch\\\/berichte\\\/2023\\\/06\\\/filigranes-an-den-lucerne-guitar-concerts\"},\"author\":{\"name\":\"Katrin Spelinova\",\"@id\":\"https:\\\/\\\/www.musikzeitung.ch\\\/#\\\/schema\\\/person\\\/dce7e5b820812d9af4db2f787d1bec92\"},\"headline\":\"Filigranes an den Lucerne Guitar Concerts\",\"datePublished\":\"2023-06-15T08:22:32+00:00\",\"dateModified\":\"2023-06-27T09:05:24+00:00\",\"mainEntityOfPage\":{\"@id\":\"https:\\\/\\\/www.musikzeitung.ch\\\/berichte\\\/2023\\\/06\\\/filigranes-an-den-lucerne-guitar-concerts\"},\"wordCount\":621,\"publisher\":{\"@id\":\"https:\\\/\\\/www.musikzeitung.ch\\\/#organization\"},\"image\":{\"@id\":\"https:\\\/\\\/www.musikzeitung.ch\\\/berichte\\\/2023\\\/06\\\/filigranes-an-den-lucerne-guitar-concerts#primaryimage\"},\"thumbnailUrl\":\"https:\\\/\\\/www.musikzeitung.ch\\\/wp-content\\\/uploads\\\/2023\\\/06\\\/07_08_Echo_Gitarrentage1.jpg\",\"keywords\":[\"Duo Zarek Silberschmidt &amp; George Ricci\",\"Elise Tricoteaux\",\"Konzertgitarre\",\"Lucerne Guitar Concerts\",\"Raoul Morat\",\"sixty1strings\",\"Verein Fokus Gitarre\"],\"articleSection\":[\"Auff\u00fchrungen\",\"Berichte\"],\"inLanguage\":\"en-US\"},{\"@type\":\"WebPage\",\"@id\":\"https:\\\/\\\/www.musikzeitung.ch\\\/berichte\\\/2023\\\/06\\\/filigranes-an-den-lucerne-guitar-concerts\",\"url\":\"https:\\\/\\\/www.musikzeitung.ch\\\/berichte\\\/2023\\\/06\\\/filigranes-an-den-lucerne-guitar-concerts\",\"name\":\"Filigranes an den Lucerne Guitar Concerts - Schweizer Musikzeitung\",\"isPartOf\":{\"@id\":\"https:\\\/\\\/www.musikzeitung.ch\\\/#website\"},\"primaryImageOfPage\":{\"@id\":\"https:\\\/\\\/www.musikzeitung.ch\\\/berichte\\\/2023\\\/06\\\/filigranes-an-den-lucerne-guitar-concerts#primaryimage\"},\"image\":{\"@id\":\"https:\\\/\\\/www.musikzeitung.ch\\\/berichte\\\/2023\\\/06\\\/filigranes-an-den-lucerne-guitar-concerts#primaryimage\"},\"thumbnailUrl\":\"https:\\\/\\\/www.musikzeitung.ch\\\/wp-content\\\/uploads\\\/2023\\\/06\\\/07_08_Echo_Gitarrentage1.jpg\",\"datePublished\":\"2023-06-15T08:22:32+00:00\",\"dateModified\":\"2023-06-27T09:05:24+00:00\",\"description\":\"Die delikaten Tonwelten der analogen Konzertgitarre und ihrer kammermusikalischen Spielkameraden wurden in Luzern gefeiert\",\"breadcrumb\":{\"@id\":\"https:\\\/\\\/www.musikzeitung.ch\\\/berichte\\\/2023\\\/06\\\/filigranes-an-den-lucerne-guitar-concerts#breadcrumb\"},\"inLanguage\":\"en-US\",\"potentialAction\":[{\"@type\":\"ReadAction\",\"target\":[\"https:\\\/\\\/www.musikzeitung.ch\\\/berichte\\\/2023\\\/06\\\/filigranes-an-den-lucerne-guitar-concerts\"]}]},{\"@type\":\"ImageObject\",\"inLanguage\":\"en-US\",\"@id\":\"https:\\\/\\\/www.musikzeitung.ch\\\/berichte\\\/2023\\\/06\\\/filigranes-an-den-lucerne-guitar-concerts#primaryimage\",\"url\":\"https:\\\/\\\/www.musikzeitung.ch\\\/wp-content\\\/uploads\\\/2023\\\/06\\\/07_08_Echo_Gitarrentage1.jpg\",\"contentUrl\":\"https:\\\/\\\/www.musikzeitung.ch\\\/wp-content\\\/uploads\\\/2023\\\/06\\\/07_08_Echo_Gitarrentage1.jpg\",\"width\":1333,\"height\":1000,\"caption\":\"sixty1strings an den Lucerne Guitar Concerts im Neubad. Foto: Gregor Eisenhuth\"},{\"@type\":\"BreadcrumbList\",\"@id\":\"https:\\\/\\\/www.musikzeitung.ch\\\/berichte\\\/2023\\\/06\\\/filigranes-an-den-lucerne-guitar-concerts#breadcrumb\",\"itemListElement\":[{\"@type\":\"ListItem\",\"position\":1,\"name\":\"Home\",\"item\":\"https:\\\/\\\/www.musikzeitung.ch\\\/\"},{\"@type\":\"ListItem\",\"position\":2,\"name\":\"Filigranes an den Lucerne Guitar Concerts\"}]},{\"@type\":\"WebSite\",\"@id\":\"https:\\\/\\\/www.musikzeitung.ch\\\/#website\",\"url\":\"https:\\\/\\\/www.musikzeitung.ch\\\/\",\"name\":\"Schweizer Musikzeitung\",\"description\":\"Die f\u00fchrende sparten\u00fcbergreifende Monatszeitung in der Schweiz f\u00fcr musikalische Fragen.\",\"publisher\":{\"@id\":\"https:\\\/\\\/www.musikzeitung.ch\\\/#organization\"},\"potentialAction\":[{\"@type\":\"SearchAction\",\"target\":{\"@type\":\"EntryPoint\",\"urlTemplate\":\"https:\\\/\\\/www.musikzeitung.ch\\\/?s={search_term_string}\"},\"query-input\":{\"@type\":\"PropertyValueSpecification\",\"valueRequired\":true,\"valueName\":\"search_term_string\"}}],\"inLanguage\":\"en-US\"},{\"@type\":\"Organization\",\"@id\":\"https:\\\/\\\/www.musikzeitung.ch\\\/#organization\",\"name\":\"Schweizer Musikzeitung\",\"url\":\"https:\\\/\\\/www.musikzeitung.ch\\\/\",\"logo\":{\"@type\":\"ImageObject\",\"inLanguage\":\"en-US\",\"@id\":\"https:\\\/\\\/www.musikzeitung.ch\\\/#\\\/schema\\\/logo\\\/image\\\/\",\"url\":\"https:\\\/\\\/www.musikzeitung.ch\\\/wp-content\\\/uploads\\\/2023\\\/01\\\/SMZ_Schriftzug_Sprache.png\",\"contentUrl\":\"https:\\\/\\\/www.musikzeitung.ch\\\/wp-content\\\/uploads\\\/2023\\\/01\\\/SMZ_Schriftzug_Sprache.png\",\"width\":1400,\"height\":279,\"caption\":\"Schweizer Musikzeitung\"},\"image\":{\"@id\":\"https:\\\/\\\/www.musikzeitung.ch\\\/#\\\/schema\\\/logo\\\/image\\\/\"},\"sameAs\":[\"https:\\\/\\\/www.facebook.com\\\/SchweizerMusikzeitung\\\/\",\"https:\\\/\\\/x.com\\\/smusikzeitung\",\"https:\\\/\\\/www.instagram.com\\\/musikzeitung.ch\\\/\"]},{\"@type\":\"Person\",\"@id\":\"https:\\\/\\\/www.musikzeitung.ch\\\/#\\\/schema\\\/person\\\/dce7e5b820812d9af4db2f787d1bec92\",\"name\":\"Katrin Spelinova\",\"image\":{\"@type\":\"ImageObject\",\"inLanguage\":\"en-US\",\"@id\":\"https:\\\/\\\/secure.gravatar.com\\\/avatar\\\/2a2c2956e074ebca9bf65620496cd2e317d90b8c76450e9dd04d7cebf95eeada?s=96&d=mm&r=g\",\"url\":\"https:\\\/\\\/secure.gravatar.com\\\/avatar\\\/2a2c2956e074ebca9bf65620496cd2e317d90b8c76450e9dd04d7cebf95eeada?s=96&d=mm&r=g\",\"contentUrl\":\"https:\\\/\\\/secure.gravatar.com\\\/avatar\\\/2a2c2956e074ebca9bf65620496cd2e317d90b8c76450e9dd04d7cebf95eeada?s=96&d=mm&r=g\",\"caption\":\"Katrin Spelinova\"},\"sameAs\":[\"https:\\\/\\\/x.com\\\/testredaktor\"],\"url\":\"https:\\\/\\\/www.musikzeitung.ch\\\/en\\\/author\\\/spelkat\"}]}<\/script>\n<!-- \/ Yoast SEO plugin. -->","yoast_head_json":{"title":"Filigranes an den Lucerne Guitar Concerts - Schweizer Musikzeitung","description":"Die delikaten Tonwelten der analogen Konzertgitarre und ihrer kammermusikalischen Spielkameraden wurden in Luzern gefeiert","robots":{"index":"index","follow":"follow","max-snippet":"max-snippet:-1","max-image-preview":"max-image-preview:large","max-video-preview":"max-video-preview:-1"},"canonical":"https:\/\/www.musikzeitung.ch\/en\/berichte\/2023\/06\/filigranes-an-den-lucerne-guitar-concerts\/","og_locale":"en_US","og_type":"article","og_title":"Filigranes an den Lucerne Guitar Concerts - Schweizer Musikzeitung","og_description":"Die delikaten Tonwelten der analogen Konzertgitarre und ihrer kammermusikalischen Spielkameraden wurden in Luzern gefeiert","og_url":"https:\/\/www.musikzeitung.ch\/en\/berichte\/2023\/06\/filigranes-an-den-lucerne-guitar-concerts\/","og_site_name":"Schweizer Musikzeitung","article_publisher":"https:\/\/www.facebook.com\/SchweizerMusikzeitung\/","article_published_time":"2023-06-15T08:22:32+00:00","article_modified_time":"2023-06-27T09:05:24+00:00","og_image":[{"width":1333,"height":1000,"url":"https:\/\/www.musikzeitung.ch\/wp-content\/uploads\/2023\/06\/07_08_Echo_Gitarrentage1.jpg","type":"image\/jpeg"}],"author":"Katrin Spelinova","twitter_card":"summary_large_image","twitter_creator":"@testredaktor","twitter_site":"@smusikzeitung","twitter_misc":{"Written by":"Katrin Spelinova","Est. reading time":"4 minutes"},"schema":{"@context":"https:\/\/schema.org","@graph":[{"@type":"Article","@id":"https:\/\/www.musikzeitung.ch\/berichte\/2023\/06\/filigranes-an-den-lucerne-guitar-concerts#article","isPartOf":{"@id":"https:\/\/www.musikzeitung.ch\/berichte\/2023\/06\/filigranes-an-den-lucerne-guitar-concerts"},"author":{"name":"Katrin Spelinova","@id":"https:\/\/www.musikzeitung.ch\/#\/schema\/person\/dce7e5b820812d9af4db2f787d1bec92"},"headline":"Filigranes an den Lucerne Guitar Concerts","datePublished":"2023-06-15T08:22:32+00:00","dateModified":"2023-06-27T09:05:24+00:00","mainEntityOfPage":{"@id":"https:\/\/www.musikzeitung.ch\/berichte\/2023\/06\/filigranes-an-den-lucerne-guitar-concerts"},"wordCount":621,"publisher":{"@id":"https:\/\/www.musikzeitung.ch\/#organization"},"image":{"@id":"https:\/\/www.musikzeitung.ch\/berichte\/2023\/06\/filigranes-an-den-lucerne-guitar-concerts#primaryimage"},"thumbnailUrl":"https:\/\/www.musikzeitung.ch\/wp-content\/uploads\/2023\/06\/07_08_Echo_Gitarrentage1.jpg","keywords":["Duo Zarek Silberschmidt &amp; George Ricci","Elise Tricoteaux","Konzertgitarre","Lucerne Guitar Concerts","Raoul Morat","sixty1strings","Verein Fokus Gitarre"],"articleSection":["Auff\u00fchrungen","Berichte"],"inLanguage":"en-US"},{"@type":"WebPage","@id":"https:\/\/www.musikzeitung.ch\/berichte\/2023\/06\/filigranes-an-den-lucerne-guitar-concerts","url":"https:\/\/www.musikzeitung.ch\/berichte\/2023\/06\/filigranes-an-den-lucerne-guitar-concerts","name":"Filigranes an den Lucerne Guitar Concerts - Schweizer Musikzeitung","isPartOf":{"@id":"https:\/\/www.musikzeitung.ch\/#website"},"primaryImageOfPage":{"@id":"https:\/\/www.musikzeitung.ch\/berichte\/2023\/06\/filigranes-an-den-lucerne-guitar-concerts#primaryimage"},"image":{"@id":"https:\/\/www.musikzeitung.ch\/berichte\/2023\/06\/filigranes-an-den-lucerne-guitar-concerts#primaryimage"},"thumbnailUrl":"https:\/\/www.musikzeitung.ch\/wp-content\/uploads\/2023\/06\/07_08_Echo_Gitarrentage1.jpg","datePublished":"2023-06-15T08:22:32+00:00","dateModified":"2023-06-27T09:05:24+00:00","description":"Die delikaten Tonwelten der analogen Konzertgitarre und ihrer kammermusikalischen Spielkameraden wurden in Luzern gefeiert","breadcrumb":{"@id":"https:\/\/www.musikzeitung.ch\/berichte\/2023\/06\/filigranes-an-den-lucerne-guitar-concerts#breadcrumb"},"inLanguage":"en-US","potentialAction":[{"@type":"ReadAction","target":["https:\/\/www.musikzeitung.ch\/berichte\/2023\/06\/filigranes-an-den-lucerne-guitar-concerts"]}]},{"@type":"ImageObject","inLanguage":"en-US","@id":"https:\/\/www.musikzeitung.ch\/berichte\/2023\/06\/filigranes-an-den-lucerne-guitar-concerts#primaryimage","url":"https:\/\/www.musikzeitung.ch\/wp-content\/uploads\/2023\/06\/07_08_Echo_Gitarrentage1.jpg","contentUrl":"https:\/\/www.musikzeitung.ch\/wp-content\/uploads\/2023\/06\/07_08_Echo_Gitarrentage1.jpg","width":1333,"height":1000,"caption":"sixty1strings an den Lucerne Guitar Concerts im Neubad. Foto: Gregor Eisenhuth"},{"@type":"BreadcrumbList","@id":"https:\/\/www.musikzeitung.ch\/berichte\/2023\/06\/filigranes-an-den-lucerne-guitar-concerts#breadcrumb","itemListElement":[{"@type":"ListItem","position":1,"name":"Home","item":"https:\/\/www.musikzeitung.ch\/"},{"@type":"ListItem","position":2,"name":"Filigranes an den Lucerne Guitar Concerts"}]},{"@type":"WebSite","@id":"https:\/\/www.musikzeitung.ch\/#website","url":"https:\/\/www.musikzeitung.ch\/","name":"Swiss Music Newspaper","description":"The leading interdisciplinary monthly newspaper in Switzerland for musical issues.","publisher":{"@id":"https:\/\/www.musikzeitung.ch\/#organization"},"potentialAction":[{"@type":"SearchAction","target":{"@type":"EntryPoint","urlTemplate":"https:\/\/www.musikzeitung.ch\/?s={search_term_string}"},"query-input":{"@type":"PropertyValueSpecification","valueRequired":true,"valueName":"search_term_string"}}],"inLanguage":"en-US"},{"@type":"Organization","@id":"https:\/\/www.musikzeitung.ch\/#organization","name":"Swiss Music Newspaper","url":"https:\/\/www.musikzeitung.ch\/","logo":{"@type":"ImageObject","inLanguage":"en-US","@id":"https:\/\/www.musikzeitung.ch\/#\/schema\/logo\/image\/","url":"https:\/\/www.musikzeitung.ch\/wp-content\/uploads\/2023\/01\/SMZ_Schriftzug_Sprache.png","contentUrl":"https:\/\/www.musikzeitung.ch\/wp-content\/uploads\/2023\/01\/SMZ_Schriftzug_Sprache.png","width":1400,"height":279,"caption":"Schweizer Musikzeitung"},"image":{"@id":"https:\/\/www.musikzeitung.ch\/#\/schema\/logo\/image\/"},"sameAs":["https:\/\/www.facebook.com\/SchweizerMusikzeitung\/","https:\/\/x.com\/smusikzeitung","https:\/\/www.instagram.com\/musikzeitung.ch\/"]},{"@type":"Person","@id":"https:\/\/www.musikzeitung.ch\/#\/schema\/person\/dce7e5b820812d9af4db2f787d1bec92","name":"Katrin Spelinova","image":{"@type":"ImageObject","inLanguage":"en-US","@id":"https:\/\/secure.gravatar.com\/avatar\/2a2c2956e074ebca9bf65620496cd2e317d90b8c76450e9dd04d7cebf95eeada?s=96&d=mm&r=g","url":"https:\/\/secure.gravatar.com\/avatar\/2a2c2956e074ebca9bf65620496cd2e317d90b8c76450e9dd04d7cebf95eeada?s=96&d=mm&r=g","contentUrl":"https:\/\/secure.gravatar.com\/avatar\/2a2c2956e074ebca9bf65620496cd2e317d90b8c76450e9dd04d7cebf95eeada?s=96&d=mm&r=g","caption":"Katrin Spelinova"},"sameAs":["https:\/\/x.com\/testredaktor"],"url":"https:\/\/www.musikzeitung.ch\/en\/author\/spelkat"}]}},"publishpress_future_workflow_manual_trigger":{"enabledWorkflows":[]},"_links":{"self":[{"href":"https:\/\/www.musikzeitung.ch\/en\/wp-json\/wp\/v2\/posts\/45522","targetHints":{"allow":["GET"]}}],"collection":[{"href":"https:\/\/www.musikzeitung.ch\/en\/wp-json\/wp\/v2\/posts"}],"about":[{"href":"https:\/\/www.musikzeitung.ch\/en\/wp-json\/wp\/v2\/types\/post"}],"author":[{"embeddable":true,"href":"https:\/\/www.musikzeitung.ch\/en\/wp-json\/wp\/v2\/users\/23"}],"replies":[{"embeddable":true,"href":"https:\/\/www.musikzeitung.ch\/en\/wp-json\/wp\/v2\/comments?post=45522"}],"version-history":[{"count":3,"href":"https:\/\/www.musikzeitung.ch\/en\/wp-json\/wp\/v2\/posts\/45522\/revisions"}],"predecessor-version":[{"id":45527,"href":"https:\/\/www.musikzeitung.ch\/en\/wp-json\/wp\/v2\/posts\/45522\/revisions\/45527"}],"wp:featuredmedia":[{"embeddable":true,"href":"https:\/\/www.musikzeitung.ch\/en\/wp-json\/wp\/v2\/media\/45523"}],"wp:attachment":[{"href":"https:\/\/www.musikzeitung.ch\/en\/wp-json\/wp\/v2\/media?parent=45522"}],"wp:term":[{"taxonomy":"category","embeddable":true,"href":"https:\/\/www.musikzeitung.ch\/en\/wp-json\/wp\/v2\/categories?post=45522"},{"taxonomy":"post_tag","embeddable":true,"href":"https:\/\/www.musikzeitung.ch\/en\/wp-json\/wp\/v2\/tags?post=45522"}],"curies":[{"name":"wp","href":"https:\/\/api.w.org\/{rel}","templated":true}]}}