{"id":45709,"date":"2023-06-27T05:21:15","date_gmt":"2023-06-27T03:21:15","guid":{"rendered":"https:\/\/www.musikzeitung.ch\/?p=45709"},"modified":"2023-09-06T09:18:29","modified_gmt":"2023-09-06T07:18:29","slug":"reger-klarinettist-hermann-wiebel","status":"publish","type":"post","link":"https:\/\/www.musikzeitung.ch\/en\/dossiers\/2023\/06\/reger-klarinettist-hermann-wiebel","title":{"rendered":"The \"Reger clarinettist\" Hermann Wiebel"},"content":{"rendered":"<figure id=\"attachment_45711\" aria-describedby=\"caption-attachment-45711\" style=\"width: 465px\" class=\"wp-caption alignnone\"><img loading=\"lazy\" decoding=\"async\" class=\"wp-image-45711 size-full\" src=\"https:\/\/www.musikzeitung.ch\/wp-content\/uploads\/2023\/06\/WW.jpg\" alt=\"\" width=\"465\" height=\"210\" srcset=\"https:\/\/www.musikzeitung.ch\/wp-content\/uploads\/2023\/06\/WW.jpg 465w, https:\/\/www.musikzeitung.ch\/wp-content\/uploads\/2023\/06\/WW-300x135.jpg 300w, https:\/\/www.musikzeitung.ch\/wp-content\/uploads\/2023\/06\/WW-375x169.jpg 375w\" sizes=\"auto, (max-width: 465px) 100vw, 465px\" \/><figcaption id=\"caption-attachment-45711\" class=\"wp-caption-text\">The Tonhalle Orchestra with (left) Friedrich Hegar. Third row, 2nd from right: Hermann Wiebel. (Detail of a photo from 1906, Architectural History Archive of the City of Zurich, Camille Ruf)<\/figcaption><\/figure>\n<p>A short version of the article appeared in issue 7_8\/2023 <em>The \"Reger clarinettist\" Hermann Wiebel <\/em>by Harald Strebel (page 30 f.).<\/p>\n<p>The detailed 20-page PDF version can be downloaded here. This PDF document was created by the editors of <em>Swiss Music Newspaper<\/em> not edited and is published in the original version by the clarinettist and freelance musicologist Harald Strebel.<\/p>\n<p><a href=\"https:\/\/www.musikzeitung.ch\/wp-content\/uploads\/2023\/06\/07_08_Echo_Wiebel_WEBSITE.pdf\" target=\"_blank\" rel=\"noopener\"><strong>The \"Reger clarinettist\" Hermann Wiebel - Download<\/strong><\/a><\/p>\n<p>&nbsp;<\/p>","protected":false},"excerpt":{"rendered":"<p>Before succeeding the \"Brahms clarinettist\" Richard M\u00fchlfeld in the Meiningen Court Orchestra, Hermann Wiebel was principal clarinettist of the Zurich Tonhalle Orchestra for several years. <\/p>","protected":false},"author":23,"featured_media":45711,"comment_status":"closed","ping_status":"closed","sticky":false,"template":"","format":"standard","meta":{"_acf_changed":false,"_relevanssi_hide_post":"","_relevanssi_hide_content":"","_relevanssi_pin_for_all":"","_relevanssi_pin_keywords":"","_relevanssi_unpin_keywords":"","_relevanssi_related_keywords":"","_relevanssi_related_include_ids":"","_relevanssi_related_exclude_ids":"","_relevanssi_related_no_append":"","_relevanssi_related_not_related":"","_relevanssi_related_posts":"","_relevanssi_noindex_reason":"","pgc_sgb_lightbox_settings":"","footnotes":""},"categories":[1623,1624],"tags":[2648,2583,2650,2652,2649,2651],"class_list":["post-45709","post","type-post","status-publish","format-standard","has-post-thumbnail","hentry","category-dossiers","category-personen","tag-hermann-wiebel","tag-max-reger","tag-meininger-hofkapelle","tag-richard-hofmann","tag-richard-muehlfeld","tag-zuercher-tonhalle-orchester"],"acf":[],"yoast_head":"<!-- This site is optimized with the Yoast SEO plugin v27.4 - https:\/\/yoast.com\/product\/yoast-seo-wordpress\/ -->\n<title>Der \u00abReger-Klarinettist\u00bb Hermann Wiebel - Schweizer Musikzeitung<\/title>\n<meta name=\"description\" content=\"Bevor er in der Meininger Hofkapelle wirkte, war Hermann Wiebel einige Jahre Soloklarinettist des Z\u00fcrcher Tonhalle-Orchesters.\" \/>\n<meta name=\"robots\" content=\"index, follow, max-snippet:-1, max-image-preview:large, max-video-preview:-1\" \/>\n<link rel=\"canonical\" href=\"https:\/\/www.musikzeitung.ch\/en\/dossiers\/2023\/06\/reger-klarinettist-hermann-wiebel\/\" \/>\n<meta property=\"og:locale\" content=\"en_US\" \/>\n<meta property=\"og:type\" content=\"article\" \/>\n<meta property=\"og:title\" content=\"Der \u00abReger-Klarinettist\u00bb Hermann Wiebel - Schweizer Musikzeitung\" \/>\n<meta property=\"og:description\" content=\"Bevor er in der Meininger Hofkapelle wirkte, war Hermann Wiebel einige Jahre Soloklarinettist des Z\u00fcrcher Tonhalle-Orchesters.\" \/>\n<meta property=\"og:url\" content=\"https:\/\/www.musikzeitung.ch\/en\/dossiers\/2023\/06\/reger-klarinettist-hermann-wiebel\/\" \/>\n<meta property=\"og:site_name\" content=\"Schweizer Musikzeitung\" \/>\n<meta property=\"article:publisher\" content=\"https:\/\/www.facebook.com\/SchweizerMusikzeitung\/\" \/>\n<meta property=\"article:published_time\" content=\"2023-06-27T03:21:15+00:00\" \/>\n<meta property=\"article:modified_time\" content=\"2023-09-06T07:18:29+00:00\" \/>\n<meta property=\"og:image\" content=\"https:\/\/www.musikzeitung.ch\/wp-content\/uploads\/2023\/06\/WW.jpg\" \/>\n\t<meta property=\"og:image:width\" content=\"465\" \/>\n\t<meta property=\"og:image:height\" content=\"210\" \/>\n\t<meta property=\"og:image:type\" content=\"image\/jpeg\" \/>\n<meta name=\"author\" content=\"Katrin Spelinova\" \/>\n<meta name=\"twitter:card\" content=\"summary_large_image\" \/>\n<meta name=\"twitter:creator\" content=\"@testredaktor\" \/>\n<meta name=\"twitter:site\" content=\"@smusikzeitung\" \/>\n<meta name=\"twitter:label1\" content=\"Written by\" \/>\n\t<meta name=\"twitter:data1\" content=\"Katrin Spelinova\" \/>\n\t<meta name=\"twitter:label2\" content=\"Est. reading time\" \/>\n\t<meta name=\"twitter:data2\" content=\"1 minute\" \/>\n<script type=\"application\/ld+json\" class=\"yoast-schema-graph\">{\"@context\":\"https:\\\/\\\/schema.org\",\"@graph\":[{\"@type\":\"Article\",\"@id\":\"https:\\\/\\\/www.musikzeitung.ch\\\/dossiers\\\/2023\\\/06\\\/reger-klarinettist-hermann-wiebel#article\",\"isPartOf\":{\"@id\":\"https:\\\/\\\/www.musikzeitung.ch\\\/dossiers\\\/2023\\\/06\\\/reger-klarinettist-hermann-wiebel\"},\"author\":{\"name\":\"Katrin Spelinova\",\"@id\":\"https:\\\/\\\/www.musikzeitung.ch\\\/#\\\/schema\\\/person\\\/dce7e5b820812d9af4db2f787d1bec92\"},\"headline\":\"Der \u00abReger-Klarinettist\u00bb Hermann Wiebel\",\"datePublished\":\"2023-06-27T03:21:15+00:00\",\"dateModified\":\"2023-09-06T07:18:29+00:00\",\"mainEntityOfPage\":{\"@id\":\"https:\\\/\\\/www.musikzeitung.ch\\\/dossiers\\\/2023\\\/06\\\/reger-klarinettist-hermann-wiebel\"},\"wordCount\":91,\"publisher\":{\"@id\":\"https:\\\/\\\/www.musikzeitung.ch\\\/#organization\"},\"image\":{\"@id\":\"https:\\\/\\\/www.musikzeitung.ch\\\/dossiers\\\/2023\\\/06\\\/reger-klarinettist-hermann-wiebel#primaryimage\"},\"thumbnailUrl\":\"https:\\\/\\\/www.musikzeitung.ch\\\/wp-content\\\/uploads\\\/2023\\\/06\\\/WW.jpg\",\"keywords\":[\"Hermann Wiebel\",\"Max Reger\",\"Meininger Hofkapelle\",\"Richard Hofmann\",\"Richard M\u00fchlfeld\",\"Z\u00fcrcher Tonhalle-Orchester\"],\"articleSection\":[\"Dossiers\",\"Personen\"],\"inLanguage\":\"en-US\"},{\"@type\":\"WebPage\",\"@id\":\"https:\\\/\\\/www.musikzeitung.ch\\\/dossiers\\\/2023\\\/06\\\/reger-klarinettist-hermann-wiebel\",\"url\":\"https:\\\/\\\/www.musikzeitung.ch\\\/dossiers\\\/2023\\\/06\\\/reger-klarinettist-hermann-wiebel\",\"name\":\"Der \u00abReger-Klarinettist\u00bb Hermann Wiebel - Schweizer Musikzeitung\",\"isPartOf\":{\"@id\":\"https:\\\/\\\/www.musikzeitung.ch\\\/#website\"},\"primaryImageOfPage\":{\"@id\":\"https:\\\/\\\/www.musikzeitung.ch\\\/dossiers\\\/2023\\\/06\\\/reger-klarinettist-hermann-wiebel#primaryimage\"},\"image\":{\"@id\":\"https:\\\/\\\/www.musikzeitung.ch\\\/dossiers\\\/2023\\\/06\\\/reger-klarinettist-hermann-wiebel#primaryimage\"},\"thumbnailUrl\":\"https:\\\/\\\/www.musikzeitung.ch\\\/wp-content\\\/uploads\\\/2023\\\/06\\\/WW.jpg\",\"datePublished\":\"2023-06-27T03:21:15+00:00\",\"dateModified\":\"2023-09-06T07:18:29+00:00\",\"description\":\"Bevor er in der Meininger Hofkapelle wirkte, war Hermann Wiebel einige Jahre Soloklarinettist des Z\u00fcrcher Tonhalle-Orchesters.\",\"breadcrumb\":{\"@id\":\"https:\\\/\\\/www.musikzeitung.ch\\\/dossiers\\\/2023\\\/06\\\/reger-klarinettist-hermann-wiebel#breadcrumb\"},\"inLanguage\":\"en-US\",\"potentialAction\":[{\"@type\":\"ReadAction\",\"target\":[\"https:\\\/\\\/www.musikzeitung.ch\\\/dossiers\\\/2023\\\/06\\\/reger-klarinettist-hermann-wiebel\"]}]},{\"@type\":\"ImageObject\",\"inLanguage\":\"en-US\",\"@id\":\"https:\\\/\\\/www.musikzeitung.ch\\\/dossiers\\\/2023\\\/06\\\/reger-klarinettist-hermann-wiebel#primaryimage\",\"url\":\"https:\\\/\\\/www.musikzeitung.ch\\\/wp-content\\\/uploads\\\/2023\\\/06\\\/WW.jpg\",\"contentUrl\":\"https:\\\/\\\/www.musikzeitung.ch\\\/wp-content\\\/uploads\\\/2023\\\/06\\\/WW.jpg\",\"width\":465,\"height\":210},{\"@type\":\"BreadcrumbList\",\"@id\":\"https:\\\/\\\/www.musikzeitung.ch\\\/dossiers\\\/2023\\\/06\\\/reger-klarinettist-hermann-wiebel#breadcrumb\",\"itemListElement\":[{\"@type\":\"ListItem\",\"position\":1,\"name\":\"Home\",\"item\":\"https:\\\/\\\/www.musikzeitung.ch\\\/\"},{\"@type\":\"ListItem\",\"position\":2,\"name\":\"Der \u00abReger-Klarinettist\u00bb Hermann Wiebel\"}]},{\"@type\":\"WebSite\",\"@id\":\"https:\\\/\\\/www.musikzeitung.ch\\\/#website\",\"url\":\"https:\\\/\\\/www.musikzeitung.ch\\\/\",\"name\":\"Schweizer Musikzeitung\",\"description\":\"Die f\u00fchrende sparten\u00fcbergreifende Monatszeitung in der Schweiz f\u00fcr musikalische Fragen.\",\"publisher\":{\"@id\":\"https:\\\/\\\/www.musikzeitung.ch\\\/#organization\"},\"potentialAction\":[{\"@type\":\"SearchAction\",\"target\":{\"@type\":\"EntryPoint\",\"urlTemplate\":\"https:\\\/\\\/www.musikzeitung.ch\\\/?s={search_term_string}\"},\"query-input\":{\"@type\":\"PropertyValueSpecification\",\"valueRequired\":true,\"valueName\":\"search_term_string\"}}],\"inLanguage\":\"en-US\"},{\"@type\":\"Organization\",\"@id\":\"https:\\\/\\\/www.musikzeitung.ch\\\/#organization\",\"name\":\"Schweizer Musikzeitung\",\"url\":\"https:\\\/\\\/www.musikzeitung.ch\\\/\",\"logo\":{\"@type\":\"ImageObject\",\"inLanguage\":\"en-US\",\"@id\":\"https:\\\/\\\/www.musikzeitung.ch\\\/#\\\/schema\\\/logo\\\/image\\\/\",\"url\":\"https:\\\/\\\/www.musikzeitung.ch\\\/wp-content\\\/uploads\\\/2023\\\/01\\\/SMZ_Schriftzug_Sprache.png\",\"contentUrl\":\"https:\\\/\\\/www.musikzeitung.ch\\\/wp-content\\\/uploads\\\/2023\\\/01\\\/SMZ_Schriftzug_Sprache.png\",\"width\":1400,\"height\":279,\"caption\":\"Schweizer Musikzeitung\"},\"image\":{\"@id\":\"https:\\\/\\\/www.musikzeitung.ch\\\/#\\\/schema\\\/logo\\\/image\\\/\"},\"sameAs\":[\"https:\\\/\\\/www.facebook.com\\\/SchweizerMusikzeitung\\\/\",\"https:\\\/\\\/x.com\\\/smusikzeitung\",\"https:\\\/\\\/www.instagram.com\\\/musikzeitung.ch\\\/\"]},{\"@type\":\"Person\",\"@id\":\"https:\\\/\\\/www.musikzeitung.ch\\\/#\\\/schema\\\/person\\\/dce7e5b820812d9af4db2f787d1bec92\",\"name\":\"Katrin Spelinova\",\"image\":{\"@type\":\"ImageObject\",\"inLanguage\":\"en-US\",\"@id\":\"https:\\\/\\\/secure.gravatar.com\\\/avatar\\\/2a2c2956e074ebca9bf65620496cd2e317d90b8c76450e9dd04d7cebf95eeada?s=96&d=mm&r=g\",\"url\":\"https:\\\/\\\/secure.gravatar.com\\\/avatar\\\/2a2c2956e074ebca9bf65620496cd2e317d90b8c76450e9dd04d7cebf95eeada?s=96&d=mm&r=g\",\"contentUrl\":\"https:\\\/\\\/secure.gravatar.com\\\/avatar\\\/2a2c2956e074ebca9bf65620496cd2e317d90b8c76450e9dd04d7cebf95eeada?s=96&d=mm&r=g\",\"caption\":\"Katrin Spelinova\"},\"sameAs\":[\"https:\\\/\\\/x.com\\\/testredaktor\"],\"url\":\"https:\\\/\\\/www.musikzeitung.ch\\\/en\\\/author\\\/spelkat\"}]}<\/script>\n<!-- \/ Yoast SEO plugin. -->","yoast_head_json":{"title":"The \u00abReger clarinettist\u00bb Hermann Wiebel - Schweizer Musikzeitung","description":"Before joining the Meiningen Court Orchestra, Hermann Wiebel was principal clarinettist of the Zurich Tonhalle Orchestra for several years.","robots":{"index":"index","follow":"follow","max-snippet":"max-snippet:-1","max-image-preview":"max-image-preview:large","max-video-preview":"max-video-preview:-1"},"canonical":"https:\/\/www.musikzeitung.ch\/en\/dossiers\/2023\/06\/reger-klarinettist-hermann-wiebel\/","og_locale":"en_US","og_type":"article","og_title":"Der \u00abReger-Klarinettist\u00bb Hermann Wiebel - Schweizer Musikzeitung","og_description":"Bevor er in der Meininger Hofkapelle wirkte, war Hermann Wiebel einige Jahre Soloklarinettist des Z\u00fcrcher Tonhalle-Orchesters.","og_url":"https:\/\/www.musikzeitung.ch\/en\/dossiers\/2023\/06\/reger-klarinettist-hermann-wiebel\/","og_site_name":"Schweizer Musikzeitung","article_publisher":"https:\/\/www.facebook.com\/SchweizerMusikzeitung\/","article_published_time":"2023-06-27T03:21:15+00:00","article_modified_time":"2023-09-06T07:18:29+00:00","og_image":[{"width":465,"height":210,"url":"https:\/\/www.musikzeitung.ch\/wp-content\/uploads\/2023\/06\/WW.jpg","type":"image\/jpeg"}],"author":"Katrin Spelinova","twitter_card":"summary_large_image","twitter_creator":"@testredaktor","twitter_site":"@smusikzeitung","twitter_misc":{"Written by":"Katrin Spelinova","Est. reading time":"1 minute"},"schema":{"@context":"https:\/\/schema.org","@graph":[{"@type":"Article","@id":"https:\/\/www.musikzeitung.ch\/dossiers\/2023\/06\/reger-klarinettist-hermann-wiebel#article","isPartOf":{"@id":"https:\/\/www.musikzeitung.ch\/dossiers\/2023\/06\/reger-klarinettist-hermann-wiebel"},"author":{"name":"Katrin Spelinova","@id":"https:\/\/www.musikzeitung.ch\/#\/schema\/person\/dce7e5b820812d9af4db2f787d1bec92"},"headline":"Der \u00abReger-Klarinettist\u00bb Hermann Wiebel","datePublished":"2023-06-27T03:21:15+00:00","dateModified":"2023-09-06T07:18:29+00:00","mainEntityOfPage":{"@id":"https:\/\/www.musikzeitung.ch\/dossiers\/2023\/06\/reger-klarinettist-hermann-wiebel"},"wordCount":91,"publisher":{"@id":"https:\/\/www.musikzeitung.ch\/#organization"},"image":{"@id":"https:\/\/www.musikzeitung.ch\/dossiers\/2023\/06\/reger-klarinettist-hermann-wiebel#primaryimage"},"thumbnailUrl":"https:\/\/www.musikzeitung.ch\/wp-content\/uploads\/2023\/06\/WW.jpg","keywords":["Hermann Wiebel","Max Reger","Meininger Hofkapelle","Richard Hofmann","Richard M\u00fchlfeld","Z\u00fcrcher Tonhalle-Orchester"],"articleSection":["Dossiers","Personen"],"inLanguage":"en-US"},{"@type":"WebPage","@id":"https:\/\/www.musikzeitung.ch\/dossiers\/2023\/06\/reger-klarinettist-hermann-wiebel","url":"https:\/\/www.musikzeitung.ch\/dossiers\/2023\/06\/reger-klarinettist-hermann-wiebel","name":"The \u00abReger clarinettist\u00bb Hermann Wiebel - Schweizer Musikzeitung","isPartOf":{"@id":"https:\/\/www.musikzeitung.ch\/#website"},"primaryImageOfPage":{"@id":"https:\/\/www.musikzeitung.ch\/dossiers\/2023\/06\/reger-klarinettist-hermann-wiebel#primaryimage"},"image":{"@id":"https:\/\/www.musikzeitung.ch\/dossiers\/2023\/06\/reger-klarinettist-hermann-wiebel#primaryimage"},"thumbnailUrl":"https:\/\/www.musikzeitung.ch\/wp-content\/uploads\/2023\/06\/WW.jpg","datePublished":"2023-06-27T03:21:15+00:00","dateModified":"2023-09-06T07:18:29+00:00","description":"Before joining the Meiningen Court Orchestra, Hermann Wiebel was principal clarinettist of the Zurich Tonhalle Orchestra for several years.","breadcrumb":{"@id":"https:\/\/www.musikzeitung.ch\/dossiers\/2023\/06\/reger-klarinettist-hermann-wiebel#breadcrumb"},"inLanguage":"en-US","potentialAction":[{"@type":"ReadAction","target":["https:\/\/www.musikzeitung.ch\/dossiers\/2023\/06\/reger-klarinettist-hermann-wiebel"]}]},{"@type":"ImageObject","inLanguage":"en-US","@id":"https:\/\/www.musikzeitung.ch\/dossiers\/2023\/06\/reger-klarinettist-hermann-wiebel#primaryimage","url":"https:\/\/www.musikzeitung.ch\/wp-content\/uploads\/2023\/06\/WW.jpg","contentUrl":"https:\/\/www.musikzeitung.ch\/wp-content\/uploads\/2023\/06\/WW.jpg","width":465,"height":210},{"@type":"BreadcrumbList","@id":"https:\/\/www.musikzeitung.ch\/dossiers\/2023\/06\/reger-klarinettist-hermann-wiebel#breadcrumb","itemListElement":[{"@type":"ListItem","position":1,"name":"Home","item":"https:\/\/www.musikzeitung.ch\/"},{"@type":"ListItem","position":2,"name":"Der \u00abReger-Klarinettist\u00bb Hermann Wiebel"}]},{"@type":"WebSite","@id":"https:\/\/www.musikzeitung.ch\/#website","url":"https:\/\/www.musikzeitung.ch\/","name":"Swiss Music Newspaper","description":"The leading interdisciplinary monthly newspaper in Switzerland for musical issues.","publisher":{"@id":"https:\/\/www.musikzeitung.ch\/#organization"},"potentialAction":[{"@type":"SearchAction","target":{"@type":"EntryPoint","urlTemplate":"https:\/\/www.musikzeitung.ch\/?s={search_term_string}"},"query-input":{"@type":"PropertyValueSpecification","valueRequired":true,"valueName":"search_term_string"}}],"inLanguage":"en-US"},{"@type":"Organization","@id":"https:\/\/www.musikzeitung.ch\/#organization","name":"Swiss Music Newspaper","url":"https:\/\/www.musikzeitung.ch\/","logo":{"@type":"ImageObject","inLanguage":"en-US","@id":"https:\/\/www.musikzeitung.ch\/#\/schema\/logo\/image\/","url":"https:\/\/www.musikzeitung.ch\/wp-content\/uploads\/2023\/01\/SMZ_Schriftzug_Sprache.png","contentUrl":"https:\/\/www.musikzeitung.ch\/wp-content\/uploads\/2023\/01\/SMZ_Schriftzug_Sprache.png","width":1400,"height":279,"caption":"Schweizer Musikzeitung"},"image":{"@id":"https:\/\/www.musikzeitung.ch\/#\/schema\/logo\/image\/"},"sameAs":["https:\/\/www.facebook.com\/SchweizerMusikzeitung\/","https:\/\/x.com\/smusikzeitung","https:\/\/www.instagram.com\/musikzeitung.ch\/"]},{"@type":"Person","@id":"https:\/\/www.musikzeitung.ch\/#\/schema\/person\/dce7e5b820812d9af4db2f787d1bec92","name":"Katrin Spelinova","image":{"@type":"ImageObject","inLanguage":"en-US","@id":"https:\/\/secure.gravatar.com\/avatar\/2a2c2956e074ebca9bf65620496cd2e317d90b8c76450e9dd04d7cebf95eeada?s=96&d=mm&r=g","url":"https:\/\/secure.gravatar.com\/avatar\/2a2c2956e074ebca9bf65620496cd2e317d90b8c76450e9dd04d7cebf95eeada?s=96&d=mm&r=g","contentUrl":"https:\/\/secure.gravatar.com\/avatar\/2a2c2956e074ebca9bf65620496cd2e317d90b8c76450e9dd04d7cebf95eeada?s=96&d=mm&r=g","caption":"Katrin Spelinova"},"sameAs":["https:\/\/x.com\/testredaktor"],"url":"https:\/\/www.musikzeitung.ch\/en\/author\/spelkat"}]}},"publishpress_future_workflow_manual_trigger":{"enabledWorkflows":[]},"_links":{"self":[{"href":"https:\/\/www.musikzeitung.ch\/en\/wp-json\/wp\/v2\/posts\/45709","targetHints":{"allow":["GET"]}}],"collection":[{"href":"https:\/\/www.musikzeitung.ch\/en\/wp-json\/wp\/v2\/posts"}],"about":[{"href":"https:\/\/www.musikzeitung.ch\/en\/wp-json\/wp\/v2\/types\/post"}],"author":[{"embeddable":true,"href":"https:\/\/www.musikzeitung.ch\/en\/wp-json\/wp\/v2\/users\/23"}],"replies":[{"embeddable":true,"href":"https:\/\/www.musikzeitung.ch\/en\/wp-json\/wp\/v2\/comments?post=45709"}],"version-history":[{"count":7,"href":"https:\/\/www.musikzeitung.ch\/en\/wp-json\/wp\/v2\/posts\/45709\/revisions"}],"predecessor-version":[{"id":45726,"href":"https:\/\/www.musikzeitung.ch\/en\/wp-json\/wp\/v2\/posts\/45709\/revisions\/45726"}],"wp:featuredmedia":[{"embeddable":true,"href":"https:\/\/www.musikzeitung.ch\/en\/wp-json\/wp\/v2\/media\/45711"}],"wp:attachment":[{"href":"https:\/\/www.musikzeitung.ch\/en\/wp-json\/wp\/v2\/media?parent=45709"}],"wp:term":[{"taxonomy":"category","embeddable":true,"href":"https:\/\/www.musikzeitung.ch\/en\/wp-json\/wp\/v2\/categories?post=45709"},{"taxonomy":"post_tag","embeddable":true,"href":"https:\/\/www.musikzeitung.ch\/en\/wp-json\/wp\/v2\/tags?post=45709"}],"curies":[{"name":"wp","href":"https:\/\/api.w.org\/{rel}","templated":true}]}}