{"id":46381,"date":"2023-07-27T13:47:53","date_gmt":"2023-07-27T11:47:53","guid":{"rendered":"https:\/\/www.musikzeitung.ch\/?p=46381"},"modified":"2023-07-27T13:49:12","modified_gmt":"2023-07-27T11:49:12","slug":"dodds-wird-chefdirigent-des-sydney-youth-orchestra","status":"publish","type":"post","link":"https:\/\/www.musikzeitung.ch\/en\/news\/2023\/07\/dodds-wird-chefdirigent-des-sydney-youth-orchestra","title":{"rendered":"Dodds becomes Principal Conductor of the Sydney Youth Orchestra"},"content":{"rendered":"<figure id=\"attachment_46382\" aria-describedby=\"caption-attachment-46382\" style=\"width: 626px\" class=\"wp-caption aligncenter\"><img loading=\"lazy\" decoding=\"async\" class=\"wp-image-46382\" src=\"https:\/\/www.musikzeitung.ch\/wp-content\/uploads\/2023\/07\/230727dodds.jpg\" alt=\"\" width=\"626\" height=\"437\" srcset=\"https:\/\/www.musikzeitung.ch\/wp-content\/uploads\/2023\/07\/230727dodds.jpg 1127w, https:\/\/www.musikzeitung.ch\/wp-content\/uploads\/2023\/07\/230727dodds-300x209.jpg 300w, https:\/\/www.musikzeitung.ch\/wp-content\/uploads\/2023\/07\/230727dodds-1024x714.jpg 1024w, https:\/\/www.musikzeitung.ch\/wp-content\/uploads\/2023\/07\/230727dodds-768x536.jpg 768w, https:\/\/www.musikzeitung.ch\/wp-content\/uploads\/2023\/07\/230727dodds-251x175.jpg 251w, https:\/\/www.musikzeitung.ch\/wp-content\/uploads\/2023\/07\/230727dodds-502x350.jpg 502w, https:\/\/www.musikzeitung.ch\/wp-content\/uploads\/2023\/07\/230727dodds-920x642.jpg 920w\" sizes=\"auto, (max-width: 626px) 100vw, 626px\" \/><figcaption id=\"caption-attachment-46382\" class=\"wp-caption-text\">Stanley Dodds (Image: Stanley Dodds)<\/figcaption><\/figure>\n<p>Stanley Chia-Ming Dodds was born in Canada, grew up in Australia and now lives in Berlin as a German-Australian dual citizen. He began playing the violin and piano in Adelaide at the age of four, attended the Bruckner Conservatory and the Musikgymnasium in Linz before studying at the Lucerne Conservatory. He continued his violin studies at the Karajan Academy of the Berlin Philharmonic and was accepted into the orchestra as a violinist in 1994. He studied conducting in Australia, Switzerland and Germany.<\/p>\n<p>His recordings of works by Wolfgang Rihm with musicians from the Bavarian Radio Symphony Orchestra were nominated in the \"Conductor of the Year\" category at the German Opus Classic Awards 2022. Other important productions include Mart\u00f3n Ill\u00e9s' Violin Concerto with Patricia Kopatschinskaya and the Karajan Academy Orchestra.<\/p>\n<p>The Sydney Youth Orchestra (SYO) offers young musicians, from beginners to pre-professional musicians, the opportunity to socialize, create music and advocate for orchestral music. Musicians can audition each year and are placed in orchestras and ensembles best suited to their level of development. The SYO offers orchestral training to musicians between the ages of 6 and 25.<\/p>","protected":false},"excerpt":{"rendered":"<p>Stanley Dodds, who trained in Lucerne and served as alternating concertmaster of the Festival Strings Lucerne in the 1990s, becomes principal conductor of the Sydney Youth Orchestra.<\/p>","protected":false},"author":30,"featured_media":46382,"comment_status":"closed","ping_status":"closed","sticky":false,"template":"","format":"standard","meta":{"_acf_changed":false,"_relevanssi_hide_post":"","_relevanssi_hide_content":"","_relevanssi_pin_for_all":"","_relevanssi_pin_keywords":"","_relevanssi_unpin_keywords":"","_relevanssi_related_keywords":"","_relevanssi_related_include_ids":"","_relevanssi_related_exclude_ids":"","_relevanssi_related_no_append":"","_relevanssi_related_not_related":"","_relevanssi_related_posts":"","_relevanssi_noindex_reason":"","pgc_sgb_lightbox_settings":"","footnotes":""},"categories":[27],"tags":[2789,2790],"class_list":["post-46381","post","type-post","status-publish","format-standard","has-post-thumbnail","hentry","category-news","tag-stanley-dodds","tag-sydney-youth-orchestra"],"acf":[],"yoast_head":"<!-- This site is optimized with the Yoast SEO plugin v27.4 - https:\/\/yoast.com\/product\/yoast-seo-wordpress\/ -->\n<title>Dodds wird Chefdirigent des Sydney Youth Orchestra - Schweizer Musikzeitung<\/title>\n<meta name=\"robots\" content=\"index, follow, max-snippet:-1, max-image-preview:large, max-video-preview:-1\" \/>\n<link rel=\"canonical\" href=\"https:\/\/www.musikzeitung.ch\/en\/news\/2023\/07\/dodds-wird-chefdirigent-des-sydney-youth-orchestra\/\" \/>\n<meta property=\"og:locale\" content=\"en_US\" \/>\n<meta property=\"og:type\" content=\"article\" \/>\n<meta property=\"og:title\" content=\"Dodds wird Chefdirigent des Sydney Youth Orchestra - Schweizer Musikzeitung\" \/>\n<meta property=\"og:description\" content=\"Der in Luzern ausgebildete und in den 1990er-Jahren als alternierender Konzertmeister der Festival Strings Lucerne amtierende Stanley Dodds wird Chefdirigent des Sydney Youth Orchestra.\" \/>\n<meta property=\"og:url\" content=\"https:\/\/www.musikzeitung.ch\/en\/news\/2023\/07\/dodds-wird-chefdirigent-des-sydney-youth-orchestra\/\" \/>\n<meta property=\"og:site_name\" content=\"Schweizer Musikzeitung\" \/>\n<meta property=\"article:publisher\" content=\"https:\/\/www.facebook.com\/SchweizerMusikzeitung\/\" \/>\n<meta property=\"article:author\" content=\"https:\/\/www.facebook.com\/wolfgang.bohler.75\" \/>\n<meta property=\"article:published_time\" content=\"2023-07-27T11:47:53+00:00\" \/>\n<meta property=\"article:modified_time\" content=\"2023-07-27T11:49:12+00:00\" \/>\n<meta property=\"og:image\" content=\"https:\/\/www.musikzeitung.ch\/wp-content\/uploads\/2023\/07\/230727dodds.jpg\" \/>\n\t<meta property=\"og:image:width\" content=\"1127\" \/>\n\t<meta property=\"og:image:height\" content=\"786\" \/>\n\t<meta property=\"og:image:type\" content=\"image\/jpeg\" \/>\n<meta name=\"author\" content=\"Wolfgang B\u00f6hler\" \/>\n<meta name=\"twitter:card\" content=\"summary_large_image\" \/>\n<meta name=\"twitter:creator\" content=\"@smusikzeitung\" \/>\n<meta name=\"twitter:site\" content=\"@smusikzeitung\" \/>\n<meta name=\"twitter:label1\" content=\"Written by\" \/>\n\t<meta name=\"twitter:data1\" content=\"Wolfgang B\u00f6hler\" \/>\n\t<meta name=\"twitter:label2\" content=\"Est. reading time\" \/>\n\t<meta name=\"twitter:data2\" content=\"2 minutes\" \/>\n<script type=\"application\/ld+json\" class=\"yoast-schema-graph\">{\"@context\":\"https:\\\/\\\/schema.org\",\"@graph\":[{\"@type\":\"Article\",\"@id\":\"https:\\\/\\\/www.musikzeitung.ch\\\/news\\\/2023\\\/07\\\/dodds-wird-chefdirigent-des-sydney-youth-orchestra#article\",\"isPartOf\":{\"@id\":\"https:\\\/\\\/www.musikzeitung.ch\\\/news\\\/2023\\\/07\\\/dodds-wird-chefdirigent-des-sydney-youth-orchestra\"},\"author\":{\"name\":\"Wolfgang B\u00f6hler\",\"@id\":\"https:\\\/\\\/www.musikzeitung.ch\\\/#\\\/schema\\\/person\\\/0da4fb82d243f1252850a35d0e87cf0c\"},\"headline\":\"Dodds wird Chefdirigent des Sydney Youth Orchestra\",\"datePublished\":\"2023-07-27T11:47:53+00:00\",\"dateModified\":\"2023-07-27T11:49:12+00:00\",\"mainEntityOfPage\":{\"@id\":\"https:\\\/\\\/www.musikzeitung.ch\\\/news\\\/2023\\\/07\\\/dodds-wird-chefdirigent-des-sydney-youth-orchestra\"},\"wordCount\":204,\"publisher\":{\"@id\":\"https:\\\/\\\/www.musikzeitung.ch\\\/#organization\"},\"image\":{\"@id\":\"https:\\\/\\\/www.musikzeitung.ch\\\/news\\\/2023\\\/07\\\/dodds-wird-chefdirigent-des-sydney-youth-orchestra#primaryimage\"},\"thumbnailUrl\":\"https:\\\/\\\/www.musikzeitung.ch\\\/wp-content\\\/uploads\\\/2023\\\/07\\\/230727dodds.jpg\",\"keywords\":[\"Stanley Dodds\",\"Sydney Youth Orchestra\"],\"articleSection\":[\"News\"],\"inLanguage\":\"en-US\"},{\"@type\":\"WebPage\",\"@id\":\"https:\\\/\\\/www.musikzeitung.ch\\\/news\\\/2023\\\/07\\\/dodds-wird-chefdirigent-des-sydney-youth-orchestra\",\"url\":\"https:\\\/\\\/www.musikzeitung.ch\\\/news\\\/2023\\\/07\\\/dodds-wird-chefdirigent-des-sydney-youth-orchestra\",\"name\":\"Dodds wird Chefdirigent des Sydney Youth Orchestra - Schweizer Musikzeitung\",\"isPartOf\":{\"@id\":\"https:\\\/\\\/www.musikzeitung.ch\\\/#website\"},\"primaryImageOfPage\":{\"@id\":\"https:\\\/\\\/www.musikzeitung.ch\\\/news\\\/2023\\\/07\\\/dodds-wird-chefdirigent-des-sydney-youth-orchestra#primaryimage\"},\"image\":{\"@id\":\"https:\\\/\\\/www.musikzeitung.ch\\\/news\\\/2023\\\/07\\\/dodds-wird-chefdirigent-des-sydney-youth-orchestra#primaryimage\"},\"thumbnailUrl\":\"https:\\\/\\\/www.musikzeitung.ch\\\/wp-content\\\/uploads\\\/2023\\\/07\\\/230727dodds.jpg\",\"datePublished\":\"2023-07-27T11:47:53+00:00\",\"dateModified\":\"2023-07-27T11:49:12+00:00\",\"breadcrumb\":{\"@id\":\"https:\\\/\\\/www.musikzeitung.ch\\\/news\\\/2023\\\/07\\\/dodds-wird-chefdirigent-des-sydney-youth-orchestra#breadcrumb\"},\"inLanguage\":\"en-US\",\"potentialAction\":[{\"@type\":\"ReadAction\",\"target\":[\"https:\\\/\\\/www.musikzeitung.ch\\\/news\\\/2023\\\/07\\\/dodds-wird-chefdirigent-des-sydney-youth-orchestra\"]}]},{\"@type\":\"ImageObject\",\"inLanguage\":\"en-US\",\"@id\":\"https:\\\/\\\/www.musikzeitung.ch\\\/news\\\/2023\\\/07\\\/dodds-wird-chefdirigent-des-sydney-youth-orchestra#primaryimage\",\"url\":\"https:\\\/\\\/www.musikzeitung.ch\\\/wp-content\\\/uploads\\\/2023\\\/07\\\/230727dodds.jpg\",\"contentUrl\":\"https:\\\/\\\/www.musikzeitung.ch\\\/wp-content\\\/uploads\\\/2023\\\/07\\\/230727dodds.jpg\",\"width\":1127,\"height\":786,\"caption\":\"Stanley Dodds (Bild: Stanley Dodds)\"},{\"@type\":\"BreadcrumbList\",\"@id\":\"https:\\\/\\\/www.musikzeitung.ch\\\/news\\\/2023\\\/07\\\/dodds-wird-chefdirigent-des-sydney-youth-orchestra#breadcrumb\",\"itemListElement\":[{\"@type\":\"ListItem\",\"position\":1,\"name\":\"Home\",\"item\":\"https:\\\/\\\/www.musikzeitung.ch\\\/\"},{\"@type\":\"ListItem\",\"position\":2,\"name\":\"Dodds wird Chefdirigent des Sydney Youth Orchestra\"}]},{\"@type\":\"WebSite\",\"@id\":\"https:\\\/\\\/www.musikzeitung.ch\\\/#website\",\"url\":\"https:\\\/\\\/www.musikzeitung.ch\\\/\",\"name\":\"Schweizer Musikzeitung\",\"description\":\"Die f\u00fchrende sparten\u00fcbergreifende Monatszeitung in der Schweiz f\u00fcr musikalische Fragen.\",\"publisher\":{\"@id\":\"https:\\\/\\\/www.musikzeitung.ch\\\/#organization\"},\"potentialAction\":[{\"@type\":\"SearchAction\",\"target\":{\"@type\":\"EntryPoint\",\"urlTemplate\":\"https:\\\/\\\/www.musikzeitung.ch\\\/?s={search_term_string}\"},\"query-input\":{\"@type\":\"PropertyValueSpecification\",\"valueRequired\":true,\"valueName\":\"search_term_string\"}}],\"inLanguage\":\"en-US\"},{\"@type\":\"Organization\",\"@id\":\"https:\\\/\\\/www.musikzeitung.ch\\\/#organization\",\"name\":\"Schweizer Musikzeitung\",\"url\":\"https:\\\/\\\/www.musikzeitung.ch\\\/\",\"logo\":{\"@type\":\"ImageObject\",\"inLanguage\":\"en-US\",\"@id\":\"https:\\\/\\\/www.musikzeitung.ch\\\/#\\\/schema\\\/logo\\\/image\\\/\",\"url\":\"https:\\\/\\\/www.musikzeitung.ch\\\/wp-content\\\/uploads\\\/2023\\\/01\\\/SMZ_Schriftzug_Sprache.png\",\"contentUrl\":\"https:\\\/\\\/www.musikzeitung.ch\\\/wp-content\\\/uploads\\\/2023\\\/01\\\/SMZ_Schriftzug_Sprache.png\",\"width\":1400,\"height\":279,\"caption\":\"Schweizer Musikzeitung\"},\"image\":{\"@id\":\"https:\\\/\\\/www.musikzeitung.ch\\\/#\\\/schema\\\/logo\\\/image\\\/\"},\"sameAs\":[\"https:\\\/\\\/www.facebook.com\\\/SchweizerMusikzeitung\\\/\",\"https:\\\/\\\/x.com\\\/smusikzeitung\",\"https:\\\/\\\/www.instagram.com\\\/musikzeitung.ch\\\/\"]},{\"@type\":\"Person\",\"@id\":\"https:\\\/\\\/www.musikzeitung.ch\\\/#\\\/schema\\\/person\\\/0da4fb82d243f1252850a35d0e87cf0c\",\"name\":\"Wolfgang B\u00f6hler\",\"image\":{\"@type\":\"ImageObject\",\"inLanguage\":\"en-US\",\"@id\":\"https:\\\/\\\/www.musikzeitung.ch\\\/wp-content\\\/uploads\\\/2023\\\/01\\\/boehler_portraet_web-e1674139782246-96x96.jpg\",\"url\":\"https:\\\/\\\/www.musikzeitung.ch\\\/wp-content\\\/uploads\\\/2023\\\/01\\\/boehler_portraet_web-e1674139782246-96x96.jpg\",\"contentUrl\":\"https:\\\/\\\/www.musikzeitung.ch\\\/wp-content\\\/uploads\\\/2023\\\/01\\\/boehler_portraet_web-e1674139782246-96x96.jpg\",\"caption\":\"Wolfgang B\u00f6hler\"},\"sameAs\":[\"http:\\\/\\\/www.manacanto.ch\",\"https:\\\/\\\/www.facebook.com\\\/wolfgang.bohler.75\"],\"url\":\"https:\\\/\\\/www.musikzeitung.ch\\\/en\\\/author\\\/wolfgang-boehler\"}]}<\/script>\n<!-- \/ Yoast SEO plugin. -->","yoast_head_json":{"title":"Dodds wird Chefdirigent des Sydney Youth Orchestra - Schweizer Musikzeitung","robots":{"index":"index","follow":"follow","max-snippet":"max-snippet:-1","max-image-preview":"max-image-preview:large","max-video-preview":"max-video-preview:-1"},"canonical":"https:\/\/www.musikzeitung.ch\/en\/news\/2023\/07\/dodds-wird-chefdirigent-des-sydney-youth-orchestra\/","og_locale":"en_US","og_type":"article","og_title":"Dodds wird Chefdirigent des Sydney Youth Orchestra - Schweizer Musikzeitung","og_description":"Der in Luzern ausgebildete und in den 1990er-Jahren als alternierender Konzertmeister der Festival Strings Lucerne amtierende Stanley Dodds wird Chefdirigent des Sydney Youth Orchestra.","og_url":"https:\/\/www.musikzeitung.ch\/en\/news\/2023\/07\/dodds-wird-chefdirigent-des-sydney-youth-orchestra\/","og_site_name":"Schweizer Musikzeitung","article_publisher":"https:\/\/www.facebook.com\/SchweizerMusikzeitung\/","article_author":"https:\/\/www.facebook.com\/wolfgang.bohler.75","article_published_time":"2023-07-27T11:47:53+00:00","article_modified_time":"2023-07-27T11:49:12+00:00","og_image":[{"width":1127,"height":786,"url":"https:\/\/www.musikzeitung.ch\/wp-content\/uploads\/2023\/07\/230727dodds.jpg","type":"image\/jpeg"}],"author":"Wolfgang B\u00f6hler","twitter_card":"summary_large_image","twitter_creator":"@smusikzeitung","twitter_site":"@smusikzeitung","twitter_misc":{"Written by":"Wolfgang B\u00f6hler","Est. reading time":"2 minutes"},"schema":{"@context":"https:\/\/schema.org","@graph":[{"@type":"Article","@id":"https:\/\/www.musikzeitung.ch\/news\/2023\/07\/dodds-wird-chefdirigent-des-sydney-youth-orchestra#article","isPartOf":{"@id":"https:\/\/www.musikzeitung.ch\/news\/2023\/07\/dodds-wird-chefdirigent-des-sydney-youth-orchestra"},"author":{"name":"Wolfgang B\u00f6hler","@id":"https:\/\/www.musikzeitung.ch\/#\/schema\/person\/0da4fb82d243f1252850a35d0e87cf0c"},"headline":"Dodds wird Chefdirigent des Sydney Youth Orchestra","datePublished":"2023-07-27T11:47:53+00:00","dateModified":"2023-07-27T11:49:12+00:00","mainEntityOfPage":{"@id":"https:\/\/www.musikzeitung.ch\/news\/2023\/07\/dodds-wird-chefdirigent-des-sydney-youth-orchestra"},"wordCount":204,"publisher":{"@id":"https:\/\/www.musikzeitung.ch\/#organization"},"image":{"@id":"https:\/\/www.musikzeitung.ch\/news\/2023\/07\/dodds-wird-chefdirigent-des-sydney-youth-orchestra#primaryimage"},"thumbnailUrl":"https:\/\/www.musikzeitung.ch\/wp-content\/uploads\/2023\/07\/230727dodds.jpg","keywords":["Stanley Dodds","Sydney Youth Orchestra"],"articleSection":["News"],"inLanguage":"en-US"},{"@type":"WebPage","@id":"https:\/\/www.musikzeitung.ch\/news\/2023\/07\/dodds-wird-chefdirigent-des-sydney-youth-orchestra","url":"https:\/\/www.musikzeitung.ch\/news\/2023\/07\/dodds-wird-chefdirigent-des-sydney-youth-orchestra","name":"Dodds wird Chefdirigent des Sydney Youth Orchestra - Schweizer Musikzeitung","isPartOf":{"@id":"https:\/\/www.musikzeitung.ch\/#website"},"primaryImageOfPage":{"@id":"https:\/\/www.musikzeitung.ch\/news\/2023\/07\/dodds-wird-chefdirigent-des-sydney-youth-orchestra#primaryimage"},"image":{"@id":"https:\/\/www.musikzeitung.ch\/news\/2023\/07\/dodds-wird-chefdirigent-des-sydney-youth-orchestra#primaryimage"},"thumbnailUrl":"https:\/\/www.musikzeitung.ch\/wp-content\/uploads\/2023\/07\/230727dodds.jpg","datePublished":"2023-07-27T11:47:53+00:00","dateModified":"2023-07-27T11:49:12+00:00","breadcrumb":{"@id":"https:\/\/www.musikzeitung.ch\/news\/2023\/07\/dodds-wird-chefdirigent-des-sydney-youth-orchestra#breadcrumb"},"inLanguage":"en-US","potentialAction":[{"@type":"ReadAction","target":["https:\/\/www.musikzeitung.ch\/news\/2023\/07\/dodds-wird-chefdirigent-des-sydney-youth-orchestra"]}]},{"@type":"ImageObject","inLanguage":"en-US","@id":"https:\/\/www.musikzeitung.ch\/news\/2023\/07\/dodds-wird-chefdirigent-des-sydney-youth-orchestra#primaryimage","url":"https:\/\/www.musikzeitung.ch\/wp-content\/uploads\/2023\/07\/230727dodds.jpg","contentUrl":"https:\/\/www.musikzeitung.ch\/wp-content\/uploads\/2023\/07\/230727dodds.jpg","width":1127,"height":786,"caption":"Stanley Dodds (Bild: Stanley Dodds)"},{"@type":"BreadcrumbList","@id":"https:\/\/www.musikzeitung.ch\/news\/2023\/07\/dodds-wird-chefdirigent-des-sydney-youth-orchestra#breadcrumb","itemListElement":[{"@type":"ListItem","position":1,"name":"Home","item":"https:\/\/www.musikzeitung.ch\/"},{"@type":"ListItem","position":2,"name":"Dodds wird Chefdirigent des Sydney Youth Orchestra"}]},{"@type":"WebSite","@id":"https:\/\/www.musikzeitung.ch\/#website","url":"https:\/\/www.musikzeitung.ch\/","name":"Swiss Music Newspaper","description":"The leading interdisciplinary monthly newspaper in Switzerland for musical issues.","publisher":{"@id":"https:\/\/www.musikzeitung.ch\/#organization"},"potentialAction":[{"@type":"SearchAction","target":{"@type":"EntryPoint","urlTemplate":"https:\/\/www.musikzeitung.ch\/?s={search_term_string}"},"query-input":{"@type":"PropertyValueSpecification","valueRequired":true,"valueName":"search_term_string"}}],"inLanguage":"en-US"},{"@type":"Organization","@id":"https:\/\/www.musikzeitung.ch\/#organization","name":"Swiss Music Newspaper","url":"https:\/\/www.musikzeitung.ch\/","logo":{"@type":"ImageObject","inLanguage":"en-US","@id":"https:\/\/www.musikzeitung.ch\/#\/schema\/logo\/image\/","url":"https:\/\/www.musikzeitung.ch\/wp-content\/uploads\/2023\/01\/SMZ_Schriftzug_Sprache.png","contentUrl":"https:\/\/www.musikzeitung.ch\/wp-content\/uploads\/2023\/01\/SMZ_Schriftzug_Sprache.png","width":1400,"height":279,"caption":"Schweizer Musikzeitung"},"image":{"@id":"https:\/\/www.musikzeitung.ch\/#\/schema\/logo\/image\/"},"sameAs":["https:\/\/www.facebook.com\/SchweizerMusikzeitung\/","https:\/\/x.com\/smusikzeitung","https:\/\/www.instagram.com\/musikzeitung.ch\/"]},{"@type":"Person","@id":"https:\/\/www.musikzeitung.ch\/#\/schema\/person\/0da4fb82d243f1252850a35d0e87cf0c","name":"Wolfgang B\u00f6hler","image":{"@type":"ImageObject","inLanguage":"en-US","@id":"https:\/\/www.musikzeitung.ch\/wp-content\/uploads\/2023\/01\/boehler_portraet_web-e1674139782246-96x96.jpg","url":"https:\/\/www.musikzeitung.ch\/wp-content\/uploads\/2023\/01\/boehler_portraet_web-e1674139782246-96x96.jpg","contentUrl":"https:\/\/www.musikzeitung.ch\/wp-content\/uploads\/2023\/01\/boehler_portraet_web-e1674139782246-96x96.jpg","caption":"Wolfgang B\u00f6hler"},"sameAs":["http:\/\/www.manacanto.ch","https:\/\/www.facebook.com\/wolfgang.bohler.75"],"url":"https:\/\/www.musikzeitung.ch\/en\/author\/wolfgang-boehler"}]}},"publishpress_future_workflow_manual_trigger":{"enabledWorkflows":[]},"_links":{"self":[{"href":"https:\/\/www.musikzeitung.ch\/en\/wp-json\/wp\/v2\/posts\/46381","targetHints":{"allow":["GET"]}}],"collection":[{"href":"https:\/\/www.musikzeitung.ch\/en\/wp-json\/wp\/v2\/posts"}],"about":[{"href":"https:\/\/www.musikzeitung.ch\/en\/wp-json\/wp\/v2\/types\/post"}],"author":[{"embeddable":true,"href":"https:\/\/www.musikzeitung.ch\/en\/wp-json\/wp\/v2\/users\/30"}],"replies":[{"embeddable":true,"href":"https:\/\/www.musikzeitung.ch\/en\/wp-json\/wp\/v2\/comments?post=46381"}],"version-history":[{"count":3,"href":"https:\/\/www.musikzeitung.ch\/en\/wp-json\/wp\/v2\/posts\/46381\/revisions"}],"predecessor-version":[{"id":46385,"href":"https:\/\/www.musikzeitung.ch\/en\/wp-json\/wp\/v2\/posts\/46381\/revisions\/46385"}],"wp:featuredmedia":[{"embeddable":true,"href":"https:\/\/www.musikzeitung.ch\/en\/wp-json\/wp\/v2\/media\/46382"}],"wp:attachment":[{"href":"https:\/\/www.musikzeitung.ch\/en\/wp-json\/wp\/v2\/media?parent=46381"}],"wp:term":[{"taxonomy":"category","embeddable":true,"href":"https:\/\/www.musikzeitung.ch\/en\/wp-json\/wp\/v2\/categories?post=46381"},{"taxonomy":"post_tag","embeddable":true,"href":"https:\/\/www.musikzeitung.ch\/en\/wp-json\/wp\/v2\/tags?post=46381"}],"curies":[{"name":"wp","href":"https:\/\/api.w.org\/{rel}","templated":true}]}}