{"id":47036,"date":"2023-09-05T06:06:59","date_gmt":"2023-09-05T04:06:59","guid":{"rendered":"https:\/\/www.musikzeitung.ch\/?p=47036"},"modified":"2023-09-05T06:10:36","modified_gmt":"2023-09-05T04:10:36","slug":"thuner-kulturfoerderpreis-geht-an-dominique-bircher","status":"publish","type":"post","link":"https:\/\/www.musikzeitung.ch\/en\/news\/2023\/09\/thuner-kulturfoerderpreis-geht-an-dominique-bircher","title":{"rendered":"Thun Culture Prize goes to Dominique Bircher"},"content":{"rendered":"<figure id=\"attachment_47037\" aria-describedby=\"caption-attachment-47037\" style=\"width: 564px\" class=\"wp-caption aligncenter\"><img loading=\"lazy\" decoding=\"async\" class=\"wp-image-47037\" src=\"https:\/\/www.musikzeitung.ch\/wp-content\/uploads\/2023\/09\/230905thun.jpg\" alt=\"\" width=\"564\" height=\"327\" srcset=\"https:\/\/www.musikzeitung.ch\/wp-content\/uploads\/2023\/09\/230905thun.jpg 1373w, https:\/\/www.musikzeitung.ch\/wp-content\/uploads\/2023\/09\/230905thun-300x174.jpg 300w, https:\/\/www.musikzeitung.ch\/wp-content\/uploads\/2023\/09\/230905thun-1024x594.jpg 1024w, https:\/\/www.musikzeitung.ch\/wp-content\/uploads\/2023\/09\/230905thun-768x446.jpg 768w, https:\/\/www.musikzeitung.ch\/wp-content\/uploads\/2023\/09\/230905thun-301x175.jpg 301w, https:\/\/www.musikzeitung.ch\/wp-content\/uploads\/2023\/09\/230905thun-603x350.jpg 603w, https:\/\/www.musikzeitung.ch\/wp-content\/uploads\/2023\/09\/230905thun-920x534.jpg 920w\" sizes=\"auto, (max-width: 564px) 100vw, 564px\" \/><figcaption id=\"caption-attachment-47037\" class=\"wp-caption-text\">Dominique Bircher (Image: zVg)<\/figcaption><\/figure>\n<p>Dominique Bircher is studying for a Master's degree in Music Pedagogy Classics at Bern University of the Arts (HKB). Her talent and determination won over the jury for the Thun Culture Prize: \"Dominique Bircher's flute playing combines musical skill with a love of experimentation and a high level of personal commitment,\" says the Bern University of the Arts in a statement from the city of Thun.<\/p>\n<p>Dominique Bircher is currently studying at the Bern University of the Arts with Adam Walker. She completed her bachelor's degree there with distinction in February 2023. She is a two-time first prize winner of the Swiss Youth Music Competition. In 2020, she won the position of 1st solo flute in the Youth Symphony Orchestra in Bern, with which she toured Italy as a soloist in the summer of 2022.<\/p>","protected":false},"excerpt":{"rendered":"<p>Flutist Dominique Bircher receives the 2023 Cultural Promotion Prize of the City of Thun, endowed with 5,000 francs. <\/p>","protected":false},"author":30,"featured_media":47037,"comment_status":"closed","ping_status":"closed","sticky":false,"template":"","format":"standard","meta":{"_acf_changed":false,"_relevanssi_hide_post":"","_relevanssi_hide_content":"","_relevanssi_pin_for_all":"","_relevanssi_pin_keywords":"","_relevanssi_unpin_keywords":"","_relevanssi_related_keywords":"","_relevanssi_related_include_ids":"","_relevanssi_related_exclude_ids":"","_relevanssi_related_no_append":"","_relevanssi_related_not_related":"","_relevanssi_related_posts":"","_relevanssi_noindex_reason":"","pgc_sgb_lightbox_settings":"","footnotes":""},"categories":[27],"tags":[2857,2859,2858],"class_list":["post-47036","post","type-post","status-publish","format-standard","has-post-thumbnail","hentry","category-news","tag-dominique-bircher","tag-kulturfoerderpreis","tag-stadt-thun"],"acf":[],"yoast_head":"<!-- This site is optimized with the Yoast SEO plugin v27.4 - https:\/\/yoast.com\/product\/yoast-seo-wordpress\/ -->\n<title>Thuner Kulturf\u00f6rderpreis geht an Dominique Bircher - Schweizer Musikzeitung<\/title>\n<meta name=\"robots\" content=\"index, follow, max-snippet:-1, max-image-preview:large, max-video-preview:-1\" \/>\n<link rel=\"canonical\" href=\"https:\/\/www.musikzeitung.ch\/en\/news\/2023\/09\/thuner-kulturfoerderpreis-geht-an-dominique-bircher\/\" \/>\n<meta property=\"og:locale\" content=\"en_US\" \/>\n<meta property=\"og:type\" content=\"article\" \/>\n<meta property=\"og:title\" content=\"Thuner Kulturf\u00f6rderpreis geht an Dominique Bircher - Schweizer Musikzeitung\" \/>\n<meta property=\"og:description\" content=\"Die Fl\u00f6tistin Dominique Bircher erh\u00e4lt den mit 5000 Franken dotierten Kulturf\u00f6rderpreis 2023 der Stadt Thun.\" \/>\n<meta property=\"og:url\" content=\"https:\/\/www.musikzeitung.ch\/en\/news\/2023\/09\/thuner-kulturfoerderpreis-geht-an-dominique-bircher\/\" \/>\n<meta property=\"og:site_name\" content=\"Schweizer Musikzeitung\" \/>\n<meta property=\"article:publisher\" content=\"https:\/\/www.facebook.com\/SchweizerMusikzeitung\/\" \/>\n<meta property=\"article:author\" content=\"https:\/\/www.facebook.com\/wolfgang.bohler.75\" \/>\n<meta property=\"article:published_time\" content=\"2023-09-05T04:06:59+00:00\" \/>\n<meta property=\"article:modified_time\" content=\"2023-09-05T04:10:36+00:00\" \/>\n<meta property=\"og:image\" content=\"https:\/\/www.musikzeitung.ch\/wp-content\/uploads\/2023\/09\/230905thun.jpg\" \/>\n\t<meta property=\"og:image:width\" content=\"1373\" \/>\n\t<meta property=\"og:image:height\" content=\"797\" \/>\n\t<meta property=\"og:image:type\" content=\"image\/jpeg\" \/>\n<meta name=\"author\" content=\"Wolfgang B\u00f6hler\" \/>\n<meta name=\"twitter:card\" content=\"summary_large_image\" \/>\n<meta name=\"twitter:creator\" content=\"@smusikzeitung\" \/>\n<meta name=\"twitter:site\" content=\"@smusikzeitung\" \/>\n<meta name=\"twitter:label1\" content=\"Written by\" \/>\n\t<meta name=\"twitter:data1\" content=\"Wolfgang B\u00f6hler\" \/>\n\t<meta name=\"twitter:label2\" content=\"Est. reading time\" \/>\n\t<meta name=\"twitter:data2\" content=\"1 minute\" \/>\n<script type=\"application\/ld+json\" class=\"yoast-schema-graph\">{\"@context\":\"https:\\\/\\\/schema.org\",\"@graph\":[{\"@type\":\"Article\",\"@id\":\"https:\\\/\\\/www.musikzeitung.ch\\\/news\\\/2023\\\/09\\\/thuner-kulturfoerderpreis-geht-an-dominique-bircher#article\",\"isPartOf\":{\"@id\":\"https:\\\/\\\/www.musikzeitung.ch\\\/news\\\/2023\\\/09\\\/thuner-kulturfoerderpreis-geht-an-dominique-bircher\"},\"author\":{\"name\":\"Wolfgang B\u00f6hler\",\"@id\":\"https:\\\/\\\/www.musikzeitung.ch\\\/#\\\/schema\\\/person\\\/0da4fb82d243f1252850a35d0e87cf0c\"},\"headline\":\"Thuner Kulturf\u00f6rderpreis geht an Dominique Bircher\",\"datePublished\":\"2023-09-05T04:06:59+00:00\",\"dateModified\":\"2023-09-05T04:10:36+00:00\",\"mainEntityOfPage\":{\"@id\":\"https:\\\/\\\/www.musikzeitung.ch\\\/news\\\/2023\\\/09\\\/thuner-kulturfoerderpreis-geht-an-dominique-bircher\"},\"wordCount\":127,\"publisher\":{\"@id\":\"https:\\\/\\\/www.musikzeitung.ch\\\/#organization\"},\"image\":{\"@id\":\"https:\\\/\\\/www.musikzeitung.ch\\\/news\\\/2023\\\/09\\\/thuner-kulturfoerderpreis-geht-an-dominique-bircher#primaryimage\"},\"thumbnailUrl\":\"https:\\\/\\\/www.musikzeitung.ch\\\/wp-content\\\/uploads\\\/2023\\\/09\\\/230905thun.jpg\",\"keywords\":[\"Dominique Bircher\",\"Kulturf\u00f6rderpreis\",\"Stadt Thun\"],\"articleSection\":[\"News\"],\"inLanguage\":\"en-US\"},{\"@type\":\"WebPage\",\"@id\":\"https:\\\/\\\/www.musikzeitung.ch\\\/news\\\/2023\\\/09\\\/thuner-kulturfoerderpreis-geht-an-dominique-bircher\",\"url\":\"https:\\\/\\\/www.musikzeitung.ch\\\/news\\\/2023\\\/09\\\/thuner-kulturfoerderpreis-geht-an-dominique-bircher\",\"name\":\"Thuner Kulturf\u00f6rderpreis geht an Dominique Bircher - Schweizer Musikzeitung\",\"isPartOf\":{\"@id\":\"https:\\\/\\\/www.musikzeitung.ch\\\/#website\"},\"primaryImageOfPage\":{\"@id\":\"https:\\\/\\\/www.musikzeitung.ch\\\/news\\\/2023\\\/09\\\/thuner-kulturfoerderpreis-geht-an-dominique-bircher#primaryimage\"},\"image\":{\"@id\":\"https:\\\/\\\/www.musikzeitung.ch\\\/news\\\/2023\\\/09\\\/thuner-kulturfoerderpreis-geht-an-dominique-bircher#primaryimage\"},\"thumbnailUrl\":\"https:\\\/\\\/www.musikzeitung.ch\\\/wp-content\\\/uploads\\\/2023\\\/09\\\/230905thun.jpg\",\"datePublished\":\"2023-09-05T04:06:59+00:00\",\"dateModified\":\"2023-09-05T04:10:36+00:00\",\"breadcrumb\":{\"@id\":\"https:\\\/\\\/www.musikzeitung.ch\\\/news\\\/2023\\\/09\\\/thuner-kulturfoerderpreis-geht-an-dominique-bircher#breadcrumb\"},\"inLanguage\":\"en-US\",\"potentialAction\":[{\"@type\":\"ReadAction\",\"target\":[\"https:\\\/\\\/www.musikzeitung.ch\\\/news\\\/2023\\\/09\\\/thuner-kulturfoerderpreis-geht-an-dominique-bircher\"]}]},{\"@type\":\"ImageObject\",\"inLanguage\":\"en-US\",\"@id\":\"https:\\\/\\\/www.musikzeitung.ch\\\/news\\\/2023\\\/09\\\/thuner-kulturfoerderpreis-geht-an-dominique-bircher#primaryimage\",\"url\":\"https:\\\/\\\/www.musikzeitung.ch\\\/wp-content\\\/uploads\\\/2023\\\/09\\\/230905thun.jpg\",\"contentUrl\":\"https:\\\/\\\/www.musikzeitung.ch\\\/wp-content\\\/uploads\\\/2023\\\/09\\\/230905thun.jpg\",\"width\":1373,\"height\":797,\"caption\":\"Dominique Bircher (Bild: zVg)\"},{\"@type\":\"BreadcrumbList\",\"@id\":\"https:\\\/\\\/www.musikzeitung.ch\\\/news\\\/2023\\\/09\\\/thuner-kulturfoerderpreis-geht-an-dominique-bircher#breadcrumb\",\"itemListElement\":[{\"@type\":\"ListItem\",\"position\":1,\"name\":\"Home\",\"item\":\"https:\\\/\\\/www.musikzeitung.ch\\\/\"},{\"@type\":\"ListItem\",\"position\":2,\"name\":\"Thuner Kulturf\u00f6rderpreis geht an Dominique Bircher\"}]},{\"@type\":\"WebSite\",\"@id\":\"https:\\\/\\\/www.musikzeitung.ch\\\/#website\",\"url\":\"https:\\\/\\\/www.musikzeitung.ch\\\/\",\"name\":\"Schweizer Musikzeitung\",\"description\":\"Die f\u00fchrende sparten\u00fcbergreifende Monatszeitung in der Schweiz f\u00fcr musikalische Fragen.\",\"publisher\":{\"@id\":\"https:\\\/\\\/www.musikzeitung.ch\\\/#organization\"},\"potentialAction\":[{\"@type\":\"SearchAction\",\"target\":{\"@type\":\"EntryPoint\",\"urlTemplate\":\"https:\\\/\\\/www.musikzeitung.ch\\\/?s={search_term_string}\"},\"query-input\":{\"@type\":\"PropertyValueSpecification\",\"valueRequired\":true,\"valueName\":\"search_term_string\"}}],\"inLanguage\":\"en-US\"},{\"@type\":\"Organization\",\"@id\":\"https:\\\/\\\/www.musikzeitung.ch\\\/#organization\",\"name\":\"Schweizer Musikzeitung\",\"url\":\"https:\\\/\\\/www.musikzeitung.ch\\\/\",\"logo\":{\"@type\":\"ImageObject\",\"inLanguage\":\"en-US\",\"@id\":\"https:\\\/\\\/www.musikzeitung.ch\\\/#\\\/schema\\\/logo\\\/image\\\/\",\"url\":\"https:\\\/\\\/www.musikzeitung.ch\\\/wp-content\\\/uploads\\\/2023\\\/01\\\/SMZ_Schriftzug_Sprache.png\",\"contentUrl\":\"https:\\\/\\\/www.musikzeitung.ch\\\/wp-content\\\/uploads\\\/2023\\\/01\\\/SMZ_Schriftzug_Sprache.png\",\"width\":1400,\"height\":279,\"caption\":\"Schweizer Musikzeitung\"},\"image\":{\"@id\":\"https:\\\/\\\/www.musikzeitung.ch\\\/#\\\/schema\\\/logo\\\/image\\\/\"},\"sameAs\":[\"https:\\\/\\\/www.facebook.com\\\/SchweizerMusikzeitung\\\/\",\"https:\\\/\\\/x.com\\\/smusikzeitung\",\"https:\\\/\\\/www.instagram.com\\\/musikzeitung.ch\\\/\"]},{\"@type\":\"Person\",\"@id\":\"https:\\\/\\\/www.musikzeitung.ch\\\/#\\\/schema\\\/person\\\/0da4fb82d243f1252850a35d0e87cf0c\",\"name\":\"Wolfgang B\u00f6hler\",\"image\":{\"@type\":\"ImageObject\",\"inLanguage\":\"en-US\",\"@id\":\"https:\\\/\\\/www.musikzeitung.ch\\\/wp-content\\\/uploads\\\/2023\\\/01\\\/boehler_portraet_web-e1674139782246-96x96.jpg\",\"url\":\"https:\\\/\\\/www.musikzeitung.ch\\\/wp-content\\\/uploads\\\/2023\\\/01\\\/boehler_portraet_web-e1674139782246-96x96.jpg\",\"contentUrl\":\"https:\\\/\\\/www.musikzeitung.ch\\\/wp-content\\\/uploads\\\/2023\\\/01\\\/boehler_portraet_web-e1674139782246-96x96.jpg\",\"caption\":\"Wolfgang B\u00f6hler\"},\"sameAs\":[\"http:\\\/\\\/www.manacanto.ch\",\"https:\\\/\\\/www.facebook.com\\\/wolfgang.bohler.75\"],\"url\":\"https:\\\/\\\/www.musikzeitung.ch\\\/en\\\/author\\\/wolfgang-boehler\"}]}<\/script>\n<!-- \/ Yoast SEO plugin. -->","yoast_head_json":{"title":"Thun Culture Prize goes to Dominique Bircher - Schweizer Musikzeitung","robots":{"index":"index","follow":"follow","max-snippet":"max-snippet:-1","max-image-preview":"max-image-preview:large","max-video-preview":"max-video-preview:-1"},"canonical":"https:\/\/www.musikzeitung.ch\/en\/news\/2023\/09\/thuner-kulturfoerderpreis-geht-an-dominique-bircher\/","og_locale":"en_US","og_type":"article","og_title":"Thuner Kulturf\u00f6rderpreis geht an Dominique Bircher - Schweizer Musikzeitung","og_description":"Die Fl\u00f6tistin Dominique Bircher erh\u00e4lt den mit 5000 Franken dotierten Kulturf\u00f6rderpreis 2023 der Stadt Thun.","og_url":"https:\/\/www.musikzeitung.ch\/en\/news\/2023\/09\/thuner-kulturfoerderpreis-geht-an-dominique-bircher\/","og_site_name":"Schweizer Musikzeitung","article_publisher":"https:\/\/www.facebook.com\/SchweizerMusikzeitung\/","article_author":"https:\/\/www.facebook.com\/wolfgang.bohler.75","article_published_time":"2023-09-05T04:06:59+00:00","article_modified_time":"2023-09-05T04:10:36+00:00","og_image":[{"width":1373,"height":797,"url":"https:\/\/www.musikzeitung.ch\/wp-content\/uploads\/2023\/09\/230905thun.jpg","type":"image\/jpeg"}],"author":"Wolfgang B\u00f6hler","twitter_card":"summary_large_image","twitter_creator":"@smusikzeitung","twitter_site":"@smusikzeitung","twitter_misc":{"Written by":"Wolfgang B\u00f6hler","Est. reading time":"1 minute"},"schema":{"@context":"https:\/\/schema.org","@graph":[{"@type":"Article","@id":"https:\/\/www.musikzeitung.ch\/news\/2023\/09\/thuner-kulturfoerderpreis-geht-an-dominique-bircher#article","isPartOf":{"@id":"https:\/\/www.musikzeitung.ch\/news\/2023\/09\/thuner-kulturfoerderpreis-geht-an-dominique-bircher"},"author":{"name":"Wolfgang B\u00f6hler","@id":"https:\/\/www.musikzeitung.ch\/#\/schema\/person\/0da4fb82d243f1252850a35d0e87cf0c"},"headline":"Thuner Kulturf\u00f6rderpreis geht an Dominique Bircher","datePublished":"2023-09-05T04:06:59+00:00","dateModified":"2023-09-05T04:10:36+00:00","mainEntityOfPage":{"@id":"https:\/\/www.musikzeitung.ch\/news\/2023\/09\/thuner-kulturfoerderpreis-geht-an-dominique-bircher"},"wordCount":127,"publisher":{"@id":"https:\/\/www.musikzeitung.ch\/#organization"},"image":{"@id":"https:\/\/www.musikzeitung.ch\/news\/2023\/09\/thuner-kulturfoerderpreis-geht-an-dominique-bircher#primaryimage"},"thumbnailUrl":"https:\/\/www.musikzeitung.ch\/wp-content\/uploads\/2023\/09\/230905thun.jpg","keywords":["Dominique Bircher","Kulturf\u00f6rderpreis","Stadt Thun"],"articleSection":["News"],"inLanguage":"en-US"},{"@type":"WebPage","@id":"https:\/\/www.musikzeitung.ch\/news\/2023\/09\/thuner-kulturfoerderpreis-geht-an-dominique-bircher","url":"https:\/\/www.musikzeitung.ch\/news\/2023\/09\/thuner-kulturfoerderpreis-geht-an-dominique-bircher","name":"Thun Culture Prize goes to Dominique Bircher - Schweizer Musikzeitung","isPartOf":{"@id":"https:\/\/www.musikzeitung.ch\/#website"},"primaryImageOfPage":{"@id":"https:\/\/www.musikzeitung.ch\/news\/2023\/09\/thuner-kulturfoerderpreis-geht-an-dominique-bircher#primaryimage"},"image":{"@id":"https:\/\/www.musikzeitung.ch\/news\/2023\/09\/thuner-kulturfoerderpreis-geht-an-dominique-bircher#primaryimage"},"thumbnailUrl":"https:\/\/www.musikzeitung.ch\/wp-content\/uploads\/2023\/09\/230905thun.jpg","datePublished":"2023-09-05T04:06:59+00:00","dateModified":"2023-09-05T04:10:36+00:00","breadcrumb":{"@id":"https:\/\/www.musikzeitung.ch\/news\/2023\/09\/thuner-kulturfoerderpreis-geht-an-dominique-bircher#breadcrumb"},"inLanguage":"en-US","potentialAction":[{"@type":"ReadAction","target":["https:\/\/www.musikzeitung.ch\/news\/2023\/09\/thuner-kulturfoerderpreis-geht-an-dominique-bircher"]}]},{"@type":"ImageObject","inLanguage":"en-US","@id":"https:\/\/www.musikzeitung.ch\/news\/2023\/09\/thuner-kulturfoerderpreis-geht-an-dominique-bircher#primaryimage","url":"https:\/\/www.musikzeitung.ch\/wp-content\/uploads\/2023\/09\/230905thun.jpg","contentUrl":"https:\/\/www.musikzeitung.ch\/wp-content\/uploads\/2023\/09\/230905thun.jpg","width":1373,"height":797,"caption":"Dominique Bircher (Bild: zVg)"},{"@type":"BreadcrumbList","@id":"https:\/\/www.musikzeitung.ch\/news\/2023\/09\/thuner-kulturfoerderpreis-geht-an-dominique-bircher#breadcrumb","itemListElement":[{"@type":"ListItem","position":1,"name":"Home","item":"https:\/\/www.musikzeitung.ch\/"},{"@type":"ListItem","position":2,"name":"Thuner Kulturf\u00f6rderpreis geht an Dominique Bircher"}]},{"@type":"WebSite","@id":"https:\/\/www.musikzeitung.ch\/#website","url":"https:\/\/www.musikzeitung.ch\/","name":"Swiss Music Newspaper","description":"The leading interdisciplinary monthly newspaper in Switzerland for musical issues.","publisher":{"@id":"https:\/\/www.musikzeitung.ch\/#organization"},"potentialAction":[{"@type":"SearchAction","target":{"@type":"EntryPoint","urlTemplate":"https:\/\/www.musikzeitung.ch\/?s={search_term_string}"},"query-input":{"@type":"PropertyValueSpecification","valueRequired":true,"valueName":"search_term_string"}}],"inLanguage":"en-US"},{"@type":"Organization","@id":"https:\/\/www.musikzeitung.ch\/#organization","name":"Swiss Music Newspaper","url":"https:\/\/www.musikzeitung.ch\/","logo":{"@type":"ImageObject","inLanguage":"en-US","@id":"https:\/\/www.musikzeitung.ch\/#\/schema\/logo\/image\/","url":"https:\/\/www.musikzeitung.ch\/wp-content\/uploads\/2023\/01\/SMZ_Schriftzug_Sprache.png","contentUrl":"https:\/\/www.musikzeitung.ch\/wp-content\/uploads\/2023\/01\/SMZ_Schriftzug_Sprache.png","width":1400,"height":279,"caption":"Schweizer Musikzeitung"},"image":{"@id":"https:\/\/www.musikzeitung.ch\/#\/schema\/logo\/image\/"},"sameAs":["https:\/\/www.facebook.com\/SchweizerMusikzeitung\/","https:\/\/x.com\/smusikzeitung","https:\/\/www.instagram.com\/musikzeitung.ch\/"]},{"@type":"Person","@id":"https:\/\/www.musikzeitung.ch\/#\/schema\/person\/0da4fb82d243f1252850a35d0e87cf0c","name":"Wolfgang B\u00f6hler","image":{"@type":"ImageObject","inLanguage":"en-US","@id":"https:\/\/www.musikzeitung.ch\/wp-content\/uploads\/2023\/01\/boehler_portraet_web-e1674139782246-96x96.jpg","url":"https:\/\/www.musikzeitung.ch\/wp-content\/uploads\/2023\/01\/boehler_portraet_web-e1674139782246-96x96.jpg","contentUrl":"https:\/\/www.musikzeitung.ch\/wp-content\/uploads\/2023\/01\/boehler_portraet_web-e1674139782246-96x96.jpg","caption":"Wolfgang B\u00f6hler"},"sameAs":["http:\/\/www.manacanto.ch","https:\/\/www.facebook.com\/wolfgang.bohler.75"],"url":"https:\/\/www.musikzeitung.ch\/en\/author\/wolfgang-boehler"}]}},"publishpress_future_workflow_manual_trigger":{"enabledWorkflows":[]},"_links":{"self":[{"href":"https:\/\/www.musikzeitung.ch\/en\/wp-json\/wp\/v2\/posts\/47036","targetHints":{"allow":["GET"]}}],"collection":[{"href":"https:\/\/www.musikzeitung.ch\/en\/wp-json\/wp\/v2\/posts"}],"about":[{"href":"https:\/\/www.musikzeitung.ch\/en\/wp-json\/wp\/v2\/types\/post"}],"author":[{"embeddable":true,"href":"https:\/\/www.musikzeitung.ch\/en\/wp-json\/wp\/v2\/users\/30"}],"replies":[{"embeddable":true,"href":"https:\/\/www.musikzeitung.ch\/en\/wp-json\/wp\/v2\/comments?post=47036"}],"version-history":[{"count":4,"href":"https:\/\/www.musikzeitung.ch\/en\/wp-json\/wp\/v2\/posts\/47036\/revisions"}],"predecessor-version":[{"id":47041,"href":"https:\/\/www.musikzeitung.ch\/en\/wp-json\/wp\/v2\/posts\/47036\/revisions\/47041"}],"wp:featuredmedia":[{"embeddable":true,"href":"https:\/\/www.musikzeitung.ch\/en\/wp-json\/wp\/v2\/media\/47037"}],"wp:attachment":[{"href":"https:\/\/www.musikzeitung.ch\/en\/wp-json\/wp\/v2\/media?parent=47036"}],"wp:term":[{"taxonomy":"category","embeddable":true,"href":"https:\/\/www.musikzeitung.ch\/en\/wp-json\/wp\/v2\/categories?post=47036"},{"taxonomy":"post_tag","embeddable":true,"href":"https:\/\/www.musikzeitung.ch\/en\/wp-json\/wp\/v2\/tags?post=47036"}],"curies":[{"name":"wp","href":"https:\/\/api.w.org\/{rel}","templated":true}]}}