{"id":47126,"date":"2023-09-10T10:51:35","date_gmt":"2023-09-10T08:51:35","guid":{"rendered":"https:\/\/www.musikzeitung.ch\/?p=47126"},"modified":"2023-09-06T16:06:20","modified_gmt":"2023-09-06T14:06:20","slug":"stimmen-koerper-medien","status":"publish","type":"post","link":"https:\/\/www.musikzeitung.ch\/en\/rezensionen\/buecher-rezensionen\/2023\/09\/stimmen-koerper-medien","title":{"rendered":"Singing in the 20th and 21st centuries"},"content":{"rendered":"<figure id=\"attachment_47127\" aria-describedby=\"caption-attachment-47127\" style=\"width: 1260px\" class=\"wp-caption alignnone\"><img loading=\"lazy\" decoding=\"async\" class=\"wp-image-47127 size-full\" src=\"https:\/\/www.musikzeitung.ch\/wp-content\/uploads\/2023\/09\/Melba.jpeg\" alt=\"\" width=\"1260\" height=\"1000\" srcset=\"https:\/\/www.musikzeitung.ch\/wp-content\/uploads\/2023\/09\/Melba.jpeg 1260w, https:\/\/www.musikzeitung.ch\/wp-content\/uploads\/2023\/09\/Melba-300x238.jpeg 300w, https:\/\/www.musikzeitung.ch\/wp-content\/uploads\/2023\/09\/Melba-1024x813.jpeg 1024w, https:\/\/www.musikzeitung.ch\/wp-content\/uploads\/2023\/09\/Melba-768x609.jpeg 768w, https:\/\/www.musikzeitung.ch\/wp-content\/uploads\/2023\/09\/Melba-221x175.jpeg 221w, https:\/\/www.musikzeitung.ch\/wp-content\/uploads\/2023\/09\/Melba-441x350.jpeg 441w, https:\/\/www.musikzeitung.ch\/wp-content\/uploads\/2023\/09\/Melba-1008x800.jpeg 1008w, https:\/\/www.musikzeitung.ch\/wp-content\/uploads\/2023\/09\/Melba-920x730.jpeg 920w, https:\/\/www.musikzeitung.ch\/wp-content\/uploads\/2023\/09\/Melba-1400x1111.jpeg 1400w\" sizes=\"auto, (max-width: 1260px) 100vw, 1260px\" \/><figcaption id=\"caption-attachment-47127\" class=\"wp-caption-text\">Nelly Melba singing into a microphone in 1920. Photo: <a href=\"https:\/\/www.loc.gov\/pictures\/item\/2014710992\/\" target=\"_blank\" rel=\"noopener\">Library of Congress<\/a><\/figcaption><\/figure>\n<p>A photo of the legendary Nelly Melba during a radio recording in 1920 adorns the cover of the second volume of the \"Handbuch des Gesangs\" (Handbook of Singing) published by Laaber-Verlag. This photo captures a great and decisive moment that opened up a new path for the development of the art of singing and its reception history.<\/p>\n<p>One of the editors of this book, Thomas Seedorf, only published his book in 2019. <em>Handbook of performance practice for solo singing <\/em>which contains a wealth of information for singing early and contemporary music (B\u00e4renreiter). It is dedicated to vocal practice from 1600 to the present day, voice types, vocal aesthetics, ornamentation and declamation, but focuses on the 17th, 18th and 19th centuries. The developments of the 20th and 21st centuries are only touched on in passing with a chapter on new music and modern notation.<\/p>\n<p>The new handbook concludes with the title <em>Voices - Bodies - Media, Singing in the 20th and 21st centuries<\/em> The content of the book follows on from the existing work. It opens up a new perspective on the voice and body on stage, namely in song and chanson in popular music theater as well as on the opera stage, and is dedicated to singing as a cultural practice and choral singing as a global phenomenon. The examination of modern media and the transformation of the singing voice through sound carriers, studio technology and digitalization is indispensable. The aesthetics of popular singing in the 20th and 21st centuries place different and new demands on the singing voice, where speaking, shouting and screaming are not only permitted in pop and jazz singing, but also serve the vocal expression of emotions, where the performers are microphones and sound engineers.<\/p>\n<p>A large chapter is devoted to questions of pedagogy and therapy. The variety of sound aesthetics and stylistic expansion has never been greater than it is today. Just think of pop, rock, soul, jazz and musical singing, tango and indie groups, overtone singing and yodeling, experimental noisiness and sound creations of new music - alongside the ideal of classical singing, which has obviously lost none of its appeal; just look at the enrolment figures at universities ...<\/p>\n<p>The kaleidoscope of vocal diversity is reflected in the extremely pluralistic range of singing lessons covered in the book, ranging from choral voice training to functional voice work, various pop singing schools and so-called bel canto technique to voice work combined with body and breathing training. A variety of methods becomes an attractive quality feature of technical vocal instruction; the magic word is networking instead of separation.<\/p>\n<p>The handbook ends philosophically: Does singing make you happy? \"Yes,\" is the answer! The question is why... Why does sounding, letting your own voice resound, letting it unfold freely, have a euphoric effect?<img loading=\"lazy\" decoding=\"async\" class=\"aligncenter wp-image-47128 size-medium\" src=\"https:\/\/www.musikzeitung.ch\/wp-content\/uploads\/2023\/09\/09_10_crit_buch_Labusch-224x300.jpg\" alt=\"\" width=\"224\" height=\"300\" srcset=\"https:\/\/www.musikzeitung.ch\/wp-content\/uploads\/2023\/09\/09_10_crit_buch_Labusch-224x300.jpg 224w, https:\/\/www.musikzeitung.ch\/wp-content\/uploads\/2023\/09\/09_10_crit_buch_Labusch-765x1024.jpg 765w, https:\/\/www.musikzeitung.ch\/wp-content\/uploads\/2023\/09\/09_10_crit_buch_Labusch-768x1029.jpg 768w, https:\/\/www.musikzeitung.ch\/wp-content\/uploads\/2023\/09\/09_10_crit_buch_Labusch-1147x1536.jpg 1147w, https:\/\/www.musikzeitung.ch\/wp-content\/uploads\/2023\/09\/09_10_crit_buch_Labusch-131x175.jpg 131w, https:\/\/www.musikzeitung.ch\/wp-content\/uploads\/2023\/09\/09_10_crit_buch_Labusch-261x350.jpg 261w, https:\/\/www.musikzeitung.ch\/wp-content\/uploads\/2023\/09\/09_10_crit_buch_Labusch-597x800.jpg 597w, https:\/\/www.musikzeitung.ch\/wp-content\/uploads\/2023\/09\/09_10_crit_buch_Labusch-920x1232.jpg 920w, https:\/\/www.musikzeitung.ch\/wp-content\/uploads\/2023\/09\/09_10_crit_buch_Labusch-300x402.jpg 300w, https:\/\/www.musikzeitung.ch\/wp-content\/uploads\/2023\/09\/09_10_crit_buch_Labusch.jpg 747w\" sizes=\"auto, (max-width: 224px) 100vw, 224px\" \/><\/p>\n<p><em>Voices - Bodies - Media: Singing in the 20th and 21st Centuries, edited by Nils Grosch and Thomas Seedorf, (= Handbuch des Gesangs 2), 396 p., \u20ac 98.00, Laaber, Lilienthal 2021, ISBN 978-3-89007-906-6<\/em><\/p>\n<p>&nbsp;<\/p>","protected":false},"excerpt":{"rendered":"<p>The handbook \"Voices - Body - Media\" focuses on the demands of current musical styles on the voice and pedagogical aspects. <\/p>","protected":false},"author":29,"featured_media":47127,"comment_status":"closed","ping_status":"closed","sticky":false,"template":"","format":"standard","meta":{"_acf_changed":false,"_relevanssi_hide_post":"","_relevanssi_hide_content":"","_relevanssi_pin_for_all":"","_relevanssi_pin_keywords":"","_relevanssi_unpin_keywords":"","_relevanssi_related_keywords":"","_relevanssi_related_include_ids":"","_relevanssi_related_exclude_ids":"","_relevanssi_related_no_append":"","_relevanssi_related_not_related":"","_relevanssi_related_posts":"","_relevanssi_noindex_reason":"","pgc_sgb_lightbox_settings":"","footnotes":""},"categories":[1214,29],"tags":[2923,2926,2924,2925],"class_list":["post-47126","post","type-post","status-publish","format-standard","has-post-thumbnail","hentry","category-buecher-rezensionen","category-rezensionen","tag-gesang-im-20-und-21-jahrhundert","tag-handbuch-gesang","tag-nils-grosch","tag-thomas-seedorf"],"acf":[],"yoast_head":"<!-- This site is optimized with the Yoast SEO plugin v27.4 - https:\/\/yoast.com\/product\/yoast-seo-wordpress\/ -->\n<title>Gesang im 20. und 21. Jahrhundert - Schweizer Musikzeitung<\/title>\n<meta name=\"robots\" content=\"index, follow, max-snippet:-1, max-image-preview:large, max-video-preview:-1\" \/>\n<link rel=\"canonical\" href=\"https:\/\/www.musikzeitung.ch\/en\/rezensionen\/buecher-rezensionen\/2023\/09\/stimmen-koerper-medien\/\" \/>\n<meta property=\"og:locale\" content=\"en_US\" \/>\n<meta property=\"og:type\" content=\"article\" \/>\n<meta property=\"og:title\" content=\"Gesang im 20. und 21. Jahrhundert - Schweizer Musikzeitung\" \/>\n<meta property=\"og:description\" content=\"Im Handbuch \u00abStimmen \u2013 K\u00f6rper \u2013 Medien\u00bb stehen die Anforderungen aktueller Musikstile an die Stimme und p\u00e4dagogische Aspekte im Zentrum.\" \/>\n<meta property=\"og:url\" content=\"https:\/\/www.musikzeitung.ch\/en\/rezensionen\/buecher-rezensionen\/2023\/09\/stimmen-koerper-medien\/\" \/>\n<meta property=\"og:site_name\" content=\"Schweizer Musikzeitung\" \/>\n<meta property=\"article:publisher\" content=\"https:\/\/www.facebook.com\/SchweizerMusikzeitung\/\" \/>\n<meta property=\"article:published_time\" content=\"2023-09-10T08:51:35+00:00\" \/>\n<meta property=\"og:image\" content=\"https:\/\/www.musikzeitung.ch\/wp-content\/uploads\/2023\/09\/Melba.jpeg\" \/>\n\t<meta property=\"og:image:width\" content=\"1260\" \/>\n\t<meta property=\"og:image:height\" content=\"1000\" \/>\n\t<meta property=\"og:image:type\" content=\"image\/jpeg\" \/>\n<meta name=\"author\" content=\"pia.schwab\" \/>\n<meta name=\"twitter:card\" content=\"summary_large_image\" \/>\n<meta name=\"twitter:creator\" content=\"@smusikzeitung\" \/>\n<meta name=\"twitter:site\" content=\"@smusikzeitung\" \/>\n<meta name=\"twitter:label1\" content=\"Written by\" \/>\n\t<meta name=\"twitter:data1\" content=\"pia.schwab\" \/>\n\t<meta name=\"twitter:label2\" content=\"Est. reading time\" \/>\n\t<meta name=\"twitter:data2\" content=\"3 minutes\" \/>\n<script type=\"application\/ld+json\" class=\"yoast-schema-graph\">{\"@context\":\"https:\\\/\\\/schema.org\",\"@graph\":[{\"@type\":\"Article\",\"@id\":\"https:\\\/\\\/www.musikzeitung.ch\\\/rezensionen\\\/buecher-rezensionen\\\/2023\\\/09\\\/stimmen-koerper-medien#article\",\"isPartOf\":{\"@id\":\"https:\\\/\\\/www.musikzeitung.ch\\\/rezensionen\\\/buecher-rezensionen\\\/2023\\\/09\\\/stimmen-koerper-medien\"},\"author\":{\"name\":\"pia.schwab\",\"@id\":\"https:\\\/\\\/www.musikzeitung.ch\\\/#\\\/schema\\\/person\\\/ea3d7b86bd7157c78c7ddd37f2f82b5b\"},\"headline\":\"Gesang im 20. und 21. Jahrhundert\",\"datePublished\":\"2023-09-10T08:51:35+00:00\",\"mainEntityOfPage\":{\"@id\":\"https:\\\/\\\/www.musikzeitung.ch\\\/rezensionen\\\/buecher-rezensionen\\\/2023\\\/09\\\/stimmen-koerper-medien\"},\"wordCount\":460,\"publisher\":{\"@id\":\"https:\\\/\\\/www.musikzeitung.ch\\\/#organization\"},\"image\":{\"@id\":\"https:\\\/\\\/www.musikzeitung.ch\\\/rezensionen\\\/buecher-rezensionen\\\/2023\\\/09\\\/stimmen-koerper-medien#primaryimage\"},\"thumbnailUrl\":\"https:\\\/\\\/www.musikzeitung.ch\\\/wp-content\\\/uploads\\\/2023\\\/09\\\/Melba.jpeg\",\"keywords\":[\"Gesang im 20. und 21. Jahrhundert\",\"Handbuch Gesang\",\"Nils Grosch\",\"Thomas Seedorf\"],\"articleSection\":[\"B\u00fccher\",\"Rezensionen\"],\"inLanguage\":\"en-US\"},{\"@type\":\"WebPage\",\"@id\":\"https:\\\/\\\/www.musikzeitung.ch\\\/rezensionen\\\/buecher-rezensionen\\\/2023\\\/09\\\/stimmen-koerper-medien\",\"url\":\"https:\\\/\\\/www.musikzeitung.ch\\\/rezensionen\\\/buecher-rezensionen\\\/2023\\\/09\\\/stimmen-koerper-medien\",\"name\":\"Gesang im 20. und 21. Jahrhundert - Schweizer Musikzeitung\",\"isPartOf\":{\"@id\":\"https:\\\/\\\/www.musikzeitung.ch\\\/#website\"},\"primaryImageOfPage\":{\"@id\":\"https:\\\/\\\/www.musikzeitung.ch\\\/rezensionen\\\/buecher-rezensionen\\\/2023\\\/09\\\/stimmen-koerper-medien#primaryimage\"},\"image\":{\"@id\":\"https:\\\/\\\/www.musikzeitung.ch\\\/rezensionen\\\/buecher-rezensionen\\\/2023\\\/09\\\/stimmen-koerper-medien#primaryimage\"},\"thumbnailUrl\":\"https:\\\/\\\/www.musikzeitung.ch\\\/wp-content\\\/uploads\\\/2023\\\/09\\\/Melba.jpeg\",\"datePublished\":\"2023-09-10T08:51:35+00:00\",\"breadcrumb\":{\"@id\":\"https:\\\/\\\/www.musikzeitung.ch\\\/rezensionen\\\/buecher-rezensionen\\\/2023\\\/09\\\/stimmen-koerper-medien#breadcrumb\"},\"inLanguage\":\"en-US\",\"potentialAction\":[{\"@type\":\"ReadAction\",\"target\":[\"https:\\\/\\\/www.musikzeitung.ch\\\/rezensionen\\\/buecher-rezensionen\\\/2023\\\/09\\\/stimmen-koerper-medien\"]}]},{\"@type\":\"ImageObject\",\"inLanguage\":\"en-US\",\"@id\":\"https:\\\/\\\/www.musikzeitung.ch\\\/rezensionen\\\/buecher-rezensionen\\\/2023\\\/09\\\/stimmen-koerper-medien#primaryimage\",\"url\":\"https:\\\/\\\/www.musikzeitung.ch\\\/wp-content\\\/uploads\\\/2023\\\/09\\\/Melba.jpeg\",\"contentUrl\":\"https:\\\/\\\/www.musikzeitung.ch\\\/wp-content\\\/uploads\\\/2023\\\/09\\\/Melba.jpeg\",\"width\":1260,\"height\":1000},{\"@type\":\"BreadcrumbList\",\"@id\":\"https:\\\/\\\/www.musikzeitung.ch\\\/rezensionen\\\/buecher-rezensionen\\\/2023\\\/09\\\/stimmen-koerper-medien#breadcrumb\",\"itemListElement\":[{\"@type\":\"ListItem\",\"position\":1,\"name\":\"Home\",\"item\":\"https:\\\/\\\/www.musikzeitung.ch\\\/\"},{\"@type\":\"ListItem\",\"position\":2,\"name\":\"Gesang im 20. und 21. Jahrhundert\"}]},{\"@type\":\"WebSite\",\"@id\":\"https:\\\/\\\/www.musikzeitung.ch\\\/#website\",\"url\":\"https:\\\/\\\/www.musikzeitung.ch\\\/\",\"name\":\"Schweizer Musikzeitung\",\"description\":\"Die f\u00fchrende sparten\u00fcbergreifende Monatszeitung in der Schweiz f\u00fcr musikalische Fragen.\",\"publisher\":{\"@id\":\"https:\\\/\\\/www.musikzeitung.ch\\\/#organization\"},\"potentialAction\":[{\"@type\":\"SearchAction\",\"target\":{\"@type\":\"EntryPoint\",\"urlTemplate\":\"https:\\\/\\\/www.musikzeitung.ch\\\/?s={search_term_string}\"},\"query-input\":{\"@type\":\"PropertyValueSpecification\",\"valueRequired\":true,\"valueName\":\"search_term_string\"}}],\"inLanguage\":\"en-US\"},{\"@type\":\"Organization\",\"@id\":\"https:\\\/\\\/www.musikzeitung.ch\\\/#organization\",\"name\":\"Schweizer Musikzeitung\",\"url\":\"https:\\\/\\\/www.musikzeitung.ch\\\/\",\"logo\":{\"@type\":\"ImageObject\",\"inLanguage\":\"en-US\",\"@id\":\"https:\\\/\\\/www.musikzeitung.ch\\\/#\\\/schema\\\/logo\\\/image\\\/\",\"url\":\"https:\\\/\\\/www.musikzeitung.ch\\\/wp-content\\\/uploads\\\/2023\\\/01\\\/SMZ_Schriftzug_Sprache.png\",\"contentUrl\":\"https:\\\/\\\/www.musikzeitung.ch\\\/wp-content\\\/uploads\\\/2023\\\/01\\\/SMZ_Schriftzug_Sprache.png\",\"width\":1400,\"height\":279,\"caption\":\"Schweizer Musikzeitung\"},\"image\":{\"@id\":\"https:\\\/\\\/www.musikzeitung.ch\\\/#\\\/schema\\\/logo\\\/image\\\/\"},\"sameAs\":[\"https:\\\/\\\/www.facebook.com\\\/SchweizerMusikzeitung\\\/\",\"https:\\\/\\\/x.com\\\/smusikzeitung\",\"https:\\\/\\\/www.instagram.com\\\/musikzeitung.ch\\\/\"]},{\"@type\":\"Person\",\"@id\":\"https:\\\/\\\/www.musikzeitung.ch\\\/#\\\/schema\\\/person\\\/ea3d7b86bd7157c78c7ddd37f2f82b5b\",\"name\":\"pia.schwab\",\"image\":{\"@type\":\"ImageObject\",\"inLanguage\":\"en-US\",\"@id\":\"https:\\\/\\\/secure.gravatar.com\\\/avatar\\\/d39d170de4c2d07e897fbc26cf9d890fc046285c742207b86d8ebabe5fcde2c4?s=96&d=mm&r=g\",\"url\":\"https:\\\/\\\/secure.gravatar.com\\\/avatar\\\/d39d170de4c2d07e897fbc26cf9d890fc046285c742207b86d8ebabe5fcde2c4?s=96&d=mm&r=g\",\"contentUrl\":\"https:\\\/\\\/secure.gravatar.com\\\/avatar\\\/d39d170de4c2d07e897fbc26cf9d890fc046285c742207b86d8ebabe5fcde2c4?s=96&d=mm&r=g\",\"caption\":\"pia.schwab\"},\"url\":\"https:\\\/\\\/www.musikzeitung.ch\\\/en\\\/author\\\/pia-schwab\"}]}<\/script>\n<!-- \/ Yoast SEO plugin. -->","yoast_head_json":{"title":"Singing in the 20th and 21st centuries - Schweizer Musikzeitung","robots":{"index":"index","follow":"follow","max-snippet":"max-snippet:-1","max-image-preview":"max-image-preview:large","max-video-preview":"max-video-preview:-1"},"canonical":"https:\/\/www.musikzeitung.ch\/en\/rezensionen\/buecher-rezensionen\/2023\/09\/stimmen-koerper-medien\/","og_locale":"en_US","og_type":"article","og_title":"Gesang im 20. und 21. Jahrhundert - Schweizer Musikzeitung","og_description":"Im Handbuch \u00abStimmen \u2013 K\u00f6rper \u2013 Medien\u00bb stehen die Anforderungen aktueller Musikstile an die Stimme und p\u00e4dagogische Aspekte im Zentrum.","og_url":"https:\/\/www.musikzeitung.ch\/en\/rezensionen\/buecher-rezensionen\/2023\/09\/stimmen-koerper-medien\/","og_site_name":"Schweizer Musikzeitung","article_publisher":"https:\/\/www.facebook.com\/SchweizerMusikzeitung\/","article_published_time":"2023-09-10T08:51:35+00:00","og_image":[{"width":1260,"height":1000,"url":"https:\/\/www.musikzeitung.ch\/wp-content\/uploads\/2023\/09\/Melba.jpeg","type":"image\/jpeg"}],"author":"pia.schwab","twitter_card":"summary_large_image","twitter_creator":"@smusikzeitung","twitter_site":"@smusikzeitung","twitter_misc":{"Written by":"pia.schwab","Est. reading time":"3 minutes"},"schema":{"@context":"https:\/\/schema.org","@graph":[{"@type":"Article","@id":"https:\/\/www.musikzeitung.ch\/rezensionen\/buecher-rezensionen\/2023\/09\/stimmen-koerper-medien#article","isPartOf":{"@id":"https:\/\/www.musikzeitung.ch\/rezensionen\/buecher-rezensionen\/2023\/09\/stimmen-koerper-medien"},"author":{"name":"pia.schwab","@id":"https:\/\/www.musikzeitung.ch\/#\/schema\/person\/ea3d7b86bd7157c78c7ddd37f2f82b5b"},"headline":"Gesang im 20. und 21. Jahrhundert","datePublished":"2023-09-10T08:51:35+00:00","mainEntityOfPage":{"@id":"https:\/\/www.musikzeitung.ch\/rezensionen\/buecher-rezensionen\/2023\/09\/stimmen-koerper-medien"},"wordCount":460,"publisher":{"@id":"https:\/\/www.musikzeitung.ch\/#organization"},"image":{"@id":"https:\/\/www.musikzeitung.ch\/rezensionen\/buecher-rezensionen\/2023\/09\/stimmen-koerper-medien#primaryimage"},"thumbnailUrl":"https:\/\/www.musikzeitung.ch\/wp-content\/uploads\/2023\/09\/Melba.jpeg","keywords":["Gesang im 20. und 21. Jahrhundert","Handbuch Gesang","Nils Grosch","Thomas Seedorf"],"articleSection":["B\u00fccher","Rezensionen"],"inLanguage":"en-US"},{"@type":"WebPage","@id":"https:\/\/www.musikzeitung.ch\/rezensionen\/buecher-rezensionen\/2023\/09\/stimmen-koerper-medien","url":"https:\/\/www.musikzeitung.ch\/rezensionen\/buecher-rezensionen\/2023\/09\/stimmen-koerper-medien","name":"Singing in the 20th and 21st centuries - Schweizer Musikzeitung","isPartOf":{"@id":"https:\/\/www.musikzeitung.ch\/#website"},"primaryImageOfPage":{"@id":"https:\/\/www.musikzeitung.ch\/rezensionen\/buecher-rezensionen\/2023\/09\/stimmen-koerper-medien#primaryimage"},"image":{"@id":"https:\/\/www.musikzeitung.ch\/rezensionen\/buecher-rezensionen\/2023\/09\/stimmen-koerper-medien#primaryimage"},"thumbnailUrl":"https:\/\/www.musikzeitung.ch\/wp-content\/uploads\/2023\/09\/Melba.jpeg","datePublished":"2023-09-10T08:51:35+00:00","breadcrumb":{"@id":"https:\/\/www.musikzeitung.ch\/rezensionen\/buecher-rezensionen\/2023\/09\/stimmen-koerper-medien#breadcrumb"},"inLanguage":"en-US","potentialAction":[{"@type":"ReadAction","target":["https:\/\/www.musikzeitung.ch\/rezensionen\/buecher-rezensionen\/2023\/09\/stimmen-koerper-medien"]}]},{"@type":"ImageObject","inLanguage":"en-US","@id":"https:\/\/www.musikzeitung.ch\/rezensionen\/buecher-rezensionen\/2023\/09\/stimmen-koerper-medien#primaryimage","url":"https:\/\/www.musikzeitung.ch\/wp-content\/uploads\/2023\/09\/Melba.jpeg","contentUrl":"https:\/\/www.musikzeitung.ch\/wp-content\/uploads\/2023\/09\/Melba.jpeg","width":1260,"height":1000},{"@type":"BreadcrumbList","@id":"https:\/\/www.musikzeitung.ch\/rezensionen\/buecher-rezensionen\/2023\/09\/stimmen-koerper-medien#breadcrumb","itemListElement":[{"@type":"ListItem","position":1,"name":"Home","item":"https:\/\/www.musikzeitung.ch\/"},{"@type":"ListItem","position":2,"name":"Gesang im 20. und 21. Jahrhundert"}]},{"@type":"WebSite","@id":"https:\/\/www.musikzeitung.ch\/#website","url":"https:\/\/www.musikzeitung.ch\/","name":"Swiss Music Newspaper","description":"The leading interdisciplinary monthly newspaper in Switzerland for musical issues.","publisher":{"@id":"https:\/\/www.musikzeitung.ch\/#organization"},"potentialAction":[{"@type":"SearchAction","target":{"@type":"EntryPoint","urlTemplate":"https:\/\/www.musikzeitung.ch\/?s={search_term_string}"},"query-input":{"@type":"PropertyValueSpecification","valueRequired":true,"valueName":"search_term_string"}}],"inLanguage":"en-US"},{"@type":"Organization","@id":"https:\/\/www.musikzeitung.ch\/#organization","name":"Swiss Music Newspaper","url":"https:\/\/www.musikzeitung.ch\/","logo":{"@type":"ImageObject","inLanguage":"en-US","@id":"https:\/\/www.musikzeitung.ch\/#\/schema\/logo\/image\/","url":"https:\/\/www.musikzeitung.ch\/wp-content\/uploads\/2023\/01\/SMZ_Schriftzug_Sprache.png","contentUrl":"https:\/\/www.musikzeitung.ch\/wp-content\/uploads\/2023\/01\/SMZ_Schriftzug_Sprache.png","width":1400,"height":279,"caption":"Schweizer Musikzeitung"},"image":{"@id":"https:\/\/www.musikzeitung.ch\/#\/schema\/logo\/image\/"},"sameAs":["https:\/\/www.facebook.com\/SchweizerMusikzeitung\/","https:\/\/x.com\/smusikzeitung","https:\/\/www.instagram.com\/musikzeitung.ch\/"]},{"@type":"Person","@id":"https:\/\/www.musikzeitung.ch\/#\/schema\/person\/ea3d7b86bd7157c78c7ddd37f2f82b5b","name":"pia.schwab","image":{"@type":"ImageObject","inLanguage":"en-US","@id":"https:\/\/secure.gravatar.com\/avatar\/d39d170de4c2d07e897fbc26cf9d890fc046285c742207b86d8ebabe5fcde2c4?s=96&d=mm&r=g","url":"https:\/\/secure.gravatar.com\/avatar\/d39d170de4c2d07e897fbc26cf9d890fc046285c742207b86d8ebabe5fcde2c4?s=96&d=mm&r=g","contentUrl":"https:\/\/secure.gravatar.com\/avatar\/d39d170de4c2d07e897fbc26cf9d890fc046285c742207b86d8ebabe5fcde2c4?s=96&d=mm&r=g","caption":"pia.schwab"},"url":"https:\/\/www.musikzeitung.ch\/en\/author\/pia-schwab"}]}},"publishpress_future_workflow_manual_trigger":{"enabledWorkflows":[]},"_links":{"self":[{"href":"https:\/\/www.musikzeitung.ch\/en\/wp-json\/wp\/v2\/posts\/47126","targetHints":{"allow":["GET"]}}],"collection":[{"href":"https:\/\/www.musikzeitung.ch\/en\/wp-json\/wp\/v2\/posts"}],"about":[{"href":"https:\/\/www.musikzeitung.ch\/en\/wp-json\/wp\/v2\/types\/post"}],"author":[{"embeddable":true,"href":"https:\/\/www.musikzeitung.ch\/en\/wp-json\/wp\/v2\/users\/29"}],"replies":[{"embeddable":true,"href":"https:\/\/www.musikzeitung.ch\/en\/wp-json\/wp\/v2\/comments?post=47126"}],"version-history":[{"count":4,"href":"https:\/\/www.musikzeitung.ch\/en\/wp-json\/wp\/v2\/posts\/47126\/revisions"}],"predecessor-version":[{"id":47132,"href":"https:\/\/www.musikzeitung.ch\/en\/wp-json\/wp\/v2\/posts\/47126\/revisions\/47132"}],"wp:featuredmedia":[{"embeddable":true,"href":"https:\/\/www.musikzeitung.ch\/en\/wp-json\/wp\/v2\/media\/47127"}],"wp:attachment":[{"href":"https:\/\/www.musikzeitung.ch\/en\/wp-json\/wp\/v2\/media?parent=47126"}],"wp:term":[{"taxonomy":"category","embeddable":true,"href":"https:\/\/www.musikzeitung.ch\/en\/wp-json\/wp\/v2\/categories?post=47126"},{"taxonomy":"post_tag","embeddable":true,"href":"https:\/\/www.musikzeitung.ch\/en\/wp-json\/wp\/v2\/tags?post=47126"}],"curies":[{"name":"wp","href":"https:\/\/api.w.org\/{rel}","templated":true}]}}