{"id":47486,"date":"2023-09-14T09:22:29","date_gmt":"2023-09-14T07:22:29","guid":{"rendered":"https:\/\/www.musikzeitung.ch\/?p=47486"},"modified":"2023-09-14T17:17:40","modified_gmt":"2023-09-14T15:17:40","slug":"in-basel-ist-neu-ggg-kulturkick-ansprechpartnerin-fuer-junge-kulturschaffende","status":"publish","type":"post","link":"https:\/\/www.musikzeitung.ch\/en\/news\/2023\/09\/in-basel-ist-neu-ggg-kulturkick-ansprechpartnerin-fuer-junge-kulturschaffende","title":{"rendered":"Culture kick for young artists"},"content":{"rendered":"<p><img loading=\"lazy\" decoding=\"async\" class=\"alignnone wp-image-47487\" src=\"https:\/\/www.musikzeitung.ch\/wp-content\/uploads\/2023\/09\/230914GGG.jpg\" alt=\"\" width=\"562\" height=\"261\" srcset=\"https:\/\/www.musikzeitung.ch\/wp-content\/uploads\/2023\/09\/230914GGG.jpg 890w, https:\/\/www.musikzeitung.ch\/wp-content\/uploads\/2023\/09\/230914GGG-300x139.jpg 300w, https:\/\/www.musikzeitung.ch\/wp-content\/uploads\/2023\/09\/230914GGG-768x356.jpg 768w, https:\/\/www.musikzeitung.ch\/wp-content\/uploads\/2023\/09\/230914GGG-375x175.jpg 375w, https:\/\/www.musikzeitung.ch\/wp-content\/uploads\/2023\/09\/230914GGG-754x350.jpg 754w\" sizes=\"auto, (max-width: 562px) 100vw, 562px\" \/><\/p>\n<p>According to the canton's press release, GGG Kulturkick, which is supported by the GGG Basel association, will now assume responsibility for all funding and advice for individual projects by creative artists up to the age of 30 on behalf of the canton. Responsibilities among the cultural funding agencies will thus be clarified and made more transparent. Young artists will have a clear point of contact for their applications and concerns. Projects that improve the framework conditions for youth culture can still be submitted to the Culture Department.<\/p>\n<p>From 2024, GGG Kulturkick will have a total budget of just under CHF 600,000. It receives an annual state contribution of CHF 400,000 from the canton. The offer is substantially supported by GGG Basel, which is increasing its contribution to almost 200,000 francs. This not only strengthens the promotion of individual projects, but also allows the GGG Kulturkick office to be expanded, enabling it to improve its advisory, mediation and networking services.<\/p>\n<p><strong>More info:<\/strong><br \/>\n<a href=\"https:\/\/www.bs.ch\/nm\/2023-ggg-kulturkick-als-anlaufstelle-fuer-junge-kulturschaffende-pd.html\" target=\"_blank\" rel=\"noopener\">https:\/\/www.bs.ch\/nm\/2023-ggg-kulturkick-als-anlaufstelle-fuer-junge-kulturschaffende-pd.html<\/a><\/p>","protected":false},"excerpt":{"rendered":"<p>The Basel Grand Council is allocating more funds for youth culture. GGG Kulturkick is now fully responsible for promoting and advising individual projects by young artists up to the age of 30. <\/p>","protected":false},"author":30,"featured_media":47487,"comment_status":"closed","ping_status":"closed","sticky":false,"template":"","format":"standard","meta":{"_acf_changed":false,"_relevanssi_hide_post":"","_relevanssi_hide_content":"","_relevanssi_pin_for_all":"","_relevanssi_pin_keywords":"","_relevanssi_unpin_keywords":"","_relevanssi_related_keywords":"","_relevanssi_related_include_ids":"","_relevanssi_related_exclude_ids":"","_relevanssi_related_no_append":"","_relevanssi_related_not_related":"","_relevanssi_related_posts":"","_relevanssi_noindex_reason":"","pgc_sgb_lightbox_settings":"","footnotes":""},"categories":[27],"tags":[3009,2465],"class_list":["post-47486","post","type-post","status-publish","format-standard","has-post-thumbnail","hentry","category-news","tag-ggg-kulturkick","tag-kanton-basel-stadt"],"acf":[],"yoast_head":"<!-- This site is optimized with the Yoast SEO plugin v27.4 - https:\/\/yoast.com\/product\/yoast-seo-wordpress\/ -->\n<title>Kulturkick f\u00fcr junge Kulturschaffende - Schweizer Musikzeitung<\/title>\n<meta name=\"description\" content=\"Neu ist GGG Kulturkick vollst\u00e4ndig f\u00fcr die F\u00f6rderung und Beratung von Einzelprojekt von jungen Kulturschaffenden bis 30 Jahre zust\u00e4ndig.\" \/>\n<meta name=\"robots\" content=\"index, follow, max-snippet:-1, max-image-preview:large, max-video-preview:-1\" \/>\n<link rel=\"canonical\" href=\"https:\/\/www.musikzeitung.ch\/en\/news\/2023\/09\/in-basel-ist-neu-ggg-kulturkick-ansprechpartnerin-fuer-junge-kulturschaffende\/\" \/>\n<meta property=\"og:locale\" content=\"en_US\" \/>\n<meta property=\"og:type\" content=\"article\" \/>\n<meta property=\"og:title\" content=\"Kulturkick f\u00fcr junge Kulturschaffende - Schweizer Musikzeitung\" \/>\n<meta property=\"og:description\" content=\"Neu ist GGG Kulturkick vollst\u00e4ndig f\u00fcr die F\u00f6rderung und Beratung von Einzelprojekt von jungen Kulturschaffenden bis 30 Jahre zust\u00e4ndig.\" \/>\n<meta property=\"og:url\" content=\"https:\/\/www.musikzeitung.ch\/en\/news\/2023\/09\/in-basel-ist-neu-ggg-kulturkick-ansprechpartnerin-fuer-junge-kulturschaffende\/\" \/>\n<meta property=\"og:site_name\" content=\"Schweizer Musikzeitung\" \/>\n<meta property=\"article:publisher\" content=\"https:\/\/www.facebook.com\/SchweizerMusikzeitung\/\" \/>\n<meta property=\"article:author\" content=\"https:\/\/www.facebook.com\/wolfgang.bohler.75\" \/>\n<meta property=\"article:published_time\" content=\"2023-09-14T07:22:29+00:00\" \/>\n<meta property=\"article:modified_time\" content=\"2023-09-14T15:17:40+00:00\" \/>\n<meta property=\"og:image\" content=\"https:\/\/www.musikzeitung.ch\/wp-content\/uploads\/2023\/09\/230914GGG.jpg\" \/>\n\t<meta property=\"og:image:width\" content=\"890\" \/>\n\t<meta property=\"og:image:height\" content=\"413\" \/>\n\t<meta property=\"og:image:type\" content=\"image\/jpeg\" \/>\n<meta name=\"author\" content=\"Wolfgang B\u00f6hler\" \/>\n<meta name=\"twitter:card\" content=\"summary_large_image\" \/>\n<meta name=\"twitter:creator\" content=\"@smusikzeitung\" \/>\n<meta name=\"twitter:site\" content=\"@smusikzeitung\" \/>\n<meta name=\"twitter:label1\" content=\"Written by\" \/>\n\t<meta name=\"twitter:data1\" content=\"Wolfgang B\u00f6hler\" \/>\n\t<meta name=\"twitter:label2\" content=\"Est. reading time\" \/>\n\t<meta name=\"twitter:data2\" content=\"2 minutes\" \/>\n<script type=\"application\/ld+json\" class=\"yoast-schema-graph\">{\"@context\":\"https:\\\/\\\/schema.org\",\"@graph\":[{\"@type\":\"Article\",\"@id\":\"https:\\\/\\\/www.musikzeitung.ch\\\/news\\\/2023\\\/09\\\/in-basel-ist-neu-ggg-kulturkick-ansprechpartnerin-fuer-junge-kulturschaffende#article\",\"isPartOf\":{\"@id\":\"https:\\\/\\\/www.musikzeitung.ch\\\/news\\\/2023\\\/09\\\/in-basel-ist-neu-ggg-kulturkick-ansprechpartnerin-fuer-junge-kulturschaffende\"},\"author\":{\"name\":\"Wolfgang B\u00f6hler\",\"@id\":\"https:\\\/\\\/www.musikzeitung.ch\\\/#\\\/schema\\\/person\\\/0da4fb82d243f1252850a35d0e87cf0c\"},\"headline\":\"Kulturkick f\u00fcr junge Kulturschaffende\",\"datePublished\":\"2023-09-14T07:22:29+00:00\",\"dateModified\":\"2023-09-14T15:17:40+00:00\",\"mainEntityOfPage\":{\"@id\":\"https:\\\/\\\/www.musikzeitung.ch\\\/news\\\/2023\\\/09\\\/in-basel-ist-neu-ggg-kulturkick-ansprechpartnerin-fuer-junge-kulturschaffende\"},\"wordCount\":169,\"publisher\":{\"@id\":\"https:\\\/\\\/www.musikzeitung.ch\\\/#organization\"},\"image\":{\"@id\":\"https:\\\/\\\/www.musikzeitung.ch\\\/news\\\/2023\\\/09\\\/in-basel-ist-neu-ggg-kulturkick-ansprechpartnerin-fuer-junge-kulturschaffende#primaryimage\"},\"thumbnailUrl\":\"https:\\\/\\\/www.musikzeitung.ch\\\/wp-content\\\/uploads\\\/2023\\\/09\\\/230914GGG.jpg\",\"keywords\":[\"GGG Kulturkick\",\"Kanton Basel-Stadt\"],\"articleSection\":[\"News\"],\"inLanguage\":\"en-US\"},{\"@type\":\"WebPage\",\"@id\":\"https:\\\/\\\/www.musikzeitung.ch\\\/news\\\/2023\\\/09\\\/in-basel-ist-neu-ggg-kulturkick-ansprechpartnerin-fuer-junge-kulturschaffende\",\"url\":\"https:\\\/\\\/www.musikzeitung.ch\\\/news\\\/2023\\\/09\\\/in-basel-ist-neu-ggg-kulturkick-ansprechpartnerin-fuer-junge-kulturschaffende\",\"name\":\"Kulturkick f\u00fcr junge Kulturschaffende - Schweizer Musikzeitung\",\"isPartOf\":{\"@id\":\"https:\\\/\\\/www.musikzeitung.ch\\\/#website\"},\"primaryImageOfPage\":{\"@id\":\"https:\\\/\\\/www.musikzeitung.ch\\\/news\\\/2023\\\/09\\\/in-basel-ist-neu-ggg-kulturkick-ansprechpartnerin-fuer-junge-kulturschaffende#primaryimage\"},\"image\":{\"@id\":\"https:\\\/\\\/www.musikzeitung.ch\\\/news\\\/2023\\\/09\\\/in-basel-ist-neu-ggg-kulturkick-ansprechpartnerin-fuer-junge-kulturschaffende#primaryimage\"},\"thumbnailUrl\":\"https:\\\/\\\/www.musikzeitung.ch\\\/wp-content\\\/uploads\\\/2023\\\/09\\\/230914GGG.jpg\",\"datePublished\":\"2023-09-14T07:22:29+00:00\",\"dateModified\":\"2023-09-14T15:17:40+00:00\",\"description\":\"Neu ist GGG Kulturkick vollst\u00e4ndig f\u00fcr die F\u00f6rderung und Beratung von Einzelprojekt von jungen Kulturschaffenden bis 30 Jahre zust\u00e4ndig.\",\"breadcrumb\":{\"@id\":\"https:\\\/\\\/www.musikzeitung.ch\\\/news\\\/2023\\\/09\\\/in-basel-ist-neu-ggg-kulturkick-ansprechpartnerin-fuer-junge-kulturschaffende#breadcrumb\"},\"inLanguage\":\"en-US\",\"potentialAction\":[{\"@type\":\"ReadAction\",\"target\":[\"https:\\\/\\\/www.musikzeitung.ch\\\/news\\\/2023\\\/09\\\/in-basel-ist-neu-ggg-kulturkick-ansprechpartnerin-fuer-junge-kulturschaffende\"]}]},{\"@type\":\"ImageObject\",\"inLanguage\":\"en-US\",\"@id\":\"https:\\\/\\\/www.musikzeitung.ch\\\/news\\\/2023\\\/09\\\/in-basel-ist-neu-ggg-kulturkick-ansprechpartnerin-fuer-junge-kulturschaffende#primaryimage\",\"url\":\"https:\\\/\\\/www.musikzeitung.ch\\\/wp-content\\\/uploads\\\/2023\\\/09\\\/230914GGG.jpg\",\"contentUrl\":\"https:\\\/\\\/www.musikzeitung.ch\\\/wp-content\\\/uploads\\\/2023\\\/09\\\/230914GGG.jpg\",\"width\":890,\"height\":413},{\"@type\":\"BreadcrumbList\",\"@id\":\"https:\\\/\\\/www.musikzeitung.ch\\\/news\\\/2023\\\/09\\\/in-basel-ist-neu-ggg-kulturkick-ansprechpartnerin-fuer-junge-kulturschaffende#breadcrumb\",\"itemListElement\":[{\"@type\":\"ListItem\",\"position\":1,\"name\":\"Home\",\"item\":\"https:\\\/\\\/www.musikzeitung.ch\\\/\"},{\"@type\":\"ListItem\",\"position\":2,\"name\":\"Kulturkick f\u00fcr junge Kulturschaffende\"}]},{\"@type\":\"WebSite\",\"@id\":\"https:\\\/\\\/www.musikzeitung.ch\\\/#website\",\"url\":\"https:\\\/\\\/www.musikzeitung.ch\\\/\",\"name\":\"Schweizer Musikzeitung\",\"description\":\"Die f\u00fchrende sparten\u00fcbergreifende Monatszeitung in der Schweiz f\u00fcr musikalische Fragen.\",\"publisher\":{\"@id\":\"https:\\\/\\\/www.musikzeitung.ch\\\/#organization\"},\"potentialAction\":[{\"@type\":\"SearchAction\",\"target\":{\"@type\":\"EntryPoint\",\"urlTemplate\":\"https:\\\/\\\/www.musikzeitung.ch\\\/?s={search_term_string}\"},\"query-input\":{\"@type\":\"PropertyValueSpecification\",\"valueRequired\":true,\"valueName\":\"search_term_string\"}}],\"inLanguage\":\"en-US\"},{\"@type\":\"Organization\",\"@id\":\"https:\\\/\\\/www.musikzeitung.ch\\\/#organization\",\"name\":\"Schweizer Musikzeitung\",\"url\":\"https:\\\/\\\/www.musikzeitung.ch\\\/\",\"logo\":{\"@type\":\"ImageObject\",\"inLanguage\":\"en-US\",\"@id\":\"https:\\\/\\\/www.musikzeitung.ch\\\/#\\\/schema\\\/logo\\\/image\\\/\",\"url\":\"https:\\\/\\\/www.musikzeitung.ch\\\/wp-content\\\/uploads\\\/2023\\\/01\\\/SMZ_Schriftzug_Sprache.png\",\"contentUrl\":\"https:\\\/\\\/www.musikzeitung.ch\\\/wp-content\\\/uploads\\\/2023\\\/01\\\/SMZ_Schriftzug_Sprache.png\",\"width\":1400,\"height\":279,\"caption\":\"Schweizer Musikzeitung\"},\"image\":{\"@id\":\"https:\\\/\\\/www.musikzeitung.ch\\\/#\\\/schema\\\/logo\\\/image\\\/\"},\"sameAs\":[\"https:\\\/\\\/www.facebook.com\\\/SchweizerMusikzeitung\\\/\",\"https:\\\/\\\/x.com\\\/smusikzeitung\",\"https:\\\/\\\/www.instagram.com\\\/musikzeitung.ch\\\/\"]},{\"@type\":\"Person\",\"@id\":\"https:\\\/\\\/www.musikzeitung.ch\\\/#\\\/schema\\\/person\\\/0da4fb82d243f1252850a35d0e87cf0c\",\"name\":\"Wolfgang B\u00f6hler\",\"image\":{\"@type\":\"ImageObject\",\"inLanguage\":\"en-US\",\"@id\":\"https:\\\/\\\/www.musikzeitung.ch\\\/wp-content\\\/uploads\\\/2023\\\/01\\\/boehler_portraet_web-e1674139782246-96x96.jpg\",\"url\":\"https:\\\/\\\/www.musikzeitung.ch\\\/wp-content\\\/uploads\\\/2023\\\/01\\\/boehler_portraet_web-e1674139782246-96x96.jpg\",\"contentUrl\":\"https:\\\/\\\/www.musikzeitung.ch\\\/wp-content\\\/uploads\\\/2023\\\/01\\\/boehler_portraet_web-e1674139782246-96x96.jpg\",\"caption\":\"Wolfgang B\u00f6hler\"},\"sameAs\":[\"http:\\\/\\\/www.manacanto.ch\",\"https:\\\/\\\/www.facebook.com\\\/wolfgang.bohler.75\"],\"url\":\"https:\\\/\\\/www.musikzeitung.ch\\\/en\\\/author\\\/wolfgang-boehler\"}]}<\/script>\n<!-- \/ Yoast SEO plugin. -->","yoast_head_json":{"title":"Kulturkick f\u00fcr junge Kulturschaffende - Schweizer Musikzeitung","description":"Neu ist GGG Kulturkick vollst\u00e4ndig f\u00fcr die F\u00f6rderung und Beratung von Einzelprojekt von jungen Kulturschaffenden bis 30 Jahre zust\u00e4ndig.","robots":{"index":"index","follow":"follow","max-snippet":"max-snippet:-1","max-image-preview":"max-image-preview:large","max-video-preview":"max-video-preview:-1"},"canonical":"https:\/\/www.musikzeitung.ch\/en\/news\/2023\/09\/in-basel-ist-neu-ggg-kulturkick-ansprechpartnerin-fuer-junge-kulturschaffende\/","og_locale":"en_US","og_type":"article","og_title":"Kulturkick f\u00fcr junge Kulturschaffende - Schweizer Musikzeitung","og_description":"Neu ist GGG Kulturkick vollst\u00e4ndig f\u00fcr die F\u00f6rderung und Beratung von Einzelprojekt von jungen Kulturschaffenden bis 30 Jahre zust\u00e4ndig.","og_url":"https:\/\/www.musikzeitung.ch\/en\/news\/2023\/09\/in-basel-ist-neu-ggg-kulturkick-ansprechpartnerin-fuer-junge-kulturschaffende\/","og_site_name":"Schweizer Musikzeitung","article_publisher":"https:\/\/www.facebook.com\/SchweizerMusikzeitung\/","article_author":"https:\/\/www.facebook.com\/wolfgang.bohler.75","article_published_time":"2023-09-14T07:22:29+00:00","article_modified_time":"2023-09-14T15:17:40+00:00","og_image":[{"width":890,"height":413,"url":"https:\/\/www.musikzeitung.ch\/wp-content\/uploads\/2023\/09\/230914GGG.jpg","type":"image\/jpeg"}],"author":"Wolfgang B\u00f6hler","twitter_card":"summary_large_image","twitter_creator":"@smusikzeitung","twitter_site":"@smusikzeitung","twitter_misc":{"Written by":"Wolfgang B\u00f6hler","Est. reading time":"2 minutes"},"schema":{"@context":"https:\/\/schema.org","@graph":[{"@type":"Article","@id":"https:\/\/www.musikzeitung.ch\/news\/2023\/09\/in-basel-ist-neu-ggg-kulturkick-ansprechpartnerin-fuer-junge-kulturschaffende#article","isPartOf":{"@id":"https:\/\/www.musikzeitung.ch\/news\/2023\/09\/in-basel-ist-neu-ggg-kulturkick-ansprechpartnerin-fuer-junge-kulturschaffende"},"author":{"name":"Wolfgang B\u00f6hler","@id":"https:\/\/www.musikzeitung.ch\/#\/schema\/person\/0da4fb82d243f1252850a35d0e87cf0c"},"headline":"Kulturkick f\u00fcr junge Kulturschaffende","datePublished":"2023-09-14T07:22:29+00:00","dateModified":"2023-09-14T15:17:40+00:00","mainEntityOfPage":{"@id":"https:\/\/www.musikzeitung.ch\/news\/2023\/09\/in-basel-ist-neu-ggg-kulturkick-ansprechpartnerin-fuer-junge-kulturschaffende"},"wordCount":169,"publisher":{"@id":"https:\/\/www.musikzeitung.ch\/#organization"},"image":{"@id":"https:\/\/www.musikzeitung.ch\/news\/2023\/09\/in-basel-ist-neu-ggg-kulturkick-ansprechpartnerin-fuer-junge-kulturschaffende#primaryimage"},"thumbnailUrl":"https:\/\/www.musikzeitung.ch\/wp-content\/uploads\/2023\/09\/230914GGG.jpg","keywords":["GGG Kulturkick","Kanton Basel-Stadt"],"articleSection":["News"],"inLanguage":"en-US"},{"@type":"WebPage","@id":"https:\/\/www.musikzeitung.ch\/news\/2023\/09\/in-basel-ist-neu-ggg-kulturkick-ansprechpartnerin-fuer-junge-kulturschaffende","url":"https:\/\/www.musikzeitung.ch\/news\/2023\/09\/in-basel-ist-neu-ggg-kulturkick-ansprechpartnerin-fuer-junge-kulturschaffende","name":"Kulturkick f\u00fcr junge Kulturschaffende - Schweizer Musikzeitung","isPartOf":{"@id":"https:\/\/www.musikzeitung.ch\/#website"},"primaryImageOfPage":{"@id":"https:\/\/www.musikzeitung.ch\/news\/2023\/09\/in-basel-ist-neu-ggg-kulturkick-ansprechpartnerin-fuer-junge-kulturschaffende#primaryimage"},"image":{"@id":"https:\/\/www.musikzeitung.ch\/news\/2023\/09\/in-basel-ist-neu-ggg-kulturkick-ansprechpartnerin-fuer-junge-kulturschaffende#primaryimage"},"thumbnailUrl":"https:\/\/www.musikzeitung.ch\/wp-content\/uploads\/2023\/09\/230914GGG.jpg","datePublished":"2023-09-14T07:22:29+00:00","dateModified":"2023-09-14T15:17:40+00:00","description":"Neu ist GGG Kulturkick vollst\u00e4ndig f\u00fcr die F\u00f6rderung und Beratung von Einzelprojekt von jungen Kulturschaffenden bis 30 Jahre zust\u00e4ndig.","breadcrumb":{"@id":"https:\/\/www.musikzeitung.ch\/news\/2023\/09\/in-basel-ist-neu-ggg-kulturkick-ansprechpartnerin-fuer-junge-kulturschaffende#breadcrumb"},"inLanguage":"en-US","potentialAction":[{"@type":"ReadAction","target":["https:\/\/www.musikzeitung.ch\/news\/2023\/09\/in-basel-ist-neu-ggg-kulturkick-ansprechpartnerin-fuer-junge-kulturschaffende"]}]},{"@type":"ImageObject","inLanguage":"en-US","@id":"https:\/\/www.musikzeitung.ch\/news\/2023\/09\/in-basel-ist-neu-ggg-kulturkick-ansprechpartnerin-fuer-junge-kulturschaffende#primaryimage","url":"https:\/\/www.musikzeitung.ch\/wp-content\/uploads\/2023\/09\/230914GGG.jpg","contentUrl":"https:\/\/www.musikzeitung.ch\/wp-content\/uploads\/2023\/09\/230914GGG.jpg","width":890,"height":413},{"@type":"BreadcrumbList","@id":"https:\/\/www.musikzeitung.ch\/news\/2023\/09\/in-basel-ist-neu-ggg-kulturkick-ansprechpartnerin-fuer-junge-kulturschaffende#breadcrumb","itemListElement":[{"@type":"ListItem","position":1,"name":"Home","item":"https:\/\/www.musikzeitung.ch\/"},{"@type":"ListItem","position":2,"name":"Kulturkick f\u00fcr junge Kulturschaffende"}]},{"@type":"WebSite","@id":"https:\/\/www.musikzeitung.ch\/#website","url":"https:\/\/www.musikzeitung.ch\/","name":"Swiss Music Newspaper","description":"The leading interdisciplinary monthly newspaper in Switzerland for musical issues.","publisher":{"@id":"https:\/\/www.musikzeitung.ch\/#organization"},"potentialAction":[{"@type":"SearchAction","target":{"@type":"EntryPoint","urlTemplate":"https:\/\/www.musikzeitung.ch\/?s={search_term_string}"},"query-input":{"@type":"PropertyValueSpecification","valueRequired":true,"valueName":"search_term_string"}}],"inLanguage":"en-US"},{"@type":"Organization","@id":"https:\/\/www.musikzeitung.ch\/#organization","name":"Swiss Music Newspaper","url":"https:\/\/www.musikzeitung.ch\/","logo":{"@type":"ImageObject","inLanguage":"en-US","@id":"https:\/\/www.musikzeitung.ch\/#\/schema\/logo\/image\/","url":"https:\/\/www.musikzeitung.ch\/wp-content\/uploads\/2023\/01\/SMZ_Schriftzug_Sprache.png","contentUrl":"https:\/\/www.musikzeitung.ch\/wp-content\/uploads\/2023\/01\/SMZ_Schriftzug_Sprache.png","width":1400,"height":279,"caption":"Schweizer Musikzeitung"},"image":{"@id":"https:\/\/www.musikzeitung.ch\/#\/schema\/logo\/image\/"},"sameAs":["https:\/\/www.facebook.com\/SchweizerMusikzeitung\/","https:\/\/x.com\/smusikzeitung","https:\/\/www.instagram.com\/musikzeitung.ch\/"]},{"@type":"Person","@id":"https:\/\/www.musikzeitung.ch\/#\/schema\/person\/0da4fb82d243f1252850a35d0e87cf0c","name":"Wolfgang B\u00f6hler","image":{"@type":"ImageObject","inLanguage":"en-US","@id":"https:\/\/www.musikzeitung.ch\/wp-content\/uploads\/2023\/01\/boehler_portraet_web-e1674139782246-96x96.jpg","url":"https:\/\/www.musikzeitung.ch\/wp-content\/uploads\/2023\/01\/boehler_portraet_web-e1674139782246-96x96.jpg","contentUrl":"https:\/\/www.musikzeitung.ch\/wp-content\/uploads\/2023\/01\/boehler_portraet_web-e1674139782246-96x96.jpg","caption":"Wolfgang B\u00f6hler"},"sameAs":["http:\/\/www.manacanto.ch","https:\/\/www.facebook.com\/wolfgang.bohler.75"],"url":"https:\/\/www.musikzeitung.ch\/en\/author\/wolfgang-boehler"}]}},"publishpress_future_workflow_manual_trigger":{"enabledWorkflows":[]},"_links":{"self":[{"href":"https:\/\/www.musikzeitung.ch\/en\/wp-json\/wp\/v2\/posts\/47486","targetHints":{"allow":["GET"]}}],"collection":[{"href":"https:\/\/www.musikzeitung.ch\/en\/wp-json\/wp\/v2\/posts"}],"about":[{"href":"https:\/\/www.musikzeitung.ch\/en\/wp-json\/wp\/v2\/types\/post"}],"author":[{"embeddable":true,"href":"https:\/\/www.musikzeitung.ch\/en\/wp-json\/wp\/v2\/users\/30"}],"replies":[{"embeddable":true,"href":"https:\/\/www.musikzeitung.ch\/en\/wp-json\/wp\/v2\/comments?post=47486"}],"version-history":[{"count":4,"href":"https:\/\/www.musikzeitung.ch\/en\/wp-json\/wp\/v2\/posts\/47486\/revisions"}],"predecessor-version":[{"id":47516,"href":"https:\/\/www.musikzeitung.ch\/en\/wp-json\/wp\/v2\/posts\/47486\/revisions\/47516"}],"wp:featuredmedia":[{"embeddable":true,"href":"https:\/\/www.musikzeitung.ch\/en\/wp-json\/wp\/v2\/media\/47487"}],"wp:attachment":[{"href":"https:\/\/www.musikzeitung.ch\/en\/wp-json\/wp\/v2\/media?parent=47486"}],"wp:term":[{"taxonomy":"category","embeddable":true,"href":"https:\/\/www.musikzeitung.ch\/en\/wp-json\/wp\/v2\/categories?post=47486"},{"taxonomy":"post_tag","embeddable":true,"href":"https:\/\/www.musikzeitung.ch\/en\/wp-json\/wp\/v2\/tags?post=47486"}],"curies":[{"name":"wp","href":"https:\/\/api.w.org\/{rel}","templated":true}]}}