{"id":47601,"date":"2023-09-20T11:15:06","date_gmt":"2023-09-20T09:15:06","guid":{"rendered":"https:\/\/www.musikzeitung.ch\/?p=47601"},"modified":"2023-09-20T11:15:06","modified_gmt":"2023-09-20T09:15:06","slug":"kristiina-poska-wird-kuenstlerische-leiterin-des-orchestre-francais-des-jeunes","status":"publish","type":"post","link":"https:\/\/www.musikzeitung.ch\/en\/news\/2023\/09\/kristiina-poska-wird-kuenstlerische-leiterin-des-orchestre-francais-des-jeunes","title":{"rendered":"Kristiina Poska becomes Artistic Director of the Orchestre Fran\u00e7ais des Jeunes"},"content":{"rendered":"<figure id=\"attachment_47602\" aria-describedby=\"caption-attachment-47602\" style=\"width: 663px\" class=\"wp-caption aligncenter\"><img loading=\"lazy\" decoding=\"async\" class=\"wp-image-47602\" src=\"https:\/\/www.musikzeitung.ch\/wp-content\/uploads\/2023\/09\/230920poska.jpg\" alt=\"\" width=\"663\" height=\"423\" srcset=\"https:\/\/www.musikzeitung.ch\/wp-content\/uploads\/2023\/09\/230920poska.jpg 1181w, https:\/\/www.musikzeitung.ch\/wp-content\/uploads\/2023\/09\/230920poska-300x191.jpg 300w, https:\/\/www.musikzeitung.ch\/wp-content\/uploads\/2023\/09\/230920poska-1024x653.jpg 1024w, https:\/\/www.musikzeitung.ch\/wp-content\/uploads\/2023\/09\/230920poska-768x490.jpg 768w, https:\/\/www.musikzeitung.ch\/wp-content\/uploads\/2023\/09\/230920poska-274x175.jpg 274w, https:\/\/www.musikzeitung.ch\/wp-content\/uploads\/2023\/09\/230920poska-549x350.jpg 549w, https:\/\/www.musikzeitung.ch\/wp-content\/uploads\/2023\/09\/230920poska-920x587.jpg 920w\" sizes=\"auto, (max-width: 663px) 100vw, 663px\" \/><figcaption id=\"caption-attachment-47602\" class=\"wp-caption-text\">Kristiina Poska (Photo: Kaupo Kikkas)<\/figcaption><\/figure>\n<p>Kristiina Poska is currently Music Director of the Flemish Symphony Orchestra and Principal Guest Conductor of the National Symphony Orchestra of Latvia. From 2006 to 2011 she was chief conductor of the Cappella Academica, from 2012 to 2016 Kapellmeister at the Komische Oper Berlin and in the 2019\/20 season music director at the Theater Basel. Poska's latest recording of Beethoven's Symphonies Nos. 1 and 7, released on Fuga Libera\/Outhere, is the result of her collaboration with the Flanders Symphony Orchestra.<\/p>\n<p>The Orchestre Fran\u00e7ais des Jeunes is the national youth orchestra of France, founded in 1982 by the Ministry of Culture. It consists of young musicians between the ages of 16 and 25. Poska succeeds Michael Sch\u00f8nwandt at the Orchestre Fran\u00e7ais des Jeunes, who has held the post since summer 2021.<\/p>","protected":false},"excerpt":{"rendered":"<p>Estonian conductor Kristiina Poska, who was Musical Director of Theater Basel in 2019\/20, has been appointed Musical Director of the Orchestre Fran\u00e7ais des Jeunes from summer 2025. <\/p>","protected":false},"author":30,"featured_media":47602,"comment_status":"closed","ping_status":"closed","sticky":false,"template":"","format":"standard","meta":{"_acf_changed":false,"_relevanssi_hide_post":"","_relevanssi_hide_content":"","_relevanssi_pin_for_all":"","_relevanssi_pin_keywords":"","_relevanssi_unpin_keywords":"","_relevanssi_related_keywords":"","_relevanssi_related_include_ids":"","_relevanssi_related_exclude_ids":"","_relevanssi_related_no_append":"","_relevanssi_related_not_related":"","_relevanssi_related_posts":"","_relevanssi_noindex_reason":"","pgc_sgb_lightbox_settings":"","footnotes":""},"categories":[27],"tags":[3035,3036],"class_list":["post-47601","post","type-post","status-publish","format-standard","has-post-thumbnail","hentry","category-news","tag-kristiina-poska","tag-orchestre-francais-des-jeunes"],"acf":[],"yoast_head":"<!-- This site is optimized with the Yoast SEO plugin v27.4 - https:\/\/yoast.com\/product\/yoast-seo-wordpress\/ -->\n<title>Kristiina Poska wird K\u00fcnstlerische Leiterin des Orchestre Fran\u00e7ais des Jeunes - Schweizer Musikzeitung<\/title>\n<meta name=\"robots\" content=\"index, follow, max-snippet:-1, max-image-preview:large, max-video-preview:-1\" \/>\n<link rel=\"canonical\" href=\"https:\/\/www.musikzeitung.ch\/en\/news\/2023\/09\/kristiina-poska-wird-kuenstlerische-leiterin-des-orchestre-francais-des-jeunes\/\" \/>\n<meta property=\"og:locale\" content=\"en_US\" \/>\n<meta property=\"og:type\" content=\"article\" \/>\n<meta property=\"og:title\" content=\"Kristiina Poska wird K\u00fcnstlerische Leiterin des Orchestre Fran\u00e7ais des Jeunes - Schweizer Musikzeitung\" \/>\n<meta property=\"og:description\" content=\"Die estnische Dirigentin Kristiina Poska, die 2019\/20 als musikalische Direktorin des Theater Basel amtete, ist ab Sommer 2025 zur musikalischen Leiterin des Orchestre Fran\u00e7ais des Jeunes ernannt worden.\" \/>\n<meta property=\"og:url\" content=\"https:\/\/www.musikzeitung.ch\/en\/news\/2023\/09\/kristiina-poska-wird-kuenstlerische-leiterin-des-orchestre-francais-des-jeunes\/\" \/>\n<meta property=\"og:site_name\" content=\"Schweizer Musikzeitung\" \/>\n<meta property=\"article:publisher\" content=\"https:\/\/www.facebook.com\/SchweizerMusikzeitung\/\" \/>\n<meta property=\"article:author\" content=\"https:\/\/www.facebook.com\/wolfgang.bohler.75\" \/>\n<meta property=\"article:published_time\" content=\"2023-09-20T09:15:06+00:00\" \/>\n<meta property=\"og:image\" content=\"https:\/\/www.musikzeitung.ch\/wp-content\/uploads\/2023\/09\/230920poska.jpg\" \/>\n\t<meta property=\"og:image:width\" content=\"1181\" \/>\n\t<meta property=\"og:image:height\" content=\"753\" \/>\n\t<meta property=\"og:image:type\" content=\"image\/jpeg\" \/>\n<meta name=\"author\" content=\"Wolfgang B\u00f6hler\" \/>\n<meta name=\"twitter:card\" content=\"summary_large_image\" \/>\n<meta name=\"twitter:creator\" content=\"@smusikzeitung\" \/>\n<meta name=\"twitter:site\" content=\"@smusikzeitung\" \/>\n<meta name=\"twitter:label1\" content=\"Written by\" \/>\n\t<meta name=\"twitter:data1\" content=\"Wolfgang B\u00f6hler\" \/>\n\t<meta name=\"twitter:label2\" content=\"Est. reading time\" \/>\n\t<meta name=\"twitter:data2\" content=\"1 minute\" \/>\n<script type=\"application\/ld+json\" class=\"yoast-schema-graph\">{\"@context\":\"https:\\\/\\\/schema.org\",\"@graph\":[{\"@type\":\"Article\",\"@id\":\"https:\\\/\\\/www.musikzeitung.ch\\\/news\\\/2023\\\/09\\\/kristiina-poska-wird-kuenstlerische-leiterin-des-orchestre-francais-des-jeunes#article\",\"isPartOf\":{\"@id\":\"https:\\\/\\\/www.musikzeitung.ch\\\/news\\\/2023\\\/09\\\/kristiina-poska-wird-kuenstlerische-leiterin-des-orchestre-francais-des-jeunes\"},\"author\":{\"name\":\"Wolfgang B\u00f6hler\",\"@id\":\"https:\\\/\\\/www.musikzeitung.ch\\\/#\\\/schema\\\/person\\\/0da4fb82d243f1252850a35d0e87cf0c\"},\"headline\":\"Kristiina Poska wird K\u00fcnstlerische Leiterin des Orchestre Fran\u00e7ais des Jeunes\",\"datePublished\":\"2023-09-20T09:15:06+00:00\",\"mainEntityOfPage\":{\"@id\":\"https:\\\/\\\/www.musikzeitung.ch\\\/news\\\/2023\\\/09\\\/kristiina-poska-wird-kuenstlerische-leiterin-des-orchestre-francais-des-jeunes\"},\"wordCount\":135,\"publisher\":{\"@id\":\"https:\\\/\\\/www.musikzeitung.ch\\\/#organization\"},\"image\":{\"@id\":\"https:\\\/\\\/www.musikzeitung.ch\\\/news\\\/2023\\\/09\\\/kristiina-poska-wird-kuenstlerische-leiterin-des-orchestre-francais-des-jeunes#primaryimage\"},\"thumbnailUrl\":\"https:\\\/\\\/www.musikzeitung.ch\\\/wp-content\\\/uploads\\\/2023\\\/09\\\/230920poska.jpg\",\"keywords\":[\"Kristiina Poska\",\"Orchestre Fran\u00e7ais des Jeunes\"],\"articleSection\":[\"News\"],\"inLanguage\":\"en-US\"},{\"@type\":\"WebPage\",\"@id\":\"https:\\\/\\\/www.musikzeitung.ch\\\/news\\\/2023\\\/09\\\/kristiina-poska-wird-kuenstlerische-leiterin-des-orchestre-francais-des-jeunes\",\"url\":\"https:\\\/\\\/www.musikzeitung.ch\\\/news\\\/2023\\\/09\\\/kristiina-poska-wird-kuenstlerische-leiterin-des-orchestre-francais-des-jeunes\",\"name\":\"Kristiina Poska wird K\u00fcnstlerische Leiterin des Orchestre Fran\u00e7ais des Jeunes - Schweizer Musikzeitung\",\"isPartOf\":{\"@id\":\"https:\\\/\\\/www.musikzeitung.ch\\\/#website\"},\"primaryImageOfPage\":{\"@id\":\"https:\\\/\\\/www.musikzeitung.ch\\\/news\\\/2023\\\/09\\\/kristiina-poska-wird-kuenstlerische-leiterin-des-orchestre-francais-des-jeunes#primaryimage\"},\"image\":{\"@id\":\"https:\\\/\\\/www.musikzeitung.ch\\\/news\\\/2023\\\/09\\\/kristiina-poska-wird-kuenstlerische-leiterin-des-orchestre-francais-des-jeunes#primaryimage\"},\"thumbnailUrl\":\"https:\\\/\\\/www.musikzeitung.ch\\\/wp-content\\\/uploads\\\/2023\\\/09\\\/230920poska.jpg\",\"datePublished\":\"2023-09-20T09:15:06+00:00\",\"breadcrumb\":{\"@id\":\"https:\\\/\\\/www.musikzeitung.ch\\\/news\\\/2023\\\/09\\\/kristiina-poska-wird-kuenstlerische-leiterin-des-orchestre-francais-des-jeunes#breadcrumb\"},\"inLanguage\":\"en-US\",\"potentialAction\":[{\"@type\":\"ReadAction\",\"target\":[\"https:\\\/\\\/www.musikzeitung.ch\\\/news\\\/2023\\\/09\\\/kristiina-poska-wird-kuenstlerische-leiterin-des-orchestre-francais-des-jeunes\"]}]},{\"@type\":\"ImageObject\",\"inLanguage\":\"en-US\",\"@id\":\"https:\\\/\\\/www.musikzeitung.ch\\\/news\\\/2023\\\/09\\\/kristiina-poska-wird-kuenstlerische-leiterin-des-orchestre-francais-des-jeunes#primaryimage\",\"url\":\"https:\\\/\\\/www.musikzeitung.ch\\\/wp-content\\\/uploads\\\/2023\\\/09\\\/230920poska.jpg\",\"contentUrl\":\"https:\\\/\\\/www.musikzeitung.ch\\\/wp-content\\\/uploads\\\/2023\\\/09\\\/230920poska.jpg\",\"width\":1181,\"height\":753,\"caption\":\"Kristiina Poska (Foto: Kaupo Kikkas)\"},{\"@type\":\"BreadcrumbList\",\"@id\":\"https:\\\/\\\/www.musikzeitung.ch\\\/news\\\/2023\\\/09\\\/kristiina-poska-wird-kuenstlerische-leiterin-des-orchestre-francais-des-jeunes#breadcrumb\",\"itemListElement\":[{\"@type\":\"ListItem\",\"position\":1,\"name\":\"Home\",\"item\":\"https:\\\/\\\/www.musikzeitung.ch\\\/\"},{\"@type\":\"ListItem\",\"position\":2,\"name\":\"Kristiina Poska wird K\u00fcnstlerische Leiterin des Orchestre Fran\u00e7ais des Jeunes\"}]},{\"@type\":\"WebSite\",\"@id\":\"https:\\\/\\\/www.musikzeitung.ch\\\/#website\",\"url\":\"https:\\\/\\\/www.musikzeitung.ch\\\/\",\"name\":\"Schweizer Musikzeitung\",\"description\":\"Die f\u00fchrende sparten\u00fcbergreifende Monatszeitung in der Schweiz f\u00fcr musikalische Fragen.\",\"publisher\":{\"@id\":\"https:\\\/\\\/www.musikzeitung.ch\\\/#organization\"},\"potentialAction\":[{\"@type\":\"SearchAction\",\"target\":{\"@type\":\"EntryPoint\",\"urlTemplate\":\"https:\\\/\\\/www.musikzeitung.ch\\\/?s={search_term_string}\"},\"query-input\":{\"@type\":\"PropertyValueSpecification\",\"valueRequired\":true,\"valueName\":\"search_term_string\"}}],\"inLanguage\":\"en-US\"},{\"@type\":\"Organization\",\"@id\":\"https:\\\/\\\/www.musikzeitung.ch\\\/#organization\",\"name\":\"Schweizer Musikzeitung\",\"url\":\"https:\\\/\\\/www.musikzeitung.ch\\\/\",\"logo\":{\"@type\":\"ImageObject\",\"inLanguage\":\"en-US\",\"@id\":\"https:\\\/\\\/www.musikzeitung.ch\\\/#\\\/schema\\\/logo\\\/image\\\/\",\"url\":\"https:\\\/\\\/www.musikzeitung.ch\\\/wp-content\\\/uploads\\\/2023\\\/01\\\/SMZ_Schriftzug_Sprache.png\",\"contentUrl\":\"https:\\\/\\\/www.musikzeitung.ch\\\/wp-content\\\/uploads\\\/2023\\\/01\\\/SMZ_Schriftzug_Sprache.png\",\"width\":1400,\"height\":279,\"caption\":\"Schweizer Musikzeitung\"},\"image\":{\"@id\":\"https:\\\/\\\/www.musikzeitung.ch\\\/#\\\/schema\\\/logo\\\/image\\\/\"},\"sameAs\":[\"https:\\\/\\\/www.facebook.com\\\/SchweizerMusikzeitung\\\/\",\"https:\\\/\\\/x.com\\\/smusikzeitung\",\"https:\\\/\\\/www.instagram.com\\\/musikzeitung.ch\\\/\"]},{\"@type\":\"Person\",\"@id\":\"https:\\\/\\\/www.musikzeitung.ch\\\/#\\\/schema\\\/person\\\/0da4fb82d243f1252850a35d0e87cf0c\",\"name\":\"Wolfgang B\u00f6hler\",\"image\":{\"@type\":\"ImageObject\",\"inLanguage\":\"en-US\",\"@id\":\"https:\\\/\\\/www.musikzeitung.ch\\\/wp-content\\\/uploads\\\/2023\\\/01\\\/boehler_portraet_web-e1674139782246-96x96.jpg\",\"url\":\"https:\\\/\\\/www.musikzeitung.ch\\\/wp-content\\\/uploads\\\/2023\\\/01\\\/boehler_portraet_web-e1674139782246-96x96.jpg\",\"contentUrl\":\"https:\\\/\\\/www.musikzeitung.ch\\\/wp-content\\\/uploads\\\/2023\\\/01\\\/boehler_portraet_web-e1674139782246-96x96.jpg\",\"caption\":\"Wolfgang B\u00f6hler\"},\"sameAs\":[\"http:\\\/\\\/www.manacanto.ch\",\"https:\\\/\\\/www.facebook.com\\\/wolfgang.bohler.75\"],\"url\":\"https:\\\/\\\/www.musikzeitung.ch\\\/en\\\/author\\\/wolfgang-boehler\"}]}<\/script>\n<!-- \/ Yoast SEO plugin. -->","yoast_head_json":{"title":"Kristiina Poska wird K\u00fcnstlerische Leiterin des Orchestre Fran\u00e7ais des Jeunes - Schweizer Musikzeitung","robots":{"index":"index","follow":"follow","max-snippet":"max-snippet:-1","max-image-preview":"max-image-preview:large","max-video-preview":"max-video-preview:-1"},"canonical":"https:\/\/www.musikzeitung.ch\/en\/news\/2023\/09\/kristiina-poska-wird-kuenstlerische-leiterin-des-orchestre-francais-des-jeunes\/","og_locale":"en_US","og_type":"article","og_title":"Kristiina Poska wird K\u00fcnstlerische Leiterin des Orchestre Fran\u00e7ais des Jeunes - Schweizer Musikzeitung","og_description":"Die estnische Dirigentin Kristiina Poska, die 2019\/20 als musikalische Direktorin des Theater Basel amtete, ist ab Sommer 2025 zur musikalischen Leiterin des Orchestre Fran\u00e7ais des Jeunes ernannt worden.","og_url":"https:\/\/www.musikzeitung.ch\/en\/news\/2023\/09\/kristiina-poska-wird-kuenstlerische-leiterin-des-orchestre-francais-des-jeunes\/","og_site_name":"Schweizer Musikzeitung","article_publisher":"https:\/\/www.facebook.com\/SchweizerMusikzeitung\/","article_author":"https:\/\/www.facebook.com\/wolfgang.bohler.75","article_published_time":"2023-09-20T09:15:06+00:00","og_image":[{"width":1181,"height":753,"url":"https:\/\/www.musikzeitung.ch\/wp-content\/uploads\/2023\/09\/230920poska.jpg","type":"image\/jpeg"}],"author":"Wolfgang B\u00f6hler","twitter_card":"summary_large_image","twitter_creator":"@smusikzeitung","twitter_site":"@smusikzeitung","twitter_misc":{"Written by":"Wolfgang B\u00f6hler","Est. reading time":"1 minute"},"schema":{"@context":"https:\/\/schema.org","@graph":[{"@type":"Article","@id":"https:\/\/www.musikzeitung.ch\/news\/2023\/09\/kristiina-poska-wird-kuenstlerische-leiterin-des-orchestre-francais-des-jeunes#article","isPartOf":{"@id":"https:\/\/www.musikzeitung.ch\/news\/2023\/09\/kristiina-poska-wird-kuenstlerische-leiterin-des-orchestre-francais-des-jeunes"},"author":{"name":"Wolfgang B\u00f6hler","@id":"https:\/\/www.musikzeitung.ch\/#\/schema\/person\/0da4fb82d243f1252850a35d0e87cf0c"},"headline":"Kristiina Poska wird K\u00fcnstlerische Leiterin des Orchestre Fran\u00e7ais des Jeunes","datePublished":"2023-09-20T09:15:06+00:00","mainEntityOfPage":{"@id":"https:\/\/www.musikzeitung.ch\/news\/2023\/09\/kristiina-poska-wird-kuenstlerische-leiterin-des-orchestre-francais-des-jeunes"},"wordCount":135,"publisher":{"@id":"https:\/\/www.musikzeitung.ch\/#organization"},"image":{"@id":"https:\/\/www.musikzeitung.ch\/news\/2023\/09\/kristiina-poska-wird-kuenstlerische-leiterin-des-orchestre-francais-des-jeunes#primaryimage"},"thumbnailUrl":"https:\/\/www.musikzeitung.ch\/wp-content\/uploads\/2023\/09\/230920poska.jpg","keywords":["Kristiina Poska","Orchestre Fran\u00e7ais des Jeunes"],"articleSection":["News"],"inLanguage":"en-US"},{"@type":"WebPage","@id":"https:\/\/www.musikzeitung.ch\/news\/2023\/09\/kristiina-poska-wird-kuenstlerische-leiterin-des-orchestre-francais-des-jeunes","url":"https:\/\/www.musikzeitung.ch\/news\/2023\/09\/kristiina-poska-wird-kuenstlerische-leiterin-des-orchestre-francais-des-jeunes","name":"Kristiina Poska wird K\u00fcnstlerische Leiterin des Orchestre Fran\u00e7ais des Jeunes - Schweizer Musikzeitung","isPartOf":{"@id":"https:\/\/www.musikzeitung.ch\/#website"},"primaryImageOfPage":{"@id":"https:\/\/www.musikzeitung.ch\/news\/2023\/09\/kristiina-poska-wird-kuenstlerische-leiterin-des-orchestre-francais-des-jeunes#primaryimage"},"image":{"@id":"https:\/\/www.musikzeitung.ch\/news\/2023\/09\/kristiina-poska-wird-kuenstlerische-leiterin-des-orchestre-francais-des-jeunes#primaryimage"},"thumbnailUrl":"https:\/\/www.musikzeitung.ch\/wp-content\/uploads\/2023\/09\/230920poska.jpg","datePublished":"2023-09-20T09:15:06+00:00","breadcrumb":{"@id":"https:\/\/www.musikzeitung.ch\/news\/2023\/09\/kristiina-poska-wird-kuenstlerische-leiterin-des-orchestre-francais-des-jeunes#breadcrumb"},"inLanguage":"en-US","potentialAction":[{"@type":"ReadAction","target":["https:\/\/www.musikzeitung.ch\/news\/2023\/09\/kristiina-poska-wird-kuenstlerische-leiterin-des-orchestre-francais-des-jeunes"]}]},{"@type":"ImageObject","inLanguage":"en-US","@id":"https:\/\/www.musikzeitung.ch\/news\/2023\/09\/kristiina-poska-wird-kuenstlerische-leiterin-des-orchestre-francais-des-jeunes#primaryimage","url":"https:\/\/www.musikzeitung.ch\/wp-content\/uploads\/2023\/09\/230920poska.jpg","contentUrl":"https:\/\/www.musikzeitung.ch\/wp-content\/uploads\/2023\/09\/230920poska.jpg","width":1181,"height":753,"caption":"Kristiina Poska (Foto: Kaupo Kikkas)"},{"@type":"BreadcrumbList","@id":"https:\/\/www.musikzeitung.ch\/news\/2023\/09\/kristiina-poska-wird-kuenstlerische-leiterin-des-orchestre-francais-des-jeunes#breadcrumb","itemListElement":[{"@type":"ListItem","position":1,"name":"Home","item":"https:\/\/www.musikzeitung.ch\/"},{"@type":"ListItem","position":2,"name":"Kristiina Poska wird K\u00fcnstlerische Leiterin des Orchestre Fran\u00e7ais des Jeunes"}]},{"@type":"WebSite","@id":"https:\/\/www.musikzeitung.ch\/#website","url":"https:\/\/www.musikzeitung.ch\/","name":"Swiss Music Newspaper","description":"The leading interdisciplinary monthly newspaper in Switzerland for musical issues.","publisher":{"@id":"https:\/\/www.musikzeitung.ch\/#organization"},"potentialAction":[{"@type":"SearchAction","target":{"@type":"EntryPoint","urlTemplate":"https:\/\/www.musikzeitung.ch\/?s={search_term_string}"},"query-input":{"@type":"PropertyValueSpecification","valueRequired":true,"valueName":"search_term_string"}}],"inLanguage":"en-US"},{"@type":"Organization","@id":"https:\/\/www.musikzeitung.ch\/#organization","name":"Swiss Music Newspaper","url":"https:\/\/www.musikzeitung.ch\/","logo":{"@type":"ImageObject","inLanguage":"en-US","@id":"https:\/\/www.musikzeitung.ch\/#\/schema\/logo\/image\/","url":"https:\/\/www.musikzeitung.ch\/wp-content\/uploads\/2023\/01\/SMZ_Schriftzug_Sprache.png","contentUrl":"https:\/\/www.musikzeitung.ch\/wp-content\/uploads\/2023\/01\/SMZ_Schriftzug_Sprache.png","width":1400,"height":279,"caption":"Schweizer Musikzeitung"},"image":{"@id":"https:\/\/www.musikzeitung.ch\/#\/schema\/logo\/image\/"},"sameAs":["https:\/\/www.facebook.com\/SchweizerMusikzeitung\/","https:\/\/x.com\/smusikzeitung","https:\/\/www.instagram.com\/musikzeitung.ch\/"]},{"@type":"Person","@id":"https:\/\/www.musikzeitung.ch\/#\/schema\/person\/0da4fb82d243f1252850a35d0e87cf0c","name":"Wolfgang B\u00f6hler","image":{"@type":"ImageObject","inLanguage":"en-US","@id":"https:\/\/www.musikzeitung.ch\/wp-content\/uploads\/2023\/01\/boehler_portraet_web-e1674139782246-96x96.jpg","url":"https:\/\/www.musikzeitung.ch\/wp-content\/uploads\/2023\/01\/boehler_portraet_web-e1674139782246-96x96.jpg","contentUrl":"https:\/\/www.musikzeitung.ch\/wp-content\/uploads\/2023\/01\/boehler_portraet_web-e1674139782246-96x96.jpg","caption":"Wolfgang B\u00f6hler"},"sameAs":["http:\/\/www.manacanto.ch","https:\/\/www.facebook.com\/wolfgang.bohler.75"],"url":"https:\/\/www.musikzeitung.ch\/en\/author\/wolfgang-boehler"}]}},"publishpress_future_workflow_manual_trigger":{"enabledWorkflows":[]},"_links":{"self":[{"href":"https:\/\/www.musikzeitung.ch\/en\/wp-json\/wp\/v2\/posts\/47601","targetHints":{"allow":["GET"]}}],"collection":[{"href":"https:\/\/www.musikzeitung.ch\/en\/wp-json\/wp\/v2\/posts"}],"about":[{"href":"https:\/\/www.musikzeitung.ch\/en\/wp-json\/wp\/v2\/types\/post"}],"author":[{"embeddable":true,"href":"https:\/\/www.musikzeitung.ch\/en\/wp-json\/wp\/v2\/users\/30"}],"replies":[{"embeddable":true,"href":"https:\/\/www.musikzeitung.ch\/en\/wp-json\/wp\/v2\/comments?post=47601"}],"version-history":[{"count":1,"href":"https:\/\/www.musikzeitung.ch\/en\/wp-json\/wp\/v2\/posts\/47601\/revisions"}],"predecessor-version":[{"id":47603,"href":"https:\/\/www.musikzeitung.ch\/en\/wp-json\/wp\/v2\/posts\/47601\/revisions\/47603"}],"wp:featuredmedia":[{"embeddable":true,"href":"https:\/\/www.musikzeitung.ch\/en\/wp-json\/wp\/v2\/media\/47602"}],"wp:attachment":[{"href":"https:\/\/www.musikzeitung.ch\/en\/wp-json\/wp\/v2\/media?parent=47601"}],"wp:term":[{"taxonomy":"category","embeddable":true,"href":"https:\/\/www.musikzeitung.ch\/en\/wp-json\/wp\/v2\/categories?post=47601"},{"taxonomy":"post_tag","embeddable":true,"href":"https:\/\/www.musikzeitung.ch\/en\/wp-json\/wp\/v2\/tags?post=47601"}],"curies":[{"name":"wp","href":"https:\/\/api.w.org\/{rel}","templated":true}]}}