{"id":47772,"date":"2023-09-27T06:52:23","date_gmt":"2023-09-27T04:52:23","guid":{"rendered":"https:\/\/www.musikzeitung.ch\/?p=47772"},"modified":"2023-09-27T08:20:38","modified_gmt":"2023-09-27T06:20:38","slug":"desiree-meiser-mit-basler-kulturpreis-geehrt","status":"publish","type":"post","link":"https:\/\/www.musikzeitung.ch\/en\/news\/2023\/09\/desiree-meiser-mit-basler-kulturpreis-geehrt","title":{"rendered":"D\u00e9sir\u00e9e Meiser honored with the Basel Culture Prize"},"content":{"rendered":"<figure id=\"attachment_47773\" aria-describedby=\"caption-attachment-47773\" style=\"width: 567px\" class=\"wp-caption aligncenter\"><img loading=\"lazy\" decoding=\"async\" class=\"wp-image-47773\" src=\"https:\/\/www.musikzeitung.ch\/wp-content\/uploads\/2023\/09\/230927meiser.jpg\" alt=\"\" width=\"567\" height=\"323\" srcset=\"https:\/\/www.musikzeitung.ch\/wp-content\/uploads\/2023\/09\/230927meiser.jpg 1399w, https:\/\/www.musikzeitung.ch\/wp-content\/uploads\/2023\/09\/230927meiser-300x171.jpg 300w, https:\/\/www.musikzeitung.ch\/wp-content\/uploads\/2023\/09\/230927meiser-1024x583.jpg 1024w, https:\/\/www.musikzeitung.ch\/wp-content\/uploads\/2023\/09\/230927meiser-768x437.jpg 768w, https:\/\/www.musikzeitung.ch\/wp-content\/uploads\/2023\/09\/230927meiser-308x175.jpg 308w, https:\/\/www.musikzeitung.ch\/wp-content\/uploads\/2023\/09\/230927meiser-615x350.jpg 615w, https:\/\/www.musikzeitung.ch\/wp-content\/uploads\/2023\/09\/230927meiser-920x523.jpg 920w\" sizes=\"auto, (max-width: 567px) 100vw, 567px\" \/><figcaption id=\"caption-attachment-47773\" class=\"wp-caption-text\">Desir\u00e9e Meiser (Image: Bettina Matthiesen)<\/figcaption><\/figure>\n<p>With the prize, which is endowed with 20,000 francs, the Basel government council is honoring the commitment of the co-founder and long-standing artistic director of the Gare du Nord, the station for new music in the former buffet rooms of the Badischer Bahnhof in Basel. Meiser came to Basel in 1988 as a young actress and member of the Basel Theater ensemble. After her acting career, she co-founded the Gare du Nord in 2002. Since then, the station for new music has developed into a renowned meeting place for the contemporary music scene from Switzerland and abroad.<\/p>\n<p>The Basel Culture Promotion Prize is intended to send out a publicly visible cultural policy signal for young cultural initiatives. This year, the jury decided to award the 10,000 Swiss franc prize to the Basel Okra Collective. The group, consisting of Jean Fonc\u00e9, Joy Asumadu, Anouchka Enziga, Glenn Asumadu, Tidiane Sane, Mirco Joao-Pedro, Imani Fux, Abdulmalik Abdi and Katie Omole, creates party places where discrimination has no place.<\/p>","protected":false},"excerpt":{"rendered":"<p>This year's Basel Culture Prize goes to actress and director D\u00e9sir\u00e9e Meiser. The Okra Collective, which campaigns for non-discriminatory club culture, receives the sponsorship award.<\/p>","protected":false},"author":30,"featured_media":47773,"comment_status":"closed","ping_status":"closed","sticky":false,"template":"","format":"standard","meta":{"_acf_changed":false,"_relevanssi_hide_post":"","_relevanssi_hide_content":"","_relevanssi_pin_for_all":"","_relevanssi_pin_keywords":"","_relevanssi_unpin_keywords":"","_relevanssi_related_keywords":"","_relevanssi_related_include_ids":"","_relevanssi_related_exclude_ids":"","_relevanssi_related_no_append":"","_relevanssi_related_not_related":"","_relevanssi_related_posts":"","_relevanssi_noindex_reason":"","pgc_sgb_lightbox_settings":"","footnotes":""},"categories":[27],"tags":[2473,2472,3067],"class_list":["post-47772","post","type-post","status-publish","format-standard","has-post-thumbnail","hentry","category-news","tag-desiree-meiser","tag-gare-du-nord","tag-okra-collective"],"acf":[],"yoast_head":"<!-- This site is optimized with the Yoast SEO plugin v27.5 - https:\/\/yoast.com\/product\/yoast-seo-wordpress\/ -->\n<title>D\u00e9sir\u00e9e Meiser mit Basler Kulturpreis geehrt - Schweizer Musikzeitung<\/title>\n<meta name=\"description\" content=\"Der diesj\u00e4hrige Basler Kulturpreis geht an die Schauspielerin und Intendantin D\u00e9sir\u00e9e Meiser. Das Okra Collective erh\u00e4lt den F\u00f6rderpreis.\" \/>\n<meta name=\"robots\" content=\"index, follow, max-snippet:-1, max-image-preview:large, max-video-preview:-1\" \/>\n<link rel=\"canonical\" href=\"https:\/\/www.musikzeitung.ch\/en\/news\/2023\/09\/desiree-meiser-mit-basler-kulturpreis-geehrt\/\" \/>\n<meta property=\"og:locale\" content=\"en_US\" \/>\n<meta property=\"og:type\" content=\"article\" \/>\n<meta property=\"og:title\" content=\"D\u00e9sir\u00e9e Meiser mit Basler Kulturpreis geehrt - Schweizer Musikzeitung\" \/>\n<meta property=\"og:description\" content=\"Der diesj\u00e4hrige Basler Kulturpreis geht an die Schauspielerin und Intendantin D\u00e9sir\u00e9e Meiser. Das Okra Collective erh\u00e4lt den F\u00f6rderpreis.\" \/>\n<meta property=\"og:url\" content=\"https:\/\/www.musikzeitung.ch\/en\/news\/2023\/09\/desiree-meiser-mit-basler-kulturpreis-geehrt\/\" \/>\n<meta property=\"og:site_name\" content=\"Schweizer Musikzeitung\" \/>\n<meta property=\"article:publisher\" content=\"https:\/\/www.facebook.com\/SchweizerMusikzeitung\/\" \/>\n<meta property=\"article:author\" content=\"https:\/\/www.facebook.com\/wolfgang.bohler.75\" \/>\n<meta property=\"article:published_time\" content=\"2023-09-27T04:52:23+00:00\" \/>\n<meta property=\"article:modified_time\" content=\"2023-09-27T06:20:38+00:00\" \/>\n<meta property=\"og:image\" content=\"https:\/\/www.musikzeitung.ch\/wp-content\/uploads\/2023\/09\/230927meiser.jpg\" \/>\n\t<meta property=\"og:image:width\" content=\"1399\" \/>\n\t<meta property=\"og:image:height\" content=\"796\" \/>\n\t<meta property=\"og:image:type\" content=\"image\/jpeg\" \/>\n<meta name=\"author\" content=\"Wolfgang B\u00f6hler\" \/>\n<meta name=\"twitter:card\" content=\"summary_large_image\" \/>\n<meta name=\"twitter:creator\" content=\"@smusikzeitung\" \/>\n<meta name=\"twitter:site\" content=\"@smusikzeitung\" \/>\n<meta name=\"twitter:label1\" content=\"Written by\" \/>\n\t<meta name=\"twitter:data1\" content=\"Wolfgang B\u00f6hler\" \/>\n\t<meta name=\"twitter:label2\" content=\"Est. reading time\" \/>\n\t<meta name=\"twitter:data2\" content=\"2 minutes\" \/>\n<script type=\"application\/ld+json\" class=\"yoast-schema-graph\">{\"@context\":\"https:\\\/\\\/schema.org\",\"@graph\":[{\"@type\":\"Article\",\"@id\":\"https:\\\/\\\/www.musikzeitung.ch\\\/news\\\/2023\\\/09\\\/desiree-meiser-mit-basler-kulturpreis-geehrt#article\",\"isPartOf\":{\"@id\":\"https:\\\/\\\/www.musikzeitung.ch\\\/news\\\/2023\\\/09\\\/desiree-meiser-mit-basler-kulturpreis-geehrt\"},\"author\":{\"name\":\"Wolfgang B\u00f6hler\",\"@id\":\"https:\\\/\\\/www.musikzeitung.ch\\\/#\\\/schema\\\/person\\\/0da4fb82d243f1252850a35d0e87cf0c\"},\"headline\":\"D\u00e9sir\u00e9e Meiser mit Basler Kulturpreis geehrt\",\"datePublished\":\"2023-09-27T04:52:23+00:00\",\"dateModified\":\"2023-09-27T06:20:38+00:00\",\"mainEntityOfPage\":{\"@id\":\"https:\\\/\\\/www.musikzeitung.ch\\\/news\\\/2023\\\/09\\\/desiree-meiser-mit-basler-kulturpreis-geehrt\"},\"wordCount\":178,\"publisher\":{\"@id\":\"https:\\\/\\\/www.musikzeitung.ch\\\/#organization\"},\"image\":{\"@id\":\"https:\\\/\\\/www.musikzeitung.ch\\\/news\\\/2023\\\/09\\\/desiree-meiser-mit-basler-kulturpreis-geehrt#primaryimage\"},\"thumbnailUrl\":\"https:\\\/\\\/www.musikzeitung.ch\\\/wp-content\\\/uploads\\\/2023\\\/09\\\/230927meiser.jpg\",\"keywords\":[\"Desiree Meiser\",\"Gare du Nord\",\"Okra Collective\"],\"articleSection\":[\"News\"],\"inLanguage\":\"en-US\"},{\"@type\":\"WebPage\",\"@id\":\"https:\\\/\\\/www.musikzeitung.ch\\\/news\\\/2023\\\/09\\\/desiree-meiser-mit-basler-kulturpreis-geehrt\",\"url\":\"https:\\\/\\\/www.musikzeitung.ch\\\/news\\\/2023\\\/09\\\/desiree-meiser-mit-basler-kulturpreis-geehrt\",\"name\":\"D\u00e9sir\u00e9e Meiser mit Basler Kulturpreis geehrt - Schweizer Musikzeitung\",\"isPartOf\":{\"@id\":\"https:\\\/\\\/www.musikzeitung.ch\\\/#website\"},\"primaryImageOfPage\":{\"@id\":\"https:\\\/\\\/www.musikzeitung.ch\\\/news\\\/2023\\\/09\\\/desiree-meiser-mit-basler-kulturpreis-geehrt#primaryimage\"},\"image\":{\"@id\":\"https:\\\/\\\/www.musikzeitung.ch\\\/news\\\/2023\\\/09\\\/desiree-meiser-mit-basler-kulturpreis-geehrt#primaryimage\"},\"thumbnailUrl\":\"https:\\\/\\\/www.musikzeitung.ch\\\/wp-content\\\/uploads\\\/2023\\\/09\\\/230927meiser.jpg\",\"datePublished\":\"2023-09-27T04:52:23+00:00\",\"dateModified\":\"2023-09-27T06:20:38+00:00\",\"description\":\"Der diesj\u00e4hrige Basler Kulturpreis geht an die Schauspielerin und Intendantin D\u00e9sir\u00e9e Meiser. Das Okra Collective erh\u00e4lt den F\u00f6rderpreis.\",\"breadcrumb\":{\"@id\":\"https:\\\/\\\/www.musikzeitung.ch\\\/news\\\/2023\\\/09\\\/desiree-meiser-mit-basler-kulturpreis-geehrt#breadcrumb\"},\"inLanguage\":\"en-US\",\"potentialAction\":[{\"@type\":\"ReadAction\",\"target\":[\"https:\\\/\\\/www.musikzeitung.ch\\\/news\\\/2023\\\/09\\\/desiree-meiser-mit-basler-kulturpreis-geehrt\"]}]},{\"@type\":\"ImageObject\",\"inLanguage\":\"en-US\",\"@id\":\"https:\\\/\\\/www.musikzeitung.ch\\\/news\\\/2023\\\/09\\\/desiree-meiser-mit-basler-kulturpreis-geehrt#primaryimage\",\"url\":\"https:\\\/\\\/www.musikzeitung.ch\\\/wp-content\\\/uploads\\\/2023\\\/09\\\/230927meiser.jpg\",\"contentUrl\":\"https:\\\/\\\/www.musikzeitung.ch\\\/wp-content\\\/uploads\\\/2023\\\/09\\\/230927meiser.jpg\",\"width\":1399,\"height\":796,\"caption\":\"Desir\u00e9e Meiser (Bild: Bettina Matthiesen)\"},{\"@type\":\"BreadcrumbList\",\"@id\":\"https:\\\/\\\/www.musikzeitung.ch\\\/news\\\/2023\\\/09\\\/desiree-meiser-mit-basler-kulturpreis-geehrt#breadcrumb\",\"itemListElement\":[{\"@type\":\"ListItem\",\"position\":1,\"name\":\"Home\",\"item\":\"https:\\\/\\\/www.musikzeitung.ch\\\/\"},{\"@type\":\"ListItem\",\"position\":2,\"name\":\"D\u00e9sir\u00e9e Meiser mit Basler Kulturpreis geehrt\"}]},{\"@type\":\"WebSite\",\"@id\":\"https:\\\/\\\/www.musikzeitung.ch\\\/#website\",\"url\":\"https:\\\/\\\/www.musikzeitung.ch\\\/\",\"name\":\"Schweizer Musikzeitung\",\"description\":\"Die f\u00fchrende sparten\u00fcbergreifende Monatszeitung in der Schweiz f\u00fcr musikalische Fragen.\",\"publisher\":{\"@id\":\"https:\\\/\\\/www.musikzeitung.ch\\\/#organization\"},\"potentialAction\":[{\"@type\":\"SearchAction\",\"target\":{\"@type\":\"EntryPoint\",\"urlTemplate\":\"https:\\\/\\\/www.musikzeitung.ch\\\/?s={search_term_string}\"},\"query-input\":{\"@type\":\"PropertyValueSpecification\",\"valueRequired\":true,\"valueName\":\"search_term_string\"}}],\"inLanguage\":\"en-US\"},{\"@type\":\"Organization\",\"@id\":\"https:\\\/\\\/www.musikzeitung.ch\\\/#organization\",\"name\":\"Schweizer Musikzeitung\",\"url\":\"https:\\\/\\\/www.musikzeitung.ch\\\/\",\"logo\":{\"@type\":\"ImageObject\",\"inLanguage\":\"en-US\",\"@id\":\"https:\\\/\\\/www.musikzeitung.ch\\\/#\\\/schema\\\/logo\\\/image\\\/\",\"url\":\"https:\\\/\\\/www.musikzeitung.ch\\\/wp-content\\\/uploads\\\/2023\\\/01\\\/SMZ_Schriftzug_Sprache.png\",\"contentUrl\":\"https:\\\/\\\/www.musikzeitung.ch\\\/wp-content\\\/uploads\\\/2023\\\/01\\\/SMZ_Schriftzug_Sprache.png\",\"width\":1400,\"height\":279,\"caption\":\"Schweizer Musikzeitung\"},\"image\":{\"@id\":\"https:\\\/\\\/www.musikzeitung.ch\\\/#\\\/schema\\\/logo\\\/image\\\/\"},\"sameAs\":[\"https:\\\/\\\/www.facebook.com\\\/SchweizerMusikzeitung\\\/\",\"https:\\\/\\\/x.com\\\/smusikzeitung\",\"https:\\\/\\\/www.instagram.com\\\/musikzeitung.ch\\\/\"]},{\"@type\":\"Person\",\"@id\":\"https:\\\/\\\/www.musikzeitung.ch\\\/#\\\/schema\\\/person\\\/0da4fb82d243f1252850a35d0e87cf0c\",\"name\":\"Wolfgang B\u00f6hler\",\"image\":{\"@type\":\"ImageObject\",\"inLanguage\":\"en-US\",\"@id\":\"https:\\\/\\\/www.musikzeitung.ch\\\/wp-content\\\/uploads\\\/2023\\\/01\\\/boehler_portraet_web-e1674139782246-96x96.jpg\",\"url\":\"https:\\\/\\\/www.musikzeitung.ch\\\/wp-content\\\/uploads\\\/2023\\\/01\\\/boehler_portraet_web-e1674139782246-96x96.jpg\",\"contentUrl\":\"https:\\\/\\\/www.musikzeitung.ch\\\/wp-content\\\/uploads\\\/2023\\\/01\\\/boehler_portraet_web-e1674139782246-96x96.jpg\",\"caption\":\"Wolfgang B\u00f6hler\"},\"sameAs\":[\"http:\\\/\\\/www.manacanto.ch\",\"https:\\\/\\\/www.facebook.com\\\/wolfgang.bohler.75\"],\"url\":\"https:\\\/\\\/www.musikzeitung.ch\\\/en\\\/author\\\/wolfgang-boehler\"}]}<\/script>\n<!-- \/ Yoast SEO plugin. -->","yoast_head_json":{"title":"D\u00e9sir\u00e9e Meiser mit Basler Kulturpreis geehrt - Schweizer Musikzeitung","description":"Der diesj\u00e4hrige Basler Kulturpreis geht an die Schauspielerin und Intendantin D\u00e9sir\u00e9e Meiser. Das Okra Collective erh\u00e4lt den F\u00f6rderpreis.","robots":{"index":"index","follow":"follow","max-snippet":"max-snippet:-1","max-image-preview":"max-image-preview:large","max-video-preview":"max-video-preview:-1"},"canonical":"https:\/\/www.musikzeitung.ch\/en\/news\/2023\/09\/desiree-meiser-mit-basler-kulturpreis-geehrt\/","og_locale":"en_US","og_type":"article","og_title":"D\u00e9sir\u00e9e Meiser mit Basler Kulturpreis geehrt - Schweizer Musikzeitung","og_description":"Der diesj\u00e4hrige Basler Kulturpreis geht an die Schauspielerin und Intendantin D\u00e9sir\u00e9e Meiser. Das Okra Collective erh\u00e4lt den F\u00f6rderpreis.","og_url":"https:\/\/www.musikzeitung.ch\/en\/news\/2023\/09\/desiree-meiser-mit-basler-kulturpreis-geehrt\/","og_site_name":"Schweizer Musikzeitung","article_publisher":"https:\/\/www.facebook.com\/SchweizerMusikzeitung\/","article_author":"https:\/\/www.facebook.com\/wolfgang.bohler.75","article_published_time":"2023-09-27T04:52:23+00:00","article_modified_time":"2023-09-27T06:20:38+00:00","og_image":[{"width":1399,"height":796,"url":"https:\/\/www.musikzeitung.ch\/wp-content\/uploads\/2023\/09\/230927meiser.jpg","type":"image\/jpeg"}],"author":"Wolfgang B\u00f6hler","twitter_card":"summary_large_image","twitter_creator":"@smusikzeitung","twitter_site":"@smusikzeitung","twitter_misc":{"Written by":"Wolfgang B\u00f6hler","Est. reading time":"2 minutes"},"schema":{"@context":"https:\/\/schema.org","@graph":[{"@type":"Article","@id":"https:\/\/www.musikzeitung.ch\/news\/2023\/09\/desiree-meiser-mit-basler-kulturpreis-geehrt#article","isPartOf":{"@id":"https:\/\/www.musikzeitung.ch\/news\/2023\/09\/desiree-meiser-mit-basler-kulturpreis-geehrt"},"author":{"name":"Wolfgang B\u00f6hler","@id":"https:\/\/www.musikzeitung.ch\/#\/schema\/person\/0da4fb82d243f1252850a35d0e87cf0c"},"headline":"D\u00e9sir\u00e9e Meiser mit Basler Kulturpreis geehrt","datePublished":"2023-09-27T04:52:23+00:00","dateModified":"2023-09-27T06:20:38+00:00","mainEntityOfPage":{"@id":"https:\/\/www.musikzeitung.ch\/news\/2023\/09\/desiree-meiser-mit-basler-kulturpreis-geehrt"},"wordCount":178,"publisher":{"@id":"https:\/\/www.musikzeitung.ch\/#organization"},"image":{"@id":"https:\/\/www.musikzeitung.ch\/news\/2023\/09\/desiree-meiser-mit-basler-kulturpreis-geehrt#primaryimage"},"thumbnailUrl":"https:\/\/www.musikzeitung.ch\/wp-content\/uploads\/2023\/09\/230927meiser.jpg","keywords":["Desiree Meiser","Gare du Nord","Okra Collective"],"articleSection":["News"],"inLanguage":"en-US"},{"@type":"WebPage","@id":"https:\/\/www.musikzeitung.ch\/news\/2023\/09\/desiree-meiser-mit-basler-kulturpreis-geehrt","url":"https:\/\/www.musikzeitung.ch\/news\/2023\/09\/desiree-meiser-mit-basler-kulturpreis-geehrt","name":"D\u00e9sir\u00e9e Meiser mit Basler Kulturpreis geehrt - Schweizer Musikzeitung","isPartOf":{"@id":"https:\/\/www.musikzeitung.ch\/#website"},"primaryImageOfPage":{"@id":"https:\/\/www.musikzeitung.ch\/news\/2023\/09\/desiree-meiser-mit-basler-kulturpreis-geehrt#primaryimage"},"image":{"@id":"https:\/\/www.musikzeitung.ch\/news\/2023\/09\/desiree-meiser-mit-basler-kulturpreis-geehrt#primaryimage"},"thumbnailUrl":"https:\/\/www.musikzeitung.ch\/wp-content\/uploads\/2023\/09\/230927meiser.jpg","datePublished":"2023-09-27T04:52:23+00:00","dateModified":"2023-09-27T06:20:38+00:00","description":"Der diesj\u00e4hrige Basler Kulturpreis geht an die Schauspielerin und Intendantin D\u00e9sir\u00e9e Meiser. Das Okra Collective erh\u00e4lt den F\u00f6rderpreis.","breadcrumb":{"@id":"https:\/\/www.musikzeitung.ch\/news\/2023\/09\/desiree-meiser-mit-basler-kulturpreis-geehrt#breadcrumb"},"inLanguage":"en-US","potentialAction":[{"@type":"ReadAction","target":["https:\/\/www.musikzeitung.ch\/news\/2023\/09\/desiree-meiser-mit-basler-kulturpreis-geehrt"]}]},{"@type":"ImageObject","inLanguage":"en-US","@id":"https:\/\/www.musikzeitung.ch\/news\/2023\/09\/desiree-meiser-mit-basler-kulturpreis-geehrt#primaryimage","url":"https:\/\/www.musikzeitung.ch\/wp-content\/uploads\/2023\/09\/230927meiser.jpg","contentUrl":"https:\/\/www.musikzeitung.ch\/wp-content\/uploads\/2023\/09\/230927meiser.jpg","width":1399,"height":796,"caption":"Desir\u00e9e Meiser (Bild: Bettina Matthiesen)"},{"@type":"BreadcrumbList","@id":"https:\/\/www.musikzeitung.ch\/news\/2023\/09\/desiree-meiser-mit-basler-kulturpreis-geehrt#breadcrumb","itemListElement":[{"@type":"ListItem","position":1,"name":"Home","item":"https:\/\/www.musikzeitung.ch\/"},{"@type":"ListItem","position":2,"name":"D\u00e9sir\u00e9e Meiser mit Basler Kulturpreis geehrt"}]},{"@type":"WebSite","@id":"https:\/\/www.musikzeitung.ch\/#website","url":"https:\/\/www.musikzeitung.ch\/","name":"Swiss Music Newspaper","description":"The leading interdisciplinary monthly newspaper in Switzerland for musical issues.","publisher":{"@id":"https:\/\/www.musikzeitung.ch\/#organization"},"potentialAction":[{"@type":"SearchAction","target":{"@type":"EntryPoint","urlTemplate":"https:\/\/www.musikzeitung.ch\/?s={search_term_string}"},"query-input":{"@type":"PropertyValueSpecification","valueRequired":true,"valueName":"search_term_string"}}],"inLanguage":"en-US"},{"@type":"Organization","@id":"https:\/\/www.musikzeitung.ch\/#organization","name":"Swiss Music Newspaper","url":"https:\/\/www.musikzeitung.ch\/","logo":{"@type":"ImageObject","inLanguage":"en-US","@id":"https:\/\/www.musikzeitung.ch\/#\/schema\/logo\/image\/","url":"https:\/\/www.musikzeitung.ch\/wp-content\/uploads\/2023\/01\/SMZ_Schriftzug_Sprache.png","contentUrl":"https:\/\/www.musikzeitung.ch\/wp-content\/uploads\/2023\/01\/SMZ_Schriftzug_Sprache.png","width":1400,"height":279,"caption":"Schweizer Musikzeitung"},"image":{"@id":"https:\/\/www.musikzeitung.ch\/#\/schema\/logo\/image\/"},"sameAs":["https:\/\/www.facebook.com\/SchweizerMusikzeitung\/","https:\/\/x.com\/smusikzeitung","https:\/\/www.instagram.com\/musikzeitung.ch\/"]},{"@type":"Person","@id":"https:\/\/www.musikzeitung.ch\/#\/schema\/person\/0da4fb82d243f1252850a35d0e87cf0c","name":"Wolfgang B\u00f6hler","image":{"@type":"ImageObject","inLanguage":"en-US","@id":"https:\/\/www.musikzeitung.ch\/wp-content\/uploads\/2023\/01\/boehler_portraet_web-e1674139782246-96x96.jpg","url":"https:\/\/www.musikzeitung.ch\/wp-content\/uploads\/2023\/01\/boehler_portraet_web-e1674139782246-96x96.jpg","contentUrl":"https:\/\/www.musikzeitung.ch\/wp-content\/uploads\/2023\/01\/boehler_portraet_web-e1674139782246-96x96.jpg","caption":"Wolfgang B\u00f6hler"},"sameAs":["http:\/\/www.manacanto.ch","https:\/\/www.facebook.com\/wolfgang.bohler.75"],"url":"https:\/\/www.musikzeitung.ch\/en\/author\/wolfgang-boehler"}]}},"publishpress_future_workflow_manual_trigger":{"enabledWorkflows":[]},"_links":{"self":[{"href":"https:\/\/www.musikzeitung.ch\/en\/wp-json\/wp\/v2\/posts\/47772","targetHints":{"allow":["GET"]}}],"collection":[{"href":"https:\/\/www.musikzeitung.ch\/en\/wp-json\/wp\/v2\/posts"}],"about":[{"href":"https:\/\/www.musikzeitung.ch\/en\/wp-json\/wp\/v2\/types\/post"}],"author":[{"embeddable":true,"href":"https:\/\/www.musikzeitung.ch\/en\/wp-json\/wp\/v2\/users\/30"}],"replies":[{"embeddable":true,"href":"https:\/\/www.musikzeitung.ch\/en\/wp-json\/wp\/v2\/comments?post=47772"}],"version-history":[{"count":1,"href":"https:\/\/www.musikzeitung.ch\/en\/wp-json\/wp\/v2\/posts\/47772\/revisions"}],"predecessor-version":[{"id":47774,"href":"https:\/\/www.musikzeitung.ch\/en\/wp-json\/wp\/v2\/posts\/47772\/revisions\/47774"}],"wp:featuredmedia":[{"embeddable":true,"href":"https:\/\/www.musikzeitung.ch\/en\/wp-json\/wp\/v2\/media\/47773"}],"wp:attachment":[{"href":"https:\/\/www.musikzeitung.ch\/en\/wp-json\/wp\/v2\/media?parent=47772"}],"wp:term":[{"taxonomy":"category","embeddable":true,"href":"https:\/\/www.musikzeitung.ch\/en\/wp-json\/wp\/v2\/categories?post=47772"},{"taxonomy":"post_tag","embeddable":true,"href":"https:\/\/www.musikzeitung.ch\/en\/wp-json\/wp\/v2\/tags?post=47772"}],"curies":[{"name":"wp","href":"https:\/\/api.w.org\/{rel}","templated":true}]}}