{"id":47816,"date":"2023-09-28T09:31:17","date_gmt":"2023-09-28T07:31:17","guid":{"rendered":"https:\/\/www.musikzeitung.ch\/?p=47816"},"modified":"2023-09-28T09:32:53","modified_gmt":"2023-09-28T07:32:53","slug":"benjamin-lang-uebernimmt-rostocker-rektorenamt","status":"publish","type":"post","link":"https:\/\/www.musikzeitung.ch\/en\/news\/2023\/09\/benjamin-lang-uebernimmt-rostocker-rektorenamt","title":{"rendered":"Benjamin Lang takes over as Rector of Rostock"},"content":{"rendered":"<figure id=\"attachment_47818\" aria-describedby=\"caption-attachment-47818\" style=\"width: 500px\" class=\"wp-caption aligncenter\"><img loading=\"lazy\" decoding=\"async\" class=\"wp-image-47818\" src=\"https:\/\/www.musikzeitung.ch\/wp-content\/uploads\/2023\/09\/230928lang.jpg\" alt=\"\" width=\"500\" height=\"373\" srcset=\"https:\/\/www.musikzeitung.ch\/wp-content\/uploads\/2023\/09\/230928lang.jpg 994w, https:\/\/www.musikzeitung.ch\/wp-content\/uploads\/2023\/09\/230928lang-300x224.jpg 300w, https:\/\/www.musikzeitung.ch\/wp-content\/uploads\/2023\/09\/230928lang-768x573.jpg 768w, https:\/\/www.musikzeitung.ch\/wp-content\/uploads\/2023\/09\/230928lang-234x175.jpg 234w, https:\/\/www.musikzeitung.ch\/wp-content\/uploads\/2023\/09\/230928lang-469x350.jpg 469w, https:\/\/www.musikzeitung.ch\/wp-content\/uploads\/2023\/09\/230928lang-920x687.jpg 920w\" sizes=\"auto, (max-width: 500px) 100vw, 500px\" \/><figcaption id=\"caption-attachment-47818\" class=\"wp-caption-text\">Benjamin Lang (Image: hmt)<\/figcaption><\/figure>\n<p>Lang completed his doctorate in composition in Ireland and in musicology in Austria. He has taught music theory at the Hochschule f\u00fcr K\u00fcnste Bremen, the HMT Rostock and the Institute for Music at the Hochschule Osnabr\u00fcck. From 2010 to 2017, he initially worked as a lecturer and later as a professor of composition and music theory at the ZHdK. He then spent five years teaching historical and contemporary composition and music theory at the Hochschule f\u00fcr Musik \"Hans Eisler\" Berlin. Since 2018, he has been Professor of Music Theory (including composition) at the HMT Rostock.<\/p>\n<p>Founded in 1994, the Rostock University of Music and Drama (hmt) is an international educational institution in the fields of music, drama, music teaching, theater teaching (performing arts) and musicology. The approximately 500 students come from 42 nations.<\/p>","protected":false},"excerpt":{"rendered":"<p>Benjamin Lang, who taught composition and music theory at the Zurich University of the Arts from 2010 to 2017, is to become Rector of the Rostock University of Music and Drama (HMT).<\/p>","protected":false},"author":30,"featured_media":47818,"comment_status":"closed","ping_status":"closed","sticky":false,"template":"","format":"standard","meta":{"_acf_changed":false,"_relevanssi_hide_post":"","_relevanssi_hide_content":"","_relevanssi_pin_for_all":"","_relevanssi_pin_keywords":"","_relevanssi_unpin_keywords":"","_relevanssi_related_keywords":"","_relevanssi_related_include_ids":"","_relevanssi_related_exclude_ids":"","_relevanssi_related_no_append":"","_relevanssi_related_not_related":"","_relevanssi_related_posts":"","_relevanssi_noindex_reason":"","pgc_sgb_lightbox_settings":"","footnotes":""},"categories":[27],"tags":[2106,3071],"class_list":["post-47816","post","type-post","status-publish","format-standard","has-post-thumbnail","hentry","category-news","tag-benjamin-lang","tag-hmt-rostock"],"acf":[],"yoast_head":"<!-- This site is optimized with the Yoast SEO plugin v27.4 - https:\/\/yoast.com\/product\/yoast-seo-wordpress\/ -->\n<title>Benjamin Lang \u00fcbernimmt Rostocker Rektorenamt - Schweizer Musikzeitung<\/title>\n<meta name=\"robots\" content=\"index, follow, max-snippet:-1, max-image-preview:large, max-video-preview:-1\" \/>\n<link rel=\"canonical\" href=\"https:\/\/www.musikzeitung.ch\/en\/news\/2023\/09\/benjamin-lang-uebernimmt-rostocker-rektorenamt\/\" \/>\n<meta property=\"og:locale\" content=\"en_US\" \/>\n<meta property=\"og:type\" content=\"article\" \/>\n<meta property=\"og:title\" content=\"Benjamin Lang \u00fcbernimmt Rostocker Rektorenamt - Schweizer Musikzeitung\" \/>\n<meta property=\"og:description\" content=\"Benjamin Lang, der von 2010 bis 2017 an der Z\u00fcrcher Hochschule f\u00fcr K\u00fcnste Komposition und Musiktheorie unterrichtete, wird Rektor der Hochschule f\u00fcr Musik und Theater Rostock (HMT).\" \/>\n<meta property=\"og:url\" content=\"https:\/\/www.musikzeitung.ch\/en\/news\/2023\/09\/benjamin-lang-uebernimmt-rostocker-rektorenamt\/\" \/>\n<meta property=\"og:site_name\" content=\"Schweizer Musikzeitung\" \/>\n<meta property=\"article:publisher\" content=\"https:\/\/www.facebook.com\/SchweizerMusikzeitung\/\" \/>\n<meta property=\"article:author\" content=\"https:\/\/www.facebook.com\/wolfgang.bohler.75\" \/>\n<meta property=\"article:published_time\" content=\"2023-09-28T07:31:17+00:00\" \/>\n<meta property=\"article:modified_time\" content=\"2023-09-28T07:32:53+00:00\" \/>\n<meta property=\"og:image\" content=\"https:\/\/www.musikzeitung.ch\/wp-content\/uploads\/2023\/09\/230928lang.jpg\" \/>\n\t<meta property=\"og:image:width\" content=\"994\" \/>\n\t<meta property=\"og:image:height\" content=\"742\" \/>\n\t<meta property=\"og:image:type\" content=\"image\/jpeg\" \/>\n<meta name=\"author\" content=\"Wolfgang B\u00f6hler\" \/>\n<meta name=\"twitter:card\" content=\"summary_large_image\" \/>\n<meta name=\"twitter:creator\" content=\"@smusikzeitung\" \/>\n<meta name=\"twitter:site\" content=\"@smusikzeitung\" \/>\n<meta name=\"twitter:label1\" content=\"Written by\" \/>\n\t<meta name=\"twitter:data1\" content=\"Wolfgang B\u00f6hler\" \/>\n\t<meta name=\"twitter:label2\" content=\"Est. reading time\" \/>\n\t<meta name=\"twitter:data2\" content=\"1 minute\" \/>\n<script type=\"application\/ld+json\" class=\"yoast-schema-graph\">{\"@context\":\"https:\\\/\\\/schema.org\",\"@graph\":[{\"@type\":\"Article\",\"@id\":\"https:\\\/\\\/www.musikzeitung.ch\\\/news\\\/2023\\\/09\\\/benjamin-lang-uebernimmt-rostocker-rektorenamt#article\",\"isPartOf\":{\"@id\":\"https:\\\/\\\/www.musikzeitung.ch\\\/news\\\/2023\\\/09\\\/benjamin-lang-uebernimmt-rostocker-rektorenamt\"},\"author\":{\"name\":\"Wolfgang B\u00f6hler\",\"@id\":\"https:\\\/\\\/www.musikzeitung.ch\\\/#\\\/schema\\\/person\\\/0da4fb82d243f1252850a35d0e87cf0c\"},\"headline\":\"Benjamin Lang \u00fcbernimmt Rostocker Rektorenamt\",\"datePublished\":\"2023-09-28T07:31:17+00:00\",\"dateModified\":\"2023-09-28T07:32:53+00:00\",\"mainEntityOfPage\":{\"@id\":\"https:\\\/\\\/www.musikzeitung.ch\\\/news\\\/2023\\\/09\\\/benjamin-lang-uebernimmt-rostocker-rektorenamt\"},\"wordCount\":150,\"publisher\":{\"@id\":\"https:\\\/\\\/www.musikzeitung.ch\\\/#organization\"},\"image\":{\"@id\":\"https:\\\/\\\/www.musikzeitung.ch\\\/news\\\/2023\\\/09\\\/benjamin-lang-uebernimmt-rostocker-rektorenamt#primaryimage\"},\"thumbnailUrl\":\"https:\\\/\\\/www.musikzeitung.ch\\\/wp-content\\\/uploads\\\/2023\\\/09\\\/230928lang.jpg\",\"keywords\":[\"Benjamin Lang\",\"HMT Rostock\"],\"articleSection\":[\"News\"],\"inLanguage\":\"en-US\"},{\"@type\":\"WebPage\",\"@id\":\"https:\\\/\\\/www.musikzeitung.ch\\\/news\\\/2023\\\/09\\\/benjamin-lang-uebernimmt-rostocker-rektorenamt\",\"url\":\"https:\\\/\\\/www.musikzeitung.ch\\\/news\\\/2023\\\/09\\\/benjamin-lang-uebernimmt-rostocker-rektorenamt\",\"name\":\"Benjamin Lang \u00fcbernimmt Rostocker Rektorenamt - Schweizer Musikzeitung\",\"isPartOf\":{\"@id\":\"https:\\\/\\\/www.musikzeitung.ch\\\/#website\"},\"primaryImageOfPage\":{\"@id\":\"https:\\\/\\\/www.musikzeitung.ch\\\/news\\\/2023\\\/09\\\/benjamin-lang-uebernimmt-rostocker-rektorenamt#primaryimage\"},\"image\":{\"@id\":\"https:\\\/\\\/www.musikzeitung.ch\\\/news\\\/2023\\\/09\\\/benjamin-lang-uebernimmt-rostocker-rektorenamt#primaryimage\"},\"thumbnailUrl\":\"https:\\\/\\\/www.musikzeitung.ch\\\/wp-content\\\/uploads\\\/2023\\\/09\\\/230928lang.jpg\",\"datePublished\":\"2023-09-28T07:31:17+00:00\",\"dateModified\":\"2023-09-28T07:32:53+00:00\",\"breadcrumb\":{\"@id\":\"https:\\\/\\\/www.musikzeitung.ch\\\/news\\\/2023\\\/09\\\/benjamin-lang-uebernimmt-rostocker-rektorenamt#breadcrumb\"},\"inLanguage\":\"en-US\",\"potentialAction\":[{\"@type\":\"ReadAction\",\"target\":[\"https:\\\/\\\/www.musikzeitung.ch\\\/news\\\/2023\\\/09\\\/benjamin-lang-uebernimmt-rostocker-rektorenamt\"]}]},{\"@type\":\"ImageObject\",\"inLanguage\":\"en-US\",\"@id\":\"https:\\\/\\\/www.musikzeitung.ch\\\/news\\\/2023\\\/09\\\/benjamin-lang-uebernimmt-rostocker-rektorenamt#primaryimage\",\"url\":\"https:\\\/\\\/www.musikzeitung.ch\\\/wp-content\\\/uploads\\\/2023\\\/09\\\/230928lang.jpg\",\"contentUrl\":\"https:\\\/\\\/www.musikzeitung.ch\\\/wp-content\\\/uploads\\\/2023\\\/09\\\/230928lang.jpg\",\"width\":994,\"height\":742,\"caption\":\"Benjamin Lang (Bild: hmt)\"},{\"@type\":\"BreadcrumbList\",\"@id\":\"https:\\\/\\\/www.musikzeitung.ch\\\/news\\\/2023\\\/09\\\/benjamin-lang-uebernimmt-rostocker-rektorenamt#breadcrumb\",\"itemListElement\":[{\"@type\":\"ListItem\",\"position\":1,\"name\":\"Home\",\"item\":\"https:\\\/\\\/www.musikzeitung.ch\\\/\"},{\"@type\":\"ListItem\",\"position\":2,\"name\":\"Benjamin Lang \u00fcbernimmt Rostocker Rektorenamt\"}]},{\"@type\":\"WebSite\",\"@id\":\"https:\\\/\\\/www.musikzeitung.ch\\\/#website\",\"url\":\"https:\\\/\\\/www.musikzeitung.ch\\\/\",\"name\":\"Schweizer Musikzeitung\",\"description\":\"Die f\u00fchrende sparten\u00fcbergreifende Monatszeitung in der Schweiz f\u00fcr musikalische Fragen.\",\"publisher\":{\"@id\":\"https:\\\/\\\/www.musikzeitung.ch\\\/#organization\"},\"potentialAction\":[{\"@type\":\"SearchAction\",\"target\":{\"@type\":\"EntryPoint\",\"urlTemplate\":\"https:\\\/\\\/www.musikzeitung.ch\\\/?s={search_term_string}\"},\"query-input\":{\"@type\":\"PropertyValueSpecification\",\"valueRequired\":true,\"valueName\":\"search_term_string\"}}],\"inLanguage\":\"en-US\"},{\"@type\":\"Organization\",\"@id\":\"https:\\\/\\\/www.musikzeitung.ch\\\/#organization\",\"name\":\"Schweizer Musikzeitung\",\"url\":\"https:\\\/\\\/www.musikzeitung.ch\\\/\",\"logo\":{\"@type\":\"ImageObject\",\"inLanguage\":\"en-US\",\"@id\":\"https:\\\/\\\/www.musikzeitung.ch\\\/#\\\/schema\\\/logo\\\/image\\\/\",\"url\":\"https:\\\/\\\/www.musikzeitung.ch\\\/wp-content\\\/uploads\\\/2023\\\/01\\\/SMZ_Schriftzug_Sprache.png\",\"contentUrl\":\"https:\\\/\\\/www.musikzeitung.ch\\\/wp-content\\\/uploads\\\/2023\\\/01\\\/SMZ_Schriftzug_Sprache.png\",\"width\":1400,\"height\":279,\"caption\":\"Schweizer Musikzeitung\"},\"image\":{\"@id\":\"https:\\\/\\\/www.musikzeitung.ch\\\/#\\\/schema\\\/logo\\\/image\\\/\"},\"sameAs\":[\"https:\\\/\\\/www.facebook.com\\\/SchweizerMusikzeitung\\\/\",\"https:\\\/\\\/x.com\\\/smusikzeitung\",\"https:\\\/\\\/www.instagram.com\\\/musikzeitung.ch\\\/\"]},{\"@type\":\"Person\",\"@id\":\"https:\\\/\\\/www.musikzeitung.ch\\\/#\\\/schema\\\/person\\\/0da4fb82d243f1252850a35d0e87cf0c\",\"name\":\"Wolfgang B\u00f6hler\",\"image\":{\"@type\":\"ImageObject\",\"inLanguage\":\"en-US\",\"@id\":\"https:\\\/\\\/www.musikzeitung.ch\\\/wp-content\\\/uploads\\\/2023\\\/01\\\/boehler_portraet_web-e1674139782246-96x96.jpg\",\"url\":\"https:\\\/\\\/www.musikzeitung.ch\\\/wp-content\\\/uploads\\\/2023\\\/01\\\/boehler_portraet_web-e1674139782246-96x96.jpg\",\"contentUrl\":\"https:\\\/\\\/www.musikzeitung.ch\\\/wp-content\\\/uploads\\\/2023\\\/01\\\/boehler_portraet_web-e1674139782246-96x96.jpg\",\"caption\":\"Wolfgang B\u00f6hler\"},\"sameAs\":[\"http:\\\/\\\/www.manacanto.ch\",\"https:\\\/\\\/www.facebook.com\\\/wolfgang.bohler.75\"],\"url\":\"https:\\\/\\\/www.musikzeitung.ch\\\/en\\\/author\\\/wolfgang-boehler\"}]}<\/script>\n<!-- \/ Yoast SEO plugin. -->","yoast_head_json":{"title":"Benjamin Lang \u00fcbernimmt Rostocker Rektorenamt - Schweizer Musikzeitung","robots":{"index":"index","follow":"follow","max-snippet":"max-snippet:-1","max-image-preview":"max-image-preview:large","max-video-preview":"max-video-preview:-1"},"canonical":"https:\/\/www.musikzeitung.ch\/en\/news\/2023\/09\/benjamin-lang-uebernimmt-rostocker-rektorenamt\/","og_locale":"en_US","og_type":"article","og_title":"Benjamin Lang \u00fcbernimmt Rostocker Rektorenamt - Schweizer Musikzeitung","og_description":"Benjamin Lang, der von 2010 bis 2017 an der Z\u00fcrcher Hochschule f\u00fcr K\u00fcnste Komposition und Musiktheorie unterrichtete, wird Rektor der Hochschule f\u00fcr Musik und Theater Rostock (HMT).","og_url":"https:\/\/www.musikzeitung.ch\/en\/news\/2023\/09\/benjamin-lang-uebernimmt-rostocker-rektorenamt\/","og_site_name":"Schweizer Musikzeitung","article_publisher":"https:\/\/www.facebook.com\/SchweizerMusikzeitung\/","article_author":"https:\/\/www.facebook.com\/wolfgang.bohler.75","article_published_time":"2023-09-28T07:31:17+00:00","article_modified_time":"2023-09-28T07:32:53+00:00","og_image":[{"width":994,"height":742,"url":"https:\/\/www.musikzeitung.ch\/wp-content\/uploads\/2023\/09\/230928lang.jpg","type":"image\/jpeg"}],"author":"Wolfgang B\u00f6hler","twitter_card":"summary_large_image","twitter_creator":"@smusikzeitung","twitter_site":"@smusikzeitung","twitter_misc":{"Written by":"Wolfgang B\u00f6hler","Est. reading time":"1 minute"},"schema":{"@context":"https:\/\/schema.org","@graph":[{"@type":"Article","@id":"https:\/\/www.musikzeitung.ch\/news\/2023\/09\/benjamin-lang-uebernimmt-rostocker-rektorenamt#article","isPartOf":{"@id":"https:\/\/www.musikzeitung.ch\/news\/2023\/09\/benjamin-lang-uebernimmt-rostocker-rektorenamt"},"author":{"name":"Wolfgang B\u00f6hler","@id":"https:\/\/www.musikzeitung.ch\/#\/schema\/person\/0da4fb82d243f1252850a35d0e87cf0c"},"headline":"Benjamin Lang \u00fcbernimmt Rostocker Rektorenamt","datePublished":"2023-09-28T07:31:17+00:00","dateModified":"2023-09-28T07:32:53+00:00","mainEntityOfPage":{"@id":"https:\/\/www.musikzeitung.ch\/news\/2023\/09\/benjamin-lang-uebernimmt-rostocker-rektorenamt"},"wordCount":150,"publisher":{"@id":"https:\/\/www.musikzeitung.ch\/#organization"},"image":{"@id":"https:\/\/www.musikzeitung.ch\/news\/2023\/09\/benjamin-lang-uebernimmt-rostocker-rektorenamt#primaryimage"},"thumbnailUrl":"https:\/\/www.musikzeitung.ch\/wp-content\/uploads\/2023\/09\/230928lang.jpg","keywords":["Benjamin Lang","HMT Rostock"],"articleSection":["News"],"inLanguage":"en-US"},{"@type":"WebPage","@id":"https:\/\/www.musikzeitung.ch\/news\/2023\/09\/benjamin-lang-uebernimmt-rostocker-rektorenamt","url":"https:\/\/www.musikzeitung.ch\/news\/2023\/09\/benjamin-lang-uebernimmt-rostocker-rektorenamt","name":"Benjamin Lang \u00fcbernimmt Rostocker Rektorenamt - Schweizer Musikzeitung","isPartOf":{"@id":"https:\/\/www.musikzeitung.ch\/#website"},"primaryImageOfPage":{"@id":"https:\/\/www.musikzeitung.ch\/news\/2023\/09\/benjamin-lang-uebernimmt-rostocker-rektorenamt#primaryimage"},"image":{"@id":"https:\/\/www.musikzeitung.ch\/news\/2023\/09\/benjamin-lang-uebernimmt-rostocker-rektorenamt#primaryimage"},"thumbnailUrl":"https:\/\/www.musikzeitung.ch\/wp-content\/uploads\/2023\/09\/230928lang.jpg","datePublished":"2023-09-28T07:31:17+00:00","dateModified":"2023-09-28T07:32:53+00:00","breadcrumb":{"@id":"https:\/\/www.musikzeitung.ch\/news\/2023\/09\/benjamin-lang-uebernimmt-rostocker-rektorenamt#breadcrumb"},"inLanguage":"en-US","potentialAction":[{"@type":"ReadAction","target":["https:\/\/www.musikzeitung.ch\/news\/2023\/09\/benjamin-lang-uebernimmt-rostocker-rektorenamt"]}]},{"@type":"ImageObject","inLanguage":"en-US","@id":"https:\/\/www.musikzeitung.ch\/news\/2023\/09\/benjamin-lang-uebernimmt-rostocker-rektorenamt#primaryimage","url":"https:\/\/www.musikzeitung.ch\/wp-content\/uploads\/2023\/09\/230928lang.jpg","contentUrl":"https:\/\/www.musikzeitung.ch\/wp-content\/uploads\/2023\/09\/230928lang.jpg","width":994,"height":742,"caption":"Benjamin Lang (Bild: hmt)"},{"@type":"BreadcrumbList","@id":"https:\/\/www.musikzeitung.ch\/news\/2023\/09\/benjamin-lang-uebernimmt-rostocker-rektorenamt#breadcrumb","itemListElement":[{"@type":"ListItem","position":1,"name":"Home","item":"https:\/\/www.musikzeitung.ch\/"},{"@type":"ListItem","position":2,"name":"Benjamin Lang \u00fcbernimmt Rostocker Rektorenamt"}]},{"@type":"WebSite","@id":"https:\/\/www.musikzeitung.ch\/#website","url":"https:\/\/www.musikzeitung.ch\/","name":"Swiss Music Newspaper","description":"The leading interdisciplinary monthly newspaper in Switzerland for musical issues.","publisher":{"@id":"https:\/\/www.musikzeitung.ch\/#organization"},"potentialAction":[{"@type":"SearchAction","target":{"@type":"EntryPoint","urlTemplate":"https:\/\/www.musikzeitung.ch\/?s={search_term_string}"},"query-input":{"@type":"PropertyValueSpecification","valueRequired":true,"valueName":"search_term_string"}}],"inLanguage":"en-US"},{"@type":"Organization","@id":"https:\/\/www.musikzeitung.ch\/#organization","name":"Swiss Music Newspaper","url":"https:\/\/www.musikzeitung.ch\/","logo":{"@type":"ImageObject","inLanguage":"en-US","@id":"https:\/\/www.musikzeitung.ch\/#\/schema\/logo\/image\/","url":"https:\/\/www.musikzeitung.ch\/wp-content\/uploads\/2023\/01\/SMZ_Schriftzug_Sprache.png","contentUrl":"https:\/\/www.musikzeitung.ch\/wp-content\/uploads\/2023\/01\/SMZ_Schriftzug_Sprache.png","width":1400,"height":279,"caption":"Schweizer Musikzeitung"},"image":{"@id":"https:\/\/www.musikzeitung.ch\/#\/schema\/logo\/image\/"},"sameAs":["https:\/\/www.facebook.com\/SchweizerMusikzeitung\/","https:\/\/x.com\/smusikzeitung","https:\/\/www.instagram.com\/musikzeitung.ch\/"]},{"@type":"Person","@id":"https:\/\/www.musikzeitung.ch\/#\/schema\/person\/0da4fb82d243f1252850a35d0e87cf0c","name":"Wolfgang B\u00f6hler","image":{"@type":"ImageObject","inLanguage":"en-US","@id":"https:\/\/www.musikzeitung.ch\/wp-content\/uploads\/2023\/01\/boehler_portraet_web-e1674139782246-96x96.jpg","url":"https:\/\/www.musikzeitung.ch\/wp-content\/uploads\/2023\/01\/boehler_portraet_web-e1674139782246-96x96.jpg","contentUrl":"https:\/\/www.musikzeitung.ch\/wp-content\/uploads\/2023\/01\/boehler_portraet_web-e1674139782246-96x96.jpg","caption":"Wolfgang B\u00f6hler"},"sameAs":["http:\/\/www.manacanto.ch","https:\/\/www.facebook.com\/wolfgang.bohler.75"],"url":"https:\/\/www.musikzeitung.ch\/en\/author\/wolfgang-boehler"}]}},"publishpress_future_workflow_manual_trigger":{"enabledWorkflows":[]},"_links":{"self":[{"href":"https:\/\/www.musikzeitung.ch\/en\/wp-json\/wp\/v2\/posts\/47816","targetHints":{"allow":["GET"]}}],"collection":[{"href":"https:\/\/www.musikzeitung.ch\/en\/wp-json\/wp\/v2\/posts"}],"about":[{"href":"https:\/\/www.musikzeitung.ch\/en\/wp-json\/wp\/v2\/types\/post"}],"author":[{"embeddable":true,"href":"https:\/\/www.musikzeitung.ch\/en\/wp-json\/wp\/v2\/users\/30"}],"replies":[{"embeddable":true,"href":"https:\/\/www.musikzeitung.ch\/en\/wp-json\/wp\/v2\/comments?post=47816"}],"version-history":[{"count":3,"href":"https:\/\/www.musikzeitung.ch\/en\/wp-json\/wp\/v2\/posts\/47816\/revisions"}],"predecessor-version":[{"id":47822,"href":"https:\/\/www.musikzeitung.ch\/en\/wp-json\/wp\/v2\/posts\/47816\/revisions\/47822"}],"wp:featuredmedia":[{"embeddable":true,"href":"https:\/\/www.musikzeitung.ch\/en\/wp-json\/wp\/v2\/media\/47818"}],"wp:attachment":[{"href":"https:\/\/www.musikzeitung.ch\/en\/wp-json\/wp\/v2\/media?parent=47816"}],"wp:term":[{"taxonomy":"category","embeddable":true,"href":"https:\/\/www.musikzeitung.ch\/en\/wp-json\/wp\/v2\/categories?post=47816"},{"taxonomy":"post_tag","embeddable":true,"href":"https:\/\/www.musikzeitung.ch\/en\/wp-json\/wp\/v2\/tags?post=47816"}],"curies":[{"name":"wp","href":"https:\/\/api.w.org\/{rel}","templated":true}]}}