{"id":48015,"date":"2023-10-03T11:00:07","date_gmt":"2023-10-03T09:00:07","guid":{"rendered":"https:\/\/www.musikzeitung.ch\/?p=48015"},"modified":"2023-10-12T10:08:49","modified_gmt":"2023-10-12T08:08:49","slug":"grandy-wird-chefdirigent-des-sapporo-symphony-orchestra","status":"publish","type":"post","link":"https:\/\/www.musikzeitung.ch\/en\/news\/2023\/10\/grandy-wird-chefdirigent-des-sapporo-symphony-orchestra","title":{"rendered":"Grandy becomes chief conductor of the Sapporo Symphony Orchestra"},"content":{"rendered":"<figure id=\"attachment_48016\" aria-describedby=\"caption-attachment-48016\" style=\"width: 494px\" class=\"wp-caption alignnone\"><img loading=\"lazy\" decoding=\"async\" class=\"wp-image-48016\" src=\"https:\/\/www.musikzeitung.ch\/wp-content\/uploads\/2023\/10\/231003grandy.jpg\" alt=\"\" width=\"494\" height=\"318\" srcset=\"https:\/\/www.musikzeitung.ch\/wp-content\/uploads\/2023\/10\/231003grandy.jpg 1154w, https:\/\/www.musikzeitung.ch\/wp-content\/uploads\/2023\/10\/231003grandy-300x193.jpg 300w, https:\/\/www.musikzeitung.ch\/wp-content\/uploads\/2023\/10\/231003grandy-1024x659.jpg 1024w, https:\/\/www.musikzeitung.ch\/wp-content\/uploads\/2023\/10\/231003grandy-768x494.jpg 768w, https:\/\/www.musikzeitung.ch\/wp-content\/uploads\/2023\/10\/231003grandy-272x175.jpg 272w, https:\/\/www.musikzeitung.ch\/wp-content\/uploads\/2023\/10\/231003grandy-544x350.jpg 544w, https:\/\/www.musikzeitung.ch\/wp-content\/uploads\/2023\/10\/231003grandy-920x592.jpg 920w\" sizes=\"auto, (max-width: 494px) 100vw, 494px\" \/><figcaption id=\"caption-attachment-48016\" class=\"wp-caption-text\">Elias Grandy (Image: Shervin Lainez)<\/figcaption><\/figure>\n<p>The German-Japanese conductor will take over the position from April 2025 for an initial period of three years. His contract will take the 43-year-old to Sapporo for eight weeks per season. He will be back in Japan in November 2024 before his contract begins.<\/p>\n<p>Grandy studied cello, music theory and conducting in Munich, Basel and Berlin. After several years as a cellist, including with the Bavarian Radio Symphony Orchestra and the orchestra of the Komische Oper Berlin, he began his career as a conductor as Kapellmeister at the Staatstheater Darmstadt and shortly afterwards won the Sir Georg Solti International Conducting Competition. From 2015 to 2023, he was General Music Director at the Theater und Orchester Heidelberg.<\/p>","protected":false},"excerpt":{"rendered":"<p>The Sapporo Symphony Orchestra has appointed Elias Grandy, who studied in Basel among other places, as its new chief conductor from 2025.<\/p>","protected":false},"author":30,"featured_media":48016,"comment_status":"closed","ping_status":"closed","sticky":false,"template":"","format":"standard","meta":{"_acf_changed":false,"_relevanssi_hide_post":"","_relevanssi_hide_content":"","_relevanssi_pin_for_all":"","_relevanssi_pin_keywords":"","_relevanssi_unpin_keywords":"","_relevanssi_related_keywords":"","_relevanssi_related_include_ids":"","_relevanssi_related_exclude_ids":"","_relevanssi_related_no_append":"","_relevanssi_related_not_related":"","_relevanssi_related_posts":"","_relevanssi_noindex_reason":"","pgc_sgb_lightbox_settings":"","footnotes":""},"categories":[27],"tags":[3133,3134],"class_list":["post-48015","post","type-post","status-publish","format-standard","has-post-thumbnail","hentry","category-news","tag-elias-grandy","tag-sapporo-symphony-orchestra"],"acf":[],"yoast_head":"<!-- This site is optimized with the Yoast SEO plugin v27.4 - https:\/\/yoast.com\/product\/yoast-seo-wordpress\/ -->\n<title>Grandy wird Chefdirigent des Sapporo Symphony Orchestra - Schweizer Musikzeitung<\/title>\n<meta name=\"description\" content=\"Das Sapporo Symphony Orchestra hat Elias Grandy, der unter anderm in Basel studiert hat, zum neuen Chefdirigenten ab 2025 ernannt.\" \/>\n<meta name=\"robots\" content=\"index, follow, max-snippet:-1, max-image-preview:large, max-video-preview:-1\" \/>\n<link rel=\"canonical\" href=\"https:\/\/www.musikzeitung.ch\/en\/news\/2023\/10\/grandy-wird-chefdirigent-des-sapporo-symphony-orchestra\/\" \/>\n<meta property=\"og:locale\" content=\"en_US\" \/>\n<meta property=\"og:type\" content=\"article\" \/>\n<meta property=\"og:title\" content=\"Grandy wird Chefdirigent des Sapporo Symphony Orchestra - Schweizer Musikzeitung\" \/>\n<meta property=\"og:description\" content=\"Das Sapporo Symphony Orchestra hat Elias Grandy, der unter anderm in Basel studiert hat, zum neuen Chefdirigenten ab 2025 ernannt.\" \/>\n<meta property=\"og:url\" content=\"https:\/\/www.musikzeitung.ch\/en\/news\/2023\/10\/grandy-wird-chefdirigent-des-sapporo-symphony-orchestra\/\" \/>\n<meta property=\"og:site_name\" content=\"Schweizer Musikzeitung\" \/>\n<meta property=\"article:publisher\" content=\"https:\/\/www.facebook.com\/SchweizerMusikzeitung\/\" \/>\n<meta property=\"article:author\" content=\"https:\/\/www.facebook.com\/wolfgang.bohler.75\" \/>\n<meta property=\"article:published_time\" content=\"2023-10-03T09:00:07+00:00\" \/>\n<meta property=\"article:modified_time\" content=\"2023-10-12T08:08:49+00:00\" \/>\n<meta property=\"og:image\" content=\"https:\/\/www.musikzeitung.ch\/wp-content\/uploads\/2023\/10\/231003grandy.jpg\" \/>\n\t<meta property=\"og:image:width\" content=\"1154\" \/>\n\t<meta property=\"og:image:height\" content=\"743\" \/>\n\t<meta property=\"og:image:type\" content=\"image\/jpeg\" \/>\n<meta name=\"author\" content=\"Wolfgang B\u00f6hler\" \/>\n<meta name=\"twitter:card\" content=\"summary_large_image\" \/>\n<meta name=\"twitter:creator\" content=\"@smusikzeitung\" \/>\n<meta name=\"twitter:site\" content=\"@smusikzeitung\" \/>\n<meta name=\"twitter:label1\" content=\"Written by\" \/>\n\t<meta name=\"twitter:data1\" content=\"Wolfgang B\u00f6hler\" \/>\n\t<meta name=\"twitter:label2\" content=\"Est. reading time\" \/>\n\t<meta name=\"twitter:data2\" content=\"1 minute\" \/>\n<script type=\"application\/ld+json\" class=\"yoast-schema-graph\">{\"@context\":\"https:\\\/\\\/schema.org\",\"@graph\":[{\"@type\":\"Article\",\"@id\":\"https:\\\/\\\/www.musikzeitung.ch\\\/news\\\/2023\\\/10\\\/grandy-wird-chefdirigent-des-sapporo-symphony-orchestra#article\",\"isPartOf\":{\"@id\":\"https:\\\/\\\/www.musikzeitung.ch\\\/news\\\/2023\\\/10\\\/grandy-wird-chefdirigent-des-sapporo-symphony-orchestra\"},\"author\":{\"name\":\"Wolfgang B\u00f6hler\",\"@id\":\"https:\\\/\\\/www.musikzeitung.ch\\\/#\\\/schema\\\/person\\\/0da4fb82d243f1252850a35d0e87cf0c\"},\"headline\":\"Grandy wird Chefdirigent des Sapporo Symphony Orchestra\",\"datePublished\":\"2023-10-03T09:00:07+00:00\",\"dateModified\":\"2023-10-12T08:08:49+00:00\",\"mainEntityOfPage\":{\"@id\":\"https:\\\/\\\/www.musikzeitung.ch\\\/news\\\/2023\\\/10\\\/grandy-wird-chefdirigent-des-sapporo-symphony-orchestra\"},\"wordCount\":126,\"publisher\":{\"@id\":\"https:\\\/\\\/www.musikzeitung.ch\\\/#organization\"},\"image\":{\"@id\":\"https:\\\/\\\/www.musikzeitung.ch\\\/news\\\/2023\\\/10\\\/grandy-wird-chefdirigent-des-sapporo-symphony-orchestra#primaryimage\"},\"thumbnailUrl\":\"https:\\\/\\\/www.musikzeitung.ch\\\/wp-content\\\/uploads\\\/2023\\\/10\\\/231003grandy.jpg\",\"keywords\":[\"Elias Grandy\",\"Sapporo Symphony Orchestra\"],\"articleSection\":[\"News\"],\"inLanguage\":\"en-US\"},{\"@type\":\"WebPage\",\"@id\":\"https:\\\/\\\/www.musikzeitung.ch\\\/news\\\/2023\\\/10\\\/grandy-wird-chefdirigent-des-sapporo-symphony-orchestra\",\"url\":\"https:\\\/\\\/www.musikzeitung.ch\\\/news\\\/2023\\\/10\\\/grandy-wird-chefdirigent-des-sapporo-symphony-orchestra\",\"name\":\"Grandy wird Chefdirigent des Sapporo Symphony Orchestra - Schweizer Musikzeitung\",\"isPartOf\":{\"@id\":\"https:\\\/\\\/www.musikzeitung.ch\\\/#website\"},\"primaryImageOfPage\":{\"@id\":\"https:\\\/\\\/www.musikzeitung.ch\\\/news\\\/2023\\\/10\\\/grandy-wird-chefdirigent-des-sapporo-symphony-orchestra#primaryimage\"},\"image\":{\"@id\":\"https:\\\/\\\/www.musikzeitung.ch\\\/news\\\/2023\\\/10\\\/grandy-wird-chefdirigent-des-sapporo-symphony-orchestra#primaryimage\"},\"thumbnailUrl\":\"https:\\\/\\\/www.musikzeitung.ch\\\/wp-content\\\/uploads\\\/2023\\\/10\\\/231003grandy.jpg\",\"datePublished\":\"2023-10-03T09:00:07+00:00\",\"dateModified\":\"2023-10-12T08:08:49+00:00\",\"description\":\"Das Sapporo Symphony Orchestra hat Elias Grandy, der unter anderm in Basel studiert hat, zum neuen Chefdirigenten ab 2025 ernannt.\",\"breadcrumb\":{\"@id\":\"https:\\\/\\\/www.musikzeitung.ch\\\/news\\\/2023\\\/10\\\/grandy-wird-chefdirigent-des-sapporo-symphony-orchestra#breadcrumb\"},\"inLanguage\":\"en-US\",\"potentialAction\":[{\"@type\":\"ReadAction\",\"target\":[\"https:\\\/\\\/www.musikzeitung.ch\\\/news\\\/2023\\\/10\\\/grandy-wird-chefdirigent-des-sapporo-symphony-orchestra\"]}]},{\"@type\":\"ImageObject\",\"inLanguage\":\"en-US\",\"@id\":\"https:\\\/\\\/www.musikzeitung.ch\\\/news\\\/2023\\\/10\\\/grandy-wird-chefdirigent-des-sapporo-symphony-orchestra#primaryimage\",\"url\":\"https:\\\/\\\/www.musikzeitung.ch\\\/wp-content\\\/uploads\\\/2023\\\/10\\\/231003grandy.jpg\",\"contentUrl\":\"https:\\\/\\\/www.musikzeitung.ch\\\/wp-content\\\/uploads\\\/2023\\\/10\\\/231003grandy.jpg\",\"width\":1154,\"height\":743,\"caption\":\"Elias Grandy (Bild: Shervin Lainez)\"},{\"@type\":\"BreadcrumbList\",\"@id\":\"https:\\\/\\\/www.musikzeitung.ch\\\/news\\\/2023\\\/10\\\/grandy-wird-chefdirigent-des-sapporo-symphony-orchestra#breadcrumb\",\"itemListElement\":[{\"@type\":\"ListItem\",\"position\":1,\"name\":\"Home\",\"item\":\"https:\\\/\\\/www.musikzeitung.ch\\\/\"},{\"@type\":\"ListItem\",\"position\":2,\"name\":\"Grandy wird Chefdirigent des Sapporo Symphony Orchestra\"}]},{\"@type\":\"WebSite\",\"@id\":\"https:\\\/\\\/www.musikzeitung.ch\\\/#website\",\"url\":\"https:\\\/\\\/www.musikzeitung.ch\\\/\",\"name\":\"Schweizer Musikzeitung\",\"description\":\"Die f\u00fchrende sparten\u00fcbergreifende Monatszeitung in der Schweiz f\u00fcr musikalische Fragen.\",\"publisher\":{\"@id\":\"https:\\\/\\\/www.musikzeitung.ch\\\/#organization\"},\"potentialAction\":[{\"@type\":\"SearchAction\",\"target\":{\"@type\":\"EntryPoint\",\"urlTemplate\":\"https:\\\/\\\/www.musikzeitung.ch\\\/?s={search_term_string}\"},\"query-input\":{\"@type\":\"PropertyValueSpecification\",\"valueRequired\":true,\"valueName\":\"search_term_string\"}}],\"inLanguage\":\"en-US\"},{\"@type\":\"Organization\",\"@id\":\"https:\\\/\\\/www.musikzeitung.ch\\\/#organization\",\"name\":\"Schweizer Musikzeitung\",\"url\":\"https:\\\/\\\/www.musikzeitung.ch\\\/\",\"logo\":{\"@type\":\"ImageObject\",\"inLanguage\":\"en-US\",\"@id\":\"https:\\\/\\\/www.musikzeitung.ch\\\/#\\\/schema\\\/logo\\\/image\\\/\",\"url\":\"https:\\\/\\\/www.musikzeitung.ch\\\/wp-content\\\/uploads\\\/2023\\\/01\\\/SMZ_Schriftzug_Sprache.png\",\"contentUrl\":\"https:\\\/\\\/www.musikzeitung.ch\\\/wp-content\\\/uploads\\\/2023\\\/01\\\/SMZ_Schriftzug_Sprache.png\",\"width\":1400,\"height\":279,\"caption\":\"Schweizer Musikzeitung\"},\"image\":{\"@id\":\"https:\\\/\\\/www.musikzeitung.ch\\\/#\\\/schema\\\/logo\\\/image\\\/\"},\"sameAs\":[\"https:\\\/\\\/www.facebook.com\\\/SchweizerMusikzeitung\\\/\",\"https:\\\/\\\/x.com\\\/smusikzeitung\",\"https:\\\/\\\/www.instagram.com\\\/musikzeitung.ch\\\/\"]},{\"@type\":\"Person\",\"@id\":\"https:\\\/\\\/www.musikzeitung.ch\\\/#\\\/schema\\\/person\\\/0da4fb82d243f1252850a35d0e87cf0c\",\"name\":\"Wolfgang B\u00f6hler\",\"image\":{\"@type\":\"ImageObject\",\"inLanguage\":\"en-US\",\"@id\":\"https:\\\/\\\/www.musikzeitung.ch\\\/wp-content\\\/uploads\\\/2023\\\/01\\\/boehler_portraet_web-e1674139782246-96x96.jpg\",\"url\":\"https:\\\/\\\/www.musikzeitung.ch\\\/wp-content\\\/uploads\\\/2023\\\/01\\\/boehler_portraet_web-e1674139782246-96x96.jpg\",\"contentUrl\":\"https:\\\/\\\/www.musikzeitung.ch\\\/wp-content\\\/uploads\\\/2023\\\/01\\\/boehler_portraet_web-e1674139782246-96x96.jpg\",\"caption\":\"Wolfgang B\u00f6hler\"},\"sameAs\":[\"http:\\\/\\\/www.manacanto.ch\",\"https:\\\/\\\/www.facebook.com\\\/wolfgang.bohler.75\"],\"url\":\"https:\\\/\\\/www.musikzeitung.ch\\\/en\\\/author\\\/wolfgang-boehler\"}]}<\/script>\n<!-- \/ Yoast SEO plugin. -->","yoast_head_json":{"title":"Grandy becomes chief conductor of the Sapporo Symphony Orchestra - Schweizer Musikzeitung","description":"The Sapporo Symphony Orchestra has appointed Elias Grandy, who studied in Basel among other places, as its new chief conductor from 2025.","robots":{"index":"index","follow":"follow","max-snippet":"max-snippet:-1","max-image-preview":"max-image-preview:large","max-video-preview":"max-video-preview:-1"},"canonical":"https:\/\/www.musikzeitung.ch\/en\/news\/2023\/10\/grandy-wird-chefdirigent-des-sapporo-symphony-orchestra\/","og_locale":"en_US","og_type":"article","og_title":"Grandy wird Chefdirigent des Sapporo Symphony Orchestra - Schweizer Musikzeitung","og_description":"Das Sapporo Symphony Orchestra hat Elias Grandy, der unter anderm in Basel studiert hat, zum neuen Chefdirigenten ab 2025 ernannt.","og_url":"https:\/\/www.musikzeitung.ch\/en\/news\/2023\/10\/grandy-wird-chefdirigent-des-sapporo-symphony-orchestra\/","og_site_name":"Schweizer Musikzeitung","article_publisher":"https:\/\/www.facebook.com\/SchweizerMusikzeitung\/","article_author":"https:\/\/www.facebook.com\/wolfgang.bohler.75","article_published_time":"2023-10-03T09:00:07+00:00","article_modified_time":"2023-10-12T08:08:49+00:00","og_image":[{"width":1154,"height":743,"url":"https:\/\/www.musikzeitung.ch\/wp-content\/uploads\/2023\/10\/231003grandy.jpg","type":"image\/jpeg"}],"author":"Wolfgang B\u00f6hler","twitter_card":"summary_large_image","twitter_creator":"@smusikzeitung","twitter_site":"@smusikzeitung","twitter_misc":{"Written by":"Wolfgang B\u00f6hler","Est. reading time":"1 minute"},"schema":{"@context":"https:\/\/schema.org","@graph":[{"@type":"Article","@id":"https:\/\/www.musikzeitung.ch\/news\/2023\/10\/grandy-wird-chefdirigent-des-sapporo-symphony-orchestra#article","isPartOf":{"@id":"https:\/\/www.musikzeitung.ch\/news\/2023\/10\/grandy-wird-chefdirigent-des-sapporo-symphony-orchestra"},"author":{"name":"Wolfgang B\u00f6hler","@id":"https:\/\/www.musikzeitung.ch\/#\/schema\/person\/0da4fb82d243f1252850a35d0e87cf0c"},"headline":"Grandy wird Chefdirigent des Sapporo Symphony Orchestra","datePublished":"2023-10-03T09:00:07+00:00","dateModified":"2023-10-12T08:08:49+00:00","mainEntityOfPage":{"@id":"https:\/\/www.musikzeitung.ch\/news\/2023\/10\/grandy-wird-chefdirigent-des-sapporo-symphony-orchestra"},"wordCount":126,"publisher":{"@id":"https:\/\/www.musikzeitung.ch\/#organization"},"image":{"@id":"https:\/\/www.musikzeitung.ch\/news\/2023\/10\/grandy-wird-chefdirigent-des-sapporo-symphony-orchestra#primaryimage"},"thumbnailUrl":"https:\/\/www.musikzeitung.ch\/wp-content\/uploads\/2023\/10\/231003grandy.jpg","keywords":["Elias Grandy","Sapporo Symphony Orchestra"],"articleSection":["News"],"inLanguage":"en-US"},{"@type":"WebPage","@id":"https:\/\/www.musikzeitung.ch\/news\/2023\/10\/grandy-wird-chefdirigent-des-sapporo-symphony-orchestra","url":"https:\/\/www.musikzeitung.ch\/news\/2023\/10\/grandy-wird-chefdirigent-des-sapporo-symphony-orchestra","name":"Grandy becomes chief conductor of the Sapporo Symphony Orchestra - Schweizer Musikzeitung","isPartOf":{"@id":"https:\/\/www.musikzeitung.ch\/#website"},"primaryImageOfPage":{"@id":"https:\/\/www.musikzeitung.ch\/news\/2023\/10\/grandy-wird-chefdirigent-des-sapporo-symphony-orchestra#primaryimage"},"image":{"@id":"https:\/\/www.musikzeitung.ch\/news\/2023\/10\/grandy-wird-chefdirigent-des-sapporo-symphony-orchestra#primaryimage"},"thumbnailUrl":"https:\/\/www.musikzeitung.ch\/wp-content\/uploads\/2023\/10\/231003grandy.jpg","datePublished":"2023-10-03T09:00:07+00:00","dateModified":"2023-10-12T08:08:49+00:00","description":"The Sapporo Symphony Orchestra has appointed Elias Grandy, who studied in Basel among other places, as its new chief conductor from 2025.","breadcrumb":{"@id":"https:\/\/www.musikzeitung.ch\/news\/2023\/10\/grandy-wird-chefdirigent-des-sapporo-symphony-orchestra#breadcrumb"},"inLanguage":"en-US","potentialAction":[{"@type":"ReadAction","target":["https:\/\/www.musikzeitung.ch\/news\/2023\/10\/grandy-wird-chefdirigent-des-sapporo-symphony-orchestra"]}]},{"@type":"ImageObject","inLanguage":"en-US","@id":"https:\/\/www.musikzeitung.ch\/news\/2023\/10\/grandy-wird-chefdirigent-des-sapporo-symphony-orchestra#primaryimage","url":"https:\/\/www.musikzeitung.ch\/wp-content\/uploads\/2023\/10\/231003grandy.jpg","contentUrl":"https:\/\/www.musikzeitung.ch\/wp-content\/uploads\/2023\/10\/231003grandy.jpg","width":1154,"height":743,"caption":"Elias Grandy (Bild: Shervin Lainez)"},{"@type":"BreadcrumbList","@id":"https:\/\/www.musikzeitung.ch\/news\/2023\/10\/grandy-wird-chefdirigent-des-sapporo-symphony-orchestra#breadcrumb","itemListElement":[{"@type":"ListItem","position":1,"name":"Home","item":"https:\/\/www.musikzeitung.ch\/"},{"@type":"ListItem","position":2,"name":"Grandy wird Chefdirigent des Sapporo Symphony Orchestra"}]},{"@type":"WebSite","@id":"https:\/\/www.musikzeitung.ch\/#website","url":"https:\/\/www.musikzeitung.ch\/","name":"Swiss Music Newspaper","description":"The leading interdisciplinary monthly newspaper in Switzerland for musical issues.","publisher":{"@id":"https:\/\/www.musikzeitung.ch\/#organization"},"potentialAction":[{"@type":"SearchAction","target":{"@type":"EntryPoint","urlTemplate":"https:\/\/www.musikzeitung.ch\/?s={search_term_string}"},"query-input":{"@type":"PropertyValueSpecification","valueRequired":true,"valueName":"search_term_string"}}],"inLanguage":"en-US"},{"@type":"Organization","@id":"https:\/\/www.musikzeitung.ch\/#organization","name":"Swiss Music Newspaper","url":"https:\/\/www.musikzeitung.ch\/","logo":{"@type":"ImageObject","inLanguage":"en-US","@id":"https:\/\/www.musikzeitung.ch\/#\/schema\/logo\/image\/","url":"https:\/\/www.musikzeitung.ch\/wp-content\/uploads\/2023\/01\/SMZ_Schriftzug_Sprache.png","contentUrl":"https:\/\/www.musikzeitung.ch\/wp-content\/uploads\/2023\/01\/SMZ_Schriftzug_Sprache.png","width":1400,"height":279,"caption":"Schweizer Musikzeitung"},"image":{"@id":"https:\/\/www.musikzeitung.ch\/#\/schema\/logo\/image\/"},"sameAs":["https:\/\/www.facebook.com\/SchweizerMusikzeitung\/","https:\/\/x.com\/smusikzeitung","https:\/\/www.instagram.com\/musikzeitung.ch\/"]},{"@type":"Person","@id":"https:\/\/www.musikzeitung.ch\/#\/schema\/person\/0da4fb82d243f1252850a35d0e87cf0c","name":"Wolfgang B\u00f6hler","image":{"@type":"ImageObject","inLanguage":"en-US","@id":"https:\/\/www.musikzeitung.ch\/wp-content\/uploads\/2023\/01\/boehler_portraet_web-e1674139782246-96x96.jpg","url":"https:\/\/www.musikzeitung.ch\/wp-content\/uploads\/2023\/01\/boehler_portraet_web-e1674139782246-96x96.jpg","contentUrl":"https:\/\/www.musikzeitung.ch\/wp-content\/uploads\/2023\/01\/boehler_portraet_web-e1674139782246-96x96.jpg","caption":"Wolfgang B\u00f6hler"},"sameAs":["http:\/\/www.manacanto.ch","https:\/\/www.facebook.com\/wolfgang.bohler.75"],"url":"https:\/\/www.musikzeitung.ch\/en\/author\/wolfgang-boehler"}]}},"publishpress_future_workflow_manual_trigger":{"enabledWorkflows":[]},"_links":{"self":[{"href":"https:\/\/www.musikzeitung.ch\/en\/wp-json\/wp\/v2\/posts\/48015","targetHints":{"allow":["GET"]}}],"collection":[{"href":"https:\/\/www.musikzeitung.ch\/en\/wp-json\/wp\/v2\/posts"}],"about":[{"href":"https:\/\/www.musikzeitung.ch\/en\/wp-json\/wp\/v2\/types\/post"}],"author":[{"embeddable":true,"href":"https:\/\/www.musikzeitung.ch\/en\/wp-json\/wp\/v2\/users\/30"}],"replies":[{"embeddable":true,"href":"https:\/\/www.musikzeitung.ch\/en\/wp-json\/wp\/v2\/comments?post=48015"}],"version-history":[{"count":3,"href":"https:\/\/www.musikzeitung.ch\/en\/wp-json\/wp\/v2\/posts\/48015\/revisions"}],"predecessor-version":[{"id":48019,"href":"https:\/\/www.musikzeitung.ch\/en\/wp-json\/wp\/v2\/posts\/48015\/revisions\/48019"}],"wp:featuredmedia":[{"embeddable":true,"href":"https:\/\/www.musikzeitung.ch\/en\/wp-json\/wp\/v2\/media\/48016"}],"wp:attachment":[{"href":"https:\/\/www.musikzeitung.ch\/en\/wp-json\/wp\/v2\/media?parent=48015"}],"wp:term":[{"taxonomy":"category","embeddable":true,"href":"https:\/\/www.musikzeitung.ch\/en\/wp-json\/wp\/v2\/categories?post=48015"},{"taxonomy":"post_tag","embeddable":true,"href":"https:\/\/www.musikzeitung.ch\/en\/wp-json\/wp\/v2\/tags?post=48015"}],"curies":[{"name":"wp","href":"https:\/\/api.w.org\/{rel}","templated":true}]}}