{"id":48153,"date":"2023-10-11T08:39:09","date_gmt":"2023-10-11T06:39:09","guid":{"rendered":"https:\/\/www.musikzeitung.ch\/?p=48153"},"modified":"2023-10-11T16:32:59","modified_gmt":"2023-10-11T14:32:59","slug":"kanton-wallis-erinnert-an-francois-xavier-delacoste","status":"publish","type":"post","link":"https:\/\/www.musikzeitung.ch\/en\/news\/2023\/10\/kanton-wallis-erinnert-an-francois-xavier-delacoste","title":{"rendered":"Delacoste's holdings in the Valais Music Library"},"content":{"rendered":"<figure id=\"attachment_48154\" aria-describedby=\"caption-attachment-48154\" style=\"width: 555px\" class=\"wp-caption aligncenter\"><img loading=\"lazy\" decoding=\"async\" class=\"wp-image-48154\" src=\"https:\/\/www.musikzeitung.ch\/wp-content\/uploads\/2023\/10\/2310011wallis.jpg\" alt=\"\" width=\"555\" height=\"402\" srcset=\"https:\/\/www.musikzeitung.ch\/wp-content\/uploads\/2023\/10\/2310011wallis.jpg 1223w, https:\/\/www.musikzeitung.ch\/wp-content\/uploads\/2023\/10\/2310011wallis-300x218.jpg 300w, https:\/\/www.musikzeitung.ch\/wp-content\/uploads\/2023\/10\/2310011wallis-1024x743.jpg 1024w, https:\/\/www.musikzeitung.ch\/wp-content\/uploads\/2023\/10\/2310011wallis-768x557.jpg 768w, https:\/\/www.musikzeitung.ch\/wp-content\/uploads\/2023\/10\/2310011wallis-241x175.jpg 241w, https:\/\/www.musikzeitung.ch\/wp-content\/uploads\/2023\/10\/2310011wallis-483x350.jpg 483w, https:\/\/www.musikzeitung.ch\/wp-content\/uploads\/2023\/10\/2310011wallis-1103x800.jpg 1103w, https:\/\/www.musikzeitung.ch\/wp-content\/uploads\/2023\/10\/2310011wallis-920x667.jpg 920w\" sizes=\"auto, (max-width: 555px) 100vw, 555px\" \/><figcaption id=\"caption-attachment-48154\" class=\"wp-caption-text\">Fran\u00e7ois-Xavier Delacoste (Image: M\u00e9diath\u00e8que Valais, Jean-Philippe Dubuis)<\/figcaption><\/figure>\n<p>Born in Monthey in 1950, Fran\u00e7ois-Xavier Delacoste studied at the Lausanne Conservatory and later in Geneva. He specialized in orchestration, orchestral conducting and composition. He taught harmony, counterpoint and analysis at the Geneva Conservatory. From 1989 to 2005 he was director of the Neuch\u00e2tel Conservatory. He was also the artistic director of the international festival for choral music in Neuch\u00e2tel. From 2005 to 2015, he was director of the cantonal conservatory in Sion.<\/p>\n<p>With the support of the Valais delegation of Loterie Romande, the <a href=\"https:\/\/www.mediathek.ch\/\" target=\"_blank\" rel=\"noopener\">Media library Valais<\/a> the Valais Music Library since 2003. To date, it preserves over 17,000 recordings, 24,000 scores and 1,200 works and audiovisual media. Launched in 2018, the Fran\u00e7ois-Xavier Delacoste collection is the sixth to be deposited at the Valais Media Library, following Pierre Mari\u00e9tan in 2005, Jean-Luc Darbellay in 2009, Jean Daetwyler in 2013, Marie-Christine Raboud-Theurillat in 2016 and Oskar Lagger in 2018.<\/p>","protected":false},"excerpt":{"rendered":"<p>The Valais composer Fran\u00e7ois-Xavier Delacoste deposited his works at the Valais-Sion Media Library in 2018. To draw attention to this important collection, the Valais Media Library is publishing an illustrated publication.<\/p>","protected":false},"author":30,"featured_media":48154,"comment_status":"closed","ping_status":"closed","sticky":false,"template":"","format":"standard","meta":{"_acf_changed":false,"_relevanssi_hide_post":"","_relevanssi_hide_content":"","_relevanssi_pin_for_all":"","_relevanssi_pin_keywords":"","_relevanssi_unpin_keywords":"","_relevanssi_related_keywords":"","_relevanssi_related_include_ids":"","_relevanssi_related_exclude_ids":"","_relevanssi_related_no_append":"","_relevanssi_related_not_related":"","_relevanssi_related_posts":"","_relevanssi_noindex_reason":"","pgc_sgb_lightbox_settings":"","footnotes":""},"categories":[27],"tags":[3151,3152],"class_list":["post-48153","post","type-post","status-publish","format-standard","has-post-thumbnail","hentry","category-news","tag-francois-xavier-delacoste","tag-mediathek-wallis"],"acf":[],"yoast_head":"<!-- This site is optimized with the Yoast SEO plugin v27.4 - https:\/\/yoast.com\/product\/yoast-seo-wordpress\/ -->\n<title>Delacostes Best\u00e4nde in der Walliser Musikbibliothek - Schweizer Musikzeitung<\/title>\n<meta name=\"description\" content=\"Der Walliser Komponist Fran\u00e7ois-Xavier Delacoste hat 2018 seine Werke in der Mediathek Wallis-Sitten deponiert.\" \/>\n<meta name=\"robots\" content=\"index, follow, max-snippet:-1, max-image-preview:large, max-video-preview:-1\" \/>\n<link rel=\"canonical\" href=\"https:\/\/www.musikzeitung.ch\/en\/news\/2023\/10\/kanton-wallis-erinnert-an-francois-xavier-delacoste\/\" \/>\n<meta property=\"og:locale\" content=\"en_US\" \/>\n<meta property=\"og:type\" content=\"article\" \/>\n<meta property=\"og:title\" content=\"Delacostes Best\u00e4nde in der Walliser Musikbibliothek - Schweizer Musikzeitung\" \/>\n<meta property=\"og:description\" content=\"Der Walliser Komponist Fran\u00e7ois-Xavier Delacoste hat 2018 seine Werke in der Mediathek Wallis-Sitten deponiert.\" \/>\n<meta property=\"og:url\" content=\"https:\/\/www.musikzeitung.ch\/en\/news\/2023\/10\/kanton-wallis-erinnert-an-francois-xavier-delacoste\/\" \/>\n<meta property=\"og:site_name\" content=\"Schweizer Musikzeitung\" \/>\n<meta property=\"article:publisher\" content=\"https:\/\/www.facebook.com\/SchweizerMusikzeitung\/\" \/>\n<meta property=\"article:author\" content=\"https:\/\/www.facebook.com\/wolfgang.bohler.75\" \/>\n<meta property=\"article:published_time\" content=\"2023-10-11T06:39:09+00:00\" \/>\n<meta property=\"article:modified_time\" content=\"2023-10-11T14:32:59+00:00\" \/>\n<meta property=\"og:image\" content=\"https:\/\/www.musikzeitung.ch\/wp-content\/uploads\/2023\/10\/2310011wallis.jpg\" \/>\n\t<meta property=\"og:image:width\" content=\"1223\" \/>\n\t<meta property=\"og:image:height\" content=\"887\" \/>\n\t<meta property=\"og:image:type\" content=\"image\/jpeg\" \/>\n<meta name=\"author\" content=\"Wolfgang B\u00f6hler\" \/>\n<meta name=\"twitter:card\" content=\"summary_large_image\" \/>\n<meta name=\"twitter:creator\" content=\"@smusikzeitung\" \/>\n<meta name=\"twitter:site\" content=\"@smusikzeitung\" \/>\n<meta name=\"twitter:label1\" content=\"Written by\" \/>\n\t<meta name=\"twitter:data1\" content=\"Wolfgang B\u00f6hler\" \/>\n\t<meta name=\"twitter:label2\" content=\"Est. reading time\" \/>\n\t<meta name=\"twitter:data2\" content=\"1 minute\" \/>\n<script type=\"application\/ld+json\" class=\"yoast-schema-graph\">{\"@context\":\"https:\\\/\\\/schema.org\",\"@graph\":[{\"@type\":\"Article\",\"@id\":\"https:\\\/\\\/www.musikzeitung.ch\\\/news\\\/2023\\\/10\\\/kanton-wallis-erinnert-an-francois-xavier-delacoste#article\",\"isPartOf\":{\"@id\":\"https:\\\/\\\/www.musikzeitung.ch\\\/news\\\/2023\\\/10\\\/kanton-wallis-erinnert-an-francois-xavier-delacoste\"},\"author\":{\"name\":\"Wolfgang B\u00f6hler\",\"@id\":\"https:\\\/\\\/www.musikzeitung.ch\\\/#\\\/schema\\\/person\\\/0da4fb82d243f1252850a35d0e87cf0c\"},\"headline\":\"Delacostes Best\u00e4nde in der Walliser Musikbibliothek\",\"datePublished\":\"2023-10-11T06:39:09+00:00\",\"dateModified\":\"2023-10-11T14:32:59+00:00\",\"mainEntityOfPage\":{\"@id\":\"https:\\\/\\\/www.musikzeitung.ch\\\/news\\\/2023\\\/10\\\/kanton-wallis-erinnert-an-francois-xavier-delacoste\"},\"wordCount\":149,\"publisher\":{\"@id\":\"https:\\\/\\\/www.musikzeitung.ch\\\/#organization\"},\"image\":{\"@id\":\"https:\\\/\\\/www.musikzeitung.ch\\\/news\\\/2023\\\/10\\\/kanton-wallis-erinnert-an-francois-xavier-delacoste#primaryimage\"},\"thumbnailUrl\":\"https:\\\/\\\/www.musikzeitung.ch\\\/wp-content\\\/uploads\\\/2023\\\/10\\\/2310011wallis.jpg\",\"keywords\":[\"Fran\u00e7ois-Xavier Delacoste\",\"Mediathek Wallis\"],\"articleSection\":[\"News\"],\"inLanguage\":\"en-US\"},{\"@type\":\"WebPage\",\"@id\":\"https:\\\/\\\/www.musikzeitung.ch\\\/news\\\/2023\\\/10\\\/kanton-wallis-erinnert-an-francois-xavier-delacoste\",\"url\":\"https:\\\/\\\/www.musikzeitung.ch\\\/news\\\/2023\\\/10\\\/kanton-wallis-erinnert-an-francois-xavier-delacoste\",\"name\":\"Delacostes Best\u00e4nde in der Walliser Musikbibliothek - Schweizer Musikzeitung\",\"isPartOf\":{\"@id\":\"https:\\\/\\\/www.musikzeitung.ch\\\/#website\"},\"primaryImageOfPage\":{\"@id\":\"https:\\\/\\\/www.musikzeitung.ch\\\/news\\\/2023\\\/10\\\/kanton-wallis-erinnert-an-francois-xavier-delacoste#primaryimage\"},\"image\":{\"@id\":\"https:\\\/\\\/www.musikzeitung.ch\\\/news\\\/2023\\\/10\\\/kanton-wallis-erinnert-an-francois-xavier-delacoste#primaryimage\"},\"thumbnailUrl\":\"https:\\\/\\\/www.musikzeitung.ch\\\/wp-content\\\/uploads\\\/2023\\\/10\\\/2310011wallis.jpg\",\"datePublished\":\"2023-10-11T06:39:09+00:00\",\"dateModified\":\"2023-10-11T14:32:59+00:00\",\"description\":\"Der Walliser Komponist Fran\u00e7ois-Xavier Delacoste hat 2018 seine Werke in der Mediathek Wallis-Sitten deponiert.\",\"breadcrumb\":{\"@id\":\"https:\\\/\\\/www.musikzeitung.ch\\\/news\\\/2023\\\/10\\\/kanton-wallis-erinnert-an-francois-xavier-delacoste#breadcrumb\"},\"inLanguage\":\"en-US\",\"potentialAction\":[{\"@type\":\"ReadAction\",\"target\":[\"https:\\\/\\\/www.musikzeitung.ch\\\/news\\\/2023\\\/10\\\/kanton-wallis-erinnert-an-francois-xavier-delacoste\"]}]},{\"@type\":\"ImageObject\",\"inLanguage\":\"en-US\",\"@id\":\"https:\\\/\\\/www.musikzeitung.ch\\\/news\\\/2023\\\/10\\\/kanton-wallis-erinnert-an-francois-xavier-delacoste#primaryimage\",\"url\":\"https:\\\/\\\/www.musikzeitung.ch\\\/wp-content\\\/uploads\\\/2023\\\/10\\\/2310011wallis.jpg\",\"contentUrl\":\"https:\\\/\\\/www.musikzeitung.ch\\\/wp-content\\\/uploads\\\/2023\\\/10\\\/2310011wallis.jpg\",\"width\":1223,\"height\":887,\"caption\":\"Fran\u00e7ois-Xavier Delacoste (Bild: M\u00e9diath\u00e8que Valais, Jean-Philippe Dubuis)\"},{\"@type\":\"BreadcrumbList\",\"@id\":\"https:\\\/\\\/www.musikzeitung.ch\\\/news\\\/2023\\\/10\\\/kanton-wallis-erinnert-an-francois-xavier-delacoste#breadcrumb\",\"itemListElement\":[{\"@type\":\"ListItem\",\"position\":1,\"name\":\"Home\",\"item\":\"https:\\\/\\\/www.musikzeitung.ch\\\/\"},{\"@type\":\"ListItem\",\"position\":2,\"name\":\"Delacostes Best\u00e4nde in der Walliser Musikbibliothek\"}]},{\"@type\":\"WebSite\",\"@id\":\"https:\\\/\\\/www.musikzeitung.ch\\\/#website\",\"url\":\"https:\\\/\\\/www.musikzeitung.ch\\\/\",\"name\":\"Schweizer Musikzeitung\",\"description\":\"Die f\u00fchrende sparten\u00fcbergreifende Monatszeitung in der Schweiz f\u00fcr musikalische Fragen.\",\"publisher\":{\"@id\":\"https:\\\/\\\/www.musikzeitung.ch\\\/#organization\"},\"potentialAction\":[{\"@type\":\"SearchAction\",\"target\":{\"@type\":\"EntryPoint\",\"urlTemplate\":\"https:\\\/\\\/www.musikzeitung.ch\\\/?s={search_term_string}\"},\"query-input\":{\"@type\":\"PropertyValueSpecification\",\"valueRequired\":true,\"valueName\":\"search_term_string\"}}],\"inLanguage\":\"en-US\"},{\"@type\":\"Organization\",\"@id\":\"https:\\\/\\\/www.musikzeitung.ch\\\/#organization\",\"name\":\"Schweizer Musikzeitung\",\"url\":\"https:\\\/\\\/www.musikzeitung.ch\\\/\",\"logo\":{\"@type\":\"ImageObject\",\"inLanguage\":\"en-US\",\"@id\":\"https:\\\/\\\/www.musikzeitung.ch\\\/#\\\/schema\\\/logo\\\/image\\\/\",\"url\":\"https:\\\/\\\/www.musikzeitung.ch\\\/wp-content\\\/uploads\\\/2023\\\/01\\\/SMZ_Schriftzug_Sprache.png\",\"contentUrl\":\"https:\\\/\\\/www.musikzeitung.ch\\\/wp-content\\\/uploads\\\/2023\\\/01\\\/SMZ_Schriftzug_Sprache.png\",\"width\":1400,\"height\":279,\"caption\":\"Schweizer Musikzeitung\"},\"image\":{\"@id\":\"https:\\\/\\\/www.musikzeitung.ch\\\/#\\\/schema\\\/logo\\\/image\\\/\"},\"sameAs\":[\"https:\\\/\\\/www.facebook.com\\\/SchweizerMusikzeitung\\\/\",\"https:\\\/\\\/x.com\\\/smusikzeitung\",\"https:\\\/\\\/www.instagram.com\\\/musikzeitung.ch\\\/\"]},{\"@type\":\"Person\",\"@id\":\"https:\\\/\\\/www.musikzeitung.ch\\\/#\\\/schema\\\/person\\\/0da4fb82d243f1252850a35d0e87cf0c\",\"name\":\"Wolfgang B\u00f6hler\",\"image\":{\"@type\":\"ImageObject\",\"inLanguage\":\"en-US\",\"@id\":\"https:\\\/\\\/www.musikzeitung.ch\\\/wp-content\\\/uploads\\\/2023\\\/01\\\/boehler_portraet_web-e1674139782246-96x96.jpg\",\"url\":\"https:\\\/\\\/www.musikzeitung.ch\\\/wp-content\\\/uploads\\\/2023\\\/01\\\/boehler_portraet_web-e1674139782246-96x96.jpg\",\"contentUrl\":\"https:\\\/\\\/www.musikzeitung.ch\\\/wp-content\\\/uploads\\\/2023\\\/01\\\/boehler_portraet_web-e1674139782246-96x96.jpg\",\"caption\":\"Wolfgang B\u00f6hler\"},\"sameAs\":[\"http:\\\/\\\/www.manacanto.ch\",\"https:\\\/\\\/www.facebook.com\\\/wolfgang.bohler.75\"],\"url\":\"https:\\\/\\\/www.musikzeitung.ch\\\/en\\\/author\\\/wolfgang-boehler\"}]}<\/script>\n<!-- \/ Yoast SEO plugin. -->","yoast_head_json":{"title":"Delacostes Best\u00e4nde in der Walliser Musikbibliothek - Schweizer Musikzeitung","description":"Der Walliser Komponist Fran\u00e7ois-Xavier Delacoste hat 2018 seine Werke in der Mediathek Wallis-Sitten deponiert.","robots":{"index":"index","follow":"follow","max-snippet":"max-snippet:-1","max-image-preview":"max-image-preview:large","max-video-preview":"max-video-preview:-1"},"canonical":"https:\/\/www.musikzeitung.ch\/en\/news\/2023\/10\/kanton-wallis-erinnert-an-francois-xavier-delacoste\/","og_locale":"en_US","og_type":"article","og_title":"Delacostes Best\u00e4nde in der Walliser Musikbibliothek - Schweizer Musikzeitung","og_description":"Der Walliser Komponist Fran\u00e7ois-Xavier Delacoste hat 2018 seine Werke in der Mediathek Wallis-Sitten deponiert.","og_url":"https:\/\/www.musikzeitung.ch\/en\/news\/2023\/10\/kanton-wallis-erinnert-an-francois-xavier-delacoste\/","og_site_name":"Schweizer Musikzeitung","article_publisher":"https:\/\/www.facebook.com\/SchweizerMusikzeitung\/","article_author":"https:\/\/www.facebook.com\/wolfgang.bohler.75","article_published_time":"2023-10-11T06:39:09+00:00","article_modified_time":"2023-10-11T14:32:59+00:00","og_image":[{"width":1223,"height":887,"url":"https:\/\/www.musikzeitung.ch\/wp-content\/uploads\/2023\/10\/2310011wallis.jpg","type":"image\/jpeg"}],"author":"Wolfgang B\u00f6hler","twitter_card":"summary_large_image","twitter_creator":"@smusikzeitung","twitter_site":"@smusikzeitung","twitter_misc":{"Written by":"Wolfgang B\u00f6hler","Est. reading time":"1 minute"},"schema":{"@context":"https:\/\/schema.org","@graph":[{"@type":"Article","@id":"https:\/\/www.musikzeitung.ch\/news\/2023\/10\/kanton-wallis-erinnert-an-francois-xavier-delacoste#article","isPartOf":{"@id":"https:\/\/www.musikzeitung.ch\/news\/2023\/10\/kanton-wallis-erinnert-an-francois-xavier-delacoste"},"author":{"name":"Wolfgang B\u00f6hler","@id":"https:\/\/www.musikzeitung.ch\/#\/schema\/person\/0da4fb82d243f1252850a35d0e87cf0c"},"headline":"Delacostes Best\u00e4nde in der Walliser Musikbibliothek","datePublished":"2023-10-11T06:39:09+00:00","dateModified":"2023-10-11T14:32:59+00:00","mainEntityOfPage":{"@id":"https:\/\/www.musikzeitung.ch\/news\/2023\/10\/kanton-wallis-erinnert-an-francois-xavier-delacoste"},"wordCount":149,"publisher":{"@id":"https:\/\/www.musikzeitung.ch\/#organization"},"image":{"@id":"https:\/\/www.musikzeitung.ch\/news\/2023\/10\/kanton-wallis-erinnert-an-francois-xavier-delacoste#primaryimage"},"thumbnailUrl":"https:\/\/www.musikzeitung.ch\/wp-content\/uploads\/2023\/10\/2310011wallis.jpg","keywords":["Fran\u00e7ois-Xavier Delacoste","Mediathek Wallis"],"articleSection":["News"],"inLanguage":"en-US"},{"@type":"WebPage","@id":"https:\/\/www.musikzeitung.ch\/news\/2023\/10\/kanton-wallis-erinnert-an-francois-xavier-delacoste","url":"https:\/\/www.musikzeitung.ch\/news\/2023\/10\/kanton-wallis-erinnert-an-francois-xavier-delacoste","name":"Delacostes Best\u00e4nde in der Walliser Musikbibliothek - Schweizer Musikzeitung","isPartOf":{"@id":"https:\/\/www.musikzeitung.ch\/#website"},"primaryImageOfPage":{"@id":"https:\/\/www.musikzeitung.ch\/news\/2023\/10\/kanton-wallis-erinnert-an-francois-xavier-delacoste#primaryimage"},"image":{"@id":"https:\/\/www.musikzeitung.ch\/news\/2023\/10\/kanton-wallis-erinnert-an-francois-xavier-delacoste#primaryimage"},"thumbnailUrl":"https:\/\/www.musikzeitung.ch\/wp-content\/uploads\/2023\/10\/2310011wallis.jpg","datePublished":"2023-10-11T06:39:09+00:00","dateModified":"2023-10-11T14:32:59+00:00","description":"Der Walliser Komponist Fran\u00e7ois-Xavier Delacoste hat 2018 seine Werke in der Mediathek Wallis-Sitten deponiert.","breadcrumb":{"@id":"https:\/\/www.musikzeitung.ch\/news\/2023\/10\/kanton-wallis-erinnert-an-francois-xavier-delacoste#breadcrumb"},"inLanguage":"en-US","potentialAction":[{"@type":"ReadAction","target":["https:\/\/www.musikzeitung.ch\/news\/2023\/10\/kanton-wallis-erinnert-an-francois-xavier-delacoste"]}]},{"@type":"ImageObject","inLanguage":"en-US","@id":"https:\/\/www.musikzeitung.ch\/news\/2023\/10\/kanton-wallis-erinnert-an-francois-xavier-delacoste#primaryimage","url":"https:\/\/www.musikzeitung.ch\/wp-content\/uploads\/2023\/10\/2310011wallis.jpg","contentUrl":"https:\/\/www.musikzeitung.ch\/wp-content\/uploads\/2023\/10\/2310011wallis.jpg","width":1223,"height":887,"caption":"Fran\u00e7ois-Xavier Delacoste (Bild: M\u00e9diath\u00e8que Valais, Jean-Philippe Dubuis)"},{"@type":"BreadcrumbList","@id":"https:\/\/www.musikzeitung.ch\/news\/2023\/10\/kanton-wallis-erinnert-an-francois-xavier-delacoste#breadcrumb","itemListElement":[{"@type":"ListItem","position":1,"name":"Home","item":"https:\/\/www.musikzeitung.ch\/"},{"@type":"ListItem","position":2,"name":"Delacostes Best\u00e4nde in der Walliser Musikbibliothek"}]},{"@type":"WebSite","@id":"https:\/\/www.musikzeitung.ch\/#website","url":"https:\/\/www.musikzeitung.ch\/","name":"Swiss Music Newspaper","description":"The leading interdisciplinary monthly newspaper in Switzerland for musical issues.","publisher":{"@id":"https:\/\/www.musikzeitung.ch\/#organization"},"potentialAction":[{"@type":"SearchAction","target":{"@type":"EntryPoint","urlTemplate":"https:\/\/www.musikzeitung.ch\/?s={search_term_string}"},"query-input":{"@type":"PropertyValueSpecification","valueRequired":true,"valueName":"search_term_string"}}],"inLanguage":"en-US"},{"@type":"Organization","@id":"https:\/\/www.musikzeitung.ch\/#organization","name":"Swiss Music Newspaper","url":"https:\/\/www.musikzeitung.ch\/","logo":{"@type":"ImageObject","inLanguage":"en-US","@id":"https:\/\/www.musikzeitung.ch\/#\/schema\/logo\/image\/","url":"https:\/\/www.musikzeitung.ch\/wp-content\/uploads\/2023\/01\/SMZ_Schriftzug_Sprache.png","contentUrl":"https:\/\/www.musikzeitung.ch\/wp-content\/uploads\/2023\/01\/SMZ_Schriftzug_Sprache.png","width":1400,"height":279,"caption":"Schweizer Musikzeitung"},"image":{"@id":"https:\/\/www.musikzeitung.ch\/#\/schema\/logo\/image\/"},"sameAs":["https:\/\/www.facebook.com\/SchweizerMusikzeitung\/","https:\/\/x.com\/smusikzeitung","https:\/\/www.instagram.com\/musikzeitung.ch\/"]},{"@type":"Person","@id":"https:\/\/www.musikzeitung.ch\/#\/schema\/person\/0da4fb82d243f1252850a35d0e87cf0c","name":"Wolfgang B\u00f6hler","image":{"@type":"ImageObject","inLanguage":"en-US","@id":"https:\/\/www.musikzeitung.ch\/wp-content\/uploads\/2023\/01\/boehler_portraet_web-e1674139782246-96x96.jpg","url":"https:\/\/www.musikzeitung.ch\/wp-content\/uploads\/2023\/01\/boehler_portraet_web-e1674139782246-96x96.jpg","contentUrl":"https:\/\/www.musikzeitung.ch\/wp-content\/uploads\/2023\/01\/boehler_portraet_web-e1674139782246-96x96.jpg","caption":"Wolfgang B\u00f6hler"},"sameAs":["http:\/\/www.manacanto.ch","https:\/\/www.facebook.com\/wolfgang.bohler.75"],"url":"https:\/\/www.musikzeitung.ch\/en\/author\/wolfgang-boehler"}]}},"publishpress_future_workflow_manual_trigger":{"enabledWorkflows":[]},"_links":{"self":[{"href":"https:\/\/www.musikzeitung.ch\/en\/wp-json\/wp\/v2\/posts\/48153","targetHints":{"allow":["GET"]}}],"collection":[{"href":"https:\/\/www.musikzeitung.ch\/en\/wp-json\/wp\/v2\/posts"}],"about":[{"href":"https:\/\/www.musikzeitung.ch\/en\/wp-json\/wp\/v2\/types\/post"}],"author":[{"embeddable":true,"href":"https:\/\/www.musikzeitung.ch\/en\/wp-json\/wp\/v2\/users\/30"}],"replies":[{"embeddable":true,"href":"https:\/\/www.musikzeitung.ch\/en\/wp-json\/wp\/v2\/comments?post=48153"}],"version-history":[{"count":3,"href":"https:\/\/www.musikzeitung.ch\/en\/wp-json\/wp\/v2\/posts\/48153\/revisions"}],"predecessor-version":[{"id":48191,"href":"https:\/\/www.musikzeitung.ch\/en\/wp-json\/wp\/v2\/posts\/48153\/revisions\/48191"}],"wp:featuredmedia":[{"embeddable":true,"href":"https:\/\/www.musikzeitung.ch\/en\/wp-json\/wp\/v2\/media\/48154"}],"wp:attachment":[{"href":"https:\/\/www.musikzeitung.ch\/en\/wp-json\/wp\/v2\/media?parent=48153"}],"wp:term":[{"taxonomy":"category","embeddable":true,"href":"https:\/\/www.musikzeitung.ch\/en\/wp-json\/wp\/v2\/categories?post=48153"},{"taxonomy":"post_tag","embeddable":true,"href":"https:\/\/www.musikzeitung.ch\/en\/wp-json\/wp\/v2\/tags?post=48153"}],"curies":[{"name":"wp","href":"https:\/\/api.w.org\/{rel}","templated":true}]}}