{"id":48263,"date":"2023-10-16T08:00:40","date_gmt":"2023-10-16T06:00:40","guid":{"rendered":"https:\/\/www.musikzeitung.ch\/?p=48263"},"modified":"2023-10-16T15:45:34","modified_gmt":"2023-10-16T13:45:34","slug":"peter-lukas-graf-spielt-mozart","status":"publish","type":"post","link":"https:\/\/www.musikzeitung.ch\/en\/service\/2023\/10\/peter-lukas-graf-spielt-mozart","title":{"rendered":"Peter-Lukas Graf plays Mozart"},"content":{"rendered":"<figure id=\"attachment_48264\" aria-describedby=\"caption-attachment-48264\" style=\"width: 320px\" class=\"wp-caption alignleft\"><img loading=\"lazy\" decoding=\"async\" class=\"wp-image-48264 size-full\" src=\"https:\/\/www.musikzeitung.ch\/wp-content\/uploads\/2023\/10\/PeterLukasGraf.jpg\" alt=\"\" width=\"320\" height=\"214\" srcset=\"https:\/\/www.musikzeitung.ch\/wp-content\/uploads\/2023\/10\/PeterLukasGraf.jpg 320w, https:\/\/www.musikzeitung.ch\/wp-content\/uploads\/2023\/10\/PeterLukasGraf-300x201.jpg 300w, https:\/\/www.musikzeitung.ch\/wp-content\/uploads\/2023\/10\/PeterLukasGraf-262x175.jpg 262w\" sizes=\"auto, (max-width: 320px) 100vw, 320px\" \/><figcaption id=\"caption-attachment-48264\" class=\"wp-caption-text\">Peter-Lukas Graf. Photo: zVg<\/figcaption><\/figure>\n<p>The program includes the Brahms Violin Concerto and the Mozart Requiem. In between, Peter-Lukas Graf, the doyen of the flute guild, will perform Mozart's Andante in C major, KV 315. The concerts with ticket sales will take place from October 27 to 29 in Zurich, Lucerne and Bern. The dress rehearsal on October 26 in Basel's St. Martin's Church is open to the public. The soloist in the violin concerto will be Elea Nick on the first two evenings, while Alexandre Dubach will perform in Lucerne and Bern.<\/p>\n<p>Further information: \u00a0<a href=\"https:\/\/www.philharmonicacademy.ch\" target=\"_blank\" rel=\"noopener\">https:\/\/www.philharmonicacademy.ch<\/a><\/p>\n<p>Interview on SRF on Peter-Lukas Graf's 90th birthday<\/p>\n<p><a href=\"https:\/\/www.srf.ch\/news\/90-geburtstag-peter-lukas-graf-ein-leben-mit-der-floete\" target=\"_blank\" rel=\"noopener\">https:\/\/www.srf.ch\/news\/90-geburtstag-peter-lukas-graf-ein-leben-mit-der-floete<\/a><\/p>","protected":false},"excerpt":{"rendered":"<p>Peter-Lukas Graf will perform live at the end of October as part of the Swiss Philharmonic Academy's 4th promotional and memorial concert \"Switzerland sings\" under the direction of Martin Studer.<\/p>","protected":false},"author":23,"featured_media":48264,"comment_status":"closed","ping_status":"closed","sticky":false,"template":"","format":"standard","meta":{"_acf_changed":false,"_relevanssi_hide_post":"","_relevanssi_hide_content":"","_relevanssi_pin_for_all":"","_relevanssi_pin_keywords":"","_relevanssi_unpin_keywords":"","_relevanssi_related_keywords":"","_relevanssi_related_include_ids":"","_relevanssi_related_exclude_ids":"","_relevanssi_related_no_append":"","_relevanssi_related_not_related":"","_relevanssi_related_posts":"","_relevanssi_noindex_reason":"","pgc_sgb_lightbox_settings":"","footnotes":""},"categories":[30],"tags":[3162,3161,3163],"class_list":["post-48263","post","type-post","status-publish","format-standard","has-post-thumbnail","hentry","category-service","tag-martin-studer","tag-peter-lukas-graf","tag-swiss-philharmonic-academy"],"acf":[],"yoast_head":"<!-- This site is optimized with the Yoast SEO plugin v27.4 - https:\/\/yoast.com\/product\/yoast-seo-wordpress\/ -->\n<title>Peter-Lukas Graf spielt Mozart - Schweizer Musikzeitung<\/title>\n<meta name=\"description\" content=\"Im Rahmen des 4. F\u00f6rder- und Gedenkkonzertes der Swiss Philharmonic Academy unter der Leitung von Martin Studer wird Peter-Lukas Graf live auftreten.\" \/>\n<meta name=\"robots\" content=\"index, follow, max-snippet:-1, max-image-preview:large, max-video-preview:-1\" \/>\n<link rel=\"canonical\" href=\"https:\/\/www.musikzeitung.ch\/en\/service\/2023\/10\/peter-lukas-graf-spielt-mozart\/\" \/>\n<meta property=\"og:locale\" content=\"en_US\" \/>\n<meta property=\"og:type\" content=\"article\" \/>\n<meta property=\"og:title\" content=\"Peter-Lukas Graf spielt Mozart - Schweizer Musikzeitung\" \/>\n<meta property=\"og:description\" content=\"Im Rahmen des 4. F\u00f6rder- und Gedenkkonzertes der Swiss Philharmonic Academy unter der Leitung von Martin Studer wird Peter-Lukas Graf live auftreten.\" \/>\n<meta property=\"og:url\" content=\"https:\/\/www.musikzeitung.ch\/en\/service\/2023\/10\/peter-lukas-graf-spielt-mozart\/\" \/>\n<meta property=\"og:site_name\" content=\"Schweizer Musikzeitung\" \/>\n<meta property=\"article:publisher\" content=\"https:\/\/www.facebook.com\/SchweizerMusikzeitung\/\" \/>\n<meta property=\"article:published_time\" content=\"2023-10-16T06:00:40+00:00\" \/>\n<meta property=\"article:modified_time\" content=\"2023-10-16T13:45:34+00:00\" \/>\n<meta property=\"og:image\" content=\"https:\/\/www.musikzeitung.ch\/wp-content\/uploads\/2023\/10\/PeterLukasGraf.jpg\" \/>\n\t<meta property=\"og:image:width\" content=\"320\" \/>\n\t<meta property=\"og:image:height\" content=\"214\" \/>\n\t<meta property=\"og:image:type\" content=\"image\/jpeg\" \/>\n<meta name=\"author\" content=\"Katrin Spelinova\" \/>\n<meta name=\"twitter:card\" content=\"summary_large_image\" \/>\n<meta name=\"twitter:creator\" content=\"@testredaktor\" \/>\n<meta name=\"twitter:site\" content=\"@smusikzeitung\" \/>\n<meta name=\"twitter:label1\" content=\"Written by\" \/>\n\t<meta name=\"twitter:data1\" content=\"Katrin Spelinova\" \/>\n\t<meta name=\"twitter:label2\" content=\"Est. reading time\" \/>\n\t<meta name=\"twitter:data2\" content=\"1 minute\" \/>\n<script type=\"application\/ld+json\" class=\"yoast-schema-graph\">{\"@context\":\"https:\\\/\\\/schema.org\",\"@graph\":[{\"@type\":\"Article\",\"@id\":\"https:\\\/\\\/www.musikzeitung.ch\\\/service\\\/2023\\\/10\\\/peter-lukas-graf-spielt-mozart#article\",\"isPartOf\":{\"@id\":\"https:\\\/\\\/www.musikzeitung.ch\\\/service\\\/2023\\\/10\\\/peter-lukas-graf-spielt-mozart\"},\"author\":{\"name\":\"Katrin Spelinova\",\"@id\":\"https:\\\/\\\/www.musikzeitung.ch\\\/#\\\/schema\\\/person\\\/dce7e5b820812d9af4db2f787d1bec92\"},\"headline\":\"Peter-Lukas Graf spielt Mozart\",\"datePublished\":\"2023-10-16T06:00:40+00:00\",\"dateModified\":\"2023-10-16T13:45:34+00:00\",\"mainEntityOfPage\":{\"@id\":\"https:\\\/\\\/www.musikzeitung.ch\\\/service\\\/2023\\\/10\\\/peter-lukas-graf-spielt-mozart\"},\"wordCount\":104,\"publisher\":{\"@id\":\"https:\\\/\\\/www.musikzeitung.ch\\\/#organization\"},\"image\":{\"@id\":\"https:\\\/\\\/www.musikzeitung.ch\\\/service\\\/2023\\\/10\\\/peter-lukas-graf-spielt-mozart#primaryimage\"},\"thumbnailUrl\":\"https:\\\/\\\/www.musikzeitung.ch\\\/wp-content\\\/uploads\\\/2023\\\/10\\\/PeterLukasGraf.jpg\",\"keywords\":[\"Martin Studer\",\"Peter-Lukas Graf\",\"Swiss Philharmonic Academy\"],\"articleSection\":[\"Service\"],\"inLanguage\":\"en-US\"},{\"@type\":\"WebPage\",\"@id\":\"https:\\\/\\\/www.musikzeitung.ch\\\/service\\\/2023\\\/10\\\/peter-lukas-graf-spielt-mozart\",\"url\":\"https:\\\/\\\/www.musikzeitung.ch\\\/service\\\/2023\\\/10\\\/peter-lukas-graf-spielt-mozart\",\"name\":\"Peter-Lukas Graf spielt Mozart - Schweizer Musikzeitung\",\"isPartOf\":{\"@id\":\"https:\\\/\\\/www.musikzeitung.ch\\\/#website\"},\"primaryImageOfPage\":{\"@id\":\"https:\\\/\\\/www.musikzeitung.ch\\\/service\\\/2023\\\/10\\\/peter-lukas-graf-spielt-mozart#primaryimage\"},\"image\":{\"@id\":\"https:\\\/\\\/www.musikzeitung.ch\\\/service\\\/2023\\\/10\\\/peter-lukas-graf-spielt-mozart#primaryimage\"},\"thumbnailUrl\":\"https:\\\/\\\/www.musikzeitung.ch\\\/wp-content\\\/uploads\\\/2023\\\/10\\\/PeterLukasGraf.jpg\",\"datePublished\":\"2023-10-16T06:00:40+00:00\",\"dateModified\":\"2023-10-16T13:45:34+00:00\",\"description\":\"Im Rahmen des 4. F\u00f6rder- und Gedenkkonzertes der Swiss Philharmonic Academy unter der Leitung von Martin Studer wird Peter-Lukas Graf live auftreten.\",\"breadcrumb\":{\"@id\":\"https:\\\/\\\/www.musikzeitung.ch\\\/service\\\/2023\\\/10\\\/peter-lukas-graf-spielt-mozart#breadcrumb\"},\"inLanguage\":\"en-US\",\"potentialAction\":[{\"@type\":\"ReadAction\",\"target\":[\"https:\\\/\\\/www.musikzeitung.ch\\\/service\\\/2023\\\/10\\\/peter-lukas-graf-spielt-mozart\"]}]},{\"@type\":\"ImageObject\",\"inLanguage\":\"en-US\",\"@id\":\"https:\\\/\\\/www.musikzeitung.ch\\\/service\\\/2023\\\/10\\\/peter-lukas-graf-spielt-mozart#primaryimage\",\"url\":\"https:\\\/\\\/www.musikzeitung.ch\\\/wp-content\\\/uploads\\\/2023\\\/10\\\/PeterLukasGraf.jpg\",\"contentUrl\":\"https:\\\/\\\/www.musikzeitung.ch\\\/wp-content\\\/uploads\\\/2023\\\/10\\\/PeterLukasGraf.jpg\",\"width\":320,\"height\":214},{\"@type\":\"BreadcrumbList\",\"@id\":\"https:\\\/\\\/www.musikzeitung.ch\\\/service\\\/2023\\\/10\\\/peter-lukas-graf-spielt-mozart#breadcrumb\",\"itemListElement\":[{\"@type\":\"ListItem\",\"position\":1,\"name\":\"Home\",\"item\":\"https:\\\/\\\/www.musikzeitung.ch\\\/\"},{\"@type\":\"ListItem\",\"position\":2,\"name\":\"Peter-Lukas Graf spielt Mozart\"}]},{\"@type\":\"WebSite\",\"@id\":\"https:\\\/\\\/www.musikzeitung.ch\\\/#website\",\"url\":\"https:\\\/\\\/www.musikzeitung.ch\\\/\",\"name\":\"Schweizer Musikzeitung\",\"description\":\"Die f\u00fchrende sparten\u00fcbergreifende Monatszeitung in der Schweiz f\u00fcr musikalische Fragen.\",\"publisher\":{\"@id\":\"https:\\\/\\\/www.musikzeitung.ch\\\/#organization\"},\"potentialAction\":[{\"@type\":\"SearchAction\",\"target\":{\"@type\":\"EntryPoint\",\"urlTemplate\":\"https:\\\/\\\/www.musikzeitung.ch\\\/?s={search_term_string}\"},\"query-input\":{\"@type\":\"PropertyValueSpecification\",\"valueRequired\":true,\"valueName\":\"search_term_string\"}}],\"inLanguage\":\"en-US\"},{\"@type\":\"Organization\",\"@id\":\"https:\\\/\\\/www.musikzeitung.ch\\\/#organization\",\"name\":\"Schweizer Musikzeitung\",\"url\":\"https:\\\/\\\/www.musikzeitung.ch\\\/\",\"logo\":{\"@type\":\"ImageObject\",\"inLanguage\":\"en-US\",\"@id\":\"https:\\\/\\\/www.musikzeitung.ch\\\/#\\\/schema\\\/logo\\\/image\\\/\",\"url\":\"https:\\\/\\\/www.musikzeitung.ch\\\/wp-content\\\/uploads\\\/2023\\\/01\\\/SMZ_Schriftzug_Sprache.png\",\"contentUrl\":\"https:\\\/\\\/www.musikzeitung.ch\\\/wp-content\\\/uploads\\\/2023\\\/01\\\/SMZ_Schriftzug_Sprache.png\",\"width\":1400,\"height\":279,\"caption\":\"Schweizer Musikzeitung\"},\"image\":{\"@id\":\"https:\\\/\\\/www.musikzeitung.ch\\\/#\\\/schema\\\/logo\\\/image\\\/\"},\"sameAs\":[\"https:\\\/\\\/www.facebook.com\\\/SchweizerMusikzeitung\\\/\",\"https:\\\/\\\/x.com\\\/smusikzeitung\",\"https:\\\/\\\/www.instagram.com\\\/musikzeitung.ch\\\/\"]},{\"@type\":\"Person\",\"@id\":\"https:\\\/\\\/www.musikzeitung.ch\\\/#\\\/schema\\\/person\\\/dce7e5b820812d9af4db2f787d1bec92\",\"name\":\"Katrin Spelinova\",\"image\":{\"@type\":\"ImageObject\",\"inLanguage\":\"en-US\",\"@id\":\"https:\\\/\\\/secure.gravatar.com\\\/avatar\\\/2a2c2956e074ebca9bf65620496cd2e317d90b8c76450e9dd04d7cebf95eeada?s=96&d=mm&r=g\",\"url\":\"https:\\\/\\\/secure.gravatar.com\\\/avatar\\\/2a2c2956e074ebca9bf65620496cd2e317d90b8c76450e9dd04d7cebf95eeada?s=96&d=mm&r=g\",\"contentUrl\":\"https:\\\/\\\/secure.gravatar.com\\\/avatar\\\/2a2c2956e074ebca9bf65620496cd2e317d90b8c76450e9dd04d7cebf95eeada?s=96&d=mm&r=g\",\"caption\":\"Katrin Spelinova\"},\"sameAs\":[\"https:\\\/\\\/x.com\\\/testredaktor\"],\"url\":\"https:\\\/\\\/www.musikzeitung.ch\\\/en\\\/author\\\/spelkat\"}]}<\/script>\n<!-- \/ Yoast SEO plugin. -->","yoast_head_json":{"title":"Peter-Lukas Graf plays Mozart - Schweizer Musikzeitung","description":"Peter-Lukas Graf will perform live as part of the 4th sponsorship and memorial concert of the Swiss Philharmonic Academy under the direction of Martin Studer.","robots":{"index":"index","follow":"follow","max-snippet":"max-snippet:-1","max-image-preview":"max-image-preview:large","max-video-preview":"max-video-preview:-1"},"canonical":"https:\/\/www.musikzeitung.ch\/en\/service\/2023\/10\/peter-lukas-graf-spielt-mozart\/","og_locale":"en_US","og_type":"article","og_title":"Peter-Lukas Graf spielt Mozart - Schweizer Musikzeitung","og_description":"Im Rahmen des 4. F\u00f6rder- und Gedenkkonzertes der Swiss Philharmonic Academy unter der Leitung von Martin Studer wird Peter-Lukas Graf live auftreten.","og_url":"https:\/\/www.musikzeitung.ch\/en\/service\/2023\/10\/peter-lukas-graf-spielt-mozart\/","og_site_name":"Schweizer Musikzeitung","article_publisher":"https:\/\/www.facebook.com\/SchweizerMusikzeitung\/","article_published_time":"2023-10-16T06:00:40+00:00","article_modified_time":"2023-10-16T13:45:34+00:00","og_image":[{"width":320,"height":214,"url":"https:\/\/www.musikzeitung.ch\/wp-content\/uploads\/2023\/10\/PeterLukasGraf.jpg","type":"image\/jpeg"}],"author":"Katrin Spelinova","twitter_card":"summary_large_image","twitter_creator":"@testredaktor","twitter_site":"@smusikzeitung","twitter_misc":{"Written by":"Katrin Spelinova","Est. reading time":"1 minute"},"schema":{"@context":"https:\/\/schema.org","@graph":[{"@type":"Article","@id":"https:\/\/www.musikzeitung.ch\/service\/2023\/10\/peter-lukas-graf-spielt-mozart#article","isPartOf":{"@id":"https:\/\/www.musikzeitung.ch\/service\/2023\/10\/peter-lukas-graf-spielt-mozart"},"author":{"name":"Katrin Spelinova","@id":"https:\/\/www.musikzeitung.ch\/#\/schema\/person\/dce7e5b820812d9af4db2f787d1bec92"},"headline":"Peter-Lukas Graf spielt Mozart","datePublished":"2023-10-16T06:00:40+00:00","dateModified":"2023-10-16T13:45:34+00:00","mainEntityOfPage":{"@id":"https:\/\/www.musikzeitung.ch\/service\/2023\/10\/peter-lukas-graf-spielt-mozart"},"wordCount":104,"publisher":{"@id":"https:\/\/www.musikzeitung.ch\/#organization"},"image":{"@id":"https:\/\/www.musikzeitung.ch\/service\/2023\/10\/peter-lukas-graf-spielt-mozart#primaryimage"},"thumbnailUrl":"https:\/\/www.musikzeitung.ch\/wp-content\/uploads\/2023\/10\/PeterLukasGraf.jpg","keywords":["Martin Studer","Peter-Lukas Graf","Swiss Philharmonic Academy"],"articleSection":["Service"],"inLanguage":"en-US"},{"@type":"WebPage","@id":"https:\/\/www.musikzeitung.ch\/service\/2023\/10\/peter-lukas-graf-spielt-mozart","url":"https:\/\/www.musikzeitung.ch\/service\/2023\/10\/peter-lukas-graf-spielt-mozart","name":"Peter-Lukas Graf plays Mozart - Schweizer Musikzeitung","isPartOf":{"@id":"https:\/\/www.musikzeitung.ch\/#website"},"primaryImageOfPage":{"@id":"https:\/\/www.musikzeitung.ch\/service\/2023\/10\/peter-lukas-graf-spielt-mozart#primaryimage"},"image":{"@id":"https:\/\/www.musikzeitung.ch\/service\/2023\/10\/peter-lukas-graf-spielt-mozart#primaryimage"},"thumbnailUrl":"https:\/\/www.musikzeitung.ch\/wp-content\/uploads\/2023\/10\/PeterLukasGraf.jpg","datePublished":"2023-10-16T06:00:40+00:00","dateModified":"2023-10-16T13:45:34+00:00","description":"Peter-Lukas Graf will perform live as part of the 4th sponsorship and memorial concert of the Swiss Philharmonic Academy under the direction of Martin Studer.","breadcrumb":{"@id":"https:\/\/www.musikzeitung.ch\/service\/2023\/10\/peter-lukas-graf-spielt-mozart#breadcrumb"},"inLanguage":"en-US","potentialAction":[{"@type":"ReadAction","target":["https:\/\/www.musikzeitung.ch\/service\/2023\/10\/peter-lukas-graf-spielt-mozart"]}]},{"@type":"ImageObject","inLanguage":"en-US","@id":"https:\/\/www.musikzeitung.ch\/service\/2023\/10\/peter-lukas-graf-spielt-mozart#primaryimage","url":"https:\/\/www.musikzeitung.ch\/wp-content\/uploads\/2023\/10\/PeterLukasGraf.jpg","contentUrl":"https:\/\/www.musikzeitung.ch\/wp-content\/uploads\/2023\/10\/PeterLukasGraf.jpg","width":320,"height":214},{"@type":"BreadcrumbList","@id":"https:\/\/www.musikzeitung.ch\/service\/2023\/10\/peter-lukas-graf-spielt-mozart#breadcrumb","itemListElement":[{"@type":"ListItem","position":1,"name":"Home","item":"https:\/\/www.musikzeitung.ch\/"},{"@type":"ListItem","position":2,"name":"Peter-Lukas Graf spielt Mozart"}]},{"@type":"WebSite","@id":"https:\/\/www.musikzeitung.ch\/#website","url":"https:\/\/www.musikzeitung.ch\/","name":"Swiss Music Newspaper","description":"The leading interdisciplinary monthly newspaper in Switzerland for musical issues.","publisher":{"@id":"https:\/\/www.musikzeitung.ch\/#organization"},"potentialAction":[{"@type":"SearchAction","target":{"@type":"EntryPoint","urlTemplate":"https:\/\/www.musikzeitung.ch\/?s={search_term_string}"},"query-input":{"@type":"PropertyValueSpecification","valueRequired":true,"valueName":"search_term_string"}}],"inLanguage":"en-US"},{"@type":"Organization","@id":"https:\/\/www.musikzeitung.ch\/#organization","name":"Swiss Music Newspaper","url":"https:\/\/www.musikzeitung.ch\/","logo":{"@type":"ImageObject","inLanguage":"en-US","@id":"https:\/\/www.musikzeitung.ch\/#\/schema\/logo\/image\/","url":"https:\/\/www.musikzeitung.ch\/wp-content\/uploads\/2023\/01\/SMZ_Schriftzug_Sprache.png","contentUrl":"https:\/\/www.musikzeitung.ch\/wp-content\/uploads\/2023\/01\/SMZ_Schriftzug_Sprache.png","width":1400,"height":279,"caption":"Schweizer Musikzeitung"},"image":{"@id":"https:\/\/www.musikzeitung.ch\/#\/schema\/logo\/image\/"},"sameAs":["https:\/\/www.facebook.com\/SchweizerMusikzeitung\/","https:\/\/x.com\/smusikzeitung","https:\/\/www.instagram.com\/musikzeitung.ch\/"]},{"@type":"Person","@id":"https:\/\/www.musikzeitung.ch\/#\/schema\/person\/dce7e5b820812d9af4db2f787d1bec92","name":"Katrin Spelinova","image":{"@type":"ImageObject","inLanguage":"en-US","@id":"https:\/\/secure.gravatar.com\/avatar\/2a2c2956e074ebca9bf65620496cd2e317d90b8c76450e9dd04d7cebf95eeada?s=96&d=mm&r=g","url":"https:\/\/secure.gravatar.com\/avatar\/2a2c2956e074ebca9bf65620496cd2e317d90b8c76450e9dd04d7cebf95eeada?s=96&d=mm&r=g","contentUrl":"https:\/\/secure.gravatar.com\/avatar\/2a2c2956e074ebca9bf65620496cd2e317d90b8c76450e9dd04d7cebf95eeada?s=96&d=mm&r=g","caption":"Katrin Spelinova"},"sameAs":["https:\/\/x.com\/testredaktor"],"url":"https:\/\/www.musikzeitung.ch\/en\/author\/spelkat"}]}},"publishpress_future_workflow_manual_trigger":{"enabledWorkflows":[]},"_links":{"self":[{"href":"https:\/\/www.musikzeitung.ch\/en\/wp-json\/wp\/v2\/posts\/48263","targetHints":{"allow":["GET"]}}],"collection":[{"href":"https:\/\/www.musikzeitung.ch\/en\/wp-json\/wp\/v2\/posts"}],"about":[{"href":"https:\/\/www.musikzeitung.ch\/en\/wp-json\/wp\/v2\/types\/post"}],"author":[{"embeddable":true,"href":"https:\/\/www.musikzeitung.ch\/en\/wp-json\/wp\/v2\/users\/23"}],"replies":[{"embeddable":true,"href":"https:\/\/www.musikzeitung.ch\/en\/wp-json\/wp\/v2\/comments?post=48263"}],"version-history":[{"count":2,"href":"https:\/\/www.musikzeitung.ch\/en\/wp-json\/wp\/v2\/posts\/48263\/revisions"}],"predecessor-version":[{"id":48266,"href":"https:\/\/www.musikzeitung.ch\/en\/wp-json\/wp\/v2\/posts\/48263\/revisions\/48266"}],"wp:featuredmedia":[{"embeddable":true,"href":"https:\/\/www.musikzeitung.ch\/en\/wp-json\/wp\/v2\/media\/48264"}],"wp:attachment":[{"href":"https:\/\/www.musikzeitung.ch\/en\/wp-json\/wp\/v2\/media?parent=48263"}],"wp:term":[{"taxonomy":"category","embeddable":true,"href":"https:\/\/www.musikzeitung.ch\/en\/wp-json\/wp\/v2\/categories?post=48263"},{"taxonomy":"post_tag","embeddable":true,"href":"https:\/\/www.musikzeitung.ch\/en\/wp-json\/wp\/v2\/tags?post=48263"}],"curies":[{"name":"wp","href":"https:\/\/api.w.org\/{rel}","templated":true}]}}