{"id":48701,"date":"2023-10-28T14:20:25","date_gmt":"2023-10-28T12:20:25","guid":{"rendered":"https:\/\/www.musikzeitung.ch\/?p=48701"},"modified":"2023-11-02T09:42:47","modified_gmt":"2023-11-02T08:42:47","slug":"sutermeister","status":"publish","type":"post","link":"https:\/\/www.musikzeitung.ch\/en\/rezensionen\/tontraeger-rezensionen\/2023\/10\/sutermeister","title":{"rendered":"Love letters and philosophy"},"content":{"rendered":"<figure id=\"attachment_48704\" aria-describedby=\"caption-attachment-48704\" style=\"width: 872px\" class=\"wp-caption alignnone\"><img loading=\"lazy\" decoding=\"async\" class=\"wp-image-48704 size-full\" src=\"https:\/\/www.musikzeitung.ch\/wp-content\/uploads\/2023\/10\/Heinrich_Sutermeister_1982.jpg\" alt=\"\" width=\"872\" height=\"658\" srcset=\"https:\/\/www.musikzeitung.ch\/wp-content\/uploads\/2023\/10\/Heinrich_Sutermeister_1982.jpg 872w, https:\/\/www.musikzeitung.ch\/wp-content\/uploads\/2023\/10\/Heinrich_Sutermeister_1982-300x226.jpg 300w, https:\/\/www.musikzeitung.ch\/wp-content\/uploads\/2023\/10\/Heinrich_Sutermeister_1982-768x580.jpg 768w, https:\/\/www.musikzeitung.ch\/wp-content\/uploads\/2023\/10\/Heinrich_Sutermeister_1982-232x175.jpg 232w, https:\/\/www.musikzeitung.ch\/wp-content\/uploads\/2023\/10\/Heinrich_Sutermeister_1982-464x350.jpg 464w\" sizes=\"auto, (max-width: 872px) 100vw, 872px\" \/><figcaption id=\"caption-attachment-48704\" class=\"wp-caption-text\">Heinrich Sutermeister 1982 Photo: <a href=\"https:\/\/commons.wikimedia.org\/wiki\/File:Heinrich_Sutermeister_1982.jpg\" target=\"_blank\" rel=\"noopener\">Hans M\u00fcller\/wikimedia commons<\/a><\/figcaption><\/figure>\n<p>In an article on Heinrich Sutermeister, in which she characterizes the composer quite clearly as a Nazi collaborator, musicologist Antje M\u00fcller writes that when considering \"conformist\" music from Germany between 1933 and 1945, it is not the \"music, which is mostly poor anyway, that should be examined\", but the reception, as the music alone would hardly convey all the associative accessories. This does not do justice to the music of the composer, who was born near Schaffhausen in 1910 and died in 1995 in his adopted home on Lake Geneva.<\/p>\n<p>The fact is, however, that Sutermeister, who had studied in Munich with Walter Courvoisier and the arch-conservative Hans Pfitzner, among others, and whose friends included Carl Orff and Werner Egk, who were very close to the Nazi regime, seemed blind to life and politics in Germany. Two of his operas were successfully premiered in Dresden in 1940 and 1942, while a third, written for Berlin, could only not be performed due to the events of the war. It seems strange that the booklet of the new Toccata Classics CD makes no mention of this problem, as Othmar Schoeck is regularly criticized for his lack of distance from the National Socialist state.<\/p>\n<p>The CD contains Sutermeister's great vocal cycles as well as an aria from the opera <em>Romeo and Juliet<\/em> (1940). There is no question that the composer understood his craft and was also able to develop a personal style based on late German Romanticism and remaining true to tonality and conventional instrumentation, with the harpsichord adding a few unusual touches of color. It is astonishing that the <em>Seven love letters<\/em> for tenor and orchestra from 1935 does not sound worlds apart from the <em>Six love letters<\/em> for soprano and orchestra from 1979. The choice of texts is actually original: they are love letters from the 16th and 18th centuries by mostly well-known personalities and poets who describe very different moods. The problem is the abundance of text, which is not always comprehensible, at least without a booklet in hand, and also seems a little long-winded. The same applies to the <em>Consolatio philosophiae <\/em>for high voice and orchestra on Latin texts by the Roman philosopher Boethius, which was written in memory of Ernest Ansermet and premiered by Peter Schreier in Geneva in 1979.<\/p>\n<p>Despite competent interpretations by the soprano Juliane Banse, the tenor Benjamin Bruns and the Deutsche Staatsphilharmonie Rheinland-Pfalz under the direction of Rainer Held, the CD is not a fiery plea for renewed concert performances of these works.<img loading=\"lazy\" decoding=\"async\" class=\"aligncenter wp-image-48702 size-medium\" src=\"https:\/\/www.musikzeitung.ch\/wp-content\/uploads\/2023\/10\/11_crit_cd_Lienhard-300x297.jpg\" alt=\"\" width=\"300\" height=\"297\" srcset=\"https:\/\/www.musikzeitung.ch\/wp-content\/uploads\/2023\/10\/11_crit_cd_Lienhard-300x297.jpg 300w, https:\/\/www.musikzeitung.ch\/wp-content\/uploads\/2023\/10\/11_crit_cd_Lienhard-1024x1013.jpg 1024w, https:\/\/www.musikzeitung.ch\/wp-content\/uploads\/2023\/10\/11_crit_cd_Lienhard-768x760.jpg 768w, https:\/\/www.musikzeitung.ch\/wp-content\/uploads\/2023\/10\/11_crit_cd_Lienhard-1536x1520.jpg 1536w, https:\/\/www.musikzeitung.ch\/wp-content\/uploads\/2023\/10\/11_crit_cd_Lienhard-177x175.jpg 177w, https:\/\/www.musikzeitung.ch\/wp-content\/uploads\/2023\/10\/11_crit_cd_Lienhard-354x350.jpg 354w, https:\/\/www.musikzeitung.ch\/wp-content\/uploads\/2023\/10\/11_crit_cd_Lienhard-809x800.jpg 809w, https:\/\/www.musikzeitung.ch\/wp-content\/uploads\/2023\/10\/11_crit_cd_Lienhard-920x910.jpg 920w, https:\/\/www.musikzeitung.ch\/wp-content\/uploads\/2023\/10\/11_crit_cd_Lienhard-1400x1385.jpg 1400w, https:\/\/www.musikzeitung.ch\/wp-content\/uploads\/2023\/10\/11_crit_cd_Lienhard-150x150.jpg 150w, https:\/\/www.musikzeitung.ch\/wp-content\/uploads\/2023\/10\/11_crit_cd_Lienhard-100x100.jpg 100w, https:\/\/www.musikzeitung.ch\/wp-content\/uploads\/2023\/10\/11_crit_cd_Lienhard-24x24.jpg 24w, https:\/\/www.musikzeitung.ch\/wp-content\/uploads\/2023\/10\/11_crit_cd_Lienhard-48x48.jpg 48w, https:\/\/www.musikzeitung.ch\/wp-content\/uploads\/2023\/10\/11_crit_cd_Lienhard-96x96.jpg 96w, https:\/\/www.musikzeitung.ch\/wp-content\/uploads\/2023\/10\/11_crit_cd_Lienhard.jpg 1011w\" sizes=\"auto, (max-width: 300px) 100vw, 300px\" \/><\/p>\n<p><em>Heinrich Sutermeister: Orchestral Music Vol. 2, Works for Voice and Orchestra. Juliane Banse, soprano; Benjamin Bruns, tenor; Deutsche Staatsphilharmonie Rheinland-Pfalz; Rainer Held, conductor. Toccata Classics TOCC 0608<\/em><\/p>","protected":false},"excerpt":{"rendered":"<p>Vocal cycles with orchestra from Heinrich Sutermeister's early and late creative periods.<\/p>","protected":false},"author":29,"featured_media":48704,"comment_status":"closed","ping_status":"closed","sticky":false,"template":"","format":"standard","meta":{"_acf_changed":false,"_relevanssi_hide_post":"","_relevanssi_hide_content":"","_relevanssi_pin_for_all":"","_relevanssi_pin_keywords":"","_relevanssi_unpin_keywords":"","_relevanssi_related_keywords":"","_relevanssi_related_include_ids":"","_relevanssi_related_exclude_ids":"","_relevanssi_related_no_append":"","_relevanssi_related_not_related":"","_relevanssi_related_posts":"","_relevanssi_noindex_reason":"","pgc_sgb_lightbox_settings":"","footnotes":""},"categories":[29,1420],"tags":[3261,3262,3258,3260,3259,2301],"class_list":["post-48701","post","type-post","status-publish","format-standard","has-post-thumbnail","hentry","category-rezensionen","category-tontraeger-rezensionen","tag-benjamin-bruns","tag-deutsche-staatsphilharmonie-rheinland-pfalz","tag-heinrich-sutermeister","tag-juliane-banse","tag-liederzyklus","tag-rainer-held"],"acf":[],"yoast_head":"<!-- This site is optimized with the Yoast SEO plugin v27.4 - https:\/\/yoast.com\/product\/yoast-seo-wordpress\/ -->\n<title>Liebesbriefe und Philosophisches - Schweizer Musikzeitung<\/title>\n<meta name=\"description\" content=\"Vokalzyklen mit Orchester aus fr\u00fchen und sp\u00e4ten Schaffensperioden Heinrich Sutermeisters.\" \/>\n<meta name=\"robots\" content=\"index, follow, max-snippet:-1, max-image-preview:large, max-video-preview:-1\" \/>\n<link rel=\"canonical\" href=\"https:\/\/www.musikzeitung.ch\/en\/rezensionen\/tontraeger-rezensionen\/2023\/10\/sutermeister\/\" \/>\n<meta property=\"og:locale\" content=\"en_US\" \/>\n<meta property=\"og:type\" content=\"article\" \/>\n<meta property=\"og:title\" content=\"Liebesbriefe und Philosophisches - Schweizer Musikzeitung\" \/>\n<meta property=\"og:description\" content=\"Vokalzyklen mit Orchester aus fr\u00fchen und sp\u00e4ten Schaffensperioden Heinrich Sutermeisters.\" \/>\n<meta property=\"og:url\" content=\"https:\/\/www.musikzeitung.ch\/en\/rezensionen\/tontraeger-rezensionen\/2023\/10\/sutermeister\/\" \/>\n<meta property=\"og:site_name\" content=\"Schweizer Musikzeitung\" \/>\n<meta property=\"article:publisher\" content=\"https:\/\/www.facebook.com\/SchweizerMusikzeitung\/\" \/>\n<meta property=\"article:published_time\" content=\"2023-10-28T12:20:25+00:00\" \/>\n<meta property=\"article:modified_time\" content=\"2023-11-02T08:42:47+00:00\" \/>\n<meta property=\"og:image\" content=\"https:\/\/www.musikzeitung.ch\/wp-content\/uploads\/2023\/10\/Heinrich_Sutermeister_1982.jpg\" \/>\n\t<meta property=\"og:image:width\" content=\"872\" \/>\n\t<meta property=\"og:image:height\" content=\"658\" \/>\n\t<meta property=\"og:image:type\" content=\"image\/jpeg\" \/>\n<meta name=\"author\" content=\"pia.schwab\" \/>\n<meta name=\"twitter:card\" content=\"summary_large_image\" \/>\n<meta name=\"twitter:creator\" content=\"@smusikzeitung\" \/>\n<meta name=\"twitter:site\" content=\"@smusikzeitung\" \/>\n<meta name=\"twitter:label1\" content=\"Written by\" \/>\n\t<meta name=\"twitter:data1\" content=\"pia.schwab\" \/>\n\t<meta name=\"twitter:label2\" content=\"Est. reading time\" \/>\n\t<meta name=\"twitter:data2\" content=\"3 minutes\" \/>\n<script type=\"application\/ld+json\" class=\"yoast-schema-graph\">{\"@context\":\"https:\\\/\\\/schema.org\",\"@graph\":[{\"@type\":\"Article\",\"@id\":\"https:\\\/\\\/www.musikzeitung.ch\\\/rezensionen\\\/tontraeger-rezensionen\\\/2023\\\/10\\\/sutermeister#article\",\"isPartOf\":{\"@id\":\"https:\\\/\\\/www.musikzeitung.ch\\\/rezensionen\\\/tontraeger-rezensionen\\\/2023\\\/10\\\/sutermeister\"},\"author\":{\"name\":\"pia.schwab\",\"@id\":\"https:\\\/\\\/www.musikzeitung.ch\\\/#\\\/schema\\\/person\\\/ea3d7b86bd7157c78c7ddd37f2f82b5b\"},\"headline\":\"Liebesbriefe und Philosophisches\",\"datePublished\":\"2023-10-28T12:20:25+00:00\",\"dateModified\":\"2023-11-02T08:42:47+00:00\",\"mainEntityOfPage\":{\"@id\":\"https:\\\/\\\/www.musikzeitung.ch\\\/rezensionen\\\/tontraeger-rezensionen\\\/2023\\\/10\\\/sutermeister\"},\"wordCount\":444,\"publisher\":{\"@id\":\"https:\\\/\\\/www.musikzeitung.ch\\\/#organization\"},\"image\":{\"@id\":\"https:\\\/\\\/www.musikzeitung.ch\\\/rezensionen\\\/tontraeger-rezensionen\\\/2023\\\/10\\\/sutermeister#primaryimage\"},\"thumbnailUrl\":\"https:\\\/\\\/www.musikzeitung.ch\\\/wp-content\\\/uploads\\\/2023\\\/10\\\/Heinrich_Sutermeister_1982.jpg\",\"keywords\":[\"Benjamin Bruns\",\"Deutsche Staatsphilharmonie Rheinland-Pfalz\",\"Heinrich Sutermeister\",\"Juliane Banse\",\"Liederzyklus\",\"Rainer Held\"],\"articleSection\":[\"Rezensionen\",\"Tontr\u00e4ger\"],\"inLanguage\":\"en-US\"},{\"@type\":\"WebPage\",\"@id\":\"https:\\\/\\\/www.musikzeitung.ch\\\/rezensionen\\\/tontraeger-rezensionen\\\/2023\\\/10\\\/sutermeister\",\"url\":\"https:\\\/\\\/www.musikzeitung.ch\\\/rezensionen\\\/tontraeger-rezensionen\\\/2023\\\/10\\\/sutermeister\",\"name\":\"Liebesbriefe und Philosophisches - Schweizer Musikzeitung\",\"isPartOf\":{\"@id\":\"https:\\\/\\\/www.musikzeitung.ch\\\/#website\"},\"primaryImageOfPage\":{\"@id\":\"https:\\\/\\\/www.musikzeitung.ch\\\/rezensionen\\\/tontraeger-rezensionen\\\/2023\\\/10\\\/sutermeister#primaryimage\"},\"image\":{\"@id\":\"https:\\\/\\\/www.musikzeitung.ch\\\/rezensionen\\\/tontraeger-rezensionen\\\/2023\\\/10\\\/sutermeister#primaryimage\"},\"thumbnailUrl\":\"https:\\\/\\\/www.musikzeitung.ch\\\/wp-content\\\/uploads\\\/2023\\\/10\\\/Heinrich_Sutermeister_1982.jpg\",\"datePublished\":\"2023-10-28T12:20:25+00:00\",\"dateModified\":\"2023-11-02T08:42:47+00:00\",\"description\":\"Vokalzyklen mit Orchester aus fr\u00fchen und sp\u00e4ten Schaffensperioden Heinrich Sutermeisters.\",\"breadcrumb\":{\"@id\":\"https:\\\/\\\/www.musikzeitung.ch\\\/rezensionen\\\/tontraeger-rezensionen\\\/2023\\\/10\\\/sutermeister#breadcrumb\"},\"inLanguage\":\"en-US\",\"potentialAction\":[{\"@type\":\"ReadAction\",\"target\":[\"https:\\\/\\\/www.musikzeitung.ch\\\/rezensionen\\\/tontraeger-rezensionen\\\/2023\\\/10\\\/sutermeister\"]}]},{\"@type\":\"ImageObject\",\"inLanguage\":\"en-US\",\"@id\":\"https:\\\/\\\/www.musikzeitung.ch\\\/rezensionen\\\/tontraeger-rezensionen\\\/2023\\\/10\\\/sutermeister#primaryimage\",\"url\":\"https:\\\/\\\/www.musikzeitung.ch\\\/wp-content\\\/uploads\\\/2023\\\/10\\\/Heinrich_Sutermeister_1982.jpg\",\"contentUrl\":\"https:\\\/\\\/www.musikzeitung.ch\\\/wp-content\\\/uploads\\\/2023\\\/10\\\/Heinrich_Sutermeister_1982.jpg\",\"width\":872,\"height\":658},{\"@type\":\"BreadcrumbList\",\"@id\":\"https:\\\/\\\/www.musikzeitung.ch\\\/rezensionen\\\/tontraeger-rezensionen\\\/2023\\\/10\\\/sutermeister#breadcrumb\",\"itemListElement\":[{\"@type\":\"ListItem\",\"position\":1,\"name\":\"Home\",\"item\":\"https:\\\/\\\/www.musikzeitung.ch\\\/\"},{\"@type\":\"ListItem\",\"position\":2,\"name\":\"Liebesbriefe und Philosophisches\"}]},{\"@type\":\"WebSite\",\"@id\":\"https:\\\/\\\/www.musikzeitung.ch\\\/#website\",\"url\":\"https:\\\/\\\/www.musikzeitung.ch\\\/\",\"name\":\"Schweizer Musikzeitung\",\"description\":\"Die f\u00fchrende sparten\u00fcbergreifende Monatszeitung in der Schweiz f\u00fcr musikalische Fragen.\",\"publisher\":{\"@id\":\"https:\\\/\\\/www.musikzeitung.ch\\\/#organization\"},\"potentialAction\":[{\"@type\":\"SearchAction\",\"target\":{\"@type\":\"EntryPoint\",\"urlTemplate\":\"https:\\\/\\\/www.musikzeitung.ch\\\/?s={search_term_string}\"},\"query-input\":{\"@type\":\"PropertyValueSpecification\",\"valueRequired\":true,\"valueName\":\"search_term_string\"}}],\"inLanguage\":\"en-US\"},{\"@type\":\"Organization\",\"@id\":\"https:\\\/\\\/www.musikzeitung.ch\\\/#organization\",\"name\":\"Schweizer Musikzeitung\",\"url\":\"https:\\\/\\\/www.musikzeitung.ch\\\/\",\"logo\":{\"@type\":\"ImageObject\",\"inLanguage\":\"en-US\",\"@id\":\"https:\\\/\\\/www.musikzeitung.ch\\\/#\\\/schema\\\/logo\\\/image\\\/\",\"url\":\"https:\\\/\\\/www.musikzeitung.ch\\\/wp-content\\\/uploads\\\/2023\\\/01\\\/SMZ_Schriftzug_Sprache.png\",\"contentUrl\":\"https:\\\/\\\/www.musikzeitung.ch\\\/wp-content\\\/uploads\\\/2023\\\/01\\\/SMZ_Schriftzug_Sprache.png\",\"width\":1400,\"height\":279,\"caption\":\"Schweizer Musikzeitung\"},\"image\":{\"@id\":\"https:\\\/\\\/www.musikzeitung.ch\\\/#\\\/schema\\\/logo\\\/image\\\/\"},\"sameAs\":[\"https:\\\/\\\/www.facebook.com\\\/SchweizerMusikzeitung\\\/\",\"https:\\\/\\\/x.com\\\/smusikzeitung\",\"https:\\\/\\\/www.instagram.com\\\/musikzeitung.ch\\\/\"]},{\"@type\":\"Person\",\"@id\":\"https:\\\/\\\/www.musikzeitung.ch\\\/#\\\/schema\\\/person\\\/ea3d7b86bd7157c78c7ddd37f2f82b5b\",\"name\":\"pia.schwab\",\"image\":{\"@type\":\"ImageObject\",\"inLanguage\":\"en-US\",\"@id\":\"https:\\\/\\\/secure.gravatar.com\\\/avatar\\\/d39d170de4c2d07e897fbc26cf9d890fc046285c742207b86d8ebabe5fcde2c4?s=96&d=mm&r=g\",\"url\":\"https:\\\/\\\/secure.gravatar.com\\\/avatar\\\/d39d170de4c2d07e897fbc26cf9d890fc046285c742207b86d8ebabe5fcde2c4?s=96&d=mm&r=g\",\"contentUrl\":\"https:\\\/\\\/secure.gravatar.com\\\/avatar\\\/d39d170de4c2d07e897fbc26cf9d890fc046285c742207b86d8ebabe5fcde2c4?s=96&d=mm&r=g\",\"caption\":\"pia.schwab\"},\"url\":\"https:\\\/\\\/www.musikzeitung.ch\\\/en\\\/author\\\/pia-schwab\"}]}<\/script>\n<!-- \/ Yoast SEO plugin. -->","yoast_head_json":{"title":"Love letters and philosophy - Schweizer Musikzeitung","description":"Vocal cycles with orchestra from Heinrich Sutermeister's early and late creative periods.","robots":{"index":"index","follow":"follow","max-snippet":"max-snippet:-1","max-image-preview":"max-image-preview:large","max-video-preview":"max-video-preview:-1"},"canonical":"https:\/\/www.musikzeitung.ch\/en\/rezensionen\/tontraeger-rezensionen\/2023\/10\/sutermeister\/","og_locale":"en_US","og_type":"article","og_title":"Liebesbriefe und Philosophisches - Schweizer Musikzeitung","og_description":"Vokalzyklen mit Orchester aus fr\u00fchen und sp\u00e4ten Schaffensperioden Heinrich Sutermeisters.","og_url":"https:\/\/www.musikzeitung.ch\/en\/rezensionen\/tontraeger-rezensionen\/2023\/10\/sutermeister\/","og_site_name":"Schweizer Musikzeitung","article_publisher":"https:\/\/www.facebook.com\/SchweizerMusikzeitung\/","article_published_time":"2023-10-28T12:20:25+00:00","article_modified_time":"2023-11-02T08:42:47+00:00","og_image":[{"width":872,"height":658,"url":"https:\/\/www.musikzeitung.ch\/wp-content\/uploads\/2023\/10\/Heinrich_Sutermeister_1982.jpg","type":"image\/jpeg"}],"author":"pia.schwab","twitter_card":"summary_large_image","twitter_creator":"@smusikzeitung","twitter_site":"@smusikzeitung","twitter_misc":{"Written by":"pia.schwab","Est. reading time":"3 minutes"},"schema":{"@context":"https:\/\/schema.org","@graph":[{"@type":"Article","@id":"https:\/\/www.musikzeitung.ch\/rezensionen\/tontraeger-rezensionen\/2023\/10\/sutermeister#article","isPartOf":{"@id":"https:\/\/www.musikzeitung.ch\/rezensionen\/tontraeger-rezensionen\/2023\/10\/sutermeister"},"author":{"name":"pia.schwab","@id":"https:\/\/www.musikzeitung.ch\/#\/schema\/person\/ea3d7b86bd7157c78c7ddd37f2f82b5b"},"headline":"Liebesbriefe und Philosophisches","datePublished":"2023-10-28T12:20:25+00:00","dateModified":"2023-11-02T08:42:47+00:00","mainEntityOfPage":{"@id":"https:\/\/www.musikzeitung.ch\/rezensionen\/tontraeger-rezensionen\/2023\/10\/sutermeister"},"wordCount":444,"publisher":{"@id":"https:\/\/www.musikzeitung.ch\/#organization"},"image":{"@id":"https:\/\/www.musikzeitung.ch\/rezensionen\/tontraeger-rezensionen\/2023\/10\/sutermeister#primaryimage"},"thumbnailUrl":"https:\/\/www.musikzeitung.ch\/wp-content\/uploads\/2023\/10\/Heinrich_Sutermeister_1982.jpg","keywords":["Benjamin Bruns","Deutsche Staatsphilharmonie Rheinland-Pfalz","Heinrich Sutermeister","Juliane Banse","Liederzyklus","Rainer Held"],"articleSection":["Rezensionen","Tontr\u00e4ger"],"inLanguage":"en-US"},{"@type":"WebPage","@id":"https:\/\/www.musikzeitung.ch\/rezensionen\/tontraeger-rezensionen\/2023\/10\/sutermeister","url":"https:\/\/www.musikzeitung.ch\/rezensionen\/tontraeger-rezensionen\/2023\/10\/sutermeister","name":"Love letters and philosophy - Schweizer Musikzeitung","isPartOf":{"@id":"https:\/\/www.musikzeitung.ch\/#website"},"primaryImageOfPage":{"@id":"https:\/\/www.musikzeitung.ch\/rezensionen\/tontraeger-rezensionen\/2023\/10\/sutermeister#primaryimage"},"image":{"@id":"https:\/\/www.musikzeitung.ch\/rezensionen\/tontraeger-rezensionen\/2023\/10\/sutermeister#primaryimage"},"thumbnailUrl":"https:\/\/www.musikzeitung.ch\/wp-content\/uploads\/2023\/10\/Heinrich_Sutermeister_1982.jpg","datePublished":"2023-10-28T12:20:25+00:00","dateModified":"2023-11-02T08:42:47+00:00","description":"Vocal cycles with orchestra from Heinrich Sutermeister's early and late creative periods.","breadcrumb":{"@id":"https:\/\/www.musikzeitung.ch\/rezensionen\/tontraeger-rezensionen\/2023\/10\/sutermeister#breadcrumb"},"inLanguage":"en-US","potentialAction":[{"@type":"ReadAction","target":["https:\/\/www.musikzeitung.ch\/rezensionen\/tontraeger-rezensionen\/2023\/10\/sutermeister"]}]},{"@type":"ImageObject","inLanguage":"en-US","@id":"https:\/\/www.musikzeitung.ch\/rezensionen\/tontraeger-rezensionen\/2023\/10\/sutermeister#primaryimage","url":"https:\/\/www.musikzeitung.ch\/wp-content\/uploads\/2023\/10\/Heinrich_Sutermeister_1982.jpg","contentUrl":"https:\/\/www.musikzeitung.ch\/wp-content\/uploads\/2023\/10\/Heinrich_Sutermeister_1982.jpg","width":872,"height":658},{"@type":"BreadcrumbList","@id":"https:\/\/www.musikzeitung.ch\/rezensionen\/tontraeger-rezensionen\/2023\/10\/sutermeister#breadcrumb","itemListElement":[{"@type":"ListItem","position":1,"name":"Home","item":"https:\/\/www.musikzeitung.ch\/"},{"@type":"ListItem","position":2,"name":"Liebesbriefe und Philosophisches"}]},{"@type":"WebSite","@id":"https:\/\/www.musikzeitung.ch\/#website","url":"https:\/\/www.musikzeitung.ch\/","name":"Swiss Music Newspaper","description":"The leading interdisciplinary monthly newspaper in Switzerland for musical issues.","publisher":{"@id":"https:\/\/www.musikzeitung.ch\/#organization"},"potentialAction":[{"@type":"SearchAction","target":{"@type":"EntryPoint","urlTemplate":"https:\/\/www.musikzeitung.ch\/?s={search_term_string}"},"query-input":{"@type":"PropertyValueSpecification","valueRequired":true,"valueName":"search_term_string"}}],"inLanguage":"en-US"},{"@type":"Organization","@id":"https:\/\/www.musikzeitung.ch\/#organization","name":"Swiss Music Newspaper","url":"https:\/\/www.musikzeitung.ch\/","logo":{"@type":"ImageObject","inLanguage":"en-US","@id":"https:\/\/www.musikzeitung.ch\/#\/schema\/logo\/image\/","url":"https:\/\/www.musikzeitung.ch\/wp-content\/uploads\/2023\/01\/SMZ_Schriftzug_Sprache.png","contentUrl":"https:\/\/www.musikzeitung.ch\/wp-content\/uploads\/2023\/01\/SMZ_Schriftzug_Sprache.png","width":1400,"height":279,"caption":"Schweizer Musikzeitung"},"image":{"@id":"https:\/\/www.musikzeitung.ch\/#\/schema\/logo\/image\/"},"sameAs":["https:\/\/www.facebook.com\/SchweizerMusikzeitung\/","https:\/\/x.com\/smusikzeitung","https:\/\/www.instagram.com\/musikzeitung.ch\/"]},{"@type":"Person","@id":"https:\/\/www.musikzeitung.ch\/#\/schema\/person\/ea3d7b86bd7157c78c7ddd37f2f82b5b","name":"pia.schwab","image":{"@type":"ImageObject","inLanguage":"en-US","@id":"https:\/\/secure.gravatar.com\/avatar\/d39d170de4c2d07e897fbc26cf9d890fc046285c742207b86d8ebabe5fcde2c4?s=96&d=mm&r=g","url":"https:\/\/secure.gravatar.com\/avatar\/d39d170de4c2d07e897fbc26cf9d890fc046285c742207b86d8ebabe5fcde2c4?s=96&d=mm&r=g","contentUrl":"https:\/\/secure.gravatar.com\/avatar\/d39d170de4c2d07e897fbc26cf9d890fc046285c742207b86d8ebabe5fcde2c4?s=96&d=mm&r=g","caption":"pia.schwab"},"url":"https:\/\/www.musikzeitung.ch\/en\/author\/pia-schwab"}]}},"publishpress_future_workflow_manual_trigger":{"enabledWorkflows":[]},"_links":{"self":[{"href":"https:\/\/www.musikzeitung.ch\/en\/wp-json\/wp\/v2\/posts\/48701","targetHints":{"allow":["GET"]}}],"collection":[{"href":"https:\/\/www.musikzeitung.ch\/en\/wp-json\/wp\/v2\/posts"}],"about":[{"href":"https:\/\/www.musikzeitung.ch\/en\/wp-json\/wp\/v2\/types\/post"}],"author":[{"embeddable":true,"href":"https:\/\/www.musikzeitung.ch\/en\/wp-json\/wp\/v2\/users\/29"}],"replies":[{"embeddable":true,"href":"https:\/\/www.musikzeitung.ch\/en\/wp-json\/wp\/v2\/comments?post=48701"}],"version-history":[{"count":4,"href":"https:\/\/www.musikzeitung.ch\/en\/wp-json\/wp\/v2\/posts\/48701\/revisions"}],"predecessor-version":[{"id":48988,"href":"https:\/\/www.musikzeitung.ch\/en\/wp-json\/wp\/v2\/posts\/48701\/revisions\/48988"}],"wp:featuredmedia":[{"embeddable":true,"href":"https:\/\/www.musikzeitung.ch\/en\/wp-json\/wp\/v2\/media\/48704"}],"wp:attachment":[{"href":"https:\/\/www.musikzeitung.ch\/en\/wp-json\/wp\/v2\/media?parent=48701"}],"wp:term":[{"taxonomy":"category","embeddable":true,"href":"https:\/\/www.musikzeitung.ch\/en\/wp-json\/wp\/v2\/categories?post=48701"},{"taxonomy":"post_tag","embeddable":true,"href":"https:\/\/www.musikzeitung.ch\/en\/wp-json\/wp\/v2\/tags?post=48701"}],"curies":[{"name":"wp","href":"https:\/\/api.w.org\/{rel}","templated":true}]}}