{"id":48824,"date":"2023-10-31T17:51:51","date_gmt":"2023-10-31T16:51:51","guid":{"rendered":"https:\/\/www.musikzeitung.ch\/?p=48824"},"modified":"2023-11-02T09:30:58","modified_gmt":"2023-11-02T08:30:58","slug":"feller-sonata","status":"publish","type":"post","link":"https:\/\/www.musikzeitung.ch\/en\/rezensionen\/noten-rezensionen\/2023\/10\/feller-sonata","title":{"rendered":"Sophisticated music for cello and organ"},"content":{"rendered":"<figure id=\"attachment_48825\" aria-describedby=\"caption-attachment-48825\" style=\"width: 1024px\" class=\"wp-caption alignnone\"><img loading=\"lazy\" decoding=\"async\" class=\"wp-image-48825 size-full\" src=\"https:\/\/www.musikzeitung.ch\/wp-content\/uploads\/2023\/10\/Harald_Feller_2022.jpg\" alt=\"\" width=\"1024\" height=\"681\" srcset=\"https:\/\/www.musikzeitung.ch\/wp-content\/uploads\/2023\/10\/Harald_Feller_2022.jpg 1024w, https:\/\/www.musikzeitung.ch\/wp-content\/uploads\/2023\/10\/Harald_Feller_2022-300x200.jpg 300w, https:\/\/www.musikzeitung.ch\/wp-content\/uploads\/2023\/10\/Harald_Feller_2022-600x400.jpg 600w, https:\/\/www.musikzeitung.ch\/wp-content\/uploads\/2023\/10\/Harald_Feller_2022-768x511.jpg 768w, https:\/\/www.musikzeitung.ch\/wp-content\/uploads\/2023\/10\/Harald_Feller_2022-263x175.jpg 263w, https:\/\/www.musikzeitung.ch\/wp-content\/uploads\/2023\/10\/Harald_Feller_2022-526x350.jpg 526w, https:\/\/www.musikzeitung.ch\/wp-content\/uploads\/2023\/10\/Harald_Feller_2022-920x612.jpg 920w\" sizes=\"auto, (max-width: 1024px) 100vw, 1024px\" \/><figcaption id=\"caption-attachment-48825\" class=\"wp-caption-text\">Harald Feller, 2022, photo: <a href=\"https:\/\/commons.wikimedia.org\/wiki\/File:Harald_Feller_(2022).jpg\" target=\"_blank\" rel=\"noopener\">Nila Thiel\/wikimedia commons<\/a><\/figcaption><\/figure>\n<p>Harald Feller (*1951) teaches organ at the Institute for Church Music at the University of Music and Performing Arts Munich. Several of his compositions have been awarded prizes. He is also known for his interpretation of the famous organ part in the film <em>Sleeping Brother.<\/em> His catalog of works includes compositions for choir a cappella, vocal music with ensemble or orchestra, music for keyboard instruments, chamber music and orchestral pieces.<\/p>\n<p>The present four-movement <em>Sonata da Chiesa<\/em> for cello (viola) and organ is based on the musical material of Feller's 2006 work<em> Feldafinger Fair <\/em>for 7-part mixed choir, strings, harp, percussion and organ. The movement titles of the sonata correspond to the structure of the mass: Kyrie eleison - Calm, expressive; Gloria in excelsis Deo - Lively, very rhythmic; Sanctus - Benedictus - Calm, solem; Communio - Adagio. Feller's compositional style is sometimes reminiscent of Maurice Durufl\u00e9, Flor Peeters or even film music.<\/p>\n<p>The cello part offers predominantly rewarding, lyrical tasks, although in the third movement there are some demanding double-stop passages in the high register (range: G-f2). According to the composer, \"a large part of the organ part must be played on two manuals, as the hands often overlap. Attention must be paid to when one voice should be prominent or when the two hands can be played equally on two or even one manual. It is important that the organ part always remains varied and transparent.\"<\/p>\n<p>The sonata is suitable as liturgical music in church services, but can also be used as a concert piece. The not too rich repertoire of original literature for cello and organ is enriched in an original way with this technically demanding composition. A transposed version for viola is also available as a supplement.<img loading=\"lazy\" decoding=\"async\" class=\"aligncenter wp-image-48827 size-medium\" src=\"https:\/\/www.musikzeitung.ch\/wp-content\/uploads\/2023\/10\/11_crit_note_Cello_Feller-212x300.jpg\" alt=\"\" width=\"212\" height=\"300\" srcset=\"https:\/\/www.musikzeitung.ch\/wp-content\/uploads\/2023\/10\/11_crit_note_Cello_Feller-212x300.jpg 212w, https:\/\/www.musikzeitung.ch\/wp-content\/uploads\/2023\/10\/11_crit_note_Cello_Feller-724x1024.jpg 724w, https:\/\/www.musikzeitung.ch\/wp-content\/uploads\/2023\/10\/11_crit_note_Cello_Feller-768x1087.jpg 768w, https:\/\/www.musikzeitung.ch\/wp-content\/uploads\/2023\/10\/11_crit_note_Cello_Feller-1086x1536.jpg 1086w, https:\/\/www.musikzeitung.ch\/wp-content\/uploads\/2023\/10\/11_crit_note_Cello_Feller-124x175.jpg 124w, https:\/\/www.musikzeitung.ch\/wp-content\/uploads\/2023\/10\/11_crit_note_Cello_Feller-247x350.jpg 247w, https:\/\/www.musikzeitung.ch\/wp-content\/uploads\/2023\/10\/11_crit_note_Cello_Feller-565x800.jpg 565w, https:\/\/www.musikzeitung.ch\/wp-content\/uploads\/2023\/10\/11_crit_note_Cello_Feller-920x1302.jpg 920w, https:\/\/www.musikzeitung.ch\/wp-content\/uploads\/2023\/10\/11_crit_note_Cello_Feller-300x424.jpg 300w, https:\/\/www.musikzeitung.ch\/wp-content\/uploads\/2023\/10\/11_crit_note_Cello_Feller.jpg 707w\" sizes=\"auto, (max-width: 212px) 100vw, 212px\" \/><\/p>\n<p><em>Harald Feller: Sonata da chiesa for cello (viola) and organ, EW 1229, \u20ac 19.80, Edition Walhall, Magdeburg<\/em><\/p>","protected":false},"excerpt":{"rendered":"<p>In the \"Sonata da chiesa\" by Harald Feller, the cello can stand out through lyrical passages.<\/p>","protected":false},"author":29,"featured_media":48825,"comment_status":"closed","ping_status":"closed","sticky":false,"template":"","format":"standard","meta":{"_acf_changed":false,"_relevanssi_hide_post":"","_relevanssi_hide_content":"","_relevanssi_pin_for_all":"","_relevanssi_pin_keywords":"","_relevanssi_unpin_keywords":"","_relevanssi_related_keywords":"","_relevanssi_related_include_ids":"","_relevanssi_related_exclude_ids":"","_relevanssi_related_no_append":"","_relevanssi_related_not_related":"","_relevanssi_related_posts":"","_relevanssi_noindex_reason":"","pgc_sgb_lightbox_settings":"","footnotes":""},"categories":[1316,29],"tags":[3272,3270,3271],"class_list":["post-48824","post","type-post","status-publish","format-standard","has-post-thumbnail","hentry","category-noten-rezensionen","category-rezensionen","tag-cello-und-orgel","tag-harald-feller","tag-sonata-da-chiesa"],"acf":[],"yoast_head":"<!-- This site is optimized with the Yoast SEO plugin v27.4 - https:\/\/yoast.com\/product\/yoast-seo-wordpress\/ -->\n<title>Anspruchsvolles f\u00fcr Cello und Orgel - Schweizer Musikzeitung<\/title>\n<meta name=\"description\" content=\"In der \u00abSonata da chiesa\u00bb von Harald Feller kann das Cello durch lyrische Passagen hervortreten.\" \/>\n<meta name=\"robots\" content=\"index, follow, max-snippet:-1, max-image-preview:large, max-video-preview:-1\" \/>\n<link rel=\"canonical\" href=\"https:\/\/www.musikzeitung.ch\/en\/rezensionen\/noten-rezensionen\/2023\/10\/feller-sonata\/\" \/>\n<meta property=\"og:locale\" content=\"en_US\" \/>\n<meta property=\"og:type\" content=\"article\" \/>\n<meta property=\"og:title\" content=\"Anspruchsvolles f\u00fcr Cello und Orgel - Schweizer Musikzeitung\" \/>\n<meta property=\"og:description\" content=\"In der \u00abSonata da chiesa\u00bb von Harald Feller kann das Cello durch lyrische Passagen hervortreten.\" \/>\n<meta property=\"og:url\" content=\"https:\/\/www.musikzeitung.ch\/en\/rezensionen\/noten-rezensionen\/2023\/10\/feller-sonata\/\" \/>\n<meta property=\"og:site_name\" content=\"Schweizer Musikzeitung\" \/>\n<meta property=\"article:publisher\" content=\"https:\/\/www.facebook.com\/SchweizerMusikzeitung\/\" \/>\n<meta property=\"article:published_time\" content=\"2023-10-31T16:51:51+00:00\" \/>\n<meta property=\"article:modified_time\" content=\"2023-11-02T08:30:58+00:00\" \/>\n<meta property=\"og:image\" content=\"https:\/\/www.musikzeitung.ch\/wp-content\/uploads\/2023\/10\/Harald_Feller_2022.jpg\" \/>\n\t<meta property=\"og:image:width\" content=\"1024\" \/>\n\t<meta property=\"og:image:height\" content=\"681\" \/>\n\t<meta property=\"og:image:type\" content=\"image\/jpeg\" \/>\n<meta name=\"author\" content=\"pia.schwab\" \/>\n<meta name=\"twitter:card\" content=\"summary_large_image\" \/>\n<meta name=\"twitter:creator\" content=\"@smusikzeitung\" \/>\n<meta name=\"twitter:site\" content=\"@smusikzeitung\" \/>\n<meta name=\"twitter:label1\" content=\"Written by\" \/>\n\t<meta name=\"twitter:data1\" content=\"pia.schwab\" \/>\n\t<meta name=\"twitter:label2\" content=\"Est. reading time\" \/>\n\t<meta name=\"twitter:data2\" content=\"2 minutes\" \/>\n<script type=\"application\/ld+json\" class=\"yoast-schema-graph\">{\"@context\":\"https:\\\/\\\/schema.org\",\"@graph\":[{\"@type\":\"Article\",\"@id\":\"https:\\\/\\\/www.musikzeitung.ch\\\/rezensionen\\\/noten-rezensionen\\\/2023\\\/10\\\/feller-sonata#article\",\"isPartOf\":{\"@id\":\"https:\\\/\\\/www.musikzeitung.ch\\\/rezensionen\\\/noten-rezensionen\\\/2023\\\/10\\\/feller-sonata\"},\"author\":{\"name\":\"pia.schwab\",\"@id\":\"https:\\\/\\\/www.musikzeitung.ch\\\/#\\\/schema\\\/person\\\/ea3d7b86bd7157c78c7ddd37f2f82b5b\"},\"headline\":\"Anspruchsvolles f\u00fcr Cello und Orgel\",\"datePublished\":\"2023-10-31T16:51:51+00:00\",\"dateModified\":\"2023-11-02T08:30:58+00:00\",\"mainEntityOfPage\":{\"@id\":\"https:\\\/\\\/www.musikzeitung.ch\\\/rezensionen\\\/noten-rezensionen\\\/2023\\\/10\\\/feller-sonata\"},\"wordCount\":307,\"publisher\":{\"@id\":\"https:\\\/\\\/www.musikzeitung.ch\\\/#organization\"},\"image\":{\"@id\":\"https:\\\/\\\/www.musikzeitung.ch\\\/rezensionen\\\/noten-rezensionen\\\/2023\\\/10\\\/feller-sonata#primaryimage\"},\"thumbnailUrl\":\"https:\\\/\\\/www.musikzeitung.ch\\\/wp-content\\\/uploads\\\/2023\\\/10\\\/Harald_Feller_2022.jpg\",\"keywords\":[\"Cello und Orgel\",\"Harald Feller\",\"Sonata da Chiesa\"],\"articleSection\":[\"Noten\",\"Rezensionen\"],\"inLanguage\":\"en-US\"},{\"@type\":\"WebPage\",\"@id\":\"https:\\\/\\\/www.musikzeitung.ch\\\/rezensionen\\\/noten-rezensionen\\\/2023\\\/10\\\/feller-sonata\",\"url\":\"https:\\\/\\\/www.musikzeitung.ch\\\/rezensionen\\\/noten-rezensionen\\\/2023\\\/10\\\/feller-sonata\",\"name\":\"Anspruchsvolles f\u00fcr Cello und Orgel - Schweizer Musikzeitung\",\"isPartOf\":{\"@id\":\"https:\\\/\\\/www.musikzeitung.ch\\\/#website\"},\"primaryImageOfPage\":{\"@id\":\"https:\\\/\\\/www.musikzeitung.ch\\\/rezensionen\\\/noten-rezensionen\\\/2023\\\/10\\\/feller-sonata#primaryimage\"},\"image\":{\"@id\":\"https:\\\/\\\/www.musikzeitung.ch\\\/rezensionen\\\/noten-rezensionen\\\/2023\\\/10\\\/feller-sonata#primaryimage\"},\"thumbnailUrl\":\"https:\\\/\\\/www.musikzeitung.ch\\\/wp-content\\\/uploads\\\/2023\\\/10\\\/Harald_Feller_2022.jpg\",\"datePublished\":\"2023-10-31T16:51:51+00:00\",\"dateModified\":\"2023-11-02T08:30:58+00:00\",\"description\":\"In der \u00abSonata da chiesa\u00bb von Harald Feller kann das Cello durch lyrische Passagen hervortreten.\",\"breadcrumb\":{\"@id\":\"https:\\\/\\\/www.musikzeitung.ch\\\/rezensionen\\\/noten-rezensionen\\\/2023\\\/10\\\/feller-sonata#breadcrumb\"},\"inLanguage\":\"en-US\",\"potentialAction\":[{\"@type\":\"ReadAction\",\"target\":[\"https:\\\/\\\/www.musikzeitung.ch\\\/rezensionen\\\/noten-rezensionen\\\/2023\\\/10\\\/feller-sonata\"]}]},{\"@type\":\"ImageObject\",\"inLanguage\":\"en-US\",\"@id\":\"https:\\\/\\\/www.musikzeitung.ch\\\/rezensionen\\\/noten-rezensionen\\\/2023\\\/10\\\/feller-sonata#primaryimage\",\"url\":\"https:\\\/\\\/www.musikzeitung.ch\\\/wp-content\\\/uploads\\\/2023\\\/10\\\/Harald_Feller_2022.jpg\",\"contentUrl\":\"https:\\\/\\\/www.musikzeitung.ch\\\/wp-content\\\/uploads\\\/2023\\\/10\\\/Harald_Feller_2022.jpg\",\"width\":1024,\"height\":681},{\"@type\":\"BreadcrumbList\",\"@id\":\"https:\\\/\\\/www.musikzeitung.ch\\\/rezensionen\\\/noten-rezensionen\\\/2023\\\/10\\\/feller-sonata#breadcrumb\",\"itemListElement\":[{\"@type\":\"ListItem\",\"position\":1,\"name\":\"Home\",\"item\":\"https:\\\/\\\/www.musikzeitung.ch\\\/\"},{\"@type\":\"ListItem\",\"position\":2,\"name\":\"Anspruchsvolles f\u00fcr Cello und Orgel\"}]},{\"@type\":\"WebSite\",\"@id\":\"https:\\\/\\\/www.musikzeitung.ch\\\/#website\",\"url\":\"https:\\\/\\\/www.musikzeitung.ch\\\/\",\"name\":\"Schweizer Musikzeitung\",\"description\":\"Die f\u00fchrende sparten\u00fcbergreifende Monatszeitung in der Schweiz f\u00fcr musikalische Fragen.\",\"publisher\":{\"@id\":\"https:\\\/\\\/www.musikzeitung.ch\\\/#organization\"},\"potentialAction\":[{\"@type\":\"SearchAction\",\"target\":{\"@type\":\"EntryPoint\",\"urlTemplate\":\"https:\\\/\\\/www.musikzeitung.ch\\\/?s={search_term_string}\"},\"query-input\":{\"@type\":\"PropertyValueSpecification\",\"valueRequired\":true,\"valueName\":\"search_term_string\"}}],\"inLanguage\":\"en-US\"},{\"@type\":\"Organization\",\"@id\":\"https:\\\/\\\/www.musikzeitung.ch\\\/#organization\",\"name\":\"Schweizer Musikzeitung\",\"url\":\"https:\\\/\\\/www.musikzeitung.ch\\\/\",\"logo\":{\"@type\":\"ImageObject\",\"inLanguage\":\"en-US\",\"@id\":\"https:\\\/\\\/www.musikzeitung.ch\\\/#\\\/schema\\\/logo\\\/image\\\/\",\"url\":\"https:\\\/\\\/www.musikzeitung.ch\\\/wp-content\\\/uploads\\\/2023\\\/01\\\/SMZ_Schriftzug_Sprache.png\",\"contentUrl\":\"https:\\\/\\\/www.musikzeitung.ch\\\/wp-content\\\/uploads\\\/2023\\\/01\\\/SMZ_Schriftzug_Sprache.png\",\"width\":1400,\"height\":279,\"caption\":\"Schweizer Musikzeitung\"},\"image\":{\"@id\":\"https:\\\/\\\/www.musikzeitung.ch\\\/#\\\/schema\\\/logo\\\/image\\\/\"},\"sameAs\":[\"https:\\\/\\\/www.facebook.com\\\/SchweizerMusikzeitung\\\/\",\"https:\\\/\\\/x.com\\\/smusikzeitung\",\"https:\\\/\\\/www.instagram.com\\\/musikzeitung.ch\\\/\"]},{\"@type\":\"Person\",\"@id\":\"https:\\\/\\\/www.musikzeitung.ch\\\/#\\\/schema\\\/person\\\/ea3d7b86bd7157c78c7ddd37f2f82b5b\",\"name\":\"pia.schwab\",\"image\":{\"@type\":\"ImageObject\",\"inLanguage\":\"en-US\",\"@id\":\"https:\\\/\\\/secure.gravatar.com\\\/avatar\\\/d39d170de4c2d07e897fbc26cf9d890fc046285c742207b86d8ebabe5fcde2c4?s=96&d=mm&r=g\",\"url\":\"https:\\\/\\\/secure.gravatar.com\\\/avatar\\\/d39d170de4c2d07e897fbc26cf9d890fc046285c742207b86d8ebabe5fcde2c4?s=96&d=mm&r=g\",\"contentUrl\":\"https:\\\/\\\/secure.gravatar.com\\\/avatar\\\/d39d170de4c2d07e897fbc26cf9d890fc046285c742207b86d8ebabe5fcde2c4?s=96&d=mm&r=g\",\"caption\":\"pia.schwab\"},\"url\":\"https:\\\/\\\/www.musikzeitung.ch\\\/en\\\/author\\\/pia-schwab\"}]}<\/script>\n<!-- \/ Yoast SEO plugin. -->","yoast_head_json":{"title":"Sophisticated music for cello and organ - Schweizer Musikzeitung","description":"In the \"Sonata da chiesa\" by Harald Feller, the cello can stand out through lyrical passages.","robots":{"index":"index","follow":"follow","max-snippet":"max-snippet:-1","max-image-preview":"max-image-preview:large","max-video-preview":"max-video-preview:-1"},"canonical":"https:\/\/www.musikzeitung.ch\/en\/rezensionen\/noten-rezensionen\/2023\/10\/feller-sonata\/","og_locale":"en_US","og_type":"article","og_title":"Anspruchsvolles f\u00fcr Cello und Orgel - Schweizer Musikzeitung","og_description":"In der \u00abSonata da chiesa\u00bb von Harald Feller kann das Cello durch lyrische Passagen hervortreten.","og_url":"https:\/\/www.musikzeitung.ch\/en\/rezensionen\/noten-rezensionen\/2023\/10\/feller-sonata\/","og_site_name":"Schweizer Musikzeitung","article_publisher":"https:\/\/www.facebook.com\/SchweizerMusikzeitung\/","article_published_time":"2023-10-31T16:51:51+00:00","article_modified_time":"2023-11-02T08:30:58+00:00","og_image":[{"width":1024,"height":681,"url":"https:\/\/www.musikzeitung.ch\/wp-content\/uploads\/2023\/10\/Harald_Feller_2022.jpg","type":"image\/jpeg"}],"author":"pia.schwab","twitter_card":"summary_large_image","twitter_creator":"@smusikzeitung","twitter_site":"@smusikzeitung","twitter_misc":{"Written by":"pia.schwab","Est. reading time":"2 minutes"},"schema":{"@context":"https:\/\/schema.org","@graph":[{"@type":"Article","@id":"https:\/\/www.musikzeitung.ch\/rezensionen\/noten-rezensionen\/2023\/10\/feller-sonata#article","isPartOf":{"@id":"https:\/\/www.musikzeitung.ch\/rezensionen\/noten-rezensionen\/2023\/10\/feller-sonata"},"author":{"name":"pia.schwab","@id":"https:\/\/www.musikzeitung.ch\/#\/schema\/person\/ea3d7b86bd7157c78c7ddd37f2f82b5b"},"headline":"Anspruchsvolles f\u00fcr Cello und Orgel","datePublished":"2023-10-31T16:51:51+00:00","dateModified":"2023-11-02T08:30:58+00:00","mainEntityOfPage":{"@id":"https:\/\/www.musikzeitung.ch\/rezensionen\/noten-rezensionen\/2023\/10\/feller-sonata"},"wordCount":307,"publisher":{"@id":"https:\/\/www.musikzeitung.ch\/#organization"},"image":{"@id":"https:\/\/www.musikzeitung.ch\/rezensionen\/noten-rezensionen\/2023\/10\/feller-sonata#primaryimage"},"thumbnailUrl":"https:\/\/www.musikzeitung.ch\/wp-content\/uploads\/2023\/10\/Harald_Feller_2022.jpg","keywords":["Cello und Orgel","Harald Feller","Sonata da Chiesa"],"articleSection":["Noten","Rezensionen"],"inLanguage":"en-US"},{"@type":"WebPage","@id":"https:\/\/www.musikzeitung.ch\/rezensionen\/noten-rezensionen\/2023\/10\/feller-sonata","url":"https:\/\/www.musikzeitung.ch\/rezensionen\/noten-rezensionen\/2023\/10\/feller-sonata","name":"Sophisticated music for cello and organ - Schweizer Musikzeitung","isPartOf":{"@id":"https:\/\/www.musikzeitung.ch\/#website"},"primaryImageOfPage":{"@id":"https:\/\/www.musikzeitung.ch\/rezensionen\/noten-rezensionen\/2023\/10\/feller-sonata#primaryimage"},"image":{"@id":"https:\/\/www.musikzeitung.ch\/rezensionen\/noten-rezensionen\/2023\/10\/feller-sonata#primaryimage"},"thumbnailUrl":"https:\/\/www.musikzeitung.ch\/wp-content\/uploads\/2023\/10\/Harald_Feller_2022.jpg","datePublished":"2023-10-31T16:51:51+00:00","dateModified":"2023-11-02T08:30:58+00:00","description":"In the \"Sonata da chiesa\" by Harald Feller, the cello can stand out through lyrical passages.","breadcrumb":{"@id":"https:\/\/www.musikzeitung.ch\/rezensionen\/noten-rezensionen\/2023\/10\/feller-sonata#breadcrumb"},"inLanguage":"en-US","potentialAction":[{"@type":"ReadAction","target":["https:\/\/www.musikzeitung.ch\/rezensionen\/noten-rezensionen\/2023\/10\/feller-sonata"]}]},{"@type":"ImageObject","inLanguage":"en-US","@id":"https:\/\/www.musikzeitung.ch\/rezensionen\/noten-rezensionen\/2023\/10\/feller-sonata#primaryimage","url":"https:\/\/www.musikzeitung.ch\/wp-content\/uploads\/2023\/10\/Harald_Feller_2022.jpg","contentUrl":"https:\/\/www.musikzeitung.ch\/wp-content\/uploads\/2023\/10\/Harald_Feller_2022.jpg","width":1024,"height":681},{"@type":"BreadcrumbList","@id":"https:\/\/www.musikzeitung.ch\/rezensionen\/noten-rezensionen\/2023\/10\/feller-sonata#breadcrumb","itemListElement":[{"@type":"ListItem","position":1,"name":"Home","item":"https:\/\/www.musikzeitung.ch\/"},{"@type":"ListItem","position":2,"name":"Anspruchsvolles f\u00fcr Cello und Orgel"}]},{"@type":"WebSite","@id":"https:\/\/www.musikzeitung.ch\/#website","url":"https:\/\/www.musikzeitung.ch\/","name":"Swiss Music Newspaper","description":"The leading interdisciplinary monthly newspaper in Switzerland for musical issues.","publisher":{"@id":"https:\/\/www.musikzeitung.ch\/#organization"},"potentialAction":[{"@type":"SearchAction","target":{"@type":"EntryPoint","urlTemplate":"https:\/\/www.musikzeitung.ch\/?s={search_term_string}"},"query-input":{"@type":"PropertyValueSpecification","valueRequired":true,"valueName":"search_term_string"}}],"inLanguage":"en-US"},{"@type":"Organization","@id":"https:\/\/www.musikzeitung.ch\/#organization","name":"Swiss Music Newspaper","url":"https:\/\/www.musikzeitung.ch\/","logo":{"@type":"ImageObject","inLanguage":"en-US","@id":"https:\/\/www.musikzeitung.ch\/#\/schema\/logo\/image\/","url":"https:\/\/www.musikzeitung.ch\/wp-content\/uploads\/2023\/01\/SMZ_Schriftzug_Sprache.png","contentUrl":"https:\/\/www.musikzeitung.ch\/wp-content\/uploads\/2023\/01\/SMZ_Schriftzug_Sprache.png","width":1400,"height":279,"caption":"Schweizer Musikzeitung"},"image":{"@id":"https:\/\/www.musikzeitung.ch\/#\/schema\/logo\/image\/"},"sameAs":["https:\/\/www.facebook.com\/SchweizerMusikzeitung\/","https:\/\/x.com\/smusikzeitung","https:\/\/www.instagram.com\/musikzeitung.ch\/"]},{"@type":"Person","@id":"https:\/\/www.musikzeitung.ch\/#\/schema\/person\/ea3d7b86bd7157c78c7ddd37f2f82b5b","name":"pia.schwab","image":{"@type":"ImageObject","inLanguage":"en-US","@id":"https:\/\/secure.gravatar.com\/avatar\/d39d170de4c2d07e897fbc26cf9d890fc046285c742207b86d8ebabe5fcde2c4?s=96&d=mm&r=g","url":"https:\/\/secure.gravatar.com\/avatar\/d39d170de4c2d07e897fbc26cf9d890fc046285c742207b86d8ebabe5fcde2c4?s=96&d=mm&r=g","contentUrl":"https:\/\/secure.gravatar.com\/avatar\/d39d170de4c2d07e897fbc26cf9d890fc046285c742207b86d8ebabe5fcde2c4?s=96&d=mm&r=g","caption":"pia.schwab"},"url":"https:\/\/www.musikzeitung.ch\/en\/author\/pia-schwab"}]}},"publishpress_future_workflow_manual_trigger":{"enabledWorkflows":[]},"_links":{"self":[{"href":"https:\/\/www.musikzeitung.ch\/en\/wp-json\/wp\/v2\/posts\/48824","targetHints":{"allow":["GET"]}}],"collection":[{"href":"https:\/\/www.musikzeitung.ch\/en\/wp-json\/wp\/v2\/posts"}],"about":[{"href":"https:\/\/www.musikzeitung.ch\/en\/wp-json\/wp\/v2\/types\/post"}],"author":[{"embeddable":true,"href":"https:\/\/www.musikzeitung.ch\/en\/wp-json\/wp\/v2\/users\/29"}],"replies":[{"embeddable":true,"href":"https:\/\/www.musikzeitung.ch\/en\/wp-json\/wp\/v2\/comments?post=48824"}],"version-history":[{"count":4,"href":"https:\/\/www.musikzeitung.ch\/en\/wp-json\/wp\/v2\/posts\/48824\/revisions"}],"predecessor-version":[{"id":48874,"href":"https:\/\/www.musikzeitung.ch\/en\/wp-json\/wp\/v2\/posts\/48824\/revisions\/48874"}],"wp:featuredmedia":[{"embeddable":true,"href":"https:\/\/www.musikzeitung.ch\/en\/wp-json\/wp\/v2\/media\/48825"}],"wp:attachment":[{"href":"https:\/\/www.musikzeitung.ch\/en\/wp-json\/wp\/v2\/media?parent=48824"}],"wp:term":[{"taxonomy":"category","embeddable":true,"href":"https:\/\/www.musikzeitung.ch\/en\/wp-json\/wp\/v2\/categories?post=48824"},{"taxonomy":"post_tag","embeddable":true,"href":"https:\/\/www.musikzeitung.ch\/en\/wp-json\/wp\/v2\/tags?post=48824"}],"curies":[{"name":"wp","href":"https:\/\/api.w.org\/{rel}","templated":true}]}}