{"id":48877,"date":"2023-10-30T07:41:54","date_gmt":"2023-10-30T06:41:54","guid":{"rendered":"https:\/\/www.musikzeitung.ch\/?p=48877"},"modified":"2023-11-02T09:37:51","modified_gmt":"2023-11-02T08:37:51","slug":"st-galler-kulturamt-mit-koleitung","status":"publish","type":"post","link":"https:\/\/www.musikzeitung.ch\/en\/news\/2023\/10\/st-galler-kulturamt-mit-koleitung","title":{"rendered":"St. Gallen Cultural Office with co-management"},"content":{"rendered":"<figure id=\"attachment_48878\" aria-describedby=\"caption-attachment-48878\" style=\"width: 587px\" class=\"wp-caption aligncenter\"><img loading=\"lazy\" decoding=\"async\" class=\"wp-image-48878\" src=\"https:\/\/www.musikzeitung.ch\/wp-content\/uploads\/2023\/10\/231030stgallen.jpg\" alt=\"\" width=\"587\" height=\"295\" srcset=\"https:\/\/www.musikzeitung.ch\/wp-content\/uploads\/2023\/10\/231030stgallen.jpg 955w, https:\/\/www.musikzeitung.ch\/wp-content\/uploads\/2023\/10\/231030stgallen-300x151.jpg 300w, https:\/\/www.musikzeitung.ch\/wp-content\/uploads\/2023\/10\/231030stgallen-768x386.jpg 768w, https:\/\/www.musikzeitung.ch\/wp-content\/uploads\/2023\/10\/231030stgallen-348x175.jpg 348w, https:\/\/www.musikzeitung.ch\/wp-content\/uploads\/2023\/10\/231030stgallen-696x350.jpg 696w, https:\/\/www.musikzeitung.ch\/wp-content\/uploads\/2023\/10\/231030stgallen-920x462.jpg 920w\" sizes=\"auto, (max-width: 587px) 100vw, 587px\" \/><figcaption id=\"caption-attachment-48878\" class=\"wp-caption-text\">Christopher R\u00fchle and Sabina Brunnschweiler (Image: Canton of St. Gallen)<\/figcaption><\/figure>\n<p>Christopher R\u00fchle and Sabina Brunnschweiler succeed Tanja Scartazzini, who headed the Office of Culture until last August and is now working for the City of Winterthur. R\u00fchle is already working in the office as Head of Legal Affairs and Head of the Cultural Heritage Department. Sabina Brunnschweiler currently works at the Canton of Zurich's Department of Culture as head of the promotion team.<\/p>\n<p>The new heads of office will work together on overarching management tasks. However, responsibility for the individual areas of the office, which has around one hundred employees, will be divided up. According to current plans, Sabina Brunnschweiler will be responsible for cultural promotion, state archives and the cantonal library, while Christopher R\u00fchle will be in charge of monument preservation, archaeology and cultural heritage.<\/p>\n<p>Christopher R\u00fchle, who holds a doctorate in political science, grew up in Wil, where he also lives. He has worked at the Office of Culture for 16 years, currently as Head of Legal Affairs and Head of the Cultural Heritage Department. He has completed project skills and further training in the areas of management, business administration and culture and is a long-standing member of the Office's management team and also a member of the current interim management team. R\u00fchle is married and the father of a daughter and two sons.<\/p>\n<p>Sabina Brunnschweiler grew up in Toggenburg. She studied German linguistics and literature, general history and journalism. She worked as a journalist in the canton of St.Gallen for several years and then moved to the Office for Culture for a few years, where she worked in the cultural promotion department. In 2011, she moved to the Canton of Zurich in the Culture Department. Since 2018, she has been a member of the management team and head of the funding team and the dance and theater department. She is married and the mother of two daughters.<\/p>\n<p>&nbsp;<\/p>","protected":false},"excerpt":{"rendered":"<p>Sabina Brunnschweiler and Christopher R\u00fchle will lead the Office for Culture of the Canton of St. Gallen in a co-management model from next spring.<\/p>","protected":false},"author":30,"featured_media":48878,"comment_status":"closed","ping_status":"closed","sticky":false,"template":"","format":"standard","meta":{"_acf_changed":false,"_relevanssi_hide_post":"","_relevanssi_hide_content":"","_relevanssi_pin_for_all":"","_relevanssi_pin_keywords":"","_relevanssi_unpin_keywords":"","_relevanssi_related_keywords":"","_relevanssi_related_include_ids":"","_relevanssi_related_exclude_ids":"","_relevanssi_related_no_append":"","_relevanssi_related_not_related":"","_relevanssi_related_posts":"","_relevanssi_noindex_reason":"","pgc_sgb_lightbox_settings":"","footnotes":""},"categories":[27],"tags":[3297,3298],"class_list":["post-48877","post","type-post","status-publish","format-standard","has-post-thumbnail","hentry","category-news","tag-christopher-ruehle","tag-sabina-brunnschweiler-kanton-st-gallen"],"acf":[],"yoast_head":"<!-- This site is optimized with the Yoast SEO plugin v27.4 - https:\/\/yoast.com\/product\/yoast-seo-wordpress\/ -->\n<title>St. Galler Kulturamt mit Koleitung - Schweizer Musikzeitung<\/title>\n<meta name=\"description\" content=\"Sabina Brunnschweiler und Christopher R\u00fchle werden ab kommendem Fr\u00fchling das Amt f\u00fcr Kultur des Kantons St. Gallen in einem Koleitungsmodell f\u00fchren.\" \/>\n<meta name=\"robots\" content=\"index, follow, max-snippet:-1, max-image-preview:large, max-video-preview:-1\" \/>\n<link rel=\"canonical\" href=\"https:\/\/www.musikzeitung.ch\/en\/news\/2023\/10\/st-galler-kulturamt-mit-koleitung\/\" \/>\n<meta property=\"og:locale\" content=\"en_US\" \/>\n<meta property=\"og:type\" content=\"article\" \/>\n<meta property=\"og:title\" content=\"St. Galler Kulturamt mit Koleitung - Schweizer Musikzeitung\" \/>\n<meta property=\"og:description\" content=\"Sabina Brunnschweiler und Christopher R\u00fchle werden ab kommendem Fr\u00fchling das Amt f\u00fcr Kultur des Kantons St. Gallen in einem Koleitungsmodell f\u00fchren.\" \/>\n<meta property=\"og:url\" content=\"https:\/\/www.musikzeitung.ch\/en\/news\/2023\/10\/st-galler-kulturamt-mit-koleitung\/\" \/>\n<meta property=\"og:site_name\" content=\"Schweizer Musikzeitung\" \/>\n<meta property=\"article:publisher\" content=\"https:\/\/www.facebook.com\/SchweizerMusikzeitung\/\" \/>\n<meta property=\"article:author\" content=\"https:\/\/www.facebook.com\/wolfgang.bohler.75\" \/>\n<meta property=\"article:published_time\" content=\"2023-10-30T06:41:54+00:00\" \/>\n<meta property=\"article:modified_time\" content=\"2023-11-02T08:37:51+00:00\" \/>\n<meta property=\"og:image\" content=\"https:\/\/www.musikzeitung.ch\/wp-content\/uploads\/2023\/10\/231030stgallen.jpg\" \/>\n\t<meta property=\"og:image:width\" content=\"955\" \/>\n\t<meta property=\"og:image:height\" content=\"480\" \/>\n\t<meta property=\"og:image:type\" content=\"image\/jpeg\" \/>\n<meta name=\"author\" content=\"Wolfgang B\u00f6hler\" \/>\n<meta name=\"twitter:card\" content=\"summary_large_image\" \/>\n<meta name=\"twitter:creator\" content=\"@smusikzeitung\" \/>\n<meta name=\"twitter:site\" content=\"@smusikzeitung\" \/>\n<meta name=\"twitter:label1\" content=\"Written by\" \/>\n\t<meta name=\"twitter:data1\" content=\"Wolfgang B\u00f6hler\" \/>\n\t<meta name=\"twitter:label2\" content=\"Est. reading time\" \/>\n\t<meta name=\"twitter:data2\" content=\"2 minutes\" \/>\n<script type=\"application\/ld+json\" class=\"yoast-schema-graph\">{\"@context\":\"https:\\\/\\\/schema.org\",\"@graph\":[{\"@type\":\"Article\",\"@id\":\"https:\\\/\\\/www.musikzeitung.ch\\\/news\\\/2023\\\/10\\\/st-galler-kulturamt-mit-koleitung#article\",\"isPartOf\":{\"@id\":\"https:\\\/\\\/www.musikzeitung.ch\\\/news\\\/2023\\\/10\\\/st-galler-kulturamt-mit-koleitung\"},\"author\":{\"name\":\"Wolfgang B\u00f6hler\",\"@id\":\"https:\\\/\\\/www.musikzeitung.ch\\\/#\\\/schema\\\/person\\\/0da4fb82d243f1252850a35d0e87cf0c\"},\"headline\":\"St. Galler Kulturamt mit Koleitung\",\"datePublished\":\"2023-10-30T06:41:54+00:00\",\"dateModified\":\"2023-11-02T08:37:51+00:00\",\"mainEntityOfPage\":{\"@id\":\"https:\\\/\\\/www.musikzeitung.ch\\\/news\\\/2023\\\/10\\\/st-galler-kulturamt-mit-koleitung\"},\"wordCount\":316,\"publisher\":{\"@id\":\"https:\\\/\\\/www.musikzeitung.ch\\\/#organization\"},\"image\":{\"@id\":\"https:\\\/\\\/www.musikzeitung.ch\\\/news\\\/2023\\\/10\\\/st-galler-kulturamt-mit-koleitung#primaryimage\"},\"thumbnailUrl\":\"https:\\\/\\\/www.musikzeitung.ch\\\/wp-content\\\/uploads\\\/2023\\\/10\\\/231030stgallen.jpg\",\"keywords\":[\"Christopher R\u00fchle\",\"Sabina Brunnschweiler. Kanton St. Gallen\"],\"articleSection\":[\"News\"],\"inLanguage\":\"en-US\"},{\"@type\":\"WebPage\",\"@id\":\"https:\\\/\\\/www.musikzeitung.ch\\\/news\\\/2023\\\/10\\\/st-galler-kulturamt-mit-koleitung\",\"url\":\"https:\\\/\\\/www.musikzeitung.ch\\\/news\\\/2023\\\/10\\\/st-galler-kulturamt-mit-koleitung\",\"name\":\"St. Galler Kulturamt mit Koleitung - Schweizer Musikzeitung\",\"isPartOf\":{\"@id\":\"https:\\\/\\\/www.musikzeitung.ch\\\/#website\"},\"primaryImageOfPage\":{\"@id\":\"https:\\\/\\\/www.musikzeitung.ch\\\/news\\\/2023\\\/10\\\/st-galler-kulturamt-mit-koleitung#primaryimage\"},\"image\":{\"@id\":\"https:\\\/\\\/www.musikzeitung.ch\\\/news\\\/2023\\\/10\\\/st-galler-kulturamt-mit-koleitung#primaryimage\"},\"thumbnailUrl\":\"https:\\\/\\\/www.musikzeitung.ch\\\/wp-content\\\/uploads\\\/2023\\\/10\\\/231030stgallen.jpg\",\"datePublished\":\"2023-10-30T06:41:54+00:00\",\"dateModified\":\"2023-11-02T08:37:51+00:00\",\"description\":\"Sabina Brunnschweiler und Christopher R\u00fchle werden ab kommendem Fr\u00fchling das Amt f\u00fcr Kultur des Kantons St. Gallen in einem Koleitungsmodell f\u00fchren.\",\"breadcrumb\":{\"@id\":\"https:\\\/\\\/www.musikzeitung.ch\\\/news\\\/2023\\\/10\\\/st-galler-kulturamt-mit-koleitung#breadcrumb\"},\"inLanguage\":\"en-US\",\"potentialAction\":[{\"@type\":\"ReadAction\",\"target\":[\"https:\\\/\\\/www.musikzeitung.ch\\\/news\\\/2023\\\/10\\\/st-galler-kulturamt-mit-koleitung\"]}]},{\"@type\":\"ImageObject\",\"inLanguage\":\"en-US\",\"@id\":\"https:\\\/\\\/www.musikzeitung.ch\\\/news\\\/2023\\\/10\\\/st-galler-kulturamt-mit-koleitung#primaryimage\",\"url\":\"https:\\\/\\\/www.musikzeitung.ch\\\/wp-content\\\/uploads\\\/2023\\\/10\\\/231030stgallen.jpg\",\"contentUrl\":\"https:\\\/\\\/www.musikzeitung.ch\\\/wp-content\\\/uploads\\\/2023\\\/10\\\/231030stgallen.jpg\",\"width\":955,\"height\":480,\"caption\":\"Christopher R\u00fchle und Sabina Brunnschweiler (Bild: Kanton St. Gallen)\"},{\"@type\":\"BreadcrumbList\",\"@id\":\"https:\\\/\\\/www.musikzeitung.ch\\\/news\\\/2023\\\/10\\\/st-galler-kulturamt-mit-koleitung#breadcrumb\",\"itemListElement\":[{\"@type\":\"ListItem\",\"position\":1,\"name\":\"Home\",\"item\":\"https:\\\/\\\/www.musikzeitung.ch\\\/\"},{\"@type\":\"ListItem\",\"position\":2,\"name\":\"St. Galler Kulturamt mit Koleitung\"}]},{\"@type\":\"WebSite\",\"@id\":\"https:\\\/\\\/www.musikzeitung.ch\\\/#website\",\"url\":\"https:\\\/\\\/www.musikzeitung.ch\\\/\",\"name\":\"Schweizer Musikzeitung\",\"description\":\"Die f\u00fchrende sparten\u00fcbergreifende Monatszeitung in der Schweiz f\u00fcr musikalische Fragen.\",\"publisher\":{\"@id\":\"https:\\\/\\\/www.musikzeitung.ch\\\/#organization\"},\"potentialAction\":[{\"@type\":\"SearchAction\",\"target\":{\"@type\":\"EntryPoint\",\"urlTemplate\":\"https:\\\/\\\/www.musikzeitung.ch\\\/?s={search_term_string}\"},\"query-input\":{\"@type\":\"PropertyValueSpecification\",\"valueRequired\":true,\"valueName\":\"search_term_string\"}}],\"inLanguage\":\"en-US\"},{\"@type\":\"Organization\",\"@id\":\"https:\\\/\\\/www.musikzeitung.ch\\\/#organization\",\"name\":\"Schweizer Musikzeitung\",\"url\":\"https:\\\/\\\/www.musikzeitung.ch\\\/\",\"logo\":{\"@type\":\"ImageObject\",\"inLanguage\":\"en-US\",\"@id\":\"https:\\\/\\\/www.musikzeitung.ch\\\/#\\\/schema\\\/logo\\\/image\\\/\",\"url\":\"https:\\\/\\\/www.musikzeitung.ch\\\/wp-content\\\/uploads\\\/2023\\\/01\\\/SMZ_Schriftzug_Sprache.png\",\"contentUrl\":\"https:\\\/\\\/www.musikzeitung.ch\\\/wp-content\\\/uploads\\\/2023\\\/01\\\/SMZ_Schriftzug_Sprache.png\",\"width\":1400,\"height\":279,\"caption\":\"Schweizer Musikzeitung\"},\"image\":{\"@id\":\"https:\\\/\\\/www.musikzeitung.ch\\\/#\\\/schema\\\/logo\\\/image\\\/\"},\"sameAs\":[\"https:\\\/\\\/www.facebook.com\\\/SchweizerMusikzeitung\\\/\",\"https:\\\/\\\/x.com\\\/smusikzeitung\",\"https:\\\/\\\/www.instagram.com\\\/musikzeitung.ch\\\/\"]},{\"@type\":\"Person\",\"@id\":\"https:\\\/\\\/www.musikzeitung.ch\\\/#\\\/schema\\\/person\\\/0da4fb82d243f1252850a35d0e87cf0c\",\"name\":\"Wolfgang B\u00f6hler\",\"image\":{\"@type\":\"ImageObject\",\"inLanguage\":\"en-US\",\"@id\":\"https:\\\/\\\/www.musikzeitung.ch\\\/wp-content\\\/uploads\\\/2023\\\/01\\\/boehler_portraet_web-e1674139782246-96x96.jpg\",\"url\":\"https:\\\/\\\/www.musikzeitung.ch\\\/wp-content\\\/uploads\\\/2023\\\/01\\\/boehler_portraet_web-e1674139782246-96x96.jpg\",\"contentUrl\":\"https:\\\/\\\/www.musikzeitung.ch\\\/wp-content\\\/uploads\\\/2023\\\/01\\\/boehler_portraet_web-e1674139782246-96x96.jpg\",\"caption\":\"Wolfgang B\u00f6hler\"},\"sameAs\":[\"http:\\\/\\\/www.manacanto.ch\",\"https:\\\/\\\/www.facebook.com\\\/wolfgang.bohler.75\"],\"url\":\"https:\\\/\\\/www.musikzeitung.ch\\\/en\\\/author\\\/wolfgang-boehler\"}]}<\/script>\n<!-- \/ Yoast SEO plugin. -->","yoast_head_json":{"title":"St. Galler Kulturamt mit Koleitung - Schweizer Musikzeitung","description":"Sabina Brunnschweiler and Christopher R\u00fchle will lead the Office for Culture of the Canton of St. Gallen in a co-management model from next spring.","robots":{"index":"index","follow":"follow","max-snippet":"max-snippet:-1","max-image-preview":"max-image-preview:large","max-video-preview":"max-video-preview:-1"},"canonical":"https:\/\/www.musikzeitung.ch\/en\/news\/2023\/10\/st-galler-kulturamt-mit-koleitung\/","og_locale":"en_US","og_type":"article","og_title":"St. Galler Kulturamt mit Koleitung - Schweizer Musikzeitung","og_description":"Sabina Brunnschweiler und Christopher R\u00fchle werden ab kommendem Fr\u00fchling das Amt f\u00fcr Kultur des Kantons St. Gallen in einem Koleitungsmodell f\u00fchren.","og_url":"https:\/\/www.musikzeitung.ch\/en\/news\/2023\/10\/st-galler-kulturamt-mit-koleitung\/","og_site_name":"Schweizer Musikzeitung","article_publisher":"https:\/\/www.facebook.com\/SchweizerMusikzeitung\/","article_author":"https:\/\/www.facebook.com\/wolfgang.bohler.75","article_published_time":"2023-10-30T06:41:54+00:00","article_modified_time":"2023-11-02T08:37:51+00:00","og_image":[{"width":955,"height":480,"url":"https:\/\/www.musikzeitung.ch\/wp-content\/uploads\/2023\/10\/231030stgallen.jpg","type":"image\/jpeg"}],"author":"Wolfgang B\u00f6hler","twitter_card":"summary_large_image","twitter_creator":"@smusikzeitung","twitter_site":"@smusikzeitung","twitter_misc":{"Written by":"Wolfgang B\u00f6hler","Est. reading time":"2 minutes"},"schema":{"@context":"https:\/\/schema.org","@graph":[{"@type":"Article","@id":"https:\/\/www.musikzeitung.ch\/news\/2023\/10\/st-galler-kulturamt-mit-koleitung#article","isPartOf":{"@id":"https:\/\/www.musikzeitung.ch\/news\/2023\/10\/st-galler-kulturamt-mit-koleitung"},"author":{"name":"Wolfgang B\u00f6hler","@id":"https:\/\/www.musikzeitung.ch\/#\/schema\/person\/0da4fb82d243f1252850a35d0e87cf0c"},"headline":"St. Galler Kulturamt mit Koleitung","datePublished":"2023-10-30T06:41:54+00:00","dateModified":"2023-11-02T08:37:51+00:00","mainEntityOfPage":{"@id":"https:\/\/www.musikzeitung.ch\/news\/2023\/10\/st-galler-kulturamt-mit-koleitung"},"wordCount":316,"publisher":{"@id":"https:\/\/www.musikzeitung.ch\/#organization"},"image":{"@id":"https:\/\/www.musikzeitung.ch\/news\/2023\/10\/st-galler-kulturamt-mit-koleitung#primaryimage"},"thumbnailUrl":"https:\/\/www.musikzeitung.ch\/wp-content\/uploads\/2023\/10\/231030stgallen.jpg","keywords":["Christopher R\u00fchle","Sabina Brunnschweiler. Kanton St. Gallen"],"articleSection":["News"],"inLanguage":"en-US"},{"@type":"WebPage","@id":"https:\/\/www.musikzeitung.ch\/news\/2023\/10\/st-galler-kulturamt-mit-koleitung","url":"https:\/\/www.musikzeitung.ch\/news\/2023\/10\/st-galler-kulturamt-mit-koleitung","name":"St. Galler Kulturamt mit Koleitung - Schweizer Musikzeitung","isPartOf":{"@id":"https:\/\/www.musikzeitung.ch\/#website"},"primaryImageOfPage":{"@id":"https:\/\/www.musikzeitung.ch\/news\/2023\/10\/st-galler-kulturamt-mit-koleitung#primaryimage"},"image":{"@id":"https:\/\/www.musikzeitung.ch\/news\/2023\/10\/st-galler-kulturamt-mit-koleitung#primaryimage"},"thumbnailUrl":"https:\/\/www.musikzeitung.ch\/wp-content\/uploads\/2023\/10\/231030stgallen.jpg","datePublished":"2023-10-30T06:41:54+00:00","dateModified":"2023-11-02T08:37:51+00:00","description":"Sabina Brunnschweiler and Christopher R\u00fchle will lead the Office for Culture of the Canton of St. Gallen in a co-management model from next spring.","breadcrumb":{"@id":"https:\/\/www.musikzeitung.ch\/news\/2023\/10\/st-galler-kulturamt-mit-koleitung#breadcrumb"},"inLanguage":"en-US","potentialAction":[{"@type":"ReadAction","target":["https:\/\/www.musikzeitung.ch\/news\/2023\/10\/st-galler-kulturamt-mit-koleitung"]}]},{"@type":"ImageObject","inLanguage":"en-US","@id":"https:\/\/www.musikzeitung.ch\/news\/2023\/10\/st-galler-kulturamt-mit-koleitung#primaryimage","url":"https:\/\/www.musikzeitung.ch\/wp-content\/uploads\/2023\/10\/231030stgallen.jpg","contentUrl":"https:\/\/www.musikzeitung.ch\/wp-content\/uploads\/2023\/10\/231030stgallen.jpg","width":955,"height":480,"caption":"Christopher R\u00fchle und Sabina Brunnschweiler (Bild: Kanton St. Gallen)"},{"@type":"BreadcrumbList","@id":"https:\/\/www.musikzeitung.ch\/news\/2023\/10\/st-galler-kulturamt-mit-koleitung#breadcrumb","itemListElement":[{"@type":"ListItem","position":1,"name":"Home","item":"https:\/\/www.musikzeitung.ch\/"},{"@type":"ListItem","position":2,"name":"St. Galler Kulturamt mit Koleitung"}]},{"@type":"WebSite","@id":"https:\/\/www.musikzeitung.ch\/#website","url":"https:\/\/www.musikzeitung.ch\/","name":"Swiss Music Newspaper","description":"The leading interdisciplinary monthly newspaper in Switzerland for musical issues.","publisher":{"@id":"https:\/\/www.musikzeitung.ch\/#organization"},"potentialAction":[{"@type":"SearchAction","target":{"@type":"EntryPoint","urlTemplate":"https:\/\/www.musikzeitung.ch\/?s={search_term_string}"},"query-input":{"@type":"PropertyValueSpecification","valueRequired":true,"valueName":"search_term_string"}}],"inLanguage":"en-US"},{"@type":"Organization","@id":"https:\/\/www.musikzeitung.ch\/#organization","name":"Swiss Music Newspaper","url":"https:\/\/www.musikzeitung.ch\/","logo":{"@type":"ImageObject","inLanguage":"en-US","@id":"https:\/\/www.musikzeitung.ch\/#\/schema\/logo\/image\/","url":"https:\/\/www.musikzeitung.ch\/wp-content\/uploads\/2023\/01\/SMZ_Schriftzug_Sprache.png","contentUrl":"https:\/\/www.musikzeitung.ch\/wp-content\/uploads\/2023\/01\/SMZ_Schriftzug_Sprache.png","width":1400,"height":279,"caption":"Schweizer Musikzeitung"},"image":{"@id":"https:\/\/www.musikzeitung.ch\/#\/schema\/logo\/image\/"},"sameAs":["https:\/\/www.facebook.com\/SchweizerMusikzeitung\/","https:\/\/x.com\/smusikzeitung","https:\/\/www.instagram.com\/musikzeitung.ch\/"]},{"@type":"Person","@id":"https:\/\/www.musikzeitung.ch\/#\/schema\/person\/0da4fb82d243f1252850a35d0e87cf0c","name":"Wolfgang B\u00f6hler","image":{"@type":"ImageObject","inLanguage":"en-US","@id":"https:\/\/www.musikzeitung.ch\/wp-content\/uploads\/2023\/01\/boehler_portraet_web-e1674139782246-96x96.jpg","url":"https:\/\/www.musikzeitung.ch\/wp-content\/uploads\/2023\/01\/boehler_portraet_web-e1674139782246-96x96.jpg","contentUrl":"https:\/\/www.musikzeitung.ch\/wp-content\/uploads\/2023\/01\/boehler_portraet_web-e1674139782246-96x96.jpg","caption":"Wolfgang B\u00f6hler"},"sameAs":["http:\/\/www.manacanto.ch","https:\/\/www.facebook.com\/wolfgang.bohler.75"],"url":"https:\/\/www.musikzeitung.ch\/en\/author\/wolfgang-boehler"}]}},"publishpress_future_workflow_manual_trigger":{"enabledWorkflows":[]},"_links":{"self":[{"href":"https:\/\/www.musikzeitung.ch\/en\/wp-json\/wp\/v2\/posts\/48877","targetHints":{"allow":["GET"]}}],"collection":[{"href":"https:\/\/www.musikzeitung.ch\/en\/wp-json\/wp\/v2\/posts"}],"about":[{"href":"https:\/\/www.musikzeitung.ch\/en\/wp-json\/wp\/v2\/types\/post"}],"author":[{"embeddable":true,"href":"https:\/\/www.musikzeitung.ch\/en\/wp-json\/wp\/v2\/users\/30"}],"replies":[{"embeddable":true,"href":"https:\/\/www.musikzeitung.ch\/en\/wp-json\/wp\/v2\/comments?post=48877"}],"version-history":[{"count":3,"href":"https:\/\/www.musikzeitung.ch\/en\/wp-json\/wp\/v2\/posts\/48877\/revisions"}],"predecessor-version":[{"id":48881,"href":"https:\/\/www.musikzeitung.ch\/en\/wp-json\/wp\/v2\/posts\/48877\/revisions\/48881"}],"wp:featuredmedia":[{"embeddable":true,"href":"https:\/\/www.musikzeitung.ch\/en\/wp-json\/wp\/v2\/media\/48878"}],"wp:attachment":[{"href":"https:\/\/www.musikzeitung.ch\/en\/wp-json\/wp\/v2\/media?parent=48877"}],"wp:term":[{"taxonomy":"category","embeddable":true,"href":"https:\/\/www.musikzeitung.ch\/en\/wp-json\/wp\/v2\/categories?post=48877"},{"taxonomy":"post_tag","embeddable":true,"href":"https:\/\/www.musikzeitung.ch\/en\/wp-json\/wp\/v2\/tags?post=48877"}],"curies":[{"name":"wp","href":"https:\/\/api.w.org\/{rel}","templated":true}]}}