{"id":49107,"date":"2023-11-08T08:08:38","date_gmt":"2023-11-08T07:08:38","guid":{"rendered":"https:\/\/www.musikzeitung.ch\/?p=49107"},"modified":"2023-11-08T09:15:12","modified_gmt":"2023-11-08T08:15:12","slug":"beethovens-kompositionsprozesse-innovativ-entschluesselt","status":"publish","type":"post","link":"https:\/\/www.musikzeitung.ch\/en\/news\/2023\/11\/beethovens-kompositionsprozesse-innovativ-entschluesselt","title":{"rendered":"Beethoven's compositional processes innovatively decoded"},"content":{"rendered":"<figure id=\"attachment_49108\" aria-describedby=\"caption-attachment-49108\" style=\"width: 595px\" class=\"wp-caption aligncenter\"><img loading=\"lazy\" decoding=\"async\" class=\"wp-image-49108\" src=\"https:\/\/www.musikzeitung.ch\/wp-content\/uploads\/2023\/11\/231108beethoven.jpg\" alt=\"\" width=\"595\" height=\"333\" srcset=\"https:\/\/www.musikzeitung.ch\/wp-content\/uploads\/2023\/11\/231108beethoven.jpg 1454w, https:\/\/www.musikzeitung.ch\/wp-content\/uploads\/2023\/11\/231108beethoven-300x168.jpg 300w, https:\/\/www.musikzeitung.ch\/wp-content\/uploads\/2023\/11\/231108beethoven-1024x573.jpg 1024w, https:\/\/www.musikzeitung.ch\/wp-content\/uploads\/2023\/11\/231108beethoven-768x429.jpg 768w, https:\/\/www.musikzeitung.ch\/wp-content\/uploads\/2023\/11\/231108beethoven-313x175.jpg 313w, https:\/\/www.musikzeitung.ch\/wp-content\/uploads\/2023\/11\/231108beethoven-626x350.jpg 626w, https:\/\/www.musikzeitung.ch\/wp-content\/uploads\/2023\/11\/231108beethoven-1431x800.jpg 1431w, https:\/\/www.musikzeitung.ch\/wp-content\/uploads\/2023\/11\/231108beethoven-920x514.jpg 920w, https:\/\/www.musikzeitung.ch\/wp-content\/uploads\/2023\/11\/231108beethoven-1400x783.jpg 1400w\" sizes=\"auto, (max-width: 595px) 100vw, 595px\" \/><figcaption id=\"caption-attachment-49108\" class=\"wp-caption-text\">(Image: Videostill beethovens-werkstatt.de)<\/figcaption><\/figure>\n<p>&nbsp;<\/p>\n<p>Genetic textual criticism is dedicated to compositional writing processes, which can be observed and approximately reconstructed both in individual autographs and in the sequence of interrelated workshop manuscripts (sketches, working manuscripts, lists of corrections, etc.). Writing processes provide information about Beethoven's compositional thinking, actions and decisions. Source documents and text-genetic results will be presented digitally as part of the project.<\/p>\n<p>The musicologist Johannes Kepper has now taken up his academy professorship (W2) in the field of digital music editing and digital humanities. The professorship complements the Department of Musicology\/Digital Music Edition at the Detmold\/Paderborn Musicology Seminar of the Faculty of Cultural Studies at Paderborn University. In addition to his involvement in the academy project Beethoven's Workshop, Kepper will support the expansion of the \"Center Music - Edition - Media\" (ZenMEM) and the deepening of the range of courses in this area. He will take over from Joachim Veit as co-project manager of the academy project.<\/p>\n<p><strong>More info:<\/strong> <a href=\"https:\/\/beethovens-werkstatt.de\/\">beethovens-werkstatt.de<\/a><\/p>","protected":false},"excerpt":{"rendered":"<p>\"Beethoven's Workshop\" at the Academy of Sciences and Literature in Mainz combines genetic text criticism and digital music editing. Johannes Kepper is tackling the project at Paderborn University.  <\/p>","protected":false},"author":30,"featured_media":49108,"comment_status":"closed","ping_status":"closed","sticky":false,"template":"","format":"standard","meta":{"_acf_changed":false,"_relevanssi_hide_post":"","_relevanssi_hide_content":"","_relevanssi_pin_for_all":"","_relevanssi_pin_keywords":"","_relevanssi_unpin_keywords":"","_relevanssi_related_keywords":"","_relevanssi_related_include_ids":"","_relevanssi_related_exclude_ids":"","_relevanssi_related_no_append":"","_relevanssi_related_not_related":"","_relevanssi_related_posts":"","_relevanssi_noindex_reason":"","pgc_sgb_lightbox_settings":"","footnotes":""},"categories":[27],"tags":[3320,3322,3321],"class_list":["post-49107","post","type-post","status-publish","format-standard","has-post-thumbnail","hentry","category-news","tag-beethovens-werkstatt","tag-johannes-kepper","tag-universitaet-paderborn"],"acf":[],"yoast_head":"<!-- This site is optimized with the Yoast SEO plugin v27.4 - https:\/\/yoast.com\/product\/yoast-seo-wordpress\/ -->\n<title>Beethovens Kompositionsprozesse innovativ entschl\u00fcsselt - Schweizer Musikzeitung<\/title>\n<meta name=\"description\" content=\"\u00abBeethovens Werkstatt\u00bb der Akademie der Wissenschaften und der Literatur\/Mainz kombiniert genetische Textkritik und digitale Musikedition.\" \/>\n<meta name=\"robots\" content=\"index, follow, max-snippet:-1, max-image-preview:large, max-video-preview:-1\" \/>\n<link rel=\"canonical\" href=\"https:\/\/www.musikzeitung.ch\/en\/news\/2023\/11\/beethovens-kompositionsprozesse-innovativ-entschluesselt\/\" \/>\n<meta property=\"og:locale\" content=\"en_US\" \/>\n<meta property=\"og:type\" content=\"article\" \/>\n<meta property=\"og:title\" content=\"Beethovens Kompositionsprozesse innovativ entschl\u00fcsselt - Schweizer Musikzeitung\" \/>\n<meta property=\"og:description\" content=\"\u00abBeethovens Werkstatt\u00bb der Akademie der Wissenschaften und der Literatur\/Mainz kombiniert genetische Textkritik und digitale Musikedition.\" \/>\n<meta property=\"og:url\" content=\"https:\/\/www.musikzeitung.ch\/en\/news\/2023\/11\/beethovens-kompositionsprozesse-innovativ-entschluesselt\/\" \/>\n<meta property=\"og:site_name\" content=\"Schweizer Musikzeitung\" \/>\n<meta property=\"article:publisher\" content=\"https:\/\/www.facebook.com\/SchweizerMusikzeitung\/\" \/>\n<meta property=\"article:author\" content=\"https:\/\/www.facebook.com\/wolfgang.bohler.75\" \/>\n<meta property=\"article:published_time\" content=\"2023-11-08T07:08:38+00:00\" \/>\n<meta property=\"article:modified_time\" content=\"2023-11-08T08:15:12+00:00\" \/>\n<meta property=\"og:image\" content=\"https:\/\/www.musikzeitung.ch\/wp-content\/uploads\/2023\/11\/231108beethoven.jpg\" \/>\n\t<meta property=\"og:image:width\" content=\"1454\" \/>\n\t<meta property=\"og:image:height\" content=\"813\" \/>\n\t<meta property=\"og:image:type\" content=\"image\/jpeg\" \/>\n<meta name=\"author\" content=\"Wolfgang B\u00f6hler\" \/>\n<meta name=\"twitter:card\" content=\"summary_large_image\" \/>\n<meta name=\"twitter:creator\" content=\"@smusikzeitung\" \/>\n<meta name=\"twitter:site\" content=\"@smusikzeitung\" \/>\n<meta name=\"twitter:label1\" content=\"Written by\" \/>\n\t<meta name=\"twitter:data1\" content=\"Wolfgang B\u00f6hler\" \/>\n\t<meta name=\"twitter:label2\" content=\"Est. reading time\" \/>\n\t<meta name=\"twitter:data2\" content=\"1 minute\" \/>\n<script type=\"application\/ld+json\" class=\"yoast-schema-graph\">{\"@context\":\"https:\\\/\\\/schema.org\",\"@graph\":[{\"@type\":\"Article\",\"@id\":\"https:\\\/\\\/www.musikzeitung.ch\\\/news\\\/2023\\\/11\\\/beethovens-kompositionsprozesse-innovativ-entschluesselt#article\",\"isPartOf\":{\"@id\":\"https:\\\/\\\/www.musikzeitung.ch\\\/news\\\/2023\\\/11\\\/beethovens-kompositionsprozesse-innovativ-entschluesselt\"},\"author\":{\"name\":\"Wolfgang B\u00f6hler\",\"@id\":\"https:\\\/\\\/www.musikzeitung.ch\\\/#\\\/schema\\\/person\\\/0da4fb82d243f1252850a35d0e87cf0c\"},\"headline\":\"Beethovens Kompositionsprozesse innovativ entschl\u00fcsselt\",\"datePublished\":\"2023-11-08T07:08:38+00:00\",\"dateModified\":\"2023-11-08T08:15:12+00:00\",\"mainEntityOfPage\":{\"@id\":\"https:\\\/\\\/www.musikzeitung.ch\\\/news\\\/2023\\\/11\\\/beethovens-kompositionsprozesse-innovativ-entschluesselt\"},\"wordCount\":158,\"publisher\":{\"@id\":\"https:\\\/\\\/www.musikzeitung.ch\\\/#organization\"},\"image\":{\"@id\":\"https:\\\/\\\/www.musikzeitung.ch\\\/news\\\/2023\\\/11\\\/beethovens-kompositionsprozesse-innovativ-entschluesselt#primaryimage\"},\"thumbnailUrl\":\"https:\\\/\\\/www.musikzeitung.ch\\\/wp-content\\\/uploads\\\/2023\\\/11\\\/231108beethoven.jpg\",\"keywords\":[\"Beethovens Werkstatt\",\"Johannes Kepper\",\"Universit\u00e4t Paderborn\"],\"articleSection\":[\"News\"],\"inLanguage\":\"en-US\"},{\"@type\":\"WebPage\",\"@id\":\"https:\\\/\\\/www.musikzeitung.ch\\\/news\\\/2023\\\/11\\\/beethovens-kompositionsprozesse-innovativ-entschluesselt\",\"url\":\"https:\\\/\\\/www.musikzeitung.ch\\\/news\\\/2023\\\/11\\\/beethovens-kompositionsprozesse-innovativ-entschluesselt\",\"name\":\"Beethovens Kompositionsprozesse innovativ entschl\u00fcsselt - Schweizer Musikzeitung\",\"isPartOf\":{\"@id\":\"https:\\\/\\\/www.musikzeitung.ch\\\/#website\"},\"primaryImageOfPage\":{\"@id\":\"https:\\\/\\\/www.musikzeitung.ch\\\/news\\\/2023\\\/11\\\/beethovens-kompositionsprozesse-innovativ-entschluesselt#primaryimage\"},\"image\":{\"@id\":\"https:\\\/\\\/www.musikzeitung.ch\\\/news\\\/2023\\\/11\\\/beethovens-kompositionsprozesse-innovativ-entschluesselt#primaryimage\"},\"thumbnailUrl\":\"https:\\\/\\\/www.musikzeitung.ch\\\/wp-content\\\/uploads\\\/2023\\\/11\\\/231108beethoven.jpg\",\"datePublished\":\"2023-11-08T07:08:38+00:00\",\"dateModified\":\"2023-11-08T08:15:12+00:00\",\"description\":\"\u00abBeethovens Werkstatt\u00bb der Akademie der Wissenschaften und der Literatur\\\/Mainz kombiniert genetische Textkritik und digitale Musikedition.\",\"breadcrumb\":{\"@id\":\"https:\\\/\\\/www.musikzeitung.ch\\\/news\\\/2023\\\/11\\\/beethovens-kompositionsprozesse-innovativ-entschluesselt#breadcrumb\"},\"inLanguage\":\"en-US\",\"potentialAction\":[{\"@type\":\"ReadAction\",\"target\":[\"https:\\\/\\\/www.musikzeitung.ch\\\/news\\\/2023\\\/11\\\/beethovens-kompositionsprozesse-innovativ-entschluesselt\"]}]},{\"@type\":\"ImageObject\",\"inLanguage\":\"en-US\",\"@id\":\"https:\\\/\\\/www.musikzeitung.ch\\\/news\\\/2023\\\/11\\\/beethovens-kompositionsprozesse-innovativ-entschluesselt#primaryimage\",\"url\":\"https:\\\/\\\/www.musikzeitung.ch\\\/wp-content\\\/uploads\\\/2023\\\/11\\\/231108beethoven.jpg\",\"contentUrl\":\"https:\\\/\\\/www.musikzeitung.ch\\\/wp-content\\\/uploads\\\/2023\\\/11\\\/231108beethoven.jpg\",\"width\":1454,\"height\":813,\"caption\":\"(Bild: Videostill beethovens-werkstatt.de)\"},{\"@type\":\"BreadcrumbList\",\"@id\":\"https:\\\/\\\/www.musikzeitung.ch\\\/news\\\/2023\\\/11\\\/beethovens-kompositionsprozesse-innovativ-entschluesselt#breadcrumb\",\"itemListElement\":[{\"@type\":\"ListItem\",\"position\":1,\"name\":\"Home\",\"item\":\"https:\\\/\\\/www.musikzeitung.ch\\\/\"},{\"@type\":\"ListItem\",\"position\":2,\"name\":\"Beethovens Kompositionsprozesse innovativ entschl\u00fcsselt\"}]},{\"@type\":\"WebSite\",\"@id\":\"https:\\\/\\\/www.musikzeitung.ch\\\/#website\",\"url\":\"https:\\\/\\\/www.musikzeitung.ch\\\/\",\"name\":\"Schweizer Musikzeitung\",\"description\":\"Die f\u00fchrende sparten\u00fcbergreifende Monatszeitung in der Schweiz f\u00fcr musikalische Fragen.\",\"publisher\":{\"@id\":\"https:\\\/\\\/www.musikzeitung.ch\\\/#organization\"},\"potentialAction\":[{\"@type\":\"SearchAction\",\"target\":{\"@type\":\"EntryPoint\",\"urlTemplate\":\"https:\\\/\\\/www.musikzeitung.ch\\\/?s={search_term_string}\"},\"query-input\":{\"@type\":\"PropertyValueSpecification\",\"valueRequired\":true,\"valueName\":\"search_term_string\"}}],\"inLanguage\":\"en-US\"},{\"@type\":\"Organization\",\"@id\":\"https:\\\/\\\/www.musikzeitung.ch\\\/#organization\",\"name\":\"Schweizer Musikzeitung\",\"url\":\"https:\\\/\\\/www.musikzeitung.ch\\\/\",\"logo\":{\"@type\":\"ImageObject\",\"inLanguage\":\"en-US\",\"@id\":\"https:\\\/\\\/www.musikzeitung.ch\\\/#\\\/schema\\\/logo\\\/image\\\/\",\"url\":\"https:\\\/\\\/www.musikzeitung.ch\\\/wp-content\\\/uploads\\\/2023\\\/01\\\/SMZ_Schriftzug_Sprache.png\",\"contentUrl\":\"https:\\\/\\\/www.musikzeitung.ch\\\/wp-content\\\/uploads\\\/2023\\\/01\\\/SMZ_Schriftzug_Sprache.png\",\"width\":1400,\"height\":279,\"caption\":\"Schweizer Musikzeitung\"},\"image\":{\"@id\":\"https:\\\/\\\/www.musikzeitung.ch\\\/#\\\/schema\\\/logo\\\/image\\\/\"},\"sameAs\":[\"https:\\\/\\\/www.facebook.com\\\/SchweizerMusikzeitung\\\/\",\"https:\\\/\\\/x.com\\\/smusikzeitung\",\"https:\\\/\\\/www.instagram.com\\\/musikzeitung.ch\\\/\"]},{\"@type\":\"Person\",\"@id\":\"https:\\\/\\\/www.musikzeitung.ch\\\/#\\\/schema\\\/person\\\/0da4fb82d243f1252850a35d0e87cf0c\",\"name\":\"Wolfgang B\u00f6hler\",\"image\":{\"@type\":\"ImageObject\",\"inLanguage\":\"en-US\",\"@id\":\"https:\\\/\\\/www.musikzeitung.ch\\\/wp-content\\\/uploads\\\/2023\\\/01\\\/boehler_portraet_web-e1674139782246-96x96.jpg\",\"url\":\"https:\\\/\\\/www.musikzeitung.ch\\\/wp-content\\\/uploads\\\/2023\\\/01\\\/boehler_portraet_web-e1674139782246-96x96.jpg\",\"contentUrl\":\"https:\\\/\\\/www.musikzeitung.ch\\\/wp-content\\\/uploads\\\/2023\\\/01\\\/boehler_portraet_web-e1674139782246-96x96.jpg\",\"caption\":\"Wolfgang B\u00f6hler\"},\"sameAs\":[\"http:\\\/\\\/www.manacanto.ch\",\"https:\\\/\\\/www.facebook.com\\\/wolfgang.bohler.75\"],\"url\":\"https:\\\/\\\/www.musikzeitung.ch\\\/en\\\/author\\\/wolfgang-boehler\"}]}<\/script>\n<!-- \/ Yoast SEO plugin. -->","yoast_head_json":{"title":"Beethovens Kompositionsprozesse innovativ entschl\u00fcsselt - Schweizer Musikzeitung","description":"\u00abBeethovens Werkstatt\u00bb der Akademie der Wissenschaften und der Literatur\/Mainz kombiniert genetische Textkritik und digitale Musikedition.","robots":{"index":"index","follow":"follow","max-snippet":"max-snippet:-1","max-image-preview":"max-image-preview:large","max-video-preview":"max-video-preview:-1"},"canonical":"https:\/\/www.musikzeitung.ch\/en\/news\/2023\/11\/beethovens-kompositionsprozesse-innovativ-entschluesselt\/","og_locale":"en_US","og_type":"article","og_title":"Beethovens Kompositionsprozesse innovativ entschl\u00fcsselt - Schweizer Musikzeitung","og_description":"\u00abBeethovens Werkstatt\u00bb der Akademie der Wissenschaften und der Literatur\/Mainz kombiniert genetische Textkritik und digitale Musikedition.","og_url":"https:\/\/www.musikzeitung.ch\/en\/news\/2023\/11\/beethovens-kompositionsprozesse-innovativ-entschluesselt\/","og_site_name":"Schweizer Musikzeitung","article_publisher":"https:\/\/www.facebook.com\/SchweizerMusikzeitung\/","article_author":"https:\/\/www.facebook.com\/wolfgang.bohler.75","article_published_time":"2023-11-08T07:08:38+00:00","article_modified_time":"2023-11-08T08:15:12+00:00","og_image":[{"width":1454,"height":813,"url":"https:\/\/www.musikzeitung.ch\/wp-content\/uploads\/2023\/11\/231108beethoven.jpg","type":"image\/jpeg"}],"author":"Wolfgang B\u00f6hler","twitter_card":"summary_large_image","twitter_creator":"@smusikzeitung","twitter_site":"@smusikzeitung","twitter_misc":{"Written by":"Wolfgang B\u00f6hler","Est. reading time":"1 minute"},"schema":{"@context":"https:\/\/schema.org","@graph":[{"@type":"Article","@id":"https:\/\/www.musikzeitung.ch\/news\/2023\/11\/beethovens-kompositionsprozesse-innovativ-entschluesselt#article","isPartOf":{"@id":"https:\/\/www.musikzeitung.ch\/news\/2023\/11\/beethovens-kompositionsprozesse-innovativ-entschluesselt"},"author":{"name":"Wolfgang B\u00f6hler","@id":"https:\/\/www.musikzeitung.ch\/#\/schema\/person\/0da4fb82d243f1252850a35d0e87cf0c"},"headline":"Beethovens Kompositionsprozesse innovativ entschl\u00fcsselt","datePublished":"2023-11-08T07:08:38+00:00","dateModified":"2023-11-08T08:15:12+00:00","mainEntityOfPage":{"@id":"https:\/\/www.musikzeitung.ch\/news\/2023\/11\/beethovens-kompositionsprozesse-innovativ-entschluesselt"},"wordCount":158,"publisher":{"@id":"https:\/\/www.musikzeitung.ch\/#organization"},"image":{"@id":"https:\/\/www.musikzeitung.ch\/news\/2023\/11\/beethovens-kompositionsprozesse-innovativ-entschluesselt#primaryimage"},"thumbnailUrl":"https:\/\/www.musikzeitung.ch\/wp-content\/uploads\/2023\/11\/231108beethoven.jpg","keywords":["Beethovens Werkstatt","Johannes Kepper","Universit\u00e4t Paderborn"],"articleSection":["News"],"inLanguage":"en-US"},{"@type":"WebPage","@id":"https:\/\/www.musikzeitung.ch\/news\/2023\/11\/beethovens-kompositionsprozesse-innovativ-entschluesselt","url":"https:\/\/www.musikzeitung.ch\/news\/2023\/11\/beethovens-kompositionsprozesse-innovativ-entschluesselt","name":"Beethovens Kompositionsprozesse innovativ entschl\u00fcsselt - Schweizer Musikzeitung","isPartOf":{"@id":"https:\/\/www.musikzeitung.ch\/#website"},"primaryImageOfPage":{"@id":"https:\/\/www.musikzeitung.ch\/news\/2023\/11\/beethovens-kompositionsprozesse-innovativ-entschluesselt#primaryimage"},"image":{"@id":"https:\/\/www.musikzeitung.ch\/news\/2023\/11\/beethovens-kompositionsprozesse-innovativ-entschluesselt#primaryimage"},"thumbnailUrl":"https:\/\/www.musikzeitung.ch\/wp-content\/uploads\/2023\/11\/231108beethoven.jpg","datePublished":"2023-11-08T07:08:38+00:00","dateModified":"2023-11-08T08:15:12+00:00","description":"\u00abBeethovens Werkstatt\u00bb der Akademie der Wissenschaften und der Literatur\/Mainz kombiniert genetische Textkritik und digitale Musikedition.","breadcrumb":{"@id":"https:\/\/www.musikzeitung.ch\/news\/2023\/11\/beethovens-kompositionsprozesse-innovativ-entschluesselt#breadcrumb"},"inLanguage":"en-US","potentialAction":[{"@type":"ReadAction","target":["https:\/\/www.musikzeitung.ch\/news\/2023\/11\/beethovens-kompositionsprozesse-innovativ-entschluesselt"]}]},{"@type":"ImageObject","inLanguage":"en-US","@id":"https:\/\/www.musikzeitung.ch\/news\/2023\/11\/beethovens-kompositionsprozesse-innovativ-entschluesselt#primaryimage","url":"https:\/\/www.musikzeitung.ch\/wp-content\/uploads\/2023\/11\/231108beethoven.jpg","contentUrl":"https:\/\/www.musikzeitung.ch\/wp-content\/uploads\/2023\/11\/231108beethoven.jpg","width":1454,"height":813,"caption":"(Bild: Videostill beethovens-werkstatt.de)"},{"@type":"BreadcrumbList","@id":"https:\/\/www.musikzeitung.ch\/news\/2023\/11\/beethovens-kompositionsprozesse-innovativ-entschluesselt#breadcrumb","itemListElement":[{"@type":"ListItem","position":1,"name":"Home","item":"https:\/\/www.musikzeitung.ch\/"},{"@type":"ListItem","position":2,"name":"Beethovens Kompositionsprozesse innovativ entschl\u00fcsselt"}]},{"@type":"WebSite","@id":"https:\/\/www.musikzeitung.ch\/#website","url":"https:\/\/www.musikzeitung.ch\/","name":"Swiss Music Newspaper","description":"The leading interdisciplinary monthly newspaper in Switzerland for musical issues.","publisher":{"@id":"https:\/\/www.musikzeitung.ch\/#organization"},"potentialAction":[{"@type":"SearchAction","target":{"@type":"EntryPoint","urlTemplate":"https:\/\/www.musikzeitung.ch\/?s={search_term_string}"},"query-input":{"@type":"PropertyValueSpecification","valueRequired":true,"valueName":"search_term_string"}}],"inLanguage":"en-US"},{"@type":"Organization","@id":"https:\/\/www.musikzeitung.ch\/#organization","name":"Swiss Music Newspaper","url":"https:\/\/www.musikzeitung.ch\/","logo":{"@type":"ImageObject","inLanguage":"en-US","@id":"https:\/\/www.musikzeitung.ch\/#\/schema\/logo\/image\/","url":"https:\/\/www.musikzeitung.ch\/wp-content\/uploads\/2023\/01\/SMZ_Schriftzug_Sprache.png","contentUrl":"https:\/\/www.musikzeitung.ch\/wp-content\/uploads\/2023\/01\/SMZ_Schriftzug_Sprache.png","width":1400,"height":279,"caption":"Schweizer Musikzeitung"},"image":{"@id":"https:\/\/www.musikzeitung.ch\/#\/schema\/logo\/image\/"},"sameAs":["https:\/\/www.facebook.com\/SchweizerMusikzeitung\/","https:\/\/x.com\/smusikzeitung","https:\/\/www.instagram.com\/musikzeitung.ch\/"]},{"@type":"Person","@id":"https:\/\/www.musikzeitung.ch\/#\/schema\/person\/0da4fb82d243f1252850a35d0e87cf0c","name":"Wolfgang B\u00f6hler","image":{"@type":"ImageObject","inLanguage":"en-US","@id":"https:\/\/www.musikzeitung.ch\/wp-content\/uploads\/2023\/01\/boehler_portraet_web-e1674139782246-96x96.jpg","url":"https:\/\/www.musikzeitung.ch\/wp-content\/uploads\/2023\/01\/boehler_portraet_web-e1674139782246-96x96.jpg","contentUrl":"https:\/\/www.musikzeitung.ch\/wp-content\/uploads\/2023\/01\/boehler_portraet_web-e1674139782246-96x96.jpg","caption":"Wolfgang B\u00f6hler"},"sameAs":["http:\/\/www.manacanto.ch","https:\/\/www.facebook.com\/wolfgang.bohler.75"],"url":"https:\/\/www.musikzeitung.ch\/en\/author\/wolfgang-boehler"}]}},"publishpress_future_workflow_manual_trigger":{"enabledWorkflows":[]},"_links":{"self":[{"href":"https:\/\/www.musikzeitung.ch\/en\/wp-json\/wp\/v2\/posts\/49107","targetHints":{"allow":["GET"]}}],"collection":[{"href":"https:\/\/www.musikzeitung.ch\/en\/wp-json\/wp\/v2\/posts"}],"about":[{"href":"https:\/\/www.musikzeitung.ch\/en\/wp-json\/wp\/v2\/types\/post"}],"author":[{"embeddable":true,"href":"https:\/\/www.musikzeitung.ch\/en\/wp-json\/wp\/v2\/users\/30"}],"replies":[{"embeddable":true,"href":"https:\/\/www.musikzeitung.ch\/en\/wp-json\/wp\/v2\/comments?post=49107"}],"version-history":[{"count":3,"href":"https:\/\/www.musikzeitung.ch\/en\/wp-json\/wp\/v2\/posts\/49107\/revisions"}],"predecessor-version":[{"id":49115,"href":"https:\/\/www.musikzeitung.ch\/en\/wp-json\/wp\/v2\/posts\/49107\/revisions\/49115"}],"wp:featuredmedia":[{"embeddable":true,"href":"https:\/\/www.musikzeitung.ch\/en\/wp-json\/wp\/v2\/media\/49108"}],"wp:attachment":[{"href":"https:\/\/www.musikzeitung.ch\/en\/wp-json\/wp\/v2\/media?parent=49107"}],"wp:term":[{"taxonomy":"category","embeddable":true,"href":"https:\/\/www.musikzeitung.ch\/en\/wp-json\/wp\/v2\/categories?post=49107"},{"taxonomy":"post_tag","embeddable":true,"href":"https:\/\/www.musikzeitung.ch\/en\/wp-json\/wp\/v2\/tags?post=49107"}],"curies":[{"name":"wp","href":"https:\/\/api.w.org\/{rel}","templated":true}]}}