{"id":49124,"date":"2023-11-08T15:42:21","date_gmt":"2023-11-08T14:42:21","guid":{"rendered":"https:\/\/www.musikzeitung.ch\/?p=49124"},"modified":"2024-10-21T11:11:13","modified_gmt":"2024-10-21T09:11:13","slug":"rachmaninow-in-luzern","status":"publish","type":"post","link":"https:\/\/www.musikzeitung.ch\/en\/berichte\/2023\/11\/rachmaninow-in-luzern","title":{"rendered":"Rachmaninov in Lucerne"},"content":{"rendered":"<figure id=\"attachment_49125\" aria-describedby=\"caption-attachment-49125\" style=\"width: 768px\" class=\"wp-caption alignnone\"><img loading=\"lazy\" decoding=\"async\" class=\"wp-image-49125 size-large\" src=\"https:\/\/www.musikzeitung.ch\/wp-content\/uploads\/2023\/11\/SR-am-Fluegel-in-Senar-1024x852.jpg\" alt=\"\" width=\"768\" height=\"639\" srcset=\"https:\/\/www.musikzeitung.ch\/wp-content\/uploads\/2023\/11\/SR-am-Fluegel-in-Senar-1024x852.jpg 1024w, https:\/\/www.musikzeitung.ch\/wp-content\/uploads\/2023\/11\/SR-am-Fluegel-in-Senar-300x250.jpg 300w, https:\/\/www.musikzeitung.ch\/wp-content\/uploads\/2023\/11\/SR-am-Fluegel-in-Senar-768x639.jpg 768w, https:\/\/www.musikzeitung.ch\/wp-content\/uploads\/2023\/11\/SR-am-Fluegel-in-Senar-1536x1279.jpg 1536w, https:\/\/www.musikzeitung.ch\/wp-content\/uploads\/2023\/11\/SR-am-Fluegel-in-Senar-2048x1705.jpg 2048w, https:\/\/www.musikzeitung.ch\/wp-content\/uploads\/2023\/11\/SR-am-Fluegel-in-Senar-210x175.jpg 210w, https:\/\/www.musikzeitung.ch\/wp-content\/uploads\/2023\/11\/SR-am-Fluegel-in-Senar-420x350.jpg 420w, https:\/\/www.musikzeitung.ch\/wp-content\/uploads\/2023\/11\/SR-am-Fluegel-in-Senar-961x800.jpg 961w, https:\/\/www.musikzeitung.ch\/wp-content\/uploads\/2023\/11\/SR-am-Fluegel-in-Senar-920x766.jpg 920w, https:\/\/www.musikzeitung.ch\/wp-content\/uploads\/2023\/11\/SR-am-Fluegel-in-Senar-1400x1165.jpg 1400w, https:\/\/www.musikzeitung.ch\/wp-content\/uploads\/2023\/11\/SR-am-Fluegel-in-Senar.jpg 1201w\" sizes=\"auto, (max-width: 768px) 100vw, 768px\" \/><figcaption id=\"caption-attachment-49125\" class=\"wp-caption-text\">Sergei Rachmaninov at his piano in the Villa Senar, 1930s. Photo: Archive Lucerne Festival, Lucerne<\/figcaption><\/figure>\n<p>The good thing about anniversaries is that something gets moving again. Villa Senar, a stately Bauhaus-style building in the middle of a large park in Hertenstein, was privately owned until recently. Since April 2022, the property has belonged to the canton of Lucerne. Following extensive renovation work, it is temporarily open to the public to mark the 150th anniversary of the birth of Rachmaninoff (1873-1943). The Serge Rachmaninoff Foundation looks after the house and organizes events in Switzerland and abroad.<\/p>\n<p>In this context, the estate was also handed over to the Lucerne State Archives, making Lucerne a focal point for Rachmaninov researchers. Organizing and digitizing it is a time-consuming task, which the State Archives are taking care of in exemplary fashion. An exhibition currently on show at the Hans Erni Museum provides an insight into this impressive legacy.<\/p>\n<h3><strong>Suitcases, gardening clothes and photos<\/strong><\/h3>\n<p>The <a href=\"https:\/\/www.verkehrshaus.ch\/besuchen\/museum\/hans-erni-museum.html\" target=\"_blank\" rel=\"noopener\">Hans-Erni-Museum<\/a> is located on the grounds of the Swiss Museum of Transport in Lucerne. The special exhibition on Sergei Rachmaninov is located on the top floor of the imposing circular building. From a distance, you can see a large display case containing one of the virtuoso's suitcases and his original clothes, which he liked to wear when gardening. Rachmaninov lived in Hertenstein from 1932 to 1939; Villa Senar was his retreat from his strenuous concert tours, where he could also compose in peace. The exhibition focuses on this period.<\/p>\n<p>Heinz Stahlhut, the director of the Hans-Erni-Museum, curated it. He has dedicated an extensive chapter to Lucerne and Hertenstein in the 1930s. Loans from the Swiss Museum of Transport, the Weggis Regional Museum and private collections show how attractive Hertenstein was for international tourism at the time. Another chapter focuses on the architecture, planning and construction of Villa Senar by Alfred M\u00f6ri and Karl Friedrich Krebs. Floor plans, documents and photos provide an insight into the work of these progressive Lucerne architects, who also built St. Luke's Church in 1933\/35.<\/p>\n<figure id=\"attachment_49127\" aria-describedby=\"caption-attachment-49127\" style=\"width: 672px\" class=\"wp-caption alignnone\"><img loading=\"lazy\" decoding=\"async\" class=\"wp-image-49127 size-full\" src=\"https:\/\/www.musikzeitung.ch\/wp-content\/uploads\/2023\/11\/1939_Programm-IMF.jpg\" alt=\"\" width=\"672\" height=\"1000\" srcset=\"https:\/\/www.musikzeitung.ch\/wp-content\/uploads\/2023\/11\/1939_Programm-IMF.jpg 672w, https:\/\/www.musikzeitung.ch\/wp-content\/uploads\/2023\/11\/1939_Programm-IMF-202x300.jpg 202w, https:\/\/www.musikzeitung.ch\/wp-content\/uploads\/2023\/11\/1939_Programm-IMF-688x1024.jpg 688w, https:\/\/www.musikzeitung.ch\/wp-content\/uploads\/2023\/11\/1939_Programm-IMF-768x1143.jpg 768w, https:\/\/www.musikzeitung.ch\/wp-content\/uploads\/2023\/11\/1939_Programm-IMF-1032x1536.jpg 1032w, https:\/\/www.musikzeitung.ch\/wp-content\/uploads\/2023\/11\/1939_Programm-IMF-1376x2048.jpg 1376w, https:\/\/www.musikzeitung.ch\/wp-content\/uploads\/2023\/11\/1939_Programm-IMF-118x175.jpg 118w, https:\/\/www.musikzeitung.ch\/wp-content\/uploads\/2023\/11\/1939_Programm-IMF-235x350.jpg 235w, https:\/\/www.musikzeitung.ch\/wp-content\/uploads\/2023\/11\/1939_Programm-IMF-537x800.jpg 537w, https:\/\/www.musikzeitung.ch\/wp-content\/uploads\/2023\/11\/1939_Programm-IMF-920x1369.jpg 920w, https:\/\/www.musikzeitung.ch\/wp-content\/uploads\/2023\/11\/1939_Programm-IMF-1400x2084.jpg 1400w, https:\/\/www.musikzeitung.ch\/wp-content\/uploads\/2023\/11\/1939_Programm-IMF-300x447.jpg 300w\" sizes=\"auto, (max-width: 672px) 100vw, 672px\" \/><figcaption id=\"caption-attachment-49127\" class=\"wp-caption-text\">Program IV Symphony Concert, International Music Festival, Lucerne, Ernest Ansermet and Sergei Rachmaninoff, 11.08.1939. Program sheet, Documentation Library Walter Labhart, Photo: \u00a9 Andri Stadler, Lucerne<\/figcaption><\/figure>\n<p>Rachmaninov toured primarily as a virtuoso, even during his time in Hertenstein. Concert programs and posters from all over the world can be seen in the exhibition, especially from Carnegie Hall New York and Paris. Rachmaninov's only appearance at the Lucerne International Music Festival is also included. On August 11, 1939, he played Beethoven's Piano Concerto No. 1 in C major under the direction of Ernest Ansermet, and his own <em>Rhapsodie sur un th\u00e8me de Paganini<\/em> for piano and orchestra op. 43.<\/p>\n<p>In this exhibition, it is above all the beautifully presented historical photos of Rachmaninov that attract attention. You can see him either at work on the piano or in private. Also eye-catching are the numerous editions, including Russian ones, of Rachmaninov's most popular piano piece, the <em>Prelude<\/em> C sharp minor op. 3 No. 2 from the documentation library of Walter Labhart. Old shellac records bear witness to a different era of recording technology.<\/p>\n<h3><strong>Variations, essays and events<\/strong><\/h3>\n<p>When Rachmaninov came to Lucerne, he was in a creative crisis. Only after a long break full of artistic self-doubt did he regain his creativity. In Hertenstein, he wrote the <em>Variations sur un th\u00e8me de Corelli <\/em>op. 42, the Paganini Rhapsody and his Third Symphony op. 44. In addition to interesting editions of these works, the conducting score of the Paganini Rhapsody by the renowned conductor Willem Mengelberg is also on display, complete with his entries. All three works can also be heard in the Erni Museum.<\/p>\n<p>A catalog accompanying the exhibition takes an essayistic look at Rachmaninov's time in Lucerne. In it, Karl B\u00fchlmann <em>Insights into Lucerne's artistic life in the thirties<\/em>, Elger Nies carries <em>Indian summer on Lake Lucerne<\/em> and Graziella Contratto makes a <em>An attempt at great happiness, Rachmaninov's music and the lake<\/em>. It is richly illustrated and includes a biography, a bibliography and a list of works.<\/p>\n<p>&nbsp;<\/p>\n<figure id=\"attachment_49130\" aria-describedby=\"caption-attachment-49130\" style=\"width: 1344px\" class=\"wp-caption alignnone\"><img loading=\"lazy\" decoding=\"async\" class=\"wp-image-49130 size-full\" src=\"https:\/\/www.musikzeitung.ch\/wp-content\/uploads\/2023\/11\/Villa-Senar.jpg\" alt=\"\" width=\"1344\" height=\"1000\" srcset=\"https:\/\/www.musikzeitung.ch\/wp-content\/uploads\/2023\/11\/Villa-Senar.jpg 1344w, https:\/\/www.musikzeitung.ch\/wp-content\/uploads\/2023\/11\/Villa-Senar-300x223.jpg 300w, https:\/\/www.musikzeitung.ch\/wp-content\/uploads\/2023\/11\/Villa-Senar-1024x762.jpg 1024w, https:\/\/www.musikzeitung.ch\/wp-content\/uploads\/2023\/11\/Villa-Senar-768x571.jpg 768w, https:\/\/www.musikzeitung.ch\/wp-content\/uploads\/2023\/11\/Villa-Senar-1536x1143.jpg 1536w, https:\/\/www.musikzeitung.ch\/wp-content\/uploads\/2023\/11\/Villa-Senar-2048x1523.jpg 2048w, https:\/\/www.musikzeitung.ch\/wp-content\/uploads\/2023\/11\/Villa-Senar-235x175.jpg 235w, https:\/\/www.musikzeitung.ch\/wp-content\/uploads\/2023\/11\/Villa-Senar-471x350.jpg 471w, https:\/\/www.musikzeitung.ch\/wp-content\/uploads\/2023\/11\/Villa-Senar-1075x800.jpg 1075w, https:\/\/www.musikzeitung.ch\/wp-content\/uploads\/2023\/11\/Villa-Senar-920x684.jpg 920w, https:\/\/www.musikzeitung.ch\/wp-content\/uploads\/2023\/11\/Villa-Senar-1400x1041.jpg 1400w\" sizes=\"auto, (max-width: 1344px) 100vw, 1344px\" \/><figcaption id=\"caption-attachment-49130\" class=\"wp-caption-text\">H. Friebel-Sahli: Villa Senar. Garden front, 1934 Photo: Sursee town archives<\/figcaption><\/figure>\n<p>Museum of Transport Lucerne, <a href=\"https:\/\/www.verkehrshaus.ch\/besuchen\/museum\/hans-erni-museum.html\" target=\"_blank\" rel=\"noopener\">Hans-Erni-Museum<\/a>until January 14, 2024.<br \/>\nThe catalog is also available digitally: <a href=\"mailto:heinz.stahlhut@verkehrshaus.ch\">heinz.stahlhut@verkehrshaus.ch<\/a><br \/>\n23. 11. 2023, 6 pm: Exhibition talk on Villa Senar<br \/>\n14. 1. 2023, 2 pm: Finissage concert with the Corelli Variations (Tommaso Carlini)<\/p>\n<p>Serge Rachmaninoff Foundation: <a href=\"https:\/\/rachmaninoff.ch\" target=\"_blank\" rel=\"noopener\">https:\/\/rachmaninoff.ch<\/a><\/p>","protected":false},"excerpt":{"rendered":"<p>In the 1930s, the much-traveled pianist, composer and conductor Sergei Rachmaninov found peace and relaxation in Hertenstein for a while. With a special exhibition, the Hans-Erni-Museum offers the opportunity to get closer to the artist and his time.<\/p>","protected":false},"author":23,"featured_media":49132,"comment_status":"closed","ping_status":"closed","sticky":false,"template":"","format":"standard","meta":{"_acf_changed":false,"_relevanssi_hide_post":"","_relevanssi_hide_content":"","_relevanssi_pin_for_all":"","_relevanssi_pin_keywords":"","_relevanssi_unpin_keywords":"","_relevanssi_related_keywords":"","_relevanssi_related_include_ids":"","_relevanssi_related_exclude_ids":"","_relevanssi_related_no_append":"","_relevanssi_related_not_related":"","_relevanssi_related_posts":"","_relevanssi_noindex_reason":"","pgc_sgb_lightbox_settings":"","footnotes":""},"categories":[1550,28],"tags":[3324,3323,2850],"class_list":["post-49124","post","type-post","status-publish","format-standard","has-post-thumbnail","hentry","category-ausstellungen","category-berichte","tag-hans-erni-museum","tag-sergei-rachmaninow","tag-villa-senar"],"acf":[],"yoast_head":"<!-- This site is optimized with the Yoast SEO plugin v27.4 - https:\/\/yoast.com\/product\/yoast-seo-wordpress\/ -->\n<title>Rachmaninow in Luzern - Schweizer Musikzeitung<\/title>\n<meta name=\"description\" content=\". Mit einer Sonderausstellung bietet das Hans-Erni-Museum in Luzern die Gelegenheit, sich dem K\u00fcnstler und seiner Zeit zu n\u00e4hern.\" \/>\n<meta name=\"robots\" content=\"index, follow, max-snippet:-1, max-image-preview:large, max-video-preview:-1\" \/>\n<link rel=\"canonical\" href=\"https:\/\/www.musikzeitung.ch\/en\/berichte\/2023\/11\/rachmaninow-in-luzern\/\" \/>\n<meta property=\"og:locale\" content=\"en_US\" \/>\n<meta property=\"og:type\" content=\"article\" \/>\n<meta property=\"og:title\" content=\"Rachmaninow in Luzern - Schweizer Musikzeitung\" \/>\n<meta property=\"og:description\" content=\". Mit einer Sonderausstellung bietet das Hans-Erni-Museum in Luzern die Gelegenheit, sich dem K\u00fcnstler und seiner Zeit zu n\u00e4hern.\" \/>\n<meta property=\"og:url\" content=\"https:\/\/www.musikzeitung.ch\/en\/berichte\/2023\/11\/rachmaninow-in-luzern\/\" \/>\n<meta property=\"og:site_name\" content=\"Schweizer Musikzeitung\" \/>\n<meta property=\"article:publisher\" content=\"https:\/\/www.facebook.com\/SchweizerMusikzeitung\/\" \/>\n<meta property=\"article:published_time\" content=\"2023-11-08T14:42:21+00:00\" \/>\n<meta property=\"article:modified_time\" content=\"2024-10-21T09:11:13+00:00\" \/>\n<meta property=\"og:image\" content=\"https:\/\/www.musikzeitung.ch\/wp-content\/uploads\/2023\/11\/Rachmaninow-am-Fluegel.jpg\" \/>\n\t<meta property=\"og:image:width\" content=\"1306\" \/>\n\t<meta property=\"og:image:height\" content=\"1000\" \/>\n\t<meta property=\"og:image:type\" content=\"image\/jpeg\" \/>\n<meta name=\"author\" content=\"Katrin Spelinova\" \/>\n<meta name=\"twitter:card\" content=\"summary_large_image\" \/>\n<meta name=\"twitter:creator\" content=\"@testredaktor\" \/>\n<meta name=\"twitter:site\" content=\"@smusikzeitung\" \/>\n<meta name=\"twitter:label1\" content=\"Written by\" \/>\n\t<meta name=\"twitter:data1\" content=\"Katrin Spelinova\" \/>\n\t<meta name=\"twitter:label2\" content=\"Est. reading time\" \/>\n\t<meta name=\"twitter:data2\" content=\"5 minutes\" \/>\n<script type=\"application\/ld+json\" class=\"yoast-schema-graph\">{\"@context\":\"https:\\\/\\\/schema.org\",\"@graph\":[{\"@type\":\"Article\",\"@id\":\"https:\\\/\\\/www.musikzeitung.ch\\\/berichte\\\/2023\\\/11\\\/rachmaninow-in-luzern#article\",\"isPartOf\":{\"@id\":\"https:\\\/\\\/www.musikzeitung.ch\\\/berichte\\\/2023\\\/11\\\/rachmaninow-in-luzern\"},\"author\":{\"name\":\"Katrin Spelinova\",\"@id\":\"https:\\\/\\\/www.musikzeitung.ch\\\/#\\\/schema\\\/person\\\/dce7e5b820812d9af4db2f787d1bec92\"},\"headline\":\"Rachmaninow in Luzern\",\"datePublished\":\"2023-11-08T14:42:21+00:00\",\"dateModified\":\"2024-10-21T09:11:13+00:00\",\"mainEntityOfPage\":{\"@id\":\"https:\\\/\\\/www.musikzeitung.ch\\\/berichte\\\/2023\\\/11\\\/rachmaninow-in-luzern\"},\"wordCount\":705,\"publisher\":{\"@id\":\"https:\\\/\\\/www.musikzeitung.ch\\\/#organization\"},\"image\":{\"@id\":\"https:\\\/\\\/www.musikzeitung.ch\\\/berichte\\\/2023\\\/11\\\/rachmaninow-in-luzern#primaryimage\"},\"thumbnailUrl\":\"https:\\\/\\\/www.musikzeitung.ch\\\/wp-content\\\/uploads\\\/2023\\\/11\\\/Rachmaninow-am-Fluegel.jpg\",\"keywords\":[\"Hans-Erni-Museum\",\"Sergei Rachmaninow\",\"Villa Senar\"],\"articleSection\":[\"Ausstellungen\",\"Berichte\"],\"inLanguage\":\"en-US\"},{\"@type\":\"WebPage\",\"@id\":\"https:\\\/\\\/www.musikzeitung.ch\\\/berichte\\\/2023\\\/11\\\/rachmaninow-in-luzern\",\"url\":\"https:\\\/\\\/www.musikzeitung.ch\\\/berichte\\\/2023\\\/11\\\/rachmaninow-in-luzern\",\"name\":\"Rachmaninow in Luzern - Schweizer Musikzeitung\",\"isPartOf\":{\"@id\":\"https:\\\/\\\/www.musikzeitung.ch\\\/#website\"},\"primaryImageOfPage\":{\"@id\":\"https:\\\/\\\/www.musikzeitung.ch\\\/berichte\\\/2023\\\/11\\\/rachmaninow-in-luzern#primaryimage\"},\"image\":{\"@id\":\"https:\\\/\\\/www.musikzeitung.ch\\\/berichte\\\/2023\\\/11\\\/rachmaninow-in-luzern#primaryimage\"},\"thumbnailUrl\":\"https:\\\/\\\/www.musikzeitung.ch\\\/wp-content\\\/uploads\\\/2023\\\/11\\\/Rachmaninow-am-Fluegel.jpg\",\"datePublished\":\"2023-11-08T14:42:21+00:00\",\"dateModified\":\"2024-10-21T09:11:13+00:00\",\"description\":\". Mit einer Sonderausstellung bietet das Hans-Erni-Museum in Luzern die Gelegenheit, sich dem K\u00fcnstler und seiner Zeit zu n\u00e4hern.\",\"breadcrumb\":{\"@id\":\"https:\\\/\\\/www.musikzeitung.ch\\\/berichte\\\/2023\\\/11\\\/rachmaninow-in-luzern#breadcrumb\"},\"inLanguage\":\"en-US\",\"potentialAction\":[{\"@type\":\"ReadAction\",\"target\":[\"https:\\\/\\\/www.musikzeitung.ch\\\/berichte\\\/2023\\\/11\\\/rachmaninow-in-luzern\"]}]},{\"@type\":\"ImageObject\",\"inLanguage\":\"en-US\",\"@id\":\"https:\\\/\\\/www.musikzeitung.ch\\\/berichte\\\/2023\\\/11\\\/rachmaninow-in-luzern#primaryimage\",\"url\":\"https:\\\/\\\/www.musikzeitung.ch\\\/wp-content\\\/uploads\\\/2023\\\/11\\\/Rachmaninow-am-Fluegel.jpg\",\"contentUrl\":\"https:\\\/\\\/www.musikzeitung.ch\\\/wp-content\\\/uploads\\\/2023\\\/11\\\/Rachmaninow-am-Fluegel.jpg\",\"width\":1306,\"height\":1000,\"caption\":\"Rachmaninow am Fl\u00fcgel. Foto: Hans-Erni-Museum\"},{\"@type\":\"BreadcrumbList\",\"@id\":\"https:\\\/\\\/www.musikzeitung.ch\\\/berichte\\\/2023\\\/11\\\/rachmaninow-in-luzern#breadcrumb\",\"itemListElement\":[{\"@type\":\"ListItem\",\"position\":1,\"name\":\"Home\",\"item\":\"https:\\\/\\\/www.musikzeitung.ch\\\/\"},{\"@type\":\"ListItem\",\"position\":2,\"name\":\"Rachmaninow in Luzern\"}]},{\"@type\":\"WebSite\",\"@id\":\"https:\\\/\\\/www.musikzeitung.ch\\\/#website\",\"url\":\"https:\\\/\\\/www.musikzeitung.ch\\\/\",\"name\":\"Schweizer Musikzeitung\",\"description\":\"Die f\u00fchrende sparten\u00fcbergreifende Monatszeitung in der Schweiz f\u00fcr musikalische Fragen.\",\"publisher\":{\"@id\":\"https:\\\/\\\/www.musikzeitung.ch\\\/#organization\"},\"potentialAction\":[{\"@type\":\"SearchAction\",\"target\":{\"@type\":\"EntryPoint\",\"urlTemplate\":\"https:\\\/\\\/www.musikzeitung.ch\\\/?s={search_term_string}\"},\"query-input\":{\"@type\":\"PropertyValueSpecification\",\"valueRequired\":true,\"valueName\":\"search_term_string\"}}],\"inLanguage\":\"en-US\"},{\"@type\":\"Organization\",\"@id\":\"https:\\\/\\\/www.musikzeitung.ch\\\/#organization\",\"name\":\"Schweizer Musikzeitung\",\"url\":\"https:\\\/\\\/www.musikzeitung.ch\\\/\",\"logo\":{\"@type\":\"ImageObject\",\"inLanguage\":\"en-US\",\"@id\":\"https:\\\/\\\/www.musikzeitung.ch\\\/#\\\/schema\\\/logo\\\/image\\\/\",\"url\":\"https:\\\/\\\/www.musikzeitung.ch\\\/wp-content\\\/uploads\\\/2023\\\/01\\\/SMZ_Schriftzug_Sprache.png\",\"contentUrl\":\"https:\\\/\\\/www.musikzeitung.ch\\\/wp-content\\\/uploads\\\/2023\\\/01\\\/SMZ_Schriftzug_Sprache.png\",\"width\":1400,\"height\":279,\"caption\":\"Schweizer Musikzeitung\"},\"image\":{\"@id\":\"https:\\\/\\\/www.musikzeitung.ch\\\/#\\\/schema\\\/logo\\\/image\\\/\"},\"sameAs\":[\"https:\\\/\\\/www.facebook.com\\\/SchweizerMusikzeitung\\\/\",\"https:\\\/\\\/x.com\\\/smusikzeitung\",\"https:\\\/\\\/www.instagram.com\\\/musikzeitung.ch\\\/\"]},{\"@type\":\"Person\",\"@id\":\"https:\\\/\\\/www.musikzeitung.ch\\\/#\\\/schema\\\/person\\\/dce7e5b820812d9af4db2f787d1bec92\",\"name\":\"Katrin Spelinova\",\"image\":{\"@type\":\"ImageObject\",\"inLanguage\":\"en-US\",\"@id\":\"https:\\\/\\\/secure.gravatar.com\\\/avatar\\\/2a2c2956e074ebca9bf65620496cd2e317d90b8c76450e9dd04d7cebf95eeada?s=96&d=mm&r=g\",\"url\":\"https:\\\/\\\/secure.gravatar.com\\\/avatar\\\/2a2c2956e074ebca9bf65620496cd2e317d90b8c76450e9dd04d7cebf95eeada?s=96&d=mm&r=g\",\"contentUrl\":\"https:\\\/\\\/secure.gravatar.com\\\/avatar\\\/2a2c2956e074ebca9bf65620496cd2e317d90b8c76450e9dd04d7cebf95eeada?s=96&d=mm&r=g\",\"caption\":\"Katrin Spelinova\"},\"sameAs\":[\"https:\\\/\\\/x.com\\\/testredaktor\"],\"url\":\"https:\\\/\\\/www.musikzeitung.ch\\\/en\\\/author\\\/spelkat\"}]}<\/script>\n<!-- \/ Yoast SEO plugin. -->","yoast_head_json":{"title":"Rachmaninoff in Lucerne - Swiss Music Journal","description":". With a special exhibition, the Hans Erni Museum in Lucerne offers visitors the opportunity to learn more about the artist and his era.","robots":{"index":"index","follow":"follow","max-snippet":"max-snippet:-1","max-image-preview":"max-image-preview:large","max-video-preview":"max-video-preview:-1"},"canonical":"https:\/\/www.musikzeitung.ch\/en\/berichte\/2023\/11\/rachmaninow-in-luzern\/","og_locale":"en_US","og_type":"article","og_title":"Rachmaninow in Luzern - Schweizer Musikzeitung","og_description":". Mit einer Sonderausstellung bietet das Hans-Erni-Museum in Luzern die Gelegenheit, sich dem K\u00fcnstler und seiner Zeit zu n\u00e4hern.","og_url":"https:\/\/www.musikzeitung.ch\/en\/berichte\/2023\/11\/rachmaninow-in-luzern\/","og_site_name":"Schweizer Musikzeitung","article_publisher":"https:\/\/www.facebook.com\/SchweizerMusikzeitung\/","article_published_time":"2023-11-08T14:42:21+00:00","article_modified_time":"2024-10-21T09:11:13+00:00","og_image":[{"width":1306,"height":1000,"url":"https:\/\/www.musikzeitung.ch\/wp-content\/uploads\/2023\/11\/Rachmaninow-am-Fluegel.jpg","type":"image\/jpeg"}],"author":"Katrin Spelinova","twitter_card":"summary_large_image","twitter_creator":"@testredaktor","twitter_site":"@smusikzeitung","twitter_misc":{"Written by":"Katrin Spelinova","Est. reading time":"5 minutes"},"schema":{"@context":"https:\/\/schema.org","@graph":[{"@type":"Article","@id":"https:\/\/www.musikzeitung.ch\/berichte\/2023\/11\/rachmaninow-in-luzern#article","isPartOf":{"@id":"https:\/\/www.musikzeitung.ch\/berichte\/2023\/11\/rachmaninow-in-luzern"},"author":{"name":"Katrin Spelinova","@id":"https:\/\/www.musikzeitung.ch\/#\/schema\/person\/dce7e5b820812d9af4db2f787d1bec92"},"headline":"Rachmaninow in Luzern","datePublished":"2023-11-08T14:42:21+00:00","dateModified":"2024-10-21T09:11:13+00:00","mainEntityOfPage":{"@id":"https:\/\/www.musikzeitung.ch\/berichte\/2023\/11\/rachmaninow-in-luzern"},"wordCount":705,"publisher":{"@id":"https:\/\/www.musikzeitung.ch\/#organization"},"image":{"@id":"https:\/\/www.musikzeitung.ch\/berichte\/2023\/11\/rachmaninow-in-luzern#primaryimage"},"thumbnailUrl":"https:\/\/www.musikzeitung.ch\/wp-content\/uploads\/2023\/11\/Rachmaninow-am-Fluegel.jpg","keywords":["Hans-Erni-Museum","Sergei Rachmaninow","Villa Senar"],"articleSection":["Ausstellungen","Berichte"],"inLanguage":"en-US"},{"@type":"WebPage","@id":"https:\/\/www.musikzeitung.ch\/berichte\/2023\/11\/rachmaninow-in-luzern","url":"https:\/\/www.musikzeitung.ch\/berichte\/2023\/11\/rachmaninow-in-luzern","name":"Rachmaninoff in Lucerne - Swiss Music Journal","isPartOf":{"@id":"https:\/\/www.musikzeitung.ch\/#website"},"primaryImageOfPage":{"@id":"https:\/\/www.musikzeitung.ch\/berichte\/2023\/11\/rachmaninow-in-luzern#primaryimage"},"image":{"@id":"https:\/\/www.musikzeitung.ch\/berichte\/2023\/11\/rachmaninow-in-luzern#primaryimage"},"thumbnailUrl":"https:\/\/www.musikzeitung.ch\/wp-content\/uploads\/2023\/11\/Rachmaninow-am-Fluegel.jpg","datePublished":"2023-11-08T14:42:21+00:00","dateModified":"2024-10-21T09:11:13+00:00","description":". With a special exhibition, the Hans Erni Museum in Lucerne offers visitors the opportunity to learn more about the artist and his era.","breadcrumb":{"@id":"https:\/\/www.musikzeitung.ch\/berichte\/2023\/11\/rachmaninow-in-luzern#breadcrumb"},"inLanguage":"en-US","potentialAction":[{"@type":"ReadAction","target":["https:\/\/www.musikzeitung.ch\/berichte\/2023\/11\/rachmaninow-in-luzern"]}]},{"@type":"ImageObject","inLanguage":"en-US","@id":"https:\/\/www.musikzeitung.ch\/berichte\/2023\/11\/rachmaninow-in-luzern#primaryimage","url":"https:\/\/www.musikzeitung.ch\/wp-content\/uploads\/2023\/11\/Rachmaninow-am-Fluegel.jpg","contentUrl":"https:\/\/www.musikzeitung.ch\/wp-content\/uploads\/2023\/11\/Rachmaninow-am-Fluegel.jpg","width":1306,"height":1000,"caption":"Rachmaninow am Fl\u00fcgel. Foto: Hans-Erni-Museum"},{"@type":"BreadcrumbList","@id":"https:\/\/www.musikzeitung.ch\/berichte\/2023\/11\/rachmaninow-in-luzern#breadcrumb","itemListElement":[{"@type":"ListItem","position":1,"name":"Home","item":"https:\/\/www.musikzeitung.ch\/"},{"@type":"ListItem","position":2,"name":"Rachmaninow in Luzern"}]},{"@type":"WebSite","@id":"https:\/\/www.musikzeitung.ch\/#website","url":"https:\/\/www.musikzeitung.ch\/","name":"Swiss Music Newspaper","description":"The leading interdisciplinary monthly newspaper in Switzerland for musical issues.","publisher":{"@id":"https:\/\/www.musikzeitung.ch\/#organization"},"potentialAction":[{"@type":"SearchAction","target":{"@type":"EntryPoint","urlTemplate":"https:\/\/www.musikzeitung.ch\/?s={search_term_string}"},"query-input":{"@type":"PropertyValueSpecification","valueRequired":true,"valueName":"search_term_string"}}],"inLanguage":"en-US"},{"@type":"Organization","@id":"https:\/\/www.musikzeitung.ch\/#organization","name":"Swiss Music Newspaper","url":"https:\/\/www.musikzeitung.ch\/","logo":{"@type":"ImageObject","inLanguage":"en-US","@id":"https:\/\/www.musikzeitung.ch\/#\/schema\/logo\/image\/","url":"https:\/\/www.musikzeitung.ch\/wp-content\/uploads\/2023\/01\/SMZ_Schriftzug_Sprache.png","contentUrl":"https:\/\/www.musikzeitung.ch\/wp-content\/uploads\/2023\/01\/SMZ_Schriftzug_Sprache.png","width":1400,"height":279,"caption":"Schweizer Musikzeitung"},"image":{"@id":"https:\/\/www.musikzeitung.ch\/#\/schema\/logo\/image\/"},"sameAs":["https:\/\/www.facebook.com\/SchweizerMusikzeitung\/","https:\/\/x.com\/smusikzeitung","https:\/\/www.instagram.com\/musikzeitung.ch\/"]},{"@type":"Person","@id":"https:\/\/www.musikzeitung.ch\/#\/schema\/person\/dce7e5b820812d9af4db2f787d1bec92","name":"Katrin Spelinova","image":{"@type":"ImageObject","inLanguage":"en-US","@id":"https:\/\/secure.gravatar.com\/avatar\/2a2c2956e074ebca9bf65620496cd2e317d90b8c76450e9dd04d7cebf95eeada?s=96&d=mm&r=g","url":"https:\/\/secure.gravatar.com\/avatar\/2a2c2956e074ebca9bf65620496cd2e317d90b8c76450e9dd04d7cebf95eeada?s=96&d=mm&r=g","contentUrl":"https:\/\/secure.gravatar.com\/avatar\/2a2c2956e074ebca9bf65620496cd2e317d90b8c76450e9dd04d7cebf95eeada?s=96&d=mm&r=g","caption":"Katrin Spelinova"},"sameAs":["https:\/\/x.com\/testredaktor"],"url":"https:\/\/www.musikzeitung.ch\/en\/author\/spelkat"}]}},"publishpress_future_workflow_manual_trigger":{"enabledWorkflows":[]},"_links":{"self":[{"href":"https:\/\/www.musikzeitung.ch\/en\/wp-json\/wp\/v2\/posts\/49124","targetHints":{"allow":["GET"]}}],"collection":[{"href":"https:\/\/www.musikzeitung.ch\/en\/wp-json\/wp\/v2\/posts"}],"about":[{"href":"https:\/\/www.musikzeitung.ch\/en\/wp-json\/wp\/v2\/types\/post"}],"author":[{"embeddable":true,"href":"https:\/\/www.musikzeitung.ch\/en\/wp-json\/wp\/v2\/users\/23"}],"replies":[{"embeddable":true,"href":"https:\/\/www.musikzeitung.ch\/en\/wp-json\/wp\/v2\/comments?post=49124"}],"version-history":[{"count":7,"href":"https:\/\/www.musikzeitung.ch\/en\/wp-json\/wp\/v2\/posts\/49124\/revisions"}],"predecessor-version":[{"id":49344,"href":"https:\/\/www.musikzeitung.ch\/en\/wp-json\/wp\/v2\/posts\/49124\/revisions\/49344"}],"wp:featuredmedia":[{"embeddable":true,"href":"https:\/\/www.musikzeitung.ch\/en\/wp-json\/wp\/v2\/media\/49132"}],"wp:attachment":[{"href":"https:\/\/www.musikzeitung.ch\/en\/wp-json\/wp\/v2\/media?parent=49124"}],"wp:term":[{"taxonomy":"category","embeddable":true,"href":"https:\/\/www.musikzeitung.ch\/en\/wp-json\/wp\/v2\/categories?post=49124"},{"taxonomy":"post_tag","embeddable":true,"href":"https:\/\/www.musikzeitung.ch\/en\/wp-json\/wp\/v2\/tags?post=49124"}],"curies":[{"name":"wp","href":"https:\/\/api.w.org\/{rel}","templated":true}]}}