{"id":49182,"date":"2023-11-10T07:25:33","date_gmt":"2023-11-10T06:25:33","guid":{"rendered":"https:\/\/www.musikzeitung.ch\/?p=49182"},"modified":"2023-11-10T07:26:15","modified_gmt":"2023-11-10T06:26:15","slug":"ivanova-gewinnerin-des-concours-de-geneve-2023","status":"publish","type":"post","link":"https:\/\/www.musikzeitung.ch\/en\/news\/2023\/11\/ivanova-gewinnerin-des-concours-de-geneve-2023","title":{"rendered":"Ivanova winner of the Concours de Gen\u00e8ve 2023"},"content":{"rendered":"<figure id=\"attachment_49183\" aria-describedby=\"caption-attachment-49183\" style=\"width: 569px\" class=\"wp-caption aligncenter\"><img loading=\"lazy\" decoding=\"async\" class=\"wp-image-49183\" src=\"https:\/\/www.musikzeitung.ch\/wp-content\/uploads\/2023\/11\/231110ivanova.jpg\" alt=\"\" width=\"569\" height=\"366\" srcset=\"https:\/\/www.musikzeitung.ch\/wp-content\/uploads\/2023\/11\/231110ivanova.jpg 1000w, https:\/\/www.musikzeitung.ch\/wp-content\/uploads\/2023\/11\/231110ivanova-300x193.jpg 300w, https:\/\/www.musikzeitung.ch\/wp-content\/uploads\/2023\/11\/231110ivanova-768x495.jpg 768w, https:\/\/www.musikzeitung.ch\/wp-content\/uploads\/2023\/11\/231110ivanova-272x175.jpg 272w, https:\/\/www.musikzeitung.ch\/wp-content\/uploads\/2023\/11\/231110ivanova-543x350.jpg 543w, https:\/\/www.musikzeitung.ch\/wp-content\/uploads\/2023\/11\/231110ivanova-920x592.jpg 920w\" sizes=\"auto, (max-width: 569px) 100vw, 569px\" \/><figcaption id=\"caption-attachment-49183\" class=\"wp-caption-text\">Elizaveta Ivanova (Image: CdG Youtube video still)<\/figcaption><\/figure>\n<p>Elizaveta Ivanova grew up in St. Petersburg, where she studied at the State Conservatory with Olga Chernyadeva. She then continued her studies with Felix Renggli at the Hochschule f\u00fcr Musik in Basel, where she graduated with a Master's degree in Special Performances in summer 2023. She has already excelled in numerous international competitions (Cluj, Crusell, Larrieu) and is a co-soloist in the Frankfurt Opera Orchestra, where she also lives.<\/p>\n<p>The Concours de Gen\u00e8ve offers a comprehensive career development program that provides support and advice to promote careers. In addition to the official prizes, the prizewinners benefit from two years of management by the concert agency Sartory Artists. The key to a series of performances that will enable them to take their first steps in Swiss and international concert halls.<\/p>","protected":false},"excerpt":{"rendered":"<p>Elizaveta Ivanova, a student of Felix Renggli's flute class in Basel, is the winner of the Concours de Gen\u00e8ve 2023 in the flute category. <\/p>","protected":false},"author":30,"featured_media":49183,"comment_status":"closed","ping_status":"closed","sticky":false,"template":"","format":"standard","meta":{"_acf_changed":false,"_relevanssi_hide_post":"","_relevanssi_hide_content":"","_relevanssi_pin_for_all":"","_relevanssi_pin_keywords":"","_relevanssi_unpin_keywords":"","_relevanssi_related_keywords":"","_relevanssi_related_include_ids":"","_relevanssi_related_exclude_ids":"","_relevanssi_related_no_append":"","_relevanssi_related_not_related":"","_relevanssi_related_posts":"","_relevanssi_noindex_reason":"","pgc_sgb_lightbox_settings":"","footnotes":""},"categories":[27],"tags":[3333,3334],"class_list":["post-49182","post","type-post","status-publish","format-standard","has-post-thumbnail","hentry","category-news","tag-concours-de-geneve","tag-elizaveta-ivanova"],"acf":[],"yoast_head":"<!-- This site is optimized with the Yoast SEO plugin v27.4 - https:\/\/yoast.com\/product\/yoast-seo-wordpress\/ -->\n<title>Ivanova Gewinnerin des Concours de Gen\u00e8ve 2023 - Schweizer Musikzeitung<\/title>\n<meta name=\"robots\" content=\"index, follow, max-snippet:-1, max-image-preview:large, max-video-preview:-1\" \/>\n<link rel=\"canonical\" href=\"https:\/\/www.musikzeitung.ch\/en\/news\/2023\/11\/ivanova-gewinnerin-des-concours-de-geneve-2023\/\" \/>\n<meta property=\"og:locale\" content=\"en_US\" \/>\n<meta property=\"og:type\" content=\"article\" \/>\n<meta property=\"og:title\" content=\"Ivanova Gewinnerin des Concours de Gen\u00e8ve 2023 - Schweizer Musikzeitung\" \/>\n<meta property=\"og:description\" content=\"Elizaveta Ivanova, eine Studierende der Basler Fl\u00f6tenklassse von Felix Renggli, ist in der Kategorie Fl\u00f6te Gewinnerin des Concours de Gen\u00e8ve 2023.\" \/>\n<meta property=\"og:url\" content=\"https:\/\/www.musikzeitung.ch\/en\/news\/2023\/11\/ivanova-gewinnerin-des-concours-de-geneve-2023\/\" \/>\n<meta property=\"og:site_name\" content=\"Schweizer Musikzeitung\" \/>\n<meta property=\"article:publisher\" content=\"https:\/\/www.facebook.com\/SchweizerMusikzeitung\/\" \/>\n<meta property=\"article:author\" content=\"https:\/\/www.facebook.com\/wolfgang.bohler.75\" \/>\n<meta property=\"article:published_time\" content=\"2023-11-10T06:25:33+00:00\" \/>\n<meta property=\"article:modified_time\" content=\"2023-11-10T06:26:15+00:00\" \/>\n<meta property=\"og:image\" content=\"https:\/\/www.musikzeitung.ch\/wp-content\/uploads\/2023\/11\/231110ivanova.jpg\" \/>\n\t<meta property=\"og:image:width\" content=\"1000\" \/>\n\t<meta property=\"og:image:height\" content=\"644\" \/>\n\t<meta property=\"og:image:type\" content=\"image\/jpeg\" \/>\n<meta name=\"author\" content=\"Wolfgang B\u00f6hler\" \/>\n<meta name=\"twitter:card\" content=\"summary_large_image\" \/>\n<meta name=\"twitter:creator\" content=\"@smusikzeitung\" \/>\n<meta name=\"twitter:site\" content=\"@smusikzeitung\" \/>\n<meta name=\"twitter:label1\" content=\"Written by\" \/>\n\t<meta name=\"twitter:data1\" content=\"Wolfgang B\u00f6hler\" \/>\n\t<meta name=\"twitter:label2\" content=\"Est. reading time\" \/>\n\t<meta name=\"twitter:data2\" content=\"1 minute\" \/>\n<script type=\"application\/ld+json\" class=\"yoast-schema-graph\">{\"@context\":\"https:\\\/\\\/schema.org\",\"@graph\":[{\"@type\":\"Article\",\"@id\":\"https:\\\/\\\/www.musikzeitung.ch\\\/news\\\/2023\\\/11\\\/ivanova-gewinnerin-des-concours-de-geneve-2023#article\",\"isPartOf\":{\"@id\":\"https:\\\/\\\/www.musikzeitung.ch\\\/news\\\/2023\\\/11\\\/ivanova-gewinnerin-des-concours-de-geneve-2023\"},\"author\":{\"name\":\"Wolfgang B\u00f6hler\",\"@id\":\"https:\\\/\\\/www.musikzeitung.ch\\\/#\\\/schema\\\/person\\\/0da4fb82d243f1252850a35d0e87cf0c\"},\"headline\":\"Ivanova Gewinnerin des Concours de Gen\u00e8ve 2023\",\"datePublished\":\"2023-11-10T06:25:33+00:00\",\"dateModified\":\"2023-11-10T06:26:15+00:00\",\"mainEntityOfPage\":{\"@id\":\"https:\\\/\\\/www.musikzeitung.ch\\\/news\\\/2023\\\/11\\\/ivanova-gewinnerin-des-concours-de-geneve-2023\"},\"wordCount\":155,\"publisher\":{\"@id\":\"https:\\\/\\\/www.musikzeitung.ch\\\/#organization\"},\"image\":{\"@id\":\"https:\\\/\\\/www.musikzeitung.ch\\\/news\\\/2023\\\/11\\\/ivanova-gewinnerin-des-concours-de-geneve-2023#primaryimage\"},\"thumbnailUrl\":\"https:\\\/\\\/www.musikzeitung.ch\\\/wp-content\\\/uploads\\\/2023\\\/11\\\/231110ivanova.jpg\",\"keywords\":[\"Concours de Gen\u00e8ve\",\"Elizaveta Ivanova\"],\"articleSection\":[\"News\"],\"inLanguage\":\"en-US\"},{\"@type\":\"WebPage\",\"@id\":\"https:\\\/\\\/www.musikzeitung.ch\\\/news\\\/2023\\\/11\\\/ivanova-gewinnerin-des-concours-de-geneve-2023\",\"url\":\"https:\\\/\\\/www.musikzeitung.ch\\\/news\\\/2023\\\/11\\\/ivanova-gewinnerin-des-concours-de-geneve-2023\",\"name\":\"Ivanova Gewinnerin des Concours de Gen\u00e8ve 2023 - Schweizer Musikzeitung\",\"isPartOf\":{\"@id\":\"https:\\\/\\\/www.musikzeitung.ch\\\/#website\"},\"primaryImageOfPage\":{\"@id\":\"https:\\\/\\\/www.musikzeitung.ch\\\/news\\\/2023\\\/11\\\/ivanova-gewinnerin-des-concours-de-geneve-2023#primaryimage\"},\"image\":{\"@id\":\"https:\\\/\\\/www.musikzeitung.ch\\\/news\\\/2023\\\/11\\\/ivanova-gewinnerin-des-concours-de-geneve-2023#primaryimage\"},\"thumbnailUrl\":\"https:\\\/\\\/www.musikzeitung.ch\\\/wp-content\\\/uploads\\\/2023\\\/11\\\/231110ivanova.jpg\",\"datePublished\":\"2023-11-10T06:25:33+00:00\",\"dateModified\":\"2023-11-10T06:26:15+00:00\",\"breadcrumb\":{\"@id\":\"https:\\\/\\\/www.musikzeitung.ch\\\/news\\\/2023\\\/11\\\/ivanova-gewinnerin-des-concours-de-geneve-2023#breadcrumb\"},\"inLanguage\":\"en-US\",\"potentialAction\":[{\"@type\":\"ReadAction\",\"target\":[\"https:\\\/\\\/www.musikzeitung.ch\\\/news\\\/2023\\\/11\\\/ivanova-gewinnerin-des-concours-de-geneve-2023\"]}]},{\"@type\":\"ImageObject\",\"inLanguage\":\"en-US\",\"@id\":\"https:\\\/\\\/www.musikzeitung.ch\\\/news\\\/2023\\\/11\\\/ivanova-gewinnerin-des-concours-de-geneve-2023#primaryimage\",\"url\":\"https:\\\/\\\/www.musikzeitung.ch\\\/wp-content\\\/uploads\\\/2023\\\/11\\\/231110ivanova.jpg\",\"contentUrl\":\"https:\\\/\\\/www.musikzeitung.ch\\\/wp-content\\\/uploads\\\/2023\\\/11\\\/231110ivanova.jpg\",\"width\":1000,\"height\":644,\"caption\":\"Elizaveta Ivanova (Bild: CdG Youtube-Videostill)\"},{\"@type\":\"BreadcrumbList\",\"@id\":\"https:\\\/\\\/www.musikzeitung.ch\\\/news\\\/2023\\\/11\\\/ivanova-gewinnerin-des-concours-de-geneve-2023#breadcrumb\",\"itemListElement\":[{\"@type\":\"ListItem\",\"position\":1,\"name\":\"Home\",\"item\":\"https:\\\/\\\/www.musikzeitung.ch\\\/\"},{\"@type\":\"ListItem\",\"position\":2,\"name\":\"Ivanova Gewinnerin des Concours de Gen\u00e8ve 2023\"}]},{\"@type\":\"WebSite\",\"@id\":\"https:\\\/\\\/www.musikzeitung.ch\\\/#website\",\"url\":\"https:\\\/\\\/www.musikzeitung.ch\\\/\",\"name\":\"Schweizer Musikzeitung\",\"description\":\"Die f\u00fchrende sparten\u00fcbergreifende Monatszeitung in der Schweiz f\u00fcr musikalische Fragen.\",\"publisher\":{\"@id\":\"https:\\\/\\\/www.musikzeitung.ch\\\/#organization\"},\"potentialAction\":[{\"@type\":\"SearchAction\",\"target\":{\"@type\":\"EntryPoint\",\"urlTemplate\":\"https:\\\/\\\/www.musikzeitung.ch\\\/?s={search_term_string}\"},\"query-input\":{\"@type\":\"PropertyValueSpecification\",\"valueRequired\":true,\"valueName\":\"search_term_string\"}}],\"inLanguage\":\"en-US\"},{\"@type\":\"Organization\",\"@id\":\"https:\\\/\\\/www.musikzeitung.ch\\\/#organization\",\"name\":\"Schweizer Musikzeitung\",\"url\":\"https:\\\/\\\/www.musikzeitung.ch\\\/\",\"logo\":{\"@type\":\"ImageObject\",\"inLanguage\":\"en-US\",\"@id\":\"https:\\\/\\\/www.musikzeitung.ch\\\/#\\\/schema\\\/logo\\\/image\\\/\",\"url\":\"https:\\\/\\\/www.musikzeitung.ch\\\/wp-content\\\/uploads\\\/2023\\\/01\\\/SMZ_Schriftzug_Sprache.png\",\"contentUrl\":\"https:\\\/\\\/www.musikzeitung.ch\\\/wp-content\\\/uploads\\\/2023\\\/01\\\/SMZ_Schriftzug_Sprache.png\",\"width\":1400,\"height\":279,\"caption\":\"Schweizer Musikzeitung\"},\"image\":{\"@id\":\"https:\\\/\\\/www.musikzeitung.ch\\\/#\\\/schema\\\/logo\\\/image\\\/\"},\"sameAs\":[\"https:\\\/\\\/www.facebook.com\\\/SchweizerMusikzeitung\\\/\",\"https:\\\/\\\/x.com\\\/smusikzeitung\",\"https:\\\/\\\/www.instagram.com\\\/musikzeitung.ch\\\/\"]},{\"@type\":\"Person\",\"@id\":\"https:\\\/\\\/www.musikzeitung.ch\\\/#\\\/schema\\\/person\\\/0da4fb82d243f1252850a35d0e87cf0c\",\"name\":\"Wolfgang B\u00f6hler\",\"image\":{\"@type\":\"ImageObject\",\"inLanguage\":\"en-US\",\"@id\":\"https:\\\/\\\/www.musikzeitung.ch\\\/wp-content\\\/uploads\\\/2023\\\/01\\\/boehler_portraet_web-e1674139782246-96x96.jpg\",\"url\":\"https:\\\/\\\/www.musikzeitung.ch\\\/wp-content\\\/uploads\\\/2023\\\/01\\\/boehler_portraet_web-e1674139782246-96x96.jpg\",\"contentUrl\":\"https:\\\/\\\/www.musikzeitung.ch\\\/wp-content\\\/uploads\\\/2023\\\/01\\\/boehler_portraet_web-e1674139782246-96x96.jpg\",\"caption\":\"Wolfgang B\u00f6hler\"},\"sameAs\":[\"http:\\\/\\\/www.manacanto.ch\",\"https:\\\/\\\/www.facebook.com\\\/wolfgang.bohler.75\"],\"url\":\"https:\\\/\\\/www.musikzeitung.ch\\\/en\\\/author\\\/wolfgang-boehler\"}]}<\/script>\n<!-- \/ Yoast SEO plugin. -->","yoast_head_json":{"title":"Ivanova winner of the Concours de Gen\u00e8ve 2023 - Schweizer Musikzeitung","robots":{"index":"index","follow":"follow","max-snippet":"max-snippet:-1","max-image-preview":"max-image-preview:large","max-video-preview":"max-video-preview:-1"},"canonical":"https:\/\/www.musikzeitung.ch\/en\/news\/2023\/11\/ivanova-gewinnerin-des-concours-de-geneve-2023\/","og_locale":"en_US","og_type":"article","og_title":"Ivanova Gewinnerin des Concours de Gen\u00e8ve 2023 - Schweizer Musikzeitung","og_description":"Elizaveta Ivanova, eine Studierende der Basler Fl\u00f6tenklassse von Felix Renggli, ist in der Kategorie Fl\u00f6te Gewinnerin des Concours de Gen\u00e8ve 2023.","og_url":"https:\/\/www.musikzeitung.ch\/en\/news\/2023\/11\/ivanova-gewinnerin-des-concours-de-geneve-2023\/","og_site_name":"Schweizer Musikzeitung","article_publisher":"https:\/\/www.facebook.com\/SchweizerMusikzeitung\/","article_author":"https:\/\/www.facebook.com\/wolfgang.bohler.75","article_published_time":"2023-11-10T06:25:33+00:00","article_modified_time":"2023-11-10T06:26:15+00:00","og_image":[{"width":1000,"height":644,"url":"https:\/\/www.musikzeitung.ch\/wp-content\/uploads\/2023\/11\/231110ivanova.jpg","type":"image\/jpeg"}],"author":"Wolfgang B\u00f6hler","twitter_card":"summary_large_image","twitter_creator":"@smusikzeitung","twitter_site":"@smusikzeitung","twitter_misc":{"Written by":"Wolfgang B\u00f6hler","Est. reading time":"1 minute"},"schema":{"@context":"https:\/\/schema.org","@graph":[{"@type":"Article","@id":"https:\/\/www.musikzeitung.ch\/news\/2023\/11\/ivanova-gewinnerin-des-concours-de-geneve-2023#article","isPartOf":{"@id":"https:\/\/www.musikzeitung.ch\/news\/2023\/11\/ivanova-gewinnerin-des-concours-de-geneve-2023"},"author":{"name":"Wolfgang B\u00f6hler","@id":"https:\/\/www.musikzeitung.ch\/#\/schema\/person\/0da4fb82d243f1252850a35d0e87cf0c"},"headline":"Ivanova Gewinnerin des Concours de Gen\u00e8ve 2023","datePublished":"2023-11-10T06:25:33+00:00","dateModified":"2023-11-10T06:26:15+00:00","mainEntityOfPage":{"@id":"https:\/\/www.musikzeitung.ch\/news\/2023\/11\/ivanova-gewinnerin-des-concours-de-geneve-2023"},"wordCount":155,"publisher":{"@id":"https:\/\/www.musikzeitung.ch\/#organization"},"image":{"@id":"https:\/\/www.musikzeitung.ch\/news\/2023\/11\/ivanova-gewinnerin-des-concours-de-geneve-2023#primaryimage"},"thumbnailUrl":"https:\/\/www.musikzeitung.ch\/wp-content\/uploads\/2023\/11\/231110ivanova.jpg","keywords":["Concours de Gen\u00e8ve","Elizaveta Ivanova"],"articleSection":["News"],"inLanguage":"en-US"},{"@type":"WebPage","@id":"https:\/\/www.musikzeitung.ch\/news\/2023\/11\/ivanova-gewinnerin-des-concours-de-geneve-2023","url":"https:\/\/www.musikzeitung.ch\/news\/2023\/11\/ivanova-gewinnerin-des-concours-de-geneve-2023","name":"Ivanova winner of the Concours de Gen\u00e8ve 2023 - Schweizer Musikzeitung","isPartOf":{"@id":"https:\/\/www.musikzeitung.ch\/#website"},"primaryImageOfPage":{"@id":"https:\/\/www.musikzeitung.ch\/news\/2023\/11\/ivanova-gewinnerin-des-concours-de-geneve-2023#primaryimage"},"image":{"@id":"https:\/\/www.musikzeitung.ch\/news\/2023\/11\/ivanova-gewinnerin-des-concours-de-geneve-2023#primaryimage"},"thumbnailUrl":"https:\/\/www.musikzeitung.ch\/wp-content\/uploads\/2023\/11\/231110ivanova.jpg","datePublished":"2023-11-10T06:25:33+00:00","dateModified":"2023-11-10T06:26:15+00:00","breadcrumb":{"@id":"https:\/\/www.musikzeitung.ch\/news\/2023\/11\/ivanova-gewinnerin-des-concours-de-geneve-2023#breadcrumb"},"inLanguage":"en-US","potentialAction":[{"@type":"ReadAction","target":["https:\/\/www.musikzeitung.ch\/news\/2023\/11\/ivanova-gewinnerin-des-concours-de-geneve-2023"]}]},{"@type":"ImageObject","inLanguage":"en-US","@id":"https:\/\/www.musikzeitung.ch\/news\/2023\/11\/ivanova-gewinnerin-des-concours-de-geneve-2023#primaryimage","url":"https:\/\/www.musikzeitung.ch\/wp-content\/uploads\/2023\/11\/231110ivanova.jpg","contentUrl":"https:\/\/www.musikzeitung.ch\/wp-content\/uploads\/2023\/11\/231110ivanova.jpg","width":1000,"height":644,"caption":"Elizaveta Ivanova (Bild: CdG Youtube-Videostill)"},{"@type":"BreadcrumbList","@id":"https:\/\/www.musikzeitung.ch\/news\/2023\/11\/ivanova-gewinnerin-des-concours-de-geneve-2023#breadcrumb","itemListElement":[{"@type":"ListItem","position":1,"name":"Home","item":"https:\/\/www.musikzeitung.ch\/"},{"@type":"ListItem","position":2,"name":"Ivanova Gewinnerin des Concours de Gen\u00e8ve 2023"}]},{"@type":"WebSite","@id":"https:\/\/www.musikzeitung.ch\/#website","url":"https:\/\/www.musikzeitung.ch\/","name":"Swiss Music Newspaper","description":"The leading interdisciplinary monthly newspaper in Switzerland for musical issues.","publisher":{"@id":"https:\/\/www.musikzeitung.ch\/#organization"},"potentialAction":[{"@type":"SearchAction","target":{"@type":"EntryPoint","urlTemplate":"https:\/\/www.musikzeitung.ch\/?s={search_term_string}"},"query-input":{"@type":"PropertyValueSpecification","valueRequired":true,"valueName":"search_term_string"}}],"inLanguage":"en-US"},{"@type":"Organization","@id":"https:\/\/www.musikzeitung.ch\/#organization","name":"Swiss Music Newspaper","url":"https:\/\/www.musikzeitung.ch\/","logo":{"@type":"ImageObject","inLanguage":"en-US","@id":"https:\/\/www.musikzeitung.ch\/#\/schema\/logo\/image\/","url":"https:\/\/www.musikzeitung.ch\/wp-content\/uploads\/2023\/01\/SMZ_Schriftzug_Sprache.png","contentUrl":"https:\/\/www.musikzeitung.ch\/wp-content\/uploads\/2023\/01\/SMZ_Schriftzug_Sprache.png","width":1400,"height":279,"caption":"Schweizer Musikzeitung"},"image":{"@id":"https:\/\/www.musikzeitung.ch\/#\/schema\/logo\/image\/"},"sameAs":["https:\/\/www.facebook.com\/SchweizerMusikzeitung\/","https:\/\/x.com\/smusikzeitung","https:\/\/www.instagram.com\/musikzeitung.ch\/"]},{"@type":"Person","@id":"https:\/\/www.musikzeitung.ch\/#\/schema\/person\/0da4fb82d243f1252850a35d0e87cf0c","name":"Wolfgang B\u00f6hler","image":{"@type":"ImageObject","inLanguage":"en-US","@id":"https:\/\/www.musikzeitung.ch\/wp-content\/uploads\/2023\/01\/boehler_portraet_web-e1674139782246-96x96.jpg","url":"https:\/\/www.musikzeitung.ch\/wp-content\/uploads\/2023\/01\/boehler_portraet_web-e1674139782246-96x96.jpg","contentUrl":"https:\/\/www.musikzeitung.ch\/wp-content\/uploads\/2023\/01\/boehler_portraet_web-e1674139782246-96x96.jpg","caption":"Wolfgang B\u00f6hler"},"sameAs":["http:\/\/www.manacanto.ch","https:\/\/www.facebook.com\/wolfgang.bohler.75"],"url":"https:\/\/www.musikzeitung.ch\/en\/author\/wolfgang-boehler"}]}},"publishpress_future_workflow_manual_trigger":{"enabledWorkflows":[]},"_links":{"self":[{"href":"https:\/\/www.musikzeitung.ch\/en\/wp-json\/wp\/v2\/posts\/49182","targetHints":{"allow":["GET"]}}],"collection":[{"href":"https:\/\/www.musikzeitung.ch\/en\/wp-json\/wp\/v2\/posts"}],"about":[{"href":"https:\/\/www.musikzeitung.ch\/en\/wp-json\/wp\/v2\/types\/post"}],"author":[{"embeddable":true,"href":"https:\/\/www.musikzeitung.ch\/en\/wp-json\/wp\/v2\/users\/30"}],"replies":[{"embeddable":true,"href":"https:\/\/www.musikzeitung.ch\/en\/wp-json\/wp\/v2\/comments?post=49182"}],"version-history":[{"count":2,"href":"https:\/\/www.musikzeitung.ch\/en\/wp-json\/wp\/v2\/posts\/49182\/revisions"}],"predecessor-version":[{"id":49185,"href":"https:\/\/www.musikzeitung.ch\/en\/wp-json\/wp\/v2\/posts\/49182\/revisions\/49185"}],"wp:featuredmedia":[{"embeddable":true,"href":"https:\/\/www.musikzeitung.ch\/en\/wp-json\/wp\/v2\/media\/49183"}],"wp:attachment":[{"href":"https:\/\/www.musikzeitung.ch\/en\/wp-json\/wp\/v2\/media?parent=49182"}],"wp:term":[{"taxonomy":"category","embeddable":true,"href":"https:\/\/www.musikzeitung.ch\/en\/wp-json\/wp\/v2\/categories?post=49182"},{"taxonomy":"post_tag","embeddable":true,"href":"https:\/\/www.musikzeitung.ch\/en\/wp-json\/wp\/v2\/tags?post=49182"}],"curies":[{"name":"wp","href":"https:\/\/api.w.org\/{rel}","templated":true}]}}